{"id":148763,"date":"2024-02-29T19:07:52","date_gmt":"2024-02-29T18:07:52","guid":{"rendered":"https:\/\/www.bellunopress.it\/?p=148763"},"modified":"2024-02-29T19:07:52","modified_gmt":"2024-02-29T18:07:52","slug":"belluno-citta-olimpica-lassessore-mazzoccoli-risponde-alle-consigliere-bettiol-e-cassol","status":"publish","type":"post","link":"https:\/\/www.bellunopress.it\/fr\/2024\/02\/29\/belluno-citta-olimpica-lassessore-mazzoccoli-risponde-alle-consigliere-bettiol-e-cassol\/","title":{"rendered":"Belluno citt\u00e0 olimpica. L&#8217;assessore Mazzoccoli risponde alle consigliere Bettiol e Cassol"},"content":{"rendered":"<figure id=\"attachment_137995\" aria-describedby=\"caption-attachment-137995\" style=\"width: 1000px\" class=\"wp-caption alignleft\"><img loading=\"lazy\" decoding=\"async\" class=\"size-full wp-image-137995\" src=\"https:\/\/www.bellunopress.it\/wp-content\/uploads\/2022\/11\/Monica-Mazzoccoli_edited.jpg\" alt=\"\" width=\"1000\" height=\"791\" srcset=\"https:\/\/www.bellunopress.it\/wp-content\/uploads\/2022\/11\/Monica-Mazzoccoli_edited.jpg 1000w, https:\/\/www.bellunopress.it\/wp-content\/uploads\/2022\/11\/Monica-Mazzoccoli_edited-500x396.jpg 500w, https:\/\/www.bellunopress.it\/wp-content\/uploads\/2022\/11\/Monica-Mazzoccoli_edited-696x551.jpg 696w, https:\/\/www.bellunopress.it\/wp-content\/uploads\/2022\/11\/Monica-Mazzoccoli_edited-531x420.jpg 531w\" sizes=\"auto, (max-width: 1000px) 100vw, 1000px\" \/><figcaption id=\"caption-attachment-137995\" class=\"wp-caption-text\">Monica Mazzoccoli, assessore allo Sport del Comune di Belluno<\/figcaption><\/figure>\n<p>\u201cLe interlocuzioni con Fondazione Cortina, Fondazione Milano Cortina, Confindustria Belluno Dolomiti e altri soggetti portatori d\u2019interesse hanno preso il via fin dal primo giorno di insediamento e da allora sono state continue. L\u2019obiettivo che stiamo realizzando \u00e8 quello di tessere una rete per lavorare insieme ponendo il Comune capoluogo come collettore di un programma di iniziative. Contestiamo in toto le ingenerose affermazioni sentite e lette nei giorni scorsi perch\u00e9 le attivit\u00e0 svolte e in svolgimento sono molteplici e nell\u2019incubatrice ci sono ulteriori altre idee e iniziative che vedranno la luce da qui al 2026. Tanto per cominciare, Belluno \u00e8 stata la 1a citt\u00e0 di una staffetta che si \u00e8 conclusa nel mese di luglio 2023 a Milano\u201d.<\/p>\n<p>Sono le parole con cui l\u2019assessore allo sport e alle Olimpiadi Monica Mazzoccoli ha risposto oggi, in sede di riunione del Consiglio comunale, all\u2019interrogazione a tema Olimpiadi a firma delle consigliere Claudia Bettiol e Maria Teresa Cassol del Partito Democratico.<\/p>\n<p>Diverse azioni sono gi\u00e0 state realizzate, molte partiranno a breve e altre ancora sono in fase di studio e di progettazione. Mazzoccoli nella sua risposta ha elencato tutti i progetti ideati dal Comune o nei quali l\u2019Amministrazione \u00e8 coinvolta come partner.<\/p>\n<p>\u201cBelluno \u00e8 stata la 1a tappa della staffetta del viaggio della fiaccola olimpica, organizzata dall\u2019ANAOAI &#8211; Associazione Nazionale Atleti Olimpici Azzurri d\u2019Italia, che ha preso il via a Cortina per arrivare a Milano \u2013 spiega Mazzoccoli -. Il Sindaco ha effettuato l\u2019ultimo tratto del percorso, prima dello stop in Piazza Duomo, portando la fiaccola insieme al compianto generale Cappello (102 anni), ovvero colui che diede il via alle Olimpiadi di Cortina del \u201856\u201d.<br \/>\nNella stessa giornata presso Palazzo Bembo \u00e8 stata ospitata, insieme a Confidustria Belluno Dolomiti, la campionessa olimpica Novella Calligaris per una conferenza sui valori dello sport.<\/p>\n<p><strong>IL TAVOLO<\/strong><br \/>\nBelluno, in quanto Comune capoluogo, ha voluto per prima istituire un tavolo di coordinamento al quale presentare idee e dove avviare un confronto in vista di un calendario coordinato di iniziative. Gli incontri si sono sempre svolti in municipio, finora se ne sono tenuti due e il terzo \u00e8 calendarizzato per il prossimo 5 marzo.<\/p>\n<p><strong>I TALK<\/strong><br \/>\n\u201cNel luglio e nell\u2019ottobre 2023 al Teatro Buzzati e a Palazzo Bembo si sono tenuti due convegni aperti a tutti \u2013 prosegue Mazzoccoli -. nei quali il tema delle Olimpiadi e delle Paralimpiadi \u00e8 stato declinato con affondo sul turismo e sull\u2019inclusivit\u00e0\u201d.<\/p>\n<p><strong>LA MOSTRA<\/strong><br \/>\nIn ottobre 2023 \u00e8 stata inaugurata a Palazzo Bembo la mostra \u201cCampioni Paralimpici sul podio\u201d. L\u2019iniziativa era rivolta principalmente al mondo della scuola, ma fruibile a tutta la cittadinanza. L\u2019esposizione consisteva in foto e video di campioni e podi olimpici e paralimpici degli anni passati. Realizzazione pannelli fotografici e video a cura della FICTS \u2013 Federazione Internazionale Cinema e Televisione Sportivi.<\/p>\n<p><strong>INIZIATIVE NELLE SCUOLE<\/strong><br \/>\n\u201cCome sappiamo la programmazione scolastica viene elaborata con molti mesi di anticipo \u2013 prosegue Mazzoccoli -. Le attivit\u00e0 che proponiamo hanno come finalit\u00e0 la diffusione della cultura dello sport declinata sul mondo olimpico e paralimpico. E&#8217; stata aperta un\u2019 interlocuzione positiva con alcuni istituti superiori della citt\u00e0, siamo nello step di presentazione progetto\u201d.<br \/>\nTra le iniziative rivolte agli studenti, anche una serie di incontri con atleti olimpici e paralimpici per parlare di sport e per educare attraverso modelli positivi e sani. L\u2019iniziativa sar\u00e0 condotta in collaborazione e con il supporto di Fondazione Cortina.<\/p>\n<p><strong>INIZIATIVE E INTERLOCUZIONI<\/strong><br \/>\n\u201cE\u2019 in corso un\u2019interlocuzione con l\u2019Universit\u00e0 di Padova, in particolare col Dipartimento di Neuroscienze, per un progetto riguardante un centro nazionale di ricerca e avviamento allo sport per persone e atleti portatori di disabilit\u00e0 \u2013 le parole di Mazzoccoli -. La presenza dell\u2019Universit\u00e0 patavina darebbe lustro e vanto al programma di iniziative, poich\u00e9 si tratta di un ente con alle spalle 800 anni di storia nella formazione ad alto livello e nella specializzazione, a livello nazionale ma anche europeo.<br \/>\nNon solo, \u00e8 in corso d\u2019opera l\u2019organizzazione della Giornata Nazionale dello Sport, istituita dal Consiglio dei Ministri nel 2003 in collaborazione con CONI Belluno e con Fondazione Cortina, e il tema di quest\u2019anno sar\u00e0 incentrato sulle Olimpiadi e le Paralimpiadi.<br \/>\nStiamo inoltre portando avanti contatti con l\u2019organizzazione SPECIAL OLIMPICS per eventi sia estivi che invernali in varie location, tra le quali probabilmente anche il Nevegal. Sono eventi che solitamente coinvolgono le scuole (e non solo) e sono volti ad affrontare il tema della disabilit\u00e0, per insegnare ai ragazzi a rapportarsi in modo diretto fornendo, per esempio, assistenza durante le attivit\u00e0 sportive\u201d.<\/p>\n<p><strong>I LOGHI<\/strong><br \/>\nIn merito all\u2019utilizzo dei loghi delle Olimpiadi e delle Paralimpiadi, la risposta dell\u2019assessore ha posto anche qui l\u2019attenzione sul dialogo e sul confronto aperti da mesi con le Fondazioni. \u201cFino ad oggi l\u2019utilizzo dei loghi \u00e8 stato ad uso esclusivo delle localit\u00e0 teatro di gare \u2013 spiega Mazzoccoli -, e la normativa in questo senso \u00e8 molto stringente. Si \u00e8 insediato gi\u00e0 da tempo un gruppo di lavoro tra i capoluoghi di provincia Belluno, Trento, Bolzano e Sondrio e una delle tematiche affrontate \u00e8 proprio l\u2019utilizzo dei loghi olimpici. Proprio la prossima settimana ci sar\u00e0 un incontro on line dal quale speriamo di chiarire meglio il quadro\u201d.<\/p>\n<p>\u201cL\u2019attivit\u00e0 di promozione della nostra citt\u00e0 attraverso lo sport consiste anche nel tenere vivi i contatti con varie Federazioni \u2013 conclude l\u2019assessore -. Questo lavoro ci ha consentito di aggiudicarci con la FIB il Campionato Nazionale di Petanque, in calendario per il prossimo luglio. L\u2019evento porter\u00e0 a Belluno oltre 100 atleti, con le rispettive famiglie, per un intero weekend. Una pi\u00f9 che buona occasione di visibilit\u00e0 per la nostra citt\u00e0.<br \/>\nInfine, per quanto riguarda i progetti infrastrutturali, questi non sono di diretta competenza comunale tuttavia siamo certi che avranno ricadute positive indirette come, per esempio, l\u2019alleggerimento del traffico veicolare\u201d.<\/p>\n<p>&nbsp;<\/p>","protected":false},"excerpt":{"rendered":"<p>\u201cLe interlocuzioni con Fondazione Cortina, Fondazione Milano Cortina, Confindustria Belluno Dolomiti e altri soggetti portatori d\u2019interesse hanno preso il via fin dal primo giorno di insediamento e da allora sono state continue. L\u2019obiettivo che stiamo realizzando \u00e8 quello di tessere una rete per lavorare insieme ponendo il Comune capoluogo come collettore di un programma di [&hellip;]<\/p>\n","protected":false},"author":2,"featured_media":137995,"comment_status":"closed","ping_status":"open","sticky":false,"template":"","format":"standard","meta":{"footnotes":""},"categories":[5,26],"tags":[],"class_list":["post-148763","post","type-post","status-publish","format-standard","has-post-thumbnail","category-cronaca","category-prima-pagina"],"yoast_head":"<!-- This site is optimized with the Yoast SEO plugin v28.4 - https:\/\/yoast.com\/product\/yoast-seo-wordpress\/ -->\n<title>Belluno citt\u00e0 olimpica. L&#039;assessore Mazzoccoli risponde alle consigliere Bettiol e Cassol - Bellunopress - Dolomiti<\/title>\n<meta name=\"robots\" content=\"index, follow, max-snippet:-1, max-image-preview:large, max-video-preview:-1\" \/>\n<link rel=\"canonical\" href=\"https:\/\/www.bellunopress.it\/fr\/2024\/02\/29\/belluno-citta-olimpica-lassessore-mazzoccoli-risponde-alle-consigliere-bettiol-e-cassol\/\" \/>\n<meta property=\"og:locale\" content=\"fr_FR\" \/>\n<meta property=\"og:type\" content=\"article\" \/>\n<meta property=\"og:title\" content=\"Belluno citt\u00e0 olimpica. L&#039;assessore Mazzoccoli risponde alle consigliere Bettiol e Cassol - Bellunopress - Dolomiti\" \/>\n<meta property=\"og:description\" content=\"\u201cLe interlocuzioni con Fondazione Cortina, Fondazione Milano Cortina, Confindustria Belluno Dolomiti e altri soggetti portatori d\u2019interesse hanno preso il via fin dal primo giorno di insediamento e da allora sono state continue. L\u2019obiettivo che stiamo realizzando \u00e8 quello di tessere una rete per lavorare insieme ponendo il Comune capoluogo come collettore di un programma di [&hellip;]\" \/>\n<meta property=\"og:url\" content=\"https:\/\/www.bellunopress.it\/fr\/2024\/02\/29\/belluno-citta-olimpica-lassessore-mazzoccoli-risponde-alle-consigliere-bettiol-e-cassol\/\" \/>\n<meta property=\"og:site_name\" content=\"Bellunopress - Dolomiti\" \/>\n<meta property=\"article:publisher\" content=\"https:\/\/www.facebook.com\/profile.php?id=100008943462799\" \/>\n<meta property=\"article:published_time\" content=\"2024-02-29T18:07:52+00:00\" \/>\n<meta property=\"og:image\" content=\"https:\/\/www.bellunopress.it\/wp-content\/uploads\/2022\/11\/Monica-Mazzoccoli_edited.jpg\" \/>\n\t<meta property=\"og:image:width\" content=\"1000\" \/>\n\t<meta property=\"og:image:height\" content=\"791\" \/>\n\t<meta property=\"og:image:type\" content=\"image\/jpeg\" \/>\n<meta name=\"author\" content=\"redazione\" \/>\n<meta name=\"twitter:card\" content=\"summary_large_image\" \/>\n<meta name=\"twitter:creator\" content=\"@bellunopress\" \/>\n<meta name=\"twitter:site\" content=\"@bellunopress\" \/>\n<meta name=\"twitter:label1\" content=\"\u00c9crit par\" \/>\n\t<meta name=\"twitter:data1\" content=\"redazione\" \/>\n\t<meta name=\"twitter:label2\" content=\"Dur\u00e9e de lecture estim\u00e9e\" \/>\n\t<meta name=\"twitter:data2\" content=\"5 minutes\" \/>\n<script type=\"application\/ld+json\" class=\"yoast-schema-graph\">{\"@context\":\"https:\\\/\\\/schema.org\",\"@graph\":[{\"@type\":\"Article\",\"@id\":\"https:\\\/\\\/www.bellunopress.it\\\/2024\\\/02\\\/29\\\/belluno-citta-olimpica-lassessore-mazzoccoli-risponde-alle-consigliere-bettiol-e-cassol\\\/#article\",\"isPartOf\":{\"@id\":\"https:\\\/\\\/www.bellunopress.it\\\/2024\\\/02\\\/29\\\/belluno-citta-olimpica-lassessore-mazzoccoli-risponde-alle-consigliere-bettiol-e-cassol\\\/\"},\"author\":{\"name\":\"redazione\",\"@id\":\"https:\\\/\\\/www.bellunopress.it\\\/#\\\/schema\\\/person\\\/79bb06722b37ece1c03d3e94beb30d73\"},\"headline\":\"Belluno citt\u00e0 olimpica. L&#8217;assessore Mazzoccoli risponde alle consigliere Bettiol e Cassol\",\"datePublished\":\"2024-02-29T18:07:52+00:00\",\"mainEntityOfPage\":{\"@id\":\"https:\\\/\\\/www.bellunopress.it\\\/2024\\\/02\\\/29\\\/belluno-citta-olimpica-lassessore-mazzoccoli-risponde-alle-consigliere-bettiol-e-cassol\\\/\"},\"wordCount\":976,\"publisher\":{\"@id\":\"https:\\\/\\\/www.bellunopress.it\\\/#organization\"},\"image\":{\"@id\":\"https:\\\/\\\/www.bellunopress.it\\\/2024\\\/02\\\/29\\\/belluno-citta-olimpica-lassessore-mazzoccoli-risponde-alle-consigliere-bettiol-e-cassol\\\/#primaryimage\"},\"thumbnailUrl\":\"https:\\\/\\\/www.bellunopress.it\\\/wp-content\\\/uploads\\\/2022\\\/11\\\/Monica-Mazzoccoli_edited.jpg\",\"articleSection\":[\"Cronaca\\\/Politica\",\"Prima Pagina\"],\"inLanguage\":\"fr-FR\"},{\"@type\":\"WebPage\",\"@id\":\"https:\\\/\\\/www.bellunopress.it\\\/2024\\\/02\\\/29\\\/belluno-citta-olimpica-lassessore-mazzoccoli-risponde-alle-consigliere-bettiol-e-cassol\\\/\",\"url\":\"https:\\\/\\\/www.bellunopress.it\\\/2024\\\/02\\\/29\\\/belluno-citta-olimpica-lassessore-mazzoccoli-risponde-alle-consigliere-bettiol-e-cassol\\\/\",\"name\":\"Belluno citt\u00e0 olimpica. L'assessore Mazzoccoli risponde alle consigliere Bettiol e Cassol - Bellunopress - Dolomiti\",\"isPartOf\":{\"@id\":\"https:\\\/\\\/www.bellunopress.it\\\/#website\"},\"primaryImageOfPage\":{\"@id\":\"https:\\\/\\\/www.bellunopress.it\\\/2024\\\/02\\\/29\\\/belluno-citta-olimpica-lassessore-mazzoccoli-risponde-alle-consigliere-bettiol-e-cassol\\\/#primaryimage\"},\"image\":{\"@id\":\"https:\\\/\\\/www.bellunopress.it\\\/2024\\\/02\\\/29\\\/belluno-citta-olimpica-lassessore-mazzoccoli-risponde-alle-consigliere-bettiol-e-cassol\\\/#primaryimage\"},\"thumbnailUrl\":\"https:\\\/\\\/www.bellunopress.it\\\/wp-content\\\/uploads\\\/2022\\\/11\\\/Monica-Mazzoccoli_edited.jpg\",\"datePublished\":\"2024-02-29T18:07:52+00:00\",\"breadcrumb\":{\"@id\":\"https:\\\/\\\/www.bellunopress.it\\\/2024\\\/02\\\/29\\\/belluno-citta-olimpica-lassessore-mazzoccoli-risponde-alle-consigliere-bettiol-e-cassol\\\/#breadcrumb\"},\"inLanguage\":\"fr-FR\",\"potentialAction\":[{\"@type\":\"ReadAction\",\"target\":[\"https:\\\/\\\/www.bellunopress.it\\\/2024\\\/02\\\/29\\\/belluno-citta-olimpica-lassessore-mazzoccoli-risponde-alle-consigliere-bettiol-e-cassol\\\/\"]}]},{\"@type\":\"ImageObject\",\"inLanguage\":\"fr-FR\",\"@id\":\"https:\\\/\\\/www.bellunopress.it\\\/2024\\\/02\\\/29\\\/belluno-citta-olimpica-lassessore-mazzoccoli-risponde-alle-consigliere-bettiol-e-cassol\\\/#primaryimage\",\"url\":\"https:\\\/\\\/www.bellunopress.it\\\/wp-content\\\/uploads\\\/2022\\\/11\\\/Monica-Mazzoccoli_edited.jpg\",\"contentUrl\":\"https:\\\/\\\/www.bellunopress.it\\\/wp-content\\\/uploads\\\/2022\\\/11\\\/Monica-Mazzoccoli_edited.jpg\",\"width\":1000,\"height\":791,\"caption\":\"Monica Mazzoccoli, assessore allo Sport del Comune di Belluno\"},{\"@type\":\"BreadcrumbList\",\"@id\":\"https:\\\/\\\/www.bellunopress.it\\\/2024\\\/02\\\/29\\\/belluno-citta-olimpica-lassessore-mazzoccoli-risponde-alle-consigliere-bettiol-e-cassol\\\/#breadcrumb\",\"itemListElement\":[{\"@type\":\"ListItem\",\"position\":1,\"name\":\"Home\",\"item\":\"https:\\\/\\\/www.bellunopress.it\\\/\"},{\"@type\":\"ListItem\",\"position\":2,\"name\":\"Belluno citt\u00e0 olimpica. L&#8217;assessore Mazzoccoli risponde alle consigliere Bettiol e Cassol\"}]},{\"@type\":\"WebSite\",\"@id\":\"https:\\\/\\\/www.bellunopress.it\\\/#website\",\"url\":\"https:\\\/\\\/www.bellunopress.it\\\/\",\"name\":\"Bellunopress - Dolomiti\",\"description\":\"e-mail: redazione@bellunopress.it\",\"publisher\":{\"@id\":\"https:\\\/\\\/www.bellunopress.it\\\/#organization\"},\"potentialAction\":[{\"@type\":\"SearchAction\",\"target\":{\"@type\":\"EntryPoint\",\"urlTemplate\":\"https:\\\/\\\/www.bellunopress.it\\\/?s={search_term_string}\"},\"query-input\":{\"@type\":\"PropertyValueSpecification\",\"valueRequired\":true,\"valueName\":\"search_term_string\"}}],\"inLanguage\":\"fr-FR\"},{\"@type\":\"Organization\",\"@id\":\"https:\\\/\\\/www.bellunopress.it\\\/#organization\",\"name\":\"Bellunopress\",\"url\":\"https:\\\/\\\/www.bellunopress.it\\\/\",\"logo\":{\"@type\":\"ImageObject\",\"inLanguage\":\"fr-FR\",\"@id\":\"https:\\\/\\\/www.bellunopress.it\\\/#\\\/schema\\\/logo\\\/image\\\/\",\"url\":\"https:\\\/\\\/www.bellunopress.it\\\/wp-content\\\/uploads\\\/2011\\\/05\\\/cropped-logo-bellunopress-.jpg\",\"contentUrl\":\"https:\\\/\\\/www.bellunopress.it\\\/wp-content\\\/uploads\\\/2011\\\/05\\\/cropped-logo-bellunopress-.jpg\",\"width\":512,\"height\":512,\"caption\":\"Bellunopress\"},\"image\":{\"@id\":\"https:\\\/\\\/www.bellunopress.it\\\/#\\\/schema\\\/logo\\\/image\\\/\"},\"sameAs\":[\"https:\\\/\\\/www.facebook.com\\\/profile.php?id=100008943462799\",\"https:\\\/\\\/x.com\\\/bellunopress\",\"https:\\\/\\\/www.linkedin.com\\\/hp\\\/?dnr=JBzUWaJfMUw8vbXJJ2tVW5-I3jZKvC4wsoxE&amp;amp;amp;amp;amp;amp;trk=nav_responsive_tab_home\",\"https:\\\/\\\/www.youtube.com\\\/channel\\\/UCxL0wu1uN0_3_7hGG0306cw\"]},{\"@type\":\"Person\",\"@id\":\"https:\\\/\\\/www.bellunopress.it\\\/#\\\/schema\\\/person\\\/79bb06722b37ece1c03d3e94beb30d73\",\"name\":\"redazione\",\"image\":{\"@type\":\"ImageObject\",\"inLanguage\":\"fr-FR\",\"@id\":\"https:\\\/\\\/secure.gravatar.com\\\/avatar\\\/37d968a2e67a6fd04c169c4bdef102d0bc5d31b2546345219e348575eb80e9a0?s=96&d=mm&r=g\",\"url\":\"https:\\\/\\\/secure.gravatar.com\\\/avatar\\\/37d968a2e67a6fd04c169c4bdef102d0bc5d31b2546345219e348575eb80e9a0?s=96&d=mm&r=g\",\"contentUrl\":\"https:\\\/\\\/secure.gravatar.com\\\/avatar\\\/37d968a2e67a6fd04c169c4bdef102d0bc5d31b2546345219e348575eb80e9a0?s=96&d=mm&r=g\",\"caption\":\"redazione\"},\"sameAs\":[\"http:\\\/\\\/www.bellunopress.it\",\"https:\\\/\\\/x.com\\\/bellunopress\"],\"url\":\"https:\\\/\\\/www.bellunopress.it\\\/fr\\\/author\\\/redazione\\\/\"}]}<\/script>\n<!-- \/ Yoast SEO plugin. -->","yoast_head_json":{"title":"Belluno citt\u00e0 olimpica. L'assessore Mazzoccoli risponde alle consigliere Bettiol e Cassol - Bellunopress - Dolomiti","robots":{"index":"index","follow":"follow","max-snippet":"max-snippet:-1","max-image-preview":"max-image-preview:large","max-video-preview":"max-video-preview:-1"},"canonical":"https:\/\/www.bellunopress.it\/fr\/2024\/02\/29\/belluno-citta-olimpica-lassessore-mazzoccoli-risponde-alle-consigliere-bettiol-e-cassol\/","og_locale":"fr_FR","og_type":"article","og_title":"Belluno citt\u00e0 olimpica. L'assessore Mazzoccoli risponde alle consigliere Bettiol e Cassol - Bellunopress - Dolomiti","og_description":"\u201cLe interlocuzioni con Fondazione Cortina, Fondazione Milano Cortina, Confindustria Belluno Dolomiti e altri soggetti portatori d\u2019interesse hanno preso il via fin dal primo giorno di insediamento e da allora sono state continue. L\u2019obiettivo che stiamo realizzando \u00e8 quello di tessere una rete per lavorare insieme ponendo il Comune capoluogo come collettore di un programma di [&hellip;]","og_url":"https:\/\/www.bellunopress.it\/fr\/2024\/02\/29\/belluno-citta-olimpica-lassessore-mazzoccoli-risponde-alle-consigliere-bettiol-e-cassol\/","og_site_name":"Bellunopress - Dolomiti","article_publisher":"https:\/\/www.facebook.com\/profile.php?id=100008943462799","article_published_time":"2024-02-29T18:07:52+00:00","og_image":[{"width":1000,"height":791,"url":"https:\/\/www.bellunopress.it\/wp-content\/uploads\/2022\/11\/Monica-Mazzoccoli_edited.jpg","type":"image\/jpeg"}],"author":"redazione","twitter_card":"summary_large_image","twitter_creator":"@bellunopress","twitter_site":"@bellunopress","twitter_misc":{"\u00c9crit par":"redazione","Dur\u00e9e de lecture estim\u00e9e":"5 minutes"},"schema":{"@context":"https:\/\/schema.org","@graph":[{"@type":"Article","@id":"https:\/\/www.bellunopress.it\/2024\/02\/29\/belluno-citta-olimpica-lassessore-mazzoccoli-risponde-alle-consigliere-bettiol-e-cassol\/#article","isPartOf":{"@id":"https:\/\/www.bellunopress.it\/2024\/02\/29\/belluno-citta-olimpica-lassessore-mazzoccoli-risponde-alle-consigliere-bettiol-e-cassol\/"},"author":{"name":"redazione","@id":"https:\/\/www.bellunopress.it\/#\/schema\/person\/79bb06722b37ece1c03d3e94beb30d73"},"headline":"Belluno citt\u00e0 olimpica. L&#8217;assessore Mazzoccoli risponde alle consigliere Bettiol e Cassol","datePublished":"2024-02-29T18:07:52+00:00","mainEntityOfPage":{"@id":"https:\/\/www.bellunopress.it\/2024\/02\/29\/belluno-citta-olimpica-lassessore-mazzoccoli-risponde-alle-consigliere-bettiol-e-cassol\/"},"wordCount":976,"publisher":{"@id":"https:\/\/www.bellunopress.it\/#organization"},"image":{"@id":"https:\/\/www.bellunopress.it\/2024\/02\/29\/belluno-citta-olimpica-lassessore-mazzoccoli-risponde-alle-consigliere-bettiol-e-cassol\/#primaryimage"},"thumbnailUrl":"https:\/\/www.bellunopress.it\/wp-content\/uploads\/2022\/11\/Monica-Mazzoccoli_edited.jpg","articleSection":["Cronaca\/Politica","Prima Pagina"],"inLanguage":"fr-FR"},{"@type":"WebPage","@id":"https:\/\/www.bellunopress.it\/2024\/02\/29\/belluno-citta-olimpica-lassessore-mazzoccoli-risponde-alle-consigliere-bettiol-e-cassol\/","url":"https:\/\/www.bellunopress.it\/2024\/02\/29\/belluno-citta-olimpica-lassessore-mazzoccoli-risponde-alle-consigliere-bettiol-e-cassol\/","name":"Belluno citt\u00e0 olimpica. L'assessore Mazzoccoli risponde alle consigliere Bettiol e Cassol - Bellunopress - Dolomiti","isPartOf":{"@id":"https:\/\/www.bellunopress.it\/#website"},"primaryImageOfPage":{"@id":"https:\/\/www.bellunopress.it\/2024\/02\/29\/belluno-citta-olimpica-lassessore-mazzoccoli-risponde-alle-consigliere-bettiol-e-cassol\/#primaryimage"},"image":{"@id":"https:\/\/www.bellunopress.it\/2024\/02\/29\/belluno-citta-olimpica-lassessore-mazzoccoli-risponde-alle-consigliere-bettiol-e-cassol\/#primaryimage"},"thumbnailUrl":"https:\/\/www.bellunopress.it\/wp-content\/uploads\/2022\/11\/Monica-Mazzoccoli_edited.jpg","datePublished":"2024-02-29T18:07:52+00:00","breadcrumb":{"@id":"https:\/\/www.bellunopress.it\/2024\/02\/29\/belluno-citta-olimpica-lassessore-mazzoccoli-risponde-alle-consigliere-bettiol-e-cassol\/#breadcrumb"},"inLanguage":"fr-FR","potentialAction":[{"@type":"ReadAction","target":["https:\/\/www.bellunopress.it\/2024\/02\/29\/belluno-citta-olimpica-lassessore-mazzoccoli-risponde-alle-consigliere-bettiol-e-cassol\/"]}]},{"@type":"ImageObject","inLanguage":"fr-FR","@id":"https:\/\/www.bellunopress.it\/2024\/02\/29\/belluno-citta-olimpica-lassessore-mazzoccoli-risponde-alle-consigliere-bettiol-e-cassol\/#primaryimage","url":"https:\/\/www.bellunopress.it\/wp-content\/uploads\/2022\/11\/Monica-Mazzoccoli_edited.jpg","contentUrl":"https:\/\/www.bellunopress.it\/wp-content\/uploads\/2022\/11\/Monica-Mazzoccoli_edited.jpg","width":1000,"height":791,"caption":"Monica Mazzoccoli, assessore allo Sport del Comune di Belluno"},{"@type":"BreadcrumbList","@id":"https:\/\/www.bellunopress.it\/2024\/02\/29\/belluno-citta-olimpica-lassessore-mazzoccoli-risponde-alle-consigliere-bettiol-e-cassol\/#breadcrumb","itemListElement":[{"@type":"ListItem","position":1,"name":"Home","item":"https:\/\/www.bellunopress.it\/"},{"@type":"ListItem","position":2,"name":"Belluno citt\u00e0 olimpica. L&#8217;assessore Mazzoccoli risponde alle consigliere Bettiol e Cassol"}]},{"@type":"WebSite","@id":"https:\/\/www.bellunopress.it\/#website","url":"https:\/\/www.bellunopress.it\/","name":"Bellunopress - Dolomiti","description":"e-mail: redazione@bellunopress.it","publisher":{"@id":"https:\/\/www.bellunopress.it\/#organization"},"potentialAction":[{"@type":"SearchAction","target":{"@type":"EntryPoint","urlTemplate":"https:\/\/www.bellunopress.it\/?s={search_term_string}"},"query-input":{"@type":"PropertyValueSpecification","valueRequired":true,"valueName":"search_term_string"}}],"inLanguage":"fr-FR"},{"@type":"Organization","@id":"https:\/\/www.bellunopress.it\/#organization","name":"Bellunopress","url":"https:\/\/www.bellunopress.it\/","logo":{"@type":"ImageObject","inLanguage":"fr-FR","@id":"https:\/\/www.bellunopress.it\/#\/schema\/logo\/image\/","url":"https:\/\/www.bellunopress.it\/wp-content\/uploads\/2011\/05\/cropped-logo-bellunopress-.jpg","contentUrl":"https:\/\/www.bellunopress.it\/wp-content\/uploads\/2011\/05\/cropped-logo-bellunopress-.jpg","width":512,"height":512,"caption":"Bellunopress"},"image":{"@id":"https:\/\/www.bellunopress.it\/#\/schema\/logo\/image\/"},"sameAs":["https:\/\/www.facebook.com\/profile.php?id=100008943462799","https:\/\/x.com\/bellunopress","https:\/\/www.linkedin.com\/hp\/?dnr=JBzUWaJfMUw8vbXJJ2tVW5-I3jZKvC4wsoxE&amp;amp;amp;amp;amp;amp;trk=nav_responsive_tab_home","https:\/\/www.youtube.com\/channel\/UCxL0wu1uN0_3_7hGG0306cw"]},{"@type":"Person","@id":"https:\/\/www.bellunopress.it\/#\/schema\/person\/79bb06722b37ece1c03d3e94beb30d73","name":"r\u00e9daction","image":{"@type":"ImageObject","inLanguage":"fr-FR","@id":"https:\/\/secure.gravatar.com\/avatar\/37d968a2e67a6fd04c169c4bdef102d0bc5d31b2546345219e348575eb80e9a0?s=96&d=mm&r=g","url":"https:\/\/secure.gravatar.com\/avatar\/37d968a2e67a6fd04c169c4bdef102d0bc5d31b2546345219e348575eb80e9a0?s=96&d=mm&r=g","contentUrl":"https:\/\/secure.gravatar.com\/avatar\/37d968a2e67a6fd04c169c4bdef102d0bc5d31b2546345219e348575eb80e9a0?s=96&d=mm&r=g","caption":"redazione"},"sameAs":["http:\/\/www.bellunopress.it","https:\/\/x.com\/bellunopress"],"url":"https:\/\/www.bellunopress.it\/fr\/author\/redazione\/"}]}},"_links":{"self":[{"href":"https:\/\/www.bellunopress.it\/fr\/wp-json\/wp\/v2\/posts\/148763","targetHints":{"allow":["GET"]}}],"collection":[{"href":"https:\/\/www.bellunopress.it\/fr\/wp-json\/wp\/v2\/posts"}],"about":[{"href":"https:\/\/www.bellunopress.it\/fr\/wp-json\/wp\/v2\/types\/post"}],"author":[{"embeddable":true,"href":"https:\/\/www.bellunopress.it\/fr\/wp-json\/wp\/v2\/users\/2"}],"replies":[{"embeddable":true,"href":"https:\/\/www.bellunopress.it\/fr\/wp-json\/wp\/v2\/comments?post=148763"}],"version-history":[{"count":1,"href":"https:\/\/www.bellunopress.it\/fr\/wp-json\/wp\/v2\/posts\/148763\/revisions"}],"predecessor-version":[{"id":148764,"href":"https:\/\/www.bellunopress.it\/fr\/wp-json\/wp\/v2\/posts\/148763\/revisions\/148764"}],"wp:featuredmedia":[{"embeddable":true,"href":"https:\/\/www.bellunopress.it\/fr\/wp-json\/wp\/v2\/media\/137995"}],"wp:attachment":[{"href":"https:\/\/www.bellunopress.it\/fr\/wp-json\/wp\/v2\/media?parent=148763"}],"wp:term":[{"taxonomy":"category","embeddable":true,"href":"https:\/\/www.bellunopress.it\/fr\/wp-json\/wp\/v2\/categories?post=148763"},{"taxonomy":"post_tag","embeddable":true,"href":"https:\/\/www.bellunopress.it\/fr\/wp-json\/wp\/v2\/tags?post=148763"}],"curies":[{"name":"wp","href":"https:\/\/api.w.org\/{rel}","templated":true}]}}