{"id":148688,"date":"2024-02-27T17:40:30","date_gmt":"2024-02-27T16:40:30","guid":{"rendered":"https:\/\/www.bellunopress.it\/?p=148688"},"modified":"2024-02-27T17:40:30","modified_gmt":"2024-02-27T16:40:30","slug":"complimenti-ai-20-oss-con-formazione-complementare-che-hanno-completato-il-percorso","status":"publish","type":"post","link":"https:\/\/www.bellunopress.it\/fr\/2024\/02\/27\/complimenti-ai-20-oss-con-formazione-complementare-che-hanno-completato-il-percorso\/","title":{"rendered":"Complimenti ai 20 OSS con formazione complementare che hanno completato il percorso"},"content":{"rendered":"<p><img loading=\"lazy\" decoding=\"async\" class=\"alignleft size-full wp-image-148689\" src=\"https:\/\/www.bellunopress.it\/wp-content\/uploads\/2024\/02\/20-nuovi-OSS_edited.jpg\" alt=\"\" width=\"1000\" height=\"724\" srcset=\"https:\/\/www.bellunopress.it\/wp-content\/uploads\/2024\/02\/20-nuovi-OSS_edited.jpg 1000w, https:\/\/www.bellunopress.it\/wp-content\/uploads\/2024\/02\/20-nuovi-OSS_edited-500x362.jpg 500w, https:\/\/www.bellunopress.it\/wp-content\/uploads\/2024\/02\/20-nuovi-OSS_edited-696x504.jpg 696w\" sizes=\"auto, (max-width: 1000px) 100vw, 1000px\" \/>Ieri sono stati consegnati i diplomi a 20 OSS che hanno completato il percorso di formazione complementare (OSS-FC) che \u201cspecializza\u201d gli operatori socio sanitari.<\/p>\n<p>L\u2019OSS-FC \u00e8 l\u2019operatore che ha raggiunto le competenze professionali per l\u2019esercizio delle attivit\u00e0 e dei compiti che gli consentono di svolgere ulteriori attivit\u00e0 in aggiunta a quelle previste dal profilo di base (come, ad esempio, la somministrazione di farmaci).<\/p>\n<p>In Ulss Dolomiti il percorso formativo, voluto dal direttore sanitario Maria Caterina De Marco e coordinato da Marilisa Celato con il supporto dell\u2019area formativa, \u00e8 iniziato nel dicembre 2022.<\/p>\n<p>Hanno aderito una ventina di OSS gi\u00e0 operativi nelle case di riposo di Agordo, Belluno, Feltre, Pedavena, Limana, Longarone\/Zoldo , Mel , Sedico, come previsto da normativa.<\/p>\n<p>La parte teorica si \u00e8 svolta online e sono stati approfonditi i temi della cura della persona, misurazione del dolore e parametri vitali, della somministrazione prescrizione terapeutiche e della sicurezza .<br \/>\nGrazie al supporto di alcuni infermieri (Gabriele Bona, ,Lina Reolon, Michele Reveane e Olvinia Kukunj) sono state effettuate sessioni pratiche per la gestione della tracheotomia, della terapia enterale, delle stomie e della somministrazione di terapie.<\/p>\n<p>A marzo 2023 sono iniziati i tirocini formativi in varie Unit\u00e0 operative, coordinati dall\u2019ufficio tirocini.<\/p>\n<p>Il percorso si \u00e8 concluso a fine ottobre con un esame finale superato dai seguenti 20 corsisti:<\/p>\n<p>Bordin Deborah, D&#8217;angelo Sergio, De Bona Harris, Maria Veronica De Carli, Francesca De Riz, Massimo Deon,\u00a0 Silvia Giotto, Bruna Goglia, Giuseppe Isotton, Monica Krasniqui Donjeta, Losego Maddalena, Lucchet Alice, Maoret Veronica, Riente Sabrina, Schlottig Giulia, Secco Daniela, Shkembi Isabella, Tommasini Laura, Valt Deborah, Zancanaro Daniela.<\/p>\n<p>&nbsp;<\/p>\n<p>&nbsp;<\/p>","protected":false},"excerpt":{"rendered":"<p>Ieri sono stati consegnati i diplomi a 20 OSS che hanno completato il percorso di formazione complementare (OSS-FC) che \u201cspecializza\u201d gli operatori socio sanitari. L\u2019OSS-FC \u00e8 l\u2019operatore che ha raggiunto le competenze professionali per l\u2019esercizio delle attivit\u00e0 e dei compiti che gli consentono di svolgere ulteriori attivit\u00e0 in aggiunta a quelle previste dal profilo di [&hellip;]<\/p>\n","protected":false},"author":2,"featured_media":148689,"comment_status":"closed","ping_status":"open","sticky":false,"template":"","format":"standard","meta":{"footnotes":""},"categories":[26,17],"tags":[],"class_list":["post-148688","post","type-post","status-publish","format-standard","has-post-thumbnail","category-prima-pagina","category-sanita"],"yoast_head":"<!-- This site is optimized with the Yoast SEO plugin v28.4 - https:\/\/yoast.com\/product\/yoast-seo-wordpress\/ -->\n<title>Complimenti ai 20 OSS con formazione complementare che hanno completato il percorso - Bellunopress - Dolomiti<\/title>\n<meta name=\"robots\" content=\"index, follow, max-snippet:-1, max-image-preview:large, max-video-preview:-1\" \/>\n<link rel=\"canonical\" href=\"https:\/\/www.bellunopress.it\/fr\/2024\/02\/27\/complimenti-ai-20-oss-con-formazione-complementare-che-hanno-completato-il-percorso\/\" \/>\n<meta property=\"og:locale\" content=\"fr_FR\" \/>\n<meta property=\"og:type\" content=\"article\" \/>\n<meta property=\"og:title\" content=\"Complimenti ai 20 OSS con formazione complementare che hanno completato il percorso - Bellunopress - Dolomiti\" \/>\n<meta property=\"og:description\" content=\"Ieri sono stati consegnati i diplomi a 20 OSS che hanno completato il percorso di formazione complementare (OSS-FC) che \u201cspecializza\u201d gli operatori socio sanitari. L\u2019OSS-FC \u00e8 l\u2019operatore che ha raggiunto le competenze professionali per l\u2019esercizio delle attivit\u00e0 e dei compiti che gli consentono di svolgere ulteriori attivit\u00e0 in aggiunta a quelle previste dal profilo di [&hellip;]\" \/>\n<meta property=\"og:url\" content=\"https:\/\/www.bellunopress.it\/fr\/2024\/02\/27\/complimenti-ai-20-oss-con-formazione-complementare-che-hanno-completato-il-percorso\/\" \/>\n<meta property=\"og:site_name\" content=\"Bellunopress - Dolomiti\" \/>\n<meta property=\"article:publisher\" content=\"https:\/\/www.facebook.com\/profile.php?id=100008943462799\" \/>\n<meta property=\"article:published_time\" content=\"2024-02-27T16:40:30+00:00\" \/>\n<meta property=\"og:image\" content=\"https:\/\/www.bellunopress.it\/wp-content\/uploads\/2024\/02\/20-nuovi-OSS_edited.jpg\" \/>\n\t<meta property=\"og:image:width\" content=\"1000\" \/>\n\t<meta property=\"og:image:height\" content=\"724\" \/>\n\t<meta property=\"og:image:type\" content=\"image\/jpeg\" \/>\n<meta name=\"author\" content=\"redazione\" \/>\n<meta name=\"twitter:card\" content=\"summary_large_image\" \/>\n<meta name=\"twitter:creator\" content=\"@bellunopress\" \/>\n<meta name=\"twitter:site\" content=\"@bellunopress\" \/>\n<meta name=\"twitter:label1\" content=\"\u00c9crit par\" \/>\n\t<meta name=\"twitter:data1\" content=\"redazione\" \/>\n\t<meta name=\"twitter:label2\" content=\"Dur\u00e9e de lecture estim\u00e9e\" \/>\n\t<meta name=\"twitter:data2\" content=\"1 minute\" \/>\n<script type=\"application\/ld+json\" class=\"yoast-schema-graph\">{\"@context\":\"https:\\\/\\\/schema.org\",\"@graph\":[{\"@type\":\"Article\",\"@id\":\"https:\\\/\\\/www.bellunopress.it\\\/2024\\\/02\\\/27\\\/complimenti-ai-20-oss-con-formazione-complementare-che-hanno-completato-il-percorso\\\/#article\",\"isPartOf\":{\"@id\":\"https:\\\/\\\/www.bellunopress.it\\\/2024\\\/02\\\/27\\\/complimenti-ai-20-oss-con-formazione-complementare-che-hanno-completato-il-percorso\\\/\"},\"author\":{\"name\":\"redazione\",\"@id\":\"https:\\\/\\\/www.bellunopress.it\\\/#\\\/schema\\\/person\\\/79bb06722b37ece1c03d3e94beb30d73\"},\"headline\":\"Complimenti ai 20 OSS con formazione complementare che hanno completato il percorso\",\"datePublished\":\"2024-02-27T16:40:30+00:00\",\"mainEntityOfPage\":{\"@id\":\"https:\\\/\\\/www.bellunopress.it\\\/2024\\\/02\\\/27\\\/complimenti-ai-20-oss-con-formazione-complementare-che-hanno-completato-il-percorso\\\/\"},\"wordCount\":271,\"publisher\":{\"@id\":\"https:\\\/\\\/www.bellunopress.it\\\/#organization\"},\"image\":{\"@id\":\"https:\\\/\\\/www.bellunopress.it\\\/2024\\\/02\\\/27\\\/complimenti-ai-20-oss-con-formazione-complementare-che-hanno-completato-il-percorso\\\/#primaryimage\"},\"thumbnailUrl\":\"https:\\\/\\\/www.bellunopress.it\\\/wp-content\\\/uploads\\\/2024\\\/02\\\/20-nuovi-OSS_edited.jpg\",\"articleSection\":[\"Prima Pagina\",\"Sanit\u00e0 Medicina\"],\"inLanguage\":\"fr-FR\"},{\"@type\":\"WebPage\",\"@id\":\"https:\\\/\\\/www.bellunopress.it\\\/2024\\\/02\\\/27\\\/complimenti-ai-20-oss-con-formazione-complementare-che-hanno-completato-il-percorso\\\/\",\"url\":\"https:\\\/\\\/www.bellunopress.it\\\/2024\\\/02\\\/27\\\/complimenti-ai-20-oss-con-formazione-complementare-che-hanno-completato-il-percorso\\\/\",\"name\":\"Complimenti ai 20 OSS con formazione complementare che hanno completato il percorso - Bellunopress - Dolomiti\",\"isPartOf\":{\"@id\":\"https:\\\/\\\/www.bellunopress.it\\\/#website\"},\"primaryImageOfPage\":{\"@id\":\"https:\\\/\\\/www.bellunopress.it\\\/2024\\\/02\\\/27\\\/complimenti-ai-20-oss-con-formazione-complementare-che-hanno-completato-il-percorso\\\/#primaryimage\"},\"image\":{\"@id\":\"https:\\\/\\\/www.bellunopress.it\\\/2024\\\/02\\\/27\\\/complimenti-ai-20-oss-con-formazione-complementare-che-hanno-completato-il-percorso\\\/#primaryimage\"},\"thumbnailUrl\":\"https:\\\/\\\/www.bellunopress.it\\\/wp-content\\\/uploads\\\/2024\\\/02\\\/20-nuovi-OSS_edited.jpg\",\"datePublished\":\"2024-02-27T16:40:30+00:00\",\"breadcrumb\":{\"@id\":\"https:\\\/\\\/www.bellunopress.it\\\/2024\\\/02\\\/27\\\/complimenti-ai-20-oss-con-formazione-complementare-che-hanno-completato-il-percorso\\\/#breadcrumb\"},\"inLanguage\":\"fr-FR\",\"potentialAction\":[{\"@type\":\"ReadAction\",\"target\":[\"https:\\\/\\\/www.bellunopress.it\\\/2024\\\/02\\\/27\\\/complimenti-ai-20-oss-con-formazione-complementare-che-hanno-completato-il-percorso\\\/\"]}]},{\"@type\":\"ImageObject\",\"inLanguage\":\"fr-FR\",\"@id\":\"https:\\\/\\\/www.bellunopress.it\\\/2024\\\/02\\\/27\\\/complimenti-ai-20-oss-con-formazione-complementare-che-hanno-completato-il-percorso\\\/#primaryimage\",\"url\":\"https:\\\/\\\/www.bellunopress.it\\\/wp-content\\\/uploads\\\/2024\\\/02\\\/20-nuovi-OSS_edited.jpg\",\"contentUrl\":\"https:\\\/\\\/www.bellunopress.it\\\/wp-content\\\/uploads\\\/2024\\\/02\\\/20-nuovi-OSS_edited.jpg\",\"width\":1000,\"height\":724},{\"@type\":\"BreadcrumbList\",\"@id\":\"https:\\\/\\\/www.bellunopress.it\\\/2024\\\/02\\\/27\\\/complimenti-ai-20-oss-con-formazione-complementare-che-hanno-completato-il-percorso\\\/#breadcrumb\",\"itemListElement\":[{\"@type\":\"ListItem\",\"position\":1,\"name\":\"Home\",\"item\":\"https:\\\/\\\/www.bellunopress.it\\\/\"},{\"@type\":\"ListItem\",\"position\":2,\"name\":\"Complimenti ai 20 OSS con formazione complementare che hanno completato il percorso\"}]},{\"@type\":\"WebSite\",\"@id\":\"https:\\\/\\\/www.bellunopress.it\\\/#website\",\"url\":\"https:\\\/\\\/www.bellunopress.it\\\/\",\"name\":\"Bellunopress - Dolomiti\",\"description\":\"e-mail: redazione@bellunopress.it\",\"publisher\":{\"@id\":\"https:\\\/\\\/www.bellunopress.it\\\/#organization\"},\"potentialAction\":[{\"@type\":\"SearchAction\",\"target\":{\"@type\":\"EntryPoint\",\"urlTemplate\":\"https:\\\/\\\/www.bellunopress.it\\\/?s={search_term_string}\"},\"query-input\":{\"@type\":\"PropertyValueSpecification\",\"valueRequired\":true,\"valueName\":\"search_term_string\"}}],\"inLanguage\":\"fr-FR\"},{\"@type\":\"Organization\",\"@id\":\"https:\\\/\\\/www.bellunopress.it\\\/#organization\",\"name\":\"Bellunopress\",\"url\":\"https:\\\/\\\/www.bellunopress.it\\\/\",\"logo\":{\"@type\":\"ImageObject\",\"inLanguage\":\"fr-FR\",\"@id\":\"https:\\\/\\\/www.bellunopress.it\\\/#\\\/schema\\\/logo\\\/image\\\/\",\"url\":\"https:\\\/\\\/www.bellunopress.it\\\/wp-content\\\/uploads\\\/2011\\\/05\\\/cropped-logo-bellunopress-.jpg\",\"contentUrl\":\"https:\\\/\\\/www.bellunopress.it\\\/wp-content\\\/uploads\\\/2011\\\/05\\\/cropped-logo-bellunopress-.jpg\",\"width\":512,\"height\":512,\"caption\":\"Bellunopress\"},\"image\":{\"@id\":\"https:\\\/\\\/www.bellunopress.it\\\/#\\\/schema\\\/logo\\\/image\\\/\"},\"sameAs\":[\"https:\\\/\\\/www.facebook.com\\\/profile.php?id=100008943462799\",\"https:\\\/\\\/x.com\\\/bellunopress\",\"https:\\\/\\\/www.linkedin.com\\\/hp\\\/?dnr=JBzUWaJfMUw8vbXJJ2tVW5-I3jZKvC4wsoxE&amp;amp;amp;amp;amp;amp;trk=nav_responsive_tab_home\",\"https:\\\/\\\/www.youtube.com\\\/channel\\\/UCxL0wu1uN0_3_7hGG0306cw\"]},{\"@type\":\"Person\",\"@id\":\"https:\\\/\\\/www.bellunopress.it\\\/#\\\/schema\\\/person\\\/79bb06722b37ece1c03d3e94beb30d73\",\"name\":\"redazione\",\"image\":{\"@type\":\"ImageObject\",\"inLanguage\":\"fr-FR\",\"@id\":\"https:\\\/\\\/secure.gravatar.com\\\/avatar\\\/37d968a2e67a6fd04c169c4bdef102d0bc5d31b2546345219e348575eb80e9a0?s=96&d=mm&r=g\",\"url\":\"https:\\\/\\\/secure.gravatar.com\\\/avatar\\\/37d968a2e67a6fd04c169c4bdef102d0bc5d31b2546345219e348575eb80e9a0?s=96&d=mm&r=g\",\"contentUrl\":\"https:\\\/\\\/secure.gravatar.com\\\/avatar\\\/37d968a2e67a6fd04c169c4bdef102d0bc5d31b2546345219e348575eb80e9a0?s=96&d=mm&r=g\",\"caption\":\"redazione\"},\"sameAs\":[\"http:\\\/\\\/www.bellunopress.it\",\"https:\\\/\\\/x.com\\\/bellunopress\"],\"url\":\"https:\\\/\\\/www.bellunopress.it\\\/fr\\\/author\\\/redazione\\\/\"}]}<\/script>\n<!-- \/ Yoast SEO plugin. -->","yoast_head_json":{"title":"Complimenti ai 20 OSS con formazione complementare che hanno completato il percorso - Bellunopress - Dolomiti","robots":{"index":"index","follow":"follow","max-snippet":"max-snippet:-1","max-image-preview":"max-image-preview:large","max-video-preview":"max-video-preview:-1"},"canonical":"https:\/\/www.bellunopress.it\/fr\/2024\/02\/27\/complimenti-ai-20-oss-con-formazione-complementare-che-hanno-completato-il-percorso\/","og_locale":"fr_FR","og_type":"article","og_title":"Complimenti ai 20 OSS con formazione complementare che hanno completato il percorso - Bellunopress - Dolomiti","og_description":"Ieri sono stati consegnati i diplomi a 20 OSS che hanno completato il percorso di formazione complementare (OSS-FC) che \u201cspecializza\u201d gli operatori socio sanitari. L\u2019OSS-FC \u00e8 l\u2019operatore che ha raggiunto le competenze professionali per l\u2019esercizio delle attivit\u00e0 e dei compiti che gli consentono di svolgere ulteriori attivit\u00e0 in aggiunta a quelle previste dal profilo di [&hellip;]","og_url":"https:\/\/www.bellunopress.it\/fr\/2024\/02\/27\/complimenti-ai-20-oss-con-formazione-complementare-che-hanno-completato-il-percorso\/","og_site_name":"Bellunopress - Dolomiti","article_publisher":"https:\/\/www.facebook.com\/profile.php?id=100008943462799","article_published_time":"2024-02-27T16:40:30+00:00","og_image":[{"width":1000,"height":724,"url":"https:\/\/www.bellunopress.it\/wp-content\/uploads\/2024\/02\/20-nuovi-OSS_edited.jpg","type":"image\/jpeg"}],"author":"redazione","twitter_card":"summary_large_image","twitter_creator":"@bellunopress","twitter_site":"@bellunopress","twitter_misc":{"\u00c9crit par":"redazione","Dur\u00e9e de lecture estim\u00e9e":"1 minute"},"schema":{"@context":"https:\/\/schema.org","@graph":[{"@type":"Article","@id":"https:\/\/www.bellunopress.it\/2024\/02\/27\/complimenti-ai-20-oss-con-formazione-complementare-che-hanno-completato-il-percorso\/#article","isPartOf":{"@id":"https:\/\/www.bellunopress.it\/2024\/02\/27\/complimenti-ai-20-oss-con-formazione-complementare-che-hanno-completato-il-percorso\/"},"author":{"name":"redazione","@id":"https:\/\/www.bellunopress.it\/#\/schema\/person\/79bb06722b37ece1c03d3e94beb30d73"},"headline":"Complimenti ai 20 OSS con formazione complementare che hanno completato il percorso","datePublished":"2024-02-27T16:40:30+00:00","mainEntityOfPage":{"@id":"https:\/\/www.bellunopress.it\/2024\/02\/27\/complimenti-ai-20-oss-con-formazione-complementare-che-hanno-completato-il-percorso\/"},"wordCount":271,"publisher":{"@id":"https:\/\/www.bellunopress.it\/#organization"},"image":{"@id":"https:\/\/www.bellunopress.it\/2024\/02\/27\/complimenti-ai-20-oss-con-formazione-complementare-che-hanno-completato-il-percorso\/#primaryimage"},"thumbnailUrl":"https:\/\/www.bellunopress.it\/wp-content\/uploads\/2024\/02\/20-nuovi-OSS_edited.jpg","articleSection":["Prima Pagina","Sanit\u00e0 Medicina"],"inLanguage":"fr-FR"},{"@type":"WebPage","@id":"https:\/\/www.bellunopress.it\/2024\/02\/27\/complimenti-ai-20-oss-con-formazione-complementare-che-hanno-completato-il-percorso\/","url":"https:\/\/www.bellunopress.it\/2024\/02\/27\/complimenti-ai-20-oss-con-formazione-complementare-che-hanno-completato-il-percorso\/","name":"Complimenti ai 20 OSS con formazione complementare che hanno completato il percorso - Bellunopress - Dolomiti","isPartOf":{"@id":"https:\/\/www.bellunopress.it\/#website"},"primaryImageOfPage":{"@id":"https:\/\/www.bellunopress.it\/2024\/02\/27\/complimenti-ai-20-oss-con-formazione-complementare-che-hanno-completato-il-percorso\/#primaryimage"},"image":{"@id":"https:\/\/www.bellunopress.it\/2024\/02\/27\/complimenti-ai-20-oss-con-formazione-complementare-che-hanno-completato-il-percorso\/#primaryimage"},"thumbnailUrl":"https:\/\/www.bellunopress.it\/wp-content\/uploads\/2024\/02\/20-nuovi-OSS_edited.jpg","datePublished":"2024-02-27T16:40:30+00:00","breadcrumb":{"@id":"https:\/\/www.bellunopress.it\/2024\/02\/27\/complimenti-ai-20-oss-con-formazione-complementare-che-hanno-completato-il-percorso\/#breadcrumb"},"inLanguage":"fr-FR","potentialAction":[{"@type":"ReadAction","target":["https:\/\/www.bellunopress.it\/2024\/02\/27\/complimenti-ai-20-oss-con-formazione-complementare-che-hanno-completato-il-percorso\/"]}]},{"@type":"ImageObject","inLanguage":"fr-FR","@id":"https:\/\/www.bellunopress.it\/2024\/02\/27\/complimenti-ai-20-oss-con-formazione-complementare-che-hanno-completato-il-percorso\/#primaryimage","url":"https:\/\/www.bellunopress.it\/wp-content\/uploads\/2024\/02\/20-nuovi-OSS_edited.jpg","contentUrl":"https:\/\/www.bellunopress.it\/wp-content\/uploads\/2024\/02\/20-nuovi-OSS_edited.jpg","width":1000,"height":724},{"@type":"BreadcrumbList","@id":"https:\/\/www.bellunopress.it\/2024\/02\/27\/complimenti-ai-20-oss-con-formazione-complementare-che-hanno-completato-il-percorso\/#breadcrumb","itemListElement":[{"@type":"ListItem","position":1,"name":"Home","item":"https:\/\/www.bellunopress.it\/"},{"@type":"ListItem","position":2,"name":"Complimenti ai 20 OSS con formazione complementare che hanno completato il percorso"}]},{"@type":"WebSite","@id":"https:\/\/www.bellunopress.it\/#website","url":"https:\/\/www.bellunopress.it\/","name":"Bellunopress - Dolomiti","description":"e-mail: redazione@bellunopress.it","publisher":{"@id":"https:\/\/www.bellunopress.it\/#organization"},"potentialAction":[{"@type":"SearchAction","target":{"@type":"EntryPoint","urlTemplate":"https:\/\/www.bellunopress.it\/?s={search_term_string}"},"query-input":{"@type":"PropertyValueSpecification","valueRequired":true,"valueName":"search_term_string"}}],"inLanguage":"fr-FR"},{"@type":"Organization","@id":"https:\/\/www.bellunopress.it\/#organization","name":"Bellunopress","url":"https:\/\/www.bellunopress.it\/","logo":{"@type":"ImageObject","inLanguage":"fr-FR","@id":"https:\/\/www.bellunopress.it\/#\/schema\/logo\/image\/","url":"https:\/\/www.bellunopress.it\/wp-content\/uploads\/2011\/05\/cropped-logo-bellunopress-.jpg","contentUrl":"https:\/\/www.bellunopress.it\/wp-content\/uploads\/2011\/05\/cropped-logo-bellunopress-.jpg","width":512,"height":512,"caption":"Bellunopress"},"image":{"@id":"https:\/\/www.bellunopress.it\/#\/schema\/logo\/image\/"},"sameAs":["https:\/\/www.facebook.com\/profile.php?id=100008943462799","https:\/\/x.com\/bellunopress","https:\/\/www.linkedin.com\/hp\/?dnr=JBzUWaJfMUw8vbXJJ2tVW5-I3jZKvC4wsoxE&amp;amp;amp;amp;amp;amp;trk=nav_responsive_tab_home","https:\/\/www.youtube.com\/channel\/UCxL0wu1uN0_3_7hGG0306cw"]},{"@type":"Person","@id":"https:\/\/www.bellunopress.it\/#\/schema\/person\/79bb06722b37ece1c03d3e94beb30d73","name":"r\u00e9daction","image":{"@type":"ImageObject","inLanguage":"fr-FR","@id":"https:\/\/secure.gravatar.com\/avatar\/37d968a2e67a6fd04c169c4bdef102d0bc5d31b2546345219e348575eb80e9a0?s=96&d=mm&r=g","url":"https:\/\/secure.gravatar.com\/avatar\/37d968a2e67a6fd04c169c4bdef102d0bc5d31b2546345219e348575eb80e9a0?s=96&d=mm&r=g","contentUrl":"https:\/\/secure.gravatar.com\/avatar\/37d968a2e67a6fd04c169c4bdef102d0bc5d31b2546345219e348575eb80e9a0?s=96&d=mm&r=g","caption":"redazione"},"sameAs":["http:\/\/www.bellunopress.it","https:\/\/x.com\/bellunopress"],"url":"https:\/\/www.bellunopress.it\/fr\/author\/redazione\/"}]}},"_links":{"self":[{"href":"https:\/\/www.bellunopress.it\/fr\/wp-json\/wp\/v2\/posts\/148688","targetHints":{"allow":["GET"]}}],"collection":[{"href":"https:\/\/www.bellunopress.it\/fr\/wp-json\/wp\/v2\/posts"}],"about":[{"href":"https:\/\/www.bellunopress.it\/fr\/wp-json\/wp\/v2\/types\/post"}],"author":[{"embeddable":true,"href":"https:\/\/www.bellunopress.it\/fr\/wp-json\/wp\/v2\/users\/2"}],"replies":[{"embeddable":true,"href":"https:\/\/www.bellunopress.it\/fr\/wp-json\/wp\/v2\/comments?post=148688"}],"version-history":[{"count":1,"href":"https:\/\/www.bellunopress.it\/fr\/wp-json\/wp\/v2\/posts\/148688\/revisions"}],"predecessor-version":[{"id":148690,"href":"https:\/\/www.bellunopress.it\/fr\/wp-json\/wp\/v2\/posts\/148688\/revisions\/148690"}],"wp:featuredmedia":[{"embeddable":true,"href":"https:\/\/www.bellunopress.it\/fr\/wp-json\/wp\/v2\/media\/148689"}],"wp:attachment":[{"href":"https:\/\/www.bellunopress.it\/fr\/wp-json\/wp\/v2\/media?parent=148688"}],"wp:term":[{"taxonomy":"category","embeddable":true,"href":"https:\/\/www.bellunopress.it\/fr\/wp-json\/wp\/v2\/categories?post=148688"},{"taxonomy":"post_tag","embeddable":true,"href":"https:\/\/www.bellunopress.it\/fr\/wp-json\/wp\/v2\/tags?post=148688"}],"curies":[{"name":"wp","href":"https:\/\/api.w.org\/{rel}","templated":true}]}}