{"id":148686,"date":"2024-02-27T14:02:30","date_gmt":"2024-02-27T13:02:30","guid":{"rendered":"https:\/\/www.bellunopress.it\/?p=148686"},"modified":"2024-02-27T14:02:30","modified_gmt":"2024-02-27T13:02:30","slug":"belluno-solo-interrogazioni-ancora-un-consiglio-comunale-senza-delibere-insieme-per-belluno-ironizza","status":"publish","type":"post","link":"https:\/\/www.bellunopress.it\/fr\/2024\/02\/27\/belluno-solo-interrogazioni-ancora-un-consiglio-comunale-senza-delibere-insieme-per-belluno-ironizza\/","title":{"rendered":"Belluno. Solo interrogazioni, ancora un consiglio comunale senza delibere. Insieme per Belluno ironizza"},"content":{"rendered":"<figure id=\"attachment_139515\" aria-describedby=\"caption-attachment-139515\" style=\"width: 1000px\" class=\"wp-caption alignleft\"><img loading=\"lazy\" decoding=\"async\" class=\"size-full wp-image-139515\" src=\"https:\/\/www.bellunopress.it\/wp-content\/uploads\/2023\/02\/Insieme-per-Belluno-Bene-comune_edited.jpg\" alt=\"Gruppo Insieme per Belluno\" width=\"1000\" height=\"1000\" srcset=\"https:\/\/www.bellunopress.it\/wp-content\/uploads\/2023\/02\/Insieme-per-Belluno-Bene-comune_edited.jpg 1000w, https:\/\/www.bellunopress.it\/wp-content\/uploads\/2023\/02\/Insieme-per-Belluno-Bene-comune_edited-500x500.jpg 500w, https:\/\/www.bellunopress.it\/wp-content\/uploads\/2023\/02\/Insieme-per-Belluno-Bene-comune_edited-300x300.jpg 300w, https:\/\/www.bellunopress.it\/wp-content\/uploads\/2023\/02\/Insieme-per-Belluno-Bene-comune_edited-696x696.jpg 696w, https:\/\/www.bellunopress.it\/wp-content\/uploads\/2023\/02\/Insieme-per-Belluno-Bene-comune_edited-420x420.jpg 420w\" sizes=\"auto, (max-width: 1000px) 100vw, 1000px\" \/><figcaption id=\"caption-attachment-139515\" class=\"wp-caption-text\">Gruppo Insieme per Belluno Bene Comune<\/figcaption><\/figure>\n<p>Ancora un Consiglio praticamente senza delibere. Il Gruppo Consiliare della lista \u201cInsieme per Belluno Bene Comune\u201d esprime la sua ironica perplessit\u00e0 sull\u2019ordine del giorno del Consiglio comunale convocato per gioved\u00ec 29 febbraio.<\/p>\n<p>Praticamente solo le interrogazioni dell\u2019opposizione, numerosissime perch\u00e9 l\u2019ultimo Consiglio \u00e8 stato cancellato all\u2019ultimo momento, contraddicendo le promesse di programmazione e calendarizzazione delle sedute per consentire ai consiglieri e agli uffici di lavorare al meglio.<\/p>\n<p>Il consigliere Rasera Berna ribadisce che \u201cdopo due mesi portano in Consiglio comunale due soli argomenti (visto che due sono approvazioni di verbali e uno una comunicazione), segno che si continua con la politica dei vuoti annunci, senza contare che la giunta d\u00e0 un&#8217;ulteriore prova di non chiamare le cose col loro nome, dopo le frazioni non frazioni (con buona pace del Nevegal), ora il sentiero dell&#8217;Ardo che l&#8217;ardo praticamente non lo vede.<\/p>\n<figure id=\"attachment_133018\" aria-describedby=\"caption-attachment-133018\" style=\"width: 1000px\" class=\"wp-caption alignleft\"><img loading=\"lazy\" decoding=\"async\" class=\"size-full wp-image-133018\" src=\"https:\/\/www.bellunopress.it\/wp-content\/uploads\/2022\/04\/Avvocato-Francesco-Rasera-Berna.jpg\" alt=\"\" width=\"1000\" height=\"713\" srcset=\"https:\/\/www.bellunopress.it\/wp-content\/uploads\/2022\/04\/Avvocato-Francesco-Rasera-Berna.jpg 1000w, https:\/\/www.bellunopress.it\/wp-content\/uploads\/2022\/04\/Avvocato-Francesco-Rasera-Berna-500x357.jpg 500w, https:\/\/www.bellunopress.it\/wp-content\/uploads\/2022\/04\/Avvocato-Francesco-Rasera-Berna-696x496.jpg 696w, https:\/\/www.bellunopress.it\/wp-content\/uploads\/2022\/04\/Avvocato-Francesco-Rasera-Berna-589x420.jpg 589w, https:\/\/www.bellunopress.it\/wp-content\/uploads\/2022\/04\/Avvocato-Francesco-Rasera-Berna-100x70.jpg 100w\" sizes=\"auto, (max-width: 1000px) 100vw, 1000px\" \/><figcaption id=\"caption-attachment-133018\" class=\"wp-caption-text\">Avvocato Francesco Rasera Berna<\/figcaption><\/figure>\n<p>A proposito dell&#8217;Ardo \u2013 continua Rasera Berna- non si capisce quale sia la finalit\u00e0 dell&#8217;intervento, visto che di fatto non viene neppure data alcuna rassicurazione sul fatto che il reperimento dei fondi per arrivare a Belluno (a parte il percorso discutibile ed inutilmente costoso) sia in effetti nei progetti dell&#8217;amministrazione. Forse anche in questo caso si parla di un cofinanziamento dove in realt\u00e0 il Comune non cofinanzia.<\/p>\n<p>Infine sul Nevegal (inteso come impianti) l&#8217;amministrazione continua a non riconoscere che il problema relativo al l&#8217;aggiudicazione definitiva riguarda di fatto la fidejussione che \u00e8 stata richiesta e non altro e che essa dipende (anche) dal valore eccessivo assegnato a l&#8217;appalto che gi\u00e0 aveva determinato la richiesta di un requisito inverosimile quanto ai requisiti per partecipare alla gara, tanto che si rese necessario un secondo esperimento. Nulla si sa poi degli algerini \u2013 conclude Rasera Berna &#8211; che per\u00f2 erano stati portati in Consiglio a gara non ancora chiusa.<\/p>\n<figure id=\"attachment_137613\" aria-describedby=\"caption-attachment-137613\" style=\"width: 1000px\" class=\"wp-caption alignleft\"><img loading=\"lazy\" decoding=\"async\" class=\"size-full wp-image-137613\" src=\"https:\/\/www.bellunopress.it\/wp-content\/uploads\/2022\/11\/Ilenia-Bavasso_edited.jpg\" alt=\"\" width=\"1000\" height=\"695\" srcset=\"https:\/\/www.bellunopress.it\/wp-content\/uploads\/2022\/11\/Ilenia-Bavasso_edited.jpg 1000w, https:\/\/www.bellunopress.it\/wp-content\/uploads\/2022\/11\/Ilenia-Bavasso_edited-500x348.jpg 500w, https:\/\/www.bellunopress.it\/wp-content\/uploads\/2022\/11\/Ilenia-Bavasso_edited-696x484.jpg 696w, https:\/\/www.bellunopress.it\/wp-content\/uploads\/2022\/11\/Ilenia-Bavasso_edited-604x420.jpg 604w, https:\/\/www.bellunopress.it\/wp-content\/uploads\/2022\/11\/Ilenia-Bavasso_edited-100x70.jpg 100w\" sizes=\"auto, (max-width: 1000px) 100vw, 1000px\" \/><figcaption id=\"caption-attachment-137613\" class=\"wp-caption-text\">Avvocato Ilenia Bavasso &#8211; consigliere comunale (Insieme per Belluno &#8211; Bene Comune)<\/figcaption><\/figure>\n<p>In merito alle interrogazioni presentate dal Gruppo di Insieme per Belluno Bene Comune, Ilenia Bavasso ricorda che \u201cnel corso di questi anni mi sono interessata pi\u00f9 volte di sicurezza, anche stradale: dall&#8217;illuminazione pubblica e videosorveglianza, pista ciclabile di via Feltre, fino a via Andrea Alpago a Cavarzano su cui ho interrogato a novembre dello scorso anno e, nuovamente, ho dovuto interpellare la giunta proprio in questi giorni.<br \/>\nPeraltro a novembre, immediatamente dopo la mia interrogazione comunale, c\u2019\u00e8 stato un drammatico incidente in via Agordo che \u00e8 costato la vita ad una persona. Era gi\u00e0 noto che gli automobilisti corressero lungo quel rettilineo e che il rilevatore di velocit\u00e0 non li dissuadesse. E\u2019 noto che corrono anche in via Alpago dove, oltretutto, sono presenti due scuole e una casa di riposo, quindi diversi utenti deboli della strada. Anche qui \u00e8 stato installato un rilevatore di velocit\u00e0 (non autovelox) ma \u00e8 stato tarato per 50 km\/h nonostante la via abbia il limite di 30 km\/h, ad un\u2019altezza non consona e in un punto assolutamente inefficace a disincentivare tutti coloro che la mattina corrono \u2013 letteralmente \u2013 a lavoro da Fisterre verso Cusighe. Ho richiesto maggiore controllo da parte delle pattuglie ma non mi risulta che vi sia stato. Tantomeno le strisce pedonali e la segnaletica orizzontale della via sono stati ripassati, con grave rischio per bambini, anziani, ciclisti e tutti coloro che meritano particolare tutela nella circolazione stradale.<br \/>\nCome tutti i cittadini \u2013 continua la consigliera Bavasso &#8211; Io osservo strade dissestate per la messa in posa della fibra, ciclabili pericolose (come quella di via Feltre), promesse e inattuate (come la ciclopedonale che doveva essere un priorit\u00e0 per questa amministrazione, con tanto di invito in consiglio comunale della rappresentante degli abitanti di Levego), mancanza di controlli sui limiti di velocit\u00e0 e incidenti anche mortali, parcheggi abusivi e selvaggi, dossi installati in modi discutibili, luci stradali spente, lavori di manutenzione gi\u00e0 pronti e ritardati di anni e mi chiedo se a questa amministrazione interessi davvero la sicurezza stradale e, in generale, la sicurezza dei propri cittadini, oltre alle evidenti questioni di decoro urbano.<br \/>\nDue parole infine anche sull\u2019interrogazione riguardo all\u2019emergenza abitativa che stiamo vivendo anche nella nostra citt\u00e0 e provincia: non mi sembra che l\u2019attuale amministrazione sappia che la questione oramai interessa fortemente anche il ceto medio. Manca l\u2019offerta di case in locazione ma ci sono numerosissime case sfitte e in tantissimi scelgono di destinare il proprio immobile ad \u201caffitti brevi o turistici\u201d, anche abusivi. Il Comune dovrebbe quindi dare risposte concrete alle esigenze abitative di un territorio che si sta gi\u00e0 fortemente spopolando. Per ora mi sono solo state accennate (e non esposte) idee di progetti di cui il Comune \u201csta verificando la possibilit\u00e0\u201d, come recita la risposta alla mia interrogazione in merito.<br \/>\nIn conclusione, pi\u00f9 che fare pretenziosi calendari annuali delle riunioni del Consiglio, gi\u00e0 contraddetti pi\u00f9 volte, sarebbe pi\u00f9 utile e urgente programmare i consigli e le riunioni di Commissione in relazione ai tempi delle delibere da prendere.<\/p>\n<figure id=\"attachment_133441\" aria-describedby=\"caption-attachment-133441\" style=\"width: 702px\" class=\"wp-caption alignleft\"><img loading=\"lazy\" decoding=\"async\" class=\"size-full wp-image-133441\" src=\"https:\/\/www.bellunopress.it\/wp-content\/uploads\/2022\/05\/lucia-olivotto_edited.jpg\" alt=\"\" width=\"702\" height=\"1000\" srcset=\"https:\/\/www.bellunopress.it\/wp-content\/uploads\/2022\/05\/lucia-olivotto_edited.jpg 702w, https:\/\/www.bellunopress.it\/wp-content\/uploads\/2022\/05\/lucia-olivotto_edited-351x500.jpg 351w, https:\/\/www.bellunopress.it\/wp-content\/uploads\/2022\/05\/lucia-olivotto_edited-696x991.jpg 696w, https:\/\/www.bellunopress.it\/wp-content\/uploads\/2022\/05\/lucia-olivotto_edited-295x420.jpg 295w\" sizes=\"auto, (max-width: 702px) 100vw, 702px\" \/><figcaption id=\"caption-attachment-133441\" class=\"wp-caption-text\">Lucia Olivotto, dottore commercialista, consigliere di minoranza del Gruppo Insieme per Belluno bene comune<\/figcaption><\/figure>\n<p>\u00c8 evidente \u2013 chiosa la capogruppo Lucia Olivotto &#8211; che va costruita fin da subito una valida alternativa per la citt\u00e0 e la provincia. Per questo motivo Insieme per Belluno Bene Comune ha aderito alla lista del centro sinistra per le prossime elezioni provinciali. Pur essendo elezioni per un ente di secondo grado riteniamo importante creare un percorso con tutte le anime che si riconoscono nell\u2019area del centro sinistra e nei suoi temi fondamentali, al fine di costruire una alternativa per il futuro anche della citt\u00e0 di Belluno che oggi evidentemente sta perdendo terreno su temi importanti quali cultura, ambiente, mobilit\u00e0 e sta abdicando al ruolo di citt\u00e0 capoluogo.<\/p>","protected":false},"excerpt":{"rendered":"<p>Ancora un Consiglio praticamente senza delibere. Il Gruppo Consiliare della lista \u201cInsieme per Belluno Bene Comune\u201d esprime la sua ironica perplessit\u00e0 sull\u2019ordine del giorno del Consiglio comunale convocato per gioved\u00ec 29 febbraio. Praticamente solo le interrogazioni dell\u2019opposizione, numerosissime perch\u00e9 l\u2019ultimo Consiglio \u00e8 stato cancellato all\u2019ultimo momento, contraddicendo le promesse di programmazione e calendarizzazione delle sedute [&hellip;]<\/p>\n","protected":false},"author":2,"featured_media":113617,"comment_status":"closed","ping_status":"open","sticky":false,"template":"","format":"standard","meta":{"footnotes":""},"categories":[5],"tags":[],"class_list":["post-148686","post","type-post","status-publish","format-standard","has-post-thumbnail","category-cronaca"],"yoast_head":"<!-- This site is optimized with the Yoast SEO plugin v28.4 - https:\/\/yoast.com\/product\/yoast-seo-wordpress\/ -->\n<title>Belluno. Solo interrogazioni, ancora un consiglio comunale senza delibere. Insieme per Belluno ironizza - Bellunopress - Dolomiti<\/title>\n<meta name=\"robots\" content=\"index, follow, max-snippet:-1, max-image-preview:large, max-video-preview:-1\" \/>\n<link rel=\"canonical\" href=\"https:\/\/www.bellunopress.it\/fr\/2024\/02\/27\/belluno-solo-interrogazioni-ancora-un-consiglio-comunale-senza-delibere-insieme-per-belluno-ironizza\/\" \/>\n<meta property=\"og:locale\" content=\"fr_FR\" \/>\n<meta property=\"og:type\" content=\"article\" \/>\n<meta property=\"og:title\" content=\"Belluno. Solo interrogazioni, ancora un consiglio comunale senza delibere. Insieme per Belluno ironizza - Bellunopress - Dolomiti\" \/>\n<meta property=\"og:description\" content=\"Ancora un Consiglio praticamente senza delibere. Il Gruppo Consiliare della lista \u201cInsieme per Belluno Bene Comune\u201d esprime la sua ironica perplessit\u00e0 sull\u2019ordine del giorno del Consiglio comunale convocato per gioved\u00ec 29 febbraio. Praticamente solo le interrogazioni dell\u2019opposizione, numerosissime perch\u00e9 l\u2019ultimo Consiglio \u00e8 stato cancellato all\u2019ultimo momento, contraddicendo le promesse di programmazione e calendarizzazione delle sedute [&hellip;]\" \/>\n<meta property=\"og:url\" content=\"https:\/\/www.bellunopress.it\/fr\/2024\/02\/27\/belluno-solo-interrogazioni-ancora-un-consiglio-comunale-senza-delibere-insieme-per-belluno-ironizza\/\" \/>\n<meta property=\"og:site_name\" content=\"Bellunopress - Dolomiti\" \/>\n<meta property=\"article:publisher\" content=\"https:\/\/www.facebook.com\/profile.php?id=100008943462799\" \/>\n<meta property=\"article:published_time\" content=\"2024-02-27T13:02:30+00:00\" \/>\n<meta property=\"og:image\" content=\"https:\/\/www.bellunopress.it\/wp-content\/uploads\/2020\/04\/palazzo-rosso_edited.jpg\" \/>\n\t<meta property=\"og:image:width\" content=\"800\" \/>\n\t<meta property=\"og:image:height\" content=\"563\" \/>\n\t<meta property=\"og:image:type\" content=\"image\/jpeg\" \/>\n<meta name=\"author\" content=\"redazione\" \/>\n<meta name=\"twitter:card\" content=\"summary_large_image\" \/>\n<meta name=\"twitter:creator\" content=\"@bellunopress\" \/>\n<meta name=\"twitter:site\" content=\"@bellunopress\" \/>\n<meta name=\"twitter:label1\" content=\"\u00c9crit par\" \/>\n\t<meta name=\"twitter:data1\" content=\"redazione\" \/>\n\t<meta name=\"twitter:label2\" content=\"Dur\u00e9e de lecture estim\u00e9e\" \/>\n\t<meta name=\"twitter:data2\" content=\"5 minutes\" \/>\n<script type=\"application\/ld+json\" class=\"yoast-schema-graph\">{\"@context\":\"https:\\\/\\\/schema.org\",\"@graph\":[{\"@type\":\"Article\",\"@id\":\"https:\\\/\\\/www.bellunopress.it\\\/2024\\\/02\\\/27\\\/belluno-solo-interrogazioni-ancora-un-consiglio-comunale-senza-delibere-insieme-per-belluno-ironizza\\\/#article\",\"isPartOf\":{\"@id\":\"https:\\\/\\\/www.bellunopress.it\\\/2024\\\/02\\\/27\\\/belluno-solo-interrogazioni-ancora-un-consiglio-comunale-senza-delibere-insieme-per-belluno-ironizza\\\/\"},\"author\":{\"name\":\"redazione\",\"@id\":\"https:\\\/\\\/www.bellunopress.it\\\/#\\\/schema\\\/person\\\/79bb06722b37ece1c03d3e94beb30d73\"},\"headline\":\"Belluno. Solo interrogazioni, ancora un consiglio comunale senza delibere. Insieme per Belluno ironizza\",\"datePublished\":\"2024-02-27T13:02:30+00:00\",\"mainEntityOfPage\":{\"@id\":\"https:\\\/\\\/www.bellunopress.it\\\/2024\\\/02\\\/27\\\/belluno-solo-interrogazioni-ancora-un-consiglio-comunale-senza-delibere-insieme-per-belluno-ironizza\\\/\"},\"wordCount\":986,\"publisher\":{\"@id\":\"https:\\\/\\\/www.bellunopress.it\\\/#organization\"},\"image\":{\"@id\":\"https:\\\/\\\/www.bellunopress.it\\\/2024\\\/02\\\/27\\\/belluno-solo-interrogazioni-ancora-un-consiglio-comunale-senza-delibere-insieme-per-belluno-ironizza\\\/#primaryimage\"},\"thumbnailUrl\":\"https:\\\/\\\/www.bellunopress.it\\\/wp-content\\\/uploads\\\/2020\\\/04\\\/palazzo-rosso_edited.jpg\",\"articleSection\":[\"Cronaca\\\/Politica\"],\"inLanguage\":\"fr-FR\"},{\"@type\":\"WebPage\",\"@id\":\"https:\\\/\\\/www.bellunopress.it\\\/2024\\\/02\\\/27\\\/belluno-solo-interrogazioni-ancora-un-consiglio-comunale-senza-delibere-insieme-per-belluno-ironizza\\\/\",\"url\":\"https:\\\/\\\/www.bellunopress.it\\\/2024\\\/02\\\/27\\\/belluno-solo-interrogazioni-ancora-un-consiglio-comunale-senza-delibere-insieme-per-belluno-ironizza\\\/\",\"name\":\"Belluno. Solo interrogazioni, ancora un consiglio comunale senza delibere. Insieme per Belluno ironizza - Bellunopress - Dolomiti\",\"isPartOf\":{\"@id\":\"https:\\\/\\\/www.bellunopress.it\\\/#website\"},\"primaryImageOfPage\":{\"@id\":\"https:\\\/\\\/www.bellunopress.it\\\/2024\\\/02\\\/27\\\/belluno-solo-interrogazioni-ancora-un-consiglio-comunale-senza-delibere-insieme-per-belluno-ironizza\\\/#primaryimage\"},\"image\":{\"@id\":\"https:\\\/\\\/www.bellunopress.it\\\/2024\\\/02\\\/27\\\/belluno-solo-interrogazioni-ancora-un-consiglio-comunale-senza-delibere-insieme-per-belluno-ironizza\\\/#primaryimage\"},\"thumbnailUrl\":\"https:\\\/\\\/www.bellunopress.it\\\/wp-content\\\/uploads\\\/2020\\\/04\\\/palazzo-rosso_edited.jpg\",\"datePublished\":\"2024-02-27T13:02:30+00:00\",\"breadcrumb\":{\"@id\":\"https:\\\/\\\/www.bellunopress.it\\\/2024\\\/02\\\/27\\\/belluno-solo-interrogazioni-ancora-un-consiglio-comunale-senza-delibere-insieme-per-belluno-ironizza\\\/#breadcrumb\"},\"inLanguage\":\"fr-FR\",\"potentialAction\":[{\"@type\":\"ReadAction\",\"target\":[\"https:\\\/\\\/www.bellunopress.it\\\/2024\\\/02\\\/27\\\/belluno-solo-interrogazioni-ancora-un-consiglio-comunale-senza-delibere-insieme-per-belluno-ironizza\\\/\"]}]},{\"@type\":\"ImageObject\",\"inLanguage\":\"fr-FR\",\"@id\":\"https:\\\/\\\/www.bellunopress.it\\\/2024\\\/02\\\/27\\\/belluno-solo-interrogazioni-ancora-un-consiglio-comunale-senza-delibere-insieme-per-belluno-ironizza\\\/#primaryimage\",\"url\":\"https:\\\/\\\/www.bellunopress.it\\\/wp-content\\\/uploads\\\/2020\\\/04\\\/palazzo-rosso_edited.jpg\",\"contentUrl\":\"https:\\\/\\\/www.bellunopress.it\\\/wp-content\\\/uploads\\\/2020\\\/04\\\/palazzo-rosso_edited.jpg\",\"width\":800,\"height\":563,\"caption\":\"Palazzo Rosso, sede dell'amministrazione comunale di Belluno\"},{\"@type\":\"BreadcrumbList\",\"@id\":\"https:\\\/\\\/www.bellunopress.it\\\/2024\\\/02\\\/27\\\/belluno-solo-interrogazioni-ancora-un-consiglio-comunale-senza-delibere-insieme-per-belluno-ironizza\\\/#breadcrumb\",\"itemListElement\":[{\"@type\":\"ListItem\",\"position\":1,\"name\":\"Home\",\"item\":\"https:\\\/\\\/www.bellunopress.it\\\/\"},{\"@type\":\"ListItem\",\"position\":2,\"name\":\"Belluno. Solo interrogazioni, ancora un consiglio comunale senza delibere. Insieme per Belluno ironizza\"}]},{\"@type\":\"WebSite\",\"@id\":\"https:\\\/\\\/www.bellunopress.it\\\/#website\",\"url\":\"https:\\\/\\\/www.bellunopress.it\\\/\",\"name\":\"Bellunopress - Dolomiti\",\"description\":\"e-mail: redazione@bellunopress.it\",\"publisher\":{\"@id\":\"https:\\\/\\\/www.bellunopress.it\\\/#organization\"},\"potentialAction\":[{\"@type\":\"SearchAction\",\"target\":{\"@type\":\"EntryPoint\",\"urlTemplate\":\"https:\\\/\\\/www.bellunopress.it\\\/?s={search_term_string}\"},\"query-input\":{\"@type\":\"PropertyValueSpecification\",\"valueRequired\":true,\"valueName\":\"search_term_string\"}}],\"inLanguage\":\"fr-FR\"},{\"@type\":\"Organization\",\"@id\":\"https:\\\/\\\/www.bellunopress.it\\\/#organization\",\"name\":\"Bellunopress\",\"url\":\"https:\\\/\\\/www.bellunopress.it\\\/\",\"logo\":{\"@type\":\"ImageObject\",\"inLanguage\":\"fr-FR\",\"@id\":\"https:\\\/\\\/www.bellunopress.it\\\/#\\\/schema\\\/logo\\\/image\\\/\",\"url\":\"https:\\\/\\\/www.bellunopress.it\\\/wp-content\\\/uploads\\\/2011\\\/05\\\/cropped-logo-bellunopress-.jpg\",\"contentUrl\":\"https:\\\/\\\/www.bellunopress.it\\\/wp-content\\\/uploads\\\/2011\\\/05\\\/cropped-logo-bellunopress-.jpg\",\"width\":512,\"height\":512,\"caption\":\"Bellunopress\"},\"image\":{\"@id\":\"https:\\\/\\\/www.bellunopress.it\\\/#\\\/schema\\\/logo\\\/image\\\/\"},\"sameAs\":[\"https:\\\/\\\/www.facebook.com\\\/profile.php?id=100008943462799\",\"https:\\\/\\\/x.com\\\/bellunopress\",\"https:\\\/\\\/www.linkedin.com\\\/hp\\\/?dnr=JBzUWaJfMUw8vbXJJ2tVW5-I3jZKvC4wsoxE&amp;amp;amp;amp;amp;amp;trk=nav_responsive_tab_home\",\"https:\\\/\\\/www.youtube.com\\\/channel\\\/UCxL0wu1uN0_3_7hGG0306cw\"]},{\"@type\":\"Person\",\"@id\":\"https:\\\/\\\/www.bellunopress.it\\\/#\\\/schema\\\/person\\\/79bb06722b37ece1c03d3e94beb30d73\",\"name\":\"redazione\",\"image\":{\"@type\":\"ImageObject\",\"inLanguage\":\"fr-FR\",\"@id\":\"https:\\\/\\\/secure.gravatar.com\\\/avatar\\\/37d968a2e67a6fd04c169c4bdef102d0bc5d31b2546345219e348575eb80e9a0?s=96&d=mm&r=g\",\"url\":\"https:\\\/\\\/secure.gravatar.com\\\/avatar\\\/37d968a2e67a6fd04c169c4bdef102d0bc5d31b2546345219e348575eb80e9a0?s=96&d=mm&r=g\",\"contentUrl\":\"https:\\\/\\\/secure.gravatar.com\\\/avatar\\\/37d968a2e67a6fd04c169c4bdef102d0bc5d31b2546345219e348575eb80e9a0?s=96&d=mm&r=g\",\"caption\":\"redazione\"},\"sameAs\":[\"http:\\\/\\\/www.bellunopress.it\",\"https:\\\/\\\/x.com\\\/bellunopress\"],\"url\":\"https:\\\/\\\/www.bellunopress.it\\\/fr\\\/author\\\/redazione\\\/\"}]}<\/script>\n<!-- \/ Yoast SEO plugin. -->","yoast_head_json":{"title":"Belluno. Solo interrogazioni, ancora un consiglio comunale senza delibere. Insieme per Belluno ironizza - Bellunopress - Dolomiti","robots":{"index":"index","follow":"follow","max-snippet":"max-snippet:-1","max-image-preview":"max-image-preview:large","max-video-preview":"max-video-preview:-1"},"canonical":"https:\/\/www.bellunopress.it\/fr\/2024\/02\/27\/belluno-solo-interrogazioni-ancora-un-consiglio-comunale-senza-delibere-insieme-per-belluno-ironizza\/","og_locale":"fr_FR","og_type":"article","og_title":"Belluno. Solo interrogazioni, ancora un consiglio comunale senza delibere. Insieme per Belluno ironizza - Bellunopress - Dolomiti","og_description":"Ancora un Consiglio praticamente senza delibere. Il Gruppo Consiliare della lista \u201cInsieme per Belluno Bene Comune\u201d esprime la sua ironica perplessit\u00e0 sull\u2019ordine del giorno del Consiglio comunale convocato per gioved\u00ec 29 febbraio. Praticamente solo le interrogazioni dell\u2019opposizione, numerosissime perch\u00e9 l\u2019ultimo Consiglio \u00e8 stato cancellato all\u2019ultimo momento, contraddicendo le promesse di programmazione e calendarizzazione delle sedute [&hellip;]","og_url":"https:\/\/www.bellunopress.it\/fr\/2024\/02\/27\/belluno-solo-interrogazioni-ancora-un-consiglio-comunale-senza-delibere-insieme-per-belluno-ironizza\/","og_site_name":"Bellunopress - Dolomiti","article_publisher":"https:\/\/www.facebook.com\/profile.php?id=100008943462799","article_published_time":"2024-02-27T13:02:30+00:00","og_image":[{"width":800,"height":563,"url":"https:\/\/www.bellunopress.it\/wp-content\/uploads\/2020\/04\/palazzo-rosso_edited.jpg","type":"image\/jpeg"}],"author":"redazione","twitter_card":"summary_large_image","twitter_creator":"@bellunopress","twitter_site":"@bellunopress","twitter_misc":{"\u00c9crit par":"redazione","Dur\u00e9e de lecture estim\u00e9e":"5 minutes"},"schema":{"@context":"https:\/\/schema.org","@graph":[{"@type":"Article","@id":"https:\/\/www.bellunopress.it\/2024\/02\/27\/belluno-solo-interrogazioni-ancora-un-consiglio-comunale-senza-delibere-insieme-per-belluno-ironizza\/#article","isPartOf":{"@id":"https:\/\/www.bellunopress.it\/2024\/02\/27\/belluno-solo-interrogazioni-ancora-un-consiglio-comunale-senza-delibere-insieme-per-belluno-ironizza\/"},"author":{"name":"redazione","@id":"https:\/\/www.bellunopress.it\/#\/schema\/person\/79bb06722b37ece1c03d3e94beb30d73"},"headline":"Belluno. Solo interrogazioni, ancora un consiglio comunale senza delibere. Insieme per Belluno ironizza","datePublished":"2024-02-27T13:02:30+00:00","mainEntityOfPage":{"@id":"https:\/\/www.bellunopress.it\/2024\/02\/27\/belluno-solo-interrogazioni-ancora-un-consiglio-comunale-senza-delibere-insieme-per-belluno-ironizza\/"},"wordCount":986,"publisher":{"@id":"https:\/\/www.bellunopress.it\/#organization"},"image":{"@id":"https:\/\/www.bellunopress.it\/2024\/02\/27\/belluno-solo-interrogazioni-ancora-un-consiglio-comunale-senza-delibere-insieme-per-belluno-ironizza\/#primaryimage"},"thumbnailUrl":"https:\/\/www.bellunopress.it\/wp-content\/uploads\/2020\/04\/palazzo-rosso_edited.jpg","articleSection":["Cronaca\/Politica"],"inLanguage":"fr-FR"},{"@type":"WebPage","@id":"https:\/\/www.bellunopress.it\/2024\/02\/27\/belluno-solo-interrogazioni-ancora-un-consiglio-comunale-senza-delibere-insieme-per-belluno-ironizza\/","url":"https:\/\/www.bellunopress.it\/2024\/02\/27\/belluno-solo-interrogazioni-ancora-un-consiglio-comunale-senza-delibere-insieme-per-belluno-ironizza\/","name":"Belluno. Solo interrogazioni, ancora un consiglio comunale senza delibere. Insieme per Belluno ironizza - Bellunopress - Dolomiti","isPartOf":{"@id":"https:\/\/www.bellunopress.it\/#website"},"primaryImageOfPage":{"@id":"https:\/\/www.bellunopress.it\/2024\/02\/27\/belluno-solo-interrogazioni-ancora-un-consiglio-comunale-senza-delibere-insieme-per-belluno-ironizza\/#primaryimage"},"image":{"@id":"https:\/\/www.bellunopress.it\/2024\/02\/27\/belluno-solo-interrogazioni-ancora-un-consiglio-comunale-senza-delibere-insieme-per-belluno-ironizza\/#primaryimage"},"thumbnailUrl":"https:\/\/www.bellunopress.it\/wp-content\/uploads\/2020\/04\/palazzo-rosso_edited.jpg","datePublished":"2024-02-27T13:02:30+00:00","breadcrumb":{"@id":"https:\/\/www.bellunopress.it\/2024\/02\/27\/belluno-solo-interrogazioni-ancora-un-consiglio-comunale-senza-delibere-insieme-per-belluno-ironizza\/#breadcrumb"},"inLanguage":"fr-FR","potentialAction":[{"@type":"ReadAction","target":["https:\/\/www.bellunopress.it\/2024\/02\/27\/belluno-solo-interrogazioni-ancora-un-consiglio-comunale-senza-delibere-insieme-per-belluno-ironizza\/"]}]},{"@type":"ImageObject","inLanguage":"fr-FR","@id":"https:\/\/www.bellunopress.it\/2024\/02\/27\/belluno-solo-interrogazioni-ancora-un-consiglio-comunale-senza-delibere-insieme-per-belluno-ironizza\/#primaryimage","url":"https:\/\/www.bellunopress.it\/wp-content\/uploads\/2020\/04\/palazzo-rosso_edited.jpg","contentUrl":"https:\/\/www.bellunopress.it\/wp-content\/uploads\/2020\/04\/palazzo-rosso_edited.jpg","width":800,"height":563,"caption":"Palazzo Rosso, sede dell'amministrazione comunale di Belluno"},{"@type":"BreadcrumbList","@id":"https:\/\/www.bellunopress.it\/2024\/02\/27\/belluno-solo-interrogazioni-ancora-un-consiglio-comunale-senza-delibere-insieme-per-belluno-ironizza\/#breadcrumb","itemListElement":[{"@type":"ListItem","position":1,"name":"Home","item":"https:\/\/www.bellunopress.it\/"},{"@type":"ListItem","position":2,"name":"Belluno. Solo interrogazioni, ancora un consiglio comunale senza delibere. Insieme per Belluno ironizza"}]},{"@type":"WebSite","@id":"https:\/\/www.bellunopress.it\/#website","url":"https:\/\/www.bellunopress.it\/","name":"Bellunopress - Dolomiti","description":"e-mail: redazione@bellunopress.it","publisher":{"@id":"https:\/\/www.bellunopress.it\/#organization"},"potentialAction":[{"@type":"SearchAction","target":{"@type":"EntryPoint","urlTemplate":"https:\/\/www.bellunopress.it\/?s={search_term_string}"},"query-input":{"@type":"PropertyValueSpecification","valueRequired":true,"valueName":"search_term_string"}}],"inLanguage":"fr-FR"},{"@type":"Organization","@id":"https:\/\/www.bellunopress.it\/#organization","name":"Bellunopress","url":"https:\/\/www.bellunopress.it\/","logo":{"@type":"ImageObject","inLanguage":"fr-FR","@id":"https:\/\/www.bellunopress.it\/#\/schema\/logo\/image\/","url":"https:\/\/www.bellunopress.it\/wp-content\/uploads\/2011\/05\/cropped-logo-bellunopress-.jpg","contentUrl":"https:\/\/www.bellunopress.it\/wp-content\/uploads\/2011\/05\/cropped-logo-bellunopress-.jpg","width":512,"height":512,"caption":"Bellunopress"},"image":{"@id":"https:\/\/www.bellunopress.it\/#\/schema\/logo\/image\/"},"sameAs":["https:\/\/www.facebook.com\/profile.php?id=100008943462799","https:\/\/x.com\/bellunopress","https:\/\/www.linkedin.com\/hp\/?dnr=JBzUWaJfMUw8vbXJJ2tVW5-I3jZKvC4wsoxE&amp;amp;amp;amp;amp;amp;trk=nav_responsive_tab_home","https:\/\/www.youtube.com\/channel\/UCxL0wu1uN0_3_7hGG0306cw"]},{"@type":"Person","@id":"https:\/\/www.bellunopress.it\/#\/schema\/person\/79bb06722b37ece1c03d3e94beb30d73","name":"r\u00e9daction","image":{"@type":"ImageObject","inLanguage":"fr-FR","@id":"https:\/\/secure.gravatar.com\/avatar\/37d968a2e67a6fd04c169c4bdef102d0bc5d31b2546345219e348575eb80e9a0?s=96&d=mm&r=g","url":"https:\/\/secure.gravatar.com\/avatar\/37d968a2e67a6fd04c169c4bdef102d0bc5d31b2546345219e348575eb80e9a0?s=96&d=mm&r=g","contentUrl":"https:\/\/secure.gravatar.com\/avatar\/37d968a2e67a6fd04c169c4bdef102d0bc5d31b2546345219e348575eb80e9a0?s=96&d=mm&r=g","caption":"redazione"},"sameAs":["http:\/\/www.bellunopress.it","https:\/\/x.com\/bellunopress"],"url":"https:\/\/www.bellunopress.it\/fr\/author\/redazione\/"}]}},"_links":{"self":[{"href":"https:\/\/www.bellunopress.it\/fr\/wp-json\/wp\/v2\/posts\/148686","targetHints":{"allow":["GET"]}}],"collection":[{"href":"https:\/\/www.bellunopress.it\/fr\/wp-json\/wp\/v2\/posts"}],"about":[{"href":"https:\/\/www.bellunopress.it\/fr\/wp-json\/wp\/v2\/types\/post"}],"author":[{"embeddable":true,"href":"https:\/\/www.bellunopress.it\/fr\/wp-json\/wp\/v2\/users\/2"}],"replies":[{"embeddable":true,"href":"https:\/\/www.bellunopress.it\/fr\/wp-json\/wp\/v2\/comments?post=148686"}],"version-history":[{"count":1,"href":"https:\/\/www.bellunopress.it\/fr\/wp-json\/wp\/v2\/posts\/148686\/revisions"}],"predecessor-version":[{"id":148687,"href":"https:\/\/www.bellunopress.it\/fr\/wp-json\/wp\/v2\/posts\/148686\/revisions\/148687"}],"wp:featuredmedia":[{"embeddable":true,"href":"https:\/\/www.bellunopress.it\/fr\/wp-json\/wp\/v2\/media\/113617"}],"wp:attachment":[{"href":"https:\/\/www.bellunopress.it\/fr\/wp-json\/wp\/v2\/media?parent=148686"}],"wp:term":[{"taxonomy":"category","embeddable":true,"href":"https:\/\/www.bellunopress.it\/fr\/wp-json\/wp\/v2\/categories?post=148686"},{"taxonomy":"post_tag","embeddable":true,"href":"https:\/\/www.bellunopress.it\/fr\/wp-json\/wp\/v2\/tags?post=148686"}],"curies":[{"name":"wp","href":"https:\/\/api.w.org\/{rel}","templated":true}]}}