{"id":148681,"date":"2024-02-27T12:12:26","date_gmt":"2024-02-27T11:12:26","guid":{"rendered":"https:\/\/www.bellunopress.it\/?p=148681"},"modified":"2024-02-27T12:12:26","modified_gmt":"2024-02-27T11:12:26","slug":"edilizia-cna-veneto-la-patente-a-punti-e-un-palliativo-dubbi-su-subappalti-a-cascata","status":"publish","type":"post","link":"https:\/\/www.bellunopress.it\/fr\/2024\/02\/27\/edilizia-cna-veneto-la-patente-a-punti-e-un-palliativo-dubbi-su-subappalti-a-cascata\/","title":{"rendered":"Edilizia. Cna Veneto: la patente a punti \u00e8 un palliativo; dubbi su subappalti &#8220;a cascata&#8221;"},"content":{"rendered":"<p><em><strong><img loading=\"lazy\" decoding=\"async\" class=\"alignleft size-full wp-image-122517\" src=\"https:\/\/www.bellunopress.it\/wp-content\/uploads\/2021\/03\/CNA-Veneto_edited.jpg\" alt=\"\" width=\"1000\" height=\"563\" srcset=\"https:\/\/www.bellunopress.it\/wp-content\/uploads\/2021\/03\/CNA-Veneto_edited.jpg 1000w, https:\/\/www.bellunopress.it\/wp-content\/uploads\/2021\/03\/CNA-Veneto_edited-500x282.jpg 500w, https:\/\/www.bellunopress.it\/wp-content\/uploads\/2021\/03\/CNA-Veneto_edited-696x392.jpg 696w, https:\/\/www.bellunopress.it\/wp-content\/uploads\/2021\/03\/CNA-Veneto_edited-746x420.jpg 746w\" sizes=\"auto, (max-width: 1000px) 100vw, 1000px\" \/>I vertici di CNA Veneto: \u00abPuntiamo sulla legge di accesso alla professione per promuovere anche la sicurezza sul lavoro. Patenti a punti utili ma non funzionali se non vi siano a monte funzioni di controllo. Subappalti &#8220;a cascata&#8221;: chi si aggiudica un appalto deve possedere al proprio interno tutte le competenze necessarie. La vera sicurezza deriva dal controllo e dalla verifica delle competenze\u00bb<\/strong><\/em><\/p>\n<p>Marghera, 27 febbraio 2024. Le recenti vicende di cronaca legate alla sicurezza nei cantieri impongono una profonda riflessione sulle procedure.<\/p>\n<p>\u00abPer la qualificazione delle imprese il primo e fondamentale passo \u00e8 una legge sull&#8217;accesso alla professione perch\u00e9 \u00e8 uno strumento che pu\u00f2 evitare abusi da parte di soggetti impropri.\u00bb<\/p>\n<p>Questa la linea di CNA Veneto relativamente alle riflessioni scaturite a seguito dell&#8217;incidente di Fornacette (PI), con particolare riferimento al comparto Costruzioni-Edilizia che nel 2019 contava 3.100 imprese iscritte. Con lo strumento fiscale del Superbonus, nel 2022 le imprese iscritte sono diventate 3.675 e nel 2023 il numero di imprese \u00e8 calato a 3.493 imprese. Praticamente in quattro anni, solo con l&#8217;iscrizione alla Camera di Commercio, sono state aperte 575 imprese delle quali con lo scorso anno 182 sono cessate, mentre 393 imprese sono ancora in attivit\u00e0.<\/p>\n<p>I Vertici di CNA Veneto: \u00abLa sola iscrizione alla Camera di Commercio per poter operare in un settore cos\u00ec impegnativo come quello dell&#8217;Edilizia non pu\u00f2 assolutamente bastare: la legge per l&#8217;accesso alla professione non \u00e8 pi\u00f9 rinviabile.\u00bb<\/p>\n<p>Molti sono comunque i fronti aperti su di un tema che si collega direttamente alla sicurezza nei cantieri oltre che alla correttezza nell&#8217;esecuzione dei lavori per evitare distorsioni quali quelle che verificate in occasione dei recenti bonus.<\/p>\n<p>\u00abAnche sulla patente a crediti, ad esempio, come CNA Veneto nutriamo forti dubbi: potrebbe rappresentare un deterrente sulla carta, ma alla resa dei fatti non \u00e8 funzionale per distinguere le imprese corrette da quelle meno corrette se non vi siano a monte funzioni di controllo. Verifiche che vengono rese ancor pi\u00f9 difficili nel caso dei subappalti &#8220;a cascata&#8221;: da sempre sosteniamo che chi si aggiudica un appalto debba possedere al proprio interno tutte le competenze necessarie per lo svolgimento del lavoro commissionato.\u00bb<\/p>\n<p>Cna Veneto sostiene infine che l&#8217;attenzione ora vada focalizzata anche sui controlli: \u00abVa aumentato il numero degli ispettori, ma \u00e8 senz&#8217;altro prioritario garantire che i controlli in essere siano mirati, efficaci e concentrati sugli aspetti sostanziali e non formali. La vera sicurezza deriva dal controllo e dalle competenze verificate.\u00bb<\/p>","protected":false},"excerpt":{"rendered":"<p>I vertici di CNA Veneto: \u00abPuntiamo sulla legge di accesso alla professione per promuovere anche la sicurezza sul lavoro. Patenti a punti utili ma non funzionali se non vi siano a monte funzioni di controllo. Subappalti &#8220;a cascata&#8221;: chi si aggiudica un appalto deve possedere al proprio interno tutte le competenze necessarie. La vera sicurezza [&hellip;]<\/p>\n","protected":false},"author":2,"featured_media":122517,"comment_status":"closed","ping_status":"open","sticky":false,"template":"","format":"standard","meta":{"footnotes":""},"categories":[36,26],"tags":[],"class_list":["post-148681","post","type-post","status-publish","format-standard","has-post-thumbnail","category-lavoro-economia","category-prima-pagina"],"yoast_head":"<!-- This site is optimized with the Yoast SEO plugin v28.4 - https:\/\/yoast.com\/product\/yoast-seo-wordpress\/ -->\n<title>Edilizia. Cna Veneto: la patente a punti \u00e8 un palliativo; dubbi su subappalti &quot;a cascata&quot; - Bellunopress - Dolomiti<\/title>\n<meta name=\"robots\" content=\"index, follow, max-snippet:-1, max-image-preview:large, max-video-preview:-1\" \/>\n<link rel=\"canonical\" href=\"https:\/\/www.bellunopress.it\/fr\/2024\/02\/27\/edilizia-cna-veneto-la-patente-a-punti-e-un-palliativo-dubbi-su-subappalti-a-cascata\/\" \/>\n<meta property=\"og:locale\" content=\"fr_FR\" \/>\n<meta property=\"og:type\" content=\"article\" \/>\n<meta property=\"og:title\" content=\"Edilizia. Cna Veneto: la patente a punti \u00e8 un palliativo; dubbi su subappalti &quot;a cascata&quot; - Bellunopress - Dolomiti\" \/>\n<meta property=\"og:description\" content=\"I vertici di CNA Veneto: \u00abPuntiamo sulla legge di accesso alla professione per promuovere anche la sicurezza sul lavoro. Patenti a punti utili ma non funzionali se non vi siano a monte funzioni di controllo. Subappalti &#8220;a cascata&#8221;: chi si aggiudica un appalto deve possedere al proprio interno tutte le competenze necessarie. La vera sicurezza [&hellip;]\" \/>\n<meta property=\"og:url\" content=\"https:\/\/www.bellunopress.it\/fr\/2024\/02\/27\/edilizia-cna-veneto-la-patente-a-punti-e-un-palliativo-dubbi-su-subappalti-a-cascata\/\" \/>\n<meta property=\"og:site_name\" content=\"Bellunopress - Dolomiti\" \/>\n<meta property=\"article:publisher\" content=\"https:\/\/www.facebook.com\/profile.php?id=100008943462799\" \/>\n<meta property=\"article:published_time\" content=\"2024-02-27T11:12:26+00:00\" \/>\n<meta property=\"og:image\" content=\"https:\/\/www.bellunopress.it\/wp-content\/uploads\/2021\/03\/CNA-Veneto_edited.jpg\" \/>\n\t<meta property=\"og:image:width\" content=\"1000\" \/>\n\t<meta property=\"og:image:height\" content=\"563\" \/>\n\t<meta property=\"og:image:type\" content=\"image\/jpeg\" \/>\n<meta name=\"author\" content=\"redazione\" \/>\n<meta name=\"twitter:card\" content=\"summary_large_image\" \/>\n<meta name=\"twitter:creator\" content=\"@bellunopress\" \/>\n<meta name=\"twitter:site\" content=\"@bellunopress\" \/>\n<meta name=\"twitter:label1\" content=\"\u00c9crit par\" \/>\n\t<meta name=\"twitter:data1\" content=\"redazione\" \/>\n\t<meta name=\"twitter:label2\" content=\"Dur\u00e9e de lecture estim\u00e9e\" \/>\n\t<meta name=\"twitter:data2\" content=\"2 minutes\" \/>\n<script type=\"application\/ld+json\" class=\"yoast-schema-graph\">{\"@context\":\"https:\\\/\\\/schema.org\",\"@graph\":[{\"@type\":\"Article\",\"@id\":\"https:\\\/\\\/www.bellunopress.it\\\/2024\\\/02\\\/27\\\/edilizia-cna-veneto-la-patente-a-punti-e-un-palliativo-dubbi-su-subappalti-a-cascata\\\/#article\",\"isPartOf\":{\"@id\":\"https:\\\/\\\/www.bellunopress.it\\\/2024\\\/02\\\/27\\\/edilizia-cna-veneto-la-patente-a-punti-e-un-palliativo-dubbi-su-subappalti-a-cascata\\\/\"},\"author\":{\"name\":\"redazione\",\"@id\":\"https:\\\/\\\/www.bellunopress.it\\\/#\\\/schema\\\/person\\\/79bb06722b37ece1c03d3e94beb30d73\"},\"headline\":\"Edilizia. Cna Veneto: la patente a punti \u00e8 un palliativo; dubbi su subappalti &#8220;a cascata&#8221;\",\"datePublished\":\"2024-02-27T11:12:26+00:00\",\"mainEntityOfPage\":{\"@id\":\"https:\\\/\\\/www.bellunopress.it\\\/2024\\\/02\\\/27\\\/edilizia-cna-veneto-la-patente-a-punti-e-un-palliativo-dubbi-su-subappalti-a-cascata\\\/\"},\"wordCount\":409,\"publisher\":{\"@id\":\"https:\\\/\\\/www.bellunopress.it\\\/#organization\"},\"image\":{\"@id\":\"https:\\\/\\\/www.bellunopress.it\\\/2024\\\/02\\\/27\\\/edilizia-cna-veneto-la-patente-a-punti-e-un-palliativo-dubbi-su-subappalti-a-cascata\\\/#primaryimage\"},\"thumbnailUrl\":\"https:\\\/\\\/www.bellunopress.it\\\/wp-content\\\/uploads\\\/2021\\\/03\\\/CNA-Veneto_edited.jpg\",\"articleSection\":[\"Lavoro, Economia, Turismo\",\"Prima Pagina\"],\"inLanguage\":\"fr-FR\"},{\"@type\":\"WebPage\",\"@id\":\"https:\\\/\\\/www.bellunopress.it\\\/2024\\\/02\\\/27\\\/edilizia-cna-veneto-la-patente-a-punti-e-un-palliativo-dubbi-su-subappalti-a-cascata\\\/\",\"url\":\"https:\\\/\\\/www.bellunopress.it\\\/2024\\\/02\\\/27\\\/edilizia-cna-veneto-la-patente-a-punti-e-un-palliativo-dubbi-su-subappalti-a-cascata\\\/\",\"name\":\"Edilizia. Cna Veneto: la patente a punti \u00e8 un palliativo; dubbi su subappalti \\\"a cascata\\\" - Bellunopress - Dolomiti\",\"isPartOf\":{\"@id\":\"https:\\\/\\\/www.bellunopress.it\\\/#website\"},\"primaryImageOfPage\":{\"@id\":\"https:\\\/\\\/www.bellunopress.it\\\/2024\\\/02\\\/27\\\/edilizia-cna-veneto-la-patente-a-punti-e-un-palliativo-dubbi-su-subappalti-a-cascata\\\/#primaryimage\"},\"image\":{\"@id\":\"https:\\\/\\\/www.bellunopress.it\\\/2024\\\/02\\\/27\\\/edilizia-cna-veneto-la-patente-a-punti-e-un-palliativo-dubbi-su-subappalti-a-cascata\\\/#primaryimage\"},\"thumbnailUrl\":\"https:\\\/\\\/www.bellunopress.it\\\/wp-content\\\/uploads\\\/2021\\\/03\\\/CNA-Veneto_edited.jpg\",\"datePublished\":\"2024-02-27T11:12:26+00:00\",\"breadcrumb\":{\"@id\":\"https:\\\/\\\/www.bellunopress.it\\\/2024\\\/02\\\/27\\\/edilizia-cna-veneto-la-patente-a-punti-e-un-palliativo-dubbi-su-subappalti-a-cascata\\\/#breadcrumb\"},\"inLanguage\":\"fr-FR\",\"potentialAction\":[{\"@type\":\"ReadAction\",\"target\":[\"https:\\\/\\\/www.bellunopress.it\\\/2024\\\/02\\\/27\\\/edilizia-cna-veneto-la-patente-a-punti-e-un-palliativo-dubbi-su-subappalti-a-cascata\\\/\"]}]},{\"@type\":\"ImageObject\",\"inLanguage\":\"fr-FR\",\"@id\":\"https:\\\/\\\/www.bellunopress.it\\\/2024\\\/02\\\/27\\\/edilizia-cna-veneto-la-patente-a-punti-e-un-palliativo-dubbi-su-subappalti-a-cascata\\\/#primaryimage\",\"url\":\"https:\\\/\\\/www.bellunopress.it\\\/wp-content\\\/uploads\\\/2021\\\/03\\\/CNA-Veneto_edited.jpg\",\"contentUrl\":\"https:\\\/\\\/www.bellunopress.it\\\/wp-content\\\/uploads\\\/2021\\\/03\\\/CNA-Veneto_edited.jpg\",\"width\":1000,\"height\":563},{\"@type\":\"BreadcrumbList\",\"@id\":\"https:\\\/\\\/www.bellunopress.it\\\/2024\\\/02\\\/27\\\/edilizia-cna-veneto-la-patente-a-punti-e-un-palliativo-dubbi-su-subappalti-a-cascata\\\/#breadcrumb\",\"itemListElement\":[{\"@type\":\"ListItem\",\"position\":1,\"name\":\"Home\",\"item\":\"https:\\\/\\\/www.bellunopress.it\\\/\"},{\"@type\":\"ListItem\",\"position\":2,\"name\":\"Edilizia. Cna Veneto: la patente a punti \u00e8 un palliativo; dubbi su subappalti &#8220;a cascata&#8221;\"}]},{\"@type\":\"WebSite\",\"@id\":\"https:\\\/\\\/www.bellunopress.it\\\/#website\",\"url\":\"https:\\\/\\\/www.bellunopress.it\\\/\",\"name\":\"Bellunopress - Dolomiti\",\"description\":\"e-mail: redazione@bellunopress.it\",\"publisher\":{\"@id\":\"https:\\\/\\\/www.bellunopress.it\\\/#organization\"},\"potentialAction\":[{\"@type\":\"SearchAction\",\"target\":{\"@type\":\"EntryPoint\",\"urlTemplate\":\"https:\\\/\\\/www.bellunopress.it\\\/?s={search_term_string}\"},\"query-input\":{\"@type\":\"PropertyValueSpecification\",\"valueRequired\":true,\"valueName\":\"search_term_string\"}}],\"inLanguage\":\"fr-FR\"},{\"@type\":\"Organization\",\"@id\":\"https:\\\/\\\/www.bellunopress.it\\\/#organization\",\"name\":\"Bellunopress\",\"url\":\"https:\\\/\\\/www.bellunopress.it\\\/\",\"logo\":{\"@type\":\"ImageObject\",\"inLanguage\":\"fr-FR\",\"@id\":\"https:\\\/\\\/www.bellunopress.it\\\/#\\\/schema\\\/logo\\\/image\\\/\",\"url\":\"https:\\\/\\\/www.bellunopress.it\\\/wp-content\\\/uploads\\\/2011\\\/05\\\/cropped-logo-bellunopress-.jpg\",\"contentUrl\":\"https:\\\/\\\/www.bellunopress.it\\\/wp-content\\\/uploads\\\/2011\\\/05\\\/cropped-logo-bellunopress-.jpg\",\"width\":512,\"height\":512,\"caption\":\"Bellunopress\"},\"image\":{\"@id\":\"https:\\\/\\\/www.bellunopress.it\\\/#\\\/schema\\\/logo\\\/image\\\/\"},\"sameAs\":[\"https:\\\/\\\/www.facebook.com\\\/profile.php?id=100008943462799\",\"https:\\\/\\\/x.com\\\/bellunopress\",\"https:\\\/\\\/www.linkedin.com\\\/hp\\\/?dnr=JBzUWaJfMUw8vbXJJ2tVW5-I3jZKvC4wsoxE&amp;amp;amp;amp;amp;amp;trk=nav_responsive_tab_home\",\"https:\\\/\\\/www.youtube.com\\\/channel\\\/UCxL0wu1uN0_3_7hGG0306cw\"]},{\"@type\":\"Person\",\"@id\":\"https:\\\/\\\/www.bellunopress.it\\\/#\\\/schema\\\/person\\\/79bb06722b37ece1c03d3e94beb30d73\",\"name\":\"redazione\",\"image\":{\"@type\":\"ImageObject\",\"inLanguage\":\"fr-FR\",\"@id\":\"https:\\\/\\\/secure.gravatar.com\\\/avatar\\\/37d968a2e67a6fd04c169c4bdef102d0bc5d31b2546345219e348575eb80e9a0?s=96&d=mm&r=g\",\"url\":\"https:\\\/\\\/secure.gravatar.com\\\/avatar\\\/37d968a2e67a6fd04c169c4bdef102d0bc5d31b2546345219e348575eb80e9a0?s=96&d=mm&r=g\",\"contentUrl\":\"https:\\\/\\\/secure.gravatar.com\\\/avatar\\\/37d968a2e67a6fd04c169c4bdef102d0bc5d31b2546345219e348575eb80e9a0?s=96&d=mm&r=g\",\"caption\":\"redazione\"},\"sameAs\":[\"http:\\\/\\\/www.bellunopress.it\",\"https:\\\/\\\/x.com\\\/bellunopress\"],\"url\":\"https:\\\/\\\/www.bellunopress.it\\\/fr\\\/author\\\/redazione\\\/\"}]}<\/script>\n<!-- \/ Yoast SEO plugin. -->","yoast_head_json":{"title":"Edilizia. Cna Veneto: la patente a punti \u00e8 un palliativo; dubbi su subappalti \"a cascata\" - Bellunopress - Dolomiti","robots":{"index":"index","follow":"follow","max-snippet":"max-snippet:-1","max-image-preview":"max-image-preview:large","max-video-preview":"max-video-preview:-1"},"canonical":"https:\/\/www.bellunopress.it\/fr\/2024\/02\/27\/edilizia-cna-veneto-la-patente-a-punti-e-un-palliativo-dubbi-su-subappalti-a-cascata\/","og_locale":"fr_FR","og_type":"article","og_title":"Edilizia. Cna Veneto: la patente a punti \u00e8 un palliativo; dubbi su subappalti \"a cascata\" - Bellunopress - Dolomiti","og_description":"I vertici di CNA Veneto: \u00abPuntiamo sulla legge di accesso alla professione per promuovere anche la sicurezza sul lavoro. Patenti a punti utili ma non funzionali se non vi siano a monte funzioni di controllo. Subappalti &#8220;a cascata&#8221;: chi si aggiudica un appalto deve possedere al proprio interno tutte le competenze necessarie. La vera sicurezza [&hellip;]","og_url":"https:\/\/www.bellunopress.it\/fr\/2024\/02\/27\/edilizia-cna-veneto-la-patente-a-punti-e-un-palliativo-dubbi-su-subappalti-a-cascata\/","og_site_name":"Bellunopress - Dolomiti","article_publisher":"https:\/\/www.facebook.com\/profile.php?id=100008943462799","article_published_time":"2024-02-27T11:12:26+00:00","og_image":[{"width":1000,"height":563,"url":"https:\/\/www.bellunopress.it\/wp-content\/uploads\/2021\/03\/CNA-Veneto_edited.jpg","type":"image\/jpeg"}],"author":"redazione","twitter_card":"summary_large_image","twitter_creator":"@bellunopress","twitter_site":"@bellunopress","twitter_misc":{"\u00c9crit par":"redazione","Dur\u00e9e de lecture estim\u00e9e":"2 minutes"},"schema":{"@context":"https:\/\/schema.org","@graph":[{"@type":"Article","@id":"https:\/\/www.bellunopress.it\/2024\/02\/27\/edilizia-cna-veneto-la-patente-a-punti-e-un-palliativo-dubbi-su-subappalti-a-cascata\/#article","isPartOf":{"@id":"https:\/\/www.bellunopress.it\/2024\/02\/27\/edilizia-cna-veneto-la-patente-a-punti-e-un-palliativo-dubbi-su-subappalti-a-cascata\/"},"author":{"name":"redazione","@id":"https:\/\/www.bellunopress.it\/#\/schema\/person\/79bb06722b37ece1c03d3e94beb30d73"},"headline":"Edilizia. Cna Veneto: la patente a punti \u00e8 un palliativo; dubbi su subappalti &#8220;a cascata&#8221;","datePublished":"2024-02-27T11:12:26+00:00","mainEntityOfPage":{"@id":"https:\/\/www.bellunopress.it\/2024\/02\/27\/edilizia-cna-veneto-la-patente-a-punti-e-un-palliativo-dubbi-su-subappalti-a-cascata\/"},"wordCount":409,"publisher":{"@id":"https:\/\/www.bellunopress.it\/#organization"},"image":{"@id":"https:\/\/www.bellunopress.it\/2024\/02\/27\/edilizia-cna-veneto-la-patente-a-punti-e-un-palliativo-dubbi-su-subappalti-a-cascata\/#primaryimage"},"thumbnailUrl":"https:\/\/www.bellunopress.it\/wp-content\/uploads\/2021\/03\/CNA-Veneto_edited.jpg","articleSection":["Lavoro, Economia, Turismo","Prima Pagina"],"inLanguage":"fr-FR"},{"@type":"WebPage","@id":"https:\/\/www.bellunopress.it\/2024\/02\/27\/edilizia-cna-veneto-la-patente-a-punti-e-un-palliativo-dubbi-su-subappalti-a-cascata\/","url":"https:\/\/www.bellunopress.it\/2024\/02\/27\/edilizia-cna-veneto-la-patente-a-punti-e-un-palliativo-dubbi-su-subappalti-a-cascata\/","name":"Edilizia. Cna Veneto: la patente a punti \u00e8 un palliativo; dubbi su subappalti \"a cascata\" - Bellunopress - Dolomiti","isPartOf":{"@id":"https:\/\/www.bellunopress.it\/#website"},"primaryImageOfPage":{"@id":"https:\/\/www.bellunopress.it\/2024\/02\/27\/edilizia-cna-veneto-la-patente-a-punti-e-un-palliativo-dubbi-su-subappalti-a-cascata\/#primaryimage"},"image":{"@id":"https:\/\/www.bellunopress.it\/2024\/02\/27\/edilizia-cna-veneto-la-patente-a-punti-e-un-palliativo-dubbi-su-subappalti-a-cascata\/#primaryimage"},"thumbnailUrl":"https:\/\/www.bellunopress.it\/wp-content\/uploads\/2021\/03\/CNA-Veneto_edited.jpg","datePublished":"2024-02-27T11:12:26+00:00","breadcrumb":{"@id":"https:\/\/www.bellunopress.it\/2024\/02\/27\/edilizia-cna-veneto-la-patente-a-punti-e-un-palliativo-dubbi-su-subappalti-a-cascata\/#breadcrumb"},"inLanguage":"fr-FR","potentialAction":[{"@type":"ReadAction","target":["https:\/\/www.bellunopress.it\/2024\/02\/27\/edilizia-cna-veneto-la-patente-a-punti-e-un-palliativo-dubbi-su-subappalti-a-cascata\/"]}]},{"@type":"ImageObject","inLanguage":"fr-FR","@id":"https:\/\/www.bellunopress.it\/2024\/02\/27\/edilizia-cna-veneto-la-patente-a-punti-e-un-palliativo-dubbi-su-subappalti-a-cascata\/#primaryimage","url":"https:\/\/www.bellunopress.it\/wp-content\/uploads\/2021\/03\/CNA-Veneto_edited.jpg","contentUrl":"https:\/\/www.bellunopress.it\/wp-content\/uploads\/2021\/03\/CNA-Veneto_edited.jpg","width":1000,"height":563},{"@type":"BreadcrumbList","@id":"https:\/\/www.bellunopress.it\/2024\/02\/27\/edilizia-cna-veneto-la-patente-a-punti-e-un-palliativo-dubbi-su-subappalti-a-cascata\/#breadcrumb","itemListElement":[{"@type":"ListItem","position":1,"name":"Home","item":"https:\/\/www.bellunopress.it\/"},{"@type":"ListItem","position":2,"name":"Edilizia. Cna Veneto: la patente a punti \u00e8 un palliativo; dubbi su subappalti &#8220;a cascata&#8221;"}]},{"@type":"WebSite","@id":"https:\/\/www.bellunopress.it\/#website","url":"https:\/\/www.bellunopress.it\/","name":"Bellunopress - Dolomiti","description":"e-mail: redazione@bellunopress.it","publisher":{"@id":"https:\/\/www.bellunopress.it\/#organization"},"potentialAction":[{"@type":"SearchAction","target":{"@type":"EntryPoint","urlTemplate":"https:\/\/www.bellunopress.it\/?s={search_term_string}"},"query-input":{"@type":"PropertyValueSpecification","valueRequired":true,"valueName":"search_term_string"}}],"inLanguage":"fr-FR"},{"@type":"Organization","@id":"https:\/\/www.bellunopress.it\/#organization","name":"Bellunopress","url":"https:\/\/www.bellunopress.it\/","logo":{"@type":"ImageObject","inLanguage":"fr-FR","@id":"https:\/\/www.bellunopress.it\/#\/schema\/logo\/image\/","url":"https:\/\/www.bellunopress.it\/wp-content\/uploads\/2011\/05\/cropped-logo-bellunopress-.jpg","contentUrl":"https:\/\/www.bellunopress.it\/wp-content\/uploads\/2011\/05\/cropped-logo-bellunopress-.jpg","width":512,"height":512,"caption":"Bellunopress"},"image":{"@id":"https:\/\/www.bellunopress.it\/#\/schema\/logo\/image\/"},"sameAs":["https:\/\/www.facebook.com\/profile.php?id=100008943462799","https:\/\/x.com\/bellunopress","https:\/\/www.linkedin.com\/hp\/?dnr=JBzUWaJfMUw8vbXJJ2tVW5-I3jZKvC4wsoxE&amp;amp;amp;amp;amp;amp;trk=nav_responsive_tab_home","https:\/\/www.youtube.com\/channel\/UCxL0wu1uN0_3_7hGG0306cw"]},{"@type":"Person","@id":"https:\/\/www.bellunopress.it\/#\/schema\/person\/79bb06722b37ece1c03d3e94beb30d73","name":"r\u00e9daction","image":{"@type":"ImageObject","inLanguage":"fr-FR","@id":"https:\/\/secure.gravatar.com\/avatar\/37d968a2e67a6fd04c169c4bdef102d0bc5d31b2546345219e348575eb80e9a0?s=96&d=mm&r=g","url":"https:\/\/secure.gravatar.com\/avatar\/37d968a2e67a6fd04c169c4bdef102d0bc5d31b2546345219e348575eb80e9a0?s=96&d=mm&r=g","contentUrl":"https:\/\/secure.gravatar.com\/avatar\/37d968a2e67a6fd04c169c4bdef102d0bc5d31b2546345219e348575eb80e9a0?s=96&d=mm&r=g","caption":"redazione"},"sameAs":["http:\/\/www.bellunopress.it","https:\/\/x.com\/bellunopress"],"url":"https:\/\/www.bellunopress.it\/fr\/author\/redazione\/"}]}},"_links":{"self":[{"href":"https:\/\/www.bellunopress.it\/fr\/wp-json\/wp\/v2\/posts\/148681","targetHints":{"allow":["GET"]}}],"collection":[{"href":"https:\/\/www.bellunopress.it\/fr\/wp-json\/wp\/v2\/posts"}],"about":[{"href":"https:\/\/www.bellunopress.it\/fr\/wp-json\/wp\/v2\/types\/post"}],"author":[{"embeddable":true,"href":"https:\/\/www.bellunopress.it\/fr\/wp-json\/wp\/v2\/users\/2"}],"replies":[{"embeddable":true,"href":"https:\/\/www.bellunopress.it\/fr\/wp-json\/wp\/v2\/comments?post=148681"}],"version-history":[{"count":1,"href":"https:\/\/www.bellunopress.it\/fr\/wp-json\/wp\/v2\/posts\/148681\/revisions"}],"predecessor-version":[{"id":148682,"href":"https:\/\/www.bellunopress.it\/fr\/wp-json\/wp\/v2\/posts\/148681\/revisions\/148682"}],"wp:featuredmedia":[{"embeddable":true,"href":"https:\/\/www.bellunopress.it\/fr\/wp-json\/wp\/v2\/media\/122517"}],"wp:attachment":[{"href":"https:\/\/www.bellunopress.it\/fr\/wp-json\/wp\/v2\/media?parent=148681"}],"wp:term":[{"taxonomy":"category","embeddable":true,"href":"https:\/\/www.bellunopress.it\/fr\/wp-json\/wp\/v2\/categories?post=148681"},{"taxonomy":"post_tag","embeddable":true,"href":"https:\/\/www.bellunopress.it\/fr\/wp-json\/wp\/v2\/tags?post=148681"}],"curies":[{"name":"wp","href":"https:\/\/api.w.org\/{rel}","templated":true}]}}