{"id":148676,"date":"2024-02-26T14:38:42","date_gmt":"2024-02-26T13:38:42","guid":{"rendered":"https:\/\/www.bellunopress.it\/?p=148676"},"modified":"2024-02-26T21:41:48","modified_gmt":"2024-02-26T20:41:48","slug":"feltre-acqua-non-potabile-in-alcune-localita-ordinanza-del-sindaco","status":"publish","type":"post","link":"https:\/\/www.bellunopress.it\/fr\/2024\/02\/26\/feltre-acqua-non-potabile-in-alcune-localita-ordinanza-del-sindaco\/","title":{"rendered":"Feltre, acqua non potabile in alcune localit\u00e0. Ordinanza del sindaco"},"content":{"rendered":"<p><img loading=\"lazy\" decoding=\"async\" class=\"alignleft size-full wp-image-132280\" src=\"https:\/\/www.bellunopress.it\/wp-content\/uploads\/2022\/03\/rubinetto-acqua_edited.jpg\" alt=\"\" width=\"859\" height=\"584\" srcset=\"https:\/\/www.bellunopress.it\/wp-content\/uploads\/2022\/03\/rubinetto-acqua_edited.jpg 859w, https:\/\/www.bellunopress.it\/wp-content\/uploads\/2022\/03\/rubinetto-acqua_edited-500x340.jpg 500w, https:\/\/www.bellunopress.it\/wp-content\/uploads\/2022\/03\/rubinetto-acqua_edited-696x473.jpg 696w, https:\/\/www.bellunopress.it\/wp-content\/uploads\/2022\/03\/rubinetto-acqua_edited-618x420.jpg 618w\" sizes=\"auto, (max-width: 859px) 100vw, 859px\" \/>Ordinanza sindacale n. 3 del 26-02-2024OGGETTO:<br \/>\nDIVIETO DI UTILIZZO DELL&#8217;ACQUA DELLA RETE IDRICA PUBBLICA PER CONSUMO UMANO NELLE LOCALIT\u00c0 DI COSTA SOLANA, ARTESEGNA, VIA TEDA, SALITA SAN GIORGIO E STRADA DEL CASEL IN LOCALIT\u00c0 VIGNUI.<\/p>\n<p>IL SINDACO<\/p>\n<p>Premesse<br \/>\nL&#8217;Azienda ULSS n. 1 Dolomiti, con nota prot. n. 12325 del 26 febbraio 2024, assunta al protocollo dell&#8217;ente n. 7031\/2024, comunica la non conformit\u00e0 alla vigente normativa dei campioni d&#8217;acqua prelevati il giorno 21 febbraio 2024 presso il Rub. Pubblico c\/o ex Latteria Loc. Vignui &#8211; Comune di Feltre (BL).<br \/>\nBIM Gestione Servizi Pubblici Spa, con nota del 26 febbraio 2024, assunta al protocollo dell&#8217;ente n. 7113\/2024, propone di emanare apposita ordinanza sindacale di non potabilit\u00e0, se non previa bollitura, fino al rientro dei valori nei limiti di legge, nelle more degli interventi di pulizia e disinfezione in corso, per i residenti nelle localit\u00e0 di COSTA SOLANA, ARTESEGNA, VIA TEDA, SALITA SAN GIORGIO E STRADA DEL CASEL in localit\u00e0 VIGNUI.<br \/>\nIl Gestore (BIM Gestione Servizi Pubblici Spa) ha il compito di attivare tutte le procedure concordate e le necessarie operazioni di controllo e disinfezione degli acquedotti al fine di ripristinare la qualit\u00e0 dell&#8217;acqua per usi potabili.<br \/>\nIl Dipartimento di Prevenzione \u2013 SIAN sede Belluno dell&#8217;Azienda ULSS n. 1 Dolomiti dovr\u00e0 provvedere a prelevare ulteriori campioni d&#8217;acqua erogata per accertarne la rispondenza ai requisiti previsti dal decreto legislativo n. 31 del 2 febbraio 2001 e l&#8217;esito di tali successivi accertamenti dovr\u00e0 essere comunicato non appena disponibile;<br \/>\nIl Gestore provveder\u00e0 ad informare tempestivamente l&#8217;Amministrazione comunale dell&#8217;avvenuto ripristino della qualit\u00e0 dell&#8217;acqua potabile degli acquedotti interessati.<br \/>\nMotivazioni<br \/>\nSi ritiene vi siano i presupposti per l\u2019adozione di un\u2019ordinanza di carattere contingibile e urgente al fine di tutelare la salute pubblica.<br \/>\nNormativa di riferimento<br \/>\n\u2022 Decreto legislativo n. 31 del 2 febbraio 2001 \u201cAttuazione della direttiva 98\/83\/CE relativa alla qualit\u00e0 delle acque destinate al consumo umano\u201d; \u2022 articolo 50 del decreto legislativo n. 267 del 18 agosto 2000 \u201cTesto unico delle leggi sull&#8217;ordinamento degli enti locali\u201d;<br \/>\nORDINA<br \/>\nA tutela della salute pubblica<br \/>\n1. il divieto di utilizzo dell&#8217;acqua della rete idrica comunale per consumo umano ad uso alimentare nelle localit\u00e0 di COSTA SOLANA, ARTESEGNA, VIA TEDA, SALITA SAN<br \/>\nGIORGIO E STRADA DEL CASEL in localit\u00e0 VIGNUI se non dopo adeguata bollitura di almeno 5 minuti, fino al rientro dei valori dei limiti di legge;<br \/>\n2. alla Societ\u00e0 BIM Gestione Servizi Pubblici S.p.A., nella persona dell&#8217;Amministratore Unico, di predisporre immediatamente tutti gli interventi necessari per ripristinare la qualit\u00e0 dell&#8217;acqua della rete in conformit\u00e0 dei parametri stabili dal decreto legislativo n. 31 del 2 febbraio 2001;<br \/>\n3. alla stessa Societ\u00e0 Gestrice dell&#8217;acquedotto pubblico della Citt\u00e0 di Feltre, come sopra identificata e rappresentata, di notificare tempestivamente all&#8217;Amministrazione comunale la risoluzione dello stato di fatto, a seguito di intervento correttivo, campionamento e analisi delle acque al fine di garantire il ripristino dell&#8217;utilizzo del servizio idrico ad uso alimentare;4. a tutti di rispettare e far rispettare la presente ordinanza. In particolare, alla Societ\u00e0 Gestrice dell&#8217;acquedotto pubblico di pubblicizzare il divieto in tutti i luoghi pubblici significativi delle frazioni interessate;<br \/>\n5. il rispetto della presente ordinanza \u00e8 demandata all&#8217;Ufficio Ambiente e all&#8217;Ufficio di Polizia Locale per quanto di competenza;<br \/>\n6. la pubblicazione della presente ordinanza sul sito del Comune e l&#8217;invio della stessa all&#8217;Azienda ULSS 1 Dolomiti.<br \/>\nContro la presente Ordinanza \u00e8 ammesso ricorso al Tribunale Amministrativo regionale competente per territorio entro 60 giorni oppure in via alternativa ricorso straordinario al Presidente della Repubblica entro 120 giorni, decorrenti dalla data di comunicazione della presente, nei modi e termini di legge.<\/p>\n<p>Il SINDACO FUSARO VIVIANA<\/p>","protected":false},"excerpt":{"rendered":"<p>Ordinanza sindacale n. 3 del 26-02-2024OGGETTO: DIVIETO DI UTILIZZO DELL&#8217;ACQUA DELLA RETE IDRICA PUBBLICA PER CONSUMO UMANO NELLE LOCALIT\u00c0 DI COSTA SOLANA, ARTESEGNA, VIA TEDA, SALITA SAN GIORGIO E STRADA DEL CASEL IN LOCALIT\u00c0 VIGNUI. IL SINDACO Premesse L&#8217;Azienda ULSS n. 1 Dolomiti, con nota prot. n. 12325 del 26 febbraio 2024, assunta al protocollo [&hellip;]<\/p>\n","protected":false},"author":2,"featured_media":132280,"comment_status":"closed","ping_status":"open","sticky":false,"template":"","format":"standard","meta":{"footnotes":""},"categories":[8],"tags":[],"class_list":["post-148676","post","type-post","status-publish","format-standard","has-post-thumbnail","category-societa-istituzioni"],"yoast_head":"<!-- This site is optimized with the Yoast SEO plugin v28.4 - https:\/\/yoast.com\/product\/yoast-seo-wordpress\/ -->\n<title>Feltre, acqua non potabile in alcune localit\u00e0. Ordinanza del sindaco - Bellunopress - Dolomiti<\/title>\n<meta name=\"robots\" content=\"index, follow, max-snippet:-1, max-image-preview:large, max-video-preview:-1\" \/>\n<link rel=\"canonical\" href=\"https:\/\/www.bellunopress.it\/fr\/2024\/02\/26\/feltre-acqua-non-potabile-in-alcune-localita-ordinanza-del-sindaco\/\" \/>\n<meta property=\"og:locale\" content=\"fr_FR\" \/>\n<meta property=\"og:type\" content=\"article\" \/>\n<meta property=\"og:title\" content=\"Feltre, acqua non potabile in alcune localit\u00e0. Ordinanza del sindaco - Bellunopress - Dolomiti\" \/>\n<meta property=\"og:description\" content=\"Ordinanza sindacale n. 3 del 26-02-2024OGGETTO: DIVIETO DI UTILIZZO DELL&#8217;ACQUA DELLA RETE IDRICA PUBBLICA PER CONSUMO UMANO NELLE LOCALIT\u00c0 DI COSTA SOLANA, ARTESEGNA, VIA TEDA, SALITA SAN GIORGIO E STRADA DEL CASEL IN LOCALIT\u00c0 VIGNUI. IL SINDACO Premesse L&#8217;Azienda ULSS n. 1 Dolomiti, con nota prot. n. 12325 del 26 febbraio 2024, assunta al protocollo [&hellip;]\" \/>\n<meta property=\"og:url\" content=\"https:\/\/www.bellunopress.it\/fr\/2024\/02\/26\/feltre-acqua-non-potabile-in-alcune-localita-ordinanza-del-sindaco\/\" \/>\n<meta property=\"og:site_name\" content=\"Bellunopress - Dolomiti\" \/>\n<meta property=\"article:publisher\" content=\"https:\/\/www.facebook.com\/profile.php?id=100008943462799\" \/>\n<meta property=\"article:published_time\" content=\"2024-02-26T13:38:42+00:00\" \/>\n<meta property=\"article:modified_time\" content=\"2024-02-26T20:41:48+00:00\" \/>\n<meta property=\"og:image\" content=\"https:\/\/www.bellunopress.it\/wp-content\/uploads\/2022\/03\/rubinetto-acqua_edited.jpg\" \/>\n\t<meta property=\"og:image:width\" content=\"859\" \/>\n\t<meta property=\"og:image:height\" content=\"584\" \/>\n\t<meta property=\"og:image:type\" content=\"image\/jpeg\" \/>\n<meta name=\"author\" content=\"redazione\" \/>\n<meta name=\"twitter:card\" content=\"summary_large_image\" \/>\n<meta name=\"twitter:creator\" content=\"@bellunopress\" \/>\n<meta name=\"twitter:site\" content=\"@bellunopress\" \/>\n<meta name=\"twitter:label1\" content=\"\u00c9crit par\" \/>\n\t<meta name=\"twitter:data1\" content=\"redazione\" \/>\n\t<meta name=\"twitter:label2\" content=\"Dur\u00e9e de lecture estim\u00e9e\" \/>\n\t<meta name=\"twitter:data2\" content=\"3 minutes\" \/>\n<script type=\"application\/ld+json\" class=\"yoast-schema-graph\">{\"@context\":\"https:\\\/\\\/schema.org\",\"@graph\":[{\"@type\":\"Article\",\"@id\":\"https:\\\/\\\/www.bellunopress.it\\\/2024\\\/02\\\/26\\\/feltre-acqua-non-potabile-in-alcune-localita-ordinanza-del-sindaco\\\/#article\",\"isPartOf\":{\"@id\":\"https:\\\/\\\/www.bellunopress.it\\\/2024\\\/02\\\/26\\\/feltre-acqua-non-potabile-in-alcune-localita-ordinanza-del-sindaco\\\/\"},\"author\":{\"name\":\"redazione\",\"@id\":\"https:\\\/\\\/www.bellunopress.it\\\/#\\\/schema\\\/person\\\/79bb06722b37ece1c03d3e94beb30d73\"},\"headline\":\"Feltre, acqua non potabile in alcune localit\u00e0. Ordinanza del sindaco\",\"datePublished\":\"2024-02-26T13:38:42+00:00\",\"dateModified\":\"2024-02-26T20:41:48+00:00\",\"mainEntityOfPage\":{\"@id\":\"https:\\\/\\\/www.bellunopress.it\\\/2024\\\/02\\\/26\\\/feltre-acqua-non-potabile-in-alcune-localita-ordinanza-del-sindaco\\\/\"},\"wordCount\":592,\"publisher\":{\"@id\":\"https:\\\/\\\/www.bellunopress.it\\\/#organization\"},\"image\":{\"@id\":\"https:\\\/\\\/www.bellunopress.it\\\/2024\\\/02\\\/26\\\/feltre-acqua-non-potabile-in-alcune-localita-ordinanza-del-sindaco\\\/#primaryimage\"},\"thumbnailUrl\":\"https:\\\/\\\/www.bellunopress.it\\\/wp-content\\\/uploads\\\/2022\\\/03\\\/rubinetto-acqua_edited.jpg\",\"articleSection\":[\"Societ\u00e0, Associazioni, Istituzioni\"],\"inLanguage\":\"fr-FR\"},{\"@type\":\"WebPage\",\"@id\":\"https:\\\/\\\/www.bellunopress.it\\\/2024\\\/02\\\/26\\\/feltre-acqua-non-potabile-in-alcune-localita-ordinanza-del-sindaco\\\/\",\"url\":\"https:\\\/\\\/www.bellunopress.it\\\/2024\\\/02\\\/26\\\/feltre-acqua-non-potabile-in-alcune-localita-ordinanza-del-sindaco\\\/\",\"name\":\"Feltre, acqua non potabile in alcune localit\u00e0. Ordinanza del sindaco - Bellunopress - Dolomiti\",\"isPartOf\":{\"@id\":\"https:\\\/\\\/www.bellunopress.it\\\/#website\"},\"primaryImageOfPage\":{\"@id\":\"https:\\\/\\\/www.bellunopress.it\\\/2024\\\/02\\\/26\\\/feltre-acqua-non-potabile-in-alcune-localita-ordinanza-del-sindaco\\\/#primaryimage\"},\"image\":{\"@id\":\"https:\\\/\\\/www.bellunopress.it\\\/2024\\\/02\\\/26\\\/feltre-acqua-non-potabile-in-alcune-localita-ordinanza-del-sindaco\\\/#primaryimage\"},\"thumbnailUrl\":\"https:\\\/\\\/www.bellunopress.it\\\/wp-content\\\/uploads\\\/2022\\\/03\\\/rubinetto-acqua_edited.jpg\",\"datePublished\":\"2024-02-26T13:38:42+00:00\",\"dateModified\":\"2024-02-26T20:41:48+00:00\",\"breadcrumb\":{\"@id\":\"https:\\\/\\\/www.bellunopress.it\\\/2024\\\/02\\\/26\\\/feltre-acqua-non-potabile-in-alcune-localita-ordinanza-del-sindaco\\\/#breadcrumb\"},\"inLanguage\":\"fr-FR\",\"potentialAction\":[{\"@type\":\"ReadAction\",\"target\":[\"https:\\\/\\\/www.bellunopress.it\\\/2024\\\/02\\\/26\\\/feltre-acqua-non-potabile-in-alcune-localita-ordinanza-del-sindaco\\\/\"]}]},{\"@type\":\"ImageObject\",\"inLanguage\":\"fr-FR\",\"@id\":\"https:\\\/\\\/www.bellunopress.it\\\/2024\\\/02\\\/26\\\/feltre-acqua-non-potabile-in-alcune-localita-ordinanza-del-sindaco\\\/#primaryimage\",\"url\":\"https:\\\/\\\/www.bellunopress.it\\\/wp-content\\\/uploads\\\/2022\\\/03\\\/rubinetto-acqua_edited.jpg\",\"contentUrl\":\"https:\\\/\\\/www.bellunopress.it\\\/wp-content\\\/uploads\\\/2022\\\/03\\\/rubinetto-acqua_edited.jpg\",\"width\":859,\"height\":584},{\"@type\":\"BreadcrumbList\",\"@id\":\"https:\\\/\\\/www.bellunopress.it\\\/2024\\\/02\\\/26\\\/feltre-acqua-non-potabile-in-alcune-localita-ordinanza-del-sindaco\\\/#breadcrumb\",\"itemListElement\":[{\"@type\":\"ListItem\",\"position\":1,\"name\":\"Home\",\"item\":\"https:\\\/\\\/www.bellunopress.it\\\/\"},{\"@type\":\"ListItem\",\"position\":2,\"name\":\"Feltre, acqua non potabile in alcune localit\u00e0. Ordinanza del sindaco\"}]},{\"@type\":\"WebSite\",\"@id\":\"https:\\\/\\\/www.bellunopress.it\\\/#website\",\"url\":\"https:\\\/\\\/www.bellunopress.it\\\/\",\"name\":\"Bellunopress - Dolomiti\",\"description\":\"e-mail: redazione@bellunopress.it\",\"publisher\":{\"@id\":\"https:\\\/\\\/www.bellunopress.it\\\/#organization\"},\"potentialAction\":[{\"@type\":\"SearchAction\",\"target\":{\"@type\":\"EntryPoint\",\"urlTemplate\":\"https:\\\/\\\/www.bellunopress.it\\\/?s={search_term_string}\"},\"query-input\":{\"@type\":\"PropertyValueSpecification\",\"valueRequired\":true,\"valueName\":\"search_term_string\"}}],\"inLanguage\":\"fr-FR\"},{\"@type\":\"Organization\",\"@id\":\"https:\\\/\\\/www.bellunopress.it\\\/#organization\",\"name\":\"Bellunopress\",\"url\":\"https:\\\/\\\/www.bellunopress.it\\\/\",\"logo\":{\"@type\":\"ImageObject\",\"inLanguage\":\"fr-FR\",\"@id\":\"https:\\\/\\\/www.bellunopress.it\\\/#\\\/schema\\\/logo\\\/image\\\/\",\"url\":\"https:\\\/\\\/www.bellunopress.it\\\/wp-content\\\/uploads\\\/2011\\\/05\\\/cropped-logo-bellunopress-.jpg\",\"contentUrl\":\"https:\\\/\\\/www.bellunopress.it\\\/wp-content\\\/uploads\\\/2011\\\/05\\\/cropped-logo-bellunopress-.jpg\",\"width\":512,\"height\":512,\"caption\":\"Bellunopress\"},\"image\":{\"@id\":\"https:\\\/\\\/www.bellunopress.it\\\/#\\\/schema\\\/logo\\\/image\\\/\"},\"sameAs\":[\"https:\\\/\\\/www.facebook.com\\\/profile.php?id=100008943462799\",\"https:\\\/\\\/x.com\\\/bellunopress\",\"https:\\\/\\\/www.linkedin.com\\\/hp\\\/?dnr=JBzUWaJfMUw8vbXJJ2tVW5-I3jZKvC4wsoxE&amp;amp;amp;amp;amp;amp;trk=nav_responsive_tab_home\",\"https:\\\/\\\/www.youtube.com\\\/channel\\\/UCxL0wu1uN0_3_7hGG0306cw\"]},{\"@type\":\"Person\",\"@id\":\"https:\\\/\\\/www.bellunopress.it\\\/#\\\/schema\\\/person\\\/79bb06722b37ece1c03d3e94beb30d73\",\"name\":\"redazione\",\"image\":{\"@type\":\"ImageObject\",\"inLanguage\":\"fr-FR\",\"@id\":\"https:\\\/\\\/secure.gravatar.com\\\/avatar\\\/37d968a2e67a6fd04c169c4bdef102d0bc5d31b2546345219e348575eb80e9a0?s=96&d=mm&r=g\",\"url\":\"https:\\\/\\\/secure.gravatar.com\\\/avatar\\\/37d968a2e67a6fd04c169c4bdef102d0bc5d31b2546345219e348575eb80e9a0?s=96&d=mm&r=g\",\"contentUrl\":\"https:\\\/\\\/secure.gravatar.com\\\/avatar\\\/37d968a2e67a6fd04c169c4bdef102d0bc5d31b2546345219e348575eb80e9a0?s=96&d=mm&r=g\",\"caption\":\"redazione\"},\"sameAs\":[\"http:\\\/\\\/www.bellunopress.it\",\"https:\\\/\\\/x.com\\\/bellunopress\"],\"url\":\"https:\\\/\\\/www.bellunopress.it\\\/fr\\\/author\\\/redazione\\\/\"}]}<\/script>\n<!-- \/ Yoast SEO plugin. -->","yoast_head_json":{"title":"Feltre, acqua non potabile in alcune localit\u00e0. Ordinanza del sindaco - Bellunopress - Dolomiti","robots":{"index":"index","follow":"follow","max-snippet":"max-snippet:-1","max-image-preview":"max-image-preview:large","max-video-preview":"max-video-preview:-1"},"canonical":"https:\/\/www.bellunopress.it\/fr\/2024\/02\/26\/feltre-acqua-non-potabile-in-alcune-localita-ordinanza-del-sindaco\/","og_locale":"fr_FR","og_type":"article","og_title":"Feltre, acqua non potabile in alcune localit\u00e0. Ordinanza del sindaco - Bellunopress - Dolomiti","og_description":"Ordinanza sindacale n. 3 del 26-02-2024OGGETTO: DIVIETO DI UTILIZZO DELL&#8217;ACQUA DELLA RETE IDRICA PUBBLICA PER CONSUMO UMANO NELLE LOCALIT\u00c0 DI COSTA SOLANA, ARTESEGNA, VIA TEDA, SALITA SAN GIORGIO E STRADA DEL CASEL IN LOCALIT\u00c0 VIGNUI. IL SINDACO Premesse L&#8217;Azienda ULSS n. 1 Dolomiti, con nota prot. n. 12325 del 26 febbraio 2024, assunta al protocollo [&hellip;]","og_url":"https:\/\/www.bellunopress.it\/fr\/2024\/02\/26\/feltre-acqua-non-potabile-in-alcune-localita-ordinanza-del-sindaco\/","og_site_name":"Bellunopress - Dolomiti","article_publisher":"https:\/\/www.facebook.com\/profile.php?id=100008943462799","article_published_time":"2024-02-26T13:38:42+00:00","article_modified_time":"2024-02-26T20:41:48+00:00","og_image":[{"width":859,"height":584,"url":"https:\/\/www.bellunopress.it\/wp-content\/uploads\/2022\/03\/rubinetto-acqua_edited.jpg","type":"image\/jpeg"}],"author":"redazione","twitter_card":"summary_large_image","twitter_creator":"@bellunopress","twitter_site":"@bellunopress","twitter_misc":{"\u00c9crit par":"redazione","Dur\u00e9e de lecture estim\u00e9e":"3 minutes"},"schema":{"@context":"https:\/\/schema.org","@graph":[{"@type":"Article","@id":"https:\/\/www.bellunopress.it\/2024\/02\/26\/feltre-acqua-non-potabile-in-alcune-localita-ordinanza-del-sindaco\/#article","isPartOf":{"@id":"https:\/\/www.bellunopress.it\/2024\/02\/26\/feltre-acqua-non-potabile-in-alcune-localita-ordinanza-del-sindaco\/"},"author":{"name":"redazione","@id":"https:\/\/www.bellunopress.it\/#\/schema\/person\/79bb06722b37ece1c03d3e94beb30d73"},"headline":"Feltre, acqua non potabile in alcune localit\u00e0. Ordinanza del sindaco","datePublished":"2024-02-26T13:38:42+00:00","dateModified":"2024-02-26T20:41:48+00:00","mainEntityOfPage":{"@id":"https:\/\/www.bellunopress.it\/2024\/02\/26\/feltre-acqua-non-potabile-in-alcune-localita-ordinanza-del-sindaco\/"},"wordCount":592,"publisher":{"@id":"https:\/\/www.bellunopress.it\/#organization"},"image":{"@id":"https:\/\/www.bellunopress.it\/2024\/02\/26\/feltre-acqua-non-potabile-in-alcune-localita-ordinanza-del-sindaco\/#primaryimage"},"thumbnailUrl":"https:\/\/www.bellunopress.it\/wp-content\/uploads\/2022\/03\/rubinetto-acqua_edited.jpg","articleSection":["Societ\u00e0, Associazioni, Istituzioni"],"inLanguage":"fr-FR"},{"@type":"WebPage","@id":"https:\/\/www.bellunopress.it\/2024\/02\/26\/feltre-acqua-non-potabile-in-alcune-localita-ordinanza-del-sindaco\/","url":"https:\/\/www.bellunopress.it\/2024\/02\/26\/feltre-acqua-non-potabile-in-alcune-localita-ordinanza-del-sindaco\/","name":"Feltre, acqua non potabile in alcune localit\u00e0. Ordinanza del sindaco - Bellunopress - Dolomiti","isPartOf":{"@id":"https:\/\/www.bellunopress.it\/#website"},"primaryImageOfPage":{"@id":"https:\/\/www.bellunopress.it\/2024\/02\/26\/feltre-acqua-non-potabile-in-alcune-localita-ordinanza-del-sindaco\/#primaryimage"},"image":{"@id":"https:\/\/www.bellunopress.it\/2024\/02\/26\/feltre-acqua-non-potabile-in-alcune-localita-ordinanza-del-sindaco\/#primaryimage"},"thumbnailUrl":"https:\/\/www.bellunopress.it\/wp-content\/uploads\/2022\/03\/rubinetto-acqua_edited.jpg","datePublished":"2024-02-26T13:38:42+00:00","dateModified":"2024-02-26T20:41:48+00:00","breadcrumb":{"@id":"https:\/\/www.bellunopress.it\/2024\/02\/26\/feltre-acqua-non-potabile-in-alcune-localita-ordinanza-del-sindaco\/#breadcrumb"},"inLanguage":"fr-FR","potentialAction":[{"@type":"ReadAction","target":["https:\/\/www.bellunopress.it\/2024\/02\/26\/feltre-acqua-non-potabile-in-alcune-localita-ordinanza-del-sindaco\/"]}]},{"@type":"ImageObject","inLanguage":"fr-FR","@id":"https:\/\/www.bellunopress.it\/2024\/02\/26\/feltre-acqua-non-potabile-in-alcune-localita-ordinanza-del-sindaco\/#primaryimage","url":"https:\/\/www.bellunopress.it\/wp-content\/uploads\/2022\/03\/rubinetto-acqua_edited.jpg","contentUrl":"https:\/\/www.bellunopress.it\/wp-content\/uploads\/2022\/03\/rubinetto-acqua_edited.jpg","width":859,"height":584},{"@type":"BreadcrumbList","@id":"https:\/\/www.bellunopress.it\/2024\/02\/26\/feltre-acqua-non-potabile-in-alcune-localita-ordinanza-del-sindaco\/#breadcrumb","itemListElement":[{"@type":"ListItem","position":1,"name":"Home","item":"https:\/\/www.bellunopress.it\/"},{"@type":"ListItem","position":2,"name":"Feltre, acqua non potabile in alcune localit\u00e0. Ordinanza del sindaco"}]},{"@type":"WebSite","@id":"https:\/\/www.bellunopress.it\/#website","url":"https:\/\/www.bellunopress.it\/","name":"Bellunopress - Dolomiti","description":"e-mail: redazione@bellunopress.it","publisher":{"@id":"https:\/\/www.bellunopress.it\/#organization"},"potentialAction":[{"@type":"SearchAction","target":{"@type":"EntryPoint","urlTemplate":"https:\/\/www.bellunopress.it\/?s={search_term_string}"},"query-input":{"@type":"PropertyValueSpecification","valueRequired":true,"valueName":"search_term_string"}}],"inLanguage":"fr-FR"},{"@type":"Organization","@id":"https:\/\/www.bellunopress.it\/#organization","name":"Bellunopress","url":"https:\/\/www.bellunopress.it\/","logo":{"@type":"ImageObject","inLanguage":"fr-FR","@id":"https:\/\/www.bellunopress.it\/#\/schema\/logo\/image\/","url":"https:\/\/www.bellunopress.it\/wp-content\/uploads\/2011\/05\/cropped-logo-bellunopress-.jpg","contentUrl":"https:\/\/www.bellunopress.it\/wp-content\/uploads\/2011\/05\/cropped-logo-bellunopress-.jpg","width":512,"height":512,"caption":"Bellunopress"},"image":{"@id":"https:\/\/www.bellunopress.it\/#\/schema\/logo\/image\/"},"sameAs":["https:\/\/www.facebook.com\/profile.php?id=100008943462799","https:\/\/x.com\/bellunopress","https:\/\/www.linkedin.com\/hp\/?dnr=JBzUWaJfMUw8vbXJJ2tVW5-I3jZKvC4wsoxE&amp;amp;amp;amp;amp;amp;trk=nav_responsive_tab_home","https:\/\/www.youtube.com\/channel\/UCxL0wu1uN0_3_7hGG0306cw"]},{"@type":"Person","@id":"https:\/\/www.bellunopress.it\/#\/schema\/person\/79bb06722b37ece1c03d3e94beb30d73","name":"r\u00e9daction","image":{"@type":"ImageObject","inLanguage":"fr-FR","@id":"https:\/\/secure.gravatar.com\/avatar\/37d968a2e67a6fd04c169c4bdef102d0bc5d31b2546345219e348575eb80e9a0?s=96&d=mm&r=g","url":"https:\/\/secure.gravatar.com\/avatar\/37d968a2e67a6fd04c169c4bdef102d0bc5d31b2546345219e348575eb80e9a0?s=96&d=mm&r=g","contentUrl":"https:\/\/secure.gravatar.com\/avatar\/37d968a2e67a6fd04c169c4bdef102d0bc5d31b2546345219e348575eb80e9a0?s=96&d=mm&r=g","caption":"redazione"},"sameAs":["http:\/\/www.bellunopress.it","https:\/\/x.com\/bellunopress"],"url":"https:\/\/www.bellunopress.it\/fr\/author\/redazione\/"}]}},"_links":{"self":[{"href":"https:\/\/www.bellunopress.it\/fr\/wp-json\/wp\/v2\/posts\/148676","targetHints":{"allow":["GET"]}}],"collection":[{"href":"https:\/\/www.bellunopress.it\/fr\/wp-json\/wp\/v2\/posts"}],"about":[{"href":"https:\/\/www.bellunopress.it\/fr\/wp-json\/wp\/v2\/types\/post"}],"author":[{"embeddable":true,"href":"https:\/\/www.bellunopress.it\/fr\/wp-json\/wp\/v2\/users\/2"}],"replies":[{"embeddable":true,"href":"https:\/\/www.bellunopress.it\/fr\/wp-json\/wp\/v2\/comments?post=148676"}],"version-history":[{"count":1,"href":"https:\/\/www.bellunopress.it\/fr\/wp-json\/wp\/v2\/posts\/148676\/revisions"}],"predecessor-version":[{"id":148677,"href":"https:\/\/www.bellunopress.it\/fr\/wp-json\/wp\/v2\/posts\/148676\/revisions\/148677"}],"wp:featuredmedia":[{"embeddable":true,"href":"https:\/\/www.bellunopress.it\/fr\/wp-json\/wp\/v2\/media\/132280"}],"wp:attachment":[{"href":"https:\/\/www.bellunopress.it\/fr\/wp-json\/wp\/v2\/media?parent=148676"}],"wp:term":[{"taxonomy":"category","embeddable":true,"href":"https:\/\/www.bellunopress.it\/fr\/wp-json\/wp\/v2\/categories?post=148676"},{"taxonomy":"post_tag","embeddable":true,"href":"https:\/\/www.bellunopress.it\/fr\/wp-json\/wp\/v2\/tags?post=148676"}],"curies":[{"name":"wp","href":"https:\/\/api.w.org\/{rel}","templated":true}]}}