{"id":148672,"date":"2024-02-26T17:37:36","date_gmt":"2024-02-26T16:37:36","guid":{"rendered":"https:\/\/www.bellunopress.it\/?p=148672"},"modified":"2024-02-26T17:37:36","modified_gmt":"2024-02-26T16:37:36","slug":"zaia-conferma-per-il-biennio-2024-26-i-direttori-generali-della-sanita-del-veneto","status":"publish","type":"post","link":"https:\/\/www.bellunopress.it\/fr\/2024\/02\/26\/zaia-conferma-per-il-biennio-2024-26-i-direttori-generali-della-sanita-del-veneto\/","title":{"rendered":"Zaia conferma per il biennio 2024-26 i direttori generali della sanit\u00e0 del Veneto"},"content":{"rendered":"<p><img loading=\"lazy\" decoding=\"async\" class=\"alignleft size-full wp-image-118596\" src=\"https:\/\/www.bellunopress.it\/wp-content\/uploads\/2020\/10\/Luca-Zaia_edited.jpg\" alt=\"\" width=\"800\" height=\"800\" srcset=\"https:\/\/www.bellunopress.it\/wp-content\/uploads\/2020\/10\/Luca-Zaia_edited.jpg 800w, https:\/\/www.bellunopress.it\/wp-content\/uploads\/2020\/10\/Luca-Zaia_edited-500x500.jpg 500w, https:\/\/www.bellunopress.it\/wp-content\/uploads\/2020\/10\/Luca-Zaia_edited-300x300.jpg 300w, https:\/\/www.bellunopress.it\/wp-content\/uploads\/2020\/10\/Luca-Zaia_edited-696x696.jpg 696w, https:\/\/www.bellunopress.it\/wp-content\/uploads\/2020\/10\/Luca-Zaia_edited-420x420.jpg 420w\" sizes=\"auto, (max-width: 800px) 100vw, 800px\" \/>Venezia, 26 febbraio 2024\u00a0\u00a0Il Presidente della Regione, Luca Zaia, ha nominato oggi i Direttori Generali che guideranno le Aziende Sanitarie del Veneto per il prossimo biennio. I manager erano a suo tempo stati ingaggiati con un contratto triennale che sarebbe scaduto il 28 febbraio prossimo e rimarranno quindi in carica fino ai primi di marzo 2026.<\/p>\n<p>Il Governatore ha confermato per il prossimo biennio tutti i manager in carica, effettuando per\u00f2 alcuni spostamenti sul territorio, \u201ccon il solo scopo \u2013 ha detto \u2013 di migliorare ulteriormente la performance complessiva che negli scorsi tre difficilissimi anni \u00e8 stata comunque foriera di grandi risultati\u201d.<\/p>\n<p>\u201cPer prorogare gli incarichi \u2013 ha precisato Zaia \u2013 abbiamo fatto un approfondito lavoro di verifica e analisi dei risultati ottenuti, per il quale ringrazio l\u2019Assessore Manuela Lanzarin e il Direttore Generale Regionale della Sanit\u00e0 Massimo Annicchiarico. Questa squadra di Dg \u2013 ha aggiunto \u2013 rappresenta una sorta di magic team, che ha combattuto in trincea durante la Pandemia, che ha gestito situazioni al limite della gestibilit\u00e0, che ha affrontato con gi\u00e0 ottimi risultati l\u2019arretrato di 500 mila prestazioni che si era creato a causa del Covid, gestendo molto bene anche il fattore umano, sia rispetto al personale, che non ringrazieremo mai abbastanza, sia verso i cittadini. La promozione, e quindi la riconferma, sta nei numeri, perch\u00e9, nonostante mille difficolt\u00e0, a cominciare dalla carenza nazionale di medici e infermieri, tutti i parametri di produttivit\u00e0 sono vistosamente cresciuti\u201d.<\/p>\n<p>Ecco le nomine:<\/p>\n<p>GIUSEPPE DAL BEN\u2013 DG Azienda Ospedale Universit\u00e0 di Padova e Commissario dell\u2019Ulss 1 Dolomiti fino al prossimo maggio, salvo proroga (Dal Ben fu nominato a Belluno dopo la scomparsa della compianta Direttrice Maria Grazia Carraro) \u2013 confermato.<\/p>\n<p>FRANCESCO BENAZZI \u2013 Ulss 2 Marca Trevigiana \u2013 confermato.<\/p>\n<p>EDGARDO CONTATO \u2013 Ulss 3 Serenissima \u2013 confermato.<\/p>\n<p>MAURO FILIPPI \u2013 Ulss 4 Veneto Orientale \u2013 confermato.<\/p>\n<p>PIETRO GIRARDI \u2013 Ulss 5 Polesana (era Direttore Generale dell\u2019Ulss 9 Scaligera)<\/p>\n<p>PAOLO FORTUNA \u2013 Ulss 6 Euganea \u2013 confermato.<\/p>\n<p>CARLO BRAMEZZA \u2013 Ulss 7 Pedemontana \u2013 confermato.<\/p>\n<p>PATRIZIA SIMIONATO \u2013 Ulss 8 Berica (era DG della 5 Polesana)<\/p>\n<p>PATRIZA BENINI \u2013 Ulss 9 Scaligera (era DG dell\u2019Istituto Oncologico Veneto)<\/p>\n<p>CALLISTO BRAVI \u2013 Aoui Verona \u2013 confermato<\/p>\n<p>MARIA GIUSEPPINA BONAVINA \u2013 Istituto Oncologico Veneto (era DG della 8 Berica)<\/p>\n<p>ROBERTO TONIOLO \u2013 Azienda Zero \u2013 confermato.<\/p>\n<p>Augurando buon lavoro ai Direttori incaricati, Zaia ha anche voluto elencare gli ottimi risultati raggiunti.<\/p>\n<p>\u201cNel 2023 \u2013 ha detto \u2013 sono stati gestiti 640 mila ricoveri (pi\u00f9 4% rispetto al 2022); eseguiti 488 mila interventi chirurgici (pi\u00f9 4%); erogate 10 milioni 389 mila prestazioni ambulatoriali (pi\u00f9 4%); gestiti 1 milione 839 mila 778 accessi ai Pronto Soccorso per adulti (pi\u00f9 3%); assistiti in pronto Soccorso Pediatrico 244.461 bambini (pi\u00f9 7%); il Suem 118 ha effettuato 479 mila 993 missioni (pi\u00f9 8%); sono stati eseguiti 960 trapianti\u201d.<\/p>\n<p>Per quanto riguarda il Personale, Zaia ha riferito che, sempre nel 2023, ci sono stati 3 mila 834 assunti, dei quali 937 medici e dirigenti, 1.582 infermieri professionali, 826 Operatori Sociosanitari, 463 amministrativi. I Concorsi completati sono stati ben 131.<\/p>\n<p>&nbsp;<\/p>\n<p>I curriculum dei dirigenti sanitari<\/p>\n<p>BENINI PATRIZIA assegnata a Ulss9<br \/>\nLaurea in medicina e chirurgia presso Universit\u00e0 Cattolica del Sacro Cuore<br \/>\nDirettore Generale Istituto Oncologico Veneto dal 1 marzo 2021<br \/>\nDirettore Sanitario Azienda Ulss di Padova dal 2016 al 2021<br \/>\nDirettore Sanitario dell\u2019Azienda Ulss 10 (attuale Ulss 4) dal 2008 fino al 2013<br \/>\nDirettore Sanitario Azienda Ospedale di Padova dal 2005 al 2008.<\/p>\n<p>BENAZZI FRANCESCO confermato a Ulss2<br \/>\nLaurea in medicina e chirurgia presso Universit\u00e0 di Padova<br \/>\nDirettore Generale Azienda Ulss 2 Marca trevigiana dal 1 marzo 2021<br \/>\nDirettore Generale nuova Azienda Ulss 2 Marca trevigiana dal 2017 al 2021<br \/>\nDirettore Generale Azienda Ulss 15 Alta Padovana dal 2008 al 2015.<\/p>\n<p>BONAVINA MARIA GIUSEPPINA assegnata a IOV<br \/>\nLaurea in medicina e chirurgia presso Universit\u00e0 degli studi di Padova<br \/>\nDirettore Generale Azienda Ulss 8 Berica dal 1 marzo 2021<br \/>\nDirettore sanitario Istituto Oncologico Veneto dal 2016 al 2021<br \/>\nDirettore Generale dell\u2019Azienda Ulss 20 Verona dal 2008 al 2012 al 2016.<\/p>\n<p>BRAMEZZA CARLO confermato a Ulss7<br \/>\nLaurea in giurisprudenza presso Universit\u00e0 degli studi di Bologna<br \/>\nDirettore Generale Azienda Ulss 7 Pedemontana dal 1 marzo 2021<br \/>\nDirettore Generale Ulss 4 Veneto Orientale dal 2013 al 2020.<\/p>\n<p>BRAVI CALLISTO MARCO confermato a AOUI Verona<br \/>\nLaurea in medicina e chirurgia presso Universit\u00e0 degli studi di Milano<br \/>\nDirettore Generale Azienda Ospedaliera Integrata di Verona dal 1 marzo 2021<br \/>\nDirettore Generale ASST Sette Laghi di Varese dal 2012 al 2018<br \/>\nDirettore Generale \u201cOspedale Luigi Sacco, Milano dal 2011 al 2012.<\/p>\n<p>CONTATO EDGARDO confermato a Ulss3<br \/>\nLaurea in medicina e chirurgia presso Universit\u00e0 di Padova<br \/>\nDirettore Generale Azienda Ulss 3 Serenissima dal 1 marzo 2021<br \/>\nDirettore sanitario Azienda Ulss 5 Polesana dal 2016 al 2017<br \/>\nDirettore sanitario Azienda Uls di Ferrara dal 1998 al 2011.<\/p>\n<p>DAL BEN GIUSEPPE confermato a AOU Padova e Ulss1 (commissario fino a maggio 2024)<br \/>\nLaurea in medicina e chirurgia presso Universit\u00e0 degli studi di Padova<br \/>\nDirettore Generale Azienda Ospedale di Padova dal 1 marzo 2021<br \/>\nDirettore Generale Azienda Ulss 3 Serenissima dal 2017 al 2020<br \/>\nDirettore Generale Azienda Ulss 12 Veneziana dal 2013 al 2016<br \/>\nDirettore Generale Azienda Ulss 19 Adria dal 2008 al 2012.<\/p>\n<p>FORTUNA PAOLO confermato a Ulss6<br \/>\nLaurea in medicina e chirurgia presso Universit\u00e0 degli studi di Padova<br \/>\nDirettore Generale Azienda Ulss 6 Euganea dal 1 marzo 2021<br \/>\nDirettore servizi socio sanitari Azienda Ulss 6 Euganea dal 2019 al 2021 e a Vicenza dal 2005 al 2016<br \/>\nResponsabile distretto 4 Codroipo Regione Friuli Venezia Giulia dal 2017 al 2019.<\/p>\n<p>GIRARDI PIETRO assegnato a Ulss5<br \/>\nLaurea in scienze statistiche ed economiche presso l\u2019Universit\u00e0 degli studi di Bologna<br \/>\nDirettore Generale Azienda Ulss 9 scaligera dal gennaio 2016<br \/>\nDirettore Generale Adria dal 2013 al 2016<br \/>\nDirettore amministrativo Istituto Oncologico Veneto dal 2006 al 2012.<br \/>\nFILIPPI MAURO confermato a Ulss4<br \/>\nLaurea magistrale in scienze infermieristiche presso Universit\u00e0 degli studi Tor Vergata di Roma<br \/>\nLaurea in scienze dell\u2019educazione presso Universit\u00e0 degli studi di Trieste<br \/>\nDirettore Generale Azienda Ulss 4 Veneto Orientale dal 1 marzo 2021<br \/>\nDirettore servizi socio sanitari Azienda Ulss 4 Veneto orientale dal 2016 al 2021.<\/p>\n<p>SIMIONATO PATRIZIA assegnata a Ulss8<br \/>\nLaurea in scienze politiche presso Universit\u00e0 degli studi di Padova<br \/>\nDirettore Generale presso Azienda Ulss 5 Polesana dal 1 marzo 2021<br \/>\nDirettore Generale Azienda Zero dal 2018 al 2021<br \/>\nDirettore Generale Istituto Oncologico Veneto dal 2016 al 2018.<\/p>\n<p>TONIOLO ROBERTO confermato ad Azienda Zero<br \/>\nLaurea in scienze politiche indirizzo economico presso Universit\u00e0 degli studi di Padova<br \/>\nDirettore Generale Azienda Zero dal 1 marzo 2021.<br \/>\nDirettore amministrativo Azienda Ospedale Universit\u00e0 di Padova dal 2016 al 2021.<\/p>","protected":false},"excerpt":{"rendered":"<p>Venezia, 26 febbraio 2024\u00a0\u00a0Il Presidente della Regione, Luca Zaia, ha nominato oggi i Direttori Generali che guideranno le Aziende Sanitarie del Veneto per il prossimo biennio. I manager erano a suo tempo stati ingaggiati con un contratto triennale che sarebbe scaduto il 28 febbraio prossimo e rimarranno quindi in carica fino ai primi di marzo [&hellip;]<\/p>\n","protected":false},"author":2,"featured_media":118596,"comment_status":"closed","ping_status":"open","sticky":false,"template":"","format":"standard","meta":{"footnotes":""},"categories":[5,26],"tags":[],"class_list":["post-148672","post","type-post","status-publish","format-standard","has-post-thumbnail","category-cronaca","category-prima-pagina"],"yoast_head":"<!-- This site is optimized with the Yoast SEO plugin v28.4 - https:\/\/yoast.com\/product\/yoast-seo-wordpress\/ -->\n<title>Zaia conferma per il biennio 2024-26 i direttori generali della sanit\u00e0 del Veneto - Bellunopress - Dolomiti<\/title>\n<meta name=\"robots\" content=\"index, follow, max-snippet:-1, max-image-preview:large, max-video-preview:-1\" \/>\n<link rel=\"canonical\" href=\"https:\/\/www.bellunopress.it\/fr\/2024\/02\/26\/zaia-conferma-per-il-biennio-2024-26-i-direttori-generali-della-sanita-del-veneto\/\" \/>\n<meta property=\"og:locale\" content=\"fr_FR\" \/>\n<meta property=\"og:type\" content=\"article\" \/>\n<meta property=\"og:title\" content=\"Zaia conferma per il biennio 2024-26 i direttori generali della sanit\u00e0 del Veneto - Bellunopress - Dolomiti\" \/>\n<meta property=\"og:description\" content=\"Venezia, 26 febbraio 2024\u00a0\u00a0Il Presidente della Regione, Luca Zaia, ha nominato oggi i Direttori Generali che guideranno le Aziende Sanitarie del Veneto per il prossimo biennio. I manager erano a suo tempo stati ingaggiati con un contratto triennale che sarebbe scaduto il 28 febbraio prossimo e rimarranno quindi in carica fino ai primi di marzo [&hellip;]\" \/>\n<meta property=\"og:url\" content=\"https:\/\/www.bellunopress.it\/fr\/2024\/02\/26\/zaia-conferma-per-il-biennio-2024-26-i-direttori-generali-della-sanita-del-veneto\/\" \/>\n<meta property=\"og:site_name\" content=\"Bellunopress - Dolomiti\" \/>\n<meta property=\"article:publisher\" content=\"https:\/\/www.facebook.com\/profile.php?id=100008943462799\" \/>\n<meta property=\"article:published_time\" content=\"2024-02-26T16:37:36+00:00\" \/>\n<meta property=\"og:image\" content=\"https:\/\/www.bellunopress.it\/wp-content\/uploads\/2020\/10\/Luca-Zaia_edited.jpg\" \/>\n\t<meta property=\"og:image:width\" content=\"800\" \/>\n\t<meta property=\"og:image:height\" content=\"800\" \/>\n\t<meta property=\"og:image:type\" content=\"image\/jpeg\" \/>\n<meta name=\"author\" content=\"redazione\" \/>\n<meta name=\"twitter:card\" content=\"summary_large_image\" \/>\n<meta name=\"twitter:creator\" content=\"@bellunopress\" \/>\n<meta name=\"twitter:site\" content=\"@bellunopress\" \/>\n<meta name=\"twitter:label1\" content=\"\u00c9crit par\" \/>\n\t<meta name=\"twitter:data1\" content=\"redazione\" \/>\n\t<meta name=\"twitter:label2\" content=\"Dur\u00e9e de lecture estim\u00e9e\" \/>\n\t<meta name=\"twitter:data2\" content=\"5 minutes\" \/>\n<script type=\"application\/ld+json\" class=\"yoast-schema-graph\">{\"@context\":\"https:\\\/\\\/schema.org\",\"@graph\":[{\"@type\":\"Article\",\"@id\":\"https:\\\/\\\/www.bellunopress.it\\\/2024\\\/02\\\/26\\\/zaia-conferma-per-il-biennio-2024-26-i-direttori-generali-della-sanita-del-veneto\\\/#article\",\"isPartOf\":{\"@id\":\"https:\\\/\\\/www.bellunopress.it\\\/2024\\\/02\\\/26\\\/zaia-conferma-per-il-biennio-2024-26-i-direttori-generali-della-sanita-del-veneto\\\/\"},\"author\":{\"name\":\"redazione\",\"@id\":\"https:\\\/\\\/www.bellunopress.it\\\/#\\\/schema\\\/person\\\/79bb06722b37ece1c03d3e94beb30d73\"},\"headline\":\"Zaia conferma per il biennio 2024-26 i direttori generali della sanit\u00e0 del Veneto\",\"datePublished\":\"2024-02-26T16:37:36+00:00\",\"mainEntityOfPage\":{\"@id\":\"https:\\\/\\\/www.bellunopress.it\\\/2024\\\/02\\\/26\\\/zaia-conferma-per-il-biennio-2024-26-i-direttori-generali-della-sanita-del-veneto\\\/\"},\"wordCount\":948,\"publisher\":{\"@id\":\"https:\\\/\\\/www.bellunopress.it\\\/#organization\"},\"image\":{\"@id\":\"https:\\\/\\\/www.bellunopress.it\\\/2024\\\/02\\\/26\\\/zaia-conferma-per-il-biennio-2024-26-i-direttori-generali-della-sanita-del-veneto\\\/#primaryimage\"},\"thumbnailUrl\":\"https:\\\/\\\/www.bellunopress.it\\\/wp-content\\\/uploads\\\/2020\\\/10\\\/Luca-Zaia_edited.jpg\",\"articleSection\":[\"Cronaca\\\/Politica\",\"Prima Pagina\"],\"inLanguage\":\"fr-FR\"},{\"@type\":\"WebPage\",\"@id\":\"https:\\\/\\\/www.bellunopress.it\\\/2024\\\/02\\\/26\\\/zaia-conferma-per-il-biennio-2024-26-i-direttori-generali-della-sanita-del-veneto\\\/\",\"url\":\"https:\\\/\\\/www.bellunopress.it\\\/2024\\\/02\\\/26\\\/zaia-conferma-per-il-biennio-2024-26-i-direttori-generali-della-sanita-del-veneto\\\/\",\"name\":\"Zaia conferma per il biennio 2024-26 i direttori generali della sanit\u00e0 del Veneto - Bellunopress - Dolomiti\",\"isPartOf\":{\"@id\":\"https:\\\/\\\/www.bellunopress.it\\\/#website\"},\"primaryImageOfPage\":{\"@id\":\"https:\\\/\\\/www.bellunopress.it\\\/2024\\\/02\\\/26\\\/zaia-conferma-per-il-biennio-2024-26-i-direttori-generali-della-sanita-del-veneto\\\/#primaryimage\"},\"image\":{\"@id\":\"https:\\\/\\\/www.bellunopress.it\\\/2024\\\/02\\\/26\\\/zaia-conferma-per-il-biennio-2024-26-i-direttori-generali-della-sanita-del-veneto\\\/#primaryimage\"},\"thumbnailUrl\":\"https:\\\/\\\/www.bellunopress.it\\\/wp-content\\\/uploads\\\/2020\\\/10\\\/Luca-Zaia_edited.jpg\",\"datePublished\":\"2024-02-26T16:37:36+00:00\",\"breadcrumb\":{\"@id\":\"https:\\\/\\\/www.bellunopress.it\\\/2024\\\/02\\\/26\\\/zaia-conferma-per-il-biennio-2024-26-i-direttori-generali-della-sanita-del-veneto\\\/#breadcrumb\"},\"inLanguage\":\"fr-FR\",\"potentialAction\":[{\"@type\":\"ReadAction\",\"target\":[\"https:\\\/\\\/www.bellunopress.it\\\/2024\\\/02\\\/26\\\/zaia-conferma-per-il-biennio-2024-26-i-direttori-generali-della-sanita-del-veneto\\\/\"]}]},{\"@type\":\"ImageObject\",\"inLanguage\":\"fr-FR\",\"@id\":\"https:\\\/\\\/www.bellunopress.it\\\/2024\\\/02\\\/26\\\/zaia-conferma-per-il-biennio-2024-26-i-direttori-generali-della-sanita-del-veneto\\\/#primaryimage\",\"url\":\"https:\\\/\\\/www.bellunopress.it\\\/wp-content\\\/uploads\\\/2020\\\/10\\\/Luca-Zaia_edited.jpg\",\"contentUrl\":\"https:\\\/\\\/www.bellunopress.it\\\/wp-content\\\/uploads\\\/2020\\\/10\\\/Luca-Zaia_edited.jpg\",\"width\":800,\"height\":800,\"caption\":\"Luca Zaia, presidente della Regione del Veneto\"},{\"@type\":\"BreadcrumbList\",\"@id\":\"https:\\\/\\\/www.bellunopress.it\\\/2024\\\/02\\\/26\\\/zaia-conferma-per-il-biennio-2024-26-i-direttori-generali-della-sanita-del-veneto\\\/#breadcrumb\",\"itemListElement\":[{\"@type\":\"ListItem\",\"position\":1,\"name\":\"Home\",\"item\":\"https:\\\/\\\/www.bellunopress.it\\\/\"},{\"@type\":\"ListItem\",\"position\":2,\"name\":\"Zaia conferma per il biennio 2024-26 i direttori generali della sanit\u00e0 del Veneto\"}]},{\"@type\":\"WebSite\",\"@id\":\"https:\\\/\\\/www.bellunopress.it\\\/#website\",\"url\":\"https:\\\/\\\/www.bellunopress.it\\\/\",\"name\":\"Bellunopress - Dolomiti\",\"description\":\"e-mail: redazione@bellunopress.it\",\"publisher\":{\"@id\":\"https:\\\/\\\/www.bellunopress.it\\\/#organization\"},\"potentialAction\":[{\"@type\":\"SearchAction\",\"target\":{\"@type\":\"EntryPoint\",\"urlTemplate\":\"https:\\\/\\\/www.bellunopress.it\\\/?s={search_term_string}\"},\"query-input\":{\"@type\":\"PropertyValueSpecification\",\"valueRequired\":true,\"valueName\":\"search_term_string\"}}],\"inLanguage\":\"fr-FR\"},{\"@type\":\"Organization\",\"@id\":\"https:\\\/\\\/www.bellunopress.it\\\/#organization\",\"name\":\"Bellunopress\",\"url\":\"https:\\\/\\\/www.bellunopress.it\\\/\",\"logo\":{\"@type\":\"ImageObject\",\"inLanguage\":\"fr-FR\",\"@id\":\"https:\\\/\\\/www.bellunopress.it\\\/#\\\/schema\\\/logo\\\/image\\\/\",\"url\":\"https:\\\/\\\/www.bellunopress.it\\\/wp-content\\\/uploads\\\/2011\\\/05\\\/cropped-logo-bellunopress-.jpg\",\"contentUrl\":\"https:\\\/\\\/www.bellunopress.it\\\/wp-content\\\/uploads\\\/2011\\\/05\\\/cropped-logo-bellunopress-.jpg\",\"width\":512,\"height\":512,\"caption\":\"Bellunopress\"},\"image\":{\"@id\":\"https:\\\/\\\/www.bellunopress.it\\\/#\\\/schema\\\/logo\\\/image\\\/\"},\"sameAs\":[\"https:\\\/\\\/www.facebook.com\\\/profile.php?id=100008943462799\",\"https:\\\/\\\/x.com\\\/bellunopress\",\"https:\\\/\\\/www.linkedin.com\\\/hp\\\/?dnr=JBzUWaJfMUw8vbXJJ2tVW5-I3jZKvC4wsoxE&amp;amp;amp;amp;amp;amp;trk=nav_responsive_tab_home\",\"https:\\\/\\\/www.youtube.com\\\/channel\\\/UCxL0wu1uN0_3_7hGG0306cw\"]},{\"@type\":\"Person\",\"@id\":\"https:\\\/\\\/www.bellunopress.it\\\/#\\\/schema\\\/person\\\/79bb06722b37ece1c03d3e94beb30d73\",\"name\":\"redazione\",\"image\":{\"@type\":\"ImageObject\",\"inLanguage\":\"fr-FR\",\"@id\":\"https:\\\/\\\/secure.gravatar.com\\\/avatar\\\/37d968a2e67a6fd04c169c4bdef102d0bc5d31b2546345219e348575eb80e9a0?s=96&d=mm&r=g\",\"url\":\"https:\\\/\\\/secure.gravatar.com\\\/avatar\\\/37d968a2e67a6fd04c169c4bdef102d0bc5d31b2546345219e348575eb80e9a0?s=96&d=mm&r=g\",\"contentUrl\":\"https:\\\/\\\/secure.gravatar.com\\\/avatar\\\/37d968a2e67a6fd04c169c4bdef102d0bc5d31b2546345219e348575eb80e9a0?s=96&d=mm&r=g\",\"caption\":\"redazione\"},\"sameAs\":[\"http:\\\/\\\/www.bellunopress.it\",\"https:\\\/\\\/x.com\\\/bellunopress\"],\"url\":\"https:\\\/\\\/www.bellunopress.it\\\/fr\\\/author\\\/redazione\\\/\"}]}<\/script>\n<!-- \/ Yoast SEO plugin. -->","yoast_head_json":{"title":"Zaia conferma per il biennio 2024-26 i direttori generali della sanit\u00e0 del Veneto - Bellunopress - Dolomiti","robots":{"index":"index","follow":"follow","max-snippet":"max-snippet:-1","max-image-preview":"max-image-preview:large","max-video-preview":"max-video-preview:-1"},"canonical":"https:\/\/www.bellunopress.it\/fr\/2024\/02\/26\/zaia-conferma-per-il-biennio-2024-26-i-direttori-generali-della-sanita-del-veneto\/","og_locale":"fr_FR","og_type":"article","og_title":"Zaia conferma per il biennio 2024-26 i direttori generali della sanit\u00e0 del Veneto - Bellunopress - Dolomiti","og_description":"Venezia, 26 febbraio 2024\u00a0\u00a0Il Presidente della Regione, Luca Zaia, ha nominato oggi i Direttori Generali che guideranno le Aziende Sanitarie del Veneto per il prossimo biennio. I manager erano a suo tempo stati ingaggiati con un contratto triennale che sarebbe scaduto il 28 febbraio prossimo e rimarranno quindi in carica fino ai primi di marzo [&hellip;]","og_url":"https:\/\/www.bellunopress.it\/fr\/2024\/02\/26\/zaia-conferma-per-il-biennio-2024-26-i-direttori-generali-della-sanita-del-veneto\/","og_site_name":"Bellunopress - Dolomiti","article_publisher":"https:\/\/www.facebook.com\/profile.php?id=100008943462799","article_published_time":"2024-02-26T16:37:36+00:00","og_image":[{"width":800,"height":800,"url":"https:\/\/www.bellunopress.it\/wp-content\/uploads\/2020\/10\/Luca-Zaia_edited.jpg","type":"image\/jpeg"}],"author":"redazione","twitter_card":"summary_large_image","twitter_creator":"@bellunopress","twitter_site":"@bellunopress","twitter_misc":{"\u00c9crit par":"redazione","Dur\u00e9e de lecture estim\u00e9e":"5 minutes"},"schema":{"@context":"https:\/\/schema.org","@graph":[{"@type":"Article","@id":"https:\/\/www.bellunopress.it\/2024\/02\/26\/zaia-conferma-per-il-biennio-2024-26-i-direttori-generali-della-sanita-del-veneto\/#article","isPartOf":{"@id":"https:\/\/www.bellunopress.it\/2024\/02\/26\/zaia-conferma-per-il-biennio-2024-26-i-direttori-generali-della-sanita-del-veneto\/"},"author":{"name":"redazione","@id":"https:\/\/www.bellunopress.it\/#\/schema\/person\/79bb06722b37ece1c03d3e94beb30d73"},"headline":"Zaia conferma per il biennio 2024-26 i direttori generali della sanit\u00e0 del Veneto","datePublished":"2024-02-26T16:37:36+00:00","mainEntityOfPage":{"@id":"https:\/\/www.bellunopress.it\/2024\/02\/26\/zaia-conferma-per-il-biennio-2024-26-i-direttori-generali-della-sanita-del-veneto\/"},"wordCount":948,"publisher":{"@id":"https:\/\/www.bellunopress.it\/#organization"},"image":{"@id":"https:\/\/www.bellunopress.it\/2024\/02\/26\/zaia-conferma-per-il-biennio-2024-26-i-direttori-generali-della-sanita-del-veneto\/#primaryimage"},"thumbnailUrl":"https:\/\/www.bellunopress.it\/wp-content\/uploads\/2020\/10\/Luca-Zaia_edited.jpg","articleSection":["Cronaca\/Politica","Prima Pagina"],"inLanguage":"fr-FR"},{"@type":"WebPage","@id":"https:\/\/www.bellunopress.it\/2024\/02\/26\/zaia-conferma-per-il-biennio-2024-26-i-direttori-generali-della-sanita-del-veneto\/","url":"https:\/\/www.bellunopress.it\/2024\/02\/26\/zaia-conferma-per-il-biennio-2024-26-i-direttori-generali-della-sanita-del-veneto\/","name":"Zaia conferma per il biennio 2024-26 i direttori generali della sanit\u00e0 del Veneto - Bellunopress - Dolomiti","isPartOf":{"@id":"https:\/\/www.bellunopress.it\/#website"},"primaryImageOfPage":{"@id":"https:\/\/www.bellunopress.it\/2024\/02\/26\/zaia-conferma-per-il-biennio-2024-26-i-direttori-generali-della-sanita-del-veneto\/#primaryimage"},"image":{"@id":"https:\/\/www.bellunopress.it\/2024\/02\/26\/zaia-conferma-per-il-biennio-2024-26-i-direttori-generali-della-sanita-del-veneto\/#primaryimage"},"thumbnailUrl":"https:\/\/www.bellunopress.it\/wp-content\/uploads\/2020\/10\/Luca-Zaia_edited.jpg","datePublished":"2024-02-26T16:37:36+00:00","breadcrumb":{"@id":"https:\/\/www.bellunopress.it\/2024\/02\/26\/zaia-conferma-per-il-biennio-2024-26-i-direttori-generali-della-sanita-del-veneto\/#breadcrumb"},"inLanguage":"fr-FR","potentialAction":[{"@type":"ReadAction","target":["https:\/\/www.bellunopress.it\/2024\/02\/26\/zaia-conferma-per-il-biennio-2024-26-i-direttori-generali-della-sanita-del-veneto\/"]}]},{"@type":"ImageObject","inLanguage":"fr-FR","@id":"https:\/\/www.bellunopress.it\/2024\/02\/26\/zaia-conferma-per-il-biennio-2024-26-i-direttori-generali-della-sanita-del-veneto\/#primaryimage","url":"https:\/\/www.bellunopress.it\/wp-content\/uploads\/2020\/10\/Luca-Zaia_edited.jpg","contentUrl":"https:\/\/www.bellunopress.it\/wp-content\/uploads\/2020\/10\/Luca-Zaia_edited.jpg","width":800,"height":800,"caption":"Luca Zaia, presidente della Regione del Veneto"},{"@type":"BreadcrumbList","@id":"https:\/\/www.bellunopress.it\/2024\/02\/26\/zaia-conferma-per-il-biennio-2024-26-i-direttori-generali-della-sanita-del-veneto\/#breadcrumb","itemListElement":[{"@type":"ListItem","position":1,"name":"Home","item":"https:\/\/www.bellunopress.it\/"},{"@type":"ListItem","position":2,"name":"Zaia conferma per il biennio 2024-26 i direttori generali della sanit\u00e0 del Veneto"}]},{"@type":"WebSite","@id":"https:\/\/www.bellunopress.it\/#website","url":"https:\/\/www.bellunopress.it\/","name":"Bellunopress - Dolomiti","description":"e-mail: redazione@bellunopress.it","publisher":{"@id":"https:\/\/www.bellunopress.it\/#organization"},"potentialAction":[{"@type":"SearchAction","target":{"@type":"EntryPoint","urlTemplate":"https:\/\/www.bellunopress.it\/?s={search_term_string}"},"query-input":{"@type":"PropertyValueSpecification","valueRequired":true,"valueName":"search_term_string"}}],"inLanguage":"fr-FR"},{"@type":"Organization","@id":"https:\/\/www.bellunopress.it\/#organization","name":"Bellunopress","url":"https:\/\/www.bellunopress.it\/","logo":{"@type":"ImageObject","inLanguage":"fr-FR","@id":"https:\/\/www.bellunopress.it\/#\/schema\/logo\/image\/","url":"https:\/\/www.bellunopress.it\/wp-content\/uploads\/2011\/05\/cropped-logo-bellunopress-.jpg","contentUrl":"https:\/\/www.bellunopress.it\/wp-content\/uploads\/2011\/05\/cropped-logo-bellunopress-.jpg","width":512,"height":512,"caption":"Bellunopress"},"image":{"@id":"https:\/\/www.bellunopress.it\/#\/schema\/logo\/image\/"},"sameAs":["https:\/\/www.facebook.com\/profile.php?id=100008943462799","https:\/\/x.com\/bellunopress","https:\/\/www.linkedin.com\/hp\/?dnr=JBzUWaJfMUw8vbXJJ2tVW5-I3jZKvC4wsoxE&amp;amp;amp;amp;amp;amp;trk=nav_responsive_tab_home","https:\/\/www.youtube.com\/channel\/UCxL0wu1uN0_3_7hGG0306cw"]},{"@type":"Person","@id":"https:\/\/www.bellunopress.it\/#\/schema\/person\/79bb06722b37ece1c03d3e94beb30d73","name":"r\u00e9daction","image":{"@type":"ImageObject","inLanguage":"fr-FR","@id":"https:\/\/secure.gravatar.com\/avatar\/37d968a2e67a6fd04c169c4bdef102d0bc5d31b2546345219e348575eb80e9a0?s=96&d=mm&r=g","url":"https:\/\/secure.gravatar.com\/avatar\/37d968a2e67a6fd04c169c4bdef102d0bc5d31b2546345219e348575eb80e9a0?s=96&d=mm&r=g","contentUrl":"https:\/\/secure.gravatar.com\/avatar\/37d968a2e67a6fd04c169c4bdef102d0bc5d31b2546345219e348575eb80e9a0?s=96&d=mm&r=g","caption":"redazione"},"sameAs":["http:\/\/www.bellunopress.it","https:\/\/x.com\/bellunopress"],"url":"https:\/\/www.bellunopress.it\/fr\/author\/redazione\/"}]}},"_links":{"self":[{"href":"https:\/\/www.bellunopress.it\/fr\/wp-json\/wp\/v2\/posts\/148672","targetHints":{"allow":["GET"]}}],"collection":[{"href":"https:\/\/www.bellunopress.it\/fr\/wp-json\/wp\/v2\/posts"}],"about":[{"href":"https:\/\/www.bellunopress.it\/fr\/wp-json\/wp\/v2\/types\/post"}],"author":[{"embeddable":true,"href":"https:\/\/www.bellunopress.it\/fr\/wp-json\/wp\/v2\/users\/2"}],"replies":[{"embeddable":true,"href":"https:\/\/www.bellunopress.it\/fr\/wp-json\/wp\/v2\/comments?post=148672"}],"version-history":[{"count":1,"href":"https:\/\/www.bellunopress.it\/fr\/wp-json\/wp\/v2\/posts\/148672\/revisions"}],"predecessor-version":[{"id":148673,"href":"https:\/\/www.bellunopress.it\/fr\/wp-json\/wp\/v2\/posts\/148672\/revisions\/148673"}],"wp:featuredmedia":[{"embeddable":true,"href":"https:\/\/www.bellunopress.it\/fr\/wp-json\/wp\/v2\/media\/118596"}],"wp:attachment":[{"href":"https:\/\/www.bellunopress.it\/fr\/wp-json\/wp\/v2\/media?parent=148672"}],"wp:term":[{"taxonomy":"category","embeddable":true,"href":"https:\/\/www.bellunopress.it\/fr\/wp-json\/wp\/v2\/categories?post=148672"},{"taxonomy":"post_tag","embeddable":true,"href":"https:\/\/www.bellunopress.it\/fr\/wp-json\/wp\/v2\/tags?post=148672"}],"curies":[{"name":"wp","href":"https:\/\/api.w.org\/{rel}","templated":true}]}}