{"id":148666,"date":"2024-02-26T14:47:39","date_gmt":"2024-02-26T13:47:39","guid":{"rendered":"https:\/\/www.bellunopress.it\/?p=148666"},"modified":"2024-02-26T14:47:39","modified_gmt":"2024-02-26T13:47:39","slug":"pista-da-bob-cortina-zaia-e-la-pista-ipogea","status":"publish","type":"post","link":"https:\/\/www.bellunopress.it\/fr\/2024\/02\/26\/pista-da-bob-cortina-zaia-e-la-pista-ipogea\/","title":{"rendered":"Pista da bob Cortina. Zaia e la pista ipogea"},"content":{"rendered":"<p><img loading=\"lazy\" decoding=\"async\" class=\"alignleft size-full wp-image-148667\" src=\"https:\/\/www.bellunopress.it\/wp-content\/uploads\/2024\/02\/progetto-light-pista-da-bob-cortina_edited.jpg\" alt=\"\" width=\"1000\" height=\"479\" srcset=\"https:\/\/www.bellunopress.it\/wp-content\/uploads\/2024\/02\/progetto-light-pista-da-bob-cortina_edited.jpg 1000w, https:\/\/www.bellunopress.it\/wp-content\/uploads\/2024\/02\/progetto-light-pista-da-bob-cortina_edited-500x240.jpg 500w, https:\/\/www.bellunopress.it\/wp-content\/uploads\/2024\/02\/progetto-light-pista-da-bob-cortina_edited-696x333.jpg 696w\" sizes=\"auto, (max-width: 1000px) 100vw, 1000px\" \/>\u201cLa pista di bob nasce dove c&#8217;\u00e8 una pista di bob, la pi\u00f9 vecchia al mondo, e la nuova sar\u00e0 pi\u00f9 breve e ipogea di prima, anche dando una sostenibilit\u00e0 visiva a un versante della montagna\u201d.<\/p>\n<p>Queste le affermazioni del presidente Luca Zaia a margine della conferenza stampa del CIO a Venezia il 23 febbraio scorso.<\/p>\n<p>Siamo andati a rivedere il progetto \u201clight\u201d e gli scarsi e sbiaditi rendering che lo accompagnano, e a noi pare che di \u201cipogeo\u201d, cio\u00e8 di interrato, ci sia ben poco: non solo la<br \/>\nlinea di pista ma tutti gli edifici che la servono (partenza, arrivo, centrale refrigerazione ecc) sono fuori terra e in alcuni casi sopraelevati.<\/p>\n<p>Che cosa poi si intenda per dare \u201csostenibilit\u00e0 visiva al versante della montagna\u201d \u00e8 davvero<br \/>\nincomprensibile: forse che prima il versante era inguardabile e poi, ripulito da quegli<br \/>\ningombranti larici, diverr\u00e0 una bellezza?<\/p>\n<p>Ci sorge un sospetto: forse al Presidente non \u00e8 stato ben illustrato il progetto come d&#8217;altra<br \/>\nparte non \u00e8 mai stato mostrato ai cittadini. Non ci resta quindi che attendere fiduciosi che &#8211;<br \/>\npossibilmente prima della sua realizzazione finale (se mai ci sar\u00e0) &#8211; qualcuno adempia le<br \/>\npromesse e ce lo illustri nel dettaglio.<\/p>\n<p>Ma analoga \u201cignoranza\u201d dimostra a nostro avviso il collega di partito del Presidente, il<br \/>\nMinistro Matteo Salvini, il quale a un giornalista delle \u201cIene\u201d che gli dice che la pista<br \/>\ncoster\u00e0 pi\u00f9 di 118 milioni di euro, risponde \u201c Non so dove tu abbia preso questa cifra che<br \/>\nnon \u00e8 cos\u00ec,..\u201d. E quando il giornalista gli mostra il documento ufficiale con i conti ben in<br \/>\nevidenza, educatamente saluta e se ne va.<\/p>\n<p>Insomma, se questa \u00e8 la conoscenza che hanno i nostri politici dei progetti sui quali sono<br \/>\nchiamati a decidere, non credete che facciamo bene a preoccuparci ?<\/p>\n<p><strong>Le Associazioni ambientaliste dell\u2019Alto Bellunese<\/strong><\/p>","protected":false},"excerpt":{"rendered":"<p>\u201cLa pista di bob nasce dove c&#8217;\u00e8 una pista di bob, la pi\u00f9 vecchia al mondo, e la nuova sar\u00e0 pi\u00f9 breve e ipogea di prima, anche dando una sostenibilit\u00e0 visiva a un versante della montagna\u201d. Queste le affermazioni del presidente Luca Zaia a margine della conferenza stampa del CIO a Venezia il 23 febbraio [&hellip;]<\/p>\n","protected":false},"author":2,"featured_media":148667,"comment_status":"closed","ping_status":"open","sticky":false,"template":"","format":"standard","meta":{"footnotes":""},"categories":[5,26],"tags":[],"class_list":["post-148666","post","type-post","status-publish","format-standard","has-post-thumbnail","category-cronaca","category-prima-pagina"],"yoast_head":"<!-- This site is optimized with the Yoast SEO plugin v28.4 - https:\/\/yoast.com\/product\/yoast-seo-wordpress\/ -->\n<title>Pista da bob Cortina. Zaia e la pista ipogea - Bellunopress - Dolomiti<\/title>\n<meta name=\"robots\" content=\"index, follow, max-snippet:-1, max-image-preview:large, max-video-preview:-1\" \/>\n<link rel=\"canonical\" href=\"https:\/\/www.bellunopress.it\/fr\/2024\/02\/26\/pista-da-bob-cortina-zaia-e-la-pista-ipogea\/\" \/>\n<meta property=\"og:locale\" content=\"fr_FR\" \/>\n<meta property=\"og:type\" content=\"article\" \/>\n<meta property=\"og:title\" content=\"Pista da bob Cortina. Zaia e la pista ipogea - Bellunopress - Dolomiti\" \/>\n<meta property=\"og:description\" content=\"\u201cLa pista di bob nasce dove c&#8217;\u00e8 una pista di bob, la pi\u00f9 vecchia al mondo, e la nuova sar\u00e0 pi\u00f9 breve e ipogea di prima, anche dando una sostenibilit\u00e0 visiva a un versante della montagna\u201d. Queste le affermazioni del presidente Luca Zaia a margine della conferenza stampa del CIO a Venezia il 23 febbraio [&hellip;]\" \/>\n<meta property=\"og:url\" content=\"https:\/\/www.bellunopress.it\/fr\/2024\/02\/26\/pista-da-bob-cortina-zaia-e-la-pista-ipogea\/\" \/>\n<meta property=\"og:site_name\" content=\"Bellunopress - Dolomiti\" \/>\n<meta property=\"article:publisher\" content=\"https:\/\/www.facebook.com\/profile.php?id=100008943462799\" \/>\n<meta property=\"article:published_time\" content=\"2024-02-26T13:47:39+00:00\" \/>\n<meta property=\"og:image\" content=\"https:\/\/www.bellunopress.it\/wp-content\/uploads\/2024\/02\/progetto-light-pista-da-bob-cortina_edited.jpg\" \/>\n\t<meta property=\"og:image:width\" content=\"1000\" \/>\n\t<meta property=\"og:image:height\" content=\"479\" \/>\n\t<meta property=\"og:image:type\" content=\"image\/jpeg\" \/>\n<meta name=\"author\" content=\"redazione\" \/>\n<meta name=\"twitter:card\" content=\"summary_large_image\" \/>\n<meta name=\"twitter:creator\" content=\"@bellunopress\" \/>\n<meta name=\"twitter:site\" content=\"@bellunopress\" \/>\n<meta name=\"twitter:label1\" content=\"\u00c9crit par\" \/>\n\t<meta name=\"twitter:data1\" content=\"redazione\" \/>\n\t<meta name=\"twitter:label2\" content=\"Dur\u00e9e de lecture estim\u00e9e\" \/>\n\t<meta name=\"twitter:data2\" content=\"1 minute\" \/>\n<script type=\"application\/ld+json\" class=\"yoast-schema-graph\">{\"@context\":\"https:\\\/\\\/schema.org\",\"@graph\":[{\"@type\":\"Article\",\"@id\":\"https:\\\/\\\/www.bellunopress.it\\\/2024\\\/02\\\/26\\\/pista-da-bob-cortina-zaia-e-la-pista-ipogea\\\/#article\",\"isPartOf\":{\"@id\":\"https:\\\/\\\/www.bellunopress.it\\\/2024\\\/02\\\/26\\\/pista-da-bob-cortina-zaia-e-la-pista-ipogea\\\/\"},\"author\":{\"name\":\"redazione\",\"@id\":\"https:\\\/\\\/www.bellunopress.it\\\/#\\\/schema\\\/person\\\/79bb06722b37ece1c03d3e94beb30d73\"},\"headline\":\"Pista da bob Cortina. Zaia e la pista ipogea\",\"datePublished\":\"2024-02-26T13:47:39+00:00\",\"mainEntityOfPage\":{\"@id\":\"https:\\\/\\\/www.bellunopress.it\\\/2024\\\/02\\\/26\\\/pista-da-bob-cortina-zaia-e-la-pista-ipogea\\\/\"},\"wordCount\":305,\"publisher\":{\"@id\":\"https:\\\/\\\/www.bellunopress.it\\\/#organization\"},\"image\":{\"@id\":\"https:\\\/\\\/www.bellunopress.it\\\/2024\\\/02\\\/26\\\/pista-da-bob-cortina-zaia-e-la-pista-ipogea\\\/#primaryimage\"},\"thumbnailUrl\":\"https:\\\/\\\/www.bellunopress.it\\\/wp-content\\\/uploads\\\/2024\\\/02\\\/progetto-light-pista-da-bob-cortina_edited.jpg\",\"articleSection\":[\"Cronaca\\\/Politica\",\"Prima Pagina\"],\"inLanguage\":\"fr-FR\"},{\"@type\":\"WebPage\",\"@id\":\"https:\\\/\\\/www.bellunopress.it\\\/2024\\\/02\\\/26\\\/pista-da-bob-cortina-zaia-e-la-pista-ipogea\\\/\",\"url\":\"https:\\\/\\\/www.bellunopress.it\\\/2024\\\/02\\\/26\\\/pista-da-bob-cortina-zaia-e-la-pista-ipogea\\\/\",\"name\":\"Pista da bob Cortina. Zaia e la pista ipogea - Bellunopress - Dolomiti\",\"isPartOf\":{\"@id\":\"https:\\\/\\\/www.bellunopress.it\\\/#website\"},\"primaryImageOfPage\":{\"@id\":\"https:\\\/\\\/www.bellunopress.it\\\/2024\\\/02\\\/26\\\/pista-da-bob-cortina-zaia-e-la-pista-ipogea\\\/#primaryimage\"},\"image\":{\"@id\":\"https:\\\/\\\/www.bellunopress.it\\\/2024\\\/02\\\/26\\\/pista-da-bob-cortina-zaia-e-la-pista-ipogea\\\/#primaryimage\"},\"thumbnailUrl\":\"https:\\\/\\\/www.bellunopress.it\\\/wp-content\\\/uploads\\\/2024\\\/02\\\/progetto-light-pista-da-bob-cortina_edited.jpg\",\"datePublished\":\"2024-02-26T13:47:39+00:00\",\"breadcrumb\":{\"@id\":\"https:\\\/\\\/www.bellunopress.it\\\/2024\\\/02\\\/26\\\/pista-da-bob-cortina-zaia-e-la-pista-ipogea\\\/#breadcrumb\"},\"inLanguage\":\"fr-FR\",\"potentialAction\":[{\"@type\":\"ReadAction\",\"target\":[\"https:\\\/\\\/www.bellunopress.it\\\/2024\\\/02\\\/26\\\/pista-da-bob-cortina-zaia-e-la-pista-ipogea\\\/\"]}]},{\"@type\":\"ImageObject\",\"inLanguage\":\"fr-FR\",\"@id\":\"https:\\\/\\\/www.bellunopress.it\\\/2024\\\/02\\\/26\\\/pista-da-bob-cortina-zaia-e-la-pista-ipogea\\\/#primaryimage\",\"url\":\"https:\\\/\\\/www.bellunopress.it\\\/wp-content\\\/uploads\\\/2024\\\/02\\\/progetto-light-pista-da-bob-cortina_edited.jpg\",\"contentUrl\":\"https:\\\/\\\/www.bellunopress.it\\\/wp-content\\\/uploads\\\/2024\\\/02\\\/progetto-light-pista-da-bob-cortina_edited.jpg\",\"width\":1000,\"height\":479},{\"@type\":\"BreadcrumbList\",\"@id\":\"https:\\\/\\\/www.bellunopress.it\\\/2024\\\/02\\\/26\\\/pista-da-bob-cortina-zaia-e-la-pista-ipogea\\\/#breadcrumb\",\"itemListElement\":[{\"@type\":\"ListItem\",\"position\":1,\"name\":\"Home\",\"item\":\"https:\\\/\\\/www.bellunopress.it\\\/\"},{\"@type\":\"ListItem\",\"position\":2,\"name\":\"Pista da bob Cortina. Zaia e la pista ipogea\"}]},{\"@type\":\"WebSite\",\"@id\":\"https:\\\/\\\/www.bellunopress.it\\\/#website\",\"url\":\"https:\\\/\\\/www.bellunopress.it\\\/\",\"name\":\"Bellunopress - Dolomiti\",\"description\":\"e-mail: redazione@bellunopress.it\",\"publisher\":{\"@id\":\"https:\\\/\\\/www.bellunopress.it\\\/#organization\"},\"potentialAction\":[{\"@type\":\"SearchAction\",\"target\":{\"@type\":\"EntryPoint\",\"urlTemplate\":\"https:\\\/\\\/www.bellunopress.it\\\/?s={search_term_string}\"},\"query-input\":{\"@type\":\"PropertyValueSpecification\",\"valueRequired\":true,\"valueName\":\"search_term_string\"}}],\"inLanguage\":\"fr-FR\"},{\"@type\":\"Organization\",\"@id\":\"https:\\\/\\\/www.bellunopress.it\\\/#organization\",\"name\":\"Bellunopress\",\"url\":\"https:\\\/\\\/www.bellunopress.it\\\/\",\"logo\":{\"@type\":\"ImageObject\",\"inLanguage\":\"fr-FR\",\"@id\":\"https:\\\/\\\/www.bellunopress.it\\\/#\\\/schema\\\/logo\\\/image\\\/\",\"url\":\"https:\\\/\\\/www.bellunopress.it\\\/wp-content\\\/uploads\\\/2011\\\/05\\\/cropped-logo-bellunopress-.jpg\",\"contentUrl\":\"https:\\\/\\\/www.bellunopress.it\\\/wp-content\\\/uploads\\\/2011\\\/05\\\/cropped-logo-bellunopress-.jpg\",\"width\":512,\"height\":512,\"caption\":\"Bellunopress\"},\"image\":{\"@id\":\"https:\\\/\\\/www.bellunopress.it\\\/#\\\/schema\\\/logo\\\/image\\\/\"},\"sameAs\":[\"https:\\\/\\\/www.facebook.com\\\/profile.php?id=100008943462799\",\"https:\\\/\\\/x.com\\\/bellunopress\",\"https:\\\/\\\/www.linkedin.com\\\/hp\\\/?dnr=JBzUWaJfMUw8vbXJJ2tVW5-I3jZKvC4wsoxE&amp;amp;amp;amp;amp;amp;trk=nav_responsive_tab_home\",\"https:\\\/\\\/www.youtube.com\\\/channel\\\/UCxL0wu1uN0_3_7hGG0306cw\"]},{\"@type\":\"Person\",\"@id\":\"https:\\\/\\\/www.bellunopress.it\\\/#\\\/schema\\\/person\\\/79bb06722b37ece1c03d3e94beb30d73\",\"name\":\"redazione\",\"image\":{\"@type\":\"ImageObject\",\"inLanguage\":\"fr-FR\",\"@id\":\"https:\\\/\\\/secure.gravatar.com\\\/avatar\\\/37d968a2e67a6fd04c169c4bdef102d0bc5d31b2546345219e348575eb80e9a0?s=96&d=mm&r=g\",\"url\":\"https:\\\/\\\/secure.gravatar.com\\\/avatar\\\/37d968a2e67a6fd04c169c4bdef102d0bc5d31b2546345219e348575eb80e9a0?s=96&d=mm&r=g\",\"contentUrl\":\"https:\\\/\\\/secure.gravatar.com\\\/avatar\\\/37d968a2e67a6fd04c169c4bdef102d0bc5d31b2546345219e348575eb80e9a0?s=96&d=mm&r=g\",\"caption\":\"redazione\"},\"sameAs\":[\"http:\\\/\\\/www.bellunopress.it\",\"https:\\\/\\\/x.com\\\/bellunopress\"],\"url\":\"https:\\\/\\\/www.bellunopress.it\\\/fr\\\/author\\\/redazione\\\/\"}]}<\/script>\n<!-- \/ Yoast SEO plugin. -->","yoast_head_json":{"title":"Pista da bob Cortina. Zaia e la pista ipogea - Bellunopress - Dolomiti","robots":{"index":"index","follow":"follow","max-snippet":"max-snippet:-1","max-image-preview":"max-image-preview:large","max-video-preview":"max-video-preview:-1"},"canonical":"https:\/\/www.bellunopress.it\/fr\/2024\/02\/26\/pista-da-bob-cortina-zaia-e-la-pista-ipogea\/","og_locale":"fr_FR","og_type":"article","og_title":"Pista da bob Cortina. Zaia e la pista ipogea - Bellunopress - Dolomiti","og_description":"\u201cLa pista di bob nasce dove c&#8217;\u00e8 una pista di bob, la pi\u00f9 vecchia al mondo, e la nuova sar\u00e0 pi\u00f9 breve e ipogea di prima, anche dando una sostenibilit\u00e0 visiva a un versante della montagna\u201d. Queste le affermazioni del presidente Luca Zaia a margine della conferenza stampa del CIO a Venezia il 23 febbraio [&hellip;]","og_url":"https:\/\/www.bellunopress.it\/fr\/2024\/02\/26\/pista-da-bob-cortina-zaia-e-la-pista-ipogea\/","og_site_name":"Bellunopress - Dolomiti","article_publisher":"https:\/\/www.facebook.com\/profile.php?id=100008943462799","article_published_time":"2024-02-26T13:47:39+00:00","og_image":[{"width":1000,"height":479,"url":"https:\/\/www.bellunopress.it\/wp-content\/uploads\/2024\/02\/progetto-light-pista-da-bob-cortina_edited.jpg","type":"image\/jpeg"}],"author":"redazione","twitter_card":"summary_large_image","twitter_creator":"@bellunopress","twitter_site":"@bellunopress","twitter_misc":{"\u00c9crit par":"redazione","Dur\u00e9e de lecture estim\u00e9e":"1 minute"},"schema":{"@context":"https:\/\/schema.org","@graph":[{"@type":"Article","@id":"https:\/\/www.bellunopress.it\/2024\/02\/26\/pista-da-bob-cortina-zaia-e-la-pista-ipogea\/#article","isPartOf":{"@id":"https:\/\/www.bellunopress.it\/2024\/02\/26\/pista-da-bob-cortina-zaia-e-la-pista-ipogea\/"},"author":{"name":"redazione","@id":"https:\/\/www.bellunopress.it\/#\/schema\/person\/79bb06722b37ece1c03d3e94beb30d73"},"headline":"Pista da bob Cortina. Zaia e la pista ipogea","datePublished":"2024-02-26T13:47:39+00:00","mainEntityOfPage":{"@id":"https:\/\/www.bellunopress.it\/2024\/02\/26\/pista-da-bob-cortina-zaia-e-la-pista-ipogea\/"},"wordCount":305,"publisher":{"@id":"https:\/\/www.bellunopress.it\/#organization"},"image":{"@id":"https:\/\/www.bellunopress.it\/2024\/02\/26\/pista-da-bob-cortina-zaia-e-la-pista-ipogea\/#primaryimage"},"thumbnailUrl":"https:\/\/www.bellunopress.it\/wp-content\/uploads\/2024\/02\/progetto-light-pista-da-bob-cortina_edited.jpg","articleSection":["Cronaca\/Politica","Prima Pagina"],"inLanguage":"fr-FR"},{"@type":"WebPage","@id":"https:\/\/www.bellunopress.it\/2024\/02\/26\/pista-da-bob-cortina-zaia-e-la-pista-ipogea\/","url":"https:\/\/www.bellunopress.it\/2024\/02\/26\/pista-da-bob-cortina-zaia-e-la-pista-ipogea\/","name":"Pista da bob Cortina. Zaia e la pista ipogea - Bellunopress - Dolomiti","isPartOf":{"@id":"https:\/\/www.bellunopress.it\/#website"},"primaryImageOfPage":{"@id":"https:\/\/www.bellunopress.it\/2024\/02\/26\/pista-da-bob-cortina-zaia-e-la-pista-ipogea\/#primaryimage"},"image":{"@id":"https:\/\/www.bellunopress.it\/2024\/02\/26\/pista-da-bob-cortina-zaia-e-la-pista-ipogea\/#primaryimage"},"thumbnailUrl":"https:\/\/www.bellunopress.it\/wp-content\/uploads\/2024\/02\/progetto-light-pista-da-bob-cortina_edited.jpg","datePublished":"2024-02-26T13:47:39+00:00","breadcrumb":{"@id":"https:\/\/www.bellunopress.it\/2024\/02\/26\/pista-da-bob-cortina-zaia-e-la-pista-ipogea\/#breadcrumb"},"inLanguage":"fr-FR","potentialAction":[{"@type":"ReadAction","target":["https:\/\/www.bellunopress.it\/2024\/02\/26\/pista-da-bob-cortina-zaia-e-la-pista-ipogea\/"]}]},{"@type":"ImageObject","inLanguage":"fr-FR","@id":"https:\/\/www.bellunopress.it\/2024\/02\/26\/pista-da-bob-cortina-zaia-e-la-pista-ipogea\/#primaryimage","url":"https:\/\/www.bellunopress.it\/wp-content\/uploads\/2024\/02\/progetto-light-pista-da-bob-cortina_edited.jpg","contentUrl":"https:\/\/www.bellunopress.it\/wp-content\/uploads\/2024\/02\/progetto-light-pista-da-bob-cortina_edited.jpg","width":1000,"height":479},{"@type":"BreadcrumbList","@id":"https:\/\/www.bellunopress.it\/2024\/02\/26\/pista-da-bob-cortina-zaia-e-la-pista-ipogea\/#breadcrumb","itemListElement":[{"@type":"ListItem","position":1,"name":"Home","item":"https:\/\/www.bellunopress.it\/"},{"@type":"ListItem","position":2,"name":"Pista da bob Cortina. Zaia e la pista ipogea"}]},{"@type":"WebSite","@id":"https:\/\/www.bellunopress.it\/#website","url":"https:\/\/www.bellunopress.it\/","name":"Bellunopress - Dolomiti","description":"e-mail: redazione@bellunopress.it","publisher":{"@id":"https:\/\/www.bellunopress.it\/#organization"},"potentialAction":[{"@type":"SearchAction","target":{"@type":"EntryPoint","urlTemplate":"https:\/\/www.bellunopress.it\/?s={search_term_string}"},"query-input":{"@type":"PropertyValueSpecification","valueRequired":true,"valueName":"search_term_string"}}],"inLanguage":"fr-FR"},{"@type":"Organization","@id":"https:\/\/www.bellunopress.it\/#organization","name":"Bellunopress","url":"https:\/\/www.bellunopress.it\/","logo":{"@type":"ImageObject","inLanguage":"fr-FR","@id":"https:\/\/www.bellunopress.it\/#\/schema\/logo\/image\/","url":"https:\/\/www.bellunopress.it\/wp-content\/uploads\/2011\/05\/cropped-logo-bellunopress-.jpg","contentUrl":"https:\/\/www.bellunopress.it\/wp-content\/uploads\/2011\/05\/cropped-logo-bellunopress-.jpg","width":512,"height":512,"caption":"Bellunopress"},"image":{"@id":"https:\/\/www.bellunopress.it\/#\/schema\/logo\/image\/"},"sameAs":["https:\/\/www.facebook.com\/profile.php?id=100008943462799","https:\/\/x.com\/bellunopress","https:\/\/www.linkedin.com\/hp\/?dnr=JBzUWaJfMUw8vbXJJ2tVW5-I3jZKvC4wsoxE&amp;amp;amp;amp;amp;amp;trk=nav_responsive_tab_home","https:\/\/www.youtube.com\/channel\/UCxL0wu1uN0_3_7hGG0306cw"]},{"@type":"Person","@id":"https:\/\/www.bellunopress.it\/#\/schema\/person\/79bb06722b37ece1c03d3e94beb30d73","name":"r\u00e9daction","image":{"@type":"ImageObject","inLanguage":"fr-FR","@id":"https:\/\/secure.gravatar.com\/avatar\/37d968a2e67a6fd04c169c4bdef102d0bc5d31b2546345219e348575eb80e9a0?s=96&d=mm&r=g","url":"https:\/\/secure.gravatar.com\/avatar\/37d968a2e67a6fd04c169c4bdef102d0bc5d31b2546345219e348575eb80e9a0?s=96&d=mm&r=g","contentUrl":"https:\/\/secure.gravatar.com\/avatar\/37d968a2e67a6fd04c169c4bdef102d0bc5d31b2546345219e348575eb80e9a0?s=96&d=mm&r=g","caption":"redazione"},"sameAs":["http:\/\/www.bellunopress.it","https:\/\/x.com\/bellunopress"],"url":"https:\/\/www.bellunopress.it\/fr\/author\/redazione\/"}]}},"_links":{"self":[{"href":"https:\/\/www.bellunopress.it\/fr\/wp-json\/wp\/v2\/posts\/148666","targetHints":{"allow":["GET"]}}],"collection":[{"href":"https:\/\/www.bellunopress.it\/fr\/wp-json\/wp\/v2\/posts"}],"about":[{"href":"https:\/\/www.bellunopress.it\/fr\/wp-json\/wp\/v2\/types\/post"}],"author":[{"embeddable":true,"href":"https:\/\/www.bellunopress.it\/fr\/wp-json\/wp\/v2\/users\/2"}],"replies":[{"embeddable":true,"href":"https:\/\/www.bellunopress.it\/fr\/wp-json\/wp\/v2\/comments?post=148666"}],"version-history":[{"count":1,"href":"https:\/\/www.bellunopress.it\/fr\/wp-json\/wp\/v2\/posts\/148666\/revisions"}],"predecessor-version":[{"id":148668,"href":"https:\/\/www.bellunopress.it\/fr\/wp-json\/wp\/v2\/posts\/148666\/revisions\/148668"}],"wp:featuredmedia":[{"embeddable":true,"href":"https:\/\/www.bellunopress.it\/fr\/wp-json\/wp\/v2\/media\/148667"}],"wp:attachment":[{"href":"https:\/\/www.bellunopress.it\/fr\/wp-json\/wp\/v2\/media?parent=148666"}],"wp:term":[{"taxonomy":"category","embeddable":true,"href":"https:\/\/www.bellunopress.it\/fr\/wp-json\/wp\/v2\/categories?post=148666"},{"taxonomy":"post_tag","embeddable":true,"href":"https:\/\/www.bellunopress.it\/fr\/wp-json\/wp\/v2\/tags?post=148666"}],"curies":[{"name":"wp","href":"https:\/\/api.w.org\/{rel}","templated":true}]}}