{"id":148581,"date":"2024-02-22T20:28:51","date_gmt":"2024-02-22T19:28:51","guid":{"rendered":"https:\/\/www.bellunopress.it\/?p=148581"},"modified":"2024-02-22T20:31:58","modified_gmt":"2024-02-22T19:31:58","slug":"il-programma-oms-lettera-aperta-ai-colleghi-medici","status":"publish","type":"post","link":"https:\/\/www.bellunopress.it\/fr\/2024\/02\/22\/il-programma-oms-lettera-aperta-ai-colleghi-medici\/","title":{"rendered":"Il programma OMS. Lettera aperta ai colleghi medici"},"content":{"rendered":"<figure id=\"attachment_135571\" aria-describedby=\"caption-attachment-135571\" style=\"width: 750px\" class=\"wp-caption alignleft\"><img loading=\"lazy\" decoding=\"async\" class=\"size-full wp-image-135571\" src=\"https:\/\/www.bellunopress.it\/wp-content\/uploads\/2022\/08\/Filiberto-Dal-Molin_edited.jpg\" alt=\"\" width=\"750\" height=\"1000\" srcset=\"https:\/\/www.bellunopress.it\/wp-content\/uploads\/2022\/08\/Filiberto-Dal-Molin_edited.jpg 750w, https:\/\/www.bellunopress.it\/wp-content\/uploads\/2022\/08\/Filiberto-Dal-Molin_edited-375x500.jpg 375w, https:\/\/www.bellunopress.it\/wp-content\/uploads\/2022\/08\/Filiberto-Dal-Molin_edited-696x928.jpg 696w, https:\/\/www.bellunopress.it\/wp-content\/uploads\/2022\/08\/Filiberto-Dal-Molin_edited-315x420.jpg 315w\" sizes=\"auto, (max-width: 750px) 100vw, 750px\" \/><figcaption id=\"caption-attachment-135571\" class=\"wp-caption-text\">Filiberto Dal Molin &#8211; medico chirurgo specializzato in Radiologia, direttore sanitario della Salus, Istituto radiologico e fisiokinesiterapico con sede a Belluno.<\/figcaption><\/figure>\n<p>Ho proposto al Presidente e al Consiglio dell\u2019Ordine dei Medici di Belluno<br \/>\ndi rappresentare ai colleghi dell\u2019Ordine (e discutere eventualmente con loro) il progetto dell\u2019OMS che intende assumere la gestione mondiale della Sanit\u00e0 (e di tutti gli annessi relativi a questo compito) attraverso la cessione della sovranit\u00e0 dei singoli Stati in tale materia.<\/p>\n<p>Il Presidente dell\u2019Ordine di Belluno mi ha risposto che \u201cformalizzare una comunicazione ufficiale a tutti gli iscritti oppure organizzare una conferenza in un teatro cittadino, con opportuno contraddittorio sul tema in questione, non possono trovare accoglimento\u201d. Gi\u00e0 non lo trovano sulla grande Stampa italiana, prona a ordini extranazionali.<\/p>\n<p>Personalmente credo che non sar\u00e0 facile per l\u2019OMS realizzare il progetto, ma d\u2019altra parte le forze in gioco sono cos\u00ec rilevanti che mi pare necessaria la massima informazione e la massima prudenza.<br \/>\nQuindi se il tema \u00e8 di cos\u00ec scarso rilievo, per l\u2019Ordine e tutti i consiglieri, da non meritare neppure una breve comunicazione tra le altre centinaia che vengono spedite per mail, mi prendo l\u2019incarico di trasmettere io stesso le novit\u00e0 sul tema attraverso questa rubrica \u201cControcorrente\u201d di Bellunopress.<\/p>\n<p>L\u2019 OMS in pratica vuole un assegno in bianco, da gestire a suo piacimento, secondo gli ordini dei suoi maggiori finanziatori.<br \/>\nTra i maggiori finanziatori non sono solo alcuni dei 194 Stati aderenti all\u2019OMS, dall\u2019atto della sua fondazione, ma sono oggi gruppi privati americani, quasi tutti proprietari o soci in posizioni strategiche nelle industrie del Farmaco.<\/p>\n<p>Tra 3 mesi a maggio quei 194 Stati saranno chiamati a discutere sul \u201cNuovo Trattato Pandemico\u201d e sulle \u201cModifiche dei Regolamenti Sanitari Internazionali\u201d che verranno proposti dalla stessa OMS e che sono oggetto a Ginevra, da mesi, di discussioni segretissime anche per gli stessi Stati membri.<\/p>\n<p>Ci saranno quindi alla fine di maggio le votazioni con le quali l\u2019OMS intende ottenere la Sovranit\u00e0 Sanitaria sul mondo.<br \/>\n\u00c8 un obiettivo di tale portata da sembrare frutto di una mente malata, soprattutto per quanto riguarda la cessione di sovranit\u00e0 dei singoli Stati a tutto vantaggio di opachi poteri sovranazionali.<\/p>\n<p>Se riflettiamo per\u00f2 sull\u2019 esperienza della pandemia appena trascorsa, potremmo dire che non cambierebbe nulla. Infatti in questi anni abbiamo avuto esperienza di una catena di comando sulla pandemia (politica e non medica) perfettamente oliata, a partenza dalla stessa OMS, alle nostre AIFA, ISS, CTS, ai Governi, ai Ministri della Salute, ai Presidenti degli Ordini dei Medici. Con l\u2019adesione assoluta di tutte le ASL\/ULSS e nel silenzio sostanziale della grande Stampa, della maggior parte delle Istituzioni medico-scientifiche, della Magistratura e dei Comitati etici\u2026<\/p>\n<p>Si potrebbe pensare ad un mondo di corrotti o di pavidi che, attraverso una informazione totalmente pilotata, ha ottenuto dai popoli una schiacciante maggioranza di approvazioni.<br \/>\nAl di l\u00e0 di ogni differenziazione, tra allineati e dissidenti in tema di vaccini, mi sembra che questa esperienza ci debba far riflettere e temere la potenza economica della industria sovranazionale e le sue larvate minacce di pandemie organizzate e feroci.<\/p>\n<p>In questo 20 febbraio Tedros A. Ghebreyesus, il direttore generale dell\u2019OMS, ha riportato concetti gi\u00e0 espressi circa l\u2019inevitabile arrivo di una nuova pandemia, pubblicati sul notiziario dell\u2019Ordine dei Medici di Roma. Pochi giorni prima in Francia, silenziosamente, il parlamento ha approvato l\u2019\u201demendamento Pfizer\u201d che manda in carcere chi critica i vaccini a mRNA, nell\u2019ambito di una \u201cverit\u00e0 scientifica di Stato\u201d. Grazie Macron!!<br \/>\nPoich\u00e9 in questa fase \u201cnon possono trovare accoglimento\u201d informazioni e discussioni sul tema, da parte delle nostre istituzioni sanitarie, spero che a Belluno qualcosa possano organizzare i gruppetti di cui faccio parte.<\/p>\n<p>Tornando all\u2019Ordine e al suo Consiglio devo ricordare che negli anni della pandemia non ha mai sollevato obiezioni o condannato i medici che hanno:<br \/>\naccettato di non visitare i loro Pazienti,<br \/>\nconsigliato ai positivi\u201d vigile attesa e tachipirina\u201d,<br \/>\ndichiarato come unica soluzione vaccini sperimentali,<br \/>\nnegato la necessit\u00e0 delle dichiarazioni per il consenso informato,<br \/>\naffermato la necessit\u00e0 del vaccino per TUTTI, allergici, guariti, ecc.<br \/>\ndichiarato criminali i \u201cno-vax\u201d perch\u00e9 erano fonte di contagio,<br \/>\ndichiarato criminali i medici che curavano con terapie domiciliari,<br \/>\naccettato di non diagnosticare complicanze post-vaccinali,<br \/>\naccettato di non diagnosticare decessi post vaccinali,<br \/>\naccettato che fossero sconsigliate le autopsie,<br \/>\ngiustificato le loro iniquit\u00e0 col concetto di \u201cOrdini Superiori\u201d<br \/>\naccettato la proposta di eliminare il Codice Deontologico,<br \/>\naccettato come normale e logico un obbligo vaccinale contrario a tutta la legislazione italiana ed europea.<\/p>\n<p>Anzi, il Consiglio ha fatto qualcosa di pi\u00f9 grave e di assolutamente indimenticabile ignorando i suoi stessi principi e le libert\u00e0 individuali: ha sospeso dall\u2019Ordine, e quindi dal lavoro e dallo stipendio, i medici che non hanno voluto accettare un vaccino sperimentale, con la scusa del tutto insensata di proteggere gli altri dal contagio, ben sapendo, tra l\u2019altro, che questa motivazione era stata esclusa dalle stesse case farmaceutiche, ed \u00e8 venuta scientificamente meno dal luglio-agosto 2021 (CDC USA).<br \/>\nDirei che i membri di un tale Consiglio, se hanno approvato le gravi negligenze e le gravissime decisioni del Presidente, forse hanno meritato la laurea in medicina ma non sono miei colleghi, perch\u00e9 hanno rinunciato al Codice Deontologico e al giuramento di Ippocrate. Nella nostra professione gli obblighi sono in primo luogo l\u2019interesse del Paziente e non nuocere.<\/p>\n<p>Qualunque cosa venga detta contro di me e contro i molti colleghi come me, rispettosi di questi concetti elementari e delle leggi intrinseche della nostra disciplina, non lascer\u00e0 su noi traccia alcuna. Altri ne porteranno la responsabilit\u00e0 in futuro, se ci saranno tempi migliori di questi.<\/p>\n<p>Dr. Filiberto Dal Molin<\/p>","protected":false},"excerpt":{"rendered":"<p>Ho proposto al Presidente e al Consiglio dell\u2019Ordine dei Medici di Belluno di rappresentare ai colleghi dell\u2019Ordine (e discutere eventualmente con loro) il progetto dell\u2019OMS che intende assumere la gestione mondiale della Sanit\u00e0 (e di tutti gli annessi relativi a questo compito) attraverso la cessione della sovranit\u00e0 dei singoli Stati in tale materia. Il Presidente [&hellip;]<\/p>\n","protected":false},"author":2,"featured_media":135571,"comment_status":"closed","ping_status":"open","sticky":false,"template":"","format":"standard","meta":{"footnotes":""},"categories":[3614,26,17],"tags":[],"class_list":["post-148581","post","type-post","status-publish","format-standard","has-post-thumbnail","category-controcorrente","category-prima-pagina","category-sanita"],"yoast_head":"<!-- This site is optimized with the Yoast SEO plugin v28.4 - https:\/\/yoast.com\/product\/yoast-seo-wordpress\/ -->\n<title>Il programma OMS. Lettera aperta ai colleghi medici - Bellunopress - Dolomiti<\/title>\n<meta name=\"robots\" content=\"index, follow, max-snippet:-1, max-image-preview:large, max-video-preview:-1\" \/>\n<link rel=\"canonical\" href=\"https:\/\/www.bellunopress.it\/fr\/2024\/02\/22\/il-programma-oms-lettera-aperta-ai-colleghi-medici\/\" \/>\n<meta property=\"og:locale\" content=\"fr_FR\" \/>\n<meta property=\"og:type\" content=\"article\" \/>\n<meta property=\"og:title\" content=\"Il programma OMS. Lettera aperta ai colleghi medici - Bellunopress - Dolomiti\" \/>\n<meta property=\"og:description\" content=\"Ho proposto al Presidente e al Consiglio dell\u2019Ordine dei Medici di Belluno di rappresentare ai colleghi dell\u2019Ordine (e discutere eventualmente con loro) il progetto dell\u2019OMS che intende assumere la gestione mondiale della Sanit\u00e0 (e di tutti gli annessi relativi a questo compito) attraverso la cessione della sovranit\u00e0 dei singoli Stati in tale materia. Il Presidente [&hellip;]\" \/>\n<meta property=\"og:url\" content=\"https:\/\/www.bellunopress.it\/fr\/2024\/02\/22\/il-programma-oms-lettera-aperta-ai-colleghi-medici\/\" \/>\n<meta property=\"og:site_name\" content=\"Bellunopress - Dolomiti\" \/>\n<meta property=\"article:publisher\" content=\"https:\/\/www.facebook.com\/profile.php?id=100008943462799\" \/>\n<meta property=\"article:published_time\" content=\"2024-02-22T19:28:51+00:00\" \/>\n<meta property=\"article:modified_time\" content=\"2024-02-22T19:31:58+00:00\" \/>\n<meta property=\"og:image\" content=\"https:\/\/www.bellunopress.it\/wp-content\/uploads\/2022\/08\/Filiberto-Dal-Molin_edited.jpg\" \/>\n\t<meta property=\"og:image:width\" content=\"750\" \/>\n\t<meta property=\"og:image:height\" content=\"1000\" \/>\n\t<meta property=\"og:image:type\" content=\"image\/jpeg\" \/>\n<meta name=\"author\" content=\"redazione\" \/>\n<meta name=\"twitter:card\" content=\"summary_large_image\" \/>\n<meta name=\"twitter:creator\" content=\"@bellunopress\" \/>\n<meta name=\"twitter:site\" content=\"@bellunopress\" \/>\n<meta name=\"twitter:label1\" content=\"\u00c9crit par\" \/>\n\t<meta name=\"twitter:data1\" content=\"redazione\" \/>\n\t<meta name=\"twitter:label2\" content=\"Dur\u00e9e de lecture estim\u00e9e\" \/>\n\t<meta name=\"twitter:data2\" content=\"5 minutes\" \/>\n<script type=\"application\/ld+json\" class=\"yoast-schema-graph\">{\"@context\":\"https:\\\/\\\/schema.org\",\"@graph\":[{\"@type\":\"Article\",\"@id\":\"https:\\\/\\\/www.bellunopress.it\\\/2024\\\/02\\\/22\\\/il-programma-oms-lettera-aperta-ai-colleghi-medici\\\/#article\",\"isPartOf\":{\"@id\":\"https:\\\/\\\/www.bellunopress.it\\\/2024\\\/02\\\/22\\\/il-programma-oms-lettera-aperta-ai-colleghi-medici\\\/\"},\"author\":{\"name\":\"redazione\",\"@id\":\"https:\\\/\\\/www.bellunopress.it\\\/#\\\/schema\\\/person\\\/79bb06722b37ece1c03d3e94beb30d73\"},\"headline\":\"Il programma OMS. Lettera aperta ai colleghi medici\",\"datePublished\":\"2024-02-22T19:28:51+00:00\",\"dateModified\":\"2024-02-22T19:31:58+00:00\",\"mainEntityOfPage\":{\"@id\":\"https:\\\/\\\/www.bellunopress.it\\\/2024\\\/02\\\/22\\\/il-programma-oms-lettera-aperta-ai-colleghi-medici\\\/\"},\"wordCount\":947,\"publisher\":{\"@id\":\"https:\\\/\\\/www.bellunopress.it\\\/#organization\"},\"image\":{\"@id\":\"https:\\\/\\\/www.bellunopress.it\\\/2024\\\/02\\\/22\\\/il-programma-oms-lettera-aperta-ai-colleghi-medici\\\/#primaryimage\"},\"thumbnailUrl\":\"https:\\\/\\\/www.bellunopress.it\\\/wp-content\\\/uploads\\\/2022\\\/08\\\/Filiberto-Dal-Molin_edited.jpg\",\"articleSection\":[\"Controcorrente Dr Filiberto Dal Molin\",\"Prima Pagina\",\"Sanit\u00e0 Medicina\"],\"inLanguage\":\"fr-FR\"},{\"@type\":\"WebPage\",\"@id\":\"https:\\\/\\\/www.bellunopress.it\\\/2024\\\/02\\\/22\\\/il-programma-oms-lettera-aperta-ai-colleghi-medici\\\/\",\"url\":\"https:\\\/\\\/www.bellunopress.it\\\/2024\\\/02\\\/22\\\/il-programma-oms-lettera-aperta-ai-colleghi-medici\\\/\",\"name\":\"Il programma OMS. Lettera aperta ai colleghi medici - Bellunopress - Dolomiti\",\"isPartOf\":{\"@id\":\"https:\\\/\\\/www.bellunopress.it\\\/#website\"},\"primaryImageOfPage\":{\"@id\":\"https:\\\/\\\/www.bellunopress.it\\\/2024\\\/02\\\/22\\\/il-programma-oms-lettera-aperta-ai-colleghi-medici\\\/#primaryimage\"},\"image\":{\"@id\":\"https:\\\/\\\/www.bellunopress.it\\\/2024\\\/02\\\/22\\\/il-programma-oms-lettera-aperta-ai-colleghi-medici\\\/#primaryimage\"},\"thumbnailUrl\":\"https:\\\/\\\/www.bellunopress.it\\\/wp-content\\\/uploads\\\/2022\\\/08\\\/Filiberto-Dal-Molin_edited.jpg\",\"datePublished\":\"2024-02-22T19:28:51+00:00\",\"dateModified\":\"2024-02-22T19:31:58+00:00\",\"breadcrumb\":{\"@id\":\"https:\\\/\\\/www.bellunopress.it\\\/2024\\\/02\\\/22\\\/il-programma-oms-lettera-aperta-ai-colleghi-medici\\\/#breadcrumb\"},\"inLanguage\":\"fr-FR\",\"potentialAction\":[{\"@type\":\"ReadAction\",\"target\":[\"https:\\\/\\\/www.bellunopress.it\\\/2024\\\/02\\\/22\\\/il-programma-oms-lettera-aperta-ai-colleghi-medici\\\/\"]}]},{\"@type\":\"ImageObject\",\"inLanguage\":\"fr-FR\",\"@id\":\"https:\\\/\\\/www.bellunopress.it\\\/2024\\\/02\\\/22\\\/il-programma-oms-lettera-aperta-ai-colleghi-medici\\\/#primaryimage\",\"url\":\"https:\\\/\\\/www.bellunopress.it\\\/wp-content\\\/uploads\\\/2022\\\/08\\\/Filiberto-Dal-Molin_edited.jpg\",\"contentUrl\":\"https:\\\/\\\/www.bellunopress.it\\\/wp-content\\\/uploads\\\/2022\\\/08\\\/Filiberto-Dal-Molin_edited.jpg\",\"width\":750,\"height\":1000,\"caption\":\"Filiberto Dal Molin - medico chirurgo specializzato in Radiologia, direttore sanitario della Salus, Istituto radiologico e fisiokinesiterapico con sede a Belluno.\"},{\"@type\":\"BreadcrumbList\",\"@id\":\"https:\\\/\\\/www.bellunopress.it\\\/2024\\\/02\\\/22\\\/il-programma-oms-lettera-aperta-ai-colleghi-medici\\\/#breadcrumb\",\"itemListElement\":[{\"@type\":\"ListItem\",\"position\":1,\"name\":\"Home\",\"item\":\"https:\\\/\\\/www.bellunopress.it\\\/\"},{\"@type\":\"ListItem\",\"position\":2,\"name\":\"Il programma OMS. Lettera aperta ai colleghi medici\"}]},{\"@type\":\"WebSite\",\"@id\":\"https:\\\/\\\/www.bellunopress.it\\\/#website\",\"url\":\"https:\\\/\\\/www.bellunopress.it\\\/\",\"name\":\"Bellunopress - Dolomiti\",\"description\":\"e-mail: redazione@bellunopress.it\",\"publisher\":{\"@id\":\"https:\\\/\\\/www.bellunopress.it\\\/#organization\"},\"potentialAction\":[{\"@type\":\"SearchAction\",\"target\":{\"@type\":\"EntryPoint\",\"urlTemplate\":\"https:\\\/\\\/www.bellunopress.it\\\/?s={search_term_string}\"},\"query-input\":{\"@type\":\"PropertyValueSpecification\",\"valueRequired\":true,\"valueName\":\"search_term_string\"}}],\"inLanguage\":\"fr-FR\"},{\"@type\":\"Organization\",\"@id\":\"https:\\\/\\\/www.bellunopress.it\\\/#organization\",\"name\":\"Bellunopress\",\"url\":\"https:\\\/\\\/www.bellunopress.it\\\/\",\"logo\":{\"@type\":\"ImageObject\",\"inLanguage\":\"fr-FR\",\"@id\":\"https:\\\/\\\/www.bellunopress.it\\\/#\\\/schema\\\/logo\\\/image\\\/\",\"url\":\"https:\\\/\\\/www.bellunopress.it\\\/wp-content\\\/uploads\\\/2011\\\/05\\\/cropped-logo-bellunopress-.jpg\",\"contentUrl\":\"https:\\\/\\\/www.bellunopress.it\\\/wp-content\\\/uploads\\\/2011\\\/05\\\/cropped-logo-bellunopress-.jpg\",\"width\":512,\"height\":512,\"caption\":\"Bellunopress\"},\"image\":{\"@id\":\"https:\\\/\\\/www.bellunopress.it\\\/#\\\/schema\\\/logo\\\/image\\\/\"},\"sameAs\":[\"https:\\\/\\\/www.facebook.com\\\/profile.php?id=100008943462799\",\"https:\\\/\\\/x.com\\\/bellunopress\",\"https:\\\/\\\/www.linkedin.com\\\/hp\\\/?dnr=JBzUWaJfMUw8vbXJJ2tVW5-I3jZKvC4wsoxE&amp;amp;amp;amp;amp;amp;trk=nav_responsive_tab_home\",\"https:\\\/\\\/www.youtube.com\\\/channel\\\/UCxL0wu1uN0_3_7hGG0306cw\"]},{\"@type\":\"Person\",\"@id\":\"https:\\\/\\\/www.bellunopress.it\\\/#\\\/schema\\\/person\\\/79bb06722b37ece1c03d3e94beb30d73\",\"name\":\"redazione\",\"image\":{\"@type\":\"ImageObject\",\"inLanguage\":\"fr-FR\",\"@id\":\"https:\\\/\\\/secure.gravatar.com\\\/avatar\\\/37d968a2e67a6fd04c169c4bdef102d0bc5d31b2546345219e348575eb80e9a0?s=96&d=mm&r=g\",\"url\":\"https:\\\/\\\/secure.gravatar.com\\\/avatar\\\/37d968a2e67a6fd04c169c4bdef102d0bc5d31b2546345219e348575eb80e9a0?s=96&d=mm&r=g\",\"contentUrl\":\"https:\\\/\\\/secure.gravatar.com\\\/avatar\\\/37d968a2e67a6fd04c169c4bdef102d0bc5d31b2546345219e348575eb80e9a0?s=96&d=mm&r=g\",\"caption\":\"redazione\"},\"sameAs\":[\"http:\\\/\\\/www.bellunopress.it\",\"https:\\\/\\\/x.com\\\/bellunopress\"],\"url\":\"https:\\\/\\\/www.bellunopress.it\\\/fr\\\/author\\\/redazione\\\/\"}]}<\/script>\n<!-- \/ Yoast SEO plugin. -->","yoast_head_json":{"title":"Il programma OMS. Lettera aperta ai colleghi medici - Bellunopress - Dolomiti","robots":{"index":"index","follow":"follow","max-snippet":"max-snippet:-1","max-image-preview":"max-image-preview:large","max-video-preview":"max-video-preview:-1"},"canonical":"https:\/\/www.bellunopress.it\/fr\/2024\/02\/22\/il-programma-oms-lettera-aperta-ai-colleghi-medici\/","og_locale":"fr_FR","og_type":"article","og_title":"Il programma OMS. Lettera aperta ai colleghi medici - Bellunopress - Dolomiti","og_description":"Ho proposto al Presidente e al Consiglio dell\u2019Ordine dei Medici di Belluno di rappresentare ai colleghi dell\u2019Ordine (e discutere eventualmente con loro) il progetto dell\u2019OMS che intende assumere la gestione mondiale della Sanit\u00e0 (e di tutti gli annessi relativi a questo compito) attraverso la cessione della sovranit\u00e0 dei singoli Stati in tale materia. Il Presidente [&hellip;]","og_url":"https:\/\/www.bellunopress.it\/fr\/2024\/02\/22\/il-programma-oms-lettera-aperta-ai-colleghi-medici\/","og_site_name":"Bellunopress - Dolomiti","article_publisher":"https:\/\/www.facebook.com\/profile.php?id=100008943462799","article_published_time":"2024-02-22T19:28:51+00:00","article_modified_time":"2024-02-22T19:31:58+00:00","og_image":[{"width":750,"height":1000,"url":"https:\/\/www.bellunopress.it\/wp-content\/uploads\/2022\/08\/Filiberto-Dal-Molin_edited.jpg","type":"image\/jpeg"}],"author":"redazione","twitter_card":"summary_large_image","twitter_creator":"@bellunopress","twitter_site":"@bellunopress","twitter_misc":{"\u00c9crit par":"redazione","Dur\u00e9e de lecture estim\u00e9e":"5 minutes"},"schema":{"@context":"https:\/\/schema.org","@graph":[{"@type":"Article","@id":"https:\/\/www.bellunopress.it\/2024\/02\/22\/il-programma-oms-lettera-aperta-ai-colleghi-medici\/#article","isPartOf":{"@id":"https:\/\/www.bellunopress.it\/2024\/02\/22\/il-programma-oms-lettera-aperta-ai-colleghi-medici\/"},"author":{"name":"redazione","@id":"https:\/\/www.bellunopress.it\/#\/schema\/person\/79bb06722b37ece1c03d3e94beb30d73"},"headline":"Il programma OMS. Lettera aperta ai colleghi medici","datePublished":"2024-02-22T19:28:51+00:00","dateModified":"2024-02-22T19:31:58+00:00","mainEntityOfPage":{"@id":"https:\/\/www.bellunopress.it\/2024\/02\/22\/il-programma-oms-lettera-aperta-ai-colleghi-medici\/"},"wordCount":947,"publisher":{"@id":"https:\/\/www.bellunopress.it\/#organization"},"image":{"@id":"https:\/\/www.bellunopress.it\/2024\/02\/22\/il-programma-oms-lettera-aperta-ai-colleghi-medici\/#primaryimage"},"thumbnailUrl":"https:\/\/www.bellunopress.it\/wp-content\/uploads\/2022\/08\/Filiberto-Dal-Molin_edited.jpg","articleSection":["Controcorrente Dr Filiberto Dal Molin","Prima Pagina","Sanit\u00e0 Medicina"],"inLanguage":"fr-FR"},{"@type":"WebPage","@id":"https:\/\/www.bellunopress.it\/2024\/02\/22\/il-programma-oms-lettera-aperta-ai-colleghi-medici\/","url":"https:\/\/www.bellunopress.it\/2024\/02\/22\/il-programma-oms-lettera-aperta-ai-colleghi-medici\/","name":"Il programma OMS. Lettera aperta ai colleghi medici - Bellunopress - Dolomiti","isPartOf":{"@id":"https:\/\/www.bellunopress.it\/#website"},"primaryImageOfPage":{"@id":"https:\/\/www.bellunopress.it\/2024\/02\/22\/il-programma-oms-lettera-aperta-ai-colleghi-medici\/#primaryimage"},"image":{"@id":"https:\/\/www.bellunopress.it\/2024\/02\/22\/il-programma-oms-lettera-aperta-ai-colleghi-medici\/#primaryimage"},"thumbnailUrl":"https:\/\/www.bellunopress.it\/wp-content\/uploads\/2022\/08\/Filiberto-Dal-Molin_edited.jpg","datePublished":"2024-02-22T19:28:51+00:00","dateModified":"2024-02-22T19:31:58+00:00","breadcrumb":{"@id":"https:\/\/www.bellunopress.it\/2024\/02\/22\/il-programma-oms-lettera-aperta-ai-colleghi-medici\/#breadcrumb"},"inLanguage":"fr-FR","potentialAction":[{"@type":"ReadAction","target":["https:\/\/www.bellunopress.it\/2024\/02\/22\/il-programma-oms-lettera-aperta-ai-colleghi-medici\/"]}]},{"@type":"ImageObject","inLanguage":"fr-FR","@id":"https:\/\/www.bellunopress.it\/2024\/02\/22\/il-programma-oms-lettera-aperta-ai-colleghi-medici\/#primaryimage","url":"https:\/\/www.bellunopress.it\/wp-content\/uploads\/2022\/08\/Filiberto-Dal-Molin_edited.jpg","contentUrl":"https:\/\/www.bellunopress.it\/wp-content\/uploads\/2022\/08\/Filiberto-Dal-Molin_edited.jpg","width":750,"height":1000,"caption":"Filiberto Dal Molin - medico chirurgo specializzato in Radiologia, direttore sanitario della Salus, Istituto radiologico e fisiokinesiterapico con sede a Belluno."},{"@type":"BreadcrumbList","@id":"https:\/\/www.bellunopress.it\/2024\/02\/22\/il-programma-oms-lettera-aperta-ai-colleghi-medici\/#breadcrumb","itemListElement":[{"@type":"ListItem","position":1,"name":"Home","item":"https:\/\/www.bellunopress.it\/"},{"@type":"ListItem","position":2,"name":"Il programma OMS. Lettera aperta ai colleghi medici"}]},{"@type":"WebSite","@id":"https:\/\/www.bellunopress.it\/#website","url":"https:\/\/www.bellunopress.it\/","name":"Bellunopress - Dolomiti","description":"e-mail: redazione@bellunopress.it","publisher":{"@id":"https:\/\/www.bellunopress.it\/#organization"},"potentialAction":[{"@type":"SearchAction","target":{"@type":"EntryPoint","urlTemplate":"https:\/\/www.bellunopress.it\/?s={search_term_string}"},"query-input":{"@type":"PropertyValueSpecification","valueRequired":true,"valueName":"search_term_string"}}],"inLanguage":"fr-FR"},{"@type":"Organization","@id":"https:\/\/www.bellunopress.it\/#organization","name":"Bellunopress","url":"https:\/\/www.bellunopress.it\/","logo":{"@type":"ImageObject","inLanguage":"fr-FR","@id":"https:\/\/www.bellunopress.it\/#\/schema\/logo\/image\/","url":"https:\/\/www.bellunopress.it\/wp-content\/uploads\/2011\/05\/cropped-logo-bellunopress-.jpg","contentUrl":"https:\/\/www.bellunopress.it\/wp-content\/uploads\/2011\/05\/cropped-logo-bellunopress-.jpg","width":512,"height":512,"caption":"Bellunopress"},"image":{"@id":"https:\/\/www.bellunopress.it\/#\/schema\/logo\/image\/"},"sameAs":["https:\/\/www.facebook.com\/profile.php?id=100008943462799","https:\/\/x.com\/bellunopress","https:\/\/www.linkedin.com\/hp\/?dnr=JBzUWaJfMUw8vbXJJ2tVW5-I3jZKvC4wsoxE&amp;amp;amp;amp;amp;amp;trk=nav_responsive_tab_home","https:\/\/www.youtube.com\/channel\/UCxL0wu1uN0_3_7hGG0306cw"]},{"@type":"Person","@id":"https:\/\/www.bellunopress.it\/#\/schema\/person\/79bb06722b37ece1c03d3e94beb30d73","name":"r\u00e9daction","image":{"@type":"ImageObject","inLanguage":"fr-FR","@id":"https:\/\/secure.gravatar.com\/avatar\/37d968a2e67a6fd04c169c4bdef102d0bc5d31b2546345219e348575eb80e9a0?s=96&d=mm&r=g","url":"https:\/\/secure.gravatar.com\/avatar\/37d968a2e67a6fd04c169c4bdef102d0bc5d31b2546345219e348575eb80e9a0?s=96&d=mm&r=g","contentUrl":"https:\/\/secure.gravatar.com\/avatar\/37d968a2e67a6fd04c169c4bdef102d0bc5d31b2546345219e348575eb80e9a0?s=96&d=mm&r=g","caption":"redazione"},"sameAs":["http:\/\/www.bellunopress.it","https:\/\/x.com\/bellunopress"],"url":"https:\/\/www.bellunopress.it\/fr\/author\/redazione\/"}]}},"_links":{"self":[{"href":"https:\/\/www.bellunopress.it\/fr\/wp-json\/wp\/v2\/posts\/148581","targetHints":{"allow":["GET"]}}],"collection":[{"href":"https:\/\/www.bellunopress.it\/fr\/wp-json\/wp\/v2\/posts"}],"about":[{"href":"https:\/\/www.bellunopress.it\/fr\/wp-json\/wp\/v2\/types\/post"}],"author":[{"embeddable":true,"href":"https:\/\/www.bellunopress.it\/fr\/wp-json\/wp\/v2\/users\/2"}],"replies":[{"embeddable":true,"href":"https:\/\/www.bellunopress.it\/fr\/wp-json\/wp\/v2\/comments?post=148581"}],"version-history":[{"count":1,"href":"https:\/\/www.bellunopress.it\/fr\/wp-json\/wp\/v2\/posts\/148581\/revisions"}],"predecessor-version":[{"id":148582,"href":"https:\/\/www.bellunopress.it\/fr\/wp-json\/wp\/v2\/posts\/148581\/revisions\/148582"}],"wp:featuredmedia":[{"embeddable":true,"href":"https:\/\/www.bellunopress.it\/fr\/wp-json\/wp\/v2\/media\/135571"}],"wp:attachment":[{"href":"https:\/\/www.bellunopress.it\/fr\/wp-json\/wp\/v2\/media?parent=148581"}],"wp:term":[{"taxonomy":"category","embeddable":true,"href":"https:\/\/www.bellunopress.it\/fr\/wp-json\/wp\/v2\/categories?post=148581"},{"taxonomy":"post_tag","embeddable":true,"href":"https:\/\/www.bellunopress.it\/fr\/wp-json\/wp\/v2\/tags?post=148581"}],"curies":[{"name":"wp","href":"https:\/\/api.w.org\/{rel}","templated":true}]}}