{"id":148579,"date":"2024-02-22T19:03:44","date_gmt":"2024-02-22T18:03:44","guid":{"rendered":"https:\/\/www.bellunopress.it\/?p=148579"},"modified":"2024-02-22T19:03:44","modified_gmt":"2024-02-22T18:03:44","slug":"cercasi-personale-oss-per-il-centro-servizi-anziani-del-comune-di-borgo-valbelluna","status":"publish","type":"post","link":"https:\/\/www.bellunopress.it\/fr\/2024\/02\/22\/cercasi-personale-oss-per-il-centro-servizi-anziani-del-comune-di-borgo-valbelluna\/","title":{"rendered":"Cercasi personale OSS per il Centro servizi anziani del  Comune di Borgo Valbelluna"},"content":{"rendered":"<p><img loading=\"lazy\" decoding=\"async\" class=\"alignleft size-full wp-image-111223\" src=\"https:\/\/www.bellunopress.it\/wp-content\/uploads\/2020\/01\/infermieri.jpg\" alt=\"\" width=\"209\" height=\"256\" \/>La Valbelluna Servizi srl seleziona OPERATORI SOCIO SANITARI da inserire a tempo indeterminato nei Centri Servizi per Anziani del Comune di Borgo Valbelluna: CSA \u201cdr. P. Sbardella\u201d di Mel, CSA \u201cMadonna della Salute\u201d di Trichiana, CSA \u201cRosa e Ettore Mione\u201d di Lentiai. Il termine di scadenza per la presentazione delle domande \u00e8 fissato per il 4 marzo p.v. e le modalit\u00e0 di presentazione della domanda sono pubblicate sul sito della Valbelluna Servizi: www.valbellunaservizi.it<\/p>\n<p>Si evidenzia come sia attivo dal 1\u00b0 gennaio 2024 il nuovo Accordo aziendale migliorativo finalizzato a rafforzare un percorso di fidelizzazione e di valorizzazione dei propri collaboratori. Nello specifico oltre all\u2019orario su 37 ore settimanali e alla conferma di 36 giorni di ferie + 3 giorni di permessi retribuiti per motivi personali e delle maggiorazioni rispettivamente del servizio notturno festivo al 50% (anzich\u00e9 al 25%) e del servizio festivo e di quello notturno feriale al 30% (anzich\u00e9 al 15%), vi \u00e8 l\u2019introduzione dei BUONI PASTO per il personale con titolo di OSS.<\/p>\n<p>Nell\u2019occasione si segnala anche che la Valbelluna Servizi ha attivo un servizio di \u201cborse di studio\u201d per agevolare l\u2019iscrizione ai corsi OSS da parte di coloro che hanno la volont\u00e0 di intraprendere questa professione. Chi fosse interessato pu\u00f2 rivolgersi direttamente agli uffici della societ\u00e0.<\/p>\n<p>La selezione \u00e8 rivolta a tutte quelle persone che con il titolo di OSS hanno voglia di mettersi in gioco, lavorando in TEAM, in un ambiente che si impegna a creare benessere, che punta a fare la differenza nella cura, nell\u2019assistenza agli anziani nel nostro territorio e contestualmente favorisce la conciliazione dei tempi di vita con i tempi di lavoro.<\/p>\n<p>Per informazioni: tel. 0437-540411, email: info@valbellunaservizi.it<\/p>","protected":false},"excerpt":{"rendered":"<p>La Valbelluna Servizi srl seleziona OPERATORI SOCIO SANITARI da inserire a tempo indeterminato nei Centri Servizi per Anziani del Comune di Borgo Valbelluna: CSA \u201cdr. P. Sbardella\u201d di Mel, CSA \u201cMadonna della Salute\u201d di Trichiana, CSA \u201cRosa e Ettore Mione\u201d di Lentiai. Il termine di scadenza per la presentazione delle domande \u00e8 fissato per il [&hellip;]<\/p>\n","protected":false},"author":2,"featured_media":117203,"comment_status":"closed","ping_status":"open","sticky":false,"template":"","format":"standard","meta":{"footnotes":""},"categories":[36,17],"tags":[],"class_list":["post-148579","post","type-post","status-publish","format-standard","has-post-thumbnail","category-lavoro-economia","category-sanita"],"yoast_head":"<!-- This site is optimized with the Yoast SEO plugin v28.4 - https:\/\/yoast.com\/product\/yoast-seo-wordpress\/ -->\n<title>Cercasi personale OSS per il Centro servizi anziani del Comune di Borgo Valbelluna - Bellunopress - Dolomiti<\/title>\n<meta name=\"robots\" content=\"index, follow, max-snippet:-1, max-image-preview:large, max-video-preview:-1\" \/>\n<link rel=\"canonical\" href=\"https:\/\/www.bellunopress.it\/fr\/2024\/02\/22\/cercasi-personale-oss-per-il-centro-servizi-anziani-del-comune-di-borgo-valbelluna\/\" \/>\n<meta property=\"og:locale\" content=\"fr_FR\" \/>\n<meta property=\"og:type\" content=\"article\" \/>\n<meta property=\"og:title\" content=\"Cercasi personale OSS per il Centro servizi anziani del Comune di Borgo Valbelluna - Bellunopress - Dolomiti\" \/>\n<meta property=\"og:description\" content=\"La Valbelluna Servizi srl seleziona OPERATORI SOCIO SANITARI da inserire a tempo indeterminato nei Centri Servizi per Anziani del Comune di Borgo Valbelluna: CSA \u201cdr. P. Sbardella\u201d di Mel, CSA \u201cMadonna della Salute\u201d di Trichiana, CSA \u201cRosa e Ettore Mione\u201d di Lentiai. Il termine di scadenza per la presentazione delle domande \u00e8 fissato per il [&hellip;]\" \/>\n<meta property=\"og:url\" content=\"https:\/\/www.bellunopress.it\/fr\/2024\/02\/22\/cercasi-personale-oss-per-il-centro-servizi-anziani-del-comune-di-borgo-valbelluna\/\" \/>\n<meta property=\"og:site_name\" content=\"Bellunopress - Dolomiti\" \/>\n<meta property=\"article:publisher\" content=\"https:\/\/www.facebook.com\/profile.php?id=100008943462799\" \/>\n<meta property=\"article:published_time\" content=\"2024-02-22T18:03:44+00:00\" \/>\n<meta property=\"og:image\" content=\"https:\/\/www.bellunopress.it\/wp-content\/uploads\/2020\/08\/infermieri_edited.jpg\" \/>\n\t<meta property=\"og:image:width\" content=\"800\" \/>\n\t<meta property=\"og:image:height\" content=\"534\" \/>\n\t<meta property=\"og:image:type\" content=\"image\/jpeg\" \/>\n<meta name=\"author\" content=\"redazione\" \/>\n<meta name=\"twitter:card\" content=\"summary_large_image\" \/>\n<meta name=\"twitter:creator\" content=\"@bellunopress\" \/>\n<meta name=\"twitter:site\" content=\"@bellunopress\" \/>\n<meta name=\"twitter:label1\" content=\"\u00c9crit par\" \/>\n\t<meta name=\"twitter:data1\" content=\"redazione\" \/>\n\t<meta name=\"twitter:label2\" content=\"Dur\u00e9e de lecture estim\u00e9e\" \/>\n\t<meta name=\"twitter:data2\" content=\"1 minute\" \/>\n<script type=\"application\/ld+json\" class=\"yoast-schema-graph\">{\"@context\":\"https:\\\/\\\/schema.org\",\"@graph\":[{\"@type\":\"Article\",\"@id\":\"https:\\\/\\\/www.bellunopress.it\\\/2024\\\/02\\\/22\\\/cercasi-personale-oss-per-il-centro-servizi-anziani-del-comune-di-borgo-valbelluna\\\/#article\",\"isPartOf\":{\"@id\":\"https:\\\/\\\/www.bellunopress.it\\\/2024\\\/02\\\/22\\\/cercasi-personale-oss-per-il-centro-servizi-anziani-del-comune-di-borgo-valbelluna\\\/\"},\"author\":{\"name\":\"redazione\",\"@id\":\"https:\\\/\\\/www.bellunopress.it\\\/#\\\/schema\\\/person\\\/79bb06722b37ece1c03d3e94beb30d73\"},\"headline\":\"Cercasi personale OSS per il Centro servizi anziani del Comune di Borgo Valbelluna\",\"datePublished\":\"2024-02-22T18:03:44+00:00\",\"mainEntityOfPage\":{\"@id\":\"https:\\\/\\\/www.bellunopress.it\\\/2024\\\/02\\\/22\\\/cercasi-personale-oss-per-il-centro-servizi-anziani-del-comune-di-borgo-valbelluna\\\/\"},\"wordCount\":284,\"publisher\":{\"@id\":\"https:\\\/\\\/www.bellunopress.it\\\/#organization\"},\"image\":{\"@id\":\"https:\\\/\\\/www.bellunopress.it\\\/2024\\\/02\\\/22\\\/cercasi-personale-oss-per-il-centro-servizi-anziani-del-comune-di-borgo-valbelluna\\\/#primaryimage\"},\"thumbnailUrl\":\"https:\\\/\\\/www.bellunopress.it\\\/wp-content\\\/uploads\\\/2020\\\/08\\\/infermieri_edited.jpg\",\"articleSection\":[\"Lavoro, Economia, Turismo\",\"Sanit\u00e0 Medicina\"],\"inLanguage\":\"fr-FR\"},{\"@type\":\"WebPage\",\"@id\":\"https:\\\/\\\/www.bellunopress.it\\\/2024\\\/02\\\/22\\\/cercasi-personale-oss-per-il-centro-servizi-anziani-del-comune-di-borgo-valbelluna\\\/\",\"url\":\"https:\\\/\\\/www.bellunopress.it\\\/2024\\\/02\\\/22\\\/cercasi-personale-oss-per-il-centro-servizi-anziani-del-comune-di-borgo-valbelluna\\\/\",\"name\":\"Cercasi personale OSS per il Centro servizi anziani del Comune di Borgo Valbelluna - Bellunopress - Dolomiti\",\"isPartOf\":{\"@id\":\"https:\\\/\\\/www.bellunopress.it\\\/#website\"},\"primaryImageOfPage\":{\"@id\":\"https:\\\/\\\/www.bellunopress.it\\\/2024\\\/02\\\/22\\\/cercasi-personale-oss-per-il-centro-servizi-anziani-del-comune-di-borgo-valbelluna\\\/#primaryimage\"},\"image\":{\"@id\":\"https:\\\/\\\/www.bellunopress.it\\\/2024\\\/02\\\/22\\\/cercasi-personale-oss-per-il-centro-servizi-anziani-del-comune-di-borgo-valbelluna\\\/#primaryimage\"},\"thumbnailUrl\":\"https:\\\/\\\/www.bellunopress.it\\\/wp-content\\\/uploads\\\/2020\\\/08\\\/infermieri_edited.jpg\",\"datePublished\":\"2024-02-22T18:03:44+00:00\",\"breadcrumb\":{\"@id\":\"https:\\\/\\\/www.bellunopress.it\\\/2024\\\/02\\\/22\\\/cercasi-personale-oss-per-il-centro-servizi-anziani-del-comune-di-borgo-valbelluna\\\/#breadcrumb\"},\"inLanguage\":\"fr-FR\",\"potentialAction\":[{\"@type\":\"ReadAction\",\"target\":[\"https:\\\/\\\/www.bellunopress.it\\\/2024\\\/02\\\/22\\\/cercasi-personale-oss-per-il-centro-servizi-anziani-del-comune-di-borgo-valbelluna\\\/\"]}]},{\"@type\":\"ImageObject\",\"inLanguage\":\"fr-FR\",\"@id\":\"https:\\\/\\\/www.bellunopress.it\\\/2024\\\/02\\\/22\\\/cercasi-personale-oss-per-il-centro-servizi-anziani-del-comune-di-borgo-valbelluna\\\/#primaryimage\",\"url\":\"https:\\\/\\\/www.bellunopress.it\\\/wp-content\\\/uploads\\\/2020\\\/08\\\/infermieri_edited.jpg\",\"contentUrl\":\"https:\\\/\\\/www.bellunopress.it\\\/wp-content\\\/uploads\\\/2020\\\/08\\\/infermieri_edited.jpg\",\"width\":800,\"height\":534},{\"@type\":\"BreadcrumbList\",\"@id\":\"https:\\\/\\\/www.bellunopress.it\\\/2024\\\/02\\\/22\\\/cercasi-personale-oss-per-il-centro-servizi-anziani-del-comune-di-borgo-valbelluna\\\/#breadcrumb\",\"itemListElement\":[{\"@type\":\"ListItem\",\"position\":1,\"name\":\"Home\",\"item\":\"https:\\\/\\\/www.bellunopress.it\\\/\"},{\"@type\":\"ListItem\",\"position\":2,\"name\":\"Cercasi personale OSS per il Centro servizi anziani del Comune di Borgo Valbelluna\"}]},{\"@type\":\"WebSite\",\"@id\":\"https:\\\/\\\/www.bellunopress.it\\\/#website\",\"url\":\"https:\\\/\\\/www.bellunopress.it\\\/\",\"name\":\"Bellunopress - Dolomiti\",\"description\":\"e-mail: redazione@bellunopress.it\",\"publisher\":{\"@id\":\"https:\\\/\\\/www.bellunopress.it\\\/#organization\"},\"potentialAction\":[{\"@type\":\"SearchAction\",\"target\":{\"@type\":\"EntryPoint\",\"urlTemplate\":\"https:\\\/\\\/www.bellunopress.it\\\/?s={search_term_string}\"},\"query-input\":{\"@type\":\"PropertyValueSpecification\",\"valueRequired\":true,\"valueName\":\"search_term_string\"}}],\"inLanguage\":\"fr-FR\"},{\"@type\":\"Organization\",\"@id\":\"https:\\\/\\\/www.bellunopress.it\\\/#organization\",\"name\":\"Bellunopress\",\"url\":\"https:\\\/\\\/www.bellunopress.it\\\/\",\"logo\":{\"@type\":\"ImageObject\",\"inLanguage\":\"fr-FR\",\"@id\":\"https:\\\/\\\/www.bellunopress.it\\\/#\\\/schema\\\/logo\\\/image\\\/\",\"url\":\"https:\\\/\\\/www.bellunopress.it\\\/wp-content\\\/uploads\\\/2011\\\/05\\\/cropped-logo-bellunopress-.jpg\",\"contentUrl\":\"https:\\\/\\\/www.bellunopress.it\\\/wp-content\\\/uploads\\\/2011\\\/05\\\/cropped-logo-bellunopress-.jpg\",\"width\":512,\"height\":512,\"caption\":\"Bellunopress\"},\"image\":{\"@id\":\"https:\\\/\\\/www.bellunopress.it\\\/#\\\/schema\\\/logo\\\/image\\\/\"},\"sameAs\":[\"https:\\\/\\\/www.facebook.com\\\/profile.php?id=100008943462799\",\"https:\\\/\\\/x.com\\\/bellunopress\",\"https:\\\/\\\/www.linkedin.com\\\/hp\\\/?dnr=JBzUWaJfMUw8vbXJJ2tVW5-I3jZKvC4wsoxE&amp;amp;amp;amp;amp;amp;trk=nav_responsive_tab_home\",\"https:\\\/\\\/www.youtube.com\\\/channel\\\/UCxL0wu1uN0_3_7hGG0306cw\"]},{\"@type\":\"Person\",\"@id\":\"https:\\\/\\\/www.bellunopress.it\\\/#\\\/schema\\\/person\\\/79bb06722b37ece1c03d3e94beb30d73\",\"name\":\"redazione\",\"image\":{\"@type\":\"ImageObject\",\"inLanguage\":\"fr-FR\",\"@id\":\"https:\\\/\\\/secure.gravatar.com\\\/avatar\\\/37d968a2e67a6fd04c169c4bdef102d0bc5d31b2546345219e348575eb80e9a0?s=96&d=mm&r=g\",\"url\":\"https:\\\/\\\/secure.gravatar.com\\\/avatar\\\/37d968a2e67a6fd04c169c4bdef102d0bc5d31b2546345219e348575eb80e9a0?s=96&d=mm&r=g\",\"contentUrl\":\"https:\\\/\\\/secure.gravatar.com\\\/avatar\\\/37d968a2e67a6fd04c169c4bdef102d0bc5d31b2546345219e348575eb80e9a0?s=96&d=mm&r=g\",\"caption\":\"redazione\"},\"sameAs\":[\"http:\\\/\\\/www.bellunopress.it\",\"https:\\\/\\\/x.com\\\/bellunopress\"],\"url\":\"https:\\\/\\\/www.bellunopress.it\\\/fr\\\/author\\\/redazione\\\/\"}]}<\/script>\n<!-- \/ Yoast SEO plugin. -->","yoast_head_json":{"title":"Cercasi personale OSS per il Centro servizi anziani del Comune di Borgo Valbelluna - Bellunopress - Dolomiti","robots":{"index":"index","follow":"follow","max-snippet":"max-snippet:-1","max-image-preview":"max-image-preview:large","max-video-preview":"max-video-preview:-1"},"canonical":"https:\/\/www.bellunopress.it\/fr\/2024\/02\/22\/cercasi-personale-oss-per-il-centro-servizi-anziani-del-comune-di-borgo-valbelluna\/","og_locale":"fr_FR","og_type":"article","og_title":"Cercasi personale OSS per il Centro servizi anziani del Comune di Borgo Valbelluna - Bellunopress - Dolomiti","og_description":"La Valbelluna Servizi srl seleziona OPERATORI SOCIO SANITARI da inserire a tempo indeterminato nei Centri Servizi per Anziani del Comune di Borgo Valbelluna: CSA \u201cdr. P. Sbardella\u201d di Mel, CSA \u201cMadonna della Salute\u201d di Trichiana, CSA \u201cRosa e Ettore Mione\u201d di Lentiai. Il termine di scadenza per la presentazione delle domande \u00e8 fissato per il [&hellip;]","og_url":"https:\/\/www.bellunopress.it\/fr\/2024\/02\/22\/cercasi-personale-oss-per-il-centro-servizi-anziani-del-comune-di-borgo-valbelluna\/","og_site_name":"Bellunopress - Dolomiti","article_publisher":"https:\/\/www.facebook.com\/profile.php?id=100008943462799","article_published_time":"2024-02-22T18:03:44+00:00","og_image":[{"width":800,"height":534,"url":"https:\/\/www.bellunopress.it\/wp-content\/uploads\/2020\/08\/infermieri_edited.jpg","type":"image\/jpeg"}],"author":"redazione","twitter_card":"summary_large_image","twitter_creator":"@bellunopress","twitter_site":"@bellunopress","twitter_misc":{"\u00c9crit par":"redazione","Dur\u00e9e de lecture estim\u00e9e":"1 minute"},"schema":{"@context":"https:\/\/schema.org","@graph":[{"@type":"Article","@id":"https:\/\/www.bellunopress.it\/2024\/02\/22\/cercasi-personale-oss-per-il-centro-servizi-anziani-del-comune-di-borgo-valbelluna\/#article","isPartOf":{"@id":"https:\/\/www.bellunopress.it\/2024\/02\/22\/cercasi-personale-oss-per-il-centro-servizi-anziani-del-comune-di-borgo-valbelluna\/"},"author":{"name":"redazione","@id":"https:\/\/www.bellunopress.it\/#\/schema\/person\/79bb06722b37ece1c03d3e94beb30d73"},"headline":"Cercasi personale OSS per il Centro servizi anziani del Comune di Borgo Valbelluna","datePublished":"2024-02-22T18:03:44+00:00","mainEntityOfPage":{"@id":"https:\/\/www.bellunopress.it\/2024\/02\/22\/cercasi-personale-oss-per-il-centro-servizi-anziani-del-comune-di-borgo-valbelluna\/"},"wordCount":284,"publisher":{"@id":"https:\/\/www.bellunopress.it\/#organization"},"image":{"@id":"https:\/\/www.bellunopress.it\/2024\/02\/22\/cercasi-personale-oss-per-il-centro-servizi-anziani-del-comune-di-borgo-valbelluna\/#primaryimage"},"thumbnailUrl":"https:\/\/www.bellunopress.it\/wp-content\/uploads\/2020\/08\/infermieri_edited.jpg","articleSection":["Lavoro, Economia, Turismo","Sanit\u00e0 Medicina"],"inLanguage":"fr-FR"},{"@type":"WebPage","@id":"https:\/\/www.bellunopress.it\/2024\/02\/22\/cercasi-personale-oss-per-il-centro-servizi-anziani-del-comune-di-borgo-valbelluna\/","url":"https:\/\/www.bellunopress.it\/2024\/02\/22\/cercasi-personale-oss-per-il-centro-servizi-anziani-del-comune-di-borgo-valbelluna\/","name":"Cercasi personale OSS per il Centro servizi anziani del Comune di Borgo Valbelluna - Bellunopress - Dolomiti","isPartOf":{"@id":"https:\/\/www.bellunopress.it\/#website"},"primaryImageOfPage":{"@id":"https:\/\/www.bellunopress.it\/2024\/02\/22\/cercasi-personale-oss-per-il-centro-servizi-anziani-del-comune-di-borgo-valbelluna\/#primaryimage"},"image":{"@id":"https:\/\/www.bellunopress.it\/2024\/02\/22\/cercasi-personale-oss-per-il-centro-servizi-anziani-del-comune-di-borgo-valbelluna\/#primaryimage"},"thumbnailUrl":"https:\/\/www.bellunopress.it\/wp-content\/uploads\/2020\/08\/infermieri_edited.jpg","datePublished":"2024-02-22T18:03:44+00:00","breadcrumb":{"@id":"https:\/\/www.bellunopress.it\/2024\/02\/22\/cercasi-personale-oss-per-il-centro-servizi-anziani-del-comune-di-borgo-valbelluna\/#breadcrumb"},"inLanguage":"fr-FR","potentialAction":[{"@type":"ReadAction","target":["https:\/\/www.bellunopress.it\/2024\/02\/22\/cercasi-personale-oss-per-il-centro-servizi-anziani-del-comune-di-borgo-valbelluna\/"]}]},{"@type":"ImageObject","inLanguage":"fr-FR","@id":"https:\/\/www.bellunopress.it\/2024\/02\/22\/cercasi-personale-oss-per-il-centro-servizi-anziani-del-comune-di-borgo-valbelluna\/#primaryimage","url":"https:\/\/www.bellunopress.it\/wp-content\/uploads\/2020\/08\/infermieri_edited.jpg","contentUrl":"https:\/\/www.bellunopress.it\/wp-content\/uploads\/2020\/08\/infermieri_edited.jpg","width":800,"height":534},{"@type":"BreadcrumbList","@id":"https:\/\/www.bellunopress.it\/2024\/02\/22\/cercasi-personale-oss-per-il-centro-servizi-anziani-del-comune-di-borgo-valbelluna\/#breadcrumb","itemListElement":[{"@type":"ListItem","position":1,"name":"Home","item":"https:\/\/www.bellunopress.it\/"},{"@type":"ListItem","position":2,"name":"Cercasi personale OSS per il Centro servizi anziani del Comune di Borgo Valbelluna"}]},{"@type":"WebSite","@id":"https:\/\/www.bellunopress.it\/#website","url":"https:\/\/www.bellunopress.it\/","name":"Bellunopress - Dolomiti","description":"e-mail: redazione@bellunopress.it","publisher":{"@id":"https:\/\/www.bellunopress.it\/#organization"},"potentialAction":[{"@type":"SearchAction","target":{"@type":"EntryPoint","urlTemplate":"https:\/\/www.bellunopress.it\/?s={search_term_string}"},"query-input":{"@type":"PropertyValueSpecification","valueRequired":true,"valueName":"search_term_string"}}],"inLanguage":"fr-FR"},{"@type":"Organization","@id":"https:\/\/www.bellunopress.it\/#organization","name":"Bellunopress","url":"https:\/\/www.bellunopress.it\/","logo":{"@type":"ImageObject","inLanguage":"fr-FR","@id":"https:\/\/www.bellunopress.it\/#\/schema\/logo\/image\/","url":"https:\/\/www.bellunopress.it\/wp-content\/uploads\/2011\/05\/cropped-logo-bellunopress-.jpg","contentUrl":"https:\/\/www.bellunopress.it\/wp-content\/uploads\/2011\/05\/cropped-logo-bellunopress-.jpg","width":512,"height":512,"caption":"Bellunopress"},"image":{"@id":"https:\/\/www.bellunopress.it\/#\/schema\/logo\/image\/"},"sameAs":["https:\/\/www.facebook.com\/profile.php?id=100008943462799","https:\/\/x.com\/bellunopress","https:\/\/www.linkedin.com\/hp\/?dnr=JBzUWaJfMUw8vbXJJ2tVW5-I3jZKvC4wsoxE&amp;amp;amp;amp;amp;amp;trk=nav_responsive_tab_home","https:\/\/www.youtube.com\/channel\/UCxL0wu1uN0_3_7hGG0306cw"]},{"@type":"Person","@id":"https:\/\/www.bellunopress.it\/#\/schema\/person\/79bb06722b37ece1c03d3e94beb30d73","name":"r\u00e9daction","image":{"@type":"ImageObject","inLanguage":"fr-FR","@id":"https:\/\/secure.gravatar.com\/avatar\/37d968a2e67a6fd04c169c4bdef102d0bc5d31b2546345219e348575eb80e9a0?s=96&d=mm&r=g","url":"https:\/\/secure.gravatar.com\/avatar\/37d968a2e67a6fd04c169c4bdef102d0bc5d31b2546345219e348575eb80e9a0?s=96&d=mm&r=g","contentUrl":"https:\/\/secure.gravatar.com\/avatar\/37d968a2e67a6fd04c169c4bdef102d0bc5d31b2546345219e348575eb80e9a0?s=96&d=mm&r=g","caption":"redazione"},"sameAs":["http:\/\/www.bellunopress.it","https:\/\/x.com\/bellunopress"],"url":"https:\/\/www.bellunopress.it\/fr\/author\/redazione\/"}]}},"_links":{"self":[{"href":"https:\/\/www.bellunopress.it\/fr\/wp-json\/wp\/v2\/posts\/148579","targetHints":{"allow":["GET"]}}],"collection":[{"href":"https:\/\/www.bellunopress.it\/fr\/wp-json\/wp\/v2\/posts"}],"about":[{"href":"https:\/\/www.bellunopress.it\/fr\/wp-json\/wp\/v2\/types\/post"}],"author":[{"embeddable":true,"href":"https:\/\/www.bellunopress.it\/fr\/wp-json\/wp\/v2\/users\/2"}],"replies":[{"embeddable":true,"href":"https:\/\/www.bellunopress.it\/fr\/wp-json\/wp\/v2\/comments?post=148579"}],"version-history":[{"count":1,"href":"https:\/\/www.bellunopress.it\/fr\/wp-json\/wp\/v2\/posts\/148579\/revisions"}],"predecessor-version":[{"id":148580,"href":"https:\/\/www.bellunopress.it\/fr\/wp-json\/wp\/v2\/posts\/148579\/revisions\/148580"}],"wp:featuredmedia":[{"embeddable":true,"href":"https:\/\/www.bellunopress.it\/fr\/wp-json\/wp\/v2\/media\/117203"}],"wp:attachment":[{"href":"https:\/\/www.bellunopress.it\/fr\/wp-json\/wp\/v2\/media?parent=148579"}],"wp:term":[{"taxonomy":"category","embeddable":true,"href":"https:\/\/www.bellunopress.it\/fr\/wp-json\/wp\/v2\/categories?post=148579"},{"taxonomy":"post_tag","embeddable":true,"href":"https:\/\/www.bellunopress.it\/fr\/wp-json\/wp\/v2\/tags?post=148579"}],"curies":[{"name":"wp","href":"https:\/\/api.w.org\/{rel}","templated":true}]}}