{"id":148369,"date":"2024-02-27T05:48:24","date_gmt":"2024-02-27T04:48:24","guid":{"rendered":"https:\/\/www.bellunopress.it\/?p=148369"},"modified":"2024-02-14T10:50:10","modified_gmt":"2024-02-14T09:50:10","slug":"luce-e-gas-scegliere-la-sostenibilita-in-casa","status":"publish","type":"post","link":"https:\/\/www.bellunopress.it\/fr\/2024\/02\/27\/luce-e-gas-scegliere-la-sostenibilita-in-casa\/","title":{"rendered":"Luce e gas: scegliere la sostenibilit\u00e0 in casa"},"content":{"rendered":"<p><img loading=\"lazy\" decoding=\"async\" class=\"alignleft size-full wp-image-148370\" src=\"https:\/\/www.bellunopress.it\/wp-content\/uploads\/2024\/02\/luce-gas-A2A_edited.jpg\" alt=\"\" width=\"1000\" height=\"672\" srcset=\"https:\/\/www.bellunopress.it\/wp-content\/uploads\/2024\/02\/luce-gas-A2A_edited.jpg 1000w, https:\/\/www.bellunopress.it\/wp-content\/uploads\/2024\/02\/luce-gas-A2A_edited-500x336.jpg 500w, https:\/\/www.bellunopress.it\/wp-content\/uploads\/2024\/02\/luce-gas-A2A_edited-696x468.jpg 696w\" sizes=\"auto, (max-width: 1000px) 100vw, 1000px\" \/>In un\u2019epoca come quella attuale, in cui si percepisce forte l\u2019importanza della <strong>tutela ambientale<\/strong> e di una filiera produttiva attenta a <strong>non produrre sprechi<\/strong>, modernit\u00e0 fa rima con sostenibilit\u00e0. Sostenibile \u00e8 prima di tutto il comportamento delle persone, che preferiscono i prodotti stagionali e a km 0, per favorire la micro economia locale di un territorio; cos\u00ec come lo \u00e8 preferire gli spostamenti con i mezzi pubblici all\u2019utilizzo dell\u2019auto privata, per contribuire a inquinare meno le nostre citt\u00e0.<\/p>\n<p>L\u2019elenco di esempi virtuosi continuerebbe all\u2019infinito, ma se si tratta di applicare il concetto alla vita domestica, cosa si pu\u00f2 scegliere per il bene della propria famiglia e della risorsa pi\u00f9 importante che \u00e8 la qualit\u00e0 dell\u2019ambiente? In questo caso pu\u00f2 essere utile affidarsi a un buon <strong>fornitore di energia elettrica<\/strong> specializzato in <strong>prodotti eco-friendly<\/strong>.<\/p>\n<p>Con l\u2019avvento del mercato libero diventa molto pi\u00f9 facile scegliere il fornitore che meglio accoglie le <strong>esigenze<\/strong> dei singoli cittadini, ciascuno con <strong>abitudini e consumi<\/strong> differenti. C\u2019\u00e8 infatti chi vive pi\u00f9 intensamente la propria casa nelle ore diurne, chi invece \u2013 per motivi di lavoro \u2013 concentra l\u2019utilizzo delle utenze domestiche durante le ore serali, al rientro dopo una faticosa giornata.<\/p>\n<p>Ma vediamo pi\u00f9 nello specifico come rendere la propria casa un concentrato di <strong>risparmio e sostenibilit\u00e0<\/strong>, scegliendo di acquistare i servizi dei fornitori pi\u00f9 al passo con i tempi e persino adottare piccoli accorgimenti che possono fare la differenza.<\/p>\n<h2>Fornitori di energia green, a prova di massima sostenibilit\u00e0<\/h2>\n<p>Come detto, il principio di sostenibilit\u00e0 pu\u00f2 essere applicato all\u2019interno delle proprie mura domestiche, scegliendo di affidarsi a chi fa della <strong>filosofia eco-friendly<\/strong> una missione quotidiana.\u00a0 Ne sono esempio i servizi di <a href=\"https:\/\/www.a2a.it\/\">a2a luce e gas<\/a>, un nome che si sta facendo largo tra le preferenze degli italiani, forte della sua affidabilit\u00e0 nel garantire una buona qualit\u00e0 di vita.<\/p>\n<p>I fornitori di questo tipo offrono un ventaglio di servizi aventi come denominatore comune il <strong>risparmio energetico<\/strong>, a cui si aggiungono l\u2019ottimizzazione delle risorse a disposizione e la sostenibilit\u00e0 dell\u2019ambiente, sempre pi\u00f9 minacciato dalle conseguenze del surriscaldamento globale.<\/p>\n<p>Pi\u00f9 nello specifico, le <strong>life company<\/strong> \u2013 cos\u00ec chiamate perch\u00e9 si prendono cura del futuro delle persone \u2013 permettono di attingere a <strong>prezzi convenienti<\/strong> sul mercato per <strong>l\u2019acquisto di un pannello<\/strong> fotovoltaico, potendo beneficiare di luce ed elettricit\u00e0 accumulata durante le ore di luce. Ma non solo, infatti il ventaglio di servizi comprende grandi opportunit\u00e0 per la <strong>mobilit\u00e0 elettrica<\/strong>, per consentire a chi \u00e8 solito viaggiare di avere una stazione di ricarica all\u2019interno del proprio box. Per non parlare poi dei <strong>climatizzatori con pompa di calore<\/strong>, l\u2019ultima frontiera del riscaldamento (e del raffreddamento) secondo natura, il segreto per apprezzare al massimo la propria casa.<\/p>\n<h2>Altri elementi importanti per avere una casa eco-friendly<\/h2>\n<p>Accanto alla fornitura di servizi energetici green, che attingono le risorse dalle energie rinnovabili, \u00e8 possibile prendere in considerazione altri aspetti che completano il progetto di una <strong>casa eco-friendly<\/strong>, ovvero amica della natura. Ad esempio \u00e8 possibile far cambiare gli <strong>infissi<\/strong> che non garantiscono un buon isolamento termico dell\u2019ambiente, oppure optare per l\u2019installazione di <strong>pannelli termo-isolanti<\/strong>, che garantiscono un\u2019ottima regolazione dell\u2019umidit\u00e0 e una buona resistenza nel tempo.<\/p>\n<p>Anche sul fronte degli <strong>elettrodomestici<\/strong> \u00e8 possibile fare delle scelte eco-sostenibili, andando a preferire i dispositivi pi\u00f9 moderni e con la <strong>classe energetica pi\u00f9 alta<\/strong>. Si ricorda che dal 2020 questa etichetta \u00e8 molto pi\u00f9 semplice da interpretare, grazie a una scala di lettere dell\u2019alfabeto che vanno dalla A alla G. Un esempio delle interessanti caratteristiche che offrono sono i modelli di lavatrici pi\u00f9 all\u2019avanguardia, che segnalano il fabbisogno d\u2019acqua necessario per un ciclo di lavaggio, in base al peso registrato.<\/p>","protected":false},"excerpt":{"rendered":"<p>In un\u2019epoca come quella attuale, in cui si percepisce forte l\u2019importanza della tutela ambientale e di una filiera produttiva attenta a non produrre sprechi, modernit\u00e0 fa rima con sostenibilit\u00e0. Sostenibile \u00e8 prima di tutto il comportamento delle persone, che preferiscono i prodotti stagionali e a km 0, per favorire la micro economia locale di un [&hellip;]<\/p>\n","protected":false},"author":2,"featured_media":148370,"comment_status":"closed","ping_status":"open","sticky":false,"template":"","format":"standard","meta":{"footnotes":""},"categories":[8],"tags":[],"class_list":["post-148369","post","type-post","status-publish","format-standard","has-post-thumbnail","category-societa-istituzioni"],"yoast_head":"<!-- This site is optimized with the Yoast SEO plugin v28.4 - https:\/\/yoast.com\/product\/yoast-seo-wordpress\/ -->\n<title>Luce e gas: scegliere la sostenibilit\u00e0 in casa - Bellunopress - Dolomiti<\/title>\n<meta name=\"robots\" content=\"index, follow, max-snippet:-1, max-image-preview:large, max-video-preview:-1\" \/>\n<link rel=\"canonical\" href=\"https:\/\/www.bellunopress.it\/fr\/2024\/02\/27\/luce-e-gas-scegliere-la-sostenibilita-in-casa\/\" \/>\n<meta property=\"og:locale\" content=\"fr_FR\" \/>\n<meta property=\"og:type\" content=\"article\" \/>\n<meta property=\"og:title\" content=\"Luce e gas: scegliere la sostenibilit\u00e0 in casa - Bellunopress - Dolomiti\" \/>\n<meta property=\"og:description\" content=\"In un\u2019epoca come quella attuale, in cui si percepisce forte l\u2019importanza della tutela ambientale e di una filiera produttiva attenta a non produrre sprechi, modernit\u00e0 fa rima con sostenibilit\u00e0. Sostenibile \u00e8 prima di tutto il comportamento delle persone, che preferiscono i prodotti stagionali e a km 0, per favorire la micro economia locale di un [&hellip;]\" \/>\n<meta property=\"og:url\" content=\"https:\/\/www.bellunopress.it\/fr\/2024\/02\/27\/luce-e-gas-scegliere-la-sostenibilita-in-casa\/\" \/>\n<meta property=\"og:site_name\" content=\"Bellunopress - Dolomiti\" \/>\n<meta property=\"article:publisher\" content=\"https:\/\/www.facebook.com\/profile.php?id=100008943462799\" \/>\n<meta property=\"article:published_time\" content=\"2024-02-27T04:48:24+00:00\" \/>\n<meta property=\"og:image\" content=\"https:\/\/www.bellunopress.it\/wp-content\/uploads\/2024\/02\/luce-gas-A2A_edited.jpg\" \/>\n\t<meta property=\"og:image:width\" content=\"1000\" \/>\n\t<meta property=\"og:image:height\" content=\"672\" \/>\n\t<meta property=\"og:image:type\" content=\"image\/jpeg\" \/>\n<meta name=\"author\" content=\"redazione\" \/>\n<meta name=\"twitter:card\" content=\"summary_large_image\" \/>\n<meta name=\"twitter:creator\" content=\"@bellunopress\" \/>\n<meta name=\"twitter:site\" content=\"@bellunopress\" \/>\n<meta name=\"twitter:label1\" content=\"\u00c9crit par\" \/>\n\t<meta name=\"twitter:data1\" content=\"redazione\" \/>\n\t<meta name=\"twitter:label2\" content=\"Dur\u00e9e de lecture estim\u00e9e\" \/>\n\t<meta name=\"twitter:data2\" content=\"3 minutes\" \/>\n<script type=\"application\/ld+json\" class=\"yoast-schema-graph\">{\"@context\":\"https:\\\/\\\/schema.org\",\"@graph\":[{\"@type\":\"Article\",\"@id\":\"https:\\\/\\\/www.bellunopress.it\\\/2024\\\/02\\\/27\\\/luce-e-gas-scegliere-la-sostenibilita-in-casa\\\/#article\",\"isPartOf\":{\"@id\":\"https:\\\/\\\/www.bellunopress.it\\\/2024\\\/02\\\/27\\\/luce-e-gas-scegliere-la-sostenibilita-in-casa\\\/\"},\"author\":{\"name\":\"redazione\",\"@id\":\"https:\\\/\\\/www.bellunopress.it\\\/#\\\/schema\\\/person\\\/79bb06722b37ece1c03d3e94beb30d73\"},\"headline\":\"Luce e gas: scegliere la sostenibilit\u00e0 in casa\",\"datePublished\":\"2024-02-27T04:48:24+00:00\",\"mainEntityOfPage\":{\"@id\":\"https:\\\/\\\/www.bellunopress.it\\\/2024\\\/02\\\/27\\\/luce-e-gas-scegliere-la-sostenibilita-in-casa\\\/\"},\"wordCount\":616,\"publisher\":{\"@id\":\"https:\\\/\\\/www.bellunopress.it\\\/#organization\"},\"image\":{\"@id\":\"https:\\\/\\\/www.bellunopress.it\\\/2024\\\/02\\\/27\\\/luce-e-gas-scegliere-la-sostenibilita-in-casa\\\/#primaryimage\"},\"thumbnailUrl\":\"https:\\\/\\\/www.bellunopress.it\\\/wp-content\\\/uploads\\\/2024\\\/02\\\/luce-gas-A2A_edited.jpg\",\"articleSection\":[\"Societ\u00e0, Associazioni, Istituzioni\"],\"inLanguage\":\"fr-FR\"},{\"@type\":\"WebPage\",\"@id\":\"https:\\\/\\\/www.bellunopress.it\\\/2024\\\/02\\\/27\\\/luce-e-gas-scegliere-la-sostenibilita-in-casa\\\/\",\"url\":\"https:\\\/\\\/www.bellunopress.it\\\/2024\\\/02\\\/27\\\/luce-e-gas-scegliere-la-sostenibilita-in-casa\\\/\",\"name\":\"Luce e gas: scegliere la sostenibilit\u00e0 in casa - Bellunopress - Dolomiti\",\"isPartOf\":{\"@id\":\"https:\\\/\\\/www.bellunopress.it\\\/#website\"},\"primaryImageOfPage\":{\"@id\":\"https:\\\/\\\/www.bellunopress.it\\\/2024\\\/02\\\/27\\\/luce-e-gas-scegliere-la-sostenibilita-in-casa\\\/#primaryimage\"},\"image\":{\"@id\":\"https:\\\/\\\/www.bellunopress.it\\\/2024\\\/02\\\/27\\\/luce-e-gas-scegliere-la-sostenibilita-in-casa\\\/#primaryimage\"},\"thumbnailUrl\":\"https:\\\/\\\/www.bellunopress.it\\\/wp-content\\\/uploads\\\/2024\\\/02\\\/luce-gas-A2A_edited.jpg\",\"datePublished\":\"2024-02-27T04:48:24+00:00\",\"breadcrumb\":{\"@id\":\"https:\\\/\\\/www.bellunopress.it\\\/2024\\\/02\\\/27\\\/luce-e-gas-scegliere-la-sostenibilita-in-casa\\\/#breadcrumb\"},\"inLanguage\":\"fr-FR\",\"potentialAction\":[{\"@type\":\"ReadAction\",\"target\":[\"https:\\\/\\\/www.bellunopress.it\\\/2024\\\/02\\\/27\\\/luce-e-gas-scegliere-la-sostenibilita-in-casa\\\/\"]}]},{\"@type\":\"ImageObject\",\"inLanguage\":\"fr-FR\",\"@id\":\"https:\\\/\\\/www.bellunopress.it\\\/2024\\\/02\\\/27\\\/luce-e-gas-scegliere-la-sostenibilita-in-casa\\\/#primaryimage\",\"url\":\"https:\\\/\\\/www.bellunopress.it\\\/wp-content\\\/uploads\\\/2024\\\/02\\\/luce-gas-A2A_edited.jpg\",\"contentUrl\":\"https:\\\/\\\/www.bellunopress.it\\\/wp-content\\\/uploads\\\/2024\\\/02\\\/luce-gas-A2A_edited.jpg\",\"width\":1000,\"height\":672},{\"@type\":\"BreadcrumbList\",\"@id\":\"https:\\\/\\\/www.bellunopress.it\\\/2024\\\/02\\\/27\\\/luce-e-gas-scegliere-la-sostenibilita-in-casa\\\/#breadcrumb\",\"itemListElement\":[{\"@type\":\"ListItem\",\"position\":1,\"name\":\"Home\",\"item\":\"https:\\\/\\\/www.bellunopress.it\\\/\"},{\"@type\":\"ListItem\",\"position\":2,\"name\":\"Luce e gas: scegliere la sostenibilit\u00e0 in casa\"}]},{\"@type\":\"WebSite\",\"@id\":\"https:\\\/\\\/www.bellunopress.it\\\/#website\",\"url\":\"https:\\\/\\\/www.bellunopress.it\\\/\",\"name\":\"Bellunopress - Dolomiti\",\"description\":\"e-mail: redazione@bellunopress.it\",\"publisher\":{\"@id\":\"https:\\\/\\\/www.bellunopress.it\\\/#organization\"},\"potentialAction\":[{\"@type\":\"SearchAction\",\"target\":{\"@type\":\"EntryPoint\",\"urlTemplate\":\"https:\\\/\\\/www.bellunopress.it\\\/?s={search_term_string}\"},\"query-input\":{\"@type\":\"PropertyValueSpecification\",\"valueRequired\":true,\"valueName\":\"search_term_string\"}}],\"inLanguage\":\"fr-FR\"},{\"@type\":\"Organization\",\"@id\":\"https:\\\/\\\/www.bellunopress.it\\\/#organization\",\"name\":\"Bellunopress\",\"url\":\"https:\\\/\\\/www.bellunopress.it\\\/\",\"logo\":{\"@type\":\"ImageObject\",\"inLanguage\":\"fr-FR\",\"@id\":\"https:\\\/\\\/www.bellunopress.it\\\/#\\\/schema\\\/logo\\\/image\\\/\",\"url\":\"https:\\\/\\\/www.bellunopress.it\\\/wp-content\\\/uploads\\\/2011\\\/05\\\/cropped-logo-bellunopress-.jpg\",\"contentUrl\":\"https:\\\/\\\/www.bellunopress.it\\\/wp-content\\\/uploads\\\/2011\\\/05\\\/cropped-logo-bellunopress-.jpg\",\"width\":512,\"height\":512,\"caption\":\"Bellunopress\"},\"image\":{\"@id\":\"https:\\\/\\\/www.bellunopress.it\\\/#\\\/schema\\\/logo\\\/image\\\/\"},\"sameAs\":[\"https:\\\/\\\/www.facebook.com\\\/profile.php?id=100008943462799\",\"https:\\\/\\\/x.com\\\/bellunopress\",\"https:\\\/\\\/www.linkedin.com\\\/hp\\\/?dnr=JBzUWaJfMUw8vbXJJ2tVW5-I3jZKvC4wsoxE&amp;amp;amp;amp;amp;amp;trk=nav_responsive_tab_home\",\"https:\\\/\\\/www.youtube.com\\\/channel\\\/UCxL0wu1uN0_3_7hGG0306cw\"]},{\"@type\":\"Person\",\"@id\":\"https:\\\/\\\/www.bellunopress.it\\\/#\\\/schema\\\/person\\\/79bb06722b37ece1c03d3e94beb30d73\",\"name\":\"redazione\",\"image\":{\"@type\":\"ImageObject\",\"inLanguage\":\"fr-FR\",\"@id\":\"https:\\\/\\\/secure.gravatar.com\\\/avatar\\\/37d968a2e67a6fd04c169c4bdef102d0bc5d31b2546345219e348575eb80e9a0?s=96&d=mm&r=g\",\"url\":\"https:\\\/\\\/secure.gravatar.com\\\/avatar\\\/37d968a2e67a6fd04c169c4bdef102d0bc5d31b2546345219e348575eb80e9a0?s=96&d=mm&r=g\",\"contentUrl\":\"https:\\\/\\\/secure.gravatar.com\\\/avatar\\\/37d968a2e67a6fd04c169c4bdef102d0bc5d31b2546345219e348575eb80e9a0?s=96&d=mm&r=g\",\"caption\":\"redazione\"},\"sameAs\":[\"http:\\\/\\\/www.bellunopress.it\",\"https:\\\/\\\/x.com\\\/bellunopress\"],\"url\":\"https:\\\/\\\/www.bellunopress.it\\\/fr\\\/author\\\/redazione\\\/\"}]}<\/script>\n<!-- \/ Yoast SEO plugin. -->","yoast_head_json":{"title":"Luce e gas: scegliere la sostenibilit\u00e0 in casa - Bellunopress - Dolomiti","robots":{"index":"index","follow":"follow","max-snippet":"max-snippet:-1","max-image-preview":"max-image-preview:large","max-video-preview":"max-video-preview:-1"},"canonical":"https:\/\/www.bellunopress.it\/fr\/2024\/02\/27\/luce-e-gas-scegliere-la-sostenibilita-in-casa\/","og_locale":"fr_FR","og_type":"article","og_title":"Luce e gas: scegliere la sostenibilit\u00e0 in casa - Bellunopress - Dolomiti","og_description":"In un\u2019epoca come quella attuale, in cui si percepisce forte l\u2019importanza della tutela ambientale e di una filiera produttiva attenta a non produrre sprechi, modernit\u00e0 fa rima con sostenibilit\u00e0. Sostenibile \u00e8 prima di tutto il comportamento delle persone, che preferiscono i prodotti stagionali e a km 0, per favorire la micro economia locale di un [&hellip;]","og_url":"https:\/\/www.bellunopress.it\/fr\/2024\/02\/27\/luce-e-gas-scegliere-la-sostenibilita-in-casa\/","og_site_name":"Bellunopress - Dolomiti","article_publisher":"https:\/\/www.facebook.com\/profile.php?id=100008943462799","article_published_time":"2024-02-27T04:48:24+00:00","og_image":[{"width":1000,"height":672,"url":"https:\/\/www.bellunopress.it\/wp-content\/uploads\/2024\/02\/luce-gas-A2A_edited.jpg","type":"image\/jpeg"}],"author":"redazione","twitter_card":"summary_large_image","twitter_creator":"@bellunopress","twitter_site":"@bellunopress","twitter_misc":{"\u00c9crit par":"redazione","Dur\u00e9e de lecture estim\u00e9e":"3 minutes"},"schema":{"@context":"https:\/\/schema.org","@graph":[{"@type":"Article","@id":"https:\/\/www.bellunopress.it\/2024\/02\/27\/luce-e-gas-scegliere-la-sostenibilita-in-casa\/#article","isPartOf":{"@id":"https:\/\/www.bellunopress.it\/2024\/02\/27\/luce-e-gas-scegliere-la-sostenibilita-in-casa\/"},"author":{"name":"redazione","@id":"https:\/\/www.bellunopress.it\/#\/schema\/person\/79bb06722b37ece1c03d3e94beb30d73"},"headline":"Luce e gas: scegliere la sostenibilit\u00e0 in casa","datePublished":"2024-02-27T04:48:24+00:00","mainEntityOfPage":{"@id":"https:\/\/www.bellunopress.it\/2024\/02\/27\/luce-e-gas-scegliere-la-sostenibilita-in-casa\/"},"wordCount":616,"publisher":{"@id":"https:\/\/www.bellunopress.it\/#organization"},"image":{"@id":"https:\/\/www.bellunopress.it\/2024\/02\/27\/luce-e-gas-scegliere-la-sostenibilita-in-casa\/#primaryimage"},"thumbnailUrl":"https:\/\/www.bellunopress.it\/wp-content\/uploads\/2024\/02\/luce-gas-A2A_edited.jpg","articleSection":["Societ\u00e0, Associazioni, Istituzioni"],"inLanguage":"fr-FR"},{"@type":"WebPage","@id":"https:\/\/www.bellunopress.it\/2024\/02\/27\/luce-e-gas-scegliere-la-sostenibilita-in-casa\/","url":"https:\/\/www.bellunopress.it\/2024\/02\/27\/luce-e-gas-scegliere-la-sostenibilita-in-casa\/","name":"Luce e gas: scegliere la sostenibilit\u00e0 in casa - Bellunopress - Dolomiti","isPartOf":{"@id":"https:\/\/www.bellunopress.it\/#website"},"primaryImageOfPage":{"@id":"https:\/\/www.bellunopress.it\/2024\/02\/27\/luce-e-gas-scegliere-la-sostenibilita-in-casa\/#primaryimage"},"image":{"@id":"https:\/\/www.bellunopress.it\/2024\/02\/27\/luce-e-gas-scegliere-la-sostenibilita-in-casa\/#primaryimage"},"thumbnailUrl":"https:\/\/www.bellunopress.it\/wp-content\/uploads\/2024\/02\/luce-gas-A2A_edited.jpg","datePublished":"2024-02-27T04:48:24+00:00","breadcrumb":{"@id":"https:\/\/www.bellunopress.it\/2024\/02\/27\/luce-e-gas-scegliere-la-sostenibilita-in-casa\/#breadcrumb"},"inLanguage":"fr-FR","potentialAction":[{"@type":"ReadAction","target":["https:\/\/www.bellunopress.it\/2024\/02\/27\/luce-e-gas-scegliere-la-sostenibilita-in-casa\/"]}]},{"@type":"ImageObject","inLanguage":"fr-FR","@id":"https:\/\/www.bellunopress.it\/2024\/02\/27\/luce-e-gas-scegliere-la-sostenibilita-in-casa\/#primaryimage","url":"https:\/\/www.bellunopress.it\/wp-content\/uploads\/2024\/02\/luce-gas-A2A_edited.jpg","contentUrl":"https:\/\/www.bellunopress.it\/wp-content\/uploads\/2024\/02\/luce-gas-A2A_edited.jpg","width":1000,"height":672},{"@type":"BreadcrumbList","@id":"https:\/\/www.bellunopress.it\/2024\/02\/27\/luce-e-gas-scegliere-la-sostenibilita-in-casa\/#breadcrumb","itemListElement":[{"@type":"ListItem","position":1,"name":"Home","item":"https:\/\/www.bellunopress.it\/"},{"@type":"ListItem","position":2,"name":"Luce e gas: scegliere la sostenibilit\u00e0 in casa"}]},{"@type":"WebSite","@id":"https:\/\/www.bellunopress.it\/#website","url":"https:\/\/www.bellunopress.it\/","name":"Bellunopress - Dolomiti","description":"e-mail: redazione@bellunopress.it","publisher":{"@id":"https:\/\/www.bellunopress.it\/#organization"},"potentialAction":[{"@type":"SearchAction","target":{"@type":"EntryPoint","urlTemplate":"https:\/\/www.bellunopress.it\/?s={search_term_string}"},"query-input":{"@type":"PropertyValueSpecification","valueRequired":true,"valueName":"search_term_string"}}],"inLanguage":"fr-FR"},{"@type":"Organization","@id":"https:\/\/www.bellunopress.it\/#organization","name":"Bellunopress","url":"https:\/\/www.bellunopress.it\/","logo":{"@type":"ImageObject","inLanguage":"fr-FR","@id":"https:\/\/www.bellunopress.it\/#\/schema\/logo\/image\/","url":"https:\/\/www.bellunopress.it\/wp-content\/uploads\/2011\/05\/cropped-logo-bellunopress-.jpg","contentUrl":"https:\/\/www.bellunopress.it\/wp-content\/uploads\/2011\/05\/cropped-logo-bellunopress-.jpg","width":512,"height":512,"caption":"Bellunopress"},"image":{"@id":"https:\/\/www.bellunopress.it\/#\/schema\/logo\/image\/"},"sameAs":["https:\/\/www.facebook.com\/profile.php?id=100008943462799","https:\/\/x.com\/bellunopress","https:\/\/www.linkedin.com\/hp\/?dnr=JBzUWaJfMUw8vbXJJ2tVW5-I3jZKvC4wsoxE&amp;amp;amp;amp;amp;amp;trk=nav_responsive_tab_home","https:\/\/www.youtube.com\/channel\/UCxL0wu1uN0_3_7hGG0306cw"]},{"@type":"Person","@id":"https:\/\/www.bellunopress.it\/#\/schema\/person\/79bb06722b37ece1c03d3e94beb30d73","name":"r\u00e9daction","image":{"@type":"ImageObject","inLanguage":"fr-FR","@id":"https:\/\/secure.gravatar.com\/avatar\/37d968a2e67a6fd04c169c4bdef102d0bc5d31b2546345219e348575eb80e9a0?s=96&d=mm&r=g","url":"https:\/\/secure.gravatar.com\/avatar\/37d968a2e67a6fd04c169c4bdef102d0bc5d31b2546345219e348575eb80e9a0?s=96&d=mm&r=g","contentUrl":"https:\/\/secure.gravatar.com\/avatar\/37d968a2e67a6fd04c169c4bdef102d0bc5d31b2546345219e348575eb80e9a0?s=96&d=mm&r=g","caption":"redazione"},"sameAs":["http:\/\/www.bellunopress.it","https:\/\/x.com\/bellunopress"],"url":"https:\/\/www.bellunopress.it\/fr\/author\/redazione\/"}]}},"_links":{"self":[{"href":"https:\/\/www.bellunopress.it\/fr\/wp-json\/wp\/v2\/posts\/148369","targetHints":{"allow":["GET"]}}],"collection":[{"href":"https:\/\/www.bellunopress.it\/fr\/wp-json\/wp\/v2\/posts"}],"about":[{"href":"https:\/\/www.bellunopress.it\/fr\/wp-json\/wp\/v2\/types\/post"}],"author":[{"embeddable":true,"href":"https:\/\/www.bellunopress.it\/fr\/wp-json\/wp\/v2\/users\/2"}],"replies":[{"embeddable":true,"href":"https:\/\/www.bellunopress.it\/fr\/wp-json\/wp\/v2\/comments?post=148369"}],"version-history":[{"count":1,"href":"https:\/\/www.bellunopress.it\/fr\/wp-json\/wp\/v2\/posts\/148369\/revisions"}],"predecessor-version":[{"id":148371,"href":"https:\/\/www.bellunopress.it\/fr\/wp-json\/wp\/v2\/posts\/148369\/revisions\/148371"}],"wp:featuredmedia":[{"embeddable":true,"href":"https:\/\/www.bellunopress.it\/fr\/wp-json\/wp\/v2\/media\/148370"}],"wp:attachment":[{"href":"https:\/\/www.bellunopress.it\/fr\/wp-json\/wp\/v2\/media?parent=148369"}],"wp:term":[{"taxonomy":"category","embeddable":true,"href":"https:\/\/www.bellunopress.it\/fr\/wp-json\/wp\/v2\/categories?post=148369"},{"taxonomy":"post_tag","embeddable":true,"href":"https:\/\/www.bellunopress.it\/fr\/wp-json\/wp\/v2\/tags?post=148369"}],"curies":[{"name":"wp","href":"https:\/\/api.w.org\/{rel}","templated":true}]}}