{"id":148274,"date":"2024-02-10T17:34:14","date_gmt":"2024-02-10T16:34:14","guid":{"rendered":"https:\/\/www.bellunopress.it\/?p=148274"},"modified":"2024-02-10T17:34:14","modified_gmt":"2024-02-10T16:34:14","slug":"agli-alpini-il-grazie-dellamministrazione-comunale-di-alleghe","status":"publish","type":"post","link":"https:\/\/www.bellunopress.it\/fr\/2024\/02\/10\/agli-alpini-il-grazie-dellamministrazione-comunale-di-alleghe\/","title":{"rendered":"Agli Alpini il grazie dell\u2019amministrazione comunale di Alleghe"},"content":{"rendered":"<p><em><strong><img loading=\"lazy\" decoding=\"async\" class=\"alignleft size-full wp-image-148275\" src=\"https:\/\/www.bellunopress.it\/wp-content\/uploads\/2024\/02\/alpini-alleghe_edited.jpg\" alt=\"\" width=\"1000\" height=\"660\" srcset=\"https:\/\/www.bellunopress.it\/wp-content\/uploads\/2024\/02\/alpini-alleghe_edited.jpg 1000w, https:\/\/www.bellunopress.it\/wp-content\/uploads\/2024\/02\/alpini-alleghe_edited-500x330.jpg 500w, https:\/\/www.bellunopress.it\/wp-content\/uploads\/2024\/02\/alpini-alleghe_edited-696x459.jpg 696w\" sizes=\"auto, (max-width: 1000px) 100vw, 1000px\" \/>Pergamena ai soccorritori del Vajont e agli ultranovantenni<\/strong><\/em><br \/>\n<em><strong>Sindaco De Toni: \u00abPenne nere simbolo di spirito di servizio e abnegazione per la nostra comunit\u00e0\u00bb<\/strong><\/em><\/p>\n<p>Festeggiamenti e soprattutto ringraziamenti. Oggi, nella sede del Gruppo Alpini Monte Civetta di Alleghe sono stati festeggiati tre soci che hanno raggiunto e superato i 90 anni: si tratta di Giuseppe Da Pian, Elio De Toni e Paolo De Toni (aggregato).<\/p>\n<p>Nel corso della breve cerimonia, il sindaco Danilo De Toni si \u00e8 complimentato con gli ultranovantenni e poi ha consegnato un attestato di ringraziamento a due Alpini Alleghesi intervenuti sul disastro del Vajont, Mario Del Negro e Renato Del Zenero che all\u2019indomani del 9 ottobre 1963 si sono aggiunti ai tanti soccorritori nel teatro della tragedia.<\/p>\n<p>\u00abA loro va il nostro ringraziamento, per la testimonianza di solidariet\u00e0 che hanno portato in quei giorni terribili per Longarone e per il Bellunese\u00bb ha detto il sindaco De Toni. \u00abA tutte le penne nere un grazie speciale: senza il loro impegno, senza la loro abnegazione e determinazione, le nostre comunit\u00e0 locali sarebbero pi\u00f9 sole e pi\u00f9 povere. Gli Alpini ci sono sempre quando serve il loro aiuto, con una presenza umile ma fondamentale\u00bb.<\/p>","protected":false},"excerpt":{"rendered":"<p>Pergamena ai soccorritori del Vajont e agli ultranovantenni Sindaco De Toni: \u00abPenne nere simbolo di spirito di servizio e abnegazione per la nostra comunit\u00e0\u00bb Festeggiamenti e soprattutto ringraziamenti. Oggi, nella sede del Gruppo Alpini Monte Civetta di Alleghe sono stati festeggiati tre soci che hanno raggiunto e superato i 90 anni: si tratta di Giuseppe [&hellip;]<\/p>\n","protected":false},"author":2,"featured_media":148275,"comment_status":"closed","ping_status":"open","sticky":false,"template":"","format":"standard","meta":{"footnotes":""},"categories":[26,8],"tags":[],"class_list":["post-148274","post","type-post","status-publish","format-standard","has-post-thumbnail","category-prima-pagina","category-societa-istituzioni"],"yoast_head":"<!-- This site is optimized with the Yoast SEO plugin v28.4 - https:\/\/yoast.com\/product\/yoast-seo-wordpress\/ -->\n<title>Agli Alpini il grazie dell\u2019amministrazione comunale di Alleghe - Bellunopress - Dolomiti<\/title>\n<meta name=\"robots\" content=\"index, follow, max-snippet:-1, max-image-preview:large, max-video-preview:-1\" \/>\n<link rel=\"canonical\" href=\"https:\/\/www.bellunopress.it\/fr\/2024\/02\/10\/agli-alpini-il-grazie-dellamministrazione-comunale-di-alleghe\/\" \/>\n<meta property=\"og:locale\" content=\"fr_FR\" \/>\n<meta property=\"og:type\" content=\"article\" \/>\n<meta property=\"og:title\" content=\"Agli Alpini il grazie dell\u2019amministrazione comunale di Alleghe - Bellunopress - Dolomiti\" \/>\n<meta property=\"og:description\" content=\"Pergamena ai soccorritori del Vajont e agli ultranovantenni Sindaco De Toni: \u00abPenne nere simbolo di spirito di servizio e abnegazione per la nostra comunit\u00e0\u00bb Festeggiamenti e soprattutto ringraziamenti. Oggi, nella sede del Gruppo Alpini Monte Civetta di Alleghe sono stati festeggiati tre soci che hanno raggiunto e superato i 90 anni: si tratta di Giuseppe [&hellip;]\" \/>\n<meta property=\"og:url\" content=\"https:\/\/www.bellunopress.it\/fr\/2024\/02\/10\/agli-alpini-il-grazie-dellamministrazione-comunale-di-alleghe\/\" \/>\n<meta property=\"og:site_name\" content=\"Bellunopress - Dolomiti\" \/>\n<meta property=\"article:publisher\" content=\"https:\/\/www.facebook.com\/profile.php?id=100008943462799\" \/>\n<meta property=\"article:published_time\" content=\"2024-02-10T16:34:14+00:00\" \/>\n<meta property=\"og:image\" content=\"https:\/\/www.bellunopress.it\/wp-content\/uploads\/2024\/02\/alpini-alleghe_edited.jpg\" \/>\n\t<meta property=\"og:image:width\" content=\"1000\" \/>\n\t<meta property=\"og:image:height\" content=\"660\" \/>\n\t<meta property=\"og:image:type\" content=\"image\/jpeg\" \/>\n<meta name=\"author\" content=\"redazione\" \/>\n<meta name=\"twitter:card\" content=\"summary_large_image\" \/>\n<meta name=\"twitter:creator\" content=\"@bellunopress\" \/>\n<meta name=\"twitter:site\" content=\"@bellunopress\" \/>\n<meta name=\"twitter:label1\" content=\"\u00c9crit par\" \/>\n\t<meta name=\"twitter:data1\" content=\"redazione\" \/>\n\t<meta name=\"twitter:label2\" content=\"Dur\u00e9e de lecture estim\u00e9e\" \/>\n\t<meta name=\"twitter:data2\" content=\"1 minute\" \/>\n<script type=\"application\/ld+json\" class=\"yoast-schema-graph\">{\"@context\":\"https:\\\/\\\/schema.org\",\"@graph\":[{\"@type\":\"Article\",\"@id\":\"https:\\\/\\\/www.bellunopress.it\\\/2024\\\/02\\\/10\\\/agli-alpini-il-grazie-dellamministrazione-comunale-di-alleghe\\\/#article\",\"isPartOf\":{\"@id\":\"https:\\\/\\\/www.bellunopress.it\\\/2024\\\/02\\\/10\\\/agli-alpini-il-grazie-dellamministrazione-comunale-di-alleghe\\\/\"},\"author\":{\"name\":\"redazione\",\"@id\":\"https:\\\/\\\/www.bellunopress.it\\\/#\\\/schema\\\/person\\\/79bb06722b37ece1c03d3e94beb30d73\"},\"headline\":\"Agli Alpini il grazie dell\u2019amministrazione comunale di Alleghe\",\"datePublished\":\"2024-02-10T16:34:14+00:00\",\"mainEntityOfPage\":{\"@id\":\"https:\\\/\\\/www.bellunopress.it\\\/2024\\\/02\\\/10\\\/agli-alpini-il-grazie-dellamministrazione-comunale-di-alleghe\\\/\"},\"wordCount\":201,\"publisher\":{\"@id\":\"https:\\\/\\\/www.bellunopress.it\\\/#organization\"},\"image\":{\"@id\":\"https:\\\/\\\/www.bellunopress.it\\\/2024\\\/02\\\/10\\\/agli-alpini-il-grazie-dellamministrazione-comunale-di-alleghe\\\/#primaryimage\"},\"thumbnailUrl\":\"https:\\\/\\\/www.bellunopress.it\\\/wp-content\\\/uploads\\\/2024\\\/02\\\/alpini-alleghe_edited.jpg\",\"articleSection\":[\"Prima Pagina\",\"Societ\u00e0, Associazioni, Istituzioni\"],\"inLanguage\":\"fr-FR\"},{\"@type\":\"WebPage\",\"@id\":\"https:\\\/\\\/www.bellunopress.it\\\/2024\\\/02\\\/10\\\/agli-alpini-il-grazie-dellamministrazione-comunale-di-alleghe\\\/\",\"url\":\"https:\\\/\\\/www.bellunopress.it\\\/2024\\\/02\\\/10\\\/agli-alpini-il-grazie-dellamministrazione-comunale-di-alleghe\\\/\",\"name\":\"Agli Alpini il grazie dell\u2019amministrazione comunale di Alleghe - Bellunopress - Dolomiti\",\"isPartOf\":{\"@id\":\"https:\\\/\\\/www.bellunopress.it\\\/#website\"},\"primaryImageOfPage\":{\"@id\":\"https:\\\/\\\/www.bellunopress.it\\\/2024\\\/02\\\/10\\\/agli-alpini-il-grazie-dellamministrazione-comunale-di-alleghe\\\/#primaryimage\"},\"image\":{\"@id\":\"https:\\\/\\\/www.bellunopress.it\\\/2024\\\/02\\\/10\\\/agli-alpini-il-grazie-dellamministrazione-comunale-di-alleghe\\\/#primaryimage\"},\"thumbnailUrl\":\"https:\\\/\\\/www.bellunopress.it\\\/wp-content\\\/uploads\\\/2024\\\/02\\\/alpini-alleghe_edited.jpg\",\"datePublished\":\"2024-02-10T16:34:14+00:00\",\"breadcrumb\":{\"@id\":\"https:\\\/\\\/www.bellunopress.it\\\/2024\\\/02\\\/10\\\/agli-alpini-il-grazie-dellamministrazione-comunale-di-alleghe\\\/#breadcrumb\"},\"inLanguage\":\"fr-FR\",\"potentialAction\":[{\"@type\":\"ReadAction\",\"target\":[\"https:\\\/\\\/www.bellunopress.it\\\/2024\\\/02\\\/10\\\/agli-alpini-il-grazie-dellamministrazione-comunale-di-alleghe\\\/\"]}]},{\"@type\":\"ImageObject\",\"inLanguage\":\"fr-FR\",\"@id\":\"https:\\\/\\\/www.bellunopress.it\\\/2024\\\/02\\\/10\\\/agli-alpini-il-grazie-dellamministrazione-comunale-di-alleghe\\\/#primaryimage\",\"url\":\"https:\\\/\\\/www.bellunopress.it\\\/wp-content\\\/uploads\\\/2024\\\/02\\\/alpini-alleghe_edited.jpg\",\"contentUrl\":\"https:\\\/\\\/www.bellunopress.it\\\/wp-content\\\/uploads\\\/2024\\\/02\\\/alpini-alleghe_edited.jpg\",\"width\":1000,\"height\":660},{\"@type\":\"BreadcrumbList\",\"@id\":\"https:\\\/\\\/www.bellunopress.it\\\/2024\\\/02\\\/10\\\/agli-alpini-il-grazie-dellamministrazione-comunale-di-alleghe\\\/#breadcrumb\",\"itemListElement\":[{\"@type\":\"ListItem\",\"position\":1,\"name\":\"Home\",\"item\":\"https:\\\/\\\/www.bellunopress.it\\\/\"},{\"@type\":\"ListItem\",\"position\":2,\"name\":\"Agli Alpini il grazie dell\u2019amministrazione comunale di Alleghe\"}]},{\"@type\":\"WebSite\",\"@id\":\"https:\\\/\\\/www.bellunopress.it\\\/#website\",\"url\":\"https:\\\/\\\/www.bellunopress.it\\\/\",\"name\":\"Bellunopress - Dolomiti\",\"description\":\"e-mail: redazione@bellunopress.it\",\"publisher\":{\"@id\":\"https:\\\/\\\/www.bellunopress.it\\\/#organization\"},\"potentialAction\":[{\"@type\":\"SearchAction\",\"target\":{\"@type\":\"EntryPoint\",\"urlTemplate\":\"https:\\\/\\\/www.bellunopress.it\\\/?s={search_term_string}\"},\"query-input\":{\"@type\":\"PropertyValueSpecification\",\"valueRequired\":true,\"valueName\":\"search_term_string\"}}],\"inLanguage\":\"fr-FR\"},{\"@type\":\"Organization\",\"@id\":\"https:\\\/\\\/www.bellunopress.it\\\/#organization\",\"name\":\"Bellunopress\",\"url\":\"https:\\\/\\\/www.bellunopress.it\\\/\",\"logo\":{\"@type\":\"ImageObject\",\"inLanguage\":\"fr-FR\",\"@id\":\"https:\\\/\\\/www.bellunopress.it\\\/#\\\/schema\\\/logo\\\/image\\\/\",\"url\":\"https:\\\/\\\/www.bellunopress.it\\\/wp-content\\\/uploads\\\/2011\\\/05\\\/cropped-logo-bellunopress-.jpg\",\"contentUrl\":\"https:\\\/\\\/www.bellunopress.it\\\/wp-content\\\/uploads\\\/2011\\\/05\\\/cropped-logo-bellunopress-.jpg\",\"width\":512,\"height\":512,\"caption\":\"Bellunopress\"},\"image\":{\"@id\":\"https:\\\/\\\/www.bellunopress.it\\\/#\\\/schema\\\/logo\\\/image\\\/\"},\"sameAs\":[\"https:\\\/\\\/www.facebook.com\\\/profile.php?id=100008943462799\",\"https:\\\/\\\/x.com\\\/bellunopress\",\"https:\\\/\\\/www.linkedin.com\\\/hp\\\/?dnr=JBzUWaJfMUw8vbXJJ2tVW5-I3jZKvC4wsoxE&amp;amp;amp;amp;amp;amp;trk=nav_responsive_tab_home\",\"https:\\\/\\\/www.youtube.com\\\/channel\\\/UCxL0wu1uN0_3_7hGG0306cw\"]},{\"@type\":\"Person\",\"@id\":\"https:\\\/\\\/www.bellunopress.it\\\/#\\\/schema\\\/person\\\/79bb06722b37ece1c03d3e94beb30d73\",\"name\":\"redazione\",\"image\":{\"@type\":\"ImageObject\",\"inLanguage\":\"fr-FR\",\"@id\":\"https:\\\/\\\/secure.gravatar.com\\\/avatar\\\/37d968a2e67a6fd04c169c4bdef102d0bc5d31b2546345219e348575eb80e9a0?s=96&d=mm&r=g\",\"url\":\"https:\\\/\\\/secure.gravatar.com\\\/avatar\\\/37d968a2e67a6fd04c169c4bdef102d0bc5d31b2546345219e348575eb80e9a0?s=96&d=mm&r=g\",\"contentUrl\":\"https:\\\/\\\/secure.gravatar.com\\\/avatar\\\/37d968a2e67a6fd04c169c4bdef102d0bc5d31b2546345219e348575eb80e9a0?s=96&d=mm&r=g\",\"caption\":\"redazione\"},\"sameAs\":[\"http:\\\/\\\/www.bellunopress.it\",\"https:\\\/\\\/x.com\\\/bellunopress\"],\"url\":\"https:\\\/\\\/www.bellunopress.it\\\/fr\\\/author\\\/redazione\\\/\"}]}<\/script>\n<!-- \/ Yoast SEO plugin. -->","yoast_head_json":{"title":"Agli Alpini il grazie dell\u2019amministrazione comunale di Alleghe - Bellunopress - Dolomiti","robots":{"index":"index","follow":"follow","max-snippet":"max-snippet:-1","max-image-preview":"max-image-preview:large","max-video-preview":"max-video-preview:-1"},"canonical":"https:\/\/www.bellunopress.it\/fr\/2024\/02\/10\/agli-alpini-il-grazie-dellamministrazione-comunale-di-alleghe\/","og_locale":"fr_FR","og_type":"article","og_title":"Agli Alpini il grazie dell\u2019amministrazione comunale di Alleghe - Bellunopress - Dolomiti","og_description":"Pergamena ai soccorritori del Vajont e agli ultranovantenni Sindaco De Toni: \u00abPenne nere simbolo di spirito di servizio e abnegazione per la nostra comunit\u00e0\u00bb Festeggiamenti e soprattutto ringraziamenti. Oggi, nella sede del Gruppo Alpini Monte Civetta di Alleghe sono stati festeggiati tre soci che hanno raggiunto e superato i 90 anni: si tratta di Giuseppe [&hellip;]","og_url":"https:\/\/www.bellunopress.it\/fr\/2024\/02\/10\/agli-alpini-il-grazie-dellamministrazione-comunale-di-alleghe\/","og_site_name":"Bellunopress - Dolomiti","article_publisher":"https:\/\/www.facebook.com\/profile.php?id=100008943462799","article_published_time":"2024-02-10T16:34:14+00:00","og_image":[{"width":1000,"height":660,"url":"https:\/\/www.bellunopress.it\/wp-content\/uploads\/2024\/02\/alpini-alleghe_edited.jpg","type":"image\/jpeg"}],"author":"redazione","twitter_card":"summary_large_image","twitter_creator":"@bellunopress","twitter_site":"@bellunopress","twitter_misc":{"\u00c9crit par":"redazione","Dur\u00e9e de lecture estim\u00e9e":"1 minute"},"schema":{"@context":"https:\/\/schema.org","@graph":[{"@type":"Article","@id":"https:\/\/www.bellunopress.it\/2024\/02\/10\/agli-alpini-il-grazie-dellamministrazione-comunale-di-alleghe\/#article","isPartOf":{"@id":"https:\/\/www.bellunopress.it\/2024\/02\/10\/agli-alpini-il-grazie-dellamministrazione-comunale-di-alleghe\/"},"author":{"name":"redazione","@id":"https:\/\/www.bellunopress.it\/#\/schema\/person\/79bb06722b37ece1c03d3e94beb30d73"},"headline":"Agli Alpini il grazie dell\u2019amministrazione comunale di Alleghe","datePublished":"2024-02-10T16:34:14+00:00","mainEntityOfPage":{"@id":"https:\/\/www.bellunopress.it\/2024\/02\/10\/agli-alpini-il-grazie-dellamministrazione-comunale-di-alleghe\/"},"wordCount":201,"publisher":{"@id":"https:\/\/www.bellunopress.it\/#organization"},"image":{"@id":"https:\/\/www.bellunopress.it\/2024\/02\/10\/agli-alpini-il-grazie-dellamministrazione-comunale-di-alleghe\/#primaryimage"},"thumbnailUrl":"https:\/\/www.bellunopress.it\/wp-content\/uploads\/2024\/02\/alpini-alleghe_edited.jpg","articleSection":["Prima Pagina","Societ\u00e0, Associazioni, Istituzioni"],"inLanguage":"fr-FR"},{"@type":"WebPage","@id":"https:\/\/www.bellunopress.it\/2024\/02\/10\/agli-alpini-il-grazie-dellamministrazione-comunale-di-alleghe\/","url":"https:\/\/www.bellunopress.it\/2024\/02\/10\/agli-alpini-il-grazie-dellamministrazione-comunale-di-alleghe\/","name":"Agli Alpini il grazie dell\u2019amministrazione comunale di Alleghe - Bellunopress - Dolomiti","isPartOf":{"@id":"https:\/\/www.bellunopress.it\/#website"},"primaryImageOfPage":{"@id":"https:\/\/www.bellunopress.it\/2024\/02\/10\/agli-alpini-il-grazie-dellamministrazione-comunale-di-alleghe\/#primaryimage"},"image":{"@id":"https:\/\/www.bellunopress.it\/2024\/02\/10\/agli-alpini-il-grazie-dellamministrazione-comunale-di-alleghe\/#primaryimage"},"thumbnailUrl":"https:\/\/www.bellunopress.it\/wp-content\/uploads\/2024\/02\/alpini-alleghe_edited.jpg","datePublished":"2024-02-10T16:34:14+00:00","breadcrumb":{"@id":"https:\/\/www.bellunopress.it\/2024\/02\/10\/agli-alpini-il-grazie-dellamministrazione-comunale-di-alleghe\/#breadcrumb"},"inLanguage":"fr-FR","potentialAction":[{"@type":"ReadAction","target":["https:\/\/www.bellunopress.it\/2024\/02\/10\/agli-alpini-il-grazie-dellamministrazione-comunale-di-alleghe\/"]}]},{"@type":"ImageObject","inLanguage":"fr-FR","@id":"https:\/\/www.bellunopress.it\/2024\/02\/10\/agli-alpini-il-grazie-dellamministrazione-comunale-di-alleghe\/#primaryimage","url":"https:\/\/www.bellunopress.it\/wp-content\/uploads\/2024\/02\/alpini-alleghe_edited.jpg","contentUrl":"https:\/\/www.bellunopress.it\/wp-content\/uploads\/2024\/02\/alpini-alleghe_edited.jpg","width":1000,"height":660},{"@type":"BreadcrumbList","@id":"https:\/\/www.bellunopress.it\/2024\/02\/10\/agli-alpini-il-grazie-dellamministrazione-comunale-di-alleghe\/#breadcrumb","itemListElement":[{"@type":"ListItem","position":1,"name":"Home","item":"https:\/\/www.bellunopress.it\/"},{"@type":"ListItem","position":2,"name":"Agli Alpini il grazie dell\u2019amministrazione comunale di Alleghe"}]},{"@type":"WebSite","@id":"https:\/\/www.bellunopress.it\/#website","url":"https:\/\/www.bellunopress.it\/","name":"Bellunopress - Dolomiti","description":"e-mail: redazione@bellunopress.it","publisher":{"@id":"https:\/\/www.bellunopress.it\/#organization"},"potentialAction":[{"@type":"SearchAction","target":{"@type":"EntryPoint","urlTemplate":"https:\/\/www.bellunopress.it\/?s={search_term_string}"},"query-input":{"@type":"PropertyValueSpecification","valueRequired":true,"valueName":"search_term_string"}}],"inLanguage":"fr-FR"},{"@type":"Organization","@id":"https:\/\/www.bellunopress.it\/#organization","name":"Bellunopress","url":"https:\/\/www.bellunopress.it\/","logo":{"@type":"ImageObject","inLanguage":"fr-FR","@id":"https:\/\/www.bellunopress.it\/#\/schema\/logo\/image\/","url":"https:\/\/www.bellunopress.it\/wp-content\/uploads\/2011\/05\/cropped-logo-bellunopress-.jpg","contentUrl":"https:\/\/www.bellunopress.it\/wp-content\/uploads\/2011\/05\/cropped-logo-bellunopress-.jpg","width":512,"height":512,"caption":"Bellunopress"},"image":{"@id":"https:\/\/www.bellunopress.it\/#\/schema\/logo\/image\/"},"sameAs":["https:\/\/www.facebook.com\/profile.php?id=100008943462799","https:\/\/x.com\/bellunopress","https:\/\/www.linkedin.com\/hp\/?dnr=JBzUWaJfMUw8vbXJJ2tVW5-I3jZKvC4wsoxE&amp;amp;amp;amp;amp;amp;trk=nav_responsive_tab_home","https:\/\/www.youtube.com\/channel\/UCxL0wu1uN0_3_7hGG0306cw"]},{"@type":"Person","@id":"https:\/\/www.bellunopress.it\/#\/schema\/person\/79bb06722b37ece1c03d3e94beb30d73","name":"r\u00e9daction","image":{"@type":"ImageObject","inLanguage":"fr-FR","@id":"https:\/\/secure.gravatar.com\/avatar\/37d968a2e67a6fd04c169c4bdef102d0bc5d31b2546345219e348575eb80e9a0?s=96&d=mm&r=g","url":"https:\/\/secure.gravatar.com\/avatar\/37d968a2e67a6fd04c169c4bdef102d0bc5d31b2546345219e348575eb80e9a0?s=96&d=mm&r=g","contentUrl":"https:\/\/secure.gravatar.com\/avatar\/37d968a2e67a6fd04c169c4bdef102d0bc5d31b2546345219e348575eb80e9a0?s=96&d=mm&r=g","caption":"redazione"},"sameAs":["http:\/\/www.bellunopress.it","https:\/\/x.com\/bellunopress"],"url":"https:\/\/www.bellunopress.it\/fr\/author\/redazione\/"}]}},"_links":{"self":[{"href":"https:\/\/www.bellunopress.it\/fr\/wp-json\/wp\/v2\/posts\/148274","targetHints":{"allow":["GET"]}}],"collection":[{"href":"https:\/\/www.bellunopress.it\/fr\/wp-json\/wp\/v2\/posts"}],"about":[{"href":"https:\/\/www.bellunopress.it\/fr\/wp-json\/wp\/v2\/types\/post"}],"author":[{"embeddable":true,"href":"https:\/\/www.bellunopress.it\/fr\/wp-json\/wp\/v2\/users\/2"}],"replies":[{"embeddable":true,"href":"https:\/\/www.bellunopress.it\/fr\/wp-json\/wp\/v2\/comments?post=148274"}],"version-history":[{"count":1,"href":"https:\/\/www.bellunopress.it\/fr\/wp-json\/wp\/v2\/posts\/148274\/revisions"}],"predecessor-version":[{"id":148276,"href":"https:\/\/www.bellunopress.it\/fr\/wp-json\/wp\/v2\/posts\/148274\/revisions\/148276"}],"wp:featuredmedia":[{"embeddable":true,"href":"https:\/\/www.bellunopress.it\/fr\/wp-json\/wp\/v2\/media\/148275"}],"wp:attachment":[{"href":"https:\/\/www.bellunopress.it\/fr\/wp-json\/wp\/v2\/media?parent=148274"}],"wp:term":[{"taxonomy":"category","embeddable":true,"href":"https:\/\/www.bellunopress.it\/fr\/wp-json\/wp\/v2\/categories?post=148274"},{"taxonomy":"post_tag","embeddable":true,"href":"https:\/\/www.bellunopress.it\/fr\/wp-json\/wp\/v2\/tags?post=148274"}],"curies":[{"name":"wp","href":"https:\/\/api.w.org\/{rel}","templated":true}]}}