{"id":148119,"date":"2024-02-03T21:00:02","date_gmt":"2024-02-03T20:00:02","guid":{"rendered":"https:\/\/www.bellunopress.it\/?p=148119"},"modified":"2024-02-08T22:23:09","modified_gmt":"2024-02-08T21:23:09","slug":"crutzen-buco-dellozono-concentrazione-della-co2","status":"publish","type":"post","link":"https:\/\/www.bellunopress.it\/fr\/2024\/02\/03\/crutzen-buco-dellozono-concentrazione-della-co2\/","title":{"rendered":"Crutzen, buco dell&#8217;ozono, concentrazione della CO2"},"content":{"rendered":"<p>Paul Crutzen, nato ad Amsterdam nel 1933, meteorologo e ingegnere, premio Nobel per la chimica nel 1995, fu direttore del Max Plank Institute tedesco, dove si occup\u00f2 fin dal 1980 della chimica dell&#8217;atmosfera dimostrando con quale meccanismo si era determinato il \u201cbuco dell&#8217;ozono\u201da causa della immissione antropica di sostanze chimiche ampiamente usate in prodotti industriali.<br \/>\nPer merito suo, dopo una lunga battaglia con le industrie che producevano refrigeranti e bombolette spray, fu dimostrato inequivocabilmente che i cloro-fluoro-carburi colpiti dalla luce solare liberavano atomi di cloro che distruggevano l&#8217;ozono dell&#8217;atmosfera, con gravi danni per la nostra salute e l&#8217;integrit\u00e0 della nostra pelle.<br \/>\nDi recente egli coni\u00f2 il termine \u201cAntropocene\u201d per indicare l&#8217;epoca della nostra vita sulla terra in cui gli eventi meteorologici e geochimici del nostro pianeta sono determinati in misura prevalente dalle attivit\u00e0 umane, di cui il buco dell&#8217;ozono \u00e8 un piccolo esempio.<br \/>\nNon \u00e8 stata fissata la data di inizio di questa nuova era che potrebbe essere identificata col primo fuoco che Prometeo ci ha regalato o col primo fuoco atomico che un aereo americano ha collaudato sulla popolazione inerme di Hiroshima.<br \/>\nProprio sul fuoco atomico Paul Crutzen ha preconizzato il pericolo che i suoi effetti sull&#8217;atmosfera possano oscurare la luce del sole e produrre sulla terra una fase glaciale. Paul Crutzen ci ha lasciati esattamente 3 anni fa a combattere da soli, senza la sua esperienza e saggezza, la guerra dell&#8217;Antropocene. Una vera guerra per poter sperare che figli e nipoti possano seguitare a vivere in questo ambiente, probabilmente unico nella intera galassia.<\/p>\n<p><img loading=\"lazy\" decoding=\"async\" class=\"alignleft  wp-image-148120\" src=\"https:\/\/www.bellunopress.it\/wp-content\/uploads\/2024\/02\/grafico-temperature-co2_edited.jpg\" alt=\"\" width=\"471\" height=\"306\" srcset=\"https:\/\/www.bellunopress.it\/wp-content\/uploads\/2024\/02\/grafico-temperature-co2_edited.jpg 563w, https:\/\/www.bellunopress.it\/wp-content\/uploads\/2024\/02\/grafico-temperature-co2_edited-500x325.jpg 500w\" sizes=\"auto, (max-width: 471px) 100vw, 471px\" \/>Come per il buco dell&#8217;Ozono anche per l&#8217;Antropocene enormi interessi industriali, politici e sociali si oppongono e negano la realt\u00e0 di un cambiamento climatico che \u00e8 ormai evidente, per la generazione pi\u00f9 anziana, negli ultimi 70 anni.<br \/>\nCome \u00e8 noto ormai a tutti il primo problema da affrontare \u00e8 quello della concentrazione della CO2 in atmosfera, cio\u00e8 l&#8217;anidride carbonica, uno tra i molti gas definiti \u201cclimalteranti\u201d, e causa del riscaldamento climatico. E&#8217; di grande interesse un grafico stampato dal prof.Francesco Battaglia che riguarda i carotaggi di ghiaccio eseguiti a Vostok e che hanno consentito di misurare la temperatura e la CO2 ambientale degli ultimi 422.000 anni: si rilevano concentrazioni della CO2 variabili tra 180 e 300 ppm(parti per milione) in 5 cicli temporali di circa 100.000 anni ciascuno. L&#8217;ultimo ciclo che riguarda la nostra epoca corrisponde ai carotaggi pi\u00f9 superficiali eseguiti, ritenuti validi fino a circa 120 anni fa. E centoventi anni fa, prima dell&#8217;esplosione dell&#8217;era industriale, sono state misurate concentrazioni massime di 285 ppm.<br \/>\nSe il grafico \u00e8 esatto si pu\u00f2 vedere che la salita dai valori minimi di 180 ppm ai valori massimi di 300 ppm si realizzano in un arco temporale di circa 10.000-20.000 anni.<br \/>\nNei nostri tempi dal 1900 al 2024 la concentrazione di CO2, in circa 100 anni, \u00e8 schizzata da 285 a 420 ppm, mai verificatasi negli ultimi 420.000 anni.<br \/>\nNel grafico \u00e8 interessante rilevare che la temperatura \u00e8 sempre proporzionale alla concentrazione di CO2.<br \/>\nChiunque pu\u00f2 scrivere al prof. Franco Battaglia per ulteriori chiarimenti. La cosa \u00e8 interessante perch\u00e9 il prof. Battaglia, autore del grafico, sostiene che non vi \u00e8 alcuna emergenza climatica.<br \/>\n(Franco Battaglia &lt;francesco.prof.battaglia@gmail.com&gt; )<br \/>\nPersonalmente ritengo che nessuno possa impegnarsi a parlare di Antropocene, e quindi di cambiamento climatico, se non conosce l&#8217;esistenza e i report periodici dell&#8217;IPCC, su cui si basano tutti gli Stati nelle riunioni mondiali sul clima, con cadenza quasi annuale.<br \/>\nLa 28a e ultima conferenza mondiale sul clima, la COP 28, si \u00e8 svolta a Dubai. Tutti i capi di Stato e di governo vi partecipano, conoscono i report dell&#8217;IPCC, ne discutono ma non prendono alcuna decisione in merito perch\u00e9 ci tengono troppo all&#8217;altra sigla, il PIL, e rinviano il problema.<br \/>\n\u201cPapa Francesco ci chiede di prenderci cura della casa comune e Greta Thunberg avverte che la casa \u00e8 in fiamme e che non c&#8217;\u00e8 un pianeta B. Solo la Scienza ci pu\u00f2 salvare, ma servono rapidamente rinforzi\u201d<br \/>\nRoberto Battiston, fisico italiano di grande prestigio, conclude cos\u00ec il suo capitolo sull&#8217; IPCC, nell\u2019ultimo suo libro \u201cL\u2019alfabeto della Natura\u201d, libro tragico e affascinante. Leggendolo non possiamo non chiederci, con affanno, \u201cperch\u00e9 mai preferiamo affidarci a pseudoscienze e fake news piuttosto che ad evidenze sperimentali?\u201d<\/p>\n<p>Filiberto Dal Molin<\/p>","protected":false},"excerpt":{"rendered":"<p>Paul Crutzen, nato ad Amsterdam nel 1933, meteorologo e ingegnere, premio Nobel per la chimica nel 1995, fu direttore del Max Plank Institute tedesco, dove si occup\u00f2 fin dal 1980 della chimica dell&#8217;atmosfera dimostrando con quale meccanismo si era determinato il \u201cbuco dell&#8217;ozono\u201da causa della immissione antropica di sostanze chimiche ampiamente usate in prodotti industriali. [&hellip;]<\/p>\n","protected":false},"author":2,"featured_media":148120,"comment_status":"closed","ping_status":"open","sticky":false,"template":"","format":"standard","meta":{"footnotes":""},"categories":[3614,26],"tags":[],"class_list":["post-148119","post","type-post","status-publish","format-standard","has-post-thumbnail","category-controcorrente","category-prima-pagina"],"yoast_head":"<!-- This site is optimized with the Yoast SEO plugin v28.4 - https:\/\/yoast.com\/product\/yoast-seo-wordpress\/ -->\n<title>Crutzen, buco dell&#039;ozono, concentrazione della CO2 - Bellunopress - Dolomiti<\/title>\n<meta name=\"robots\" content=\"index, follow, max-snippet:-1, max-image-preview:large, max-video-preview:-1\" \/>\n<link rel=\"canonical\" href=\"https:\/\/www.bellunopress.it\/fr\/2024\/02\/03\/crutzen-buco-dellozono-concentrazione-della-co2\/\" \/>\n<meta property=\"og:locale\" content=\"fr_FR\" \/>\n<meta property=\"og:type\" content=\"article\" \/>\n<meta property=\"og:title\" content=\"Crutzen, buco dell&#039;ozono, concentrazione della CO2 - Bellunopress - Dolomiti\" \/>\n<meta property=\"og:description\" content=\"Paul Crutzen, nato ad Amsterdam nel 1933, meteorologo e ingegnere, premio Nobel per la chimica nel 1995, fu direttore del Max Plank Institute tedesco, dove si occup\u00f2 fin dal 1980 della chimica dell&#8217;atmosfera dimostrando con quale meccanismo si era determinato il \u201cbuco dell&#8217;ozono\u201da causa della immissione antropica di sostanze chimiche ampiamente usate in prodotti industriali. [&hellip;]\" \/>\n<meta property=\"og:url\" content=\"https:\/\/www.bellunopress.it\/fr\/2024\/02\/03\/crutzen-buco-dellozono-concentrazione-della-co2\/\" \/>\n<meta property=\"og:site_name\" content=\"Bellunopress - Dolomiti\" \/>\n<meta property=\"article:publisher\" content=\"https:\/\/www.facebook.com\/profile.php?id=100008943462799\" \/>\n<meta property=\"article:published_time\" content=\"2024-02-03T20:00:02+00:00\" \/>\n<meta property=\"article:modified_time\" content=\"2024-02-08T21:23:09+00:00\" \/>\n<meta property=\"og:image\" content=\"https:\/\/www.bellunopress.it\/wp-content\/uploads\/2024\/02\/grafico-temperature-co2_edited.jpg\" \/>\n\t<meta property=\"og:image:width\" content=\"563\" \/>\n\t<meta property=\"og:image:height\" content=\"366\" \/>\n\t<meta property=\"og:image:type\" content=\"image\/jpeg\" \/>\n<meta name=\"author\" content=\"redazione\" \/>\n<meta name=\"twitter:card\" content=\"summary_large_image\" \/>\n<meta name=\"twitter:creator\" content=\"@bellunopress\" \/>\n<meta name=\"twitter:site\" content=\"@bellunopress\" \/>\n<meta name=\"twitter:label1\" content=\"\u00c9crit par\" \/>\n\t<meta name=\"twitter:data1\" content=\"redazione\" \/>\n\t<meta name=\"twitter:label2\" content=\"Dur\u00e9e de lecture estim\u00e9e\" \/>\n\t<meta name=\"twitter:data2\" content=\"3 minutes\" \/>\n<script type=\"application\/ld+json\" class=\"yoast-schema-graph\">{\"@context\":\"https:\\\/\\\/schema.org\",\"@graph\":[{\"@type\":\"Article\",\"@id\":\"https:\\\/\\\/www.bellunopress.it\\\/2024\\\/02\\\/03\\\/crutzen-buco-dellozono-concentrazione-della-co2\\\/#article\",\"isPartOf\":{\"@id\":\"https:\\\/\\\/www.bellunopress.it\\\/2024\\\/02\\\/03\\\/crutzen-buco-dellozono-concentrazione-della-co2\\\/\"},\"author\":{\"name\":\"redazione\",\"@id\":\"https:\\\/\\\/www.bellunopress.it\\\/#\\\/schema\\\/person\\\/79bb06722b37ece1c03d3e94beb30d73\"},\"headline\":\"Crutzen, buco dell&#8217;ozono, concentrazione della CO2\",\"datePublished\":\"2024-02-03T20:00:02+00:00\",\"dateModified\":\"2024-02-08T21:23:09+00:00\",\"mainEntityOfPage\":{\"@id\":\"https:\\\/\\\/www.bellunopress.it\\\/2024\\\/02\\\/03\\\/crutzen-buco-dellozono-concentrazione-della-co2\\\/\"},\"wordCount\":707,\"publisher\":{\"@id\":\"https:\\\/\\\/www.bellunopress.it\\\/#organization\"},\"image\":{\"@id\":\"https:\\\/\\\/www.bellunopress.it\\\/2024\\\/02\\\/03\\\/crutzen-buco-dellozono-concentrazione-della-co2\\\/#primaryimage\"},\"thumbnailUrl\":\"https:\\\/\\\/www.bellunopress.it\\\/wp-content\\\/uploads\\\/2024\\\/02\\\/grafico-temperature-co2_edited.jpg\",\"articleSection\":[\"Controcorrente Dr Filiberto Dal Molin\",\"Prima Pagina\"],\"inLanguage\":\"fr-FR\"},{\"@type\":\"WebPage\",\"@id\":\"https:\\\/\\\/www.bellunopress.it\\\/2024\\\/02\\\/03\\\/crutzen-buco-dellozono-concentrazione-della-co2\\\/\",\"url\":\"https:\\\/\\\/www.bellunopress.it\\\/2024\\\/02\\\/03\\\/crutzen-buco-dellozono-concentrazione-della-co2\\\/\",\"name\":\"Crutzen, buco dell'ozono, concentrazione della CO2 - Bellunopress - Dolomiti\",\"isPartOf\":{\"@id\":\"https:\\\/\\\/www.bellunopress.it\\\/#website\"},\"primaryImageOfPage\":{\"@id\":\"https:\\\/\\\/www.bellunopress.it\\\/2024\\\/02\\\/03\\\/crutzen-buco-dellozono-concentrazione-della-co2\\\/#primaryimage\"},\"image\":{\"@id\":\"https:\\\/\\\/www.bellunopress.it\\\/2024\\\/02\\\/03\\\/crutzen-buco-dellozono-concentrazione-della-co2\\\/#primaryimage\"},\"thumbnailUrl\":\"https:\\\/\\\/www.bellunopress.it\\\/wp-content\\\/uploads\\\/2024\\\/02\\\/grafico-temperature-co2_edited.jpg\",\"datePublished\":\"2024-02-03T20:00:02+00:00\",\"dateModified\":\"2024-02-08T21:23:09+00:00\",\"breadcrumb\":{\"@id\":\"https:\\\/\\\/www.bellunopress.it\\\/2024\\\/02\\\/03\\\/crutzen-buco-dellozono-concentrazione-della-co2\\\/#breadcrumb\"},\"inLanguage\":\"fr-FR\",\"potentialAction\":[{\"@type\":\"ReadAction\",\"target\":[\"https:\\\/\\\/www.bellunopress.it\\\/2024\\\/02\\\/03\\\/crutzen-buco-dellozono-concentrazione-della-co2\\\/\"]}]},{\"@type\":\"ImageObject\",\"inLanguage\":\"fr-FR\",\"@id\":\"https:\\\/\\\/www.bellunopress.it\\\/2024\\\/02\\\/03\\\/crutzen-buco-dellozono-concentrazione-della-co2\\\/#primaryimage\",\"url\":\"https:\\\/\\\/www.bellunopress.it\\\/wp-content\\\/uploads\\\/2024\\\/02\\\/grafico-temperature-co2_edited.jpg\",\"contentUrl\":\"https:\\\/\\\/www.bellunopress.it\\\/wp-content\\\/uploads\\\/2024\\\/02\\\/grafico-temperature-co2_edited.jpg\",\"width\":563,\"height\":366},{\"@type\":\"BreadcrumbList\",\"@id\":\"https:\\\/\\\/www.bellunopress.it\\\/2024\\\/02\\\/03\\\/crutzen-buco-dellozono-concentrazione-della-co2\\\/#breadcrumb\",\"itemListElement\":[{\"@type\":\"ListItem\",\"position\":1,\"name\":\"Home\",\"item\":\"https:\\\/\\\/www.bellunopress.it\\\/\"},{\"@type\":\"ListItem\",\"position\":2,\"name\":\"Crutzen, buco dell&#8217;ozono, concentrazione della CO2\"}]},{\"@type\":\"WebSite\",\"@id\":\"https:\\\/\\\/www.bellunopress.it\\\/#website\",\"url\":\"https:\\\/\\\/www.bellunopress.it\\\/\",\"name\":\"Bellunopress - Dolomiti\",\"description\":\"e-mail: redazione@bellunopress.it\",\"publisher\":{\"@id\":\"https:\\\/\\\/www.bellunopress.it\\\/#organization\"},\"potentialAction\":[{\"@type\":\"SearchAction\",\"target\":{\"@type\":\"EntryPoint\",\"urlTemplate\":\"https:\\\/\\\/www.bellunopress.it\\\/?s={search_term_string}\"},\"query-input\":{\"@type\":\"PropertyValueSpecification\",\"valueRequired\":true,\"valueName\":\"search_term_string\"}}],\"inLanguage\":\"fr-FR\"},{\"@type\":\"Organization\",\"@id\":\"https:\\\/\\\/www.bellunopress.it\\\/#organization\",\"name\":\"Bellunopress\",\"url\":\"https:\\\/\\\/www.bellunopress.it\\\/\",\"logo\":{\"@type\":\"ImageObject\",\"inLanguage\":\"fr-FR\",\"@id\":\"https:\\\/\\\/www.bellunopress.it\\\/#\\\/schema\\\/logo\\\/image\\\/\",\"url\":\"https:\\\/\\\/www.bellunopress.it\\\/wp-content\\\/uploads\\\/2011\\\/05\\\/cropped-logo-bellunopress-.jpg\",\"contentUrl\":\"https:\\\/\\\/www.bellunopress.it\\\/wp-content\\\/uploads\\\/2011\\\/05\\\/cropped-logo-bellunopress-.jpg\",\"width\":512,\"height\":512,\"caption\":\"Bellunopress\"},\"image\":{\"@id\":\"https:\\\/\\\/www.bellunopress.it\\\/#\\\/schema\\\/logo\\\/image\\\/\"},\"sameAs\":[\"https:\\\/\\\/www.facebook.com\\\/profile.php?id=100008943462799\",\"https:\\\/\\\/x.com\\\/bellunopress\",\"https:\\\/\\\/www.linkedin.com\\\/hp\\\/?dnr=JBzUWaJfMUw8vbXJJ2tVW5-I3jZKvC4wsoxE&amp;amp;amp;amp;amp;amp;trk=nav_responsive_tab_home\",\"https:\\\/\\\/www.youtube.com\\\/channel\\\/UCxL0wu1uN0_3_7hGG0306cw\"]},{\"@type\":\"Person\",\"@id\":\"https:\\\/\\\/www.bellunopress.it\\\/#\\\/schema\\\/person\\\/79bb06722b37ece1c03d3e94beb30d73\",\"name\":\"redazione\",\"image\":{\"@type\":\"ImageObject\",\"inLanguage\":\"fr-FR\",\"@id\":\"https:\\\/\\\/secure.gravatar.com\\\/avatar\\\/37d968a2e67a6fd04c169c4bdef102d0bc5d31b2546345219e348575eb80e9a0?s=96&d=mm&r=g\",\"url\":\"https:\\\/\\\/secure.gravatar.com\\\/avatar\\\/37d968a2e67a6fd04c169c4bdef102d0bc5d31b2546345219e348575eb80e9a0?s=96&d=mm&r=g\",\"contentUrl\":\"https:\\\/\\\/secure.gravatar.com\\\/avatar\\\/37d968a2e67a6fd04c169c4bdef102d0bc5d31b2546345219e348575eb80e9a0?s=96&d=mm&r=g\",\"caption\":\"redazione\"},\"sameAs\":[\"http:\\\/\\\/www.bellunopress.it\",\"https:\\\/\\\/x.com\\\/bellunopress\"],\"url\":\"https:\\\/\\\/www.bellunopress.it\\\/fr\\\/author\\\/redazione\\\/\"}]}<\/script>\n<!-- \/ Yoast SEO plugin. -->","yoast_head_json":{"title":"Crutzen, buco dell'ozono, concentrazione della CO2 - Bellunopress - Dolomiti","robots":{"index":"index","follow":"follow","max-snippet":"max-snippet:-1","max-image-preview":"max-image-preview:large","max-video-preview":"max-video-preview:-1"},"canonical":"https:\/\/www.bellunopress.it\/fr\/2024\/02\/03\/crutzen-buco-dellozono-concentrazione-della-co2\/","og_locale":"fr_FR","og_type":"article","og_title":"Crutzen, buco dell'ozono, concentrazione della CO2 - Bellunopress - Dolomiti","og_description":"Paul Crutzen, nato ad Amsterdam nel 1933, meteorologo e ingegnere, premio Nobel per la chimica nel 1995, fu direttore del Max Plank Institute tedesco, dove si occup\u00f2 fin dal 1980 della chimica dell&#8217;atmosfera dimostrando con quale meccanismo si era determinato il \u201cbuco dell&#8217;ozono\u201da causa della immissione antropica di sostanze chimiche ampiamente usate in prodotti industriali. [&hellip;]","og_url":"https:\/\/www.bellunopress.it\/fr\/2024\/02\/03\/crutzen-buco-dellozono-concentrazione-della-co2\/","og_site_name":"Bellunopress - Dolomiti","article_publisher":"https:\/\/www.facebook.com\/profile.php?id=100008943462799","article_published_time":"2024-02-03T20:00:02+00:00","article_modified_time":"2024-02-08T21:23:09+00:00","og_image":[{"width":563,"height":366,"url":"https:\/\/www.bellunopress.it\/wp-content\/uploads\/2024\/02\/grafico-temperature-co2_edited.jpg","type":"image\/jpeg"}],"author":"redazione","twitter_card":"summary_large_image","twitter_creator":"@bellunopress","twitter_site":"@bellunopress","twitter_misc":{"\u00c9crit par":"redazione","Dur\u00e9e de lecture estim\u00e9e":"3 minutes"},"schema":{"@context":"https:\/\/schema.org","@graph":[{"@type":"Article","@id":"https:\/\/www.bellunopress.it\/2024\/02\/03\/crutzen-buco-dellozono-concentrazione-della-co2\/#article","isPartOf":{"@id":"https:\/\/www.bellunopress.it\/2024\/02\/03\/crutzen-buco-dellozono-concentrazione-della-co2\/"},"author":{"name":"redazione","@id":"https:\/\/www.bellunopress.it\/#\/schema\/person\/79bb06722b37ece1c03d3e94beb30d73"},"headline":"Crutzen, buco dell&#8217;ozono, concentrazione della CO2","datePublished":"2024-02-03T20:00:02+00:00","dateModified":"2024-02-08T21:23:09+00:00","mainEntityOfPage":{"@id":"https:\/\/www.bellunopress.it\/2024\/02\/03\/crutzen-buco-dellozono-concentrazione-della-co2\/"},"wordCount":707,"publisher":{"@id":"https:\/\/www.bellunopress.it\/#organization"},"image":{"@id":"https:\/\/www.bellunopress.it\/2024\/02\/03\/crutzen-buco-dellozono-concentrazione-della-co2\/#primaryimage"},"thumbnailUrl":"https:\/\/www.bellunopress.it\/wp-content\/uploads\/2024\/02\/grafico-temperature-co2_edited.jpg","articleSection":["Controcorrente Dr Filiberto Dal Molin","Prima Pagina"],"inLanguage":"fr-FR"},{"@type":"WebPage","@id":"https:\/\/www.bellunopress.it\/2024\/02\/03\/crutzen-buco-dellozono-concentrazione-della-co2\/","url":"https:\/\/www.bellunopress.it\/2024\/02\/03\/crutzen-buco-dellozono-concentrazione-della-co2\/","name":"Crutzen, buco dell'ozono, concentrazione della CO2 - Bellunopress - Dolomiti","isPartOf":{"@id":"https:\/\/www.bellunopress.it\/#website"},"primaryImageOfPage":{"@id":"https:\/\/www.bellunopress.it\/2024\/02\/03\/crutzen-buco-dellozono-concentrazione-della-co2\/#primaryimage"},"image":{"@id":"https:\/\/www.bellunopress.it\/2024\/02\/03\/crutzen-buco-dellozono-concentrazione-della-co2\/#primaryimage"},"thumbnailUrl":"https:\/\/www.bellunopress.it\/wp-content\/uploads\/2024\/02\/grafico-temperature-co2_edited.jpg","datePublished":"2024-02-03T20:00:02+00:00","dateModified":"2024-02-08T21:23:09+00:00","breadcrumb":{"@id":"https:\/\/www.bellunopress.it\/2024\/02\/03\/crutzen-buco-dellozono-concentrazione-della-co2\/#breadcrumb"},"inLanguage":"fr-FR","potentialAction":[{"@type":"ReadAction","target":["https:\/\/www.bellunopress.it\/2024\/02\/03\/crutzen-buco-dellozono-concentrazione-della-co2\/"]}]},{"@type":"ImageObject","inLanguage":"fr-FR","@id":"https:\/\/www.bellunopress.it\/2024\/02\/03\/crutzen-buco-dellozono-concentrazione-della-co2\/#primaryimage","url":"https:\/\/www.bellunopress.it\/wp-content\/uploads\/2024\/02\/grafico-temperature-co2_edited.jpg","contentUrl":"https:\/\/www.bellunopress.it\/wp-content\/uploads\/2024\/02\/grafico-temperature-co2_edited.jpg","width":563,"height":366},{"@type":"BreadcrumbList","@id":"https:\/\/www.bellunopress.it\/2024\/02\/03\/crutzen-buco-dellozono-concentrazione-della-co2\/#breadcrumb","itemListElement":[{"@type":"ListItem","position":1,"name":"Home","item":"https:\/\/www.bellunopress.it\/"},{"@type":"ListItem","position":2,"name":"Crutzen, buco dell&#8217;ozono, concentrazione della CO2"}]},{"@type":"WebSite","@id":"https:\/\/www.bellunopress.it\/#website","url":"https:\/\/www.bellunopress.it\/","name":"Bellunopress - Dolomiti","description":"e-mail: redazione@bellunopress.it","publisher":{"@id":"https:\/\/www.bellunopress.it\/#organization"},"potentialAction":[{"@type":"SearchAction","target":{"@type":"EntryPoint","urlTemplate":"https:\/\/www.bellunopress.it\/?s={search_term_string}"},"query-input":{"@type":"PropertyValueSpecification","valueRequired":true,"valueName":"search_term_string"}}],"inLanguage":"fr-FR"},{"@type":"Organization","@id":"https:\/\/www.bellunopress.it\/#organization","name":"Bellunopress","url":"https:\/\/www.bellunopress.it\/","logo":{"@type":"ImageObject","inLanguage":"fr-FR","@id":"https:\/\/www.bellunopress.it\/#\/schema\/logo\/image\/","url":"https:\/\/www.bellunopress.it\/wp-content\/uploads\/2011\/05\/cropped-logo-bellunopress-.jpg","contentUrl":"https:\/\/www.bellunopress.it\/wp-content\/uploads\/2011\/05\/cropped-logo-bellunopress-.jpg","width":512,"height":512,"caption":"Bellunopress"},"image":{"@id":"https:\/\/www.bellunopress.it\/#\/schema\/logo\/image\/"},"sameAs":["https:\/\/www.facebook.com\/profile.php?id=100008943462799","https:\/\/x.com\/bellunopress","https:\/\/www.linkedin.com\/hp\/?dnr=JBzUWaJfMUw8vbXJJ2tVW5-I3jZKvC4wsoxE&amp;amp;amp;amp;amp;amp;trk=nav_responsive_tab_home","https:\/\/www.youtube.com\/channel\/UCxL0wu1uN0_3_7hGG0306cw"]},{"@type":"Person","@id":"https:\/\/www.bellunopress.it\/#\/schema\/person\/79bb06722b37ece1c03d3e94beb30d73","name":"r\u00e9daction","image":{"@type":"ImageObject","inLanguage":"fr-FR","@id":"https:\/\/secure.gravatar.com\/avatar\/37d968a2e67a6fd04c169c4bdef102d0bc5d31b2546345219e348575eb80e9a0?s=96&d=mm&r=g","url":"https:\/\/secure.gravatar.com\/avatar\/37d968a2e67a6fd04c169c4bdef102d0bc5d31b2546345219e348575eb80e9a0?s=96&d=mm&r=g","contentUrl":"https:\/\/secure.gravatar.com\/avatar\/37d968a2e67a6fd04c169c4bdef102d0bc5d31b2546345219e348575eb80e9a0?s=96&d=mm&r=g","caption":"redazione"},"sameAs":["http:\/\/www.bellunopress.it","https:\/\/x.com\/bellunopress"],"url":"https:\/\/www.bellunopress.it\/fr\/author\/redazione\/"}]}},"_links":{"self":[{"href":"https:\/\/www.bellunopress.it\/fr\/wp-json\/wp\/v2\/posts\/148119","targetHints":{"allow":["GET"]}}],"collection":[{"href":"https:\/\/www.bellunopress.it\/fr\/wp-json\/wp\/v2\/posts"}],"about":[{"href":"https:\/\/www.bellunopress.it\/fr\/wp-json\/wp\/v2\/types\/post"}],"author":[{"embeddable":true,"href":"https:\/\/www.bellunopress.it\/fr\/wp-json\/wp\/v2\/users\/2"}],"replies":[{"embeddable":true,"href":"https:\/\/www.bellunopress.it\/fr\/wp-json\/wp\/v2\/comments?post=148119"}],"version-history":[{"count":3,"href":"https:\/\/www.bellunopress.it\/fr\/wp-json\/wp\/v2\/posts\/148119\/revisions"}],"predecessor-version":[{"id":148224,"href":"https:\/\/www.bellunopress.it\/fr\/wp-json\/wp\/v2\/posts\/148119\/revisions\/148224"}],"wp:featuredmedia":[{"embeddable":true,"href":"https:\/\/www.bellunopress.it\/fr\/wp-json\/wp\/v2\/media\/148120"}],"wp:attachment":[{"href":"https:\/\/www.bellunopress.it\/fr\/wp-json\/wp\/v2\/media?parent=148119"}],"wp:term":[{"taxonomy":"category","embeddable":true,"href":"https:\/\/www.bellunopress.it\/fr\/wp-json\/wp\/v2\/categories?post=148119"},{"taxonomy":"post_tag","embeddable":true,"href":"https:\/\/www.bellunopress.it\/fr\/wp-json\/wp\/v2\/tags?post=148119"}],"curies":[{"name":"wp","href":"https:\/\/api.w.org\/{rel}","templated":true}]}}