{"id":147967,"date":"2024-01-29T18:21:16","date_gmt":"2024-01-29T17:21:16","guid":{"rendered":"https:\/\/www.bellunopress.it\/?p=147967"},"modified":"2024-01-30T19:57:55","modified_gmt":"2024-01-30T18:57:55","slug":"tedros-e-crutzen-di-filiberto-dal-molin","status":"publish","type":"post","link":"https:\/\/www.bellunopress.it\/fr\/2024\/01\/29\/tedros-e-crutzen-di-filiberto-dal-molin\/","title":{"rendered":"Tedros e Crutzen   * di Filiberto Dal Molin"},"content":{"rendered":"<p><img loading=\"lazy\" decoding=\"async\" class=\"alignleft size-full wp-image-147229\" src=\"https:\/\/www.bellunopress.it\/wp-content\/uploads\/2024\/01\/Tedros_edited.jpg\" alt=\"\" width=\"855\" height=\"549\" srcset=\"https:\/\/www.bellunopress.it\/wp-content\/uploads\/2024\/01\/Tedros_edited.jpg 855w, https:\/\/www.bellunopress.it\/wp-content\/uploads\/2024\/01\/Tedros_edited-500x321.jpg 500w, https:\/\/www.bellunopress.it\/wp-content\/uploads\/2024\/01\/Tedros_edited-696x447.jpg 696w\" sizes=\"auto, (max-width: 855px) 100vw, 855px\" \/>Nel nostro mondo di oggi, nel primo quarto di secolo del nuovo millennio, ci sono 2 problemi che interessano la comunit\u00e0 mondiale e che sono indipendenti dalle latitudini, dalle lingue, dalle fedi.<br \/>\nIl primo, che riferisco per semplicit\u00e0 a Tedros, \u00e8 nato il secolo scorso con Rockefeller, ha avuto uno sviluppo imprevisto dai pi\u00f9, potrebbe avere una facile soluzione ma le prospettive non sono propriamente ottimistiche.<br \/>\nIl secondo, che riferisco doverosamente a Paul Crutzen, \u00e8 pi\u00f9 grave, pi\u00f9 profondo, di soluzione molto difficile \u00e8 condizioner\u00e0 l&#8217;intero pianeta per l&#8217;intero secolo anche se tutti noi ci mettessimo la migliore buona volont\u00e0 per risolverlo e i risultati saranno in stretta relazione con i provvedimenti che prenderemo da ora.<br \/>\nI due problemi sono veri e propri delitti che l&#8217;intera umanit\u00e0 pi\u00f9 progredita ha perseguito, sorda ad ogni invito prudenziale, per puro e semplice egoismo. Siamo gi\u00e0 stati castigati ma \u00e8 niente rispetto a quello che potrebbe riservarci il futuro.<\/p>\n<p>Tedros Adhanom Ghebreyesus, l&#8217;uomo di Addis Abeba, \u00e8 il direttore generale della Organizzazione Mondiale della Sanit\u00e0, la OMS, il cui solo nome dovrebbe tranquillizzare tutti noi, circa il suo impegno e le sue possibilit\u00e0, per garantire la salute di tutti, in qualunque angolo del pianeta.<br \/>\nRecentemente egli, dall&#8217;alto della sua cattedra, ci ha detto che \u201cla prossima pandemia non \u00e8 una questione di SE ma di QUANDO\u201d Ha aggiunto \u201cla disinformazione ha eroso la fiducia tra persone, governi e istituzioni. Per questo motivo gli Stati membri dell&#8217;OMS stanno negoziando un nuovo trattato pandemico e modifiche al regolamento sanitario internazionale per rafforzare il quadro giuridico al fine di ottenere una risposta globale alle pandemie. Per il bene delle generazioni future non dobbiamo tornare al vecchio ciclo di panico e abbandono che ha reso il nostro mondo vulnerabile\u201d Invita quindi i membri della Unione interparlamentare a sostenere i negoziati verso una conclusione entro l&#8217;Assemblea mondiale della Sanit\u00e0 del maggio 2024.<\/p>\n<p>In tema di pandemia, siamo appena usciti da un&#8217;esperienza che \u00e8 durata 3 anni e che non possiamo definire felice: molti si sono dichiarati entusiasti dei vaccini imposti obbligatoriamente e intendono sottoporsi con fiducia anche a tutte le prossime vaccinazioni che saranno prescritte. Ma non sono la maggioranza.<br \/>\nLa gestione politica della pandemia; l&#8217;invito ai medici a non visitare i pazienti; l&#8217;invito del ministro della Salute del nostro Paese alla \u201cvigile attesa e tachipirina\u201d contro ogni logica clinica; il numero elevatissimo di decessi; l&#8217;obbligo delle mascherine e della vaccinazione ben sapendo che l&#8217;infezione curata con i vaccini non esclude il contagio attivo e passivo degli stessi vaccinati; le statistiche assolutamente confuse e inconcludenti stilate senza alcuna indicazione dei reperti autoptici; l&#8217;esclusione di tutte le terapie domiciliari o ospedaliere con principi attivi che hanno dimostrato in coerenti ricerche di disegno valido (randomizzate e controllate) efficacia e sicurezza nel trattamento precoce della Covid-19, col difetto di costare solo pochi \u20ac per ciclo di cura.<br \/>\nInoltre professori e medici del Comitato Tecnico Scientifico e dell&#8217;Istituto Superiore della Sanit\u00e0 che avevano rapporti di collaborazione o consulenza con le case farmaceutiche e promuovevano giornalmente attraverso giornali e TV solo l&#8217;uso di vaccini obbligatori, seppure sperimentali, a tutte le et\u00e0, anche in corso di gravidanza, ridicolizzando le proposte di clinici mondiali che proponevano cure alternative; l&#8217;esclusione dai diritti civili a tutti coloro che rifiutavano la vaccinazione obbligatoria anche se guariti spontaneamente; e per finire le morti improvvise e senza cause apparenti, soprattutto di giovani e atleti, subito dopo la vaccinazione: tutto ci\u00f2 ha creato vere e proprie opposizioni, proteste e dissenso tra gran parte dei cittadini.<br \/>\nTutte queste situazioni, vissute per tre anni, hanno consentito di superare in gran parte il diaframma che la gestione governativa aveva voluto tra gli obbedienti e i dissenzienti e in questi ultimi mesi abbiamo potuto tirare un sospiro di sollievo per una esperienza che abbiamo creduto superata.<br \/>\nInvece no, non \u00e8 stata superata.<br \/>\nTedros ci ricorda che ci saranno certamente altre pandemie e che per gestire queste, senza la scocciatura dei dissenzienti, propone a tutti gli Stati una gestione unitaria mondiale, a base di vaccini, con poteri assoluti. Propone cio\u00e8 un rapporto diretto con i Pazienti del mondo intero e indipendentemente dai loro governi, per una emergenza sanitaria che certamente prima o poi si verificher\u00e0. In condizioni di emergenza possiamo immaginare che tutte le libert\u00e0 civili, le leggi e gli accordi internazionali sulla libert\u00e0 e i diritti della persona verranno sospese. Ne abbiamo esperienza.<\/p>\n<p>A questo punto potremmo chiederci se questa OMS \u00e8 veramente l&#8217;Organizzazione Mondiale avente come unico scopo quello di evitare le malattie, di curare con tutti i mezzi pi\u00f9 validi, pi\u00f9 semplici, pi\u00f9 diretti ed economici tutte le forme morbose. Soprattutto di evitare con la massima cura il diffondersi delle pandemie e quindi di impedire o di chiudere tutti i laboratori mondiali destinati allo studio e alla gestione di virus e batteri, concepiti come arma da usare in una guerra biologica e intrinsecamente facile fonte di diffusione di malattie batteriche e virali. Per la solita volont\u00e0 di potenza e di dominio contro nemici veri o presunti, o come guerra preventiva, esattamente come fu dichiarato da Bush l&#8217;ultimo ventennale conflitto in l&#8217;Iraq e l&#8217;Afghanistan.<br \/>\nSecondo quest&#8217;ottica potremmo pensare che la pandemia appena superata \u00e8 stata un mezzo per dare a Tedros, e ai suoi superiori, l&#8217;opportunit\u00e0 di una proposta che in altri tempi avremmo considerata senza senso. Quindi con l&#8217;assemblea generale della OMS che si terr\u00e0 entro il mese di maggio di quest&#8217;anno i 194 Stati membri del mondo intero verranno invitati a votare a favore o contro la proposta di Tedros. La proposta diverr\u00e0 operativa se gli Stati che accettano saranno il 50% +1 o con la maggioranza dei 2\/3, a seconda delle due votazioni. In questo caso il mondo verr\u00e0 diviso in due, come gi\u00e0 durante la pandemia, con obbedienti e dissenzienti; e nell&#8217;ambito di una guerra biologica non possiamo sapere chi star\u00e0 peggio.<br \/>\nLa intrinseca stupidit\u00e0 di un tale progetto corrisponde alla stupidit\u00e0 e inutilit\u00e0 delle guerre e risponde invece agli interessi di qualcuno.<br \/>\nChi sono?<br \/>\nFacendo un passo indietro potremmo chiederci chi finanzia l&#8217;OMS. E&#8217; molto facile rispondere a questa domanda servendoci di Internet: tutti gli Stati in rapporto al loro PIL provvedono a finanziare la OMS, com&#8217;\u00e8 logico per lo scopo dichiarato di questa Organizzazione.<br \/>\nMa anche i privati, come benefattori, possono finanziarla e difatti molti miliardari americani lo fanno, con un tale slancio altruistico che il loro finanziamento, strategicamente collocato, supera per influenza quello degli Stati.<br \/>\nCi\u00f2 ha implicitamente delle conseguenze importanti: i privati comandano la politica della OMS e quindi Tedros obbedisce alla volont\u00e0 di alcuni miliardari, e non a quella degli Stati. Poich\u00e9 i miliardari \u201cbenefattori\u201d sono tutti americani potremmo dare una denominazione diversa e pi\u00f9 reale alla OMS e cio\u00e8 OAS, Organizzazione Americana della Sanit\u00e0. A meno che, con l\u2019eventuale vittoria di Trump, gli USA riducano o azzerino il loro finanziamento alla Organizzazione.<\/p>\n<p>Lo stile dei privati si riconosce<br \/>\nNei primi anni del &#8216;900 Rockefeller con finanziamenti continui alle Universit\u00e0 americane, dotate di corsi di Medicina, ha messo nelle sedi decisionali i suoi uomini e con questi la Medicina Americana ha cancellato i principi Ippocratici e imposto la Medicina farmacologica.<br \/>\nLo stesso Rockefeller dominava l&#8217;industria farmaceutica. Ca va sans dire.<br \/>\nNon per caso da noi tutti i presidenti degli Ordini dei Medici e delle societ\u00e0 scientifiche (a parte un unico caso) hanno accettato senza discutere l&#8217;ordine di non sollevare obiezioni contro i vaccini e il presidente della Federazione degli Ordini, dr Filippo Anelli, ha proposto addirittura di annullare il nostro codice Deontologico di ispirazione ippocratica. Bravo!<br \/>\nEcco una buona notizia per coloro che abbisognano di cure mediche: i medici nelle terapie da prescrivere ai Pazienti seguiranno gli ordini dei miliardari americani proprietari delle industrie del farmaco!<\/p>\n<p><strong>dr. Filiberto Dal Molin<\/strong><\/p>","protected":false},"excerpt":{"rendered":"<p>Nel nostro mondo di oggi, nel primo quarto di secolo del nuovo millennio, ci sono 2 problemi che interessano la comunit\u00e0 mondiale e che sono indipendenti dalle latitudini, dalle lingue, dalle fedi. Il primo, che riferisco per semplicit\u00e0 a Tedros, \u00e8 nato il secolo scorso con Rockefeller, ha avuto uno sviluppo imprevisto dai pi\u00f9, potrebbe [&hellip;]<\/p>\n","protected":false},"author":2,"featured_media":147229,"comment_status":"closed","ping_status":"open","sticky":false,"template":"","format":"standard","meta":{"footnotes":""},"categories":[3614,26,17,8],"tags":[],"class_list":["post-147967","post","type-post","status-publish","format-standard","has-post-thumbnail","category-controcorrente","category-prima-pagina","category-sanita","category-societa-istituzioni"],"yoast_head":"<!-- This site is optimized with the Yoast SEO plugin v28.4 - https:\/\/yoast.com\/product\/yoast-seo-wordpress\/ -->\n<title>Tedros e Crutzen  * di Filiberto Dal Molin - Bellunopress - Dolomiti<\/title>\n<meta name=\"robots\" content=\"index, follow, max-snippet:-1, max-image-preview:large, max-video-preview:-1\" \/>\n<link rel=\"canonical\" href=\"https:\/\/www.bellunopress.it\/fr\/2024\/01\/29\/tedros-e-crutzen-di-filiberto-dal-molin\/\" \/>\n<meta property=\"og:locale\" content=\"fr_FR\" \/>\n<meta property=\"og:type\" content=\"article\" \/>\n<meta property=\"og:title\" content=\"Tedros e Crutzen  * di Filiberto Dal Molin - Bellunopress - Dolomiti\" \/>\n<meta property=\"og:description\" content=\"Nel nostro mondo di oggi, nel primo quarto di secolo del nuovo millennio, ci sono 2 problemi che interessano la comunit\u00e0 mondiale e che sono indipendenti dalle latitudini, dalle lingue, dalle fedi. Il primo, che riferisco per semplicit\u00e0 a Tedros, \u00e8 nato il secolo scorso con Rockefeller, ha avuto uno sviluppo imprevisto dai pi\u00f9, potrebbe [&hellip;]\" \/>\n<meta property=\"og:url\" content=\"https:\/\/www.bellunopress.it\/fr\/2024\/01\/29\/tedros-e-crutzen-di-filiberto-dal-molin\/\" \/>\n<meta property=\"og:site_name\" content=\"Bellunopress - Dolomiti\" \/>\n<meta property=\"article:publisher\" content=\"https:\/\/www.facebook.com\/profile.php?id=100008943462799\" \/>\n<meta property=\"article:published_time\" content=\"2024-01-29T17:21:16+00:00\" \/>\n<meta property=\"article:modified_time\" content=\"2024-01-30T18:57:55+00:00\" \/>\n<meta property=\"og:image\" content=\"https:\/\/www.bellunopress.it\/wp-content\/uploads\/2024\/01\/Tedros_edited.jpg\" \/>\n\t<meta property=\"og:image:width\" content=\"855\" \/>\n\t<meta property=\"og:image:height\" content=\"549\" \/>\n\t<meta property=\"og:image:type\" content=\"image\/jpeg\" \/>\n<meta name=\"author\" content=\"redazione\" \/>\n<meta name=\"twitter:card\" content=\"summary_large_image\" \/>\n<meta name=\"twitter:creator\" content=\"@bellunopress\" \/>\n<meta name=\"twitter:site\" content=\"@bellunopress\" \/>\n<meta name=\"twitter:label1\" content=\"\u00c9crit par\" \/>\n\t<meta name=\"twitter:data1\" content=\"redazione\" \/>\n\t<meta name=\"twitter:label2\" content=\"Dur\u00e9e de lecture estim\u00e9e\" \/>\n\t<meta name=\"twitter:data2\" content=\"6 minutes\" \/>\n<script type=\"application\/ld+json\" class=\"yoast-schema-graph\">{\"@context\":\"https:\\\/\\\/schema.org\",\"@graph\":[{\"@type\":\"Article\",\"@id\":\"https:\\\/\\\/www.bellunopress.it\\\/2024\\\/01\\\/29\\\/tedros-e-crutzen-di-filiberto-dal-molin\\\/#article\",\"isPartOf\":{\"@id\":\"https:\\\/\\\/www.bellunopress.it\\\/2024\\\/01\\\/29\\\/tedros-e-crutzen-di-filiberto-dal-molin\\\/\"},\"author\":{\"name\":\"redazione\",\"@id\":\"https:\\\/\\\/www.bellunopress.it\\\/#\\\/schema\\\/person\\\/79bb06722b37ece1c03d3e94beb30d73\"},\"headline\":\"Tedros e Crutzen * di Filiberto Dal Molin\",\"datePublished\":\"2024-01-29T17:21:16+00:00\",\"dateModified\":\"2024-01-30T18:57:55+00:00\",\"mainEntityOfPage\":{\"@id\":\"https:\\\/\\\/www.bellunopress.it\\\/2024\\\/01\\\/29\\\/tedros-e-crutzen-di-filiberto-dal-molin\\\/\"},\"wordCount\":1302,\"publisher\":{\"@id\":\"https:\\\/\\\/www.bellunopress.it\\\/#organization\"},\"image\":{\"@id\":\"https:\\\/\\\/www.bellunopress.it\\\/2024\\\/01\\\/29\\\/tedros-e-crutzen-di-filiberto-dal-molin\\\/#primaryimage\"},\"thumbnailUrl\":\"https:\\\/\\\/www.bellunopress.it\\\/wp-content\\\/uploads\\\/2024\\\/01\\\/Tedros_edited.jpg\",\"articleSection\":[\"Controcorrente Dr Filiberto Dal Molin\",\"Prima Pagina\",\"Sanit\u00e0 Medicina\",\"Societ\u00e0, Associazioni, Istituzioni\"],\"inLanguage\":\"fr-FR\"},{\"@type\":\"WebPage\",\"@id\":\"https:\\\/\\\/www.bellunopress.it\\\/2024\\\/01\\\/29\\\/tedros-e-crutzen-di-filiberto-dal-molin\\\/\",\"url\":\"https:\\\/\\\/www.bellunopress.it\\\/2024\\\/01\\\/29\\\/tedros-e-crutzen-di-filiberto-dal-molin\\\/\",\"name\":\"Tedros e Crutzen * di Filiberto Dal Molin - Bellunopress - Dolomiti\",\"isPartOf\":{\"@id\":\"https:\\\/\\\/www.bellunopress.it\\\/#website\"},\"primaryImageOfPage\":{\"@id\":\"https:\\\/\\\/www.bellunopress.it\\\/2024\\\/01\\\/29\\\/tedros-e-crutzen-di-filiberto-dal-molin\\\/#primaryimage\"},\"image\":{\"@id\":\"https:\\\/\\\/www.bellunopress.it\\\/2024\\\/01\\\/29\\\/tedros-e-crutzen-di-filiberto-dal-molin\\\/#primaryimage\"},\"thumbnailUrl\":\"https:\\\/\\\/www.bellunopress.it\\\/wp-content\\\/uploads\\\/2024\\\/01\\\/Tedros_edited.jpg\",\"datePublished\":\"2024-01-29T17:21:16+00:00\",\"dateModified\":\"2024-01-30T18:57:55+00:00\",\"breadcrumb\":{\"@id\":\"https:\\\/\\\/www.bellunopress.it\\\/2024\\\/01\\\/29\\\/tedros-e-crutzen-di-filiberto-dal-molin\\\/#breadcrumb\"},\"inLanguage\":\"fr-FR\",\"potentialAction\":[{\"@type\":\"ReadAction\",\"target\":[\"https:\\\/\\\/www.bellunopress.it\\\/2024\\\/01\\\/29\\\/tedros-e-crutzen-di-filiberto-dal-molin\\\/\"]}]},{\"@type\":\"ImageObject\",\"inLanguage\":\"fr-FR\",\"@id\":\"https:\\\/\\\/www.bellunopress.it\\\/2024\\\/01\\\/29\\\/tedros-e-crutzen-di-filiberto-dal-molin\\\/#primaryimage\",\"url\":\"https:\\\/\\\/www.bellunopress.it\\\/wp-content\\\/uploads\\\/2024\\\/01\\\/Tedros_edited.jpg\",\"contentUrl\":\"https:\\\/\\\/www.bellunopress.it\\\/wp-content\\\/uploads\\\/2024\\\/01\\\/Tedros_edited.jpg\",\"width\":855,\"height\":549},{\"@type\":\"BreadcrumbList\",\"@id\":\"https:\\\/\\\/www.bellunopress.it\\\/2024\\\/01\\\/29\\\/tedros-e-crutzen-di-filiberto-dal-molin\\\/#breadcrumb\",\"itemListElement\":[{\"@type\":\"ListItem\",\"position\":1,\"name\":\"Home\",\"item\":\"https:\\\/\\\/www.bellunopress.it\\\/\"},{\"@type\":\"ListItem\",\"position\":2,\"name\":\"Tedros e Crutzen * di Filiberto Dal Molin\"}]},{\"@type\":\"WebSite\",\"@id\":\"https:\\\/\\\/www.bellunopress.it\\\/#website\",\"url\":\"https:\\\/\\\/www.bellunopress.it\\\/\",\"name\":\"Bellunopress - Dolomiti\",\"description\":\"e-mail: redazione@bellunopress.it\",\"publisher\":{\"@id\":\"https:\\\/\\\/www.bellunopress.it\\\/#organization\"},\"potentialAction\":[{\"@type\":\"SearchAction\",\"target\":{\"@type\":\"EntryPoint\",\"urlTemplate\":\"https:\\\/\\\/www.bellunopress.it\\\/?s={search_term_string}\"},\"query-input\":{\"@type\":\"PropertyValueSpecification\",\"valueRequired\":true,\"valueName\":\"search_term_string\"}}],\"inLanguage\":\"fr-FR\"},{\"@type\":\"Organization\",\"@id\":\"https:\\\/\\\/www.bellunopress.it\\\/#organization\",\"name\":\"Bellunopress\",\"url\":\"https:\\\/\\\/www.bellunopress.it\\\/\",\"logo\":{\"@type\":\"ImageObject\",\"inLanguage\":\"fr-FR\",\"@id\":\"https:\\\/\\\/www.bellunopress.it\\\/#\\\/schema\\\/logo\\\/image\\\/\",\"url\":\"https:\\\/\\\/www.bellunopress.it\\\/wp-content\\\/uploads\\\/2011\\\/05\\\/cropped-logo-bellunopress-.jpg\",\"contentUrl\":\"https:\\\/\\\/www.bellunopress.it\\\/wp-content\\\/uploads\\\/2011\\\/05\\\/cropped-logo-bellunopress-.jpg\",\"width\":512,\"height\":512,\"caption\":\"Bellunopress\"},\"image\":{\"@id\":\"https:\\\/\\\/www.bellunopress.it\\\/#\\\/schema\\\/logo\\\/image\\\/\"},\"sameAs\":[\"https:\\\/\\\/www.facebook.com\\\/profile.php?id=100008943462799\",\"https:\\\/\\\/x.com\\\/bellunopress\",\"https:\\\/\\\/www.linkedin.com\\\/hp\\\/?dnr=JBzUWaJfMUw8vbXJJ2tVW5-I3jZKvC4wsoxE&amp;amp;amp;amp;amp;amp;trk=nav_responsive_tab_home\",\"https:\\\/\\\/www.youtube.com\\\/channel\\\/UCxL0wu1uN0_3_7hGG0306cw\"]},{\"@type\":\"Person\",\"@id\":\"https:\\\/\\\/www.bellunopress.it\\\/#\\\/schema\\\/person\\\/79bb06722b37ece1c03d3e94beb30d73\",\"name\":\"redazione\",\"image\":{\"@type\":\"ImageObject\",\"inLanguage\":\"fr-FR\",\"@id\":\"https:\\\/\\\/secure.gravatar.com\\\/avatar\\\/37d968a2e67a6fd04c169c4bdef102d0bc5d31b2546345219e348575eb80e9a0?s=96&d=mm&r=g\",\"url\":\"https:\\\/\\\/secure.gravatar.com\\\/avatar\\\/37d968a2e67a6fd04c169c4bdef102d0bc5d31b2546345219e348575eb80e9a0?s=96&d=mm&r=g\",\"contentUrl\":\"https:\\\/\\\/secure.gravatar.com\\\/avatar\\\/37d968a2e67a6fd04c169c4bdef102d0bc5d31b2546345219e348575eb80e9a0?s=96&d=mm&r=g\",\"caption\":\"redazione\"},\"sameAs\":[\"http:\\\/\\\/www.bellunopress.it\",\"https:\\\/\\\/x.com\\\/bellunopress\"],\"url\":\"https:\\\/\\\/www.bellunopress.it\\\/fr\\\/author\\\/redazione\\\/\"}]}<\/script>\n<!-- \/ Yoast SEO plugin. -->","yoast_head_json":{"title":"Tedros e Crutzen  * di Filiberto Dal Molin - Bellunopress - Dolomiti","robots":{"index":"index","follow":"follow","max-snippet":"max-snippet:-1","max-image-preview":"max-image-preview:large","max-video-preview":"max-video-preview:-1"},"canonical":"https:\/\/www.bellunopress.it\/fr\/2024\/01\/29\/tedros-e-crutzen-di-filiberto-dal-molin\/","og_locale":"fr_FR","og_type":"article","og_title":"Tedros e Crutzen  * di Filiberto Dal Molin - Bellunopress - Dolomiti","og_description":"Nel nostro mondo di oggi, nel primo quarto di secolo del nuovo millennio, ci sono 2 problemi che interessano la comunit\u00e0 mondiale e che sono indipendenti dalle latitudini, dalle lingue, dalle fedi. Il primo, che riferisco per semplicit\u00e0 a Tedros, \u00e8 nato il secolo scorso con Rockefeller, ha avuto uno sviluppo imprevisto dai pi\u00f9, potrebbe [&hellip;]","og_url":"https:\/\/www.bellunopress.it\/fr\/2024\/01\/29\/tedros-e-crutzen-di-filiberto-dal-molin\/","og_site_name":"Bellunopress - Dolomiti","article_publisher":"https:\/\/www.facebook.com\/profile.php?id=100008943462799","article_published_time":"2024-01-29T17:21:16+00:00","article_modified_time":"2024-01-30T18:57:55+00:00","og_image":[{"width":855,"height":549,"url":"https:\/\/www.bellunopress.it\/wp-content\/uploads\/2024\/01\/Tedros_edited.jpg","type":"image\/jpeg"}],"author":"redazione","twitter_card":"summary_large_image","twitter_creator":"@bellunopress","twitter_site":"@bellunopress","twitter_misc":{"\u00c9crit par":"redazione","Dur\u00e9e de lecture estim\u00e9e":"6 minutes"},"schema":{"@context":"https:\/\/schema.org","@graph":[{"@type":"Article","@id":"https:\/\/www.bellunopress.it\/2024\/01\/29\/tedros-e-crutzen-di-filiberto-dal-molin\/#article","isPartOf":{"@id":"https:\/\/www.bellunopress.it\/2024\/01\/29\/tedros-e-crutzen-di-filiberto-dal-molin\/"},"author":{"name":"redazione","@id":"https:\/\/www.bellunopress.it\/#\/schema\/person\/79bb06722b37ece1c03d3e94beb30d73"},"headline":"Tedros e Crutzen * di Filiberto Dal Molin","datePublished":"2024-01-29T17:21:16+00:00","dateModified":"2024-01-30T18:57:55+00:00","mainEntityOfPage":{"@id":"https:\/\/www.bellunopress.it\/2024\/01\/29\/tedros-e-crutzen-di-filiberto-dal-molin\/"},"wordCount":1302,"publisher":{"@id":"https:\/\/www.bellunopress.it\/#organization"},"image":{"@id":"https:\/\/www.bellunopress.it\/2024\/01\/29\/tedros-e-crutzen-di-filiberto-dal-molin\/#primaryimage"},"thumbnailUrl":"https:\/\/www.bellunopress.it\/wp-content\/uploads\/2024\/01\/Tedros_edited.jpg","articleSection":["Controcorrente Dr Filiberto Dal Molin","Prima Pagina","Sanit\u00e0 Medicina","Societ\u00e0, Associazioni, Istituzioni"],"inLanguage":"fr-FR"},{"@type":"WebPage","@id":"https:\/\/www.bellunopress.it\/2024\/01\/29\/tedros-e-crutzen-di-filiberto-dal-molin\/","url":"https:\/\/www.bellunopress.it\/2024\/01\/29\/tedros-e-crutzen-di-filiberto-dal-molin\/","name":"Tedros e Crutzen * di Filiberto Dal Molin - Bellunopress - Dolomiti","isPartOf":{"@id":"https:\/\/www.bellunopress.it\/#website"},"primaryImageOfPage":{"@id":"https:\/\/www.bellunopress.it\/2024\/01\/29\/tedros-e-crutzen-di-filiberto-dal-molin\/#primaryimage"},"image":{"@id":"https:\/\/www.bellunopress.it\/2024\/01\/29\/tedros-e-crutzen-di-filiberto-dal-molin\/#primaryimage"},"thumbnailUrl":"https:\/\/www.bellunopress.it\/wp-content\/uploads\/2024\/01\/Tedros_edited.jpg","datePublished":"2024-01-29T17:21:16+00:00","dateModified":"2024-01-30T18:57:55+00:00","breadcrumb":{"@id":"https:\/\/www.bellunopress.it\/2024\/01\/29\/tedros-e-crutzen-di-filiberto-dal-molin\/#breadcrumb"},"inLanguage":"fr-FR","potentialAction":[{"@type":"ReadAction","target":["https:\/\/www.bellunopress.it\/2024\/01\/29\/tedros-e-crutzen-di-filiberto-dal-molin\/"]}]},{"@type":"ImageObject","inLanguage":"fr-FR","@id":"https:\/\/www.bellunopress.it\/2024\/01\/29\/tedros-e-crutzen-di-filiberto-dal-molin\/#primaryimage","url":"https:\/\/www.bellunopress.it\/wp-content\/uploads\/2024\/01\/Tedros_edited.jpg","contentUrl":"https:\/\/www.bellunopress.it\/wp-content\/uploads\/2024\/01\/Tedros_edited.jpg","width":855,"height":549},{"@type":"BreadcrumbList","@id":"https:\/\/www.bellunopress.it\/2024\/01\/29\/tedros-e-crutzen-di-filiberto-dal-molin\/#breadcrumb","itemListElement":[{"@type":"ListItem","position":1,"name":"Home","item":"https:\/\/www.bellunopress.it\/"},{"@type":"ListItem","position":2,"name":"Tedros e Crutzen * di Filiberto Dal Molin"}]},{"@type":"WebSite","@id":"https:\/\/www.bellunopress.it\/#website","url":"https:\/\/www.bellunopress.it\/","name":"Bellunopress - Dolomiti","description":"e-mail: redazione@bellunopress.it","publisher":{"@id":"https:\/\/www.bellunopress.it\/#organization"},"potentialAction":[{"@type":"SearchAction","target":{"@type":"EntryPoint","urlTemplate":"https:\/\/www.bellunopress.it\/?s={search_term_string}"},"query-input":{"@type":"PropertyValueSpecification","valueRequired":true,"valueName":"search_term_string"}}],"inLanguage":"fr-FR"},{"@type":"Organization","@id":"https:\/\/www.bellunopress.it\/#organization","name":"Bellunopress","url":"https:\/\/www.bellunopress.it\/","logo":{"@type":"ImageObject","inLanguage":"fr-FR","@id":"https:\/\/www.bellunopress.it\/#\/schema\/logo\/image\/","url":"https:\/\/www.bellunopress.it\/wp-content\/uploads\/2011\/05\/cropped-logo-bellunopress-.jpg","contentUrl":"https:\/\/www.bellunopress.it\/wp-content\/uploads\/2011\/05\/cropped-logo-bellunopress-.jpg","width":512,"height":512,"caption":"Bellunopress"},"image":{"@id":"https:\/\/www.bellunopress.it\/#\/schema\/logo\/image\/"},"sameAs":["https:\/\/www.facebook.com\/profile.php?id=100008943462799","https:\/\/x.com\/bellunopress","https:\/\/www.linkedin.com\/hp\/?dnr=JBzUWaJfMUw8vbXJJ2tVW5-I3jZKvC4wsoxE&amp;amp;amp;amp;amp;amp;trk=nav_responsive_tab_home","https:\/\/www.youtube.com\/channel\/UCxL0wu1uN0_3_7hGG0306cw"]},{"@type":"Person","@id":"https:\/\/www.bellunopress.it\/#\/schema\/person\/79bb06722b37ece1c03d3e94beb30d73","name":"r\u00e9daction","image":{"@type":"ImageObject","inLanguage":"fr-FR","@id":"https:\/\/secure.gravatar.com\/avatar\/37d968a2e67a6fd04c169c4bdef102d0bc5d31b2546345219e348575eb80e9a0?s=96&d=mm&r=g","url":"https:\/\/secure.gravatar.com\/avatar\/37d968a2e67a6fd04c169c4bdef102d0bc5d31b2546345219e348575eb80e9a0?s=96&d=mm&r=g","contentUrl":"https:\/\/secure.gravatar.com\/avatar\/37d968a2e67a6fd04c169c4bdef102d0bc5d31b2546345219e348575eb80e9a0?s=96&d=mm&r=g","caption":"redazione"},"sameAs":["http:\/\/www.bellunopress.it","https:\/\/x.com\/bellunopress"],"url":"https:\/\/www.bellunopress.it\/fr\/author\/redazione\/"}]}},"_links":{"self":[{"href":"https:\/\/www.bellunopress.it\/fr\/wp-json\/wp\/v2\/posts\/147967","targetHints":{"allow":["GET"]}}],"collection":[{"href":"https:\/\/www.bellunopress.it\/fr\/wp-json\/wp\/v2\/posts"}],"about":[{"href":"https:\/\/www.bellunopress.it\/fr\/wp-json\/wp\/v2\/types\/post"}],"author":[{"embeddable":true,"href":"https:\/\/www.bellunopress.it\/fr\/wp-json\/wp\/v2\/users\/2"}],"replies":[{"embeddable":true,"href":"https:\/\/www.bellunopress.it\/fr\/wp-json\/wp\/v2\/comments?post=147967"}],"version-history":[{"count":1,"href":"https:\/\/www.bellunopress.it\/fr\/wp-json\/wp\/v2\/posts\/147967\/revisions"}],"predecessor-version":[{"id":147968,"href":"https:\/\/www.bellunopress.it\/fr\/wp-json\/wp\/v2\/posts\/147967\/revisions\/147968"}],"wp:featuredmedia":[{"embeddable":true,"href":"https:\/\/www.bellunopress.it\/fr\/wp-json\/wp\/v2\/media\/147229"}],"wp:attachment":[{"href":"https:\/\/www.bellunopress.it\/fr\/wp-json\/wp\/v2\/media?parent=147967"}],"wp:term":[{"taxonomy":"category","embeddable":true,"href":"https:\/\/www.bellunopress.it\/fr\/wp-json\/wp\/v2\/categories?post=147967"},{"taxonomy":"post_tag","embeddable":true,"href":"https:\/\/www.bellunopress.it\/fr\/wp-json\/wp\/v2\/tags?post=147967"}],"curies":[{"name":"wp","href":"https:\/\/api.w.org\/{rel}","templated":true}]}}