{"id":14730,"date":"2010-04-27T10:30:23","date_gmt":"2010-04-27T09:30:23","guid":{"rendered":"http:\/\/www.bellunopress.it\/?p=14730"},"modified":"2010-04-27T10:31:20","modified_gmt":"2010-04-27T09:31:20","slug":"a-jessica-boscheratto-la-fascia-di-miss-paradiso-seconda-classificata-la-bellunese","status":"publish","type":"post","link":"https:\/\/www.bellunopress.it\/fr\/2010\/04\/27\/a-jessica-boscheratto-la-fascia-di-miss-paradiso-seconda-classificata-la-bellunese\/","title":{"rendered":"A Jessica Boscheratto la fascia di Miss Paradiso. Seconda classificata la bellunese Ludovica Da Canal"},"content":{"rendered":"<p><a href=\"http:\/\/www.bellunopress.it\/wp-content\/uploads\/2010\/04\/jessica-boscheratto-miss-paradiso-2010.jpg\"><img loading=\"lazy\" decoding=\"async\" class=\"alignleft size-medium wp-image-14731\" title=\"jessica-boscheratto-miss-paradiso-2010\" src=\"http:\/\/www.bellunopress.it\/wp-content\/uploads\/2010\/04\/jessica-boscheratto-miss-paradiso-2010.jpg\" alt=\"\" width=\"182\" height=\"243\" \/><\/a>Jessica Boscheratto 20enne di Pieve di Soligo (Treviso) ha conquistato la fascia di Miss Wella &#8220;Paradiso&#8221; (nella foto a lato). Il concorso, valido per la 71ma edizione di Miss Italia, si \u00e8 tenuto sabato sera alla Discoteca Paradiso di Sedico (BL). Jessica, che \u00e8 del segno della vergine, \u00e8 alta 1.80, capelli biondi e occhi castani, di professione estetista. Si definisce simpatica, generosa e sincera. Gli sport che preferisce sono il calcio e il ciclismo, la sua squadra del cuore \u00e8 la Juve. La sua ambizione \u00e8 diventare una modella. In seconda posizione si \u00e8 piazzata Ludovica Da Canal, 20 enne di Belluno, alta 1.74, del segno del toro che studia \u201cformazione e sviluppo delle risorse umane\u201d. A Ludovica, che si definisce determinata, riflessiva e paziente, \u00e8 andata la fascia di Miss Bellezza Rocchetta. A Deborah Bon di Mestre (VE) \u00e8 stata assegnata invece la fascia \u201cMiss Wella IIIa classificata\u201d. Deborah, che \u00e8 alta 1.70 e ha i capelli castani e gli occhi nocciola, studia al Liceo Scientifico e si presenta con tre aggettivi: dolce, testarda e solare. Teresa De Lazer di Sedico (BL) si \u00e8 piazzata in quarta posizione ed ha vinto la fascia MissPeugeot. Teresa ha 23 anni, \u00e8 alta 1.74, capelli castani e occhi marroni, fa l\u2019impiegata. Le concorrenti in gara sono sfilate davanti alla giuria ed al numeroso pubblico prima in abito nero e successivamente con il body da gara della Wella. Le prime classificate accederanno di diritto alle finali regionali e alla finalissima di agosto in cui verr\u00e0 eletta Miss Italia Veneto 2010. Le ragazze, di et\u00e0 compresa tra i 17 e i 26 anni, che volessero iscriversi per partecipare alle prossime edizioni, possono farlo gratuitamente andando sul sito <a href=\"http:\/\/www.missitalia.rai.it\">www.missitalia.rai.it<\/a> oppure telefonando allo 049 8705522 o inviando un sms al 335 1462053.<\/p>","protected":false},"excerpt":{"rendered":"<p>Jessica Boscheratto 20enne di Pieve di Soligo (Treviso) ha conquistato la fascia di Miss Wella &#8220;Paradiso&#8221; (nella foto a lato). Il concorso, valido per la 71ma edizione di Miss Italia, si \u00e8 tenuto sabato sera alla Discoteca Paradiso di Sedico (BL). Jessica, che \u00e8 del segno della vergine, \u00e8 alta 1.80, capelli biondi e occhi [&hellip;]<\/p>\n","protected":false},"author":2,"featured_media":0,"comment_status":"closed","ping_status":"open","sticky":false,"template":"","format":"standard","meta":{"footnotes":""},"categories":[3,25],"tags":[139],"class_list":["post-14730","post","type-post","status-publish","format-standard","category-arte-cultura-spettacoli-scienza-archivi","category-pausa-caffe","tag-belluno"],"yoast_head":"<!-- This site is optimized with the Yoast SEO plugin v28.4 - https:\/\/yoast.com\/product\/yoast-seo-wordpress\/ -->\n<title>A Jessica Boscheratto la fascia di Miss Paradiso. Seconda classificata la bellunese Ludovica Da Canal - Bellunopress - Dolomiti<\/title>\n<meta name=\"robots\" content=\"index, follow, max-snippet:-1, max-image-preview:large, max-video-preview:-1\" \/>\n<link rel=\"canonical\" href=\"https:\/\/www.bellunopress.it\/fr\/2010\/04\/27\/a-jessica-boscheratto-la-fascia-di-miss-paradiso-seconda-classificata-la-bellunese\/\" \/>\n<meta property=\"og:locale\" content=\"fr_FR\" \/>\n<meta property=\"og:type\" content=\"article\" \/>\n<meta property=\"og:title\" content=\"A Jessica Boscheratto la fascia di Miss Paradiso. Seconda classificata la bellunese Ludovica Da Canal - Bellunopress - Dolomiti\" \/>\n<meta property=\"og:description\" content=\"Jessica Boscheratto 20enne di Pieve di Soligo (Treviso) ha conquistato la fascia di Miss Wella &#8220;Paradiso&#8221; (nella foto a lato). Il concorso, valido per la 71ma edizione di Miss Italia, si \u00e8 tenuto sabato sera alla Discoteca Paradiso di Sedico (BL). Jessica, che \u00e8 del segno della vergine, \u00e8 alta 1.80, capelli biondi e occhi [&hellip;]\" \/>\n<meta property=\"og:url\" content=\"https:\/\/www.bellunopress.it\/fr\/2010\/04\/27\/a-jessica-boscheratto-la-fascia-di-miss-paradiso-seconda-classificata-la-bellunese\/\" \/>\n<meta property=\"og:site_name\" content=\"Bellunopress - Dolomiti\" \/>\n<meta property=\"article:publisher\" content=\"https:\/\/www.facebook.com\/profile.php?id=100008943462799\" \/>\n<meta property=\"article:published_time\" content=\"2010-04-27T09:30:23+00:00\" \/>\n<meta property=\"article:modified_time\" content=\"2010-04-27T09:31:20+00:00\" \/>\n<meta property=\"og:image\" content=\"http:\/\/www.bellunopress.it\/wp-content\/uploads\/2010\/04\/jessica-boscheratto-miss-paradiso-2010.jpg\" \/>\n<meta name=\"author\" content=\"redazione\" \/>\n<meta name=\"twitter:card\" content=\"summary_large_image\" \/>\n<meta name=\"twitter:creator\" content=\"@bellunopress\" \/>\n<meta name=\"twitter:site\" content=\"@bellunopress\" \/>\n<meta name=\"twitter:label1\" content=\"\u00c9crit par\" \/>\n\t<meta name=\"twitter:data1\" content=\"redazione\" \/>\n\t<meta name=\"twitter:label2\" content=\"Dur\u00e9e de lecture estim\u00e9e\" \/>\n\t<meta name=\"twitter:data2\" content=\"1 minute\" \/>\n<script type=\"application\/ld+json\" class=\"yoast-schema-graph\">{\"@context\":\"https:\\\/\\\/schema.org\",\"@graph\":[{\"@type\":\"Article\",\"@id\":\"https:\\\/\\\/www.bellunopress.it\\\/2010\\\/04\\\/27\\\/a-jessica-boscheratto-la-fascia-di-miss-paradiso-seconda-classificata-la-bellunese\\\/#article\",\"isPartOf\":{\"@id\":\"https:\\\/\\\/www.bellunopress.it\\\/2010\\\/04\\\/27\\\/a-jessica-boscheratto-la-fascia-di-miss-paradiso-seconda-classificata-la-bellunese\\\/\"},\"author\":{\"name\":\"redazione\",\"@id\":\"https:\\\/\\\/www.bellunopress.it\\\/#\\\/schema\\\/person\\\/79bb06722b37ece1c03d3e94beb30d73\"},\"headline\":\"A Jessica Boscheratto la fascia di Miss Paradiso. Seconda classificata la bellunese Ludovica Da Canal\",\"datePublished\":\"2010-04-27T09:30:23+00:00\",\"dateModified\":\"2010-04-27T09:31:20+00:00\",\"mainEntityOfPage\":{\"@id\":\"https:\\\/\\\/www.bellunopress.it\\\/2010\\\/04\\\/27\\\/a-jessica-boscheratto-la-fascia-di-miss-paradiso-seconda-classificata-la-bellunese\\\/\"},\"wordCount\":292,\"publisher\":{\"@id\":\"https:\\\/\\\/www.bellunopress.it\\\/#organization\"},\"image\":{\"@id\":\"https:\\\/\\\/www.bellunopress.it\\\/2010\\\/04\\\/27\\\/a-jessica-boscheratto-la-fascia-di-miss-paradiso-seconda-classificata-la-bellunese\\\/#primaryimage\"},\"thumbnailUrl\":\"http:\\\/\\\/www.bellunopress.it\\\/wp-content\\\/uploads\\\/2010\\\/04\\\/jessica-boscheratto-miss-paradiso-2010.jpg\",\"keywords\":[\"Belluno\"],\"articleSection\":[\"Arte, Cultura, Spettacoli, Scienza\",\"Pausa Caff\u00e8\"],\"inLanguage\":\"fr-FR\"},{\"@type\":\"WebPage\",\"@id\":\"https:\\\/\\\/www.bellunopress.it\\\/2010\\\/04\\\/27\\\/a-jessica-boscheratto-la-fascia-di-miss-paradiso-seconda-classificata-la-bellunese\\\/\",\"url\":\"https:\\\/\\\/www.bellunopress.it\\\/2010\\\/04\\\/27\\\/a-jessica-boscheratto-la-fascia-di-miss-paradiso-seconda-classificata-la-bellunese\\\/\",\"name\":\"A Jessica Boscheratto la fascia di Miss Paradiso. Seconda classificata la bellunese Ludovica Da Canal - Bellunopress - Dolomiti\",\"isPartOf\":{\"@id\":\"https:\\\/\\\/www.bellunopress.it\\\/#website\"},\"primaryImageOfPage\":{\"@id\":\"https:\\\/\\\/www.bellunopress.it\\\/2010\\\/04\\\/27\\\/a-jessica-boscheratto-la-fascia-di-miss-paradiso-seconda-classificata-la-bellunese\\\/#primaryimage\"},\"image\":{\"@id\":\"https:\\\/\\\/www.bellunopress.it\\\/2010\\\/04\\\/27\\\/a-jessica-boscheratto-la-fascia-di-miss-paradiso-seconda-classificata-la-bellunese\\\/#primaryimage\"},\"thumbnailUrl\":\"http:\\\/\\\/www.bellunopress.it\\\/wp-content\\\/uploads\\\/2010\\\/04\\\/jessica-boscheratto-miss-paradiso-2010.jpg\",\"datePublished\":\"2010-04-27T09:30:23+00:00\",\"dateModified\":\"2010-04-27T09:31:20+00:00\",\"breadcrumb\":{\"@id\":\"https:\\\/\\\/www.bellunopress.it\\\/2010\\\/04\\\/27\\\/a-jessica-boscheratto-la-fascia-di-miss-paradiso-seconda-classificata-la-bellunese\\\/#breadcrumb\"},\"inLanguage\":\"fr-FR\",\"potentialAction\":[{\"@type\":\"ReadAction\",\"target\":[\"https:\\\/\\\/www.bellunopress.it\\\/2010\\\/04\\\/27\\\/a-jessica-boscheratto-la-fascia-di-miss-paradiso-seconda-classificata-la-bellunese\\\/\"]}]},{\"@type\":\"ImageObject\",\"inLanguage\":\"fr-FR\",\"@id\":\"https:\\\/\\\/www.bellunopress.it\\\/2010\\\/04\\\/27\\\/a-jessica-boscheratto-la-fascia-di-miss-paradiso-seconda-classificata-la-bellunese\\\/#primaryimage\",\"url\":\"http:\\\/\\\/www.bellunopress.it\\\/wp-content\\\/uploads\\\/2010\\\/04\\\/jessica-boscheratto-miss-paradiso-2010.jpg\",\"contentUrl\":\"http:\\\/\\\/www.bellunopress.it\\\/wp-content\\\/uploads\\\/2010\\\/04\\\/jessica-boscheratto-miss-paradiso-2010.jpg\"},{\"@type\":\"BreadcrumbList\",\"@id\":\"https:\\\/\\\/www.bellunopress.it\\\/2010\\\/04\\\/27\\\/a-jessica-boscheratto-la-fascia-di-miss-paradiso-seconda-classificata-la-bellunese\\\/#breadcrumb\",\"itemListElement\":[{\"@type\":\"ListItem\",\"position\":1,\"name\":\"Home\",\"item\":\"https:\\\/\\\/www.bellunopress.it\\\/\"},{\"@type\":\"ListItem\",\"position\":2,\"name\":\"A Jessica Boscheratto la fascia di Miss Paradiso. Seconda classificata la bellunese Ludovica Da Canal\"}]},{\"@type\":\"WebSite\",\"@id\":\"https:\\\/\\\/www.bellunopress.it\\\/#website\",\"url\":\"https:\\\/\\\/www.bellunopress.it\\\/\",\"name\":\"Bellunopress - Dolomiti\",\"description\":\"e-mail: redazione@bellunopress.it\",\"publisher\":{\"@id\":\"https:\\\/\\\/www.bellunopress.it\\\/#organization\"},\"potentialAction\":[{\"@type\":\"SearchAction\",\"target\":{\"@type\":\"EntryPoint\",\"urlTemplate\":\"https:\\\/\\\/www.bellunopress.it\\\/?s={search_term_string}\"},\"query-input\":{\"@type\":\"PropertyValueSpecification\",\"valueRequired\":true,\"valueName\":\"search_term_string\"}}],\"inLanguage\":\"fr-FR\"},{\"@type\":\"Organization\",\"@id\":\"https:\\\/\\\/www.bellunopress.it\\\/#organization\",\"name\":\"Bellunopress\",\"url\":\"https:\\\/\\\/www.bellunopress.it\\\/\",\"logo\":{\"@type\":\"ImageObject\",\"inLanguage\":\"fr-FR\",\"@id\":\"https:\\\/\\\/www.bellunopress.it\\\/#\\\/schema\\\/logo\\\/image\\\/\",\"url\":\"https:\\\/\\\/www.bellunopress.it\\\/wp-content\\\/uploads\\\/2011\\\/05\\\/cropped-logo-bellunopress-.jpg\",\"contentUrl\":\"https:\\\/\\\/www.bellunopress.it\\\/wp-content\\\/uploads\\\/2011\\\/05\\\/cropped-logo-bellunopress-.jpg\",\"width\":512,\"height\":512,\"caption\":\"Bellunopress\"},\"image\":{\"@id\":\"https:\\\/\\\/www.bellunopress.it\\\/#\\\/schema\\\/logo\\\/image\\\/\"},\"sameAs\":[\"https:\\\/\\\/www.facebook.com\\\/profile.php?id=100008943462799\",\"https:\\\/\\\/x.com\\\/bellunopress\",\"https:\\\/\\\/www.linkedin.com\\\/hp\\\/?dnr=JBzUWaJfMUw8vbXJJ2tVW5-I3jZKvC4wsoxE&amp;amp;amp;amp;amp;amp;trk=nav_responsive_tab_home\",\"https:\\\/\\\/www.youtube.com\\\/channel\\\/UCxL0wu1uN0_3_7hGG0306cw\"]},{\"@type\":\"Person\",\"@id\":\"https:\\\/\\\/www.bellunopress.it\\\/#\\\/schema\\\/person\\\/79bb06722b37ece1c03d3e94beb30d73\",\"name\":\"redazione\",\"image\":{\"@type\":\"ImageObject\",\"inLanguage\":\"fr-FR\",\"@id\":\"https:\\\/\\\/secure.gravatar.com\\\/avatar\\\/37d968a2e67a6fd04c169c4bdef102d0bc5d31b2546345219e348575eb80e9a0?s=96&d=mm&r=g\",\"url\":\"https:\\\/\\\/secure.gravatar.com\\\/avatar\\\/37d968a2e67a6fd04c169c4bdef102d0bc5d31b2546345219e348575eb80e9a0?s=96&d=mm&r=g\",\"contentUrl\":\"https:\\\/\\\/secure.gravatar.com\\\/avatar\\\/37d968a2e67a6fd04c169c4bdef102d0bc5d31b2546345219e348575eb80e9a0?s=96&d=mm&r=g\",\"caption\":\"redazione\"},\"sameAs\":[\"http:\\\/\\\/www.bellunopress.it\",\"https:\\\/\\\/x.com\\\/bellunopress\"],\"url\":\"https:\\\/\\\/www.bellunopress.it\\\/fr\\\/author\\\/redazione\\\/\"}]}<\/script>\n<!-- \/ Yoast SEO plugin. -->","yoast_head_json":{"title":"A Jessica Boscheratto la fascia di Miss Paradiso. Seconda classificata la bellunese Ludovica Da Canal - Bellunopress - Dolomiti","robots":{"index":"index","follow":"follow","max-snippet":"max-snippet:-1","max-image-preview":"max-image-preview:large","max-video-preview":"max-video-preview:-1"},"canonical":"https:\/\/www.bellunopress.it\/fr\/2010\/04\/27\/a-jessica-boscheratto-la-fascia-di-miss-paradiso-seconda-classificata-la-bellunese\/","og_locale":"fr_FR","og_type":"article","og_title":"A Jessica Boscheratto la fascia di Miss Paradiso. Seconda classificata la bellunese Ludovica Da Canal - Bellunopress - Dolomiti","og_description":"Jessica Boscheratto 20enne di Pieve di Soligo (Treviso) ha conquistato la fascia di Miss Wella &#8220;Paradiso&#8221; (nella foto a lato). Il concorso, valido per la 71ma edizione di Miss Italia, si \u00e8 tenuto sabato sera alla Discoteca Paradiso di Sedico (BL). Jessica, che \u00e8 del segno della vergine, \u00e8 alta 1.80, capelli biondi e occhi [&hellip;]","og_url":"https:\/\/www.bellunopress.it\/fr\/2010\/04\/27\/a-jessica-boscheratto-la-fascia-di-miss-paradiso-seconda-classificata-la-bellunese\/","og_site_name":"Bellunopress - Dolomiti","article_publisher":"https:\/\/www.facebook.com\/profile.php?id=100008943462799","article_published_time":"2010-04-27T09:30:23+00:00","article_modified_time":"2010-04-27T09:31:20+00:00","og_image":[{"url":"http:\/\/www.bellunopress.it\/wp-content\/uploads\/2010\/04\/jessica-boscheratto-miss-paradiso-2010.jpg","type":"","width":"","height":""}],"author":"redazione","twitter_card":"summary_large_image","twitter_creator":"@bellunopress","twitter_site":"@bellunopress","twitter_misc":{"\u00c9crit par":"redazione","Dur\u00e9e de lecture estim\u00e9e":"1 minute"},"schema":{"@context":"https:\/\/schema.org","@graph":[{"@type":"Article","@id":"https:\/\/www.bellunopress.it\/2010\/04\/27\/a-jessica-boscheratto-la-fascia-di-miss-paradiso-seconda-classificata-la-bellunese\/#article","isPartOf":{"@id":"https:\/\/www.bellunopress.it\/2010\/04\/27\/a-jessica-boscheratto-la-fascia-di-miss-paradiso-seconda-classificata-la-bellunese\/"},"author":{"name":"redazione","@id":"https:\/\/www.bellunopress.it\/#\/schema\/person\/79bb06722b37ece1c03d3e94beb30d73"},"headline":"A Jessica Boscheratto la fascia di Miss Paradiso. Seconda classificata la bellunese Ludovica Da Canal","datePublished":"2010-04-27T09:30:23+00:00","dateModified":"2010-04-27T09:31:20+00:00","mainEntityOfPage":{"@id":"https:\/\/www.bellunopress.it\/2010\/04\/27\/a-jessica-boscheratto-la-fascia-di-miss-paradiso-seconda-classificata-la-bellunese\/"},"wordCount":292,"publisher":{"@id":"https:\/\/www.bellunopress.it\/#organization"},"image":{"@id":"https:\/\/www.bellunopress.it\/2010\/04\/27\/a-jessica-boscheratto-la-fascia-di-miss-paradiso-seconda-classificata-la-bellunese\/#primaryimage"},"thumbnailUrl":"http:\/\/www.bellunopress.it\/wp-content\/uploads\/2010\/04\/jessica-boscheratto-miss-paradiso-2010.jpg","keywords":["Belluno"],"articleSection":["Arte, Cultura, Spettacoli, Scienza","Pausa Caff\u00e8"],"inLanguage":"fr-FR"},{"@type":"WebPage","@id":"https:\/\/www.bellunopress.it\/2010\/04\/27\/a-jessica-boscheratto-la-fascia-di-miss-paradiso-seconda-classificata-la-bellunese\/","url":"https:\/\/www.bellunopress.it\/2010\/04\/27\/a-jessica-boscheratto-la-fascia-di-miss-paradiso-seconda-classificata-la-bellunese\/","name":"A Jessica Boscheratto la fascia di Miss Paradiso. Seconda classificata la bellunese Ludovica Da Canal - Bellunopress - Dolomiti","isPartOf":{"@id":"https:\/\/www.bellunopress.it\/#website"},"primaryImageOfPage":{"@id":"https:\/\/www.bellunopress.it\/2010\/04\/27\/a-jessica-boscheratto-la-fascia-di-miss-paradiso-seconda-classificata-la-bellunese\/#primaryimage"},"image":{"@id":"https:\/\/www.bellunopress.it\/2010\/04\/27\/a-jessica-boscheratto-la-fascia-di-miss-paradiso-seconda-classificata-la-bellunese\/#primaryimage"},"thumbnailUrl":"http:\/\/www.bellunopress.it\/wp-content\/uploads\/2010\/04\/jessica-boscheratto-miss-paradiso-2010.jpg","datePublished":"2010-04-27T09:30:23+00:00","dateModified":"2010-04-27T09:31:20+00:00","breadcrumb":{"@id":"https:\/\/www.bellunopress.it\/2010\/04\/27\/a-jessica-boscheratto-la-fascia-di-miss-paradiso-seconda-classificata-la-bellunese\/#breadcrumb"},"inLanguage":"fr-FR","potentialAction":[{"@type":"ReadAction","target":["https:\/\/www.bellunopress.it\/2010\/04\/27\/a-jessica-boscheratto-la-fascia-di-miss-paradiso-seconda-classificata-la-bellunese\/"]}]},{"@type":"ImageObject","inLanguage":"fr-FR","@id":"https:\/\/www.bellunopress.it\/2010\/04\/27\/a-jessica-boscheratto-la-fascia-di-miss-paradiso-seconda-classificata-la-bellunese\/#primaryimage","url":"http:\/\/www.bellunopress.it\/wp-content\/uploads\/2010\/04\/jessica-boscheratto-miss-paradiso-2010.jpg","contentUrl":"http:\/\/www.bellunopress.it\/wp-content\/uploads\/2010\/04\/jessica-boscheratto-miss-paradiso-2010.jpg"},{"@type":"BreadcrumbList","@id":"https:\/\/www.bellunopress.it\/2010\/04\/27\/a-jessica-boscheratto-la-fascia-di-miss-paradiso-seconda-classificata-la-bellunese\/#breadcrumb","itemListElement":[{"@type":"ListItem","position":1,"name":"Home","item":"https:\/\/www.bellunopress.it\/"},{"@type":"ListItem","position":2,"name":"A Jessica Boscheratto la fascia di Miss Paradiso. Seconda classificata la bellunese Ludovica Da Canal"}]},{"@type":"WebSite","@id":"https:\/\/www.bellunopress.it\/#website","url":"https:\/\/www.bellunopress.it\/","name":"Bellunopress - Dolomiti","description":"e-mail: redazione@bellunopress.it","publisher":{"@id":"https:\/\/www.bellunopress.it\/#organization"},"potentialAction":[{"@type":"SearchAction","target":{"@type":"EntryPoint","urlTemplate":"https:\/\/www.bellunopress.it\/?s={search_term_string}"},"query-input":{"@type":"PropertyValueSpecification","valueRequired":true,"valueName":"search_term_string"}}],"inLanguage":"fr-FR"},{"@type":"Organization","@id":"https:\/\/www.bellunopress.it\/#organization","name":"Bellunopress","url":"https:\/\/www.bellunopress.it\/","logo":{"@type":"ImageObject","inLanguage":"fr-FR","@id":"https:\/\/www.bellunopress.it\/#\/schema\/logo\/image\/","url":"https:\/\/www.bellunopress.it\/wp-content\/uploads\/2011\/05\/cropped-logo-bellunopress-.jpg","contentUrl":"https:\/\/www.bellunopress.it\/wp-content\/uploads\/2011\/05\/cropped-logo-bellunopress-.jpg","width":512,"height":512,"caption":"Bellunopress"},"image":{"@id":"https:\/\/www.bellunopress.it\/#\/schema\/logo\/image\/"},"sameAs":["https:\/\/www.facebook.com\/profile.php?id=100008943462799","https:\/\/x.com\/bellunopress","https:\/\/www.linkedin.com\/hp\/?dnr=JBzUWaJfMUw8vbXJJ2tVW5-I3jZKvC4wsoxE&amp;amp;amp;amp;amp;amp;trk=nav_responsive_tab_home","https:\/\/www.youtube.com\/channel\/UCxL0wu1uN0_3_7hGG0306cw"]},{"@type":"Person","@id":"https:\/\/www.bellunopress.it\/#\/schema\/person\/79bb06722b37ece1c03d3e94beb30d73","name":"r\u00e9daction","image":{"@type":"ImageObject","inLanguage":"fr-FR","@id":"https:\/\/secure.gravatar.com\/avatar\/37d968a2e67a6fd04c169c4bdef102d0bc5d31b2546345219e348575eb80e9a0?s=96&d=mm&r=g","url":"https:\/\/secure.gravatar.com\/avatar\/37d968a2e67a6fd04c169c4bdef102d0bc5d31b2546345219e348575eb80e9a0?s=96&d=mm&r=g","contentUrl":"https:\/\/secure.gravatar.com\/avatar\/37d968a2e67a6fd04c169c4bdef102d0bc5d31b2546345219e348575eb80e9a0?s=96&d=mm&r=g","caption":"redazione"},"sameAs":["http:\/\/www.bellunopress.it","https:\/\/x.com\/bellunopress"],"url":"https:\/\/www.bellunopress.it\/fr\/author\/redazione\/"}]}},"_links":{"self":[{"href":"https:\/\/www.bellunopress.it\/fr\/wp-json\/wp\/v2\/posts\/14730","targetHints":{"allow":["GET"]}}],"collection":[{"href":"https:\/\/www.bellunopress.it\/fr\/wp-json\/wp\/v2\/posts"}],"about":[{"href":"https:\/\/www.bellunopress.it\/fr\/wp-json\/wp\/v2\/types\/post"}],"author":[{"embeddable":true,"href":"https:\/\/www.bellunopress.it\/fr\/wp-json\/wp\/v2\/users\/2"}],"replies":[{"embeddable":true,"href":"https:\/\/www.bellunopress.it\/fr\/wp-json\/wp\/v2\/comments?post=14730"}],"version-history":[{"count":2,"href":"https:\/\/www.bellunopress.it\/fr\/wp-json\/wp\/v2\/posts\/14730\/revisions"}],"predecessor-version":[{"id":14733,"href":"https:\/\/www.bellunopress.it\/fr\/wp-json\/wp\/v2\/posts\/14730\/revisions\/14733"}],"wp:attachment":[{"href":"https:\/\/www.bellunopress.it\/fr\/wp-json\/wp\/v2\/media?parent=14730"}],"wp:term":[{"taxonomy":"category","embeddable":true,"href":"https:\/\/www.bellunopress.it\/fr\/wp-json\/wp\/v2\/categories?post=14730"},{"taxonomy":"post_tag","embeddable":true,"href":"https:\/\/www.bellunopress.it\/fr\/wp-json\/wp\/v2\/tags?post=14730"}],"curies":[{"name":"wp","href":"https:\/\/api.w.org\/{rel}","templated":true}]}}