{"id":147280,"date":"2024-01-04T12:40:55","date_gmt":"2024-01-04T11:40:55","guid":{"rendered":"https:\/\/www.bellunopress.it\/?p=147280"},"modified":"2024-01-04T12:40:55","modified_gmt":"2024-01-04T11:40:55","slug":"sabato-in-centro-belluno-torna-la-befana-del-vigile","status":"publish","type":"post","link":"https:\/\/www.bellunopress.it\/fr\/2024\/01\/04\/sabato-in-centro-belluno-torna-la-befana-del-vigile\/","title":{"rendered":"Sabato in centro Belluno torna la Befana del vigile"},"content":{"rendered":"<p><img loading=\"lazy\" decoding=\"async\" class=\"alignleft size-full wp-image-100959\" src=\"https:\/\/www.bellunopress.it\/wp-content\/uploads\/2019\/01\/befana-del-vigile-1.jpg\" alt=\"\" width=\"300\" height=\"169\" \/>Sabato 6 gennaio torna in piazza dei Martiri la &#8220;Befana del vigile&#8221;. L&#8217;iniziativa \u00e8 curata dal Circolo Bellunese auto-moto d\u2019epoca \u201cBerto Gidoni\u201d, l\u2019Alfa Romeo Club, Ducati registro storico, Amici della Topolino, Gentlemen Drivers\u2019 Club, e il Circolo ricreativo dei vigili del fuoco, con il patrocinio del Comune di Belluno e avente finalit\u00e0 benefiche a favore dei frati di Mussoi.<\/p>\n<p>&#8220;La manifestazione \u00e8 organizzata in collaborazione tra varie associazioni &#8211; dichiara Paolo Luciani, assessore al Turismo e manifestazioni del Comune di Belluno &#8211; ed \u00e8 mirata alla beneficenza. Ogni equipaggio, infatti, doner\u00e0 un pacco destinato ai frati di Mussoi a sostegno delle loro attivit\u00e0. La giornat\u00e0 vedr\u00e0 l\u2019appoggio e la partecipazione della Polizia Locale di Belluno comandata da Antonio Codemo&#8221;.<\/p>\n<p>Alla conferenza di presentazione il sindaco di Belluno Oscar De Pellegrin ha invitato la cittadinanza a partecipare numerosa alla manifestazione, bench\u00e9 le previsioni meteo non siano favorevoli.<\/p>\n<p>Franco Gidoni, del Circolo bellunese auto-moto d\u2019epoca \u201cBerto Gidoni\u201d, ha invitato i proprietari di auto d\u2019epoca a partecipare. Ed ha altres\u00ec anticipato che a Brescia \u00e8 stata identificata l\u2019auto storica di rappresentanza della Provincia di Belluno, attualmente in fase di restauro, auspicando che il veicolo possa partecipare a una delle prossime edizioni.<\/p>","protected":false},"excerpt":{"rendered":"<p>Sabato 6 gennaio torna in piazza dei Martiri la &#8220;Befana del vigile&#8221;. L&#8217;iniziativa \u00e8 curata dal Circolo Bellunese auto-moto d\u2019epoca \u201cBerto Gidoni\u201d, l\u2019Alfa Romeo Club, Ducati registro storico, Amici della Topolino, Gentlemen Drivers\u2019 Club, e il Circolo ricreativo dei vigili del fuoco, con il patrocinio del Comune di Belluno e avente finalit\u00e0 benefiche a favore [&hellip;]<\/p>\n","protected":false},"author":2,"featured_media":100965,"comment_status":"closed","ping_status":"open","sticky":false,"template":"","format":"standard","meta":{"footnotes":""},"categories":[25,8,4],"tags":[],"class_list":["post-147280","post","type-post","status-publish","format-standard","has-post-thumbnail","category-pausa-caffe","category-societa-istituzioni","category-sport"],"yoast_head":"<!-- This site is optimized with the Yoast SEO plugin v28.4 - https:\/\/yoast.com\/product\/yoast-seo-wordpress\/ -->\n<title>Sabato in centro Belluno torna la Befana del vigile - Bellunopress - Dolomiti<\/title>\n<meta name=\"robots\" content=\"index, follow, max-snippet:-1, max-image-preview:large, max-video-preview:-1\" \/>\n<link rel=\"canonical\" href=\"https:\/\/www.bellunopress.it\/fr\/2024\/01\/04\/sabato-in-centro-belluno-torna-la-befana-del-vigile\/\" \/>\n<meta property=\"og:locale\" content=\"fr_FR\" \/>\n<meta property=\"og:type\" content=\"article\" \/>\n<meta property=\"og:title\" content=\"Sabato in centro Belluno torna la Befana del vigile - Bellunopress - Dolomiti\" \/>\n<meta property=\"og:description\" content=\"Sabato 6 gennaio torna in piazza dei Martiri la &#8220;Befana del vigile&#8221;. L&#8217;iniziativa \u00e8 curata dal Circolo Bellunese auto-moto d\u2019epoca \u201cBerto Gidoni\u201d, l\u2019Alfa Romeo Club, Ducati registro storico, Amici della Topolino, Gentlemen Drivers\u2019 Club, e il Circolo ricreativo dei vigili del fuoco, con il patrocinio del Comune di Belluno e avente finalit\u00e0 benefiche a favore [&hellip;]\" \/>\n<meta property=\"og:url\" content=\"https:\/\/www.bellunopress.it\/fr\/2024\/01\/04\/sabato-in-centro-belluno-torna-la-befana-del-vigile\/\" \/>\n<meta property=\"og:site_name\" content=\"Bellunopress - Dolomiti\" \/>\n<meta property=\"article:publisher\" content=\"https:\/\/www.facebook.com\/profile.php?id=100008943462799\" \/>\n<meta property=\"article:published_time\" content=\"2024-01-04T11:40:55+00:00\" \/>\n<meta property=\"og:image\" content=\"https:\/\/www.bellunopress.it\/wp-content\/uploads\/2019\/01\/befana-del-vigile-bambino.jpg\" \/>\n\t<meta property=\"og:image:width\" content=\"300\" \/>\n\t<meta property=\"og:image:height\" content=\"222\" \/>\n\t<meta property=\"og:image:type\" content=\"image\/jpeg\" \/>\n<meta name=\"author\" content=\"redazione\" \/>\n<meta name=\"twitter:card\" content=\"summary_large_image\" \/>\n<meta name=\"twitter:creator\" content=\"@bellunopress\" \/>\n<meta name=\"twitter:site\" content=\"@bellunopress\" \/>\n<meta name=\"twitter:label1\" content=\"\u00c9crit par\" \/>\n\t<meta name=\"twitter:data1\" content=\"redazione\" \/>\n\t<meta name=\"twitter:label2\" content=\"Dur\u00e9e de lecture estim\u00e9e\" \/>\n\t<meta name=\"twitter:data2\" content=\"1 minute\" \/>\n<script type=\"application\/ld+json\" class=\"yoast-schema-graph\">{\"@context\":\"https:\\\/\\\/schema.org\",\"@graph\":[{\"@type\":\"Article\",\"@id\":\"https:\\\/\\\/www.bellunopress.it\\\/2024\\\/01\\\/04\\\/sabato-in-centro-belluno-torna-la-befana-del-vigile\\\/#article\",\"isPartOf\":{\"@id\":\"https:\\\/\\\/www.bellunopress.it\\\/2024\\\/01\\\/04\\\/sabato-in-centro-belluno-torna-la-befana-del-vigile\\\/\"},\"author\":{\"name\":\"redazione\",\"@id\":\"https:\\\/\\\/www.bellunopress.it\\\/#\\\/schema\\\/person\\\/79bb06722b37ece1c03d3e94beb30d73\"},\"headline\":\"Sabato in centro Belluno torna la Befana del vigile\",\"datePublished\":\"2024-01-04T11:40:55+00:00\",\"mainEntityOfPage\":{\"@id\":\"https:\\\/\\\/www.bellunopress.it\\\/2024\\\/01\\\/04\\\/sabato-in-centro-belluno-torna-la-befana-del-vigile\\\/\"},\"wordCount\":209,\"publisher\":{\"@id\":\"https:\\\/\\\/www.bellunopress.it\\\/#organization\"},\"image\":{\"@id\":\"https:\\\/\\\/www.bellunopress.it\\\/2024\\\/01\\\/04\\\/sabato-in-centro-belluno-torna-la-befana-del-vigile\\\/#primaryimage\"},\"thumbnailUrl\":\"https:\\\/\\\/www.bellunopress.it\\\/wp-content\\\/uploads\\\/2019\\\/01\\\/befana-del-vigile-bambino.jpg\",\"articleSection\":[\"Pausa Caff\u00e8\",\"Societ\u00e0, Associazioni, Istituzioni\",\"Sport, tempo libero\"],\"inLanguage\":\"fr-FR\"},{\"@type\":\"WebPage\",\"@id\":\"https:\\\/\\\/www.bellunopress.it\\\/2024\\\/01\\\/04\\\/sabato-in-centro-belluno-torna-la-befana-del-vigile\\\/\",\"url\":\"https:\\\/\\\/www.bellunopress.it\\\/2024\\\/01\\\/04\\\/sabato-in-centro-belluno-torna-la-befana-del-vigile\\\/\",\"name\":\"Sabato in centro Belluno torna la Befana del vigile - Bellunopress - Dolomiti\",\"isPartOf\":{\"@id\":\"https:\\\/\\\/www.bellunopress.it\\\/#website\"},\"primaryImageOfPage\":{\"@id\":\"https:\\\/\\\/www.bellunopress.it\\\/2024\\\/01\\\/04\\\/sabato-in-centro-belluno-torna-la-befana-del-vigile\\\/#primaryimage\"},\"image\":{\"@id\":\"https:\\\/\\\/www.bellunopress.it\\\/2024\\\/01\\\/04\\\/sabato-in-centro-belluno-torna-la-befana-del-vigile\\\/#primaryimage\"},\"thumbnailUrl\":\"https:\\\/\\\/www.bellunopress.it\\\/wp-content\\\/uploads\\\/2019\\\/01\\\/befana-del-vigile-bambino.jpg\",\"datePublished\":\"2024-01-04T11:40:55+00:00\",\"breadcrumb\":{\"@id\":\"https:\\\/\\\/www.bellunopress.it\\\/2024\\\/01\\\/04\\\/sabato-in-centro-belluno-torna-la-befana-del-vigile\\\/#breadcrumb\"},\"inLanguage\":\"fr-FR\",\"potentialAction\":[{\"@type\":\"ReadAction\",\"target\":[\"https:\\\/\\\/www.bellunopress.it\\\/2024\\\/01\\\/04\\\/sabato-in-centro-belluno-torna-la-befana-del-vigile\\\/\"]}]},{\"@type\":\"ImageObject\",\"inLanguage\":\"fr-FR\",\"@id\":\"https:\\\/\\\/www.bellunopress.it\\\/2024\\\/01\\\/04\\\/sabato-in-centro-belluno-torna-la-befana-del-vigile\\\/#primaryimage\",\"url\":\"https:\\\/\\\/www.bellunopress.it\\\/wp-content\\\/uploads\\\/2019\\\/01\\\/befana-del-vigile-bambino.jpg\",\"contentUrl\":\"https:\\\/\\\/www.bellunopress.it\\\/wp-content\\\/uploads\\\/2019\\\/01\\\/befana-del-vigile-bambino.jpg\",\"width\":300,\"height\":222,\"caption\":\"Belluno, Befana del Vigile 2019\"},{\"@type\":\"BreadcrumbList\",\"@id\":\"https:\\\/\\\/www.bellunopress.it\\\/2024\\\/01\\\/04\\\/sabato-in-centro-belluno-torna-la-befana-del-vigile\\\/#breadcrumb\",\"itemListElement\":[{\"@type\":\"ListItem\",\"position\":1,\"name\":\"Home\",\"item\":\"https:\\\/\\\/www.bellunopress.it\\\/\"},{\"@type\":\"ListItem\",\"position\":2,\"name\":\"Sabato in centro Belluno torna la Befana del vigile\"}]},{\"@type\":\"WebSite\",\"@id\":\"https:\\\/\\\/www.bellunopress.it\\\/#website\",\"url\":\"https:\\\/\\\/www.bellunopress.it\\\/\",\"name\":\"Bellunopress - Dolomiti\",\"description\":\"e-mail: redazione@bellunopress.it\",\"publisher\":{\"@id\":\"https:\\\/\\\/www.bellunopress.it\\\/#organization\"},\"potentialAction\":[{\"@type\":\"SearchAction\",\"target\":{\"@type\":\"EntryPoint\",\"urlTemplate\":\"https:\\\/\\\/www.bellunopress.it\\\/?s={search_term_string}\"},\"query-input\":{\"@type\":\"PropertyValueSpecification\",\"valueRequired\":true,\"valueName\":\"search_term_string\"}}],\"inLanguage\":\"fr-FR\"},{\"@type\":\"Organization\",\"@id\":\"https:\\\/\\\/www.bellunopress.it\\\/#organization\",\"name\":\"Bellunopress\",\"url\":\"https:\\\/\\\/www.bellunopress.it\\\/\",\"logo\":{\"@type\":\"ImageObject\",\"inLanguage\":\"fr-FR\",\"@id\":\"https:\\\/\\\/www.bellunopress.it\\\/#\\\/schema\\\/logo\\\/image\\\/\",\"url\":\"https:\\\/\\\/www.bellunopress.it\\\/wp-content\\\/uploads\\\/2011\\\/05\\\/cropped-logo-bellunopress-.jpg\",\"contentUrl\":\"https:\\\/\\\/www.bellunopress.it\\\/wp-content\\\/uploads\\\/2011\\\/05\\\/cropped-logo-bellunopress-.jpg\",\"width\":512,\"height\":512,\"caption\":\"Bellunopress\"},\"image\":{\"@id\":\"https:\\\/\\\/www.bellunopress.it\\\/#\\\/schema\\\/logo\\\/image\\\/\"},\"sameAs\":[\"https:\\\/\\\/www.facebook.com\\\/profile.php?id=100008943462799\",\"https:\\\/\\\/x.com\\\/bellunopress\",\"https:\\\/\\\/www.linkedin.com\\\/hp\\\/?dnr=JBzUWaJfMUw8vbXJJ2tVW5-I3jZKvC4wsoxE&amp;amp;amp;amp;amp;amp;trk=nav_responsive_tab_home\",\"https:\\\/\\\/www.youtube.com\\\/channel\\\/UCxL0wu1uN0_3_7hGG0306cw\"]},{\"@type\":\"Person\",\"@id\":\"https:\\\/\\\/www.bellunopress.it\\\/#\\\/schema\\\/person\\\/79bb06722b37ece1c03d3e94beb30d73\",\"name\":\"redazione\",\"image\":{\"@type\":\"ImageObject\",\"inLanguage\":\"fr-FR\",\"@id\":\"https:\\\/\\\/secure.gravatar.com\\\/avatar\\\/37d968a2e67a6fd04c169c4bdef102d0bc5d31b2546345219e348575eb80e9a0?s=96&d=mm&r=g\",\"url\":\"https:\\\/\\\/secure.gravatar.com\\\/avatar\\\/37d968a2e67a6fd04c169c4bdef102d0bc5d31b2546345219e348575eb80e9a0?s=96&d=mm&r=g\",\"contentUrl\":\"https:\\\/\\\/secure.gravatar.com\\\/avatar\\\/37d968a2e67a6fd04c169c4bdef102d0bc5d31b2546345219e348575eb80e9a0?s=96&d=mm&r=g\",\"caption\":\"redazione\"},\"sameAs\":[\"http:\\\/\\\/www.bellunopress.it\",\"https:\\\/\\\/x.com\\\/bellunopress\"],\"url\":\"https:\\\/\\\/www.bellunopress.it\\\/fr\\\/author\\\/redazione\\\/\"}]}<\/script>\n<!-- \/ Yoast SEO plugin. -->","yoast_head_json":{"title":"Sabato in centro Belluno torna la Befana del vigile - Bellunopress - Dolomiti","robots":{"index":"index","follow":"follow","max-snippet":"max-snippet:-1","max-image-preview":"max-image-preview:large","max-video-preview":"max-video-preview:-1"},"canonical":"https:\/\/www.bellunopress.it\/fr\/2024\/01\/04\/sabato-in-centro-belluno-torna-la-befana-del-vigile\/","og_locale":"fr_FR","og_type":"article","og_title":"Sabato in centro Belluno torna la Befana del vigile - Bellunopress - Dolomiti","og_description":"Sabato 6 gennaio torna in piazza dei Martiri la &#8220;Befana del vigile&#8221;. L&#8217;iniziativa \u00e8 curata dal Circolo Bellunese auto-moto d\u2019epoca \u201cBerto Gidoni\u201d, l\u2019Alfa Romeo Club, Ducati registro storico, Amici della Topolino, Gentlemen Drivers\u2019 Club, e il Circolo ricreativo dei vigili del fuoco, con il patrocinio del Comune di Belluno e avente finalit\u00e0 benefiche a favore [&hellip;]","og_url":"https:\/\/www.bellunopress.it\/fr\/2024\/01\/04\/sabato-in-centro-belluno-torna-la-befana-del-vigile\/","og_site_name":"Bellunopress - Dolomiti","article_publisher":"https:\/\/www.facebook.com\/profile.php?id=100008943462799","article_published_time":"2024-01-04T11:40:55+00:00","og_image":[{"width":300,"height":222,"url":"https:\/\/www.bellunopress.it\/wp-content\/uploads\/2019\/01\/befana-del-vigile-bambino.jpg","type":"image\/jpeg"}],"author":"redazione","twitter_card":"summary_large_image","twitter_creator":"@bellunopress","twitter_site":"@bellunopress","twitter_misc":{"\u00c9crit par":"redazione","Dur\u00e9e de lecture estim\u00e9e":"1 minute"},"schema":{"@context":"https:\/\/schema.org","@graph":[{"@type":"Article","@id":"https:\/\/www.bellunopress.it\/2024\/01\/04\/sabato-in-centro-belluno-torna-la-befana-del-vigile\/#article","isPartOf":{"@id":"https:\/\/www.bellunopress.it\/2024\/01\/04\/sabato-in-centro-belluno-torna-la-befana-del-vigile\/"},"author":{"name":"redazione","@id":"https:\/\/www.bellunopress.it\/#\/schema\/person\/79bb06722b37ece1c03d3e94beb30d73"},"headline":"Sabato in centro Belluno torna la Befana del vigile","datePublished":"2024-01-04T11:40:55+00:00","mainEntityOfPage":{"@id":"https:\/\/www.bellunopress.it\/2024\/01\/04\/sabato-in-centro-belluno-torna-la-befana-del-vigile\/"},"wordCount":209,"publisher":{"@id":"https:\/\/www.bellunopress.it\/#organization"},"image":{"@id":"https:\/\/www.bellunopress.it\/2024\/01\/04\/sabato-in-centro-belluno-torna-la-befana-del-vigile\/#primaryimage"},"thumbnailUrl":"https:\/\/www.bellunopress.it\/wp-content\/uploads\/2019\/01\/befana-del-vigile-bambino.jpg","articleSection":["Pausa Caff\u00e8","Societ\u00e0, Associazioni, Istituzioni","Sport, tempo libero"],"inLanguage":"fr-FR"},{"@type":"WebPage","@id":"https:\/\/www.bellunopress.it\/2024\/01\/04\/sabato-in-centro-belluno-torna-la-befana-del-vigile\/","url":"https:\/\/www.bellunopress.it\/2024\/01\/04\/sabato-in-centro-belluno-torna-la-befana-del-vigile\/","name":"Sabato in centro Belluno torna la Befana del vigile - Bellunopress - Dolomiti","isPartOf":{"@id":"https:\/\/www.bellunopress.it\/#website"},"primaryImageOfPage":{"@id":"https:\/\/www.bellunopress.it\/2024\/01\/04\/sabato-in-centro-belluno-torna-la-befana-del-vigile\/#primaryimage"},"image":{"@id":"https:\/\/www.bellunopress.it\/2024\/01\/04\/sabato-in-centro-belluno-torna-la-befana-del-vigile\/#primaryimage"},"thumbnailUrl":"https:\/\/www.bellunopress.it\/wp-content\/uploads\/2019\/01\/befana-del-vigile-bambino.jpg","datePublished":"2024-01-04T11:40:55+00:00","breadcrumb":{"@id":"https:\/\/www.bellunopress.it\/2024\/01\/04\/sabato-in-centro-belluno-torna-la-befana-del-vigile\/#breadcrumb"},"inLanguage":"fr-FR","potentialAction":[{"@type":"ReadAction","target":["https:\/\/www.bellunopress.it\/2024\/01\/04\/sabato-in-centro-belluno-torna-la-befana-del-vigile\/"]}]},{"@type":"ImageObject","inLanguage":"fr-FR","@id":"https:\/\/www.bellunopress.it\/2024\/01\/04\/sabato-in-centro-belluno-torna-la-befana-del-vigile\/#primaryimage","url":"https:\/\/www.bellunopress.it\/wp-content\/uploads\/2019\/01\/befana-del-vigile-bambino.jpg","contentUrl":"https:\/\/www.bellunopress.it\/wp-content\/uploads\/2019\/01\/befana-del-vigile-bambino.jpg","width":300,"height":222,"caption":"Belluno, Befana del Vigile 2019"},{"@type":"BreadcrumbList","@id":"https:\/\/www.bellunopress.it\/2024\/01\/04\/sabato-in-centro-belluno-torna-la-befana-del-vigile\/#breadcrumb","itemListElement":[{"@type":"ListItem","position":1,"name":"Home","item":"https:\/\/www.bellunopress.it\/"},{"@type":"ListItem","position":2,"name":"Sabato in centro Belluno torna la Befana del vigile"}]},{"@type":"WebSite","@id":"https:\/\/www.bellunopress.it\/#website","url":"https:\/\/www.bellunopress.it\/","name":"Bellunopress - Dolomiti","description":"e-mail: redazione@bellunopress.it","publisher":{"@id":"https:\/\/www.bellunopress.it\/#organization"},"potentialAction":[{"@type":"SearchAction","target":{"@type":"EntryPoint","urlTemplate":"https:\/\/www.bellunopress.it\/?s={search_term_string}"},"query-input":{"@type":"PropertyValueSpecification","valueRequired":true,"valueName":"search_term_string"}}],"inLanguage":"fr-FR"},{"@type":"Organization","@id":"https:\/\/www.bellunopress.it\/#organization","name":"Bellunopress","url":"https:\/\/www.bellunopress.it\/","logo":{"@type":"ImageObject","inLanguage":"fr-FR","@id":"https:\/\/www.bellunopress.it\/#\/schema\/logo\/image\/","url":"https:\/\/www.bellunopress.it\/wp-content\/uploads\/2011\/05\/cropped-logo-bellunopress-.jpg","contentUrl":"https:\/\/www.bellunopress.it\/wp-content\/uploads\/2011\/05\/cropped-logo-bellunopress-.jpg","width":512,"height":512,"caption":"Bellunopress"},"image":{"@id":"https:\/\/www.bellunopress.it\/#\/schema\/logo\/image\/"},"sameAs":["https:\/\/www.facebook.com\/profile.php?id=100008943462799","https:\/\/x.com\/bellunopress","https:\/\/www.linkedin.com\/hp\/?dnr=JBzUWaJfMUw8vbXJJ2tVW5-I3jZKvC4wsoxE&amp;amp;amp;amp;amp;amp;trk=nav_responsive_tab_home","https:\/\/www.youtube.com\/channel\/UCxL0wu1uN0_3_7hGG0306cw"]},{"@type":"Person","@id":"https:\/\/www.bellunopress.it\/#\/schema\/person\/79bb06722b37ece1c03d3e94beb30d73","name":"r\u00e9daction","image":{"@type":"ImageObject","inLanguage":"fr-FR","@id":"https:\/\/secure.gravatar.com\/avatar\/37d968a2e67a6fd04c169c4bdef102d0bc5d31b2546345219e348575eb80e9a0?s=96&d=mm&r=g","url":"https:\/\/secure.gravatar.com\/avatar\/37d968a2e67a6fd04c169c4bdef102d0bc5d31b2546345219e348575eb80e9a0?s=96&d=mm&r=g","contentUrl":"https:\/\/secure.gravatar.com\/avatar\/37d968a2e67a6fd04c169c4bdef102d0bc5d31b2546345219e348575eb80e9a0?s=96&d=mm&r=g","caption":"redazione"},"sameAs":["http:\/\/www.bellunopress.it","https:\/\/x.com\/bellunopress"],"url":"https:\/\/www.bellunopress.it\/fr\/author\/redazione\/"}]}},"_links":{"self":[{"href":"https:\/\/www.bellunopress.it\/fr\/wp-json\/wp\/v2\/posts\/147280","targetHints":{"allow":["GET"]}}],"collection":[{"href":"https:\/\/www.bellunopress.it\/fr\/wp-json\/wp\/v2\/posts"}],"about":[{"href":"https:\/\/www.bellunopress.it\/fr\/wp-json\/wp\/v2\/types\/post"}],"author":[{"embeddable":true,"href":"https:\/\/www.bellunopress.it\/fr\/wp-json\/wp\/v2\/users\/2"}],"replies":[{"embeddable":true,"href":"https:\/\/www.bellunopress.it\/fr\/wp-json\/wp\/v2\/comments?post=147280"}],"version-history":[{"count":1,"href":"https:\/\/www.bellunopress.it\/fr\/wp-json\/wp\/v2\/posts\/147280\/revisions"}],"predecessor-version":[{"id":147281,"href":"https:\/\/www.bellunopress.it\/fr\/wp-json\/wp\/v2\/posts\/147280\/revisions\/147281"}],"wp:featuredmedia":[{"embeddable":true,"href":"https:\/\/www.bellunopress.it\/fr\/wp-json\/wp\/v2\/media\/100965"}],"wp:attachment":[{"href":"https:\/\/www.bellunopress.it\/fr\/wp-json\/wp\/v2\/media?parent=147280"}],"wp:term":[{"taxonomy":"category","embeddable":true,"href":"https:\/\/www.bellunopress.it\/fr\/wp-json\/wp\/v2\/categories?post=147280"},{"taxonomy":"post_tag","embeddable":true,"href":"https:\/\/www.bellunopress.it\/fr\/wp-json\/wp\/v2\/tags?post=147280"}],"curies":[{"name":"wp","href":"https:\/\/api.w.org\/{rel}","templated":true}]}}