{"id":147266,"date":"2024-01-04T08:19:26","date_gmt":"2024-01-04T07:19:26","guid":{"rendered":"https:\/\/www.bellunopress.it\/?p=147266"},"modified":"2024-01-04T08:19:26","modified_gmt":"2024-01-04T07:19:26","slug":"trofeo-memorial-scoiattoli-un-omaggio-agli-85-anni-dalla-fondazione-del-gruppo","status":"publish","type":"post","link":"https:\/\/www.bellunopress.it\/fr\/2024\/01\/04\/trofeo-memorial-scoiattoli-un-omaggio-agli-85-anni-dalla-fondazione-del-gruppo\/","title":{"rendered":"Trofeo Memorial Scoiattoli, un omaggio agli 85 anni dalla fondazione del gruppo"},"content":{"rendered":"<p><img loading=\"lazy\" decoding=\"async\" class=\"alignleft size-full wp-image-147267\" src=\"https:\/\/www.bellunopress.it\/wp-content\/uploads\/2024\/01\/gruppo-scoiattoli-cortina.jpg\" alt=\"\" width=\"400\" height=\"230\" \/>Il 23 marzo 2024 segner\u00e0 un momento significativo per il Gruppo Scoiattoli Cortina, una storica associazione di alpinisti, con il suo evento pi\u00f9 atteso: il Trofeo Memorial Scoiattoli. Questa manifestazione non \u00e8 soltanto una competizione di sci alpinismo, ma anche un omaggio alla passione e alla storia che animano questo gruppo sin dal 1\u00b0 luglio 1939.<\/p>\n<p>Il Gruppo Scoiattoli, noto nel mondo dell&#8217;alpinismo per oltre sette decenni, rappresenta un simbolo di avventura e amore per la montagna. Fondato in un&#8217;epoca di grande evoluzione nell&#8217;alpinismo professionale, il gruppo ha sempre privilegiato la passione per l&#8217;avventura rispetto alla mera professione, incarnata dal loro emblema, lo scoiattolo, riconosciuto in tutto il mondo alpinistico. Il trofeo, che si svolger\u00e0 nella splendida cornice delle 5 Torri, vedr\u00e0 gli atleti cimentarsi in una sfida di sci alpinismo notturno. Partendo dalla localit\u00e0 Bai de D\u00f2nes fino al rifugio Scoiattoli, la competizione promette di essere un vero banco di prova per i concorrenti.<\/p>\n<p>Oggi, con oltre 80 membri attivi, il Gruppo Scoiattoli Cortina prosegue la sua missione di esplorazione e promozione dell&#8217;alpinismo. Oltre alle imprese sportive, gli Scoiattoli hanno un ruolo cruciale nel soccorso alpino e nella diffusione della cultura alpinistica, anche attraverso pubblicazioni specializzate. La manifestazione si concluder\u00e0 con la premiazione e una conviviale spaghettata al rifugio Scoiattoli, un momento di festa che riflette lo spirito di comunit\u00e0 e solidariet\u00e0 del gruppo, incarnato nel loro motto &#8220;Tutti per uno, uno per tutti&#8221;. Per maggiori informazioni o per partecipare, \u00e8 possibile contattare il gruppo all&#8217;indirizzo info@scoiattoli.org. Si sottolinea l&#8217;obbligo dell&#8217;uso della lampada frontale durante la gara, simbolo dell&#8217;impegno del gruppo per la sicurezza e il rispetto delle norme alpinistiche.<\/p>\n<p>Francesco Distilo<\/p>","protected":false},"excerpt":{"rendered":"<p>Il 23 marzo 2024 segner\u00e0 un momento significativo per il Gruppo Scoiattoli Cortina, una storica associazione di alpinisti, con il suo evento pi\u00f9 atteso: il Trofeo Memorial Scoiattoli. Questa manifestazione non \u00e8 soltanto una competizione di sci alpinismo, ma anche un omaggio alla passione e alla storia che animano questo gruppo sin dal 1\u00b0 luglio [&hellip;]<\/p>\n","protected":false},"author":2,"featured_media":147267,"comment_status":"closed","ping_status":"open","sticky":false,"template":"","format":"standard","meta":{"footnotes":""},"categories":[25,8,4],"tags":[],"class_list":["post-147266","post","type-post","status-publish","format-standard","has-post-thumbnail","category-pausa-caffe","category-societa-istituzioni","category-sport"],"yoast_head":"<!-- This site is optimized with the Yoast SEO plugin v28.4 - https:\/\/yoast.com\/product\/yoast-seo-wordpress\/ -->\n<title>Trofeo Memorial Scoiattoli, un omaggio agli 85 anni dalla fondazione del gruppo - Bellunopress - Dolomiti<\/title>\n<meta name=\"robots\" content=\"index, follow, max-snippet:-1, max-image-preview:large, max-video-preview:-1\" \/>\n<link rel=\"canonical\" href=\"https:\/\/www.bellunopress.it\/fr\/2024\/01\/04\/trofeo-memorial-scoiattoli-un-omaggio-agli-85-anni-dalla-fondazione-del-gruppo\/\" \/>\n<meta property=\"og:locale\" content=\"fr_FR\" \/>\n<meta property=\"og:type\" content=\"article\" \/>\n<meta property=\"og:title\" content=\"Trofeo Memorial Scoiattoli, un omaggio agli 85 anni dalla fondazione del gruppo - Bellunopress - Dolomiti\" \/>\n<meta property=\"og:description\" content=\"Il 23 marzo 2024 segner\u00e0 un momento significativo per il Gruppo Scoiattoli Cortina, una storica associazione di alpinisti, con il suo evento pi\u00f9 atteso: il Trofeo Memorial Scoiattoli. Questa manifestazione non \u00e8 soltanto una competizione di sci alpinismo, ma anche un omaggio alla passione e alla storia che animano questo gruppo sin dal 1\u00b0 luglio [&hellip;]\" \/>\n<meta property=\"og:url\" content=\"https:\/\/www.bellunopress.it\/fr\/2024\/01\/04\/trofeo-memorial-scoiattoli-un-omaggio-agli-85-anni-dalla-fondazione-del-gruppo\/\" \/>\n<meta property=\"og:site_name\" content=\"Bellunopress - Dolomiti\" \/>\n<meta property=\"article:publisher\" content=\"https:\/\/www.facebook.com\/profile.php?id=100008943462799\" \/>\n<meta property=\"article:published_time\" content=\"2024-01-04T07:19:26+00:00\" \/>\n<meta property=\"og:image\" content=\"https:\/\/www.bellunopress.it\/wp-content\/uploads\/2024\/01\/gruppo-scoiattoli-cortina.jpg\" \/>\n\t<meta property=\"og:image:width\" content=\"400\" \/>\n\t<meta property=\"og:image:height\" content=\"230\" \/>\n\t<meta property=\"og:image:type\" content=\"image\/jpeg\" \/>\n<meta name=\"author\" content=\"redazione\" \/>\n<meta name=\"twitter:card\" content=\"summary_large_image\" \/>\n<meta name=\"twitter:creator\" content=\"@bellunopress\" \/>\n<meta name=\"twitter:site\" content=\"@bellunopress\" \/>\n<meta name=\"twitter:label1\" content=\"\u00c9crit par\" \/>\n\t<meta name=\"twitter:data1\" content=\"redazione\" \/>\n\t<meta name=\"twitter:label2\" content=\"Dur\u00e9e de lecture estim\u00e9e\" \/>\n\t<meta name=\"twitter:data2\" content=\"1 minute\" \/>\n<script type=\"application\/ld+json\" class=\"yoast-schema-graph\">{\"@context\":\"https:\\\/\\\/schema.org\",\"@graph\":[{\"@type\":\"Article\",\"@id\":\"https:\\\/\\\/www.bellunopress.it\\\/2024\\\/01\\\/04\\\/trofeo-memorial-scoiattoli-un-omaggio-agli-85-anni-dalla-fondazione-del-gruppo\\\/#article\",\"isPartOf\":{\"@id\":\"https:\\\/\\\/www.bellunopress.it\\\/2024\\\/01\\\/04\\\/trofeo-memorial-scoiattoli-un-omaggio-agli-85-anni-dalla-fondazione-del-gruppo\\\/\"},\"author\":{\"name\":\"redazione\",\"@id\":\"https:\\\/\\\/www.bellunopress.it\\\/#\\\/schema\\\/person\\\/79bb06722b37ece1c03d3e94beb30d73\"},\"headline\":\"Trofeo Memorial Scoiattoli, un omaggio agli 85 anni dalla fondazione del gruppo\",\"datePublished\":\"2024-01-04T07:19:26+00:00\",\"mainEntityOfPage\":{\"@id\":\"https:\\\/\\\/www.bellunopress.it\\\/2024\\\/01\\\/04\\\/trofeo-memorial-scoiattoli-un-omaggio-agli-85-anni-dalla-fondazione-del-gruppo\\\/\"},\"wordCount\":288,\"publisher\":{\"@id\":\"https:\\\/\\\/www.bellunopress.it\\\/#organization\"},\"image\":{\"@id\":\"https:\\\/\\\/www.bellunopress.it\\\/2024\\\/01\\\/04\\\/trofeo-memorial-scoiattoli-un-omaggio-agli-85-anni-dalla-fondazione-del-gruppo\\\/#primaryimage\"},\"thumbnailUrl\":\"https:\\\/\\\/www.bellunopress.it\\\/wp-content\\\/uploads\\\/2024\\\/01\\\/gruppo-scoiattoli-cortina.jpg\",\"articleSection\":[\"Pausa Caff\u00e8\",\"Societ\u00e0, Associazioni, Istituzioni\",\"Sport, tempo libero\"],\"inLanguage\":\"fr-FR\"},{\"@type\":\"WebPage\",\"@id\":\"https:\\\/\\\/www.bellunopress.it\\\/2024\\\/01\\\/04\\\/trofeo-memorial-scoiattoli-un-omaggio-agli-85-anni-dalla-fondazione-del-gruppo\\\/\",\"url\":\"https:\\\/\\\/www.bellunopress.it\\\/2024\\\/01\\\/04\\\/trofeo-memorial-scoiattoli-un-omaggio-agli-85-anni-dalla-fondazione-del-gruppo\\\/\",\"name\":\"Trofeo Memorial Scoiattoli, un omaggio agli 85 anni dalla fondazione del gruppo - Bellunopress - Dolomiti\",\"isPartOf\":{\"@id\":\"https:\\\/\\\/www.bellunopress.it\\\/#website\"},\"primaryImageOfPage\":{\"@id\":\"https:\\\/\\\/www.bellunopress.it\\\/2024\\\/01\\\/04\\\/trofeo-memorial-scoiattoli-un-omaggio-agli-85-anni-dalla-fondazione-del-gruppo\\\/#primaryimage\"},\"image\":{\"@id\":\"https:\\\/\\\/www.bellunopress.it\\\/2024\\\/01\\\/04\\\/trofeo-memorial-scoiattoli-un-omaggio-agli-85-anni-dalla-fondazione-del-gruppo\\\/#primaryimage\"},\"thumbnailUrl\":\"https:\\\/\\\/www.bellunopress.it\\\/wp-content\\\/uploads\\\/2024\\\/01\\\/gruppo-scoiattoli-cortina.jpg\",\"datePublished\":\"2024-01-04T07:19:26+00:00\",\"breadcrumb\":{\"@id\":\"https:\\\/\\\/www.bellunopress.it\\\/2024\\\/01\\\/04\\\/trofeo-memorial-scoiattoli-un-omaggio-agli-85-anni-dalla-fondazione-del-gruppo\\\/#breadcrumb\"},\"inLanguage\":\"fr-FR\",\"potentialAction\":[{\"@type\":\"ReadAction\",\"target\":[\"https:\\\/\\\/www.bellunopress.it\\\/2024\\\/01\\\/04\\\/trofeo-memorial-scoiattoli-un-omaggio-agli-85-anni-dalla-fondazione-del-gruppo\\\/\"]}]},{\"@type\":\"ImageObject\",\"inLanguage\":\"fr-FR\",\"@id\":\"https:\\\/\\\/www.bellunopress.it\\\/2024\\\/01\\\/04\\\/trofeo-memorial-scoiattoli-un-omaggio-agli-85-anni-dalla-fondazione-del-gruppo\\\/#primaryimage\",\"url\":\"https:\\\/\\\/www.bellunopress.it\\\/wp-content\\\/uploads\\\/2024\\\/01\\\/gruppo-scoiattoli-cortina.jpg\",\"contentUrl\":\"https:\\\/\\\/www.bellunopress.it\\\/wp-content\\\/uploads\\\/2024\\\/01\\\/gruppo-scoiattoli-cortina.jpg\",\"width\":400,\"height\":230},{\"@type\":\"BreadcrumbList\",\"@id\":\"https:\\\/\\\/www.bellunopress.it\\\/2024\\\/01\\\/04\\\/trofeo-memorial-scoiattoli-un-omaggio-agli-85-anni-dalla-fondazione-del-gruppo\\\/#breadcrumb\",\"itemListElement\":[{\"@type\":\"ListItem\",\"position\":1,\"name\":\"Home\",\"item\":\"https:\\\/\\\/www.bellunopress.it\\\/\"},{\"@type\":\"ListItem\",\"position\":2,\"name\":\"Trofeo Memorial Scoiattoli, un omaggio agli 85 anni dalla fondazione del gruppo\"}]},{\"@type\":\"WebSite\",\"@id\":\"https:\\\/\\\/www.bellunopress.it\\\/#website\",\"url\":\"https:\\\/\\\/www.bellunopress.it\\\/\",\"name\":\"Bellunopress - Dolomiti\",\"description\":\"e-mail: redazione@bellunopress.it\",\"publisher\":{\"@id\":\"https:\\\/\\\/www.bellunopress.it\\\/#organization\"},\"potentialAction\":[{\"@type\":\"SearchAction\",\"target\":{\"@type\":\"EntryPoint\",\"urlTemplate\":\"https:\\\/\\\/www.bellunopress.it\\\/?s={search_term_string}\"},\"query-input\":{\"@type\":\"PropertyValueSpecification\",\"valueRequired\":true,\"valueName\":\"search_term_string\"}}],\"inLanguage\":\"fr-FR\"},{\"@type\":\"Organization\",\"@id\":\"https:\\\/\\\/www.bellunopress.it\\\/#organization\",\"name\":\"Bellunopress\",\"url\":\"https:\\\/\\\/www.bellunopress.it\\\/\",\"logo\":{\"@type\":\"ImageObject\",\"inLanguage\":\"fr-FR\",\"@id\":\"https:\\\/\\\/www.bellunopress.it\\\/#\\\/schema\\\/logo\\\/image\\\/\",\"url\":\"https:\\\/\\\/www.bellunopress.it\\\/wp-content\\\/uploads\\\/2011\\\/05\\\/cropped-logo-bellunopress-.jpg\",\"contentUrl\":\"https:\\\/\\\/www.bellunopress.it\\\/wp-content\\\/uploads\\\/2011\\\/05\\\/cropped-logo-bellunopress-.jpg\",\"width\":512,\"height\":512,\"caption\":\"Bellunopress\"},\"image\":{\"@id\":\"https:\\\/\\\/www.bellunopress.it\\\/#\\\/schema\\\/logo\\\/image\\\/\"},\"sameAs\":[\"https:\\\/\\\/www.facebook.com\\\/profile.php?id=100008943462799\",\"https:\\\/\\\/x.com\\\/bellunopress\",\"https:\\\/\\\/www.linkedin.com\\\/hp\\\/?dnr=JBzUWaJfMUw8vbXJJ2tVW5-I3jZKvC4wsoxE&amp;amp;amp;amp;amp;amp;trk=nav_responsive_tab_home\",\"https:\\\/\\\/www.youtube.com\\\/channel\\\/UCxL0wu1uN0_3_7hGG0306cw\"]},{\"@type\":\"Person\",\"@id\":\"https:\\\/\\\/www.bellunopress.it\\\/#\\\/schema\\\/person\\\/79bb06722b37ece1c03d3e94beb30d73\",\"name\":\"redazione\",\"image\":{\"@type\":\"ImageObject\",\"inLanguage\":\"fr-FR\",\"@id\":\"https:\\\/\\\/secure.gravatar.com\\\/avatar\\\/37d968a2e67a6fd04c169c4bdef102d0bc5d31b2546345219e348575eb80e9a0?s=96&d=mm&r=g\",\"url\":\"https:\\\/\\\/secure.gravatar.com\\\/avatar\\\/37d968a2e67a6fd04c169c4bdef102d0bc5d31b2546345219e348575eb80e9a0?s=96&d=mm&r=g\",\"contentUrl\":\"https:\\\/\\\/secure.gravatar.com\\\/avatar\\\/37d968a2e67a6fd04c169c4bdef102d0bc5d31b2546345219e348575eb80e9a0?s=96&d=mm&r=g\",\"caption\":\"redazione\"},\"sameAs\":[\"http:\\\/\\\/www.bellunopress.it\",\"https:\\\/\\\/x.com\\\/bellunopress\"],\"url\":\"https:\\\/\\\/www.bellunopress.it\\\/fr\\\/author\\\/redazione\\\/\"}]}<\/script>\n<!-- \/ Yoast SEO plugin. -->","yoast_head_json":{"title":"Trofeo Memorial Scoiattoli, un omaggio agli 85 anni dalla fondazione del gruppo - Bellunopress - Dolomiti","robots":{"index":"index","follow":"follow","max-snippet":"max-snippet:-1","max-image-preview":"max-image-preview:large","max-video-preview":"max-video-preview:-1"},"canonical":"https:\/\/www.bellunopress.it\/fr\/2024\/01\/04\/trofeo-memorial-scoiattoli-un-omaggio-agli-85-anni-dalla-fondazione-del-gruppo\/","og_locale":"fr_FR","og_type":"article","og_title":"Trofeo Memorial Scoiattoli, un omaggio agli 85 anni dalla fondazione del gruppo - Bellunopress - Dolomiti","og_description":"Il 23 marzo 2024 segner\u00e0 un momento significativo per il Gruppo Scoiattoli Cortina, una storica associazione di alpinisti, con il suo evento pi\u00f9 atteso: il Trofeo Memorial Scoiattoli. Questa manifestazione non \u00e8 soltanto una competizione di sci alpinismo, ma anche un omaggio alla passione e alla storia che animano questo gruppo sin dal 1\u00b0 luglio [&hellip;]","og_url":"https:\/\/www.bellunopress.it\/fr\/2024\/01\/04\/trofeo-memorial-scoiattoli-un-omaggio-agli-85-anni-dalla-fondazione-del-gruppo\/","og_site_name":"Bellunopress - Dolomiti","article_publisher":"https:\/\/www.facebook.com\/profile.php?id=100008943462799","article_published_time":"2024-01-04T07:19:26+00:00","og_image":[{"width":400,"height":230,"url":"https:\/\/www.bellunopress.it\/wp-content\/uploads\/2024\/01\/gruppo-scoiattoli-cortina.jpg","type":"image\/jpeg"}],"author":"redazione","twitter_card":"summary_large_image","twitter_creator":"@bellunopress","twitter_site":"@bellunopress","twitter_misc":{"\u00c9crit par":"redazione","Dur\u00e9e de lecture estim\u00e9e":"1 minute"},"schema":{"@context":"https:\/\/schema.org","@graph":[{"@type":"Article","@id":"https:\/\/www.bellunopress.it\/2024\/01\/04\/trofeo-memorial-scoiattoli-un-omaggio-agli-85-anni-dalla-fondazione-del-gruppo\/#article","isPartOf":{"@id":"https:\/\/www.bellunopress.it\/2024\/01\/04\/trofeo-memorial-scoiattoli-un-omaggio-agli-85-anni-dalla-fondazione-del-gruppo\/"},"author":{"name":"redazione","@id":"https:\/\/www.bellunopress.it\/#\/schema\/person\/79bb06722b37ece1c03d3e94beb30d73"},"headline":"Trofeo Memorial Scoiattoli, un omaggio agli 85 anni dalla fondazione del gruppo","datePublished":"2024-01-04T07:19:26+00:00","mainEntityOfPage":{"@id":"https:\/\/www.bellunopress.it\/2024\/01\/04\/trofeo-memorial-scoiattoli-un-omaggio-agli-85-anni-dalla-fondazione-del-gruppo\/"},"wordCount":288,"publisher":{"@id":"https:\/\/www.bellunopress.it\/#organization"},"image":{"@id":"https:\/\/www.bellunopress.it\/2024\/01\/04\/trofeo-memorial-scoiattoli-un-omaggio-agli-85-anni-dalla-fondazione-del-gruppo\/#primaryimage"},"thumbnailUrl":"https:\/\/www.bellunopress.it\/wp-content\/uploads\/2024\/01\/gruppo-scoiattoli-cortina.jpg","articleSection":["Pausa Caff\u00e8","Societ\u00e0, Associazioni, Istituzioni","Sport, tempo libero"],"inLanguage":"fr-FR"},{"@type":"WebPage","@id":"https:\/\/www.bellunopress.it\/2024\/01\/04\/trofeo-memorial-scoiattoli-un-omaggio-agli-85-anni-dalla-fondazione-del-gruppo\/","url":"https:\/\/www.bellunopress.it\/2024\/01\/04\/trofeo-memorial-scoiattoli-un-omaggio-agli-85-anni-dalla-fondazione-del-gruppo\/","name":"Trofeo Memorial Scoiattoli, un omaggio agli 85 anni dalla fondazione del gruppo - Bellunopress - Dolomiti","isPartOf":{"@id":"https:\/\/www.bellunopress.it\/#website"},"primaryImageOfPage":{"@id":"https:\/\/www.bellunopress.it\/2024\/01\/04\/trofeo-memorial-scoiattoli-un-omaggio-agli-85-anni-dalla-fondazione-del-gruppo\/#primaryimage"},"image":{"@id":"https:\/\/www.bellunopress.it\/2024\/01\/04\/trofeo-memorial-scoiattoli-un-omaggio-agli-85-anni-dalla-fondazione-del-gruppo\/#primaryimage"},"thumbnailUrl":"https:\/\/www.bellunopress.it\/wp-content\/uploads\/2024\/01\/gruppo-scoiattoli-cortina.jpg","datePublished":"2024-01-04T07:19:26+00:00","breadcrumb":{"@id":"https:\/\/www.bellunopress.it\/2024\/01\/04\/trofeo-memorial-scoiattoli-un-omaggio-agli-85-anni-dalla-fondazione-del-gruppo\/#breadcrumb"},"inLanguage":"fr-FR","potentialAction":[{"@type":"ReadAction","target":["https:\/\/www.bellunopress.it\/2024\/01\/04\/trofeo-memorial-scoiattoli-un-omaggio-agli-85-anni-dalla-fondazione-del-gruppo\/"]}]},{"@type":"ImageObject","inLanguage":"fr-FR","@id":"https:\/\/www.bellunopress.it\/2024\/01\/04\/trofeo-memorial-scoiattoli-un-omaggio-agli-85-anni-dalla-fondazione-del-gruppo\/#primaryimage","url":"https:\/\/www.bellunopress.it\/wp-content\/uploads\/2024\/01\/gruppo-scoiattoli-cortina.jpg","contentUrl":"https:\/\/www.bellunopress.it\/wp-content\/uploads\/2024\/01\/gruppo-scoiattoli-cortina.jpg","width":400,"height":230},{"@type":"BreadcrumbList","@id":"https:\/\/www.bellunopress.it\/2024\/01\/04\/trofeo-memorial-scoiattoli-un-omaggio-agli-85-anni-dalla-fondazione-del-gruppo\/#breadcrumb","itemListElement":[{"@type":"ListItem","position":1,"name":"Home","item":"https:\/\/www.bellunopress.it\/"},{"@type":"ListItem","position":2,"name":"Trofeo Memorial Scoiattoli, un omaggio agli 85 anni dalla fondazione del gruppo"}]},{"@type":"WebSite","@id":"https:\/\/www.bellunopress.it\/#website","url":"https:\/\/www.bellunopress.it\/","name":"Bellunopress - Dolomiti","description":"e-mail: redazione@bellunopress.it","publisher":{"@id":"https:\/\/www.bellunopress.it\/#organization"},"potentialAction":[{"@type":"SearchAction","target":{"@type":"EntryPoint","urlTemplate":"https:\/\/www.bellunopress.it\/?s={search_term_string}"},"query-input":{"@type":"PropertyValueSpecification","valueRequired":true,"valueName":"search_term_string"}}],"inLanguage":"fr-FR"},{"@type":"Organization","@id":"https:\/\/www.bellunopress.it\/#organization","name":"Bellunopress","url":"https:\/\/www.bellunopress.it\/","logo":{"@type":"ImageObject","inLanguage":"fr-FR","@id":"https:\/\/www.bellunopress.it\/#\/schema\/logo\/image\/","url":"https:\/\/www.bellunopress.it\/wp-content\/uploads\/2011\/05\/cropped-logo-bellunopress-.jpg","contentUrl":"https:\/\/www.bellunopress.it\/wp-content\/uploads\/2011\/05\/cropped-logo-bellunopress-.jpg","width":512,"height":512,"caption":"Bellunopress"},"image":{"@id":"https:\/\/www.bellunopress.it\/#\/schema\/logo\/image\/"},"sameAs":["https:\/\/www.facebook.com\/profile.php?id=100008943462799","https:\/\/x.com\/bellunopress","https:\/\/www.linkedin.com\/hp\/?dnr=JBzUWaJfMUw8vbXJJ2tVW5-I3jZKvC4wsoxE&amp;amp;amp;amp;amp;amp;trk=nav_responsive_tab_home","https:\/\/www.youtube.com\/channel\/UCxL0wu1uN0_3_7hGG0306cw"]},{"@type":"Person","@id":"https:\/\/www.bellunopress.it\/#\/schema\/person\/79bb06722b37ece1c03d3e94beb30d73","name":"r\u00e9daction","image":{"@type":"ImageObject","inLanguage":"fr-FR","@id":"https:\/\/secure.gravatar.com\/avatar\/37d968a2e67a6fd04c169c4bdef102d0bc5d31b2546345219e348575eb80e9a0?s=96&d=mm&r=g","url":"https:\/\/secure.gravatar.com\/avatar\/37d968a2e67a6fd04c169c4bdef102d0bc5d31b2546345219e348575eb80e9a0?s=96&d=mm&r=g","contentUrl":"https:\/\/secure.gravatar.com\/avatar\/37d968a2e67a6fd04c169c4bdef102d0bc5d31b2546345219e348575eb80e9a0?s=96&d=mm&r=g","caption":"redazione"},"sameAs":["http:\/\/www.bellunopress.it","https:\/\/x.com\/bellunopress"],"url":"https:\/\/www.bellunopress.it\/fr\/author\/redazione\/"}]}},"_links":{"self":[{"href":"https:\/\/www.bellunopress.it\/fr\/wp-json\/wp\/v2\/posts\/147266","targetHints":{"allow":["GET"]}}],"collection":[{"href":"https:\/\/www.bellunopress.it\/fr\/wp-json\/wp\/v2\/posts"}],"about":[{"href":"https:\/\/www.bellunopress.it\/fr\/wp-json\/wp\/v2\/types\/post"}],"author":[{"embeddable":true,"href":"https:\/\/www.bellunopress.it\/fr\/wp-json\/wp\/v2\/users\/2"}],"replies":[{"embeddable":true,"href":"https:\/\/www.bellunopress.it\/fr\/wp-json\/wp\/v2\/comments?post=147266"}],"version-history":[{"count":1,"href":"https:\/\/www.bellunopress.it\/fr\/wp-json\/wp\/v2\/posts\/147266\/revisions"}],"predecessor-version":[{"id":147268,"href":"https:\/\/www.bellunopress.it\/fr\/wp-json\/wp\/v2\/posts\/147266\/revisions\/147268"}],"wp:featuredmedia":[{"embeddable":true,"href":"https:\/\/www.bellunopress.it\/fr\/wp-json\/wp\/v2\/media\/147267"}],"wp:attachment":[{"href":"https:\/\/www.bellunopress.it\/fr\/wp-json\/wp\/v2\/media?parent=147266"}],"wp:term":[{"taxonomy":"category","embeddable":true,"href":"https:\/\/www.bellunopress.it\/fr\/wp-json\/wp\/v2\/categories?post=147266"},{"taxonomy":"post_tag","embeddable":true,"href":"https:\/\/www.bellunopress.it\/fr\/wp-json\/wp\/v2\/tags?post=147266"}],"curies":[{"name":"wp","href":"https:\/\/api.w.org\/{rel}","templated":true}]}}