{"id":14694,"date":"2010-04-25T17:51:18","date_gmt":"2010-04-25T16:51:18","guid":{"rendered":"http:\/\/www.bellunopress.it\/?p=14694"},"modified":"2010-04-25T17:51:18","modified_gmt":"2010-04-25T16:51:18","slug":"il-bavaglio-alla-stampa-sta-per-diventare-legge-la-protesta-dei-cronisti-veneti-mercoledi-a-venezia","status":"publish","type":"post","link":"https:\/\/www.bellunopress.it\/fr\/2010\/04\/25\/il-bavaglio-alla-stampa-sta-per-diventare-legge-la-protesta-dei-cronisti-veneti-mercoledi-a-venezia\/","title":{"rendered":"Il bavaglio alla stampa sta per diventare legge. La protesta dei cronisti veneti mercoled\u00ec a Venezia"},"content":{"rendered":"<p><a href=\"http:\/\/www.bellunopress.it\/wp-content\/uploads\/2009\/06\/bavaglio.jpg\"><img loading=\"lazy\" decoding=\"async\" class=\"alignleft size-medium wp-image-5542\" title=\"bavaglio\" src=\"http:\/\/www.bellunopress.it\/wp-content\/uploads\/2009\/06\/bavaglio.jpg\" alt=\"\" width=\"185\" height=\"220\" \/><\/a>Anche il Gruppo Cronisti Veneti Fnsi &#8211; Sindacato Giornalisti del Veneto aderisce alla protesta contro il Disegno di legge Alfano, oramai in dirittura d&#8217;arrivo. La norma che Gian Antonio Stella sul Corriere della Sera ha definito &#8220;disegno di legge per l&#8217;introduzione della censura&#8221;. La Federazione della Stampa ha indetto una manifestazione mercoled\u00ec 28 a Roma, ma non tutti possono parteciparvi. Per questo il Gruppo Cronisti Veneti, Sindacato Giornalisti del Veneto e Ordine Giornalisti del Veneto hanno deciso di organizzare una manifestazione regionale per quel giorno anche a Venezia, con inizio alle ore 10 a Rialto con volantinaggio davanti al Tribunale e al mercato. Il corteo si sposter\u00e0 poi a San Marco, vicino agli imbarcaderi e quindi il rientro veloce in terraferma. Per le 12 \u00e8 prevista la conclusione. Il disegno di legge non vieter\u00e0 solo la pubblicazione delle intercettazioni ma la pubblicazione &#8220;anche a guisa di notizia&#8221; di &#8220;ogni attivit\u00e0 d&#8217;indagine&#8221;, cio\u00e8 qualsiasi notizia che sia stata comunicata alla Procura: dall&#8217;incidente d&#8217;auto agli arresti, dall&#8217;invasione di campo di calcio ai dibattiti in Consiglio comunale che vedano notizie di reato.<br \/>\nIl campo delle notizie che verrebbero &#8220;silenziate&#8221; dall&#8217;attuale disegno di legge abbraccia quindi, oltre alla giudiziaria, anche i settori di nera, bianca e perfino lo sport. Per poter visionare l&#8217;analisi del disegno di legge Alfano al sito: <a href=\"http:\/\/www.cronistiveneti.org\">www.cronistiveneti.org<\/a><\/p>","protected":false},"excerpt":{"rendered":"<p>Anche il Gruppo Cronisti Veneti Fnsi &#8211; Sindacato Giornalisti del Veneto aderisce alla protesta contro il Disegno di legge Alfano, oramai in dirittura d&#8217;arrivo. La norma che Gian Antonio Stella sul Corriere della Sera ha definito &#8220;disegno di legge per l&#8217;introduzione della censura&#8221;. La Federazione della Stampa ha indetto una manifestazione mercoled\u00ec 28 a Roma, [&hellip;]<\/p>\n","protected":false},"author":2,"featured_media":0,"comment_status":"closed","ping_status":"open","sticky":false,"template":"","format":"standard","meta":{"footnotes":""},"categories":[5],"tags":[1343,1344,1345],"class_list":["post-14694","post","type-post","status-publish","format-standard","category-cronaca","tag-bavaglio-alla-stampa","tag-ddl-alfano","tag-la-protesta-dei-cronisti-veneti"],"yoast_head":"<!-- This site is optimized with the Yoast SEO plugin v28.4 - https:\/\/yoast.com\/product\/yoast-seo-wordpress\/ -->\n<title>Il bavaglio alla stampa sta per diventare legge. La protesta dei cronisti veneti mercoled\u00ec a Venezia - Bellunopress - Dolomiti<\/title>\n<meta name=\"robots\" content=\"index, follow, max-snippet:-1, max-image-preview:large, max-video-preview:-1\" \/>\n<link rel=\"canonical\" href=\"https:\/\/www.bellunopress.it\/fr\/2010\/04\/25\/il-bavaglio-alla-stampa-sta-per-diventare-legge-la-protesta-dei-cronisti-veneti-mercoledi-a-venezia\/\" \/>\n<meta property=\"og:locale\" content=\"fr_FR\" \/>\n<meta property=\"og:type\" content=\"article\" \/>\n<meta property=\"og:title\" content=\"Il bavaglio alla stampa sta per diventare legge. La protesta dei cronisti veneti mercoled\u00ec a Venezia - Bellunopress - Dolomiti\" \/>\n<meta property=\"og:description\" content=\"Anche il Gruppo Cronisti Veneti Fnsi &#8211; Sindacato Giornalisti del Veneto aderisce alla protesta contro il Disegno di legge Alfano, oramai in dirittura d&#8217;arrivo. La norma che Gian Antonio Stella sul Corriere della Sera ha definito &#8220;disegno di legge per l&#8217;introduzione della censura&#8221;. La Federazione della Stampa ha indetto una manifestazione mercoled\u00ec 28 a Roma, [&hellip;]\" \/>\n<meta property=\"og:url\" content=\"https:\/\/www.bellunopress.it\/fr\/2010\/04\/25\/il-bavaglio-alla-stampa-sta-per-diventare-legge-la-protesta-dei-cronisti-veneti-mercoledi-a-venezia\/\" \/>\n<meta property=\"og:site_name\" content=\"Bellunopress - Dolomiti\" \/>\n<meta property=\"article:publisher\" content=\"https:\/\/www.facebook.com\/profile.php?id=100008943462799\" \/>\n<meta property=\"article:published_time\" content=\"2010-04-25T16:51:18+00:00\" \/>\n<meta property=\"og:image\" content=\"http:\/\/www.bellunopress.it\/wp-content\/uploads\/2009\/06\/bavaglio.jpg\" \/>\n<meta name=\"author\" content=\"redazione\" \/>\n<meta name=\"twitter:card\" content=\"summary_large_image\" \/>\n<meta name=\"twitter:creator\" content=\"@bellunopress\" \/>\n<meta name=\"twitter:site\" content=\"@bellunopress\" \/>\n<meta name=\"twitter:label1\" content=\"\u00c9crit par\" \/>\n\t<meta name=\"twitter:data1\" content=\"redazione\" \/>\n\t<meta name=\"twitter:label2\" content=\"Dur\u00e9e de lecture estim\u00e9e\" \/>\n\t<meta name=\"twitter:data2\" content=\"1 minute\" \/>\n<script type=\"application\/ld+json\" class=\"yoast-schema-graph\">{\"@context\":\"https:\\\/\\\/schema.org\",\"@graph\":[{\"@type\":\"Article\",\"@id\":\"https:\\\/\\\/www.bellunopress.it\\\/2010\\\/04\\\/25\\\/il-bavaglio-alla-stampa-sta-per-diventare-legge-la-protesta-dei-cronisti-veneti-mercoledi-a-venezia\\\/#article\",\"isPartOf\":{\"@id\":\"https:\\\/\\\/www.bellunopress.it\\\/2010\\\/04\\\/25\\\/il-bavaglio-alla-stampa-sta-per-diventare-legge-la-protesta-dei-cronisti-veneti-mercoledi-a-venezia\\\/\"},\"author\":{\"name\":\"redazione\",\"@id\":\"https:\\\/\\\/www.bellunopress.it\\\/#\\\/schema\\\/person\\\/79bb06722b37ece1c03d3e94beb30d73\"},\"headline\":\"Il bavaglio alla stampa sta per diventare legge. La protesta dei cronisti veneti mercoled\u00ec a Venezia\",\"datePublished\":\"2010-04-25T16:51:18+00:00\",\"mainEntityOfPage\":{\"@id\":\"https:\\\/\\\/www.bellunopress.it\\\/2010\\\/04\\\/25\\\/il-bavaglio-alla-stampa-sta-per-diventare-legge-la-protesta-dei-cronisti-veneti-mercoledi-a-venezia\\\/\"},\"wordCount\":239,\"publisher\":{\"@id\":\"https:\\\/\\\/www.bellunopress.it\\\/#organization\"},\"image\":{\"@id\":\"https:\\\/\\\/www.bellunopress.it\\\/2010\\\/04\\\/25\\\/il-bavaglio-alla-stampa-sta-per-diventare-legge-la-protesta-dei-cronisti-veneti-mercoledi-a-venezia\\\/#primaryimage\"},\"thumbnailUrl\":\"http:\\\/\\\/www.bellunopress.it\\\/wp-content\\\/uploads\\\/2009\\\/06\\\/bavaglio.jpg\",\"keywords\":[\"bavaglio alla stampa\",\"ddl Alfano\",\"la protesta dei cronisti veneti\"],\"articleSection\":[\"Cronaca\\\/Politica\"],\"inLanguage\":\"fr-FR\"},{\"@type\":\"WebPage\",\"@id\":\"https:\\\/\\\/www.bellunopress.it\\\/2010\\\/04\\\/25\\\/il-bavaglio-alla-stampa-sta-per-diventare-legge-la-protesta-dei-cronisti-veneti-mercoledi-a-venezia\\\/\",\"url\":\"https:\\\/\\\/www.bellunopress.it\\\/2010\\\/04\\\/25\\\/il-bavaglio-alla-stampa-sta-per-diventare-legge-la-protesta-dei-cronisti-veneti-mercoledi-a-venezia\\\/\",\"name\":\"Il bavaglio alla stampa sta per diventare legge. La protesta dei cronisti veneti mercoled\u00ec a Venezia - Bellunopress - Dolomiti\",\"isPartOf\":{\"@id\":\"https:\\\/\\\/www.bellunopress.it\\\/#website\"},\"primaryImageOfPage\":{\"@id\":\"https:\\\/\\\/www.bellunopress.it\\\/2010\\\/04\\\/25\\\/il-bavaglio-alla-stampa-sta-per-diventare-legge-la-protesta-dei-cronisti-veneti-mercoledi-a-venezia\\\/#primaryimage\"},\"image\":{\"@id\":\"https:\\\/\\\/www.bellunopress.it\\\/2010\\\/04\\\/25\\\/il-bavaglio-alla-stampa-sta-per-diventare-legge-la-protesta-dei-cronisti-veneti-mercoledi-a-venezia\\\/#primaryimage\"},\"thumbnailUrl\":\"http:\\\/\\\/www.bellunopress.it\\\/wp-content\\\/uploads\\\/2009\\\/06\\\/bavaglio.jpg\",\"datePublished\":\"2010-04-25T16:51:18+00:00\",\"breadcrumb\":{\"@id\":\"https:\\\/\\\/www.bellunopress.it\\\/2010\\\/04\\\/25\\\/il-bavaglio-alla-stampa-sta-per-diventare-legge-la-protesta-dei-cronisti-veneti-mercoledi-a-venezia\\\/#breadcrumb\"},\"inLanguage\":\"fr-FR\",\"potentialAction\":[{\"@type\":\"ReadAction\",\"target\":[\"https:\\\/\\\/www.bellunopress.it\\\/2010\\\/04\\\/25\\\/il-bavaglio-alla-stampa-sta-per-diventare-legge-la-protesta-dei-cronisti-veneti-mercoledi-a-venezia\\\/\"]}]},{\"@type\":\"ImageObject\",\"inLanguage\":\"fr-FR\",\"@id\":\"https:\\\/\\\/www.bellunopress.it\\\/2010\\\/04\\\/25\\\/il-bavaglio-alla-stampa-sta-per-diventare-legge-la-protesta-dei-cronisti-veneti-mercoledi-a-venezia\\\/#primaryimage\",\"url\":\"http:\\\/\\\/www.bellunopress.it\\\/wp-content\\\/uploads\\\/2009\\\/06\\\/bavaglio.jpg\",\"contentUrl\":\"http:\\\/\\\/www.bellunopress.it\\\/wp-content\\\/uploads\\\/2009\\\/06\\\/bavaglio.jpg\"},{\"@type\":\"BreadcrumbList\",\"@id\":\"https:\\\/\\\/www.bellunopress.it\\\/2010\\\/04\\\/25\\\/il-bavaglio-alla-stampa-sta-per-diventare-legge-la-protesta-dei-cronisti-veneti-mercoledi-a-venezia\\\/#breadcrumb\",\"itemListElement\":[{\"@type\":\"ListItem\",\"position\":1,\"name\":\"Home\",\"item\":\"https:\\\/\\\/www.bellunopress.it\\\/\"},{\"@type\":\"ListItem\",\"position\":2,\"name\":\"Il bavaglio alla stampa sta per diventare legge. La protesta dei cronisti veneti mercoled\u00ec a Venezia\"}]},{\"@type\":\"WebSite\",\"@id\":\"https:\\\/\\\/www.bellunopress.it\\\/#website\",\"url\":\"https:\\\/\\\/www.bellunopress.it\\\/\",\"name\":\"Bellunopress - Dolomiti\",\"description\":\"e-mail: redazione@bellunopress.it\",\"publisher\":{\"@id\":\"https:\\\/\\\/www.bellunopress.it\\\/#organization\"},\"potentialAction\":[{\"@type\":\"SearchAction\",\"target\":{\"@type\":\"EntryPoint\",\"urlTemplate\":\"https:\\\/\\\/www.bellunopress.it\\\/?s={search_term_string}\"},\"query-input\":{\"@type\":\"PropertyValueSpecification\",\"valueRequired\":true,\"valueName\":\"search_term_string\"}}],\"inLanguage\":\"fr-FR\"},{\"@type\":\"Organization\",\"@id\":\"https:\\\/\\\/www.bellunopress.it\\\/#organization\",\"name\":\"Bellunopress\",\"url\":\"https:\\\/\\\/www.bellunopress.it\\\/\",\"logo\":{\"@type\":\"ImageObject\",\"inLanguage\":\"fr-FR\",\"@id\":\"https:\\\/\\\/www.bellunopress.it\\\/#\\\/schema\\\/logo\\\/image\\\/\",\"url\":\"https:\\\/\\\/www.bellunopress.it\\\/wp-content\\\/uploads\\\/2011\\\/05\\\/cropped-logo-bellunopress-.jpg\",\"contentUrl\":\"https:\\\/\\\/www.bellunopress.it\\\/wp-content\\\/uploads\\\/2011\\\/05\\\/cropped-logo-bellunopress-.jpg\",\"width\":512,\"height\":512,\"caption\":\"Bellunopress\"},\"image\":{\"@id\":\"https:\\\/\\\/www.bellunopress.it\\\/#\\\/schema\\\/logo\\\/image\\\/\"},\"sameAs\":[\"https:\\\/\\\/www.facebook.com\\\/profile.php?id=100008943462799\",\"https:\\\/\\\/x.com\\\/bellunopress\",\"https:\\\/\\\/www.linkedin.com\\\/hp\\\/?dnr=JBzUWaJfMUw8vbXJJ2tVW5-I3jZKvC4wsoxE&amp;amp;amp;amp;amp;amp;trk=nav_responsive_tab_home\",\"https:\\\/\\\/www.youtube.com\\\/channel\\\/UCxL0wu1uN0_3_7hGG0306cw\"]},{\"@type\":\"Person\",\"@id\":\"https:\\\/\\\/www.bellunopress.it\\\/#\\\/schema\\\/person\\\/79bb06722b37ece1c03d3e94beb30d73\",\"name\":\"redazione\",\"image\":{\"@type\":\"ImageObject\",\"inLanguage\":\"fr-FR\",\"@id\":\"https:\\\/\\\/secure.gravatar.com\\\/avatar\\\/37d968a2e67a6fd04c169c4bdef102d0bc5d31b2546345219e348575eb80e9a0?s=96&d=mm&r=g\",\"url\":\"https:\\\/\\\/secure.gravatar.com\\\/avatar\\\/37d968a2e67a6fd04c169c4bdef102d0bc5d31b2546345219e348575eb80e9a0?s=96&d=mm&r=g\",\"contentUrl\":\"https:\\\/\\\/secure.gravatar.com\\\/avatar\\\/37d968a2e67a6fd04c169c4bdef102d0bc5d31b2546345219e348575eb80e9a0?s=96&d=mm&r=g\",\"caption\":\"redazione\"},\"sameAs\":[\"http:\\\/\\\/www.bellunopress.it\",\"https:\\\/\\\/x.com\\\/bellunopress\"],\"url\":\"https:\\\/\\\/www.bellunopress.it\\\/fr\\\/author\\\/redazione\\\/\"}]}<\/script>\n<!-- \/ Yoast SEO plugin. -->","yoast_head_json":{"title":"Il bavaglio alla stampa sta per diventare legge. La protesta dei cronisti veneti mercoled\u00ec a Venezia - Bellunopress - Dolomiti","robots":{"index":"index","follow":"follow","max-snippet":"max-snippet:-1","max-image-preview":"max-image-preview:large","max-video-preview":"max-video-preview:-1"},"canonical":"https:\/\/www.bellunopress.it\/fr\/2010\/04\/25\/il-bavaglio-alla-stampa-sta-per-diventare-legge-la-protesta-dei-cronisti-veneti-mercoledi-a-venezia\/","og_locale":"fr_FR","og_type":"article","og_title":"Il bavaglio alla stampa sta per diventare legge. La protesta dei cronisti veneti mercoled\u00ec a Venezia - Bellunopress - Dolomiti","og_description":"Anche il Gruppo Cronisti Veneti Fnsi &#8211; Sindacato Giornalisti del Veneto aderisce alla protesta contro il Disegno di legge Alfano, oramai in dirittura d&#8217;arrivo. La norma che Gian Antonio Stella sul Corriere della Sera ha definito &#8220;disegno di legge per l&#8217;introduzione della censura&#8221;. La Federazione della Stampa ha indetto una manifestazione mercoled\u00ec 28 a Roma, [&hellip;]","og_url":"https:\/\/www.bellunopress.it\/fr\/2010\/04\/25\/il-bavaglio-alla-stampa-sta-per-diventare-legge-la-protesta-dei-cronisti-veneti-mercoledi-a-venezia\/","og_site_name":"Bellunopress - Dolomiti","article_publisher":"https:\/\/www.facebook.com\/profile.php?id=100008943462799","article_published_time":"2010-04-25T16:51:18+00:00","og_image":[{"url":"http:\/\/www.bellunopress.it\/wp-content\/uploads\/2009\/06\/bavaglio.jpg","type":"","width":"","height":""}],"author":"redazione","twitter_card":"summary_large_image","twitter_creator":"@bellunopress","twitter_site":"@bellunopress","twitter_misc":{"\u00c9crit par":"redazione","Dur\u00e9e de lecture estim\u00e9e":"1 minute"},"schema":{"@context":"https:\/\/schema.org","@graph":[{"@type":"Article","@id":"https:\/\/www.bellunopress.it\/2010\/04\/25\/il-bavaglio-alla-stampa-sta-per-diventare-legge-la-protesta-dei-cronisti-veneti-mercoledi-a-venezia\/#article","isPartOf":{"@id":"https:\/\/www.bellunopress.it\/2010\/04\/25\/il-bavaglio-alla-stampa-sta-per-diventare-legge-la-protesta-dei-cronisti-veneti-mercoledi-a-venezia\/"},"author":{"name":"redazione","@id":"https:\/\/www.bellunopress.it\/#\/schema\/person\/79bb06722b37ece1c03d3e94beb30d73"},"headline":"Il bavaglio alla stampa sta per diventare legge. La protesta dei cronisti veneti mercoled\u00ec a Venezia","datePublished":"2010-04-25T16:51:18+00:00","mainEntityOfPage":{"@id":"https:\/\/www.bellunopress.it\/2010\/04\/25\/il-bavaglio-alla-stampa-sta-per-diventare-legge-la-protesta-dei-cronisti-veneti-mercoledi-a-venezia\/"},"wordCount":239,"publisher":{"@id":"https:\/\/www.bellunopress.it\/#organization"},"image":{"@id":"https:\/\/www.bellunopress.it\/2010\/04\/25\/il-bavaglio-alla-stampa-sta-per-diventare-legge-la-protesta-dei-cronisti-veneti-mercoledi-a-venezia\/#primaryimage"},"thumbnailUrl":"http:\/\/www.bellunopress.it\/wp-content\/uploads\/2009\/06\/bavaglio.jpg","keywords":["bavaglio alla stampa","ddl Alfano","la protesta dei cronisti veneti"],"articleSection":["Cronaca\/Politica"],"inLanguage":"fr-FR"},{"@type":"WebPage","@id":"https:\/\/www.bellunopress.it\/2010\/04\/25\/il-bavaglio-alla-stampa-sta-per-diventare-legge-la-protesta-dei-cronisti-veneti-mercoledi-a-venezia\/","url":"https:\/\/www.bellunopress.it\/2010\/04\/25\/il-bavaglio-alla-stampa-sta-per-diventare-legge-la-protesta-dei-cronisti-veneti-mercoledi-a-venezia\/","name":"Il bavaglio alla stampa sta per diventare legge. La protesta dei cronisti veneti mercoled\u00ec a Venezia - Bellunopress - Dolomiti","isPartOf":{"@id":"https:\/\/www.bellunopress.it\/#website"},"primaryImageOfPage":{"@id":"https:\/\/www.bellunopress.it\/2010\/04\/25\/il-bavaglio-alla-stampa-sta-per-diventare-legge-la-protesta-dei-cronisti-veneti-mercoledi-a-venezia\/#primaryimage"},"image":{"@id":"https:\/\/www.bellunopress.it\/2010\/04\/25\/il-bavaglio-alla-stampa-sta-per-diventare-legge-la-protesta-dei-cronisti-veneti-mercoledi-a-venezia\/#primaryimage"},"thumbnailUrl":"http:\/\/www.bellunopress.it\/wp-content\/uploads\/2009\/06\/bavaglio.jpg","datePublished":"2010-04-25T16:51:18+00:00","breadcrumb":{"@id":"https:\/\/www.bellunopress.it\/2010\/04\/25\/il-bavaglio-alla-stampa-sta-per-diventare-legge-la-protesta-dei-cronisti-veneti-mercoledi-a-venezia\/#breadcrumb"},"inLanguage":"fr-FR","potentialAction":[{"@type":"ReadAction","target":["https:\/\/www.bellunopress.it\/2010\/04\/25\/il-bavaglio-alla-stampa-sta-per-diventare-legge-la-protesta-dei-cronisti-veneti-mercoledi-a-venezia\/"]}]},{"@type":"ImageObject","inLanguage":"fr-FR","@id":"https:\/\/www.bellunopress.it\/2010\/04\/25\/il-bavaglio-alla-stampa-sta-per-diventare-legge-la-protesta-dei-cronisti-veneti-mercoledi-a-venezia\/#primaryimage","url":"http:\/\/www.bellunopress.it\/wp-content\/uploads\/2009\/06\/bavaglio.jpg","contentUrl":"http:\/\/www.bellunopress.it\/wp-content\/uploads\/2009\/06\/bavaglio.jpg"},{"@type":"BreadcrumbList","@id":"https:\/\/www.bellunopress.it\/2010\/04\/25\/il-bavaglio-alla-stampa-sta-per-diventare-legge-la-protesta-dei-cronisti-veneti-mercoledi-a-venezia\/#breadcrumb","itemListElement":[{"@type":"ListItem","position":1,"name":"Home","item":"https:\/\/www.bellunopress.it\/"},{"@type":"ListItem","position":2,"name":"Il bavaglio alla stampa sta per diventare legge. La protesta dei cronisti veneti mercoled\u00ec a Venezia"}]},{"@type":"WebSite","@id":"https:\/\/www.bellunopress.it\/#website","url":"https:\/\/www.bellunopress.it\/","name":"Bellunopress - Dolomiti","description":"e-mail: redazione@bellunopress.it","publisher":{"@id":"https:\/\/www.bellunopress.it\/#organization"},"potentialAction":[{"@type":"SearchAction","target":{"@type":"EntryPoint","urlTemplate":"https:\/\/www.bellunopress.it\/?s={search_term_string}"},"query-input":{"@type":"PropertyValueSpecification","valueRequired":true,"valueName":"search_term_string"}}],"inLanguage":"fr-FR"},{"@type":"Organization","@id":"https:\/\/www.bellunopress.it\/#organization","name":"Bellunopress","url":"https:\/\/www.bellunopress.it\/","logo":{"@type":"ImageObject","inLanguage":"fr-FR","@id":"https:\/\/www.bellunopress.it\/#\/schema\/logo\/image\/","url":"https:\/\/www.bellunopress.it\/wp-content\/uploads\/2011\/05\/cropped-logo-bellunopress-.jpg","contentUrl":"https:\/\/www.bellunopress.it\/wp-content\/uploads\/2011\/05\/cropped-logo-bellunopress-.jpg","width":512,"height":512,"caption":"Bellunopress"},"image":{"@id":"https:\/\/www.bellunopress.it\/#\/schema\/logo\/image\/"},"sameAs":["https:\/\/www.facebook.com\/profile.php?id=100008943462799","https:\/\/x.com\/bellunopress","https:\/\/www.linkedin.com\/hp\/?dnr=JBzUWaJfMUw8vbXJJ2tVW5-I3jZKvC4wsoxE&amp;amp;amp;amp;amp;amp;trk=nav_responsive_tab_home","https:\/\/www.youtube.com\/channel\/UCxL0wu1uN0_3_7hGG0306cw"]},{"@type":"Person","@id":"https:\/\/www.bellunopress.it\/#\/schema\/person\/79bb06722b37ece1c03d3e94beb30d73","name":"r\u00e9daction","image":{"@type":"ImageObject","inLanguage":"fr-FR","@id":"https:\/\/secure.gravatar.com\/avatar\/37d968a2e67a6fd04c169c4bdef102d0bc5d31b2546345219e348575eb80e9a0?s=96&d=mm&r=g","url":"https:\/\/secure.gravatar.com\/avatar\/37d968a2e67a6fd04c169c4bdef102d0bc5d31b2546345219e348575eb80e9a0?s=96&d=mm&r=g","contentUrl":"https:\/\/secure.gravatar.com\/avatar\/37d968a2e67a6fd04c169c4bdef102d0bc5d31b2546345219e348575eb80e9a0?s=96&d=mm&r=g","caption":"redazione"},"sameAs":["http:\/\/www.bellunopress.it","https:\/\/x.com\/bellunopress"],"url":"https:\/\/www.bellunopress.it\/fr\/author\/redazione\/"}]}},"_links":{"self":[{"href":"https:\/\/www.bellunopress.it\/fr\/wp-json\/wp\/v2\/posts\/14694","targetHints":{"allow":["GET"]}}],"collection":[{"href":"https:\/\/www.bellunopress.it\/fr\/wp-json\/wp\/v2\/posts"}],"about":[{"href":"https:\/\/www.bellunopress.it\/fr\/wp-json\/wp\/v2\/types\/post"}],"author":[{"embeddable":true,"href":"https:\/\/www.bellunopress.it\/fr\/wp-json\/wp\/v2\/users\/2"}],"replies":[{"embeddable":true,"href":"https:\/\/www.bellunopress.it\/fr\/wp-json\/wp\/v2\/comments?post=14694"}],"version-history":[{"count":1,"href":"https:\/\/www.bellunopress.it\/fr\/wp-json\/wp\/v2\/posts\/14694\/revisions"}],"predecessor-version":[{"id":14695,"href":"https:\/\/www.bellunopress.it\/fr\/wp-json\/wp\/v2\/posts\/14694\/revisions\/14695"}],"wp:attachment":[{"href":"https:\/\/www.bellunopress.it\/fr\/wp-json\/wp\/v2\/media?parent=14694"}],"wp:term":[{"taxonomy":"category","embeddable":true,"href":"https:\/\/www.bellunopress.it\/fr\/wp-json\/wp\/v2\/categories?post=14694"},{"taxonomy":"post_tag","embeddable":true,"href":"https:\/\/www.bellunopress.it\/fr\/wp-json\/wp\/v2\/tags?post=14694"}],"curies":[{"name":"wp","href":"https:\/\/api.w.org\/{rel}","templated":true}]}}