{"id":146892,"date":"2023-12-17T16:07:32","date_gmt":"2023-12-17T15:07:32","guid":{"rendered":"https:\/\/www.bellunopress.it\/?p=146892"},"modified":"2023-12-17T16:07:32","modified_gmt":"2023-12-17T15:07:32","slug":"80-anni-dalla-carta-di-chivasso-lunedi-il-convegno-sulle-autonomie","status":"publish","type":"post","link":"https:\/\/www.bellunopress.it\/fr\/2023\/12\/17\/80-anni-dalla-carta-di-chivasso-lunedi-il-convegno-sulle-autonomie\/","title":{"rendered":"80 anni dalla Carta di Chivasso. Luned\u00ec il convegno sulle autonomie"},"content":{"rendered":"<p><img loading=\"lazy\" decoding=\"async\" class=\"alignleft size-full wp-image-129991\" src=\"https:\/\/www.bellunopress.it\/wp-content\/uploads\/2021\/12\/Uncem.jpg\" alt=\"\" width=\"890\" height=\"500\" srcset=\"https:\/\/www.bellunopress.it\/wp-content\/uploads\/2021\/12\/Uncem.jpg 890w, https:\/\/www.bellunopress.it\/wp-content\/uploads\/2021\/12\/Uncem-500x281.jpg 500w, https:\/\/www.bellunopress.it\/wp-content\/uploads\/2021\/12\/Uncem-696x391.jpg 696w, https:\/\/www.bellunopress.it\/wp-content\/uploads\/2021\/12\/Uncem-748x420.jpg 748w\" sizes=\"auto, (max-width: 890px) 100vw, 890px\" \/>UNCEM, Citt\u00e0 di Chivasso, Regione Piemonte, Movimento Federalista Europeo promuovono il 18 dicembre a Chivasso un incontro pubblico &#8211; nell&#8217;anniversario della Carta di Chivasso | 1943-2023 &#8211; su &#8220;Enti locali, territori, Montagna per le trasformazioni del tessuto istituzionale&#8221;, all&#8217;interno di un importante ciclo di appuntamenti sulla Carta.<\/p>\n<p>Ecco il testo della Carta:<\/p>\n<p>Noi, popolazioni delle Vallate Alpine,<\/p>\n<p>CONSTATANDO<\/p>\n<p>che i venti anni di malgoverno livellatore e accentratore sintetizzati dal motto brutale e fanfarone di \u00abRoma Doma\u00bb, hanno avuto per le nostre Valli i seguenti dolorosi e significativi risultati:<\/p>\n<p>OPPRESSIONE POLITICA, attraverso l&#8217;opera dei suoi agenti politici e amministrativi (militi, commissari, prefetti, federali, insegnanti), piccoli despoti incuranti e ignoranti di ogni tradizione locale, di cui furono solerti distruttori;<br \/>\nROVINA ECONOMICA, per la dilapidazione dei loro patrimoni forestali e agricoli, per l&#8217;interdizione dell&#8217;emigrazione con la chiusura ermetica delle frontiere, per l&#8217;effettiva mancanza di organizzazione tecnica e finanziaria dell&#8217;agricoltura, mascherata dal vuoto sfoggio di assistenze centrali, per l&#8217;incapacit\u00e0 di una moderna organizzazione turistica rispettosa dei luoghi, condizioni tutte che determinarono lo spopolamento alpino;<br \/>\nDISTRUZIONE DELLA CULTURA LOCALE, per la soppressione della lingua fondamentale del luogo, l\u00e0 dove esiste, la brutale e goffa trasformazione in italiano dei nomi e delle iscrizioni locali, la chiusura di scuole e di istituti autonomi, patrimonio culturale che \u00e8 anche una ricchezza ai fini della migrazione temporanea all&#8217;estero.<\/p>\n<p>AFFERMANDO<\/p>\n<p>che la libert\u00e0 di lingua, come quella di culto, \u00e8 condizione essenziale per la salvaguardia della personalit\u00e0 umana;<br \/>\nche il federalismo \u00e8 il quadro pi\u00f9 adatto a fornire le garanzie di questo diritto individuale e collettivo e rappresenta la soluzione dei problemi delle piccole nazionalit\u00e0 e minori gruppi etnici, e la definitiva liquidazione del fenomeno storico degli irredentismi, garantendo nel futuro assetto europeo l&#8217;avvento di una pace stabile e duratura;<br \/>\nche un regime repubblicano democratico a base regionale e cantonale \u00e8 l&#8217;unica garanzia contro un ritorno della dittatura, la quale trov\u00f2 nello Stato monarchico accentrato italiano lo strumento, gi\u00e0 pronto, per il proprio predominio sul paese;<br \/>\nche in tale regime democratico-federale i ceti dei lavoratori devono vedere sicuramente salvaguardati i loro diritti con le opportune autonomie operaie aziendali in modo da impedire ogni ritorno capitalistico; fedeli allo spirito migliore del Risorgimento.<\/p>\n<p>DICHIARIAMO quanto segue.<\/p>\n<p>AUTONOMIE POLITICO-AMMINlSTRATIVE:<br \/>\nNel quadro generale del prossimo Stato italiano, che, economicamente e amministrativamente auspichiamo sia organizzato con criteri federalistici e che politicamente vogliamo basato sui principi democratici, alle Vallate Alpine dovr\u00e0 essere riconosciuto il diritto di costituirsi in Comunit\u00e0 politico-amministrative autonome sul tipo cantonale.<br \/>\nCome tali, a esse avranno comunque assicurato, quale che sia la loro entit\u00e0 numerica, almeno un posto nelle Assemblee legislative regionali e nazionali.<br \/>\nL&#8217;esercizio delle funzioni politiche e amministrative locali, comunali e cantonali, dovr\u00e0 essere affidato a elementi originari del luogo o aventi ivi una residenza stabile di un determinato numero di anni che verr\u00e0 fissato dalle assemblee locali.<\/p>\n<p>AUTONOMIE CULTURALI E SCOLASTICHE:<br \/>\nPer la loro posizione geografica di intermediarie fra diverse culture, per il rispetto delle loro tradizioni e della loro personalit\u00e0 etnica, e per i vantaggi derivanti dalla conoscenza di diverse lingue, nelle Valli Alpine dovr\u00e0 essere pienamente rispettata e garantita una particolare autonomia culturale e linguistica consistente nel:<\/p>\n<p>Diritto di usare la lingua locale, l\u00e0 dove esiste, accanto a quella italiana in tutti gli atti pubblici e nella stampa locale.<br \/>\nDiritto all&#8217;insegnamento della lingua locale nelle scuole di ogni ordine e grado con le necessarie garanzie ai concorsi perch\u00e9 gli insegnanti risultino idonei a tale insegnamento. L&#8217;insegnamento in genere sar\u00e0 sottoposto al controllo e alla direzione di un consiglio locale.<br \/>\nRipristino immediato di tutti i nomi locali.<\/p>\n<p>AUTONOMIE ECONOMICHE:<br \/>\nPer facilitare lo sviluppo dell&#8217;economia montana e conseguentemente combattere lo spopolamento delle Vallate Alpine, sono necessari:<\/p>\n<p>Un comprensivo sistema di tassazione delle industrie che si trovano nei cantoni alpini (idroelettriche, minerarie, turistiche e di trasformazione ecc.), in modo che una parte dei loro utili torni alle Vallate Alpine e ci\u00f2 indipendentemente dal fatto che queste industrie siano o meno collettivizzate.<\/p>\n<p>Un sistema di equa riduzione dei tributi variabile da zona a zona a seconda della ricchezza del terreno e della prevalenza di agricoltura, foresta o pastorizia.<\/p>\n<p>Una razionale e sostanziale riforma agraria comprendente:<br \/>\nl&#8217;unificazione della propriet\u00e0 familiare agraria, oggi troppo frammentaria, allo scopo di ottenere un miglior rendimento delle aziende, mediante scambi e compensi di terreni e mediante una legislazione adeguata;<\/p>\n<p>l&#8217;assistenza tecnico-agricola esercitata da elementi residenti sul luogo e aventi, a esempio, delle mansioni di insegnamento nelle scuole locali, di cui alcune potranno avere carattere agrario;<\/p>\n<p>il potenziamento da parte dell&#8217;autorit\u00e0 locale della vita economica mediante libere cooperative di produzione e consumo.<\/p>\n<p>Il potenziamento dell&#8217;industria che conduce alla formazione di un ceto operaio evoluto e capace. A questo scopo si potranno anche affidare, ove occorra, all&#8217;amministrazione regionale o cantonale, anche in caso di organizzazione collettivistica, dell&#8217;artigianato, il controllo o l&#8217;amministrazione delle aziende aventi carattere locale.<\/p>\n<p>La dipendenza delle opere pubbliche locali dall&#8217;amministrazione cantonale e il controllo di quest&#8217;ultima su tutti i servizi e concessioni aventi carattere pubblico.<\/p>\n<p>Questi principi, noi rappresentanti delle Valli Alpine, vogliamo vedere affermati da parte del nuovo Stato italiano, cos\u00ec come vogliamo che siano affermati anche nei confronti di quegli italiani che sono o potrebbero venire a trovarsi sotto dominio politico straniero, e li proclamiamo oggi con la sicura coscienza di servire cos\u00ec gli interessi e le aspirazioni di tutti coloro che, come noi, credono negli ideali di libert\u00e0 e di giustizia.<\/p>\n<p>Chivasso, 19 dicembre 1943<\/p>\n<p>&nbsp;<\/p>\n<p>&nbsp;<\/p>","protected":false},"excerpt":{"rendered":"<p>UNCEM, Citt\u00e0 di Chivasso, Regione Piemonte, Movimento Federalista Europeo promuovono il 18 dicembre a Chivasso un incontro pubblico &#8211; nell&#8217;anniversario della Carta di Chivasso | 1943-2023 &#8211; su &#8220;Enti locali, territori, Montagna per le trasformazioni del tessuto istituzionale&#8221;, all&#8217;interno di un importante ciclo di appuntamenti sulla Carta. Ecco il testo della Carta: Noi, popolazioni delle [&hellip;]<\/p>\n","protected":false},"author":2,"featured_media":129991,"comment_status":"closed","ping_status":"open","sticky":false,"template":"","format":"standard","meta":{"footnotes":""},"categories":[5,26],"tags":[],"class_list":["post-146892","post","type-post","status-publish","format-standard","has-post-thumbnail","category-cronaca","category-prima-pagina"],"yoast_head":"<!-- This site is optimized with the Yoast SEO plugin v28.4 - https:\/\/yoast.com\/product\/yoast-seo-wordpress\/ -->\n<title>80 anni dalla Carta di Chivasso. Luned\u00ec il convegno sulle autonomie - Bellunopress - Dolomiti<\/title>\n<meta name=\"robots\" content=\"index, follow, max-snippet:-1, max-image-preview:large, max-video-preview:-1\" \/>\n<link rel=\"canonical\" href=\"https:\/\/www.bellunopress.it\/fr\/2023\/12\/17\/80-anni-dalla-carta-di-chivasso-lunedi-il-convegno-sulle-autonomie\/\" \/>\n<meta property=\"og:locale\" content=\"fr_FR\" \/>\n<meta property=\"og:type\" content=\"article\" \/>\n<meta property=\"og:title\" content=\"80 anni dalla Carta di Chivasso. Luned\u00ec il convegno sulle autonomie - Bellunopress - Dolomiti\" \/>\n<meta property=\"og:description\" content=\"UNCEM, Citt\u00e0 di Chivasso, Regione Piemonte, Movimento Federalista Europeo promuovono il 18 dicembre a Chivasso un incontro pubblico &#8211; nell&#8217;anniversario della Carta di Chivasso | 1943-2023 &#8211; su &#8220;Enti locali, territori, Montagna per le trasformazioni del tessuto istituzionale&#8221;, all&#8217;interno di un importante ciclo di appuntamenti sulla Carta. Ecco il testo della Carta: Noi, popolazioni delle [&hellip;]\" \/>\n<meta property=\"og:url\" content=\"https:\/\/www.bellunopress.it\/fr\/2023\/12\/17\/80-anni-dalla-carta-di-chivasso-lunedi-il-convegno-sulle-autonomie\/\" \/>\n<meta property=\"og:site_name\" content=\"Bellunopress - Dolomiti\" \/>\n<meta property=\"article:publisher\" content=\"https:\/\/www.facebook.com\/profile.php?id=100008943462799\" \/>\n<meta property=\"article:published_time\" content=\"2023-12-17T15:07:32+00:00\" \/>\n<meta property=\"og:image\" content=\"https:\/\/www.bellunopress.it\/wp-content\/uploads\/2021\/12\/Uncem.jpg\" \/>\n\t<meta property=\"og:image:width\" content=\"890\" \/>\n\t<meta property=\"og:image:height\" content=\"500\" \/>\n\t<meta property=\"og:image:type\" content=\"image\/jpeg\" \/>\n<meta name=\"author\" content=\"redazione\" \/>\n<meta name=\"twitter:card\" content=\"summary_large_image\" \/>\n<meta name=\"twitter:creator\" content=\"@bellunopress\" \/>\n<meta name=\"twitter:site\" content=\"@bellunopress\" \/>\n<meta name=\"twitter:label1\" content=\"\u00c9crit par\" \/>\n\t<meta name=\"twitter:data1\" content=\"redazione\" \/>\n\t<meta name=\"twitter:label2\" content=\"Dur\u00e9e de lecture estim\u00e9e\" \/>\n\t<meta name=\"twitter:data2\" content=\"4 minutes\" \/>\n<script type=\"application\/ld+json\" class=\"yoast-schema-graph\">{\"@context\":\"https:\\\/\\\/schema.org\",\"@graph\":[{\"@type\":\"Article\",\"@id\":\"https:\\\/\\\/www.bellunopress.it\\\/2023\\\/12\\\/17\\\/80-anni-dalla-carta-di-chivasso-lunedi-il-convegno-sulle-autonomie\\\/#article\",\"isPartOf\":{\"@id\":\"https:\\\/\\\/www.bellunopress.it\\\/2023\\\/12\\\/17\\\/80-anni-dalla-carta-di-chivasso-lunedi-il-convegno-sulle-autonomie\\\/\"},\"author\":{\"name\":\"redazione\",\"@id\":\"https:\\\/\\\/www.bellunopress.it\\\/#\\\/schema\\\/person\\\/79bb06722b37ece1c03d3e94beb30d73\"},\"headline\":\"80 anni dalla Carta di Chivasso. Luned\u00ec il convegno sulle autonomie\",\"datePublished\":\"2023-12-17T15:07:32+00:00\",\"mainEntityOfPage\":{\"@id\":\"https:\\\/\\\/www.bellunopress.it\\\/2023\\\/12\\\/17\\\/80-anni-dalla-carta-di-chivasso-lunedi-il-convegno-sulle-autonomie\\\/\"},\"wordCount\":919,\"publisher\":{\"@id\":\"https:\\\/\\\/www.bellunopress.it\\\/#organization\"},\"image\":{\"@id\":\"https:\\\/\\\/www.bellunopress.it\\\/2023\\\/12\\\/17\\\/80-anni-dalla-carta-di-chivasso-lunedi-il-convegno-sulle-autonomie\\\/#primaryimage\"},\"thumbnailUrl\":\"https:\\\/\\\/www.bellunopress.it\\\/wp-content\\\/uploads\\\/2021\\\/12\\\/Uncem.jpg\",\"articleSection\":[\"Cronaca\\\/Politica\",\"Prima Pagina\"],\"inLanguage\":\"fr-FR\"},{\"@type\":\"WebPage\",\"@id\":\"https:\\\/\\\/www.bellunopress.it\\\/2023\\\/12\\\/17\\\/80-anni-dalla-carta-di-chivasso-lunedi-il-convegno-sulle-autonomie\\\/\",\"url\":\"https:\\\/\\\/www.bellunopress.it\\\/2023\\\/12\\\/17\\\/80-anni-dalla-carta-di-chivasso-lunedi-il-convegno-sulle-autonomie\\\/\",\"name\":\"80 anni dalla Carta di Chivasso. Luned\u00ec il convegno sulle autonomie - Bellunopress - Dolomiti\",\"isPartOf\":{\"@id\":\"https:\\\/\\\/www.bellunopress.it\\\/#website\"},\"primaryImageOfPage\":{\"@id\":\"https:\\\/\\\/www.bellunopress.it\\\/2023\\\/12\\\/17\\\/80-anni-dalla-carta-di-chivasso-lunedi-il-convegno-sulle-autonomie\\\/#primaryimage\"},\"image\":{\"@id\":\"https:\\\/\\\/www.bellunopress.it\\\/2023\\\/12\\\/17\\\/80-anni-dalla-carta-di-chivasso-lunedi-il-convegno-sulle-autonomie\\\/#primaryimage\"},\"thumbnailUrl\":\"https:\\\/\\\/www.bellunopress.it\\\/wp-content\\\/uploads\\\/2021\\\/12\\\/Uncem.jpg\",\"datePublished\":\"2023-12-17T15:07:32+00:00\",\"breadcrumb\":{\"@id\":\"https:\\\/\\\/www.bellunopress.it\\\/2023\\\/12\\\/17\\\/80-anni-dalla-carta-di-chivasso-lunedi-il-convegno-sulle-autonomie\\\/#breadcrumb\"},\"inLanguage\":\"fr-FR\",\"potentialAction\":[{\"@type\":\"ReadAction\",\"target\":[\"https:\\\/\\\/www.bellunopress.it\\\/2023\\\/12\\\/17\\\/80-anni-dalla-carta-di-chivasso-lunedi-il-convegno-sulle-autonomie\\\/\"]}]},{\"@type\":\"ImageObject\",\"inLanguage\":\"fr-FR\",\"@id\":\"https:\\\/\\\/www.bellunopress.it\\\/2023\\\/12\\\/17\\\/80-anni-dalla-carta-di-chivasso-lunedi-il-convegno-sulle-autonomie\\\/#primaryimage\",\"url\":\"https:\\\/\\\/www.bellunopress.it\\\/wp-content\\\/uploads\\\/2021\\\/12\\\/Uncem.jpg\",\"contentUrl\":\"https:\\\/\\\/www.bellunopress.it\\\/wp-content\\\/uploads\\\/2021\\\/12\\\/Uncem.jpg\",\"width\":890,\"height\":500},{\"@type\":\"BreadcrumbList\",\"@id\":\"https:\\\/\\\/www.bellunopress.it\\\/2023\\\/12\\\/17\\\/80-anni-dalla-carta-di-chivasso-lunedi-il-convegno-sulle-autonomie\\\/#breadcrumb\",\"itemListElement\":[{\"@type\":\"ListItem\",\"position\":1,\"name\":\"Home\",\"item\":\"https:\\\/\\\/www.bellunopress.it\\\/\"},{\"@type\":\"ListItem\",\"position\":2,\"name\":\"80 anni dalla Carta di Chivasso. Luned\u00ec il convegno sulle autonomie\"}]},{\"@type\":\"WebSite\",\"@id\":\"https:\\\/\\\/www.bellunopress.it\\\/#website\",\"url\":\"https:\\\/\\\/www.bellunopress.it\\\/\",\"name\":\"Bellunopress - Dolomiti\",\"description\":\"e-mail: redazione@bellunopress.it\",\"publisher\":{\"@id\":\"https:\\\/\\\/www.bellunopress.it\\\/#organization\"},\"potentialAction\":[{\"@type\":\"SearchAction\",\"target\":{\"@type\":\"EntryPoint\",\"urlTemplate\":\"https:\\\/\\\/www.bellunopress.it\\\/?s={search_term_string}\"},\"query-input\":{\"@type\":\"PropertyValueSpecification\",\"valueRequired\":true,\"valueName\":\"search_term_string\"}}],\"inLanguage\":\"fr-FR\"},{\"@type\":\"Organization\",\"@id\":\"https:\\\/\\\/www.bellunopress.it\\\/#organization\",\"name\":\"Bellunopress\",\"url\":\"https:\\\/\\\/www.bellunopress.it\\\/\",\"logo\":{\"@type\":\"ImageObject\",\"inLanguage\":\"fr-FR\",\"@id\":\"https:\\\/\\\/www.bellunopress.it\\\/#\\\/schema\\\/logo\\\/image\\\/\",\"url\":\"https:\\\/\\\/www.bellunopress.it\\\/wp-content\\\/uploads\\\/2011\\\/05\\\/cropped-logo-bellunopress-.jpg\",\"contentUrl\":\"https:\\\/\\\/www.bellunopress.it\\\/wp-content\\\/uploads\\\/2011\\\/05\\\/cropped-logo-bellunopress-.jpg\",\"width\":512,\"height\":512,\"caption\":\"Bellunopress\"},\"image\":{\"@id\":\"https:\\\/\\\/www.bellunopress.it\\\/#\\\/schema\\\/logo\\\/image\\\/\"},\"sameAs\":[\"https:\\\/\\\/www.facebook.com\\\/profile.php?id=100008943462799\",\"https:\\\/\\\/x.com\\\/bellunopress\",\"https:\\\/\\\/www.linkedin.com\\\/hp\\\/?dnr=JBzUWaJfMUw8vbXJJ2tVW5-I3jZKvC4wsoxE&amp;amp;amp;amp;amp;amp;trk=nav_responsive_tab_home\",\"https:\\\/\\\/www.youtube.com\\\/channel\\\/UCxL0wu1uN0_3_7hGG0306cw\"]},{\"@type\":\"Person\",\"@id\":\"https:\\\/\\\/www.bellunopress.it\\\/#\\\/schema\\\/person\\\/79bb06722b37ece1c03d3e94beb30d73\",\"name\":\"redazione\",\"image\":{\"@type\":\"ImageObject\",\"inLanguage\":\"fr-FR\",\"@id\":\"https:\\\/\\\/secure.gravatar.com\\\/avatar\\\/37d968a2e67a6fd04c169c4bdef102d0bc5d31b2546345219e348575eb80e9a0?s=96&d=mm&r=g\",\"url\":\"https:\\\/\\\/secure.gravatar.com\\\/avatar\\\/37d968a2e67a6fd04c169c4bdef102d0bc5d31b2546345219e348575eb80e9a0?s=96&d=mm&r=g\",\"contentUrl\":\"https:\\\/\\\/secure.gravatar.com\\\/avatar\\\/37d968a2e67a6fd04c169c4bdef102d0bc5d31b2546345219e348575eb80e9a0?s=96&d=mm&r=g\",\"caption\":\"redazione\"},\"sameAs\":[\"http:\\\/\\\/www.bellunopress.it\",\"https:\\\/\\\/x.com\\\/bellunopress\"],\"url\":\"https:\\\/\\\/www.bellunopress.it\\\/fr\\\/author\\\/redazione\\\/\"}]}<\/script>\n<!-- \/ Yoast SEO plugin. -->","yoast_head_json":{"title":"80 anni dalla Carta di Chivasso. Luned\u00ec il convegno sulle autonomie - Bellunopress - Dolomiti","robots":{"index":"index","follow":"follow","max-snippet":"max-snippet:-1","max-image-preview":"max-image-preview:large","max-video-preview":"max-video-preview:-1"},"canonical":"https:\/\/www.bellunopress.it\/fr\/2023\/12\/17\/80-anni-dalla-carta-di-chivasso-lunedi-il-convegno-sulle-autonomie\/","og_locale":"fr_FR","og_type":"article","og_title":"80 anni dalla Carta di Chivasso. Luned\u00ec il convegno sulle autonomie - Bellunopress - Dolomiti","og_description":"UNCEM, Citt\u00e0 di Chivasso, Regione Piemonte, Movimento Federalista Europeo promuovono il 18 dicembre a Chivasso un incontro pubblico &#8211; nell&#8217;anniversario della Carta di Chivasso | 1943-2023 &#8211; su &#8220;Enti locali, territori, Montagna per le trasformazioni del tessuto istituzionale&#8221;, all&#8217;interno di un importante ciclo di appuntamenti sulla Carta. Ecco il testo della Carta: Noi, popolazioni delle [&hellip;]","og_url":"https:\/\/www.bellunopress.it\/fr\/2023\/12\/17\/80-anni-dalla-carta-di-chivasso-lunedi-il-convegno-sulle-autonomie\/","og_site_name":"Bellunopress - Dolomiti","article_publisher":"https:\/\/www.facebook.com\/profile.php?id=100008943462799","article_published_time":"2023-12-17T15:07:32+00:00","og_image":[{"width":890,"height":500,"url":"https:\/\/www.bellunopress.it\/wp-content\/uploads\/2021\/12\/Uncem.jpg","type":"image\/jpeg"}],"author":"redazione","twitter_card":"summary_large_image","twitter_creator":"@bellunopress","twitter_site":"@bellunopress","twitter_misc":{"\u00c9crit par":"redazione","Dur\u00e9e de lecture estim\u00e9e":"4 minutes"},"schema":{"@context":"https:\/\/schema.org","@graph":[{"@type":"Article","@id":"https:\/\/www.bellunopress.it\/2023\/12\/17\/80-anni-dalla-carta-di-chivasso-lunedi-il-convegno-sulle-autonomie\/#article","isPartOf":{"@id":"https:\/\/www.bellunopress.it\/2023\/12\/17\/80-anni-dalla-carta-di-chivasso-lunedi-il-convegno-sulle-autonomie\/"},"author":{"name":"redazione","@id":"https:\/\/www.bellunopress.it\/#\/schema\/person\/79bb06722b37ece1c03d3e94beb30d73"},"headline":"80 anni dalla Carta di Chivasso. Luned\u00ec il convegno sulle autonomie","datePublished":"2023-12-17T15:07:32+00:00","mainEntityOfPage":{"@id":"https:\/\/www.bellunopress.it\/2023\/12\/17\/80-anni-dalla-carta-di-chivasso-lunedi-il-convegno-sulle-autonomie\/"},"wordCount":919,"publisher":{"@id":"https:\/\/www.bellunopress.it\/#organization"},"image":{"@id":"https:\/\/www.bellunopress.it\/2023\/12\/17\/80-anni-dalla-carta-di-chivasso-lunedi-il-convegno-sulle-autonomie\/#primaryimage"},"thumbnailUrl":"https:\/\/www.bellunopress.it\/wp-content\/uploads\/2021\/12\/Uncem.jpg","articleSection":["Cronaca\/Politica","Prima Pagina"],"inLanguage":"fr-FR"},{"@type":"WebPage","@id":"https:\/\/www.bellunopress.it\/2023\/12\/17\/80-anni-dalla-carta-di-chivasso-lunedi-il-convegno-sulle-autonomie\/","url":"https:\/\/www.bellunopress.it\/2023\/12\/17\/80-anni-dalla-carta-di-chivasso-lunedi-il-convegno-sulle-autonomie\/","name":"80 anni dalla Carta di Chivasso. Luned\u00ec il convegno sulle autonomie - Bellunopress - Dolomiti","isPartOf":{"@id":"https:\/\/www.bellunopress.it\/#website"},"primaryImageOfPage":{"@id":"https:\/\/www.bellunopress.it\/2023\/12\/17\/80-anni-dalla-carta-di-chivasso-lunedi-il-convegno-sulle-autonomie\/#primaryimage"},"image":{"@id":"https:\/\/www.bellunopress.it\/2023\/12\/17\/80-anni-dalla-carta-di-chivasso-lunedi-il-convegno-sulle-autonomie\/#primaryimage"},"thumbnailUrl":"https:\/\/www.bellunopress.it\/wp-content\/uploads\/2021\/12\/Uncem.jpg","datePublished":"2023-12-17T15:07:32+00:00","breadcrumb":{"@id":"https:\/\/www.bellunopress.it\/2023\/12\/17\/80-anni-dalla-carta-di-chivasso-lunedi-il-convegno-sulle-autonomie\/#breadcrumb"},"inLanguage":"fr-FR","potentialAction":[{"@type":"ReadAction","target":["https:\/\/www.bellunopress.it\/2023\/12\/17\/80-anni-dalla-carta-di-chivasso-lunedi-il-convegno-sulle-autonomie\/"]}]},{"@type":"ImageObject","inLanguage":"fr-FR","@id":"https:\/\/www.bellunopress.it\/2023\/12\/17\/80-anni-dalla-carta-di-chivasso-lunedi-il-convegno-sulle-autonomie\/#primaryimage","url":"https:\/\/www.bellunopress.it\/wp-content\/uploads\/2021\/12\/Uncem.jpg","contentUrl":"https:\/\/www.bellunopress.it\/wp-content\/uploads\/2021\/12\/Uncem.jpg","width":890,"height":500},{"@type":"BreadcrumbList","@id":"https:\/\/www.bellunopress.it\/2023\/12\/17\/80-anni-dalla-carta-di-chivasso-lunedi-il-convegno-sulle-autonomie\/#breadcrumb","itemListElement":[{"@type":"ListItem","position":1,"name":"Home","item":"https:\/\/www.bellunopress.it\/"},{"@type":"ListItem","position":2,"name":"80 anni dalla Carta di Chivasso. Luned\u00ec il convegno sulle autonomie"}]},{"@type":"WebSite","@id":"https:\/\/www.bellunopress.it\/#website","url":"https:\/\/www.bellunopress.it\/","name":"Bellunopress - Dolomiti","description":"e-mail: redazione@bellunopress.it","publisher":{"@id":"https:\/\/www.bellunopress.it\/#organization"},"potentialAction":[{"@type":"SearchAction","target":{"@type":"EntryPoint","urlTemplate":"https:\/\/www.bellunopress.it\/?s={search_term_string}"},"query-input":{"@type":"PropertyValueSpecification","valueRequired":true,"valueName":"search_term_string"}}],"inLanguage":"fr-FR"},{"@type":"Organization","@id":"https:\/\/www.bellunopress.it\/#organization","name":"Bellunopress","url":"https:\/\/www.bellunopress.it\/","logo":{"@type":"ImageObject","inLanguage":"fr-FR","@id":"https:\/\/www.bellunopress.it\/#\/schema\/logo\/image\/","url":"https:\/\/www.bellunopress.it\/wp-content\/uploads\/2011\/05\/cropped-logo-bellunopress-.jpg","contentUrl":"https:\/\/www.bellunopress.it\/wp-content\/uploads\/2011\/05\/cropped-logo-bellunopress-.jpg","width":512,"height":512,"caption":"Bellunopress"},"image":{"@id":"https:\/\/www.bellunopress.it\/#\/schema\/logo\/image\/"},"sameAs":["https:\/\/www.facebook.com\/profile.php?id=100008943462799","https:\/\/x.com\/bellunopress","https:\/\/www.linkedin.com\/hp\/?dnr=JBzUWaJfMUw8vbXJJ2tVW5-I3jZKvC4wsoxE&amp;amp;amp;amp;amp;amp;trk=nav_responsive_tab_home","https:\/\/www.youtube.com\/channel\/UCxL0wu1uN0_3_7hGG0306cw"]},{"@type":"Person","@id":"https:\/\/www.bellunopress.it\/#\/schema\/person\/79bb06722b37ece1c03d3e94beb30d73","name":"r\u00e9daction","image":{"@type":"ImageObject","inLanguage":"fr-FR","@id":"https:\/\/secure.gravatar.com\/avatar\/37d968a2e67a6fd04c169c4bdef102d0bc5d31b2546345219e348575eb80e9a0?s=96&d=mm&r=g","url":"https:\/\/secure.gravatar.com\/avatar\/37d968a2e67a6fd04c169c4bdef102d0bc5d31b2546345219e348575eb80e9a0?s=96&d=mm&r=g","contentUrl":"https:\/\/secure.gravatar.com\/avatar\/37d968a2e67a6fd04c169c4bdef102d0bc5d31b2546345219e348575eb80e9a0?s=96&d=mm&r=g","caption":"redazione"},"sameAs":["http:\/\/www.bellunopress.it","https:\/\/x.com\/bellunopress"],"url":"https:\/\/www.bellunopress.it\/fr\/author\/redazione\/"}]}},"_links":{"self":[{"href":"https:\/\/www.bellunopress.it\/fr\/wp-json\/wp\/v2\/posts\/146892","targetHints":{"allow":["GET"]}}],"collection":[{"href":"https:\/\/www.bellunopress.it\/fr\/wp-json\/wp\/v2\/posts"}],"about":[{"href":"https:\/\/www.bellunopress.it\/fr\/wp-json\/wp\/v2\/types\/post"}],"author":[{"embeddable":true,"href":"https:\/\/www.bellunopress.it\/fr\/wp-json\/wp\/v2\/users\/2"}],"replies":[{"embeddable":true,"href":"https:\/\/www.bellunopress.it\/fr\/wp-json\/wp\/v2\/comments?post=146892"}],"version-history":[{"count":1,"href":"https:\/\/www.bellunopress.it\/fr\/wp-json\/wp\/v2\/posts\/146892\/revisions"}],"predecessor-version":[{"id":146893,"href":"https:\/\/www.bellunopress.it\/fr\/wp-json\/wp\/v2\/posts\/146892\/revisions\/146893"}],"wp:featuredmedia":[{"embeddable":true,"href":"https:\/\/www.bellunopress.it\/fr\/wp-json\/wp\/v2\/media\/129991"}],"wp:attachment":[{"href":"https:\/\/www.bellunopress.it\/fr\/wp-json\/wp\/v2\/media?parent=146892"}],"wp:term":[{"taxonomy":"category","embeddable":true,"href":"https:\/\/www.bellunopress.it\/fr\/wp-json\/wp\/v2\/categories?post=146892"},{"taxonomy":"post_tag","embeddable":true,"href":"https:\/\/www.bellunopress.it\/fr\/wp-json\/wp\/v2\/tags?post=146892"}],"curies":[{"name":"wp","href":"https:\/\/api.w.org\/{rel}","templated":true}]}}