{"id":146805,"date":"2023-12-14T16:27:57","date_gmt":"2023-12-14T15:27:57","guid":{"rendered":"https:\/\/www.bellunopress.it\/?p=146805"},"modified":"2023-12-14T16:27:57","modified_gmt":"2023-12-14T15:27:57","slug":"sopralluogo-in-alpago-la-provincia-sui-dissesti-di-farra-buscole-e-cornei","status":"publish","type":"post","link":"https:\/\/www.bellunopress.it\/fr\/2023\/12\/14\/sopralluogo-in-alpago-la-provincia-sui-dissesti-di-farra-buscole-e-cornei\/","title":{"rendered":"Sopralluogo in Alpago, la Provincia sui dissesti di Farra, Buscole e Cornei"},"content":{"rendered":"<p><em><strong><img loading=\"lazy\" decoding=\"async\" class=\"alignleft size-full wp-image-146806\" src=\"https:\/\/www.bellunopress.it\/wp-content\/uploads\/2023\/12\/sopralluogo-in-Alpago-della-Provincia-per-frane.jpg\" alt=\"\" width=\"875\" height=\"531\" srcset=\"https:\/\/www.bellunopress.it\/wp-content\/uploads\/2023\/12\/sopralluogo-in-Alpago-della-Provincia-per-frane.jpg 875w, https:\/\/www.bellunopress.it\/wp-content\/uploads\/2023\/12\/sopralluogo-in-Alpago-della-Provincia-per-frane-500x303.jpg 500w, https:\/\/www.bellunopress.it\/wp-content\/uploads\/2023\/12\/sopralluogo-in-Alpago-della-Provincia-per-frane-696x422.jpg 696w\" sizes=\"auto, (max-width: 875px) 100vw, 875px\" \/>Impegno a un\u2019analisi delle situazioni per programmare successivamente gli interventi<\/strong><\/em><\/p>\n<p>Alpago, 14 dicembre 2023 &#8211; La Provincia di Belluno analizzer\u00e0 a largo spettro i versanti a monte di Cornei, Buscole e Farra. \u00c8 l\u2019impegno preso dall\u2019amministrazione di Palazzo Piloni a seguito del sopralluogo effettuato oggi dai tecnici della Provincia e del Comune, su richiesta del sindaco di Alpago, Alberto Peterle, che ha partecipato alla perlustrazione insieme all\u2019assessore Albino Dazzi, con il consigliere provinciale delegato alla Difesa del Suolo Mattia Gosetti.<\/p>\n<p>Dopo una visione delle carte in municipio, sono stati visitati i siti di Cornei, Farra e Buscole, dove il Comune di Alpago ha rilevato fenomeni di frana e di affioramento di acqua sui versanti. In particolare sono state segnalate le criticit\u00e0 su alcune abitazioni, non solamente in occasione di fenomeni meteorici intensi. Gli ultimi dissesti si sono aggravati dopo l\u2019alluvione del dicembre 2020 e dopo alcune piogge intense a gennaio 2023.<\/p>\n<p>La Provincia avvier\u00e0 uno studio di indagine sui versanti. \u00abVerranno analizzate a maglia larga tutte le situazioni, poi restringeremo il campo\u00bb sottolinea il consigliere provinciale Gosetti. \u00abLo studio comincer\u00e0 nel 2024, ma se sar\u00e0 possibile, cercheremo di utilizzare i droni gi\u00e0 nel corso dell\u2019inverno, per sfruttare il periodo di spoglio della vegetazione. L\u2019obiettivo \u00e8 avere un quadro preciso su cui costruire la successiva progettazione e individuare se e come intervenire nella maniera pi\u00f9 efficace possibile\u00bb.<\/p>\n<p>\u00abI dissesti rilevati costituiscono problemi notevoli per i residenti\u00bb spiega il sindaco di Alpago. \u00abRingrazio quindi la Provincia e la struttura di Difesa del Suolo per il rapido interessamento\u00bb.<\/p>","protected":false},"excerpt":{"rendered":"<p>Impegno a un\u2019analisi delle situazioni per programmare successivamente gli interventi Alpago, 14 dicembre 2023 &#8211; La Provincia di Belluno analizzer\u00e0 a largo spettro i versanti a monte di Cornei, Buscole e Farra. \u00c8 l\u2019impegno preso dall\u2019amministrazione di Palazzo Piloni a seguito del sopralluogo effettuato oggi dai tecnici della Provincia e del Comune, su richiesta del [&hellip;]<\/p>\n","protected":false},"author":2,"featured_media":146806,"comment_status":"closed","ping_status":"open","sticky":false,"template":"","format":"standard","meta":{"footnotes":""},"categories":[5,26,8],"tags":[],"class_list":["post-146805","post","type-post","status-publish","format-standard","has-post-thumbnail","category-cronaca","category-prima-pagina","category-societa-istituzioni"],"yoast_head":"<!-- This site is optimized with the Yoast SEO plugin v28.4 - https:\/\/yoast.com\/product\/yoast-seo-wordpress\/ -->\n<title>Sopralluogo in Alpago, la Provincia sui dissesti di Farra, Buscole e Cornei - Bellunopress - Dolomiti<\/title>\n<meta name=\"robots\" content=\"index, follow, max-snippet:-1, max-image-preview:large, max-video-preview:-1\" \/>\n<link rel=\"canonical\" href=\"https:\/\/www.bellunopress.it\/fr\/2023\/12\/14\/sopralluogo-in-alpago-la-provincia-sui-dissesti-di-farra-buscole-e-cornei\/\" \/>\n<meta property=\"og:locale\" content=\"fr_FR\" \/>\n<meta property=\"og:type\" content=\"article\" \/>\n<meta property=\"og:title\" content=\"Sopralluogo in Alpago, la Provincia sui dissesti di Farra, Buscole e Cornei - Bellunopress - Dolomiti\" \/>\n<meta property=\"og:description\" content=\"Impegno a un\u2019analisi delle situazioni per programmare successivamente gli interventi Alpago, 14 dicembre 2023 &#8211; La Provincia di Belluno analizzer\u00e0 a largo spettro i versanti a monte di Cornei, Buscole e Farra. \u00c8 l\u2019impegno preso dall\u2019amministrazione di Palazzo Piloni a seguito del sopralluogo effettuato oggi dai tecnici della Provincia e del Comune, su richiesta del [&hellip;]\" \/>\n<meta property=\"og:url\" content=\"https:\/\/www.bellunopress.it\/fr\/2023\/12\/14\/sopralluogo-in-alpago-la-provincia-sui-dissesti-di-farra-buscole-e-cornei\/\" \/>\n<meta property=\"og:site_name\" content=\"Bellunopress - Dolomiti\" \/>\n<meta property=\"article:publisher\" content=\"https:\/\/www.facebook.com\/profile.php?id=100008943462799\" \/>\n<meta property=\"article:published_time\" content=\"2023-12-14T15:27:57+00:00\" \/>\n<meta property=\"og:image\" content=\"https:\/\/www.bellunopress.it\/wp-content\/uploads\/2023\/12\/sopralluogo-in-Alpago-della-Provincia-per-frane.jpg\" \/>\n\t<meta property=\"og:image:width\" content=\"875\" \/>\n\t<meta property=\"og:image:height\" content=\"531\" \/>\n\t<meta property=\"og:image:type\" content=\"image\/jpeg\" \/>\n<meta name=\"author\" content=\"redazione\" \/>\n<meta name=\"twitter:card\" content=\"summary_large_image\" \/>\n<meta name=\"twitter:creator\" content=\"@bellunopress\" \/>\n<meta name=\"twitter:site\" content=\"@bellunopress\" \/>\n<meta name=\"twitter:label1\" content=\"\u00c9crit par\" \/>\n\t<meta name=\"twitter:data1\" content=\"redazione\" \/>\n\t<meta name=\"twitter:label2\" content=\"Dur\u00e9e de lecture estim\u00e9e\" \/>\n\t<meta name=\"twitter:data2\" content=\"1 minute\" \/>\n<script type=\"application\/ld+json\" class=\"yoast-schema-graph\">{\"@context\":\"https:\\\/\\\/schema.org\",\"@graph\":[{\"@type\":\"Article\",\"@id\":\"https:\\\/\\\/www.bellunopress.it\\\/2023\\\/12\\\/14\\\/sopralluogo-in-alpago-la-provincia-sui-dissesti-di-farra-buscole-e-cornei\\\/#article\",\"isPartOf\":{\"@id\":\"https:\\\/\\\/www.bellunopress.it\\\/2023\\\/12\\\/14\\\/sopralluogo-in-alpago-la-provincia-sui-dissesti-di-farra-buscole-e-cornei\\\/\"},\"author\":{\"name\":\"redazione\",\"@id\":\"https:\\\/\\\/www.bellunopress.it\\\/#\\\/schema\\\/person\\\/79bb06722b37ece1c03d3e94beb30d73\"},\"headline\":\"Sopralluogo in Alpago, la Provincia sui dissesti di Farra, Buscole e Cornei\",\"datePublished\":\"2023-12-14T15:27:57+00:00\",\"mainEntityOfPage\":{\"@id\":\"https:\\\/\\\/www.bellunopress.it\\\/2023\\\/12\\\/14\\\/sopralluogo-in-alpago-la-provincia-sui-dissesti-di-farra-buscole-e-cornei\\\/\"},\"wordCount\":267,\"publisher\":{\"@id\":\"https:\\\/\\\/www.bellunopress.it\\\/#organization\"},\"image\":{\"@id\":\"https:\\\/\\\/www.bellunopress.it\\\/2023\\\/12\\\/14\\\/sopralluogo-in-alpago-la-provincia-sui-dissesti-di-farra-buscole-e-cornei\\\/#primaryimage\"},\"thumbnailUrl\":\"https:\\\/\\\/www.bellunopress.it\\\/wp-content\\\/uploads\\\/2023\\\/12\\\/sopralluogo-in-Alpago-della-Provincia-per-frane.jpg\",\"articleSection\":[\"Cronaca\\\/Politica\",\"Prima Pagina\",\"Societ\u00e0, Associazioni, Istituzioni\"],\"inLanguage\":\"fr-FR\"},{\"@type\":\"WebPage\",\"@id\":\"https:\\\/\\\/www.bellunopress.it\\\/2023\\\/12\\\/14\\\/sopralluogo-in-alpago-la-provincia-sui-dissesti-di-farra-buscole-e-cornei\\\/\",\"url\":\"https:\\\/\\\/www.bellunopress.it\\\/2023\\\/12\\\/14\\\/sopralluogo-in-alpago-la-provincia-sui-dissesti-di-farra-buscole-e-cornei\\\/\",\"name\":\"Sopralluogo in Alpago, la Provincia sui dissesti di Farra, Buscole e Cornei - Bellunopress - Dolomiti\",\"isPartOf\":{\"@id\":\"https:\\\/\\\/www.bellunopress.it\\\/#website\"},\"primaryImageOfPage\":{\"@id\":\"https:\\\/\\\/www.bellunopress.it\\\/2023\\\/12\\\/14\\\/sopralluogo-in-alpago-la-provincia-sui-dissesti-di-farra-buscole-e-cornei\\\/#primaryimage\"},\"image\":{\"@id\":\"https:\\\/\\\/www.bellunopress.it\\\/2023\\\/12\\\/14\\\/sopralluogo-in-alpago-la-provincia-sui-dissesti-di-farra-buscole-e-cornei\\\/#primaryimage\"},\"thumbnailUrl\":\"https:\\\/\\\/www.bellunopress.it\\\/wp-content\\\/uploads\\\/2023\\\/12\\\/sopralluogo-in-Alpago-della-Provincia-per-frane.jpg\",\"datePublished\":\"2023-12-14T15:27:57+00:00\",\"breadcrumb\":{\"@id\":\"https:\\\/\\\/www.bellunopress.it\\\/2023\\\/12\\\/14\\\/sopralluogo-in-alpago-la-provincia-sui-dissesti-di-farra-buscole-e-cornei\\\/#breadcrumb\"},\"inLanguage\":\"fr-FR\",\"potentialAction\":[{\"@type\":\"ReadAction\",\"target\":[\"https:\\\/\\\/www.bellunopress.it\\\/2023\\\/12\\\/14\\\/sopralluogo-in-alpago-la-provincia-sui-dissesti-di-farra-buscole-e-cornei\\\/\"]}]},{\"@type\":\"ImageObject\",\"inLanguage\":\"fr-FR\",\"@id\":\"https:\\\/\\\/www.bellunopress.it\\\/2023\\\/12\\\/14\\\/sopralluogo-in-alpago-la-provincia-sui-dissesti-di-farra-buscole-e-cornei\\\/#primaryimage\",\"url\":\"https:\\\/\\\/www.bellunopress.it\\\/wp-content\\\/uploads\\\/2023\\\/12\\\/sopralluogo-in-Alpago-della-Provincia-per-frane.jpg\",\"contentUrl\":\"https:\\\/\\\/www.bellunopress.it\\\/wp-content\\\/uploads\\\/2023\\\/12\\\/sopralluogo-in-Alpago-della-Provincia-per-frane.jpg\",\"width\":875,\"height\":531},{\"@type\":\"BreadcrumbList\",\"@id\":\"https:\\\/\\\/www.bellunopress.it\\\/2023\\\/12\\\/14\\\/sopralluogo-in-alpago-la-provincia-sui-dissesti-di-farra-buscole-e-cornei\\\/#breadcrumb\",\"itemListElement\":[{\"@type\":\"ListItem\",\"position\":1,\"name\":\"Home\",\"item\":\"https:\\\/\\\/www.bellunopress.it\\\/\"},{\"@type\":\"ListItem\",\"position\":2,\"name\":\"Sopralluogo in Alpago, la Provincia sui dissesti di Farra, Buscole e Cornei\"}]},{\"@type\":\"WebSite\",\"@id\":\"https:\\\/\\\/www.bellunopress.it\\\/#website\",\"url\":\"https:\\\/\\\/www.bellunopress.it\\\/\",\"name\":\"Bellunopress - Dolomiti\",\"description\":\"e-mail: redazione@bellunopress.it\",\"publisher\":{\"@id\":\"https:\\\/\\\/www.bellunopress.it\\\/#organization\"},\"potentialAction\":[{\"@type\":\"SearchAction\",\"target\":{\"@type\":\"EntryPoint\",\"urlTemplate\":\"https:\\\/\\\/www.bellunopress.it\\\/?s={search_term_string}\"},\"query-input\":{\"@type\":\"PropertyValueSpecification\",\"valueRequired\":true,\"valueName\":\"search_term_string\"}}],\"inLanguage\":\"fr-FR\"},{\"@type\":\"Organization\",\"@id\":\"https:\\\/\\\/www.bellunopress.it\\\/#organization\",\"name\":\"Bellunopress\",\"url\":\"https:\\\/\\\/www.bellunopress.it\\\/\",\"logo\":{\"@type\":\"ImageObject\",\"inLanguage\":\"fr-FR\",\"@id\":\"https:\\\/\\\/www.bellunopress.it\\\/#\\\/schema\\\/logo\\\/image\\\/\",\"url\":\"https:\\\/\\\/www.bellunopress.it\\\/wp-content\\\/uploads\\\/2011\\\/05\\\/cropped-logo-bellunopress-.jpg\",\"contentUrl\":\"https:\\\/\\\/www.bellunopress.it\\\/wp-content\\\/uploads\\\/2011\\\/05\\\/cropped-logo-bellunopress-.jpg\",\"width\":512,\"height\":512,\"caption\":\"Bellunopress\"},\"image\":{\"@id\":\"https:\\\/\\\/www.bellunopress.it\\\/#\\\/schema\\\/logo\\\/image\\\/\"},\"sameAs\":[\"https:\\\/\\\/www.facebook.com\\\/profile.php?id=100008943462799\",\"https:\\\/\\\/x.com\\\/bellunopress\",\"https:\\\/\\\/www.linkedin.com\\\/hp\\\/?dnr=JBzUWaJfMUw8vbXJJ2tVW5-I3jZKvC4wsoxE&amp;amp;amp;amp;amp;amp;trk=nav_responsive_tab_home\",\"https:\\\/\\\/www.youtube.com\\\/channel\\\/UCxL0wu1uN0_3_7hGG0306cw\"]},{\"@type\":\"Person\",\"@id\":\"https:\\\/\\\/www.bellunopress.it\\\/#\\\/schema\\\/person\\\/79bb06722b37ece1c03d3e94beb30d73\",\"name\":\"redazione\",\"image\":{\"@type\":\"ImageObject\",\"inLanguage\":\"fr-FR\",\"@id\":\"https:\\\/\\\/secure.gravatar.com\\\/avatar\\\/37d968a2e67a6fd04c169c4bdef102d0bc5d31b2546345219e348575eb80e9a0?s=96&d=mm&r=g\",\"url\":\"https:\\\/\\\/secure.gravatar.com\\\/avatar\\\/37d968a2e67a6fd04c169c4bdef102d0bc5d31b2546345219e348575eb80e9a0?s=96&d=mm&r=g\",\"contentUrl\":\"https:\\\/\\\/secure.gravatar.com\\\/avatar\\\/37d968a2e67a6fd04c169c4bdef102d0bc5d31b2546345219e348575eb80e9a0?s=96&d=mm&r=g\",\"caption\":\"redazione\"},\"sameAs\":[\"http:\\\/\\\/www.bellunopress.it\",\"https:\\\/\\\/x.com\\\/bellunopress\"],\"url\":\"https:\\\/\\\/www.bellunopress.it\\\/fr\\\/author\\\/redazione\\\/\"}]}<\/script>\n<!-- \/ Yoast SEO plugin. -->","yoast_head_json":{"title":"Sopralluogo in Alpago, la Provincia sui dissesti di Farra, Buscole e Cornei - Bellunopress - Dolomiti","robots":{"index":"index","follow":"follow","max-snippet":"max-snippet:-1","max-image-preview":"max-image-preview:large","max-video-preview":"max-video-preview:-1"},"canonical":"https:\/\/www.bellunopress.it\/fr\/2023\/12\/14\/sopralluogo-in-alpago-la-provincia-sui-dissesti-di-farra-buscole-e-cornei\/","og_locale":"fr_FR","og_type":"article","og_title":"Sopralluogo in Alpago, la Provincia sui dissesti di Farra, Buscole e Cornei - Bellunopress - Dolomiti","og_description":"Impegno a un\u2019analisi delle situazioni per programmare successivamente gli interventi Alpago, 14 dicembre 2023 &#8211; La Provincia di Belluno analizzer\u00e0 a largo spettro i versanti a monte di Cornei, Buscole e Farra. \u00c8 l\u2019impegno preso dall\u2019amministrazione di Palazzo Piloni a seguito del sopralluogo effettuato oggi dai tecnici della Provincia e del Comune, su richiesta del [&hellip;]","og_url":"https:\/\/www.bellunopress.it\/fr\/2023\/12\/14\/sopralluogo-in-alpago-la-provincia-sui-dissesti-di-farra-buscole-e-cornei\/","og_site_name":"Bellunopress - Dolomiti","article_publisher":"https:\/\/www.facebook.com\/profile.php?id=100008943462799","article_published_time":"2023-12-14T15:27:57+00:00","og_image":[{"width":875,"height":531,"url":"https:\/\/www.bellunopress.it\/wp-content\/uploads\/2023\/12\/sopralluogo-in-Alpago-della-Provincia-per-frane.jpg","type":"image\/jpeg"}],"author":"redazione","twitter_card":"summary_large_image","twitter_creator":"@bellunopress","twitter_site":"@bellunopress","twitter_misc":{"\u00c9crit par":"redazione","Dur\u00e9e de lecture estim\u00e9e":"1 minute"},"schema":{"@context":"https:\/\/schema.org","@graph":[{"@type":"Article","@id":"https:\/\/www.bellunopress.it\/2023\/12\/14\/sopralluogo-in-alpago-la-provincia-sui-dissesti-di-farra-buscole-e-cornei\/#article","isPartOf":{"@id":"https:\/\/www.bellunopress.it\/2023\/12\/14\/sopralluogo-in-alpago-la-provincia-sui-dissesti-di-farra-buscole-e-cornei\/"},"author":{"name":"redazione","@id":"https:\/\/www.bellunopress.it\/#\/schema\/person\/79bb06722b37ece1c03d3e94beb30d73"},"headline":"Sopralluogo in Alpago, la Provincia sui dissesti di Farra, Buscole e Cornei","datePublished":"2023-12-14T15:27:57+00:00","mainEntityOfPage":{"@id":"https:\/\/www.bellunopress.it\/2023\/12\/14\/sopralluogo-in-alpago-la-provincia-sui-dissesti-di-farra-buscole-e-cornei\/"},"wordCount":267,"publisher":{"@id":"https:\/\/www.bellunopress.it\/#organization"},"image":{"@id":"https:\/\/www.bellunopress.it\/2023\/12\/14\/sopralluogo-in-alpago-la-provincia-sui-dissesti-di-farra-buscole-e-cornei\/#primaryimage"},"thumbnailUrl":"https:\/\/www.bellunopress.it\/wp-content\/uploads\/2023\/12\/sopralluogo-in-Alpago-della-Provincia-per-frane.jpg","articleSection":["Cronaca\/Politica","Prima Pagina","Societ\u00e0, Associazioni, Istituzioni"],"inLanguage":"fr-FR"},{"@type":"WebPage","@id":"https:\/\/www.bellunopress.it\/2023\/12\/14\/sopralluogo-in-alpago-la-provincia-sui-dissesti-di-farra-buscole-e-cornei\/","url":"https:\/\/www.bellunopress.it\/2023\/12\/14\/sopralluogo-in-alpago-la-provincia-sui-dissesti-di-farra-buscole-e-cornei\/","name":"Sopralluogo in Alpago, la Provincia sui dissesti di Farra, Buscole e Cornei - Bellunopress - Dolomiti","isPartOf":{"@id":"https:\/\/www.bellunopress.it\/#website"},"primaryImageOfPage":{"@id":"https:\/\/www.bellunopress.it\/2023\/12\/14\/sopralluogo-in-alpago-la-provincia-sui-dissesti-di-farra-buscole-e-cornei\/#primaryimage"},"image":{"@id":"https:\/\/www.bellunopress.it\/2023\/12\/14\/sopralluogo-in-alpago-la-provincia-sui-dissesti-di-farra-buscole-e-cornei\/#primaryimage"},"thumbnailUrl":"https:\/\/www.bellunopress.it\/wp-content\/uploads\/2023\/12\/sopralluogo-in-Alpago-della-Provincia-per-frane.jpg","datePublished":"2023-12-14T15:27:57+00:00","breadcrumb":{"@id":"https:\/\/www.bellunopress.it\/2023\/12\/14\/sopralluogo-in-alpago-la-provincia-sui-dissesti-di-farra-buscole-e-cornei\/#breadcrumb"},"inLanguage":"fr-FR","potentialAction":[{"@type":"ReadAction","target":["https:\/\/www.bellunopress.it\/2023\/12\/14\/sopralluogo-in-alpago-la-provincia-sui-dissesti-di-farra-buscole-e-cornei\/"]}]},{"@type":"ImageObject","inLanguage":"fr-FR","@id":"https:\/\/www.bellunopress.it\/2023\/12\/14\/sopralluogo-in-alpago-la-provincia-sui-dissesti-di-farra-buscole-e-cornei\/#primaryimage","url":"https:\/\/www.bellunopress.it\/wp-content\/uploads\/2023\/12\/sopralluogo-in-Alpago-della-Provincia-per-frane.jpg","contentUrl":"https:\/\/www.bellunopress.it\/wp-content\/uploads\/2023\/12\/sopralluogo-in-Alpago-della-Provincia-per-frane.jpg","width":875,"height":531},{"@type":"BreadcrumbList","@id":"https:\/\/www.bellunopress.it\/2023\/12\/14\/sopralluogo-in-alpago-la-provincia-sui-dissesti-di-farra-buscole-e-cornei\/#breadcrumb","itemListElement":[{"@type":"ListItem","position":1,"name":"Home","item":"https:\/\/www.bellunopress.it\/"},{"@type":"ListItem","position":2,"name":"Sopralluogo in Alpago, la Provincia sui dissesti di Farra, Buscole e Cornei"}]},{"@type":"WebSite","@id":"https:\/\/www.bellunopress.it\/#website","url":"https:\/\/www.bellunopress.it\/","name":"Bellunopress - Dolomiti","description":"e-mail: redazione@bellunopress.it","publisher":{"@id":"https:\/\/www.bellunopress.it\/#organization"},"potentialAction":[{"@type":"SearchAction","target":{"@type":"EntryPoint","urlTemplate":"https:\/\/www.bellunopress.it\/?s={search_term_string}"},"query-input":{"@type":"PropertyValueSpecification","valueRequired":true,"valueName":"search_term_string"}}],"inLanguage":"fr-FR"},{"@type":"Organization","@id":"https:\/\/www.bellunopress.it\/#organization","name":"Bellunopress","url":"https:\/\/www.bellunopress.it\/","logo":{"@type":"ImageObject","inLanguage":"fr-FR","@id":"https:\/\/www.bellunopress.it\/#\/schema\/logo\/image\/","url":"https:\/\/www.bellunopress.it\/wp-content\/uploads\/2011\/05\/cropped-logo-bellunopress-.jpg","contentUrl":"https:\/\/www.bellunopress.it\/wp-content\/uploads\/2011\/05\/cropped-logo-bellunopress-.jpg","width":512,"height":512,"caption":"Bellunopress"},"image":{"@id":"https:\/\/www.bellunopress.it\/#\/schema\/logo\/image\/"},"sameAs":["https:\/\/www.facebook.com\/profile.php?id=100008943462799","https:\/\/x.com\/bellunopress","https:\/\/www.linkedin.com\/hp\/?dnr=JBzUWaJfMUw8vbXJJ2tVW5-I3jZKvC4wsoxE&amp;amp;amp;amp;amp;amp;trk=nav_responsive_tab_home","https:\/\/www.youtube.com\/channel\/UCxL0wu1uN0_3_7hGG0306cw"]},{"@type":"Person","@id":"https:\/\/www.bellunopress.it\/#\/schema\/person\/79bb06722b37ece1c03d3e94beb30d73","name":"r\u00e9daction","image":{"@type":"ImageObject","inLanguage":"fr-FR","@id":"https:\/\/secure.gravatar.com\/avatar\/37d968a2e67a6fd04c169c4bdef102d0bc5d31b2546345219e348575eb80e9a0?s=96&d=mm&r=g","url":"https:\/\/secure.gravatar.com\/avatar\/37d968a2e67a6fd04c169c4bdef102d0bc5d31b2546345219e348575eb80e9a0?s=96&d=mm&r=g","contentUrl":"https:\/\/secure.gravatar.com\/avatar\/37d968a2e67a6fd04c169c4bdef102d0bc5d31b2546345219e348575eb80e9a0?s=96&d=mm&r=g","caption":"redazione"},"sameAs":["http:\/\/www.bellunopress.it","https:\/\/x.com\/bellunopress"],"url":"https:\/\/www.bellunopress.it\/fr\/author\/redazione\/"}]}},"_links":{"self":[{"href":"https:\/\/www.bellunopress.it\/fr\/wp-json\/wp\/v2\/posts\/146805","targetHints":{"allow":["GET"]}}],"collection":[{"href":"https:\/\/www.bellunopress.it\/fr\/wp-json\/wp\/v2\/posts"}],"about":[{"href":"https:\/\/www.bellunopress.it\/fr\/wp-json\/wp\/v2\/types\/post"}],"author":[{"embeddable":true,"href":"https:\/\/www.bellunopress.it\/fr\/wp-json\/wp\/v2\/users\/2"}],"replies":[{"embeddable":true,"href":"https:\/\/www.bellunopress.it\/fr\/wp-json\/wp\/v2\/comments?post=146805"}],"version-history":[{"count":1,"href":"https:\/\/www.bellunopress.it\/fr\/wp-json\/wp\/v2\/posts\/146805\/revisions"}],"predecessor-version":[{"id":146807,"href":"https:\/\/www.bellunopress.it\/fr\/wp-json\/wp\/v2\/posts\/146805\/revisions\/146807"}],"wp:featuredmedia":[{"embeddable":true,"href":"https:\/\/www.bellunopress.it\/fr\/wp-json\/wp\/v2\/media\/146806"}],"wp:attachment":[{"href":"https:\/\/www.bellunopress.it\/fr\/wp-json\/wp\/v2\/media?parent=146805"}],"wp:term":[{"taxonomy":"category","embeddable":true,"href":"https:\/\/www.bellunopress.it\/fr\/wp-json\/wp\/v2\/categories?post=146805"},{"taxonomy":"post_tag","embeddable":true,"href":"https:\/\/www.bellunopress.it\/fr\/wp-json\/wp\/v2\/tags?post=146805"}],"curies":[{"name":"wp","href":"https:\/\/api.w.org\/{rel}","templated":true}]}}