{"id":146782,"date":"2023-12-14T10:11:00","date_gmt":"2023-12-14T09:11:00","guid":{"rendered":"https:\/\/www.bellunopress.it\/?p=146782"},"modified":"2023-12-14T10:11:00","modified_gmt":"2023-12-14T09:11:00","slug":"gli-artiglieri-festeggiano-santa-barbara","status":"publish","type":"post","link":"https:\/\/www.bellunopress.it\/fr\/2023\/12\/14\/gli-artiglieri-festeggiano-santa-barbara\/","title":{"rendered":"Gli artiglieri festeggiano Santa Barbara"},"content":{"rendered":"<p><img loading=\"lazy\" decoding=\"async\" class=\"alignleft size-full wp-image-146783\" src=\"https:\/\/www.bellunopress.it\/wp-content\/uploads\/2023\/12\/Artiglieri-Ponte-2023_edited.jpg\" alt=\"\" width=\"1000\" height=\"788\" srcset=\"https:\/\/www.bellunopress.it\/wp-content\/uploads\/2023\/12\/Artiglieri-Ponte-2023_edited.jpg 1000w, https:\/\/www.bellunopress.it\/wp-content\/uploads\/2023\/12\/Artiglieri-Ponte-2023_edited-500x394.jpg 500w, https:\/\/www.bellunopress.it\/wp-content\/uploads\/2023\/12\/Artiglieri-Ponte-2023_edited-696x548.jpg 696w\" sizes=\"auto, (max-width: 1000px) 100vw, 1000px\" \/>La parola Pace \u00e8 stata il leitmotiv della giornata degli Artiglieri di Ponte nelle Alpi dedicata alla patrona Santa Barbara. L\u2019appello alla pace \u00e8 risuonato pi\u00f9 volte in chiesa durante l\u2019omelia del parroco di Cadola, don Giuseppe De Biasio, e l\u2019intervento del sindaco, Paolo Vendramini. Cos\u00ec, domenica scorsa (10 dicembre), la sezione \u201cFratelli Venzon\u201d, guidata da Gianluigi Rusconi, ha celebrato la festa che ha rispettato la tradizione itinerante di rendere omaggio ai caduti nelle varie frazioni del comune. Quest\u2019anno una corona d\u2019alloro \u00e8 stata deposta davanti al monumento di Lastreghe.<br \/>\nIl raduno degli artiglieri \u00e8 proseguito con l\u2019incontro conviviale all\u2019hotel Capri durante il quale Egidio Sacchet ha relazionato sulle attivit\u00e0 svolte dalla sezione nell\u2019anno appena trascorso, soffermandosi sulla presenza degli artiglieri di Ponte nelle Alpi durante le manifestazioni per il sessantesimo anniversario della catastrofe del Vajont. A tal proposito ha ricordato la grande dedizione degli artiglieri nel dopo disastro, purtroppo poco sottolineata dalla cronaca dell\u2019epoca. Sacchet ha fatto accenno anche a progetti futuri dell\u2019associazione. Nell\u2019occasione \u00e8 stato conferito un riconoscimento all\u2019impegno profuso per tanti anni dal consigliere della sezione Egidio Botteon.<br \/>\nL\u2019incontro \u00e8 stato allietato dalla musica del simpatico Gildo.<\/p>","protected":false},"excerpt":{"rendered":"<p>La parola Pace \u00e8 stata il leitmotiv della giornata degli Artiglieri di Ponte nelle Alpi dedicata alla patrona Santa Barbara. L\u2019appello alla pace \u00e8 risuonato pi\u00f9 volte in chiesa durante l\u2019omelia del parroco di Cadola, don Giuseppe De Biasio, e l\u2019intervento del sindaco, Paolo Vendramini. Cos\u00ec, domenica scorsa (10 dicembre), la sezione \u201cFratelli Venzon\u201d, guidata [&hellip;]<\/p>\n","protected":false},"author":2,"featured_media":146783,"comment_status":"closed","ping_status":"open","sticky":false,"template":"","format":"standard","meta":{"footnotes":""},"categories":[5,8],"tags":[],"class_list":["post-146782","post","type-post","status-publish","format-standard","has-post-thumbnail","category-cronaca","category-societa-istituzioni"],"yoast_head":"<!-- This site is optimized with the Yoast SEO plugin v28.4 - https:\/\/yoast.com\/product\/yoast-seo-wordpress\/ -->\n<title>Gli artiglieri festeggiano Santa Barbara - Bellunopress - Dolomiti<\/title>\n<meta name=\"robots\" content=\"index, follow, max-snippet:-1, max-image-preview:large, max-video-preview:-1\" \/>\n<link rel=\"canonical\" href=\"https:\/\/www.bellunopress.it\/fr\/2023\/12\/14\/gli-artiglieri-festeggiano-santa-barbara\/\" \/>\n<meta property=\"og:locale\" content=\"fr_FR\" \/>\n<meta property=\"og:type\" content=\"article\" \/>\n<meta property=\"og:title\" content=\"Gli artiglieri festeggiano Santa Barbara - Bellunopress - Dolomiti\" \/>\n<meta property=\"og:description\" content=\"La parola Pace \u00e8 stata il leitmotiv della giornata degli Artiglieri di Ponte nelle Alpi dedicata alla patrona Santa Barbara. L\u2019appello alla pace \u00e8 risuonato pi\u00f9 volte in chiesa durante l\u2019omelia del parroco di Cadola, don Giuseppe De Biasio, e l\u2019intervento del sindaco, Paolo Vendramini. Cos\u00ec, domenica scorsa (10 dicembre), la sezione \u201cFratelli Venzon\u201d, guidata [&hellip;]\" \/>\n<meta property=\"og:url\" content=\"https:\/\/www.bellunopress.it\/fr\/2023\/12\/14\/gli-artiglieri-festeggiano-santa-barbara\/\" \/>\n<meta property=\"og:site_name\" content=\"Bellunopress - Dolomiti\" \/>\n<meta property=\"article:publisher\" content=\"https:\/\/www.facebook.com\/profile.php?id=100008943462799\" \/>\n<meta property=\"article:published_time\" content=\"2023-12-14T09:11:00+00:00\" \/>\n<meta property=\"og:image\" content=\"https:\/\/www.bellunopress.it\/wp-content\/uploads\/2023\/12\/Artiglieri-Ponte-2023_edited.jpg\" \/>\n\t<meta property=\"og:image:width\" content=\"1000\" \/>\n\t<meta property=\"og:image:height\" content=\"788\" \/>\n\t<meta property=\"og:image:type\" content=\"image\/jpeg\" \/>\n<meta name=\"author\" content=\"redazione\" \/>\n<meta name=\"twitter:card\" content=\"summary_large_image\" \/>\n<meta name=\"twitter:creator\" content=\"@bellunopress\" \/>\n<meta name=\"twitter:site\" content=\"@bellunopress\" \/>\n<meta name=\"twitter:label1\" content=\"\u00c9crit par\" \/>\n\t<meta name=\"twitter:data1\" content=\"redazione\" \/>\n\t<meta name=\"twitter:label2\" content=\"Dur\u00e9e de lecture estim\u00e9e\" \/>\n\t<meta name=\"twitter:data2\" content=\"1 minute\" \/>\n<script type=\"application\/ld+json\" class=\"yoast-schema-graph\">{\"@context\":\"https:\\\/\\\/schema.org\",\"@graph\":[{\"@type\":\"Article\",\"@id\":\"https:\\\/\\\/www.bellunopress.it\\\/2023\\\/12\\\/14\\\/gli-artiglieri-festeggiano-santa-barbara\\\/#article\",\"isPartOf\":{\"@id\":\"https:\\\/\\\/www.bellunopress.it\\\/2023\\\/12\\\/14\\\/gli-artiglieri-festeggiano-santa-barbara\\\/\"},\"author\":{\"name\":\"redazione\",\"@id\":\"https:\\\/\\\/www.bellunopress.it\\\/#\\\/schema\\\/person\\\/79bb06722b37ece1c03d3e94beb30d73\"},\"headline\":\"Gli artiglieri festeggiano Santa Barbara\",\"datePublished\":\"2023-12-14T09:11:00+00:00\",\"mainEntityOfPage\":{\"@id\":\"https:\\\/\\\/www.bellunopress.it\\\/2023\\\/12\\\/14\\\/gli-artiglieri-festeggiano-santa-barbara\\\/\"},\"wordCount\":201,\"publisher\":{\"@id\":\"https:\\\/\\\/www.bellunopress.it\\\/#organization\"},\"image\":{\"@id\":\"https:\\\/\\\/www.bellunopress.it\\\/2023\\\/12\\\/14\\\/gli-artiglieri-festeggiano-santa-barbara\\\/#primaryimage\"},\"thumbnailUrl\":\"https:\\\/\\\/www.bellunopress.it\\\/wp-content\\\/uploads\\\/2023\\\/12\\\/Artiglieri-Ponte-2023_edited.jpg\",\"articleSection\":[\"Cronaca\\\/Politica\",\"Societ\u00e0, Associazioni, Istituzioni\"],\"inLanguage\":\"fr-FR\"},{\"@type\":\"WebPage\",\"@id\":\"https:\\\/\\\/www.bellunopress.it\\\/2023\\\/12\\\/14\\\/gli-artiglieri-festeggiano-santa-barbara\\\/\",\"url\":\"https:\\\/\\\/www.bellunopress.it\\\/2023\\\/12\\\/14\\\/gli-artiglieri-festeggiano-santa-barbara\\\/\",\"name\":\"Gli artiglieri festeggiano Santa Barbara - Bellunopress - Dolomiti\",\"isPartOf\":{\"@id\":\"https:\\\/\\\/www.bellunopress.it\\\/#website\"},\"primaryImageOfPage\":{\"@id\":\"https:\\\/\\\/www.bellunopress.it\\\/2023\\\/12\\\/14\\\/gli-artiglieri-festeggiano-santa-barbara\\\/#primaryimage\"},\"image\":{\"@id\":\"https:\\\/\\\/www.bellunopress.it\\\/2023\\\/12\\\/14\\\/gli-artiglieri-festeggiano-santa-barbara\\\/#primaryimage\"},\"thumbnailUrl\":\"https:\\\/\\\/www.bellunopress.it\\\/wp-content\\\/uploads\\\/2023\\\/12\\\/Artiglieri-Ponte-2023_edited.jpg\",\"datePublished\":\"2023-12-14T09:11:00+00:00\",\"breadcrumb\":{\"@id\":\"https:\\\/\\\/www.bellunopress.it\\\/2023\\\/12\\\/14\\\/gli-artiglieri-festeggiano-santa-barbara\\\/#breadcrumb\"},\"inLanguage\":\"fr-FR\",\"potentialAction\":[{\"@type\":\"ReadAction\",\"target\":[\"https:\\\/\\\/www.bellunopress.it\\\/2023\\\/12\\\/14\\\/gli-artiglieri-festeggiano-santa-barbara\\\/\"]}]},{\"@type\":\"ImageObject\",\"inLanguage\":\"fr-FR\",\"@id\":\"https:\\\/\\\/www.bellunopress.it\\\/2023\\\/12\\\/14\\\/gli-artiglieri-festeggiano-santa-barbara\\\/#primaryimage\",\"url\":\"https:\\\/\\\/www.bellunopress.it\\\/wp-content\\\/uploads\\\/2023\\\/12\\\/Artiglieri-Ponte-2023_edited.jpg\",\"contentUrl\":\"https:\\\/\\\/www.bellunopress.it\\\/wp-content\\\/uploads\\\/2023\\\/12\\\/Artiglieri-Ponte-2023_edited.jpg\",\"width\":1000,\"height\":788},{\"@type\":\"BreadcrumbList\",\"@id\":\"https:\\\/\\\/www.bellunopress.it\\\/2023\\\/12\\\/14\\\/gli-artiglieri-festeggiano-santa-barbara\\\/#breadcrumb\",\"itemListElement\":[{\"@type\":\"ListItem\",\"position\":1,\"name\":\"Home\",\"item\":\"https:\\\/\\\/www.bellunopress.it\\\/\"},{\"@type\":\"ListItem\",\"position\":2,\"name\":\"Gli artiglieri festeggiano Santa Barbara\"}]},{\"@type\":\"WebSite\",\"@id\":\"https:\\\/\\\/www.bellunopress.it\\\/#website\",\"url\":\"https:\\\/\\\/www.bellunopress.it\\\/\",\"name\":\"Bellunopress - Dolomiti\",\"description\":\"e-mail: redazione@bellunopress.it\",\"publisher\":{\"@id\":\"https:\\\/\\\/www.bellunopress.it\\\/#organization\"},\"potentialAction\":[{\"@type\":\"SearchAction\",\"target\":{\"@type\":\"EntryPoint\",\"urlTemplate\":\"https:\\\/\\\/www.bellunopress.it\\\/?s={search_term_string}\"},\"query-input\":{\"@type\":\"PropertyValueSpecification\",\"valueRequired\":true,\"valueName\":\"search_term_string\"}}],\"inLanguage\":\"fr-FR\"},{\"@type\":\"Organization\",\"@id\":\"https:\\\/\\\/www.bellunopress.it\\\/#organization\",\"name\":\"Bellunopress\",\"url\":\"https:\\\/\\\/www.bellunopress.it\\\/\",\"logo\":{\"@type\":\"ImageObject\",\"inLanguage\":\"fr-FR\",\"@id\":\"https:\\\/\\\/www.bellunopress.it\\\/#\\\/schema\\\/logo\\\/image\\\/\",\"url\":\"https:\\\/\\\/www.bellunopress.it\\\/wp-content\\\/uploads\\\/2011\\\/05\\\/cropped-logo-bellunopress-.jpg\",\"contentUrl\":\"https:\\\/\\\/www.bellunopress.it\\\/wp-content\\\/uploads\\\/2011\\\/05\\\/cropped-logo-bellunopress-.jpg\",\"width\":512,\"height\":512,\"caption\":\"Bellunopress\"},\"image\":{\"@id\":\"https:\\\/\\\/www.bellunopress.it\\\/#\\\/schema\\\/logo\\\/image\\\/\"},\"sameAs\":[\"https:\\\/\\\/www.facebook.com\\\/profile.php?id=100008943462799\",\"https:\\\/\\\/x.com\\\/bellunopress\",\"https:\\\/\\\/www.linkedin.com\\\/hp\\\/?dnr=JBzUWaJfMUw8vbXJJ2tVW5-I3jZKvC4wsoxE&amp;amp;amp;amp;amp;amp;trk=nav_responsive_tab_home\",\"https:\\\/\\\/www.youtube.com\\\/channel\\\/UCxL0wu1uN0_3_7hGG0306cw\"]},{\"@type\":\"Person\",\"@id\":\"https:\\\/\\\/www.bellunopress.it\\\/#\\\/schema\\\/person\\\/79bb06722b37ece1c03d3e94beb30d73\",\"name\":\"redazione\",\"image\":{\"@type\":\"ImageObject\",\"inLanguage\":\"fr-FR\",\"@id\":\"https:\\\/\\\/secure.gravatar.com\\\/avatar\\\/37d968a2e67a6fd04c169c4bdef102d0bc5d31b2546345219e348575eb80e9a0?s=96&d=mm&r=g\",\"url\":\"https:\\\/\\\/secure.gravatar.com\\\/avatar\\\/37d968a2e67a6fd04c169c4bdef102d0bc5d31b2546345219e348575eb80e9a0?s=96&d=mm&r=g\",\"contentUrl\":\"https:\\\/\\\/secure.gravatar.com\\\/avatar\\\/37d968a2e67a6fd04c169c4bdef102d0bc5d31b2546345219e348575eb80e9a0?s=96&d=mm&r=g\",\"caption\":\"redazione\"},\"sameAs\":[\"http:\\\/\\\/www.bellunopress.it\",\"https:\\\/\\\/x.com\\\/bellunopress\"],\"url\":\"https:\\\/\\\/www.bellunopress.it\\\/fr\\\/author\\\/redazione\\\/\"}]}<\/script>\n<!-- \/ Yoast SEO plugin. -->","yoast_head_json":{"title":"Gli artiglieri festeggiano Santa Barbara - Bellunopress - Dolomiti","robots":{"index":"index","follow":"follow","max-snippet":"max-snippet:-1","max-image-preview":"max-image-preview:large","max-video-preview":"max-video-preview:-1"},"canonical":"https:\/\/www.bellunopress.it\/fr\/2023\/12\/14\/gli-artiglieri-festeggiano-santa-barbara\/","og_locale":"fr_FR","og_type":"article","og_title":"Gli artiglieri festeggiano Santa Barbara - Bellunopress - Dolomiti","og_description":"La parola Pace \u00e8 stata il leitmotiv della giornata degli Artiglieri di Ponte nelle Alpi dedicata alla patrona Santa Barbara. L\u2019appello alla pace \u00e8 risuonato pi\u00f9 volte in chiesa durante l\u2019omelia del parroco di Cadola, don Giuseppe De Biasio, e l\u2019intervento del sindaco, Paolo Vendramini. Cos\u00ec, domenica scorsa (10 dicembre), la sezione \u201cFratelli Venzon\u201d, guidata [&hellip;]","og_url":"https:\/\/www.bellunopress.it\/fr\/2023\/12\/14\/gli-artiglieri-festeggiano-santa-barbara\/","og_site_name":"Bellunopress - Dolomiti","article_publisher":"https:\/\/www.facebook.com\/profile.php?id=100008943462799","article_published_time":"2023-12-14T09:11:00+00:00","og_image":[{"width":1000,"height":788,"url":"https:\/\/www.bellunopress.it\/wp-content\/uploads\/2023\/12\/Artiglieri-Ponte-2023_edited.jpg","type":"image\/jpeg"}],"author":"redazione","twitter_card":"summary_large_image","twitter_creator":"@bellunopress","twitter_site":"@bellunopress","twitter_misc":{"\u00c9crit par":"redazione","Dur\u00e9e de lecture estim\u00e9e":"1 minute"},"schema":{"@context":"https:\/\/schema.org","@graph":[{"@type":"Article","@id":"https:\/\/www.bellunopress.it\/2023\/12\/14\/gli-artiglieri-festeggiano-santa-barbara\/#article","isPartOf":{"@id":"https:\/\/www.bellunopress.it\/2023\/12\/14\/gli-artiglieri-festeggiano-santa-barbara\/"},"author":{"name":"redazione","@id":"https:\/\/www.bellunopress.it\/#\/schema\/person\/79bb06722b37ece1c03d3e94beb30d73"},"headline":"Gli artiglieri festeggiano Santa Barbara","datePublished":"2023-12-14T09:11:00+00:00","mainEntityOfPage":{"@id":"https:\/\/www.bellunopress.it\/2023\/12\/14\/gli-artiglieri-festeggiano-santa-barbara\/"},"wordCount":201,"publisher":{"@id":"https:\/\/www.bellunopress.it\/#organization"},"image":{"@id":"https:\/\/www.bellunopress.it\/2023\/12\/14\/gli-artiglieri-festeggiano-santa-barbara\/#primaryimage"},"thumbnailUrl":"https:\/\/www.bellunopress.it\/wp-content\/uploads\/2023\/12\/Artiglieri-Ponte-2023_edited.jpg","articleSection":["Cronaca\/Politica","Societ\u00e0, Associazioni, Istituzioni"],"inLanguage":"fr-FR"},{"@type":"WebPage","@id":"https:\/\/www.bellunopress.it\/2023\/12\/14\/gli-artiglieri-festeggiano-santa-barbara\/","url":"https:\/\/www.bellunopress.it\/2023\/12\/14\/gli-artiglieri-festeggiano-santa-barbara\/","name":"Gli artiglieri festeggiano Santa Barbara - Bellunopress - Dolomiti","isPartOf":{"@id":"https:\/\/www.bellunopress.it\/#website"},"primaryImageOfPage":{"@id":"https:\/\/www.bellunopress.it\/2023\/12\/14\/gli-artiglieri-festeggiano-santa-barbara\/#primaryimage"},"image":{"@id":"https:\/\/www.bellunopress.it\/2023\/12\/14\/gli-artiglieri-festeggiano-santa-barbara\/#primaryimage"},"thumbnailUrl":"https:\/\/www.bellunopress.it\/wp-content\/uploads\/2023\/12\/Artiglieri-Ponte-2023_edited.jpg","datePublished":"2023-12-14T09:11:00+00:00","breadcrumb":{"@id":"https:\/\/www.bellunopress.it\/2023\/12\/14\/gli-artiglieri-festeggiano-santa-barbara\/#breadcrumb"},"inLanguage":"fr-FR","potentialAction":[{"@type":"ReadAction","target":["https:\/\/www.bellunopress.it\/2023\/12\/14\/gli-artiglieri-festeggiano-santa-barbara\/"]}]},{"@type":"ImageObject","inLanguage":"fr-FR","@id":"https:\/\/www.bellunopress.it\/2023\/12\/14\/gli-artiglieri-festeggiano-santa-barbara\/#primaryimage","url":"https:\/\/www.bellunopress.it\/wp-content\/uploads\/2023\/12\/Artiglieri-Ponte-2023_edited.jpg","contentUrl":"https:\/\/www.bellunopress.it\/wp-content\/uploads\/2023\/12\/Artiglieri-Ponte-2023_edited.jpg","width":1000,"height":788},{"@type":"BreadcrumbList","@id":"https:\/\/www.bellunopress.it\/2023\/12\/14\/gli-artiglieri-festeggiano-santa-barbara\/#breadcrumb","itemListElement":[{"@type":"ListItem","position":1,"name":"Home","item":"https:\/\/www.bellunopress.it\/"},{"@type":"ListItem","position":2,"name":"Gli artiglieri festeggiano Santa Barbara"}]},{"@type":"WebSite","@id":"https:\/\/www.bellunopress.it\/#website","url":"https:\/\/www.bellunopress.it\/","name":"Bellunopress - Dolomiti","description":"e-mail: redazione@bellunopress.it","publisher":{"@id":"https:\/\/www.bellunopress.it\/#organization"},"potentialAction":[{"@type":"SearchAction","target":{"@type":"EntryPoint","urlTemplate":"https:\/\/www.bellunopress.it\/?s={search_term_string}"},"query-input":{"@type":"PropertyValueSpecification","valueRequired":true,"valueName":"search_term_string"}}],"inLanguage":"fr-FR"},{"@type":"Organization","@id":"https:\/\/www.bellunopress.it\/#organization","name":"Bellunopress","url":"https:\/\/www.bellunopress.it\/","logo":{"@type":"ImageObject","inLanguage":"fr-FR","@id":"https:\/\/www.bellunopress.it\/#\/schema\/logo\/image\/","url":"https:\/\/www.bellunopress.it\/wp-content\/uploads\/2011\/05\/cropped-logo-bellunopress-.jpg","contentUrl":"https:\/\/www.bellunopress.it\/wp-content\/uploads\/2011\/05\/cropped-logo-bellunopress-.jpg","width":512,"height":512,"caption":"Bellunopress"},"image":{"@id":"https:\/\/www.bellunopress.it\/#\/schema\/logo\/image\/"},"sameAs":["https:\/\/www.facebook.com\/profile.php?id=100008943462799","https:\/\/x.com\/bellunopress","https:\/\/www.linkedin.com\/hp\/?dnr=JBzUWaJfMUw8vbXJJ2tVW5-I3jZKvC4wsoxE&amp;amp;amp;amp;amp;amp;trk=nav_responsive_tab_home","https:\/\/www.youtube.com\/channel\/UCxL0wu1uN0_3_7hGG0306cw"]},{"@type":"Person","@id":"https:\/\/www.bellunopress.it\/#\/schema\/person\/79bb06722b37ece1c03d3e94beb30d73","name":"r\u00e9daction","image":{"@type":"ImageObject","inLanguage":"fr-FR","@id":"https:\/\/secure.gravatar.com\/avatar\/37d968a2e67a6fd04c169c4bdef102d0bc5d31b2546345219e348575eb80e9a0?s=96&d=mm&r=g","url":"https:\/\/secure.gravatar.com\/avatar\/37d968a2e67a6fd04c169c4bdef102d0bc5d31b2546345219e348575eb80e9a0?s=96&d=mm&r=g","contentUrl":"https:\/\/secure.gravatar.com\/avatar\/37d968a2e67a6fd04c169c4bdef102d0bc5d31b2546345219e348575eb80e9a0?s=96&d=mm&r=g","caption":"redazione"},"sameAs":["http:\/\/www.bellunopress.it","https:\/\/x.com\/bellunopress"],"url":"https:\/\/www.bellunopress.it\/fr\/author\/redazione\/"}]}},"_links":{"self":[{"href":"https:\/\/www.bellunopress.it\/fr\/wp-json\/wp\/v2\/posts\/146782","targetHints":{"allow":["GET"]}}],"collection":[{"href":"https:\/\/www.bellunopress.it\/fr\/wp-json\/wp\/v2\/posts"}],"about":[{"href":"https:\/\/www.bellunopress.it\/fr\/wp-json\/wp\/v2\/types\/post"}],"author":[{"embeddable":true,"href":"https:\/\/www.bellunopress.it\/fr\/wp-json\/wp\/v2\/users\/2"}],"replies":[{"embeddable":true,"href":"https:\/\/www.bellunopress.it\/fr\/wp-json\/wp\/v2\/comments?post=146782"}],"version-history":[{"count":1,"href":"https:\/\/www.bellunopress.it\/fr\/wp-json\/wp\/v2\/posts\/146782\/revisions"}],"predecessor-version":[{"id":146784,"href":"https:\/\/www.bellunopress.it\/fr\/wp-json\/wp\/v2\/posts\/146782\/revisions\/146784"}],"wp:featuredmedia":[{"embeddable":true,"href":"https:\/\/www.bellunopress.it\/fr\/wp-json\/wp\/v2\/media\/146783"}],"wp:attachment":[{"href":"https:\/\/www.bellunopress.it\/fr\/wp-json\/wp\/v2\/media?parent=146782"}],"wp:term":[{"taxonomy":"category","embeddable":true,"href":"https:\/\/www.bellunopress.it\/fr\/wp-json\/wp\/v2\/categories?post=146782"},{"taxonomy":"post_tag","embeddable":true,"href":"https:\/\/www.bellunopress.it\/fr\/wp-json\/wp\/v2\/tags?post=146782"}],"curies":[{"name":"wp","href":"https:\/\/api.w.org\/{rel}","templated":true}]}}