{"id":146711,"date":"2023-12-11T20:13:07","date_gmt":"2023-12-11T19:13:07","guid":{"rendered":"https:\/\/www.bellunopress.it\/?p=146711"},"modified":"2023-12-11T20:13:07","modified_gmt":"2023-12-11T19:13:07","slug":"oltre-16mila-visitatori-per-la-mostra-di-corrado-veneziano-alla-biblioteca-nazionale-marciana","status":"publish","type":"post","link":"https:\/\/www.bellunopress.it\/fr\/2023\/12\/11\/oltre-16mila-visitatori-per-la-mostra-di-corrado-veneziano-alla-biblioteca-nazionale-marciana\/","title":{"rendered":"Oltre 16mila visitatori per la mostra di Corrado Veneziano alla Biblioteca Nazionale Marciana\u00a0"},"content":{"rendered":"<p><em><strong><img loading=\"lazy\" decoding=\"async\" class=\"alignleft size-full wp-image-48274\" src=\"https:\/\/www.bellunopress.it\/wp-content\/uploads\/2013\/04\/biblioteca-nazionale-marciana-venezia.jpg\" alt=\"\" width=\"241\" height=\"290\" \/>Si conclude la nuova mostra personale di Corrado Veneziano, &#8220;Dipingendo Cavalcaselle. Di tersa mano&#8221;, presso le Sale Monumentali della Biblioteca Nazionale Marciana, a cura di Francesca Barbi Marinetti e Lucia Calzona<\/strong><\/em><\/p>\n<p>Oltre 16mila i biglietti staccati fino a ieri, per una media di circa 700 visitatori paganti al giorno. Nella giornata di domenica 3 dicembre, invece, i visitatori sono stati pi\u00f9 di 1200<\/p>\n<p>Si concluder\u00e0 marted\u00ec 12 dicembre la nuova personale di Corrado Veneziano, &#8220;Dipingendo Cavalcaselle. Di tersa mano&#8221;, presso le Sale Monumentali della Biblioteca Nazionale Marciana, a cura di Francesca Barbi Marinetti e Lucia Calzona. Sono 13 le tele in esposizione, che omaggiano e reinterpretano il grande lavoro, per stile e ricerca, di Giovanni Battista Cavalcaselle. Oltre 16mila i biglietti staccati fino a ieri, per una media di circa 700 visitatori paganti al giorno. Nella giornata di domenica 3 dicembre, invece, i visitatori sono stati pi\u00f9 di 1200.<\/p>\n<p><strong>LE OPERE IN MOSTRA<\/strong> &#8211; Corrado Veneziano \u2013 artista italiano le cui opere sono esposte in modo permanente in Musei istituzionali europei e intercontinentali, invitato in Francia con il patrocinio del Museo del Louvre, nonch\u00e9 autore dell&#8217;opera diventata il francobollo dello Stato italiano dedicato all&#8217;Inferno di Dante \u2013 ha studiato a lungo Giovanni Battista Cavalcaselle e ne ha reinterpretato gli schizzi e i taccuini.<\/p>\n<p>La presentazione dell&#8217;intero ciclo di opere dedicata allo studioso legnaghese \u00e8 prevista a Palazzo Altemps-Museo Nazionale di Roma per la seconda met\u00e0 di maggio 2024. Non poteva per\u00f2 esserci luogo pi\u00f9 rappresentativo per omaggiarlo che la Biblioteca Nazionale Marciana di Venezia; sia perch\u00e9 qui \u00e8 conservato il prezioso e ricchissimo Fondo Cavalcaselle; sia perch\u00e9, proprio nelle Sale Monumentali, le opere di Veneziano sono attorniate dalle tele di Tintoretto, Veronese, e altri grandi autori del Rinascimento italiano, dei quali Cavalcaselle \u00e8 stato originale studioso.<\/p>\n<p><strong>LA RICERCA DI CORRADO VENEZIANO<\/strong> &#8211; Il lavoro pittorico di Corrado Veneziano parte da quello di Cavalcaselle e a ritroso si incrocia con le opere d&#8217;arte, le trame, le tecniche di Cimabue, Pietro Lorenzetti, Antonello da Messina, Piero della Francesca, Raffaello, Tiziano e molti altri. Veneziano riprende gli schizzi cavalcaselliani, li rielabora, ne ricompone la disposizione prospettica, ne reinterpreta il tratto, d\u00e0 loro colore: un lavoro di terza mano che \u00e8 debitore verso il lavoro pregresso e allo stesso tempo aspira a una sua compiuta autonomia artistica: una &#8220;tersa mano, una terza vita&#8221;.<\/p>\n<p>Impegnandosi a tenere insieme la lezione Rinascimentale, l&#8217;architettura formale del modello pittorico classico e la sperimentazione pi\u00f9 Contemporanea, Veneziano aggiunge infine ai suoi quadri le &#8220;frasi&#8221;: quelle deduzioni scientifiche cavalcaselliane che partecipano, condividono e sviluppano la spinta comunicativa generale dell&#8217;opera. Le parole stesse \u2013 i segni della lingua italiana \u2013 diventano simboli e segni dalla elegante propulsione dinamica del geniale autore veneto. L&#8217;effetto complessivo e\u0300 allo stesso tempo sacrale e scientifico, spirituale e laico, avvolgente e razionale.<\/p>\n<p>Come dice Veneziano, &#8220;sono un artista e il mio lavoro \u00e8 squisitamente libero, esente da vincoli; spero per\u00f2 che la mia mostra contribuisca alla ulteriore conoscenza di questo gigante della storia dell&#8217;arte europea: un diamante straordinario ma spesso ignorato nel forziere della cultura italiana&#8221;.<\/p>\n<p>L&#8217;intera serie dedicata a Cavalcaselle e\u0300 composta di 23 tele che stratificano i sensi e la forza dei lavori precedenti, contribuendo alla loro rinascita e vivificazione.<\/p>\n<p><strong>LE ATTRIBUZIONI DI CAVALCASELLE<\/strong> &#8211; Giovanni Battista Cavalcaselle (Legnago 1819- Roma 1897) \u00e8 uno dei fondatori della disciplina della storia dell&#8217;arte, a cominciare dalla sua fondamentale pubblicazione, la prima nell&#8217;Italia post-unitaria, della Storia della pittura in Italia. Il testo, firmato con l&#8217;inglese Joseph Archer Crowe, \u00e8 connotato da un vastissimo materiale raccolto personalmente dall&#8217;autore e attestato dai suoi taccuini di disegni. Il sodalizio con Crowe dur\u00f2 una vita, tanto che il binomio Crowe-Cavalcaselle rappresenta un unicum nella storia dell&#8217;arte.<\/p>\n<p>Dopo lungo girovagare, per studio e per scelte politiche, negli anni &#8217;70 viene nominato nei quadri del Ministero della Pubblica Istruzione, primo passo post unitario in direzione di un Ministero della cultura a cui lo studioso veneto dar\u00e0 un contributo pioneristico sia in termini di gestione e sia di conservazione del patrimonio artistico. Connoisseur dell&#8217;arte, in particolar modo rinascimentale e medievale, Cavalcaselle si e\u0300 distinto per una tensione fortemente &#8220;investigativa&#8221;: legando la sua ricerca al tema concreto delle &#8220;attribuzioni&#8221; e operando uno studio sistematico delle opere al fine di comprendere con certezza chi ne fosse l&#8217;autore. Per giungere alle corrette attribuzioni delle opere, Cavalcaselle registrava impressioni e riflessioni prendendo appunti su &#8220;taccuini da viaggio&#8221;. Li riempiva di schizzi e poi scriveva accanto, ai margini del foglio, deduzioni, dubbi, intuizioni e &#8220;scoperte&#8221;. I suoi schizzi si riempivano dunque di immagini e parole, frecce e annotazioni.<\/p>\n<p><strong>INFO<\/strong> &#8211; La Mostra gode del patrocinio del MIC, della Presidenza della Commissione Cultura della Camera, dell&#8217;ICAS Intergruppo Arte e Cultura della Camera dei Deputati, del Comune di Legnago. Il coordinamento generale \u00e8 della D.d&#8217;Arte.<\/p>\n<p>Indirizzo: Sale Monumentali della Biblioteca Nazionale Marciana, Piazza San Marco n. 52 \u2013 Ala Napoleonica I &#8211; 30124 Venezia \u2013 Aperto tutti i giorni, dalle 10.00 alle 17.00 (ultimo ingresso alle ore 16.00). Si prega di controllare il sito del Museo Correr prima della visita) <a href=\"https:\/\/correr.visitmuve.it\/\">https:\/\/correr.visitmuve.it\/<\/a><\/p>\n<p>&nbsp;<\/p>","protected":false},"excerpt":{"rendered":"<p>Si conclude la nuova mostra personale di Corrado Veneziano, &#8220;Dipingendo Cavalcaselle. Di tersa mano&#8221;, presso le Sale Monumentali della Biblioteca Nazionale Marciana, a cura di Francesca Barbi Marinetti e Lucia Calzona Oltre 16mila i biglietti staccati fino a ieri, per una media di circa 700 visitatori paganti al giorno. Nella giornata di domenica 3 dicembre, [&hellip;]<\/p>\n","protected":false},"author":2,"featured_media":48274,"comment_status":"closed","ping_status":"open","sticky":false,"template":"","format":"standard","meta":{"footnotes":""},"categories":[27,3],"tags":[],"class_list":["post-146711","post","type-post","status-publish","format-standard","has-post-thumbnail","category-appuntamenti","category-arte-cultura-spettacoli-scienza-archivi"],"yoast_head":"<!-- This site is optimized with the Yoast SEO plugin v28.4 - https:\/\/yoast.com\/product\/yoast-seo-wordpress\/ -->\n<title>Oltre 16mila visitatori per la mostra di Corrado Veneziano alla Biblioteca Nazionale Marciana\u00a0 - Bellunopress - Dolomiti<\/title>\n<meta name=\"robots\" content=\"index, follow, max-snippet:-1, max-image-preview:large, max-video-preview:-1\" \/>\n<link rel=\"canonical\" href=\"https:\/\/www.bellunopress.it\/fr\/2023\/12\/11\/oltre-16mila-visitatori-per-la-mostra-di-corrado-veneziano-alla-biblioteca-nazionale-marciana\/\" \/>\n<meta property=\"og:locale\" content=\"fr_FR\" \/>\n<meta property=\"og:type\" content=\"article\" \/>\n<meta property=\"og:title\" content=\"Oltre 16mila visitatori per la mostra di Corrado Veneziano alla Biblioteca Nazionale Marciana\u00a0 - Bellunopress - Dolomiti\" \/>\n<meta property=\"og:description\" content=\"Si conclude la nuova mostra personale di Corrado Veneziano, &#8220;Dipingendo Cavalcaselle. Di tersa mano&#8221;, presso le Sale Monumentali della Biblioteca Nazionale Marciana, a cura di Francesca Barbi Marinetti e Lucia Calzona Oltre 16mila i biglietti staccati fino a ieri, per una media di circa 700 visitatori paganti al giorno. Nella giornata di domenica 3 dicembre, [&hellip;]\" \/>\n<meta property=\"og:url\" content=\"https:\/\/www.bellunopress.it\/fr\/2023\/12\/11\/oltre-16mila-visitatori-per-la-mostra-di-corrado-veneziano-alla-biblioteca-nazionale-marciana\/\" \/>\n<meta property=\"og:site_name\" content=\"Bellunopress - Dolomiti\" \/>\n<meta property=\"article:publisher\" content=\"https:\/\/www.facebook.com\/profile.php?id=100008943462799\" \/>\n<meta property=\"article:published_time\" content=\"2023-12-11T19:13:07+00:00\" \/>\n<meta property=\"og:image\" content=\"https:\/\/www.bellunopress.it\/wp-content\/uploads\/2013\/04\/biblioteca-nazionale-marciana-venezia.jpg\" \/>\n\t<meta property=\"og:image:width\" content=\"241\" \/>\n\t<meta property=\"og:image:height\" content=\"290\" \/>\n\t<meta property=\"og:image:type\" content=\"image\/jpeg\" \/>\n<meta name=\"author\" content=\"redazione\" \/>\n<meta name=\"twitter:card\" content=\"summary_large_image\" \/>\n<meta name=\"twitter:creator\" content=\"@bellunopress\" \/>\n<meta name=\"twitter:site\" content=\"@bellunopress\" \/>\n<meta name=\"twitter:label1\" content=\"\u00c9crit par\" \/>\n\t<meta name=\"twitter:data1\" content=\"redazione\" \/>\n\t<meta name=\"twitter:label2\" content=\"Dur\u00e9e de lecture estim\u00e9e\" \/>\n\t<meta name=\"twitter:data2\" content=\"4 minutes\" \/>\n<script type=\"application\/ld+json\" class=\"yoast-schema-graph\">{\"@context\":\"https:\\\/\\\/schema.org\",\"@graph\":[{\"@type\":\"Article\",\"@id\":\"https:\\\/\\\/www.bellunopress.it\\\/2023\\\/12\\\/11\\\/oltre-16mila-visitatori-per-la-mostra-di-corrado-veneziano-alla-biblioteca-nazionale-marciana\\\/#article\",\"isPartOf\":{\"@id\":\"https:\\\/\\\/www.bellunopress.it\\\/2023\\\/12\\\/11\\\/oltre-16mila-visitatori-per-la-mostra-di-corrado-veneziano-alla-biblioteca-nazionale-marciana\\\/\"},\"author\":{\"name\":\"redazione\",\"@id\":\"https:\\\/\\\/www.bellunopress.it\\\/#\\\/schema\\\/person\\\/79bb06722b37ece1c03d3e94beb30d73\"},\"headline\":\"Oltre 16mila visitatori per la mostra di Corrado Veneziano alla Biblioteca Nazionale Marciana\u00a0\",\"datePublished\":\"2023-12-11T19:13:07+00:00\",\"mainEntityOfPage\":{\"@id\":\"https:\\\/\\\/www.bellunopress.it\\\/2023\\\/12\\\/11\\\/oltre-16mila-visitatori-per-la-mostra-di-corrado-veneziano-alla-biblioteca-nazionale-marciana\\\/\"},\"wordCount\":845,\"publisher\":{\"@id\":\"https:\\\/\\\/www.bellunopress.it\\\/#organization\"},\"image\":{\"@id\":\"https:\\\/\\\/www.bellunopress.it\\\/2023\\\/12\\\/11\\\/oltre-16mila-visitatori-per-la-mostra-di-corrado-veneziano-alla-biblioteca-nazionale-marciana\\\/#primaryimage\"},\"thumbnailUrl\":\"https:\\\/\\\/www.bellunopress.it\\\/wp-content\\\/uploads\\\/2013\\\/04\\\/biblioteca-nazionale-marciana-venezia.jpg\",\"articleSection\":[\"Appuntamenti, Eventi\",\"Arte, Cultura, Spettacoli, Scienza\"],\"inLanguage\":\"fr-FR\"},{\"@type\":\"WebPage\",\"@id\":\"https:\\\/\\\/www.bellunopress.it\\\/2023\\\/12\\\/11\\\/oltre-16mila-visitatori-per-la-mostra-di-corrado-veneziano-alla-biblioteca-nazionale-marciana\\\/\",\"url\":\"https:\\\/\\\/www.bellunopress.it\\\/2023\\\/12\\\/11\\\/oltre-16mila-visitatori-per-la-mostra-di-corrado-veneziano-alla-biblioteca-nazionale-marciana\\\/\",\"name\":\"Oltre 16mila visitatori per la mostra di Corrado Veneziano alla Biblioteca Nazionale Marciana\u00a0 - Bellunopress - Dolomiti\",\"isPartOf\":{\"@id\":\"https:\\\/\\\/www.bellunopress.it\\\/#website\"},\"primaryImageOfPage\":{\"@id\":\"https:\\\/\\\/www.bellunopress.it\\\/2023\\\/12\\\/11\\\/oltre-16mila-visitatori-per-la-mostra-di-corrado-veneziano-alla-biblioteca-nazionale-marciana\\\/#primaryimage\"},\"image\":{\"@id\":\"https:\\\/\\\/www.bellunopress.it\\\/2023\\\/12\\\/11\\\/oltre-16mila-visitatori-per-la-mostra-di-corrado-veneziano-alla-biblioteca-nazionale-marciana\\\/#primaryimage\"},\"thumbnailUrl\":\"https:\\\/\\\/www.bellunopress.it\\\/wp-content\\\/uploads\\\/2013\\\/04\\\/biblioteca-nazionale-marciana-venezia.jpg\",\"datePublished\":\"2023-12-11T19:13:07+00:00\",\"breadcrumb\":{\"@id\":\"https:\\\/\\\/www.bellunopress.it\\\/2023\\\/12\\\/11\\\/oltre-16mila-visitatori-per-la-mostra-di-corrado-veneziano-alla-biblioteca-nazionale-marciana\\\/#breadcrumb\"},\"inLanguage\":\"fr-FR\",\"potentialAction\":[{\"@type\":\"ReadAction\",\"target\":[\"https:\\\/\\\/www.bellunopress.it\\\/2023\\\/12\\\/11\\\/oltre-16mila-visitatori-per-la-mostra-di-corrado-veneziano-alla-biblioteca-nazionale-marciana\\\/\"]}]},{\"@type\":\"ImageObject\",\"inLanguage\":\"fr-FR\",\"@id\":\"https:\\\/\\\/www.bellunopress.it\\\/2023\\\/12\\\/11\\\/oltre-16mila-visitatori-per-la-mostra-di-corrado-veneziano-alla-biblioteca-nazionale-marciana\\\/#primaryimage\",\"url\":\"https:\\\/\\\/www.bellunopress.it\\\/wp-content\\\/uploads\\\/2013\\\/04\\\/biblioteca-nazionale-marciana-venezia.jpg\",\"contentUrl\":\"https:\\\/\\\/www.bellunopress.it\\\/wp-content\\\/uploads\\\/2013\\\/04\\\/biblioteca-nazionale-marciana-venezia.jpg\",\"width\":241,\"height\":290},{\"@type\":\"BreadcrumbList\",\"@id\":\"https:\\\/\\\/www.bellunopress.it\\\/2023\\\/12\\\/11\\\/oltre-16mila-visitatori-per-la-mostra-di-corrado-veneziano-alla-biblioteca-nazionale-marciana\\\/#breadcrumb\",\"itemListElement\":[{\"@type\":\"ListItem\",\"position\":1,\"name\":\"Home\",\"item\":\"https:\\\/\\\/www.bellunopress.it\\\/\"},{\"@type\":\"ListItem\",\"position\":2,\"name\":\"Oltre 16mila visitatori per la mostra di Corrado Veneziano alla Biblioteca Nazionale Marciana\u00a0\"}]},{\"@type\":\"WebSite\",\"@id\":\"https:\\\/\\\/www.bellunopress.it\\\/#website\",\"url\":\"https:\\\/\\\/www.bellunopress.it\\\/\",\"name\":\"Bellunopress - Dolomiti\",\"description\":\"e-mail: redazione@bellunopress.it\",\"publisher\":{\"@id\":\"https:\\\/\\\/www.bellunopress.it\\\/#organization\"},\"potentialAction\":[{\"@type\":\"SearchAction\",\"target\":{\"@type\":\"EntryPoint\",\"urlTemplate\":\"https:\\\/\\\/www.bellunopress.it\\\/?s={search_term_string}\"},\"query-input\":{\"@type\":\"PropertyValueSpecification\",\"valueRequired\":true,\"valueName\":\"search_term_string\"}}],\"inLanguage\":\"fr-FR\"},{\"@type\":\"Organization\",\"@id\":\"https:\\\/\\\/www.bellunopress.it\\\/#organization\",\"name\":\"Bellunopress\",\"url\":\"https:\\\/\\\/www.bellunopress.it\\\/\",\"logo\":{\"@type\":\"ImageObject\",\"inLanguage\":\"fr-FR\",\"@id\":\"https:\\\/\\\/www.bellunopress.it\\\/#\\\/schema\\\/logo\\\/image\\\/\",\"url\":\"https:\\\/\\\/www.bellunopress.it\\\/wp-content\\\/uploads\\\/2011\\\/05\\\/cropped-logo-bellunopress-.jpg\",\"contentUrl\":\"https:\\\/\\\/www.bellunopress.it\\\/wp-content\\\/uploads\\\/2011\\\/05\\\/cropped-logo-bellunopress-.jpg\",\"width\":512,\"height\":512,\"caption\":\"Bellunopress\"},\"image\":{\"@id\":\"https:\\\/\\\/www.bellunopress.it\\\/#\\\/schema\\\/logo\\\/image\\\/\"},\"sameAs\":[\"https:\\\/\\\/www.facebook.com\\\/profile.php?id=100008943462799\",\"https:\\\/\\\/x.com\\\/bellunopress\",\"https:\\\/\\\/www.linkedin.com\\\/hp\\\/?dnr=JBzUWaJfMUw8vbXJJ2tVW5-I3jZKvC4wsoxE&amp;amp;amp;amp;amp;amp;trk=nav_responsive_tab_home\",\"https:\\\/\\\/www.youtube.com\\\/channel\\\/UCxL0wu1uN0_3_7hGG0306cw\"]},{\"@type\":\"Person\",\"@id\":\"https:\\\/\\\/www.bellunopress.it\\\/#\\\/schema\\\/person\\\/79bb06722b37ece1c03d3e94beb30d73\",\"name\":\"redazione\",\"image\":{\"@type\":\"ImageObject\",\"inLanguage\":\"fr-FR\",\"@id\":\"https:\\\/\\\/secure.gravatar.com\\\/avatar\\\/37d968a2e67a6fd04c169c4bdef102d0bc5d31b2546345219e348575eb80e9a0?s=96&d=mm&r=g\",\"url\":\"https:\\\/\\\/secure.gravatar.com\\\/avatar\\\/37d968a2e67a6fd04c169c4bdef102d0bc5d31b2546345219e348575eb80e9a0?s=96&d=mm&r=g\",\"contentUrl\":\"https:\\\/\\\/secure.gravatar.com\\\/avatar\\\/37d968a2e67a6fd04c169c4bdef102d0bc5d31b2546345219e348575eb80e9a0?s=96&d=mm&r=g\",\"caption\":\"redazione\"},\"sameAs\":[\"http:\\\/\\\/www.bellunopress.it\",\"https:\\\/\\\/x.com\\\/bellunopress\"],\"url\":\"https:\\\/\\\/www.bellunopress.it\\\/fr\\\/author\\\/redazione\\\/\"}]}<\/script>\n<!-- \/ Yoast SEO plugin. -->","yoast_head_json":{"title":"Oltre 16mila visitatori per la mostra di Corrado Veneziano alla Biblioteca Nazionale Marciana\u00a0 - Bellunopress - Dolomiti","robots":{"index":"index","follow":"follow","max-snippet":"max-snippet:-1","max-image-preview":"max-image-preview:large","max-video-preview":"max-video-preview:-1"},"canonical":"https:\/\/www.bellunopress.it\/fr\/2023\/12\/11\/oltre-16mila-visitatori-per-la-mostra-di-corrado-veneziano-alla-biblioteca-nazionale-marciana\/","og_locale":"fr_FR","og_type":"article","og_title":"Oltre 16mila visitatori per la mostra di Corrado Veneziano alla Biblioteca Nazionale Marciana\u00a0 - Bellunopress - Dolomiti","og_description":"Si conclude la nuova mostra personale di Corrado Veneziano, &#8220;Dipingendo Cavalcaselle. Di tersa mano&#8221;, presso le Sale Monumentali della Biblioteca Nazionale Marciana, a cura di Francesca Barbi Marinetti e Lucia Calzona Oltre 16mila i biglietti staccati fino a ieri, per una media di circa 700 visitatori paganti al giorno. Nella giornata di domenica 3 dicembre, [&hellip;]","og_url":"https:\/\/www.bellunopress.it\/fr\/2023\/12\/11\/oltre-16mila-visitatori-per-la-mostra-di-corrado-veneziano-alla-biblioteca-nazionale-marciana\/","og_site_name":"Bellunopress - Dolomiti","article_publisher":"https:\/\/www.facebook.com\/profile.php?id=100008943462799","article_published_time":"2023-12-11T19:13:07+00:00","og_image":[{"width":241,"height":290,"url":"https:\/\/www.bellunopress.it\/wp-content\/uploads\/2013\/04\/biblioteca-nazionale-marciana-venezia.jpg","type":"image\/jpeg"}],"author":"redazione","twitter_card":"summary_large_image","twitter_creator":"@bellunopress","twitter_site":"@bellunopress","twitter_misc":{"\u00c9crit par":"redazione","Dur\u00e9e de lecture estim\u00e9e":"4 minutes"},"schema":{"@context":"https:\/\/schema.org","@graph":[{"@type":"Article","@id":"https:\/\/www.bellunopress.it\/2023\/12\/11\/oltre-16mila-visitatori-per-la-mostra-di-corrado-veneziano-alla-biblioteca-nazionale-marciana\/#article","isPartOf":{"@id":"https:\/\/www.bellunopress.it\/2023\/12\/11\/oltre-16mila-visitatori-per-la-mostra-di-corrado-veneziano-alla-biblioteca-nazionale-marciana\/"},"author":{"name":"redazione","@id":"https:\/\/www.bellunopress.it\/#\/schema\/person\/79bb06722b37ece1c03d3e94beb30d73"},"headline":"Oltre 16mila visitatori per la mostra di Corrado Veneziano alla Biblioteca Nazionale Marciana\u00a0","datePublished":"2023-12-11T19:13:07+00:00","mainEntityOfPage":{"@id":"https:\/\/www.bellunopress.it\/2023\/12\/11\/oltre-16mila-visitatori-per-la-mostra-di-corrado-veneziano-alla-biblioteca-nazionale-marciana\/"},"wordCount":845,"publisher":{"@id":"https:\/\/www.bellunopress.it\/#organization"},"image":{"@id":"https:\/\/www.bellunopress.it\/2023\/12\/11\/oltre-16mila-visitatori-per-la-mostra-di-corrado-veneziano-alla-biblioteca-nazionale-marciana\/#primaryimage"},"thumbnailUrl":"https:\/\/www.bellunopress.it\/wp-content\/uploads\/2013\/04\/biblioteca-nazionale-marciana-venezia.jpg","articleSection":["Appuntamenti, Eventi","Arte, Cultura, Spettacoli, Scienza"],"inLanguage":"fr-FR"},{"@type":"WebPage","@id":"https:\/\/www.bellunopress.it\/2023\/12\/11\/oltre-16mila-visitatori-per-la-mostra-di-corrado-veneziano-alla-biblioteca-nazionale-marciana\/","url":"https:\/\/www.bellunopress.it\/2023\/12\/11\/oltre-16mila-visitatori-per-la-mostra-di-corrado-veneziano-alla-biblioteca-nazionale-marciana\/","name":"Oltre 16mila visitatori per la mostra di Corrado Veneziano alla Biblioteca Nazionale Marciana\u00a0 - Bellunopress - Dolomiti","isPartOf":{"@id":"https:\/\/www.bellunopress.it\/#website"},"primaryImageOfPage":{"@id":"https:\/\/www.bellunopress.it\/2023\/12\/11\/oltre-16mila-visitatori-per-la-mostra-di-corrado-veneziano-alla-biblioteca-nazionale-marciana\/#primaryimage"},"image":{"@id":"https:\/\/www.bellunopress.it\/2023\/12\/11\/oltre-16mila-visitatori-per-la-mostra-di-corrado-veneziano-alla-biblioteca-nazionale-marciana\/#primaryimage"},"thumbnailUrl":"https:\/\/www.bellunopress.it\/wp-content\/uploads\/2013\/04\/biblioteca-nazionale-marciana-venezia.jpg","datePublished":"2023-12-11T19:13:07+00:00","breadcrumb":{"@id":"https:\/\/www.bellunopress.it\/2023\/12\/11\/oltre-16mila-visitatori-per-la-mostra-di-corrado-veneziano-alla-biblioteca-nazionale-marciana\/#breadcrumb"},"inLanguage":"fr-FR","potentialAction":[{"@type":"ReadAction","target":["https:\/\/www.bellunopress.it\/2023\/12\/11\/oltre-16mila-visitatori-per-la-mostra-di-corrado-veneziano-alla-biblioteca-nazionale-marciana\/"]}]},{"@type":"ImageObject","inLanguage":"fr-FR","@id":"https:\/\/www.bellunopress.it\/2023\/12\/11\/oltre-16mila-visitatori-per-la-mostra-di-corrado-veneziano-alla-biblioteca-nazionale-marciana\/#primaryimage","url":"https:\/\/www.bellunopress.it\/wp-content\/uploads\/2013\/04\/biblioteca-nazionale-marciana-venezia.jpg","contentUrl":"https:\/\/www.bellunopress.it\/wp-content\/uploads\/2013\/04\/biblioteca-nazionale-marciana-venezia.jpg","width":241,"height":290},{"@type":"BreadcrumbList","@id":"https:\/\/www.bellunopress.it\/2023\/12\/11\/oltre-16mila-visitatori-per-la-mostra-di-corrado-veneziano-alla-biblioteca-nazionale-marciana\/#breadcrumb","itemListElement":[{"@type":"ListItem","position":1,"name":"Home","item":"https:\/\/www.bellunopress.it\/"},{"@type":"ListItem","position":2,"name":"Oltre 16mila visitatori per la mostra di Corrado Veneziano alla Biblioteca Nazionale Marciana\u00a0"}]},{"@type":"WebSite","@id":"https:\/\/www.bellunopress.it\/#website","url":"https:\/\/www.bellunopress.it\/","name":"Bellunopress - Dolomiti","description":"e-mail: redazione@bellunopress.it","publisher":{"@id":"https:\/\/www.bellunopress.it\/#organization"},"potentialAction":[{"@type":"SearchAction","target":{"@type":"EntryPoint","urlTemplate":"https:\/\/www.bellunopress.it\/?s={search_term_string}"},"query-input":{"@type":"PropertyValueSpecification","valueRequired":true,"valueName":"search_term_string"}}],"inLanguage":"fr-FR"},{"@type":"Organization","@id":"https:\/\/www.bellunopress.it\/#organization","name":"Bellunopress","url":"https:\/\/www.bellunopress.it\/","logo":{"@type":"ImageObject","inLanguage":"fr-FR","@id":"https:\/\/www.bellunopress.it\/#\/schema\/logo\/image\/","url":"https:\/\/www.bellunopress.it\/wp-content\/uploads\/2011\/05\/cropped-logo-bellunopress-.jpg","contentUrl":"https:\/\/www.bellunopress.it\/wp-content\/uploads\/2011\/05\/cropped-logo-bellunopress-.jpg","width":512,"height":512,"caption":"Bellunopress"},"image":{"@id":"https:\/\/www.bellunopress.it\/#\/schema\/logo\/image\/"},"sameAs":["https:\/\/www.facebook.com\/profile.php?id=100008943462799","https:\/\/x.com\/bellunopress","https:\/\/www.linkedin.com\/hp\/?dnr=JBzUWaJfMUw8vbXJJ2tVW5-I3jZKvC4wsoxE&amp;amp;amp;amp;amp;amp;trk=nav_responsive_tab_home","https:\/\/www.youtube.com\/channel\/UCxL0wu1uN0_3_7hGG0306cw"]},{"@type":"Person","@id":"https:\/\/www.bellunopress.it\/#\/schema\/person\/79bb06722b37ece1c03d3e94beb30d73","name":"r\u00e9daction","image":{"@type":"ImageObject","inLanguage":"fr-FR","@id":"https:\/\/secure.gravatar.com\/avatar\/37d968a2e67a6fd04c169c4bdef102d0bc5d31b2546345219e348575eb80e9a0?s=96&d=mm&r=g","url":"https:\/\/secure.gravatar.com\/avatar\/37d968a2e67a6fd04c169c4bdef102d0bc5d31b2546345219e348575eb80e9a0?s=96&d=mm&r=g","contentUrl":"https:\/\/secure.gravatar.com\/avatar\/37d968a2e67a6fd04c169c4bdef102d0bc5d31b2546345219e348575eb80e9a0?s=96&d=mm&r=g","caption":"redazione"},"sameAs":["http:\/\/www.bellunopress.it","https:\/\/x.com\/bellunopress"],"url":"https:\/\/www.bellunopress.it\/fr\/author\/redazione\/"}]}},"_links":{"self":[{"href":"https:\/\/www.bellunopress.it\/fr\/wp-json\/wp\/v2\/posts\/146711","targetHints":{"allow":["GET"]}}],"collection":[{"href":"https:\/\/www.bellunopress.it\/fr\/wp-json\/wp\/v2\/posts"}],"about":[{"href":"https:\/\/www.bellunopress.it\/fr\/wp-json\/wp\/v2\/types\/post"}],"author":[{"embeddable":true,"href":"https:\/\/www.bellunopress.it\/fr\/wp-json\/wp\/v2\/users\/2"}],"replies":[{"embeddable":true,"href":"https:\/\/www.bellunopress.it\/fr\/wp-json\/wp\/v2\/comments?post=146711"}],"version-history":[{"count":1,"href":"https:\/\/www.bellunopress.it\/fr\/wp-json\/wp\/v2\/posts\/146711\/revisions"}],"predecessor-version":[{"id":146712,"href":"https:\/\/www.bellunopress.it\/fr\/wp-json\/wp\/v2\/posts\/146711\/revisions\/146712"}],"wp:featuredmedia":[{"embeddable":true,"href":"https:\/\/www.bellunopress.it\/fr\/wp-json\/wp\/v2\/media\/48274"}],"wp:attachment":[{"href":"https:\/\/www.bellunopress.it\/fr\/wp-json\/wp\/v2\/media?parent=146711"}],"wp:term":[{"taxonomy":"category","embeddable":true,"href":"https:\/\/www.bellunopress.it\/fr\/wp-json\/wp\/v2\/categories?post=146711"},{"taxonomy":"post_tag","embeddable":true,"href":"https:\/\/www.bellunopress.it\/fr\/wp-json\/wp\/v2\/tags?post=146711"}],"curies":[{"name":"wp","href":"https:\/\/api.w.org\/{rel}","templated":true}]}}