{"id":146707,"date":"2023-12-11T19:43:01","date_gmt":"2023-12-11T18:43:01","guid":{"rendered":"https:\/\/www.bellunopress.it\/?p=146707"},"modified":"2023-12-11T19:43:01","modified_gmt":"2023-12-11T18:43:01","slug":"come-accogliere-lospite-la-consulta-di-cortina-dampezzo-propone-un-percorso-gratuito-sui-temi-della-presenza-digitale","status":"publish","type":"post","link":"https:\/\/www.bellunopress.it\/fr\/2023\/12\/11\/come-accogliere-lospite-la-consulta-di-cortina-dampezzo-propone-un-percorso-gratuito-sui-temi-della-presenza-digitale\/","title":{"rendered":"Come accogliere l&#8217;ospite. La consulta di Cortina d\u2019Ampezzo propone un percorso gratuito sui temi della presenza digitale"},"content":{"rendered":"<figure id=\"attachment_142736\" aria-describedby=\"caption-attachment-142736\" style=\"width: 644px\" class=\"wp-caption alignleft\"><img loading=\"lazy\" decoding=\"async\" class=\"size-full wp-image-142736\" src=\"https:\/\/www.bellunopress.it\/wp-content\/uploads\/2023\/07\/Michela-De-Martin-presidente-consulta-Cortina.jpg\" alt=\"\" width=\"644\" height=\"717\" srcset=\"https:\/\/www.bellunopress.it\/wp-content\/uploads\/2023\/07\/Michela-De-Martin-presidente-consulta-Cortina.jpg 644w, https:\/\/www.bellunopress.it\/wp-content\/uploads\/2023\/07\/Michela-De-Martin-presidente-consulta-Cortina-449x500.jpg 449w, https:\/\/www.bellunopress.it\/wp-content\/uploads\/2023\/07\/Michela-De-Martin-presidente-consulta-Cortina-377x420.jpg 377w\" sizes=\"auto, (max-width: 644px) 100vw, 644px\" \/><figcaption id=\"caption-attachment-142736\" class=\"wp-caption-text\">Michela De Martin, delegata Consulta Confcommercio Cortina d&#8217;Ampezzo<\/figcaption><\/figure>\n<p>La Consulta Confcommercio di Cortina d\u2019Ampezzo, attraverso la delegata Michela De Martin, ha voluto dare una risposta fattiva all\u2019esigenza di fornire alle ditte cadorine associate strumenti adeguati ad affrontare i cambiamenti in atto. Sulla scorta di ci\u00f2, attraverso Ascom Formazione Belluno e con il sostegno finanziario dell\u2019Ente Bilaterale Turismo e l\u2019Ente Bilaterale Terziario per le aziende aderenti, \u00e8 stato creato un percorso gratuito di crescita<br \/>\nprofessionale dedicato agli operatori del settore.<br \/>\n\u00abL\u2019obiettivo \u00e8 fornire chiari concetti e precise tecniche per l\u2019utilizzo degli strumenti \u201cdigital\u201d in modo da migliorare la visibilit\u00e0 e la reputazione della propria struttura e per migliorare l\u2019accoglienza del turista di oggi, soddisfacendo le sue aspettative sia in termini di sostenibilit\u00e0 che di accessibilit\u00e0\u00bb, ha commentato Michela De Martin.<br \/>\nIl percorso &#8211; che si terr\u00e0 nei giorni 18, 19 e 20 dicembre prossimi presso la Sala Didattica del Museo Etnografico delle Regole di Cortina in via Marangoi 1 &#8211; prevede un totale di 17 ore di formazione divise in 12 ore di contenuti \u201cDigital e Green Marketing\u201d a cura del dott. Enrico Moro e 5 ore di confronto, spunti e laboratorio sul \u201cTurismo sostenibile ed accessibile\u201d con la dott.ssa Francesca Bartolini che introdurranno e seguiranno il percorso \u201cdigital\u201d.<br \/>\n\u00abL\u2019obiettivo di questi incontri \u00e8 capire le reali necessit\u00e0 dell\u2019ospite per organizzare un\u2019accoglienza adeguata, empatica e che soddisfi le sue aspettative. Saranno pertanto sviluppati i temi del turismo accessibile e sostenibile, con una panoramica su alcuni esempi virtuosi nazionali ed internazionali\u00bb, ha affermato Michela De Martin.<br \/>\n\u00abCon i laboratori proposti si intende invece stimolare il pensiero laterale, il lavoro di gruppo e fornire gli strumenti per valutare e portare le idee dal piano astratto alla realizzazione concreta. Con l\u2019aiuto del Design Thinking, verr\u00e0 chiesto di mettersi nei panni del cliente per capire il suo processo di ricerca e di valutazione per una vacanza nelle nostre montagne. Infine verr\u00e0 proposto un laboratorio di idee per stimolare proposte ed offerte innovative valutando anche il loro processo di realizzazione\u00bb.<\/p>","protected":false},"excerpt":{"rendered":"<p>La Consulta Confcommercio di Cortina d\u2019Ampezzo, attraverso la delegata Michela De Martin, ha voluto dare una risposta fattiva all\u2019esigenza di fornire alle ditte cadorine associate strumenti adeguati ad affrontare i cambiamenti in atto. Sulla scorta di ci\u00f2, attraverso Ascom Formazione Belluno e con il sostegno finanziario dell\u2019Ente Bilaterale Turismo e l\u2019Ente Bilaterale Terziario per le [&hellip;]<\/p>\n","protected":false},"author":2,"featured_media":142736,"comment_status":"closed","ping_status":"open","sticky":false,"template":"","format":"standard","meta":{"footnotes":""},"categories":[36],"tags":[],"class_list":["post-146707","post","type-post","status-publish","format-standard","has-post-thumbnail","category-lavoro-economia"],"yoast_head":"<!-- This site is optimized with the Yoast SEO plugin v28.4 - https:\/\/yoast.com\/product\/yoast-seo-wordpress\/ -->\n<title>Come accogliere l&#039;ospite. La consulta di Cortina d\u2019Ampezzo propone un percorso gratuito sui temi della presenza digitale - Bellunopress - Dolomiti<\/title>\n<meta name=\"robots\" content=\"index, follow, max-snippet:-1, max-image-preview:large, max-video-preview:-1\" \/>\n<link rel=\"canonical\" href=\"https:\/\/www.bellunopress.it\/fr\/2023\/12\/11\/come-accogliere-lospite-la-consulta-di-cortina-dampezzo-propone-un-percorso-gratuito-sui-temi-della-presenza-digitale\/\" \/>\n<meta property=\"og:locale\" content=\"fr_FR\" \/>\n<meta property=\"og:type\" content=\"article\" \/>\n<meta property=\"og:title\" content=\"Come accogliere l&#039;ospite. La consulta di Cortina d\u2019Ampezzo propone un percorso gratuito sui temi della presenza digitale - Bellunopress - Dolomiti\" \/>\n<meta property=\"og:description\" content=\"La Consulta Confcommercio di Cortina d\u2019Ampezzo, attraverso la delegata Michela De Martin, ha voluto dare una risposta fattiva all\u2019esigenza di fornire alle ditte cadorine associate strumenti adeguati ad affrontare i cambiamenti in atto. Sulla scorta di ci\u00f2, attraverso Ascom Formazione Belluno e con il sostegno finanziario dell\u2019Ente Bilaterale Turismo e l\u2019Ente Bilaterale Terziario per le [&hellip;]\" \/>\n<meta property=\"og:url\" content=\"https:\/\/www.bellunopress.it\/fr\/2023\/12\/11\/come-accogliere-lospite-la-consulta-di-cortina-dampezzo-propone-un-percorso-gratuito-sui-temi-della-presenza-digitale\/\" \/>\n<meta property=\"og:site_name\" content=\"Bellunopress - Dolomiti\" \/>\n<meta property=\"article:publisher\" content=\"https:\/\/www.facebook.com\/profile.php?id=100008943462799\" \/>\n<meta property=\"article:published_time\" content=\"2023-12-11T18:43:01+00:00\" \/>\n<meta property=\"og:image\" content=\"https:\/\/www.bellunopress.it\/wp-content\/uploads\/2023\/07\/Michela-De-Martin-presidente-consulta-Cortina.jpg\" \/>\n\t<meta property=\"og:image:width\" content=\"644\" \/>\n\t<meta property=\"og:image:height\" content=\"717\" \/>\n\t<meta property=\"og:image:type\" content=\"image\/jpeg\" \/>\n<meta name=\"author\" content=\"redazione\" \/>\n<meta name=\"twitter:card\" content=\"summary_large_image\" \/>\n<meta name=\"twitter:creator\" content=\"@bellunopress\" \/>\n<meta name=\"twitter:site\" content=\"@bellunopress\" \/>\n<meta name=\"twitter:label1\" content=\"\u00c9crit par\" \/>\n\t<meta name=\"twitter:data1\" content=\"redazione\" \/>\n\t<meta name=\"twitter:label2\" content=\"Dur\u00e9e de lecture estim\u00e9e\" \/>\n\t<meta name=\"twitter:data2\" content=\"2 minutes\" \/>\n<script type=\"application\/ld+json\" class=\"yoast-schema-graph\">{\"@context\":\"https:\\\/\\\/schema.org\",\"@graph\":[{\"@type\":\"Article\",\"@id\":\"https:\\\/\\\/www.bellunopress.it\\\/2023\\\/12\\\/11\\\/come-accogliere-lospite-la-consulta-di-cortina-dampezzo-propone-un-percorso-gratuito-sui-temi-della-presenza-digitale\\\/#article\",\"isPartOf\":{\"@id\":\"https:\\\/\\\/www.bellunopress.it\\\/2023\\\/12\\\/11\\\/come-accogliere-lospite-la-consulta-di-cortina-dampezzo-propone-un-percorso-gratuito-sui-temi-della-presenza-digitale\\\/\"},\"author\":{\"name\":\"redazione\",\"@id\":\"https:\\\/\\\/www.bellunopress.it\\\/#\\\/schema\\\/person\\\/79bb06722b37ece1c03d3e94beb30d73\"},\"headline\":\"Come accogliere l&#8217;ospite. La consulta di Cortina d\u2019Ampezzo propone un percorso gratuito sui temi della presenza digitale\",\"datePublished\":\"2023-12-11T18:43:01+00:00\",\"mainEntityOfPage\":{\"@id\":\"https:\\\/\\\/www.bellunopress.it\\\/2023\\\/12\\\/11\\\/come-accogliere-lospite-la-consulta-di-cortina-dampezzo-propone-un-percorso-gratuito-sui-temi-della-presenza-digitale\\\/\"},\"wordCount\":363,\"publisher\":{\"@id\":\"https:\\\/\\\/www.bellunopress.it\\\/#organization\"},\"image\":{\"@id\":\"https:\\\/\\\/www.bellunopress.it\\\/2023\\\/12\\\/11\\\/come-accogliere-lospite-la-consulta-di-cortina-dampezzo-propone-un-percorso-gratuito-sui-temi-della-presenza-digitale\\\/#primaryimage\"},\"thumbnailUrl\":\"https:\\\/\\\/www.bellunopress.it\\\/wp-content\\\/uploads\\\/2023\\\/07\\\/Michela-De-Martin-presidente-consulta-Cortina.jpg\",\"articleSection\":[\"Lavoro, Economia, Turismo\"],\"inLanguage\":\"fr-FR\"},{\"@type\":\"WebPage\",\"@id\":\"https:\\\/\\\/www.bellunopress.it\\\/2023\\\/12\\\/11\\\/come-accogliere-lospite-la-consulta-di-cortina-dampezzo-propone-un-percorso-gratuito-sui-temi-della-presenza-digitale\\\/\",\"url\":\"https:\\\/\\\/www.bellunopress.it\\\/2023\\\/12\\\/11\\\/come-accogliere-lospite-la-consulta-di-cortina-dampezzo-propone-un-percorso-gratuito-sui-temi-della-presenza-digitale\\\/\",\"name\":\"Come accogliere l'ospite. La consulta di Cortina d\u2019Ampezzo propone un percorso gratuito sui temi della presenza digitale - Bellunopress - Dolomiti\",\"isPartOf\":{\"@id\":\"https:\\\/\\\/www.bellunopress.it\\\/#website\"},\"primaryImageOfPage\":{\"@id\":\"https:\\\/\\\/www.bellunopress.it\\\/2023\\\/12\\\/11\\\/come-accogliere-lospite-la-consulta-di-cortina-dampezzo-propone-un-percorso-gratuito-sui-temi-della-presenza-digitale\\\/#primaryimage\"},\"image\":{\"@id\":\"https:\\\/\\\/www.bellunopress.it\\\/2023\\\/12\\\/11\\\/come-accogliere-lospite-la-consulta-di-cortina-dampezzo-propone-un-percorso-gratuito-sui-temi-della-presenza-digitale\\\/#primaryimage\"},\"thumbnailUrl\":\"https:\\\/\\\/www.bellunopress.it\\\/wp-content\\\/uploads\\\/2023\\\/07\\\/Michela-De-Martin-presidente-consulta-Cortina.jpg\",\"datePublished\":\"2023-12-11T18:43:01+00:00\",\"breadcrumb\":{\"@id\":\"https:\\\/\\\/www.bellunopress.it\\\/2023\\\/12\\\/11\\\/come-accogliere-lospite-la-consulta-di-cortina-dampezzo-propone-un-percorso-gratuito-sui-temi-della-presenza-digitale\\\/#breadcrumb\"},\"inLanguage\":\"fr-FR\",\"potentialAction\":[{\"@type\":\"ReadAction\",\"target\":[\"https:\\\/\\\/www.bellunopress.it\\\/2023\\\/12\\\/11\\\/come-accogliere-lospite-la-consulta-di-cortina-dampezzo-propone-un-percorso-gratuito-sui-temi-della-presenza-digitale\\\/\"]}]},{\"@type\":\"ImageObject\",\"inLanguage\":\"fr-FR\",\"@id\":\"https:\\\/\\\/www.bellunopress.it\\\/2023\\\/12\\\/11\\\/come-accogliere-lospite-la-consulta-di-cortina-dampezzo-propone-un-percorso-gratuito-sui-temi-della-presenza-digitale\\\/#primaryimage\",\"url\":\"https:\\\/\\\/www.bellunopress.it\\\/wp-content\\\/uploads\\\/2023\\\/07\\\/Michela-De-Martin-presidente-consulta-Cortina.jpg\",\"contentUrl\":\"https:\\\/\\\/www.bellunopress.it\\\/wp-content\\\/uploads\\\/2023\\\/07\\\/Michela-De-Martin-presidente-consulta-Cortina.jpg\",\"width\":644,\"height\":717,\"caption\":\"Michela De Martin, delegata Consulta Confcommercio Cortina d'Ampezzo\"},{\"@type\":\"BreadcrumbList\",\"@id\":\"https:\\\/\\\/www.bellunopress.it\\\/2023\\\/12\\\/11\\\/come-accogliere-lospite-la-consulta-di-cortina-dampezzo-propone-un-percorso-gratuito-sui-temi-della-presenza-digitale\\\/#breadcrumb\",\"itemListElement\":[{\"@type\":\"ListItem\",\"position\":1,\"name\":\"Home\",\"item\":\"https:\\\/\\\/www.bellunopress.it\\\/\"},{\"@type\":\"ListItem\",\"position\":2,\"name\":\"Come accogliere l&#8217;ospite. La consulta di Cortina d\u2019Ampezzo propone un percorso gratuito sui temi della presenza digitale\"}]},{\"@type\":\"WebSite\",\"@id\":\"https:\\\/\\\/www.bellunopress.it\\\/#website\",\"url\":\"https:\\\/\\\/www.bellunopress.it\\\/\",\"name\":\"Bellunopress - Dolomiti\",\"description\":\"e-mail: redazione@bellunopress.it\",\"publisher\":{\"@id\":\"https:\\\/\\\/www.bellunopress.it\\\/#organization\"},\"potentialAction\":[{\"@type\":\"SearchAction\",\"target\":{\"@type\":\"EntryPoint\",\"urlTemplate\":\"https:\\\/\\\/www.bellunopress.it\\\/?s={search_term_string}\"},\"query-input\":{\"@type\":\"PropertyValueSpecification\",\"valueRequired\":true,\"valueName\":\"search_term_string\"}}],\"inLanguage\":\"fr-FR\"},{\"@type\":\"Organization\",\"@id\":\"https:\\\/\\\/www.bellunopress.it\\\/#organization\",\"name\":\"Bellunopress\",\"url\":\"https:\\\/\\\/www.bellunopress.it\\\/\",\"logo\":{\"@type\":\"ImageObject\",\"inLanguage\":\"fr-FR\",\"@id\":\"https:\\\/\\\/www.bellunopress.it\\\/#\\\/schema\\\/logo\\\/image\\\/\",\"url\":\"https:\\\/\\\/www.bellunopress.it\\\/wp-content\\\/uploads\\\/2011\\\/05\\\/cropped-logo-bellunopress-.jpg\",\"contentUrl\":\"https:\\\/\\\/www.bellunopress.it\\\/wp-content\\\/uploads\\\/2011\\\/05\\\/cropped-logo-bellunopress-.jpg\",\"width\":512,\"height\":512,\"caption\":\"Bellunopress\"},\"image\":{\"@id\":\"https:\\\/\\\/www.bellunopress.it\\\/#\\\/schema\\\/logo\\\/image\\\/\"},\"sameAs\":[\"https:\\\/\\\/www.facebook.com\\\/profile.php?id=100008943462799\",\"https:\\\/\\\/x.com\\\/bellunopress\",\"https:\\\/\\\/www.linkedin.com\\\/hp\\\/?dnr=JBzUWaJfMUw8vbXJJ2tVW5-I3jZKvC4wsoxE&amp;amp;amp;amp;amp;amp;trk=nav_responsive_tab_home\",\"https:\\\/\\\/www.youtube.com\\\/channel\\\/UCxL0wu1uN0_3_7hGG0306cw\"]},{\"@type\":\"Person\",\"@id\":\"https:\\\/\\\/www.bellunopress.it\\\/#\\\/schema\\\/person\\\/79bb06722b37ece1c03d3e94beb30d73\",\"name\":\"redazione\",\"image\":{\"@type\":\"ImageObject\",\"inLanguage\":\"fr-FR\",\"@id\":\"https:\\\/\\\/secure.gravatar.com\\\/avatar\\\/37d968a2e67a6fd04c169c4bdef102d0bc5d31b2546345219e348575eb80e9a0?s=96&d=mm&r=g\",\"url\":\"https:\\\/\\\/secure.gravatar.com\\\/avatar\\\/37d968a2e67a6fd04c169c4bdef102d0bc5d31b2546345219e348575eb80e9a0?s=96&d=mm&r=g\",\"contentUrl\":\"https:\\\/\\\/secure.gravatar.com\\\/avatar\\\/37d968a2e67a6fd04c169c4bdef102d0bc5d31b2546345219e348575eb80e9a0?s=96&d=mm&r=g\",\"caption\":\"redazione\"},\"sameAs\":[\"http:\\\/\\\/www.bellunopress.it\",\"https:\\\/\\\/x.com\\\/bellunopress\"],\"url\":\"https:\\\/\\\/www.bellunopress.it\\\/fr\\\/author\\\/redazione\\\/\"}]}<\/script>\n<!-- \/ Yoast SEO plugin. -->","yoast_head_json":{"title":"Come accogliere l'ospite. La consulta di Cortina d\u2019Ampezzo propone un percorso gratuito sui temi della presenza digitale - Bellunopress - Dolomiti","robots":{"index":"index","follow":"follow","max-snippet":"max-snippet:-1","max-image-preview":"max-image-preview:large","max-video-preview":"max-video-preview:-1"},"canonical":"https:\/\/www.bellunopress.it\/fr\/2023\/12\/11\/come-accogliere-lospite-la-consulta-di-cortina-dampezzo-propone-un-percorso-gratuito-sui-temi-della-presenza-digitale\/","og_locale":"fr_FR","og_type":"article","og_title":"Come accogliere l'ospite. La consulta di Cortina d\u2019Ampezzo propone un percorso gratuito sui temi della presenza digitale - Bellunopress - Dolomiti","og_description":"La Consulta Confcommercio di Cortina d\u2019Ampezzo, attraverso la delegata Michela De Martin, ha voluto dare una risposta fattiva all\u2019esigenza di fornire alle ditte cadorine associate strumenti adeguati ad affrontare i cambiamenti in atto. Sulla scorta di ci\u00f2, attraverso Ascom Formazione Belluno e con il sostegno finanziario dell\u2019Ente Bilaterale Turismo e l\u2019Ente Bilaterale Terziario per le [&hellip;]","og_url":"https:\/\/www.bellunopress.it\/fr\/2023\/12\/11\/come-accogliere-lospite-la-consulta-di-cortina-dampezzo-propone-un-percorso-gratuito-sui-temi-della-presenza-digitale\/","og_site_name":"Bellunopress - Dolomiti","article_publisher":"https:\/\/www.facebook.com\/profile.php?id=100008943462799","article_published_time":"2023-12-11T18:43:01+00:00","og_image":[{"width":644,"height":717,"url":"https:\/\/www.bellunopress.it\/wp-content\/uploads\/2023\/07\/Michela-De-Martin-presidente-consulta-Cortina.jpg","type":"image\/jpeg"}],"author":"redazione","twitter_card":"summary_large_image","twitter_creator":"@bellunopress","twitter_site":"@bellunopress","twitter_misc":{"\u00c9crit par":"redazione","Dur\u00e9e de lecture estim\u00e9e":"2 minutes"},"schema":{"@context":"https:\/\/schema.org","@graph":[{"@type":"Article","@id":"https:\/\/www.bellunopress.it\/2023\/12\/11\/come-accogliere-lospite-la-consulta-di-cortina-dampezzo-propone-un-percorso-gratuito-sui-temi-della-presenza-digitale\/#article","isPartOf":{"@id":"https:\/\/www.bellunopress.it\/2023\/12\/11\/come-accogliere-lospite-la-consulta-di-cortina-dampezzo-propone-un-percorso-gratuito-sui-temi-della-presenza-digitale\/"},"author":{"name":"redazione","@id":"https:\/\/www.bellunopress.it\/#\/schema\/person\/79bb06722b37ece1c03d3e94beb30d73"},"headline":"Come accogliere l&#8217;ospite. La consulta di Cortina d\u2019Ampezzo propone un percorso gratuito sui temi della presenza digitale","datePublished":"2023-12-11T18:43:01+00:00","mainEntityOfPage":{"@id":"https:\/\/www.bellunopress.it\/2023\/12\/11\/come-accogliere-lospite-la-consulta-di-cortina-dampezzo-propone-un-percorso-gratuito-sui-temi-della-presenza-digitale\/"},"wordCount":363,"publisher":{"@id":"https:\/\/www.bellunopress.it\/#organization"},"image":{"@id":"https:\/\/www.bellunopress.it\/2023\/12\/11\/come-accogliere-lospite-la-consulta-di-cortina-dampezzo-propone-un-percorso-gratuito-sui-temi-della-presenza-digitale\/#primaryimage"},"thumbnailUrl":"https:\/\/www.bellunopress.it\/wp-content\/uploads\/2023\/07\/Michela-De-Martin-presidente-consulta-Cortina.jpg","articleSection":["Lavoro, Economia, Turismo"],"inLanguage":"fr-FR"},{"@type":"WebPage","@id":"https:\/\/www.bellunopress.it\/2023\/12\/11\/come-accogliere-lospite-la-consulta-di-cortina-dampezzo-propone-un-percorso-gratuito-sui-temi-della-presenza-digitale\/","url":"https:\/\/www.bellunopress.it\/2023\/12\/11\/come-accogliere-lospite-la-consulta-di-cortina-dampezzo-propone-un-percorso-gratuito-sui-temi-della-presenza-digitale\/","name":"Come accogliere l'ospite. La consulta di Cortina d\u2019Ampezzo propone un percorso gratuito sui temi della presenza digitale - Bellunopress - Dolomiti","isPartOf":{"@id":"https:\/\/www.bellunopress.it\/#website"},"primaryImageOfPage":{"@id":"https:\/\/www.bellunopress.it\/2023\/12\/11\/come-accogliere-lospite-la-consulta-di-cortina-dampezzo-propone-un-percorso-gratuito-sui-temi-della-presenza-digitale\/#primaryimage"},"image":{"@id":"https:\/\/www.bellunopress.it\/2023\/12\/11\/come-accogliere-lospite-la-consulta-di-cortina-dampezzo-propone-un-percorso-gratuito-sui-temi-della-presenza-digitale\/#primaryimage"},"thumbnailUrl":"https:\/\/www.bellunopress.it\/wp-content\/uploads\/2023\/07\/Michela-De-Martin-presidente-consulta-Cortina.jpg","datePublished":"2023-12-11T18:43:01+00:00","breadcrumb":{"@id":"https:\/\/www.bellunopress.it\/2023\/12\/11\/come-accogliere-lospite-la-consulta-di-cortina-dampezzo-propone-un-percorso-gratuito-sui-temi-della-presenza-digitale\/#breadcrumb"},"inLanguage":"fr-FR","potentialAction":[{"@type":"ReadAction","target":["https:\/\/www.bellunopress.it\/2023\/12\/11\/come-accogliere-lospite-la-consulta-di-cortina-dampezzo-propone-un-percorso-gratuito-sui-temi-della-presenza-digitale\/"]}]},{"@type":"ImageObject","inLanguage":"fr-FR","@id":"https:\/\/www.bellunopress.it\/2023\/12\/11\/come-accogliere-lospite-la-consulta-di-cortina-dampezzo-propone-un-percorso-gratuito-sui-temi-della-presenza-digitale\/#primaryimage","url":"https:\/\/www.bellunopress.it\/wp-content\/uploads\/2023\/07\/Michela-De-Martin-presidente-consulta-Cortina.jpg","contentUrl":"https:\/\/www.bellunopress.it\/wp-content\/uploads\/2023\/07\/Michela-De-Martin-presidente-consulta-Cortina.jpg","width":644,"height":717,"caption":"Michela De Martin, delegata Consulta Confcommercio Cortina d'Ampezzo"},{"@type":"BreadcrumbList","@id":"https:\/\/www.bellunopress.it\/2023\/12\/11\/come-accogliere-lospite-la-consulta-di-cortina-dampezzo-propone-un-percorso-gratuito-sui-temi-della-presenza-digitale\/#breadcrumb","itemListElement":[{"@type":"ListItem","position":1,"name":"Home","item":"https:\/\/www.bellunopress.it\/"},{"@type":"ListItem","position":2,"name":"Come accogliere l&#8217;ospite. La consulta di Cortina d\u2019Ampezzo propone un percorso gratuito sui temi della presenza digitale"}]},{"@type":"WebSite","@id":"https:\/\/www.bellunopress.it\/#website","url":"https:\/\/www.bellunopress.it\/","name":"Bellunopress - Dolomiti","description":"e-mail: redazione@bellunopress.it","publisher":{"@id":"https:\/\/www.bellunopress.it\/#organization"},"potentialAction":[{"@type":"SearchAction","target":{"@type":"EntryPoint","urlTemplate":"https:\/\/www.bellunopress.it\/?s={search_term_string}"},"query-input":{"@type":"PropertyValueSpecification","valueRequired":true,"valueName":"search_term_string"}}],"inLanguage":"fr-FR"},{"@type":"Organization","@id":"https:\/\/www.bellunopress.it\/#organization","name":"Bellunopress","url":"https:\/\/www.bellunopress.it\/","logo":{"@type":"ImageObject","inLanguage":"fr-FR","@id":"https:\/\/www.bellunopress.it\/#\/schema\/logo\/image\/","url":"https:\/\/www.bellunopress.it\/wp-content\/uploads\/2011\/05\/cropped-logo-bellunopress-.jpg","contentUrl":"https:\/\/www.bellunopress.it\/wp-content\/uploads\/2011\/05\/cropped-logo-bellunopress-.jpg","width":512,"height":512,"caption":"Bellunopress"},"image":{"@id":"https:\/\/www.bellunopress.it\/#\/schema\/logo\/image\/"},"sameAs":["https:\/\/www.facebook.com\/profile.php?id=100008943462799","https:\/\/x.com\/bellunopress","https:\/\/www.linkedin.com\/hp\/?dnr=JBzUWaJfMUw8vbXJJ2tVW5-I3jZKvC4wsoxE&amp;amp;amp;amp;amp;amp;trk=nav_responsive_tab_home","https:\/\/www.youtube.com\/channel\/UCxL0wu1uN0_3_7hGG0306cw"]},{"@type":"Person","@id":"https:\/\/www.bellunopress.it\/#\/schema\/person\/79bb06722b37ece1c03d3e94beb30d73","name":"r\u00e9daction","image":{"@type":"ImageObject","inLanguage":"fr-FR","@id":"https:\/\/secure.gravatar.com\/avatar\/37d968a2e67a6fd04c169c4bdef102d0bc5d31b2546345219e348575eb80e9a0?s=96&d=mm&r=g","url":"https:\/\/secure.gravatar.com\/avatar\/37d968a2e67a6fd04c169c4bdef102d0bc5d31b2546345219e348575eb80e9a0?s=96&d=mm&r=g","contentUrl":"https:\/\/secure.gravatar.com\/avatar\/37d968a2e67a6fd04c169c4bdef102d0bc5d31b2546345219e348575eb80e9a0?s=96&d=mm&r=g","caption":"redazione"},"sameAs":["http:\/\/www.bellunopress.it","https:\/\/x.com\/bellunopress"],"url":"https:\/\/www.bellunopress.it\/fr\/author\/redazione\/"}]}},"_links":{"self":[{"href":"https:\/\/www.bellunopress.it\/fr\/wp-json\/wp\/v2\/posts\/146707","targetHints":{"allow":["GET"]}}],"collection":[{"href":"https:\/\/www.bellunopress.it\/fr\/wp-json\/wp\/v2\/posts"}],"about":[{"href":"https:\/\/www.bellunopress.it\/fr\/wp-json\/wp\/v2\/types\/post"}],"author":[{"embeddable":true,"href":"https:\/\/www.bellunopress.it\/fr\/wp-json\/wp\/v2\/users\/2"}],"replies":[{"embeddable":true,"href":"https:\/\/www.bellunopress.it\/fr\/wp-json\/wp\/v2\/comments?post=146707"}],"version-history":[{"count":1,"href":"https:\/\/www.bellunopress.it\/fr\/wp-json\/wp\/v2\/posts\/146707\/revisions"}],"predecessor-version":[{"id":146708,"href":"https:\/\/www.bellunopress.it\/fr\/wp-json\/wp\/v2\/posts\/146707\/revisions\/146708"}],"wp:featuredmedia":[{"embeddable":true,"href":"https:\/\/www.bellunopress.it\/fr\/wp-json\/wp\/v2\/media\/142736"}],"wp:attachment":[{"href":"https:\/\/www.bellunopress.it\/fr\/wp-json\/wp\/v2\/media?parent=146707"}],"wp:term":[{"taxonomy":"category","embeddable":true,"href":"https:\/\/www.bellunopress.it\/fr\/wp-json\/wp\/v2\/categories?post=146707"},{"taxonomy":"post_tag","embeddable":true,"href":"https:\/\/www.bellunopress.it\/fr\/wp-json\/wp\/v2\/tags?post=146707"}],"curies":[{"name":"wp","href":"https:\/\/api.w.org\/{rel}","templated":true}]}}