{"id":146705,"date":"2023-12-11T15:41:50","date_gmt":"2023-12-11T14:41:50","guid":{"rendered":"https:\/\/www.bellunopress.it\/?p=146705"},"modified":"2023-12-11T15:41:50","modified_gmt":"2023-12-11T14:41:50","slug":"viabilita-bellunese-sotto-la-lente-padrin-incontra-salvini-a-tessera","status":"publish","type":"post","link":"https:\/\/www.bellunopress.it\/fr\/2023\/12\/11\/viabilita-bellunese-sotto-la-lente-padrin-incontra-salvini-a-tessera\/","title":{"rendered":"Viabilit\u00e0 bellunese sotto la lente. Padrin incontra Salvini a Tessera"},"content":{"rendered":"<p><em><strong><img loading=\"lazy\" decoding=\"async\" class=\"alignleft size-full wp-image-144900\" src=\"https:\/\/www.bellunopress.it\/wp-content\/uploads\/2023\/10\/Roberto-Padrin.jpg\" alt=\"\" width=\"893\" height=\"1000\" srcset=\"https:\/\/www.bellunopress.it\/wp-content\/uploads\/2023\/10\/Roberto-Padrin.jpg 893w, https:\/\/www.bellunopress.it\/wp-content\/uploads\/2023\/10\/Roberto-Padrin-447x500.jpg 447w, https:\/\/www.bellunopress.it\/wp-content\/uploads\/2023\/10\/Roberto-Padrin-696x779.jpg 696w\" sizes=\"auto, (max-width: 893px) 100vw, 893px\" \/>Padrin: \u00abCode di ieri problema da risolvere. Ma guardiamo in positivo, significa che la montagna bellunese \u00e8 meta di grande turismo\u00bb<\/strong><\/em><\/p>\n<p>Le varianti della Alemagna e la viabilit\u00e0 bellunese in generale saranno oggetto di un incontro al Ministero Infrastrutture e Trasporti. Ne ha parlato questa mattina il presidente della Provincia di Belluno Roberto Padrin direttamente con il ministro Matteo Salvini. L\u2019occasione \u00e8 stata la posa della prima pietra del collegamento ferroviario all\u2019aeroporto di Venezia, a cui Padrin ha preso parte come vice presidente di Upi Veneto, in rappresentanza di tutte le Province.<\/p>\n<p>A margine della cerimonia, il presidente Padrin ha incontrato brevemente il ministro e gli ha sottoposto la questione sia della viabilit\u00e0 olimpica sia anche delle altre criticit\u00e0 infrastrutturali, in particolare la 203 Agordina.<\/p>\n<p>\u00abIl ministro Salvini ha confermato lo stanziamento per le varianti di Cortina e Longarone, e mi ha assicurato una rapida programmazione per un incontro a Roma, a 360 gradi, sulle infrastrutture del territorio bellunese\u00bb, afferma il presidente Padrin. \u00abI ritardi sulle opere per le Olimpiadi sono ormai acclarati, ma ci dovr\u00e0 essere il modo per accelerare. Non dimentichiamoci per\u00f2 che oltre al collegamento con Cortina ci sono altre strade fondamentali per la nostra provincia, su tutte la 203 Agordina, ed \u00e8 uno dei temi che ho anticipato al ministro\u00bb.<\/p>\n<p>Il presidente Padrin ha sottolineato anche i rallentamenti e le code verificatesi ieri sulla Alemagna. \u00abUna strada che cos\u00ec come \u00e8 oggi non \u00e8 in grado di sopportare flussi di traffico come quelli visti nel ponte dell\u2019Immacolata. Ma che potr\u00e0 sicuramente funzionare meglio quando saranno completate tutte le varianti, sia quelle di Longarone e di Cortina, per le quali il ministro mi ha confermato che si sta concludendo l\u2019iter autorizzativo, sia quelle della Valboite\u00bb.<\/p>\n<p>\u00abComprendo il disagio degli automobilisti che sono dovuti rimanere in coda per ore tra Cortina e la A27 &#8211; conclude il presidente Padrin -, ma cerchiamo di leggere un dato positivo: le Dolomiti Bellunesi al primo appuntamento con la stagione sciistica e al primo weekend lungo hanno risposto con un appeal grandioso. Le nostre montagne sono meta di grande turismo e questo \u00e8 fondamentale per l\u2019economia del territorio e per le comunit\u00e0 locali\u00bb.<\/p>","protected":false},"excerpt":{"rendered":"<p>Padrin: \u00abCode di ieri problema da risolvere. Ma guardiamo in positivo, significa che la montagna bellunese \u00e8 meta di grande turismo\u00bb Le varianti della Alemagna e la viabilit\u00e0 bellunese in generale saranno oggetto di un incontro al Ministero Infrastrutture e Trasporti. Ne ha parlato questa mattina il presidente della Provincia di Belluno Roberto Padrin direttamente [&hellip;]<\/p>\n","protected":false},"author":2,"featured_media":144900,"comment_status":"closed","ping_status":"open","sticky":false,"template":"","format":"standard","meta":{"footnotes":""},"categories":[5,26],"tags":[],"class_list":["post-146705","post","type-post","status-publish","format-standard","has-post-thumbnail","category-cronaca","category-prima-pagina"],"yoast_head":"<!-- This site is optimized with the Yoast SEO plugin v28.4 - https:\/\/yoast.com\/product\/yoast-seo-wordpress\/ -->\n<title>Viabilit\u00e0 bellunese sotto la lente. Padrin incontra Salvini a Tessera - Bellunopress - Dolomiti<\/title>\n<meta name=\"robots\" content=\"index, follow, max-snippet:-1, max-image-preview:large, max-video-preview:-1\" \/>\n<link rel=\"canonical\" href=\"https:\/\/www.bellunopress.it\/fr\/2023\/12\/11\/viabilita-bellunese-sotto-la-lente-padrin-incontra-salvini-a-tessera\/\" \/>\n<meta property=\"og:locale\" content=\"fr_FR\" \/>\n<meta property=\"og:type\" content=\"article\" \/>\n<meta property=\"og:title\" content=\"Viabilit\u00e0 bellunese sotto la lente. Padrin incontra Salvini a Tessera - Bellunopress - Dolomiti\" \/>\n<meta property=\"og:description\" content=\"Padrin: \u00abCode di ieri problema da risolvere. Ma guardiamo in positivo, significa che la montagna bellunese \u00e8 meta di grande turismo\u00bb Le varianti della Alemagna e la viabilit\u00e0 bellunese in generale saranno oggetto di un incontro al Ministero Infrastrutture e Trasporti. Ne ha parlato questa mattina il presidente della Provincia di Belluno Roberto Padrin direttamente [&hellip;]\" \/>\n<meta property=\"og:url\" content=\"https:\/\/www.bellunopress.it\/fr\/2023\/12\/11\/viabilita-bellunese-sotto-la-lente-padrin-incontra-salvini-a-tessera\/\" \/>\n<meta property=\"og:site_name\" content=\"Bellunopress - Dolomiti\" \/>\n<meta property=\"article:publisher\" content=\"https:\/\/www.facebook.com\/profile.php?id=100008943462799\" \/>\n<meta property=\"article:published_time\" content=\"2023-12-11T14:41:50+00:00\" \/>\n<meta property=\"og:image\" content=\"https:\/\/www.bellunopress.it\/wp-content\/uploads\/2023\/10\/Roberto-Padrin.jpg\" \/>\n\t<meta property=\"og:image:width\" content=\"893\" \/>\n\t<meta property=\"og:image:height\" content=\"1000\" \/>\n\t<meta property=\"og:image:type\" content=\"image\/jpeg\" \/>\n<meta name=\"author\" content=\"redazione\" \/>\n<meta name=\"twitter:card\" content=\"summary_large_image\" \/>\n<meta name=\"twitter:creator\" content=\"@bellunopress\" \/>\n<meta name=\"twitter:site\" content=\"@bellunopress\" \/>\n<meta name=\"twitter:label1\" content=\"\u00c9crit par\" \/>\n\t<meta name=\"twitter:data1\" content=\"redazione\" \/>\n\t<meta name=\"twitter:label2\" content=\"Dur\u00e9e de lecture estim\u00e9e\" \/>\n\t<meta name=\"twitter:data2\" content=\"2 minutes\" \/>\n<script type=\"application\/ld+json\" class=\"yoast-schema-graph\">{\"@context\":\"https:\\\/\\\/schema.org\",\"@graph\":[{\"@type\":\"Article\",\"@id\":\"https:\\\/\\\/www.bellunopress.it\\\/2023\\\/12\\\/11\\\/viabilita-bellunese-sotto-la-lente-padrin-incontra-salvini-a-tessera\\\/#article\",\"isPartOf\":{\"@id\":\"https:\\\/\\\/www.bellunopress.it\\\/2023\\\/12\\\/11\\\/viabilita-bellunese-sotto-la-lente-padrin-incontra-salvini-a-tessera\\\/\"},\"author\":{\"name\":\"redazione\",\"@id\":\"https:\\\/\\\/www.bellunopress.it\\\/#\\\/schema\\\/person\\\/79bb06722b37ece1c03d3e94beb30d73\"},\"headline\":\"Viabilit\u00e0 bellunese sotto la lente. Padrin incontra Salvini a Tessera\",\"datePublished\":\"2023-12-11T14:41:50+00:00\",\"mainEntityOfPage\":{\"@id\":\"https:\\\/\\\/www.bellunopress.it\\\/2023\\\/12\\\/11\\\/viabilita-bellunese-sotto-la-lente-padrin-incontra-salvini-a-tessera\\\/\"},\"wordCount\":367,\"publisher\":{\"@id\":\"https:\\\/\\\/www.bellunopress.it\\\/#organization\"},\"image\":{\"@id\":\"https:\\\/\\\/www.bellunopress.it\\\/2023\\\/12\\\/11\\\/viabilita-bellunese-sotto-la-lente-padrin-incontra-salvini-a-tessera\\\/#primaryimage\"},\"thumbnailUrl\":\"https:\\\/\\\/www.bellunopress.it\\\/wp-content\\\/uploads\\\/2023\\\/10\\\/Roberto-Padrin.jpg\",\"articleSection\":[\"Cronaca\\\/Politica\",\"Prima Pagina\"],\"inLanguage\":\"fr-FR\"},{\"@type\":\"WebPage\",\"@id\":\"https:\\\/\\\/www.bellunopress.it\\\/2023\\\/12\\\/11\\\/viabilita-bellunese-sotto-la-lente-padrin-incontra-salvini-a-tessera\\\/\",\"url\":\"https:\\\/\\\/www.bellunopress.it\\\/2023\\\/12\\\/11\\\/viabilita-bellunese-sotto-la-lente-padrin-incontra-salvini-a-tessera\\\/\",\"name\":\"Viabilit\u00e0 bellunese sotto la lente. Padrin incontra Salvini a Tessera - Bellunopress - Dolomiti\",\"isPartOf\":{\"@id\":\"https:\\\/\\\/www.bellunopress.it\\\/#website\"},\"primaryImageOfPage\":{\"@id\":\"https:\\\/\\\/www.bellunopress.it\\\/2023\\\/12\\\/11\\\/viabilita-bellunese-sotto-la-lente-padrin-incontra-salvini-a-tessera\\\/#primaryimage\"},\"image\":{\"@id\":\"https:\\\/\\\/www.bellunopress.it\\\/2023\\\/12\\\/11\\\/viabilita-bellunese-sotto-la-lente-padrin-incontra-salvini-a-tessera\\\/#primaryimage\"},\"thumbnailUrl\":\"https:\\\/\\\/www.bellunopress.it\\\/wp-content\\\/uploads\\\/2023\\\/10\\\/Roberto-Padrin.jpg\",\"datePublished\":\"2023-12-11T14:41:50+00:00\",\"breadcrumb\":{\"@id\":\"https:\\\/\\\/www.bellunopress.it\\\/2023\\\/12\\\/11\\\/viabilita-bellunese-sotto-la-lente-padrin-incontra-salvini-a-tessera\\\/#breadcrumb\"},\"inLanguage\":\"fr-FR\",\"potentialAction\":[{\"@type\":\"ReadAction\",\"target\":[\"https:\\\/\\\/www.bellunopress.it\\\/2023\\\/12\\\/11\\\/viabilita-bellunese-sotto-la-lente-padrin-incontra-salvini-a-tessera\\\/\"]}]},{\"@type\":\"ImageObject\",\"inLanguage\":\"fr-FR\",\"@id\":\"https:\\\/\\\/www.bellunopress.it\\\/2023\\\/12\\\/11\\\/viabilita-bellunese-sotto-la-lente-padrin-incontra-salvini-a-tessera\\\/#primaryimage\",\"url\":\"https:\\\/\\\/www.bellunopress.it\\\/wp-content\\\/uploads\\\/2023\\\/10\\\/Roberto-Padrin.jpg\",\"contentUrl\":\"https:\\\/\\\/www.bellunopress.it\\\/wp-content\\\/uploads\\\/2023\\\/10\\\/Roberto-Padrin.jpg\",\"width\":893,\"height\":1000},{\"@type\":\"BreadcrumbList\",\"@id\":\"https:\\\/\\\/www.bellunopress.it\\\/2023\\\/12\\\/11\\\/viabilita-bellunese-sotto-la-lente-padrin-incontra-salvini-a-tessera\\\/#breadcrumb\",\"itemListElement\":[{\"@type\":\"ListItem\",\"position\":1,\"name\":\"Home\",\"item\":\"https:\\\/\\\/www.bellunopress.it\\\/\"},{\"@type\":\"ListItem\",\"position\":2,\"name\":\"Viabilit\u00e0 bellunese sotto la lente. Padrin incontra Salvini a Tessera\"}]},{\"@type\":\"WebSite\",\"@id\":\"https:\\\/\\\/www.bellunopress.it\\\/#website\",\"url\":\"https:\\\/\\\/www.bellunopress.it\\\/\",\"name\":\"Bellunopress - Dolomiti\",\"description\":\"e-mail: redazione@bellunopress.it\",\"publisher\":{\"@id\":\"https:\\\/\\\/www.bellunopress.it\\\/#organization\"},\"potentialAction\":[{\"@type\":\"SearchAction\",\"target\":{\"@type\":\"EntryPoint\",\"urlTemplate\":\"https:\\\/\\\/www.bellunopress.it\\\/?s={search_term_string}\"},\"query-input\":{\"@type\":\"PropertyValueSpecification\",\"valueRequired\":true,\"valueName\":\"search_term_string\"}}],\"inLanguage\":\"fr-FR\"},{\"@type\":\"Organization\",\"@id\":\"https:\\\/\\\/www.bellunopress.it\\\/#organization\",\"name\":\"Bellunopress\",\"url\":\"https:\\\/\\\/www.bellunopress.it\\\/\",\"logo\":{\"@type\":\"ImageObject\",\"inLanguage\":\"fr-FR\",\"@id\":\"https:\\\/\\\/www.bellunopress.it\\\/#\\\/schema\\\/logo\\\/image\\\/\",\"url\":\"https:\\\/\\\/www.bellunopress.it\\\/wp-content\\\/uploads\\\/2011\\\/05\\\/cropped-logo-bellunopress-.jpg\",\"contentUrl\":\"https:\\\/\\\/www.bellunopress.it\\\/wp-content\\\/uploads\\\/2011\\\/05\\\/cropped-logo-bellunopress-.jpg\",\"width\":512,\"height\":512,\"caption\":\"Bellunopress\"},\"image\":{\"@id\":\"https:\\\/\\\/www.bellunopress.it\\\/#\\\/schema\\\/logo\\\/image\\\/\"},\"sameAs\":[\"https:\\\/\\\/www.facebook.com\\\/profile.php?id=100008943462799\",\"https:\\\/\\\/x.com\\\/bellunopress\",\"https:\\\/\\\/www.linkedin.com\\\/hp\\\/?dnr=JBzUWaJfMUw8vbXJJ2tVW5-I3jZKvC4wsoxE&amp;amp;amp;amp;amp;amp;trk=nav_responsive_tab_home\",\"https:\\\/\\\/www.youtube.com\\\/channel\\\/UCxL0wu1uN0_3_7hGG0306cw\"]},{\"@type\":\"Person\",\"@id\":\"https:\\\/\\\/www.bellunopress.it\\\/#\\\/schema\\\/person\\\/79bb06722b37ece1c03d3e94beb30d73\",\"name\":\"redazione\",\"image\":{\"@type\":\"ImageObject\",\"inLanguage\":\"fr-FR\",\"@id\":\"https:\\\/\\\/secure.gravatar.com\\\/avatar\\\/37d968a2e67a6fd04c169c4bdef102d0bc5d31b2546345219e348575eb80e9a0?s=96&d=mm&r=g\",\"url\":\"https:\\\/\\\/secure.gravatar.com\\\/avatar\\\/37d968a2e67a6fd04c169c4bdef102d0bc5d31b2546345219e348575eb80e9a0?s=96&d=mm&r=g\",\"contentUrl\":\"https:\\\/\\\/secure.gravatar.com\\\/avatar\\\/37d968a2e67a6fd04c169c4bdef102d0bc5d31b2546345219e348575eb80e9a0?s=96&d=mm&r=g\",\"caption\":\"redazione\"},\"sameAs\":[\"http:\\\/\\\/www.bellunopress.it\",\"https:\\\/\\\/x.com\\\/bellunopress\"],\"url\":\"https:\\\/\\\/www.bellunopress.it\\\/fr\\\/author\\\/redazione\\\/\"}]}<\/script>\n<!-- \/ Yoast SEO plugin. -->","yoast_head_json":{"title":"Viabilit\u00e0 bellunese sotto la lente. Padrin incontra Salvini a Tessera - Bellunopress - Dolomiti","robots":{"index":"index","follow":"follow","max-snippet":"max-snippet:-1","max-image-preview":"max-image-preview:large","max-video-preview":"max-video-preview:-1"},"canonical":"https:\/\/www.bellunopress.it\/fr\/2023\/12\/11\/viabilita-bellunese-sotto-la-lente-padrin-incontra-salvini-a-tessera\/","og_locale":"fr_FR","og_type":"article","og_title":"Viabilit\u00e0 bellunese sotto la lente. Padrin incontra Salvini a Tessera - Bellunopress - Dolomiti","og_description":"Padrin: \u00abCode di ieri problema da risolvere. Ma guardiamo in positivo, significa che la montagna bellunese \u00e8 meta di grande turismo\u00bb Le varianti della Alemagna e la viabilit\u00e0 bellunese in generale saranno oggetto di un incontro al Ministero Infrastrutture e Trasporti. Ne ha parlato questa mattina il presidente della Provincia di Belluno Roberto Padrin direttamente [&hellip;]","og_url":"https:\/\/www.bellunopress.it\/fr\/2023\/12\/11\/viabilita-bellunese-sotto-la-lente-padrin-incontra-salvini-a-tessera\/","og_site_name":"Bellunopress - Dolomiti","article_publisher":"https:\/\/www.facebook.com\/profile.php?id=100008943462799","article_published_time":"2023-12-11T14:41:50+00:00","og_image":[{"width":893,"height":1000,"url":"https:\/\/www.bellunopress.it\/wp-content\/uploads\/2023\/10\/Roberto-Padrin.jpg","type":"image\/jpeg"}],"author":"redazione","twitter_card":"summary_large_image","twitter_creator":"@bellunopress","twitter_site":"@bellunopress","twitter_misc":{"\u00c9crit par":"redazione","Dur\u00e9e de lecture estim\u00e9e":"2 minutes"},"schema":{"@context":"https:\/\/schema.org","@graph":[{"@type":"Article","@id":"https:\/\/www.bellunopress.it\/2023\/12\/11\/viabilita-bellunese-sotto-la-lente-padrin-incontra-salvini-a-tessera\/#article","isPartOf":{"@id":"https:\/\/www.bellunopress.it\/2023\/12\/11\/viabilita-bellunese-sotto-la-lente-padrin-incontra-salvini-a-tessera\/"},"author":{"name":"redazione","@id":"https:\/\/www.bellunopress.it\/#\/schema\/person\/79bb06722b37ece1c03d3e94beb30d73"},"headline":"Viabilit\u00e0 bellunese sotto la lente. Padrin incontra Salvini a Tessera","datePublished":"2023-12-11T14:41:50+00:00","mainEntityOfPage":{"@id":"https:\/\/www.bellunopress.it\/2023\/12\/11\/viabilita-bellunese-sotto-la-lente-padrin-incontra-salvini-a-tessera\/"},"wordCount":367,"publisher":{"@id":"https:\/\/www.bellunopress.it\/#organization"},"image":{"@id":"https:\/\/www.bellunopress.it\/2023\/12\/11\/viabilita-bellunese-sotto-la-lente-padrin-incontra-salvini-a-tessera\/#primaryimage"},"thumbnailUrl":"https:\/\/www.bellunopress.it\/wp-content\/uploads\/2023\/10\/Roberto-Padrin.jpg","articleSection":["Cronaca\/Politica","Prima Pagina"],"inLanguage":"fr-FR"},{"@type":"WebPage","@id":"https:\/\/www.bellunopress.it\/2023\/12\/11\/viabilita-bellunese-sotto-la-lente-padrin-incontra-salvini-a-tessera\/","url":"https:\/\/www.bellunopress.it\/2023\/12\/11\/viabilita-bellunese-sotto-la-lente-padrin-incontra-salvini-a-tessera\/","name":"Viabilit\u00e0 bellunese sotto la lente. Padrin incontra Salvini a Tessera - Bellunopress - Dolomiti","isPartOf":{"@id":"https:\/\/www.bellunopress.it\/#website"},"primaryImageOfPage":{"@id":"https:\/\/www.bellunopress.it\/2023\/12\/11\/viabilita-bellunese-sotto-la-lente-padrin-incontra-salvini-a-tessera\/#primaryimage"},"image":{"@id":"https:\/\/www.bellunopress.it\/2023\/12\/11\/viabilita-bellunese-sotto-la-lente-padrin-incontra-salvini-a-tessera\/#primaryimage"},"thumbnailUrl":"https:\/\/www.bellunopress.it\/wp-content\/uploads\/2023\/10\/Roberto-Padrin.jpg","datePublished":"2023-12-11T14:41:50+00:00","breadcrumb":{"@id":"https:\/\/www.bellunopress.it\/2023\/12\/11\/viabilita-bellunese-sotto-la-lente-padrin-incontra-salvini-a-tessera\/#breadcrumb"},"inLanguage":"fr-FR","potentialAction":[{"@type":"ReadAction","target":["https:\/\/www.bellunopress.it\/2023\/12\/11\/viabilita-bellunese-sotto-la-lente-padrin-incontra-salvini-a-tessera\/"]}]},{"@type":"ImageObject","inLanguage":"fr-FR","@id":"https:\/\/www.bellunopress.it\/2023\/12\/11\/viabilita-bellunese-sotto-la-lente-padrin-incontra-salvini-a-tessera\/#primaryimage","url":"https:\/\/www.bellunopress.it\/wp-content\/uploads\/2023\/10\/Roberto-Padrin.jpg","contentUrl":"https:\/\/www.bellunopress.it\/wp-content\/uploads\/2023\/10\/Roberto-Padrin.jpg","width":893,"height":1000},{"@type":"BreadcrumbList","@id":"https:\/\/www.bellunopress.it\/2023\/12\/11\/viabilita-bellunese-sotto-la-lente-padrin-incontra-salvini-a-tessera\/#breadcrumb","itemListElement":[{"@type":"ListItem","position":1,"name":"Home","item":"https:\/\/www.bellunopress.it\/"},{"@type":"ListItem","position":2,"name":"Viabilit\u00e0 bellunese sotto la lente. Padrin incontra Salvini a Tessera"}]},{"@type":"WebSite","@id":"https:\/\/www.bellunopress.it\/#website","url":"https:\/\/www.bellunopress.it\/","name":"Bellunopress - Dolomiti","description":"e-mail: redazione@bellunopress.it","publisher":{"@id":"https:\/\/www.bellunopress.it\/#organization"},"potentialAction":[{"@type":"SearchAction","target":{"@type":"EntryPoint","urlTemplate":"https:\/\/www.bellunopress.it\/?s={search_term_string}"},"query-input":{"@type":"PropertyValueSpecification","valueRequired":true,"valueName":"search_term_string"}}],"inLanguage":"fr-FR"},{"@type":"Organization","@id":"https:\/\/www.bellunopress.it\/#organization","name":"Bellunopress","url":"https:\/\/www.bellunopress.it\/","logo":{"@type":"ImageObject","inLanguage":"fr-FR","@id":"https:\/\/www.bellunopress.it\/#\/schema\/logo\/image\/","url":"https:\/\/www.bellunopress.it\/wp-content\/uploads\/2011\/05\/cropped-logo-bellunopress-.jpg","contentUrl":"https:\/\/www.bellunopress.it\/wp-content\/uploads\/2011\/05\/cropped-logo-bellunopress-.jpg","width":512,"height":512,"caption":"Bellunopress"},"image":{"@id":"https:\/\/www.bellunopress.it\/#\/schema\/logo\/image\/"},"sameAs":["https:\/\/www.facebook.com\/profile.php?id=100008943462799","https:\/\/x.com\/bellunopress","https:\/\/www.linkedin.com\/hp\/?dnr=JBzUWaJfMUw8vbXJJ2tVW5-I3jZKvC4wsoxE&amp;amp;amp;amp;amp;amp;trk=nav_responsive_tab_home","https:\/\/www.youtube.com\/channel\/UCxL0wu1uN0_3_7hGG0306cw"]},{"@type":"Person","@id":"https:\/\/www.bellunopress.it\/#\/schema\/person\/79bb06722b37ece1c03d3e94beb30d73","name":"r\u00e9daction","image":{"@type":"ImageObject","inLanguage":"fr-FR","@id":"https:\/\/secure.gravatar.com\/avatar\/37d968a2e67a6fd04c169c4bdef102d0bc5d31b2546345219e348575eb80e9a0?s=96&d=mm&r=g","url":"https:\/\/secure.gravatar.com\/avatar\/37d968a2e67a6fd04c169c4bdef102d0bc5d31b2546345219e348575eb80e9a0?s=96&d=mm&r=g","contentUrl":"https:\/\/secure.gravatar.com\/avatar\/37d968a2e67a6fd04c169c4bdef102d0bc5d31b2546345219e348575eb80e9a0?s=96&d=mm&r=g","caption":"redazione"},"sameAs":["http:\/\/www.bellunopress.it","https:\/\/x.com\/bellunopress"],"url":"https:\/\/www.bellunopress.it\/fr\/author\/redazione\/"}]}},"_links":{"self":[{"href":"https:\/\/www.bellunopress.it\/fr\/wp-json\/wp\/v2\/posts\/146705","targetHints":{"allow":["GET"]}}],"collection":[{"href":"https:\/\/www.bellunopress.it\/fr\/wp-json\/wp\/v2\/posts"}],"about":[{"href":"https:\/\/www.bellunopress.it\/fr\/wp-json\/wp\/v2\/types\/post"}],"author":[{"embeddable":true,"href":"https:\/\/www.bellunopress.it\/fr\/wp-json\/wp\/v2\/users\/2"}],"replies":[{"embeddable":true,"href":"https:\/\/www.bellunopress.it\/fr\/wp-json\/wp\/v2\/comments?post=146705"}],"version-history":[{"count":1,"href":"https:\/\/www.bellunopress.it\/fr\/wp-json\/wp\/v2\/posts\/146705\/revisions"}],"predecessor-version":[{"id":146706,"href":"https:\/\/www.bellunopress.it\/fr\/wp-json\/wp\/v2\/posts\/146705\/revisions\/146706"}],"wp:featuredmedia":[{"embeddable":true,"href":"https:\/\/www.bellunopress.it\/fr\/wp-json\/wp\/v2\/media\/144900"}],"wp:attachment":[{"href":"https:\/\/www.bellunopress.it\/fr\/wp-json\/wp\/v2\/media?parent=146705"}],"wp:term":[{"taxonomy":"category","embeddable":true,"href":"https:\/\/www.bellunopress.it\/fr\/wp-json\/wp\/v2\/categories?post=146705"},{"taxonomy":"post_tag","embeddable":true,"href":"https:\/\/www.bellunopress.it\/fr\/wp-json\/wp\/v2\/tags?post=146705"}],"curies":[{"name":"wp","href":"https:\/\/api.w.org\/{rel}","templated":true}]}}