{"id":146667,"date":"2023-12-11T05:23:59","date_gmt":"2023-12-11T04:23:59","guid":{"rendered":"https:\/\/www.bellunopress.it\/?p=146667"},"modified":"2023-12-10T15:27:35","modified_gmt":"2023-12-10T14:27:35","slug":"11-dicembre-2023-giornata-internazionale-della-montagna-di-roberto-padrin","status":"publish","type":"post","link":"https:\/\/www.bellunopress.it\/fr\/2023\/12\/11\/11-dicembre-2023-giornata-internazionale-della-montagna-di-roberto-padrin\/","title":{"rendered":"11 dicembre 2023, Giornata internazionale della montagna\u00a0 * di Roberto Padrin\u00a0"},"content":{"rendered":"<figure id=\"attachment_132392\" aria-describedby=\"caption-attachment-132392\" style=\"width: 1000px\" class=\"wp-caption alignleft\"><img loading=\"lazy\" decoding=\"async\" class=\"size-full wp-image-132392\" src=\"https:\/\/www.bellunopress.it\/wp-content\/uploads\/2022\/03\/Roberto-Padrin_edited.jpg\" alt=\"\" width=\"1000\" height=\"704\" srcset=\"https:\/\/www.bellunopress.it\/wp-content\/uploads\/2022\/03\/Roberto-Padrin_edited.jpg 1000w, https:\/\/www.bellunopress.it\/wp-content\/uploads\/2022\/03\/Roberto-Padrin_edited-500x352.jpg 500w, https:\/\/www.bellunopress.it\/wp-content\/uploads\/2022\/03\/Roberto-Padrin_edited-696x490.jpg 696w, https:\/\/www.bellunopress.it\/wp-content\/uploads\/2022\/03\/Roberto-Padrin_edited-597x420.jpg 597w, https:\/\/www.bellunopress.it\/wp-content\/uploads\/2022\/03\/Roberto-Padrin_edited-100x70.jpg 100w\" sizes=\"auto, (max-width: 1000px) 100vw, 1000px\" \/><figcaption id=\"caption-attachment-132392\" class=\"wp-caption-text\">Roberto Padrin, presidente della Provincia<\/figcaption><\/figure>\n<p>La montagna non \u00e8 periferia, ma centro. E deve essere considerata tale dall&#8217;agenda politica nazionale.<\/p>\n<p>Se fosse solo una questione di estensione territoriale, basterebbe citare un dato: il 52% dei Comuni italiani si trova in aree totalmente o parzialmente montane. Se fosse solo una questione di peso demografico, basterebbe dire che le comunit\u00e0 di montagna occupano il 60% del territorio nazionale e costituiscono la residenza di appena un sesto della popolazione italiana. Se fosse solo una questione economica, basterebbe dire che la montagna produce circa 235 miliardi di euro di valore aggiunto, pari al 16,3% della ricchezza totale generata in Italia (dato pre-Covid). Ma la montagna \u00e8 un tema che permea diversi aspetti, da quello economico a quello sociale, passando per il tema ambientale. La montagna \u00e8 un ecosistema di persone (poche) che presidiano una serie di risorse &#8211; aria, acqua, foreste solo per citare le principali &#8211; fondamentali per il resto del Paese. Dovrebbe bastare questo per rimettere al centro le aree montane. E per dare loro strumenti concreti in grado di aiutarle a continuare il loro lavoro costante di tutela e presidio dei valori ambientali ed ecosistemici. Perch\u00e9 lo spopolamento della montagna &#8211; tutta tranne quella che pu\u00f2 contare su un&#8217;autonomia speciale forte &#8211; \u00e8 sotto gli occhi di tutti, come \u00e8 risaputo e dimostrato che vivere in montagna comporta costi e sforzi maggiori rispetto alla pianura e alle aree metropolitane.<\/p>\n<p>Ecco perch\u00e9 nella Giornata internazionale della montagna va ribadita l&#8217;importanza di promuovere e tutelare le aree montane, cercando uno sviluppo sostenibile delle comunit\u00e0 che abitano queste aree del Paese. E va sostenuta con forza l&#8217;azione della legge sulla montagna che \u00e8 stata approvata in via preliminare dal Consiglio dei Ministri lo scorso ottobre.<\/p>\n<p>Servono misure organiche a sostegno della montagna, interventi normativi finalizzati a<\/p>\n<p>ridurre le condizioni di svantaggio dei territori montani. Non servono sussidi, ma condizioni di sviluppo omogeneo, nella logica di tenere le persone a vivere nelle cosiddette &#8220;terre alte&#8221;.<\/p>\n<p>Le aree montane hanno bisogno di questo e lo chiedono da tempo. Senza proteste, senza strepiti, senza polemiche, ma continuando a lavorare per superare le difficolt\u00e0 del vivere in pendenza. Perch\u00e9 come scrisse Goethe, &#8220;i monti sono maestri muti e fanno discepoli silenziosi&#8221;.<\/p>\n<p>Roberto Padrin *<\/p>\n<p>*\u00a0 \u00a0 Presidente Provincia di Belluno<\/p>","protected":false},"excerpt":{"rendered":"<p>La montagna non \u00e8 periferia, ma centro. E deve essere considerata tale dall&#8217;agenda politica nazionale. Se fosse solo una questione di estensione territoriale, basterebbe citare un dato: il 52% dei Comuni italiani si trova in aree totalmente o parzialmente montane. Se fosse solo una questione di peso demografico, basterebbe dire che le comunit\u00e0 di montagna [&hellip;]<\/p>\n","protected":false},"author":2,"featured_media":132392,"comment_status":"closed","ping_status":"open","sticky":false,"template":"","format":"standard","meta":{"footnotes":""},"categories":[26,8],"tags":[],"class_list":["post-146667","post","type-post","status-publish","format-standard","has-post-thumbnail","category-prima-pagina","category-societa-istituzioni"],"yoast_head":"<!-- This site is optimized with the Yoast SEO plugin v28.4 - https:\/\/yoast.com\/product\/yoast-seo-wordpress\/ -->\n<title>11 dicembre 2023, Giornata internazionale della montagna\u00a0 * di Roberto Padrin\u00a0 - Bellunopress - Dolomiti<\/title>\n<meta name=\"robots\" content=\"index, follow, max-snippet:-1, max-image-preview:large, max-video-preview:-1\" \/>\n<link rel=\"canonical\" href=\"https:\/\/www.bellunopress.it\/fr\/2023\/12\/11\/11-dicembre-2023-giornata-internazionale-della-montagna-di-roberto-padrin\/\" \/>\n<meta property=\"og:locale\" content=\"fr_FR\" \/>\n<meta property=\"og:type\" content=\"article\" \/>\n<meta property=\"og:title\" content=\"11 dicembre 2023, Giornata internazionale della montagna\u00a0 * di Roberto Padrin\u00a0 - Bellunopress - Dolomiti\" \/>\n<meta property=\"og:description\" content=\"La montagna non \u00e8 periferia, ma centro. E deve essere considerata tale dall&#8217;agenda politica nazionale. Se fosse solo una questione di estensione territoriale, basterebbe citare un dato: il 52% dei Comuni italiani si trova in aree totalmente o parzialmente montane. Se fosse solo una questione di peso demografico, basterebbe dire che le comunit\u00e0 di montagna [&hellip;]\" \/>\n<meta property=\"og:url\" content=\"https:\/\/www.bellunopress.it\/fr\/2023\/12\/11\/11-dicembre-2023-giornata-internazionale-della-montagna-di-roberto-padrin\/\" \/>\n<meta property=\"og:site_name\" content=\"Bellunopress - Dolomiti\" \/>\n<meta property=\"article:publisher\" content=\"https:\/\/www.facebook.com\/profile.php?id=100008943462799\" \/>\n<meta property=\"article:published_time\" content=\"2023-12-11T04:23:59+00:00\" \/>\n<meta property=\"og:image\" content=\"https:\/\/www.bellunopress.it\/wp-content\/uploads\/2022\/03\/Roberto-Padrin_edited.jpg\" \/>\n\t<meta property=\"og:image:width\" content=\"1000\" \/>\n\t<meta property=\"og:image:height\" content=\"704\" \/>\n\t<meta property=\"og:image:type\" content=\"image\/jpeg\" \/>\n<meta name=\"author\" content=\"redazione\" \/>\n<meta name=\"twitter:card\" content=\"summary_large_image\" \/>\n<meta name=\"twitter:creator\" content=\"@bellunopress\" \/>\n<meta name=\"twitter:site\" content=\"@bellunopress\" \/>\n<meta name=\"twitter:label1\" content=\"\u00c9crit par\" \/>\n\t<meta name=\"twitter:data1\" content=\"redazione\" \/>\n\t<meta name=\"twitter:label2\" content=\"Dur\u00e9e de lecture estim\u00e9e\" \/>\n\t<meta name=\"twitter:data2\" content=\"2 minutes\" \/>\n<script type=\"application\/ld+json\" class=\"yoast-schema-graph\">{\"@context\":\"https:\\\/\\\/schema.org\",\"@graph\":[{\"@type\":\"Article\",\"@id\":\"https:\\\/\\\/www.bellunopress.it\\\/2023\\\/12\\\/11\\\/11-dicembre-2023-giornata-internazionale-della-montagna-di-roberto-padrin\\\/#article\",\"isPartOf\":{\"@id\":\"https:\\\/\\\/www.bellunopress.it\\\/2023\\\/12\\\/11\\\/11-dicembre-2023-giornata-internazionale-della-montagna-di-roberto-padrin\\\/\"},\"author\":{\"name\":\"redazione\",\"@id\":\"https:\\\/\\\/www.bellunopress.it\\\/#\\\/schema\\\/person\\\/79bb06722b37ece1c03d3e94beb30d73\"},\"headline\":\"11 dicembre 2023, Giornata internazionale della montagna\u00a0 * di Roberto Padrin\u00a0\",\"datePublished\":\"2023-12-11T04:23:59+00:00\",\"mainEntityOfPage\":{\"@id\":\"https:\\\/\\\/www.bellunopress.it\\\/2023\\\/12\\\/11\\\/11-dicembre-2023-giornata-internazionale-della-montagna-di-roberto-padrin\\\/\"},\"wordCount\":388,\"publisher\":{\"@id\":\"https:\\\/\\\/www.bellunopress.it\\\/#organization\"},\"image\":{\"@id\":\"https:\\\/\\\/www.bellunopress.it\\\/2023\\\/12\\\/11\\\/11-dicembre-2023-giornata-internazionale-della-montagna-di-roberto-padrin\\\/#primaryimage\"},\"thumbnailUrl\":\"https:\\\/\\\/www.bellunopress.it\\\/wp-content\\\/uploads\\\/2022\\\/03\\\/Roberto-Padrin_edited.jpg\",\"articleSection\":[\"Prima Pagina\",\"Societ\u00e0, Associazioni, Istituzioni\"],\"inLanguage\":\"fr-FR\"},{\"@type\":\"WebPage\",\"@id\":\"https:\\\/\\\/www.bellunopress.it\\\/2023\\\/12\\\/11\\\/11-dicembre-2023-giornata-internazionale-della-montagna-di-roberto-padrin\\\/\",\"url\":\"https:\\\/\\\/www.bellunopress.it\\\/2023\\\/12\\\/11\\\/11-dicembre-2023-giornata-internazionale-della-montagna-di-roberto-padrin\\\/\",\"name\":\"11 dicembre 2023, Giornata internazionale della montagna\u00a0 * di Roberto Padrin\u00a0 - Bellunopress - Dolomiti\",\"isPartOf\":{\"@id\":\"https:\\\/\\\/www.bellunopress.it\\\/#website\"},\"primaryImageOfPage\":{\"@id\":\"https:\\\/\\\/www.bellunopress.it\\\/2023\\\/12\\\/11\\\/11-dicembre-2023-giornata-internazionale-della-montagna-di-roberto-padrin\\\/#primaryimage\"},\"image\":{\"@id\":\"https:\\\/\\\/www.bellunopress.it\\\/2023\\\/12\\\/11\\\/11-dicembre-2023-giornata-internazionale-della-montagna-di-roberto-padrin\\\/#primaryimage\"},\"thumbnailUrl\":\"https:\\\/\\\/www.bellunopress.it\\\/wp-content\\\/uploads\\\/2022\\\/03\\\/Roberto-Padrin_edited.jpg\",\"datePublished\":\"2023-12-11T04:23:59+00:00\",\"breadcrumb\":{\"@id\":\"https:\\\/\\\/www.bellunopress.it\\\/2023\\\/12\\\/11\\\/11-dicembre-2023-giornata-internazionale-della-montagna-di-roberto-padrin\\\/#breadcrumb\"},\"inLanguage\":\"fr-FR\",\"potentialAction\":[{\"@type\":\"ReadAction\",\"target\":[\"https:\\\/\\\/www.bellunopress.it\\\/2023\\\/12\\\/11\\\/11-dicembre-2023-giornata-internazionale-della-montagna-di-roberto-padrin\\\/\"]}]},{\"@type\":\"ImageObject\",\"inLanguage\":\"fr-FR\",\"@id\":\"https:\\\/\\\/www.bellunopress.it\\\/2023\\\/12\\\/11\\\/11-dicembre-2023-giornata-internazionale-della-montagna-di-roberto-padrin\\\/#primaryimage\",\"url\":\"https:\\\/\\\/www.bellunopress.it\\\/wp-content\\\/uploads\\\/2022\\\/03\\\/Roberto-Padrin_edited.jpg\",\"contentUrl\":\"https:\\\/\\\/www.bellunopress.it\\\/wp-content\\\/uploads\\\/2022\\\/03\\\/Roberto-Padrin_edited.jpg\",\"width\":1000,\"height\":704,\"caption\":\"Roberto Padrin, presidente della Provincia\"},{\"@type\":\"BreadcrumbList\",\"@id\":\"https:\\\/\\\/www.bellunopress.it\\\/2023\\\/12\\\/11\\\/11-dicembre-2023-giornata-internazionale-della-montagna-di-roberto-padrin\\\/#breadcrumb\",\"itemListElement\":[{\"@type\":\"ListItem\",\"position\":1,\"name\":\"Home\",\"item\":\"https:\\\/\\\/www.bellunopress.it\\\/\"},{\"@type\":\"ListItem\",\"position\":2,\"name\":\"11 dicembre 2023, Giornata internazionale della montagna\u00a0 * di Roberto Padrin\u00a0\"}]},{\"@type\":\"WebSite\",\"@id\":\"https:\\\/\\\/www.bellunopress.it\\\/#website\",\"url\":\"https:\\\/\\\/www.bellunopress.it\\\/\",\"name\":\"Bellunopress - Dolomiti\",\"description\":\"e-mail: redazione@bellunopress.it\",\"publisher\":{\"@id\":\"https:\\\/\\\/www.bellunopress.it\\\/#organization\"},\"potentialAction\":[{\"@type\":\"SearchAction\",\"target\":{\"@type\":\"EntryPoint\",\"urlTemplate\":\"https:\\\/\\\/www.bellunopress.it\\\/?s={search_term_string}\"},\"query-input\":{\"@type\":\"PropertyValueSpecification\",\"valueRequired\":true,\"valueName\":\"search_term_string\"}}],\"inLanguage\":\"fr-FR\"},{\"@type\":\"Organization\",\"@id\":\"https:\\\/\\\/www.bellunopress.it\\\/#organization\",\"name\":\"Bellunopress\",\"url\":\"https:\\\/\\\/www.bellunopress.it\\\/\",\"logo\":{\"@type\":\"ImageObject\",\"inLanguage\":\"fr-FR\",\"@id\":\"https:\\\/\\\/www.bellunopress.it\\\/#\\\/schema\\\/logo\\\/image\\\/\",\"url\":\"https:\\\/\\\/www.bellunopress.it\\\/wp-content\\\/uploads\\\/2011\\\/05\\\/cropped-logo-bellunopress-.jpg\",\"contentUrl\":\"https:\\\/\\\/www.bellunopress.it\\\/wp-content\\\/uploads\\\/2011\\\/05\\\/cropped-logo-bellunopress-.jpg\",\"width\":512,\"height\":512,\"caption\":\"Bellunopress\"},\"image\":{\"@id\":\"https:\\\/\\\/www.bellunopress.it\\\/#\\\/schema\\\/logo\\\/image\\\/\"},\"sameAs\":[\"https:\\\/\\\/www.facebook.com\\\/profile.php?id=100008943462799\",\"https:\\\/\\\/x.com\\\/bellunopress\",\"https:\\\/\\\/www.linkedin.com\\\/hp\\\/?dnr=JBzUWaJfMUw8vbXJJ2tVW5-I3jZKvC4wsoxE&amp;amp;amp;amp;amp;amp;trk=nav_responsive_tab_home\",\"https:\\\/\\\/www.youtube.com\\\/channel\\\/UCxL0wu1uN0_3_7hGG0306cw\"]},{\"@type\":\"Person\",\"@id\":\"https:\\\/\\\/www.bellunopress.it\\\/#\\\/schema\\\/person\\\/79bb06722b37ece1c03d3e94beb30d73\",\"name\":\"redazione\",\"image\":{\"@type\":\"ImageObject\",\"inLanguage\":\"fr-FR\",\"@id\":\"https:\\\/\\\/secure.gravatar.com\\\/avatar\\\/37d968a2e67a6fd04c169c4bdef102d0bc5d31b2546345219e348575eb80e9a0?s=96&d=mm&r=g\",\"url\":\"https:\\\/\\\/secure.gravatar.com\\\/avatar\\\/37d968a2e67a6fd04c169c4bdef102d0bc5d31b2546345219e348575eb80e9a0?s=96&d=mm&r=g\",\"contentUrl\":\"https:\\\/\\\/secure.gravatar.com\\\/avatar\\\/37d968a2e67a6fd04c169c4bdef102d0bc5d31b2546345219e348575eb80e9a0?s=96&d=mm&r=g\",\"caption\":\"redazione\"},\"sameAs\":[\"http:\\\/\\\/www.bellunopress.it\",\"https:\\\/\\\/x.com\\\/bellunopress\"],\"url\":\"https:\\\/\\\/www.bellunopress.it\\\/fr\\\/author\\\/redazione\\\/\"}]}<\/script>\n<!-- \/ Yoast SEO plugin. -->","yoast_head_json":{"title":"11 dicembre 2023, Giornata internazionale della montagna\u00a0 * di Roberto Padrin\u00a0 - Bellunopress - Dolomiti","robots":{"index":"index","follow":"follow","max-snippet":"max-snippet:-1","max-image-preview":"max-image-preview:large","max-video-preview":"max-video-preview:-1"},"canonical":"https:\/\/www.bellunopress.it\/fr\/2023\/12\/11\/11-dicembre-2023-giornata-internazionale-della-montagna-di-roberto-padrin\/","og_locale":"fr_FR","og_type":"article","og_title":"11 dicembre 2023, Giornata internazionale della montagna\u00a0 * di Roberto Padrin\u00a0 - Bellunopress - Dolomiti","og_description":"La montagna non \u00e8 periferia, ma centro. E deve essere considerata tale dall&#8217;agenda politica nazionale. Se fosse solo una questione di estensione territoriale, basterebbe citare un dato: il 52% dei Comuni italiani si trova in aree totalmente o parzialmente montane. Se fosse solo una questione di peso demografico, basterebbe dire che le comunit\u00e0 di montagna [&hellip;]","og_url":"https:\/\/www.bellunopress.it\/fr\/2023\/12\/11\/11-dicembre-2023-giornata-internazionale-della-montagna-di-roberto-padrin\/","og_site_name":"Bellunopress - Dolomiti","article_publisher":"https:\/\/www.facebook.com\/profile.php?id=100008943462799","article_published_time":"2023-12-11T04:23:59+00:00","og_image":[{"width":1000,"height":704,"url":"https:\/\/www.bellunopress.it\/wp-content\/uploads\/2022\/03\/Roberto-Padrin_edited.jpg","type":"image\/jpeg"}],"author":"redazione","twitter_card":"summary_large_image","twitter_creator":"@bellunopress","twitter_site":"@bellunopress","twitter_misc":{"\u00c9crit par":"redazione","Dur\u00e9e de lecture estim\u00e9e":"2 minutes"},"schema":{"@context":"https:\/\/schema.org","@graph":[{"@type":"Article","@id":"https:\/\/www.bellunopress.it\/2023\/12\/11\/11-dicembre-2023-giornata-internazionale-della-montagna-di-roberto-padrin\/#article","isPartOf":{"@id":"https:\/\/www.bellunopress.it\/2023\/12\/11\/11-dicembre-2023-giornata-internazionale-della-montagna-di-roberto-padrin\/"},"author":{"name":"redazione","@id":"https:\/\/www.bellunopress.it\/#\/schema\/person\/79bb06722b37ece1c03d3e94beb30d73"},"headline":"11 dicembre 2023, Giornata internazionale della montagna\u00a0 * di Roberto Padrin\u00a0","datePublished":"2023-12-11T04:23:59+00:00","mainEntityOfPage":{"@id":"https:\/\/www.bellunopress.it\/2023\/12\/11\/11-dicembre-2023-giornata-internazionale-della-montagna-di-roberto-padrin\/"},"wordCount":388,"publisher":{"@id":"https:\/\/www.bellunopress.it\/#organization"},"image":{"@id":"https:\/\/www.bellunopress.it\/2023\/12\/11\/11-dicembre-2023-giornata-internazionale-della-montagna-di-roberto-padrin\/#primaryimage"},"thumbnailUrl":"https:\/\/www.bellunopress.it\/wp-content\/uploads\/2022\/03\/Roberto-Padrin_edited.jpg","articleSection":["Prima Pagina","Societ\u00e0, Associazioni, Istituzioni"],"inLanguage":"fr-FR"},{"@type":"WebPage","@id":"https:\/\/www.bellunopress.it\/2023\/12\/11\/11-dicembre-2023-giornata-internazionale-della-montagna-di-roberto-padrin\/","url":"https:\/\/www.bellunopress.it\/2023\/12\/11\/11-dicembre-2023-giornata-internazionale-della-montagna-di-roberto-padrin\/","name":"11 dicembre 2023, Giornata internazionale della montagna\u00a0 * di Roberto Padrin\u00a0 - Bellunopress - Dolomiti","isPartOf":{"@id":"https:\/\/www.bellunopress.it\/#website"},"primaryImageOfPage":{"@id":"https:\/\/www.bellunopress.it\/2023\/12\/11\/11-dicembre-2023-giornata-internazionale-della-montagna-di-roberto-padrin\/#primaryimage"},"image":{"@id":"https:\/\/www.bellunopress.it\/2023\/12\/11\/11-dicembre-2023-giornata-internazionale-della-montagna-di-roberto-padrin\/#primaryimage"},"thumbnailUrl":"https:\/\/www.bellunopress.it\/wp-content\/uploads\/2022\/03\/Roberto-Padrin_edited.jpg","datePublished":"2023-12-11T04:23:59+00:00","breadcrumb":{"@id":"https:\/\/www.bellunopress.it\/2023\/12\/11\/11-dicembre-2023-giornata-internazionale-della-montagna-di-roberto-padrin\/#breadcrumb"},"inLanguage":"fr-FR","potentialAction":[{"@type":"ReadAction","target":["https:\/\/www.bellunopress.it\/2023\/12\/11\/11-dicembre-2023-giornata-internazionale-della-montagna-di-roberto-padrin\/"]}]},{"@type":"ImageObject","inLanguage":"fr-FR","@id":"https:\/\/www.bellunopress.it\/2023\/12\/11\/11-dicembre-2023-giornata-internazionale-della-montagna-di-roberto-padrin\/#primaryimage","url":"https:\/\/www.bellunopress.it\/wp-content\/uploads\/2022\/03\/Roberto-Padrin_edited.jpg","contentUrl":"https:\/\/www.bellunopress.it\/wp-content\/uploads\/2022\/03\/Roberto-Padrin_edited.jpg","width":1000,"height":704,"caption":"Roberto Padrin, presidente della Provincia"},{"@type":"BreadcrumbList","@id":"https:\/\/www.bellunopress.it\/2023\/12\/11\/11-dicembre-2023-giornata-internazionale-della-montagna-di-roberto-padrin\/#breadcrumb","itemListElement":[{"@type":"ListItem","position":1,"name":"Home","item":"https:\/\/www.bellunopress.it\/"},{"@type":"ListItem","position":2,"name":"11 dicembre 2023, Giornata internazionale della montagna\u00a0 * di Roberto Padrin\u00a0"}]},{"@type":"WebSite","@id":"https:\/\/www.bellunopress.it\/#website","url":"https:\/\/www.bellunopress.it\/","name":"Bellunopress - Dolomiti","description":"e-mail: redazione@bellunopress.it","publisher":{"@id":"https:\/\/www.bellunopress.it\/#organization"},"potentialAction":[{"@type":"SearchAction","target":{"@type":"EntryPoint","urlTemplate":"https:\/\/www.bellunopress.it\/?s={search_term_string}"},"query-input":{"@type":"PropertyValueSpecification","valueRequired":true,"valueName":"search_term_string"}}],"inLanguage":"fr-FR"},{"@type":"Organization","@id":"https:\/\/www.bellunopress.it\/#organization","name":"Bellunopress","url":"https:\/\/www.bellunopress.it\/","logo":{"@type":"ImageObject","inLanguage":"fr-FR","@id":"https:\/\/www.bellunopress.it\/#\/schema\/logo\/image\/","url":"https:\/\/www.bellunopress.it\/wp-content\/uploads\/2011\/05\/cropped-logo-bellunopress-.jpg","contentUrl":"https:\/\/www.bellunopress.it\/wp-content\/uploads\/2011\/05\/cropped-logo-bellunopress-.jpg","width":512,"height":512,"caption":"Bellunopress"},"image":{"@id":"https:\/\/www.bellunopress.it\/#\/schema\/logo\/image\/"},"sameAs":["https:\/\/www.facebook.com\/profile.php?id=100008943462799","https:\/\/x.com\/bellunopress","https:\/\/www.linkedin.com\/hp\/?dnr=JBzUWaJfMUw8vbXJJ2tVW5-I3jZKvC4wsoxE&amp;amp;amp;amp;amp;amp;trk=nav_responsive_tab_home","https:\/\/www.youtube.com\/channel\/UCxL0wu1uN0_3_7hGG0306cw"]},{"@type":"Person","@id":"https:\/\/www.bellunopress.it\/#\/schema\/person\/79bb06722b37ece1c03d3e94beb30d73","name":"r\u00e9daction","image":{"@type":"ImageObject","inLanguage":"fr-FR","@id":"https:\/\/secure.gravatar.com\/avatar\/37d968a2e67a6fd04c169c4bdef102d0bc5d31b2546345219e348575eb80e9a0?s=96&d=mm&r=g","url":"https:\/\/secure.gravatar.com\/avatar\/37d968a2e67a6fd04c169c4bdef102d0bc5d31b2546345219e348575eb80e9a0?s=96&d=mm&r=g","contentUrl":"https:\/\/secure.gravatar.com\/avatar\/37d968a2e67a6fd04c169c4bdef102d0bc5d31b2546345219e348575eb80e9a0?s=96&d=mm&r=g","caption":"redazione"},"sameAs":["http:\/\/www.bellunopress.it","https:\/\/x.com\/bellunopress"],"url":"https:\/\/www.bellunopress.it\/fr\/author\/redazione\/"}]}},"_links":{"self":[{"href":"https:\/\/www.bellunopress.it\/fr\/wp-json\/wp\/v2\/posts\/146667","targetHints":{"allow":["GET"]}}],"collection":[{"href":"https:\/\/www.bellunopress.it\/fr\/wp-json\/wp\/v2\/posts"}],"about":[{"href":"https:\/\/www.bellunopress.it\/fr\/wp-json\/wp\/v2\/types\/post"}],"author":[{"embeddable":true,"href":"https:\/\/www.bellunopress.it\/fr\/wp-json\/wp\/v2\/users\/2"}],"replies":[{"embeddable":true,"href":"https:\/\/www.bellunopress.it\/fr\/wp-json\/wp\/v2\/comments?post=146667"}],"version-history":[{"count":1,"href":"https:\/\/www.bellunopress.it\/fr\/wp-json\/wp\/v2\/posts\/146667\/revisions"}],"predecessor-version":[{"id":146668,"href":"https:\/\/www.bellunopress.it\/fr\/wp-json\/wp\/v2\/posts\/146667\/revisions\/146668"}],"wp:featuredmedia":[{"embeddable":true,"href":"https:\/\/www.bellunopress.it\/fr\/wp-json\/wp\/v2\/media\/132392"}],"wp:attachment":[{"href":"https:\/\/www.bellunopress.it\/fr\/wp-json\/wp\/v2\/media?parent=146667"}],"wp:term":[{"taxonomy":"category","embeddable":true,"href":"https:\/\/www.bellunopress.it\/fr\/wp-json\/wp\/v2\/categories?post=146667"},{"taxonomy":"post_tag","embeddable":true,"href":"https:\/\/www.bellunopress.it\/fr\/wp-json\/wp\/v2\/tags?post=146667"}],"curies":[{"name":"wp","href":"https:\/\/api.w.org\/{rel}","templated":true}]}}