{"id":146660,"date":"2023-12-10T14:54:18","date_gmt":"2023-12-10T13:54:18","guid":{"rendered":"https:\/\/www.bellunopress.it\/?p=146660"},"modified":"2023-12-10T14:54:18","modified_gmt":"2023-12-10T13:54:18","slug":"studio-exhibita-progettazione-e-produzione-eventi-apre-a-cortina-in-vista-dei-giochi-olimpici-e-paralimpici-invernali-2026","status":"publish","type":"post","link":"https:\/\/www.bellunopress.it\/fr\/2023\/12\/10\/studio-exhibita-progettazione-e-produzione-eventi-apre-a-cortina-in-vista-dei-giochi-olimpici-e-paralimpici-invernali-2026\/","title":{"rendered":"Studio Exhibita, progettazione e produzione eventi, apre a Cortina in vista dei Giochi Olimpici e Paralimpici Invernali 2026"},"content":{"rendered":"<figure id=\"attachment_146661\" aria-describedby=\"caption-attachment-146661\" style=\"width: 1000px\" class=\"wp-caption alignleft\"><img loading=\"lazy\" decoding=\"async\" class=\"size-full wp-image-146661\" src=\"https:\/\/www.bellunopress.it\/wp-content\/uploads\/2023\/12\/Marco-Ramon-Daniela-Santanche-Nicholas-Gnani.jpg\" alt=\"\" width=\"1000\" height=\"667\" srcset=\"https:\/\/www.bellunopress.it\/wp-content\/uploads\/2023\/12\/Marco-Ramon-Daniela-Santanche-Nicholas-Gnani.jpg 1000w, https:\/\/www.bellunopress.it\/wp-content\/uploads\/2023\/12\/Marco-Ramon-Daniela-Santanche-Nicholas-Gnani-500x334.jpg 500w, https:\/\/www.bellunopress.it\/wp-content\/uploads\/2023\/12\/Marco-Ramon-Daniela-Santanche-Nicholas-Gnani-696x464.jpg 696w\" sizes=\"auto, (max-width: 1000px) 100vw, 1000px\" \/><figcaption id=\"caption-attachment-146661\" class=\"wp-caption-text\">Marco Ramon, Daniela Santanch\u00e8, Nicholas Gnani<\/figcaption><\/figure>\n<figure id=\"attachment_146662\" aria-describedby=\"caption-attachment-146662\" style=\"width: 1000px\" class=\"wp-caption alignleft\"><img loading=\"lazy\" decoding=\"async\" class=\"size-full wp-image-146662\" src=\"https:\/\/www.bellunopress.it\/wp-content\/uploads\/2023\/12\/Team-EXHIBITA-Nicholas-Gnaniv-Giorgio-Benfenati.jpg\" alt=\"\" width=\"1000\" height=\"667\" srcset=\"https:\/\/www.bellunopress.it\/wp-content\/uploads\/2023\/12\/Team-EXHIBITA-Nicholas-Gnaniv-Giorgio-Benfenati.jpg 1000w, https:\/\/www.bellunopress.it\/wp-content\/uploads\/2023\/12\/Team-EXHIBITA-Nicholas-Gnaniv-Giorgio-Benfenati-500x334.jpg 500w, https:\/\/www.bellunopress.it\/wp-content\/uploads\/2023\/12\/Team-EXHIBITA-Nicholas-Gnaniv-Giorgio-Benfenati-696x464.jpg 696w\" sizes=\"auto, (max-width: 1000px) 100vw, 1000px\" \/><figcaption id=\"caption-attachment-146662\" class=\"wp-caption-text\">Team Exhibita con Nicholas Gnani e Giorgio Benfenati<\/figcaption><\/figure>\n<p>Cortina d&#8217;Ampezzo, 10 dicembre 2023 Exhibita, studio milanese specializzato nell&#8217;ideazione, progettazione e produzione di eventi, ha inaugurato la sede di Cortina d&#8217;Ampezzo con un evento a cui hanno preso parte istituzioni, giornalisti, personalit\u00e0 dello sport e dell&#8217;ambito fashion&amp;luxury.<\/p>\n<p>&#8220;La scelta di aprire una sede a Cortina \u00e8 nata quasi naturalmente&#8221; dichiara Marco Ramon \u2013 direttore generale di Exhibita \u2013 &#8220;non solo perch\u00e9 con Milano sar\u00e0 una delle sedi dei Giochi Olimpici e Paralimpici Invernali 2026, ma anche per la grande expertise che Studio Exhibita ha maturato nel corso di questi ultimi vent&#8217;anni nell&#8217;organizzazione eventi in numerosi contesti resort, tra cui proprio Cortina. Siamo molto felici per questo nuovo progetto, peraltro ci stiamo gi\u00e0 relazionando con enti turistici e non del territorio ampezzano per collaborare e dare il nostro contributo in termini concreti anche alla localit\u00e0 stessa&#8221;.<\/p>\n<p>Forte di una ventennale esperienza nel settore e di una profonda conoscenza del contesto locale \u2013 anche grazie a progetti ed experience realizzati nel corso degli anni per le maison pi\u00f9 prestigiose, tra cui Fendi, Louis Vuitton e Valentino \u2013 Exhibita si propone con questa nuova realt\u00e0 a Cortina di diventare punto di riferimento e partner affidabile per tutte le attivit\u00e0 connesse all&#8217;organizzazione eventi nelle Dolomiti, in vista dei Giochi Olimpici e Paralimpici Invernali 2026: dallo scouting location agli aspetti legati alla creativit\u00e0, concept di eventi, progettazione, logistica e produzione, fino alla gestione degli iter burocratici e ai rapporti con le istituzioni e l&#8217;hospitality.<\/p>\n<p>Situato nel cuore del centro storico con una spettacolare vista sulle Dolomiti, il nuovo ufficio \u00e8 stato progettato dallo stesso Studio Exhibita come spazio moderno e funzionale per le attivit\u00e0 di un&#8217;agenzia di progettazione eventi, ma con il touch intimo e accogliente di un rifugio, anche grazie a suggestive scelte cromatiche come bordeaux e verde bosco, alle texture materiche e all&#8217;ampio utilizzo di boiserie in legno, che rievocano l&#8217;immaginario montano e che si accostano armoniosamente alla sofisticata eleganza degli elementi di design e degli arredi progettati ad hoc.<\/p>\n<p><strong>EXHIBITA<\/strong><br \/>\nStudio EXHIBITA nasce nel 2002 a Milano da un&#8217;idea di Giuseppe Marco di Paolo, exhibition designer, e si fa da subito conoscere come innovativo studio di progettazione per gli eventi. Fin dagli inizi, lo Studio si distingue per la capacit\u00e0 di creare format diversi, cuciti sulle esigenze del cliente, con innovative sperimentazioni nell&#8217;uso della tecnologia a servizio delle scenografie.<br \/>\nCon l&#8217;arrivo di Marco Ramon nel 2005, al talento creativo si unisce una specifica expertise in Production Management per i brand Fashion e Luxury; la grande attenzione ai dettagli e l&#8217;attitudine a un veloce problem solving portano lo Studio a farsi conoscere nell&#8217;ambito degli eventi di lusso.<br \/>\nIl connubio di creativit\u00e0 e spirito pragmatico, frutto del sodalizio tra le due professionalit\u00e0 dei titolari, non porta lo Studio a perdere identit\u00e0 ma a rafforzarla: mentre l&#8217;ufficio creativo si amplia grazie a nuove figure professionali che collaborano alla costruzione del concept totale fino allo sviluppo anche tecnico, si consolida un Dipartimento Production che lo affianca in tutto il processo, dalla ricerca location alla gestione dei servizi e delle esperienze.<br \/>\nOggi, a vent&#8217;anni dalla fondazione, lo spirito di Studio EXHIBITA non \u00e8 cambiato, ma si \u00e8 evoluto in un laboratorio di idee, il cui carattere poliedrico d\u00e0 vita ad eventi sempre diversi, curati sotto ogni aspetto: dallo storytelling dell&#8217;esperienza che vivr\u00e0 l&#8217;ospite dell&#8217;evento, al dettaglio delle finiture di ogni espositore, passando attraverso una regia studiata momento per momento.<\/p>\n<p>&nbsp;<\/p>","protected":false},"excerpt":{"rendered":"<p>Cortina d&#8217;Ampezzo, 10 dicembre 2023 Exhibita, studio milanese specializzato nell&#8217;ideazione, progettazione e produzione di eventi, ha inaugurato la sede di Cortina d&#8217;Ampezzo con un evento a cui hanno preso parte istituzioni, giornalisti, personalit\u00e0 dello sport e dell&#8217;ambito fashion&amp;luxury. &#8220;La scelta di aprire una sede a Cortina \u00e8 nata quasi naturalmente&#8221; dichiara Marco Ramon \u2013 direttore [&hellip;]<\/p>\n","protected":false},"author":2,"featured_media":146661,"comment_status":"closed","ping_status":"open","sticky":false,"template":"","format":"standard","meta":{"footnotes":""},"categories":[36],"tags":[],"class_list":["post-146660","post","type-post","status-publish","format-standard","has-post-thumbnail","category-lavoro-economia"],"yoast_head":"<!-- This site is optimized with the Yoast SEO plugin v28.4 - https:\/\/yoast.com\/product\/yoast-seo-wordpress\/ -->\n<title>Studio Exhibita, progettazione e produzione eventi, apre a Cortina in vista dei Giochi Olimpici e Paralimpici Invernali 2026 - Bellunopress - Dolomiti<\/title>\n<meta name=\"robots\" content=\"index, follow, max-snippet:-1, max-image-preview:large, max-video-preview:-1\" \/>\n<link rel=\"canonical\" href=\"https:\/\/www.bellunopress.it\/fr\/2023\/12\/10\/studio-exhibita-progettazione-e-produzione-eventi-apre-a-cortina-in-vista-dei-giochi-olimpici-e-paralimpici-invernali-2026\/\" \/>\n<meta property=\"og:locale\" content=\"fr_FR\" \/>\n<meta property=\"og:type\" content=\"article\" \/>\n<meta property=\"og:title\" content=\"Studio Exhibita, progettazione e produzione eventi, apre a Cortina in vista dei Giochi Olimpici e Paralimpici Invernali 2026 - Bellunopress - Dolomiti\" \/>\n<meta property=\"og:description\" content=\"Cortina d&#8217;Ampezzo, 10 dicembre 2023 Exhibita, studio milanese specializzato nell&#8217;ideazione, progettazione e produzione di eventi, ha inaugurato la sede di Cortina d&#8217;Ampezzo con un evento a cui hanno preso parte istituzioni, giornalisti, personalit\u00e0 dello sport e dell&#8217;ambito fashion&amp;luxury. &#8220;La scelta di aprire una sede a Cortina \u00e8 nata quasi naturalmente&#8221; dichiara Marco Ramon \u2013 direttore [&hellip;]\" \/>\n<meta property=\"og:url\" content=\"https:\/\/www.bellunopress.it\/fr\/2023\/12\/10\/studio-exhibita-progettazione-e-produzione-eventi-apre-a-cortina-in-vista-dei-giochi-olimpici-e-paralimpici-invernali-2026\/\" \/>\n<meta property=\"og:site_name\" content=\"Bellunopress - Dolomiti\" \/>\n<meta property=\"article:publisher\" content=\"https:\/\/www.facebook.com\/profile.php?id=100008943462799\" \/>\n<meta property=\"article:published_time\" content=\"2023-12-10T13:54:18+00:00\" \/>\n<meta property=\"og:image\" content=\"https:\/\/www.bellunopress.it\/wp-content\/uploads\/2023\/12\/Marco-Ramon-Daniela-Santanche-Nicholas-Gnani.jpg\" \/>\n\t<meta property=\"og:image:width\" content=\"1000\" \/>\n\t<meta property=\"og:image:height\" content=\"667\" \/>\n\t<meta property=\"og:image:type\" content=\"image\/jpeg\" \/>\n<meta name=\"author\" content=\"redazione\" \/>\n<meta name=\"twitter:card\" content=\"summary_large_image\" \/>\n<meta name=\"twitter:creator\" content=\"@bellunopress\" \/>\n<meta name=\"twitter:site\" content=\"@bellunopress\" \/>\n<meta name=\"twitter:label1\" content=\"\u00c9crit par\" \/>\n\t<meta name=\"twitter:data1\" content=\"redazione\" \/>\n\t<meta name=\"twitter:label2\" content=\"Dur\u00e9e de lecture estim\u00e9e\" \/>\n\t<meta name=\"twitter:data2\" content=\"3 minutes\" \/>\n<script type=\"application\/ld+json\" class=\"yoast-schema-graph\">{\"@context\":\"https:\\\/\\\/schema.org\",\"@graph\":[{\"@type\":\"Article\",\"@id\":\"https:\\\/\\\/www.bellunopress.it\\\/2023\\\/12\\\/10\\\/studio-exhibita-progettazione-e-produzione-eventi-apre-a-cortina-in-vista-dei-giochi-olimpici-e-paralimpici-invernali-2026\\\/#article\",\"isPartOf\":{\"@id\":\"https:\\\/\\\/www.bellunopress.it\\\/2023\\\/12\\\/10\\\/studio-exhibita-progettazione-e-produzione-eventi-apre-a-cortina-in-vista-dei-giochi-olimpici-e-paralimpici-invernali-2026\\\/\"},\"author\":{\"name\":\"redazione\",\"@id\":\"https:\\\/\\\/www.bellunopress.it\\\/#\\\/schema\\\/person\\\/79bb06722b37ece1c03d3e94beb30d73\"},\"headline\":\"Studio Exhibita, progettazione e produzione eventi, apre a Cortina in vista dei Giochi Olimpici e Paralimpici Invernali 2026\",\"datePublished\":\"2023-12-10T13:54:18+00:00\",\"mainEntityOfPage\":{\"@id\":\"https:\\\/\\\/www.bellunopress.it\\\/2023\\\/12\\\/10\\\/studio-exhibita-progettazione-e-produzione-eventi-apre-a-cortina-in-vista-dei-giochi-olimpici-e-paralimpici-invernali-2026\\\/\"},\"wordCount\":618,\"publisher\":{\"@id\":\"https:\\\/\\\/www.bellunopress.it\\\/#organization\"},\"image\":{\"@id\":\"https:\\\/\\\/www.bellunopress.it\\\/2023\\\/12\\\/10\\\/studio-exhibita-progettazione-e-produzione-eventi-apre-a-cortina-in-vista-dei-giochi-olimpici-e-paralimpici-invernali-2026\\\/#primaryimage\"},\"thumbnailUrl\":\"https:\\\/\\\/www.bellunopress.it\\\/wp-content\\\/uploads\\\/2023\\\/12\\\/Marco-Ramon-Daniela-Santanche-Nicholas-Gnani.jpg\",\"articleSection\":[\"Lavoro, Economia, Turismo\"],\"inLanguage\":\"fr-FR\"},{\"@type\":\"WebPage\",\"@id\":\"https:\\\/\\\/www.bellunopress.it\\\/2023\\\/12\\\/10\\\/studio-exhibita-progettazione-e-produzione-eventi-apre-a-cortina-in-vista-dei-giochi-olimpici-e-paralimpici-invernali-2026\\\/\",\"url\":\"https:\\\/\\\/www.bellunopress.it\\\/2023\\\/12\\\/10\\\/studio-exhibita-progettazione-e-produzione-eventi-apre-a-cortina-in-vista-dei-giochi-olimpici-e-paralimpici-invernali-2026\\\/\",\"name\":\"Studio Exhibita, progettazione e produzione eventi, apre a Cortina in vista dei Giochi Olimpici e Paralimpici Invernali 2026 - Bellunopress - Dolomiti\",\"isPartOf\":{\"@id\":\"https:\\\/\\\/www.bellunopress.it\\\/#website\"},\"primaryImageOfPage\":{\"@id\":\"https:\\\/\\\/www.bellunopress.it\\\/2023\\\/12\\\/10\\\/studio-exhibita-progettazione-e-produzione-eventi-apre-a-cortina-in-vista-dei-giochi-olimpici-e-paralimpici-invernali-2026\\\/#primaryimage\"},\"image\":{\"@id\":\"https:\\\/\\\/www.bellunopress.it\\\/2023\\\/12\\\/10\\\/studio-exhibita-progettazione-e-produzione-eventi-apre-a-cortina-in-vista-dei-giochi-olimpici-e-paralimpici-invernali-2026\\\/#primaryimage\"},\"thumbnailUrl\":\"https:\\\/\\\/www.bellunopress.it\\\/wp-content\\\/uploads\\\/2023\\\/12\\\/Marco-Ramon-Daniela-Santanche-Nicholas-Gnani.jpg\",\"datePublished\":\"2023-12-10T13:54:18+00:00\",\"breadcrumb\":{\"@id\":\"https:\\\/\\\/www.bellunopress.it\\\/2023\\\/12\\\/10\\\/studio-exhibita-progettazione-e-produzione-eventi-apre-a-cortina-in-vista-dei-giochi-olimpici-e-paralimpici-invernali-2026\\\/#breadcrumb\"},\"inLanguage\":\"fr-FR\",\"potentialAction\":[{\"@type\":\"ReadAction\",\"target\":[\"https:\\\/\\\/www.bellunopress.it\\\/2023\\\/12\\\/10\\\/studio-exhibita-progettazione-e-produzione-eventi-apre-a-cortina-in-vista-dei-giochi-olimpici-e-paralimpici-invernali-2026\\\/\"]}]},{\"@type\":\"ImageObject\",\"inLanguage\":\"fr-FR\",\"@id\":\"https:\\\/\\\/www.bellunopress.it\\\/2023\\\/12\\\/10\\\/studio-exhibita-progettazione-e-produzione-eventi-apre-a-cortina-in-vista-dei-giochi-olimpici-e-paralimpici-invernali-2026\\\/#primaryimage\",\"url\":\"https:\\\/\\\/www.bellunopress.it\\\/wp-content\\\/uploads\\\/2023\\\/12\\\/Marco-Ramon-Daniela-Santanche-Nicholas-Gnani.jpg\",\"contentUrl\":\"https:\\\/\\\/www.bellunopress.it\\\/wp-content\\\/uploads\\\/2023\\\/12\\\/Marco-Ramon-Daniela-Santanche-Nicholas-Gnani.jpg\",\"width\":1000,\"height\":667,\"caption\":\"Marco Ramon, Daniela Santanch\u00e8, Nicholas Gnani\"},{\"@type\":\"BreadcrumbList\",\"@id\":\"https:\\\/\\\/www.bellunopress.it\\\/2023\\\/12\\\/10\\\/studio-exhibita-progettazione-e-produzione-eventi-apre-a-cortina-in-vista-dei-giochi-olimpici-e-paralimpici-invernali-2026\\\/#breadcrumb\",\"itemListElement\":[{\"@type\":\"ListItem\",\"position\":1,\"name\":\"Home\",\"item\":\"https:\\\/\\\/www.bellunopress.it\\\/\"},{\"@type\":\"ListItem\",\"position\":2,\"name\":\"Studio Exhibita, progettazione e produzione eventi, apre a Cortina in vista dei Giochi Olimpici e Paralimpici Invernali 2026\"}]},{\"@type\":\"WebSite\",\"@id\":\"https:\\\/\\\/www.bellunopress.it\\\/#website\",\"url\":\"https:\\\/\\\/www.bellunopress.it\\\/\",\"name\":\"Bellunopress - Dolomiti\",\"description\":\"e-mail: redazione@bellunopress.it\",\"publisher\":{\"@id\":\"https:\\\/\\\/www.bellunopress.it\\\/#organization\"},\"potentialAction\":[{\"@type\":\"SearchAction\",\"target\":{\"@type\":\"EntryPoint\",\"urlTemplate\":\"https:\\\/\\\/www.bellunopress.it\\\/?s={search_term_string}\"},\"query-input\":{\"@type\":\"PropertyValueSpecification\",\"valueRequired\":true,\"valueName\":\"search_term_string\"}}],\"inLanguage\":\"fr-FR\"},{\"@type\":\"Organization\",\"@id\":\"https:\\\/\\\/www.bellunopress.it\\\/#organization\",\"name\":\"Bellunopress\",\"url\":\"https:\\\/\\\/www.bellunopress.it\\\/\",\"logo\":{\"@type\":\"ImageObject\",\"inLanguage\":\"fr-FR\",\"@id\":\"https:\\\/\\\/www.bellunopress.it\\\/#\\\/schema\\\/logo\\\/image\\\/\",\"url\":\"https:\\\/\\\/www.bellunopress.it\\\/wp-content\\\/uploads\\\/2011\\\/05\\\/cropped-logo-bellunopress-.jpg\",\"contentUrl\":\"https:\\\/\\\/www.bellunopress.it\\\/wp-content\\\/uploads\\\/2011\\\/05\\\/cropped-logo-bellunopress-.jpg\",\"width\":512,\"height\":512,\"caption\":\"Bellunopress\"},\"image\":{\"@id\":\"https:\\\/\\\/www.bellunopress.it\\\/#\\\/schema\\\/logo\\\/image\\\/\"},\"sameAs\":[\"https:\\\/\\\/www.facebook.com\\\/profile.php?id=100008943462799\",\"https:\\\/\\\/x.com\\\/bellunopress\",\"https:\\\/\\\/www.linkedin.com\\\/hp\\\/?dnr=JBzUWaJfMUw8vbXJJ2tVW5-I3jZKvC4wsoxE&amp;amp;amp;amp;amp;amp;trk=nav_responsive_tab_home\",\"https:\\\/\\\/www.youtube.com\\\/channel\\\/UCxL0wu1uN0_3_7hGG0306cw\"]},{\"@type\":\"Person\",\"@id\":\"https:\\\/\\\/www.bellunopress.it\\\/#\\\/schema\\\/person\\\/79bb06722b37ece1c03d3e94beb30d73\",\"name\":\"redazione\",\"image\":{\"@type\":\"ImageObject\",\"inLanguage\":\"fr-FR\",\"@id\":\"https:\\\/\\\/secure.gravatar.com\\\/avatar\\\/37d968a2e67a6fd04c169c4bdef102d0bc5d31b2546345219e348575eb80e9a0?s=96&d=mm&r=g\",\"url\":\"https:\\\/\\\/secure.gravatar.com\\\/avatar\\\/37d968a2e67a6fd04c169c4bdef102d0bc5d31b2546345219e348575eb80e9a0?s=96&d=mm&r=g\",\"contentUrl\":\"https:\\\/\\\/secure.gravatar.com\\\/avatar\\\/37d968a2e67a6fd04c169c4bdef102d0bc5d31b2546345219e348575eb80e9a0?s=96&d=mm&r=g\",\"caption\":\"redazione\"},\"sameAs\":[\"http:\\\/\\\/www.bellunopress.it\",\"https:\\\/\\\/x.com\\\/bellunopress\"],\"url\":\"https:\\\/\\\/www.bellunopress.it\\\/fr\\\/author\\\/redazione\\\/\"}]}<\/script>\n<!-- \/ Yoast SEO plugin. -->","yoast_head_json":{"title":"Studio Exhibita, progettazione e produzione eventi, apre a Cortina in vista dei Giochi Olimpici e Paralimpici Invernali 2026 - Bellunopress - Dolomiti","robots":{"index":"index","follow":"follow","max-snippet":"max-snippet:-1","max-image-preview":"max-image-preview:large","max-video-preview":"max-video-preview:-1"},"canonical":"https:\/\/www.bellunopress.it\/fr\/2023\/12\/10\/studio-exhibita-progettazione-e-produzione-eventi-apre-a-cortina-in-vista-dei-giochi-olimpici-e-paralimpici-invernali-2026\/","og_locale":"fr_FR","og_type":"article","og_title":"Studio Exhibita, progettazione e produzione eventi, apre a Cortina in vista dei Giochi Olimpici e Paralimpici Invernali 2026 - Bellunopress - Dolomiti","og_description":"Cortina d&#8217;Ampezzo, 10 dicembre 2023 Exhibita, studio milanese specializzato nell&#8217;ideazione, progettazione e produzione di eventi, ha inaugurato la sede di Cortina d&#8217;Ampezzo con un evento a cui hanno preso parte istituzioni, giornalisti, personalit\u00e0 dello sport e dell&#8217;ambito fashion&amp;luxury. &#8220;La scelta di aprire una sede a Cortina \u00e8 nata quasi naturalmente&#8221; dichiara Marco Ramon \u2013 direttore [&hellip;]","og_url":"https:\/\/www.bellunopress.it\/fr\/2023\/12\/10\/studio-exhibita-progettazione-e-produzione-eventi-apre-a-cortina-in-vista-dei-giochi-olimpici-e-paralimpici-invernali-2026\/","og_site_name":"Bellunopress - Dolomiti","article_publisher":"https:\/\/www.facebook.com\/profile.php?id=100008943462799","article_published_time":"2023-12-10T13:54:18+00:00","og_image":[{"width":1000,"height":667,"url":"https:\/\/www.bellunopress.it\/wp-content\/uploads\/2023\/12\/Marco-Ramon-Daniela-Santanche-Nicholas-Gnani.jpg","type":"image\/jpeg"}],"author":"redazione","twitter_card":"summary_large_image","twitter_creator":"@bellunopress","twitter_site":"@bellunopress","twitter_misc":{"\u00c9crit par":"redazione","Dur\u00e9e de lecture estim\u00e9e":"3 minutes"},"schema":{"@context":"https:\/\/schema.org","@graph":[{"@type":"Article","@id":"https:\/\/www.bellunopress.it\/2023\/12\/10\/studio-exhibita-progettazione-e-produzione-eventi-apre-a-cortina-in-vista-dei-giochi-olimpici-e-paralimpici-invernali-2026\/#article","isPartOf":{"@id":"https:\/\/www.bellunopress.it\/2023\/12\/10\/studio-exhibita-progettazione-e-produzione-eventi-apre-a-cortina-in-vista-dei-giochi-olimpici-e-paralimpici-invernali-2026\/"},"author":{"name":"redazione","@id":"https:\/\/www.bellunopress.it\/#\/schema\/person\/79bb06722b37ece1c03d3e94beb30d73"},"headline":"Studio Exhibita, progettazione e produzione eventi, apre a Cortina in vista dei Giochi Olimpici e Paralimpici Invernali 2026","datePublished":"2023-12-10T13:54:18+00:00","mainEntityOfPage":{"@id":"https:\/\/www.bellunopress.it\/2023\/12\/10\/studio-exhibita-progettazione-e-produzione-eventi-apre-a-cortina-in-vista-dei-giochi-olimpici-e-paralimpici-invernali-2026\/"},"wordCount":618,"publisher":{"@id":"https:\/\/www.bellunopress.it\/#organization"},"image":{"@id":"https:\/\/www.bellunopress.it\/2023\/12\/10\/studio-exhibita-progettazione-e-produzione-eventi-apre-a-cortina-in-vista-dei-giochi-olimpici-e-paralimpici-invernali-2026\/#primaryimage"},"thumbnailUrl":"https:\/\/www.bellunopress.it\/wp-content\/uploads\/2023\/12\/Marco-Ramon-Daniela-Santanche-Nicholas-Gnani.jpg","articleSection":["Lavoro, Economia, Turismo"],"inLanguage":"fr-FR"},{"@type":"WebPage","@id":"https:\/\/www.bellunopress.it\/2023\/12\/10\/studio-exhibita-progettazione-e-produzione-eventi-apre-a-cortina-in-vista-dei-giochi-olimpici-e-paralimpici-invernali-2026\/","url":"https:\/\/www.bellunopress.it\/2023\/12\/10\/studio-exhibita-progettazione-e-produzione-eventi-apre-a-cortina-in-vista-dei-giochi-olimpici-e-paralimpici-invernali-2026\/","name":"Studio Exhibita, progettazione e produzione eventi, apre a Cortina in vista dei Giochi Olimpici e Paralimpici Invernali 2026 - Bellunopress - Dolomiti","isPartOf":{"@id":"https:\/\/www.bellunopress.it\/#website"},"primaryImageOfPage":{"@id":"https:\/\/www.bellunopress.it\/2023\/12\/10\/studio-exhibita-progettazione-e-produzione-eventi-apre-a-cortina-in-vista-dei-giochi-olimpici-e-paralimpici-invernali-2026\/#primaryimage"},"image":{"@id":"https:\/\/www.bellunopress.it\/2023\/12\/10\/studio-exhibita-progettazione-e-produzione-eventi-apre-a-cortina-in-vista-dei-giochi-olimpici-e-paralimpici-invernali-2026\/#primaryimage"},"thumbnailUrl":"https:\/\/www.bellunopress.it\/wp-content\/uploads\/2023\/12\/Marco-Ramon-Daniela-Santanche-Nicholas-Gnani.jpg","datePublished":"2023-12-10T13:54:18+00:00","breadcrumb":{"@id":"https:\/\/www.bellunopress.it\/2023\/12\/10\/studio-exhibita-progettazione-e-produzione-eventi-apre-a-cortina-in-vista-dei-giochi-olimpici-e-paralimpici-invernali-2026\/#breadcrumb"},"inLanguage":"fr-FR","potentialAction":[{"@type":"ReadAction","target":["https:\/\/www.bellunopress.it\/2023\/12\/10\/studio-exhibita-progettazione-e-produzione-eventi-apre-a-cortina-in-vista-dei-giochi-olimpici-e-paralimpici-invernali-2026\/"]}]},{"@type":"ImageObject","inLanguage":"fr-FR","@id":"https:\/\/www.bellunopress.it\/2023\/12\/10\/studio-exhibita-progettazione-e-produzione-eventi-apre-a-cortina-in-vista-dei-giochi-olimpici-e-paralimpici-invernali-2026\/#primaryimage","url":"https:\/\/www.bellunopress.it\/wp-content\/uploads\/2023\/12\/Marco-Ramon-Daniela-Santanche-Nicholas-Gnani.jpg","contentUrl":"https:\/\/www.bellunopress.it\/wp-content\/uploads\/2023\/12\/Marco-Ramon-Daniela-Santanche-Nicholas-Gnani.jpg","width":1000,"height":667,"caption":"Marco Ramon, Daniela Santanch\u00e8, Nicholas Gnani"},{"@type":"BreadcrumbList","@id":"https:\/\/www.bellunopress.it\/2023\/12\/10\/studio-exhibita-progettazione-e-produzione-eventi-apre-a-cortina-in-vista-dei-giochi-olimpici-e-paralimpici-invernali-2026\/#breadcrumb","itemListElement":[{"@type":"ListItem","position":1,"name":"Home","item":"https:\/\/www.bellunopress.it\/"},{"@type":"ListItem","position":2,"name":"Studio Exhibita, progettazione e produzione eventi, apre a Cortina in vista dei Giochi Olimpici e Paralimpici Invernali 2026"}]},{"@type":"WebSite","@id":"https:\/\/www.bellunopress.it\/#website","url":"https:\/\/www.bellunopress.it\/","name":"Bellunopress - Dolomiti","description":"e-mail: redazione@bellunopress.it","publisher":{"@id":"https:\/\/www.bellunopress.it\/#organization"},"potentialAction":[{"@type":"SearchAction","target":{"@type":"EntryPoint","urlTemplate":"https:\/\/www.bellunopress.it\/?s={search_term_string}"},"query-input":{"@type":"PropertyValueSpecification","valueRequired":true,"valueName":"search_term_string"}}],"inLanguage":"fr-FR"},{"@type":"Organization","@id":"https:\/\/www.bellunopress.it\/#organization","name":"Bellunopress","url":"https:\/\/www.bellunopress.it\/","logo":{"@type":"ImageObject","inLanguage":"fr-FR","@id":"https:\/\/www.bellunopress.it\/#\/schema\/logo\/image\/","url":"https:\/\/www.bellunopress.it\/wp-content\/uploads\/2011\/05\/cropped-logo-bellunopress-.jpg","contentUrl":"https:\/\/www.bellunopress.it\/wp-content\/uploads\/2011\/05\/cropped-logo-bellunopress-.jpg","width":512,"height":512,"caption":"Bellunopress"},"image":{"@id":"https:\/\/www.bellunopress.it\/#\/schema\/logo\/image\/"},"sameAs":["https:\/\/www.facebook.com\/profile.php?id=100008943462799","https:\/\/x.com\/bellunopress","https:\/\/www.linkedin.com\/hp\/?dnr=JBzUWaJfMUw8vbXJJ2tVW5-I3jZKvC4wsoxE&amp;amp;amp;amp;amp;amp;trk=nav_responsive_tab_home","https:\/\/www.youtube.com\/channel\/UCxL0wu1uN0_3_7hGG0306cw"]},{"@type":"Person","@id":"https:\/\/www.bellunopress.it\/#\/schema\/person\/79bb06722b37ece1c03d3e94beb30d73","name":"r\u00e9daction","image":{"@type":"ImageObject","inLanguage":"fr-FR","@id":"https:\/\/secure.gravatar.com\/avatar\/37d968a2e67a6fd04c169c4bdef102d0bc5d31b2546345219e348575eb80e9a0?s=96&d=mm&r=g","url":"https:\/\/secure.gravatar.com\/avatar\/37d968a2e67a6fd04c169c4bdef102d0bc5d31b2546345219e348575eb80e9a0?s=96&d=mm&r=g","contentUrl":"https:\/\/secure.gravatar.com\/avatar\/37d968a2e67a6fd04c169c4bdef102d0bc5d31b2546345219e348575eb80e9a0?s=96&d=mm&r=g","caption":"redazione"},"sameAs":["http:\/\/www.bellunopress.it","https:\/\/x.com\/bellunopress"],"url":"https:\/\/www.bellunopress.it\/fr\/author\/redazione\/"}]}},"_links":{"self":[{"href":"https:\/\/www.bellunopress.it\/fr\/wp-json\/wp\/v2\/posts\/146660","targetHints":{"allow":["GET"]}}],"collection":[{"href":"https:\/\/www.bellunopress.it\/fr\/wp-json\/wp\/v2\/posts"}],"about":[{"href":"https:\/\/www.bellunopress.it\/fr\/wp-json\/wp\/v2\/types\/post"}],"author":[{"embeddable":true,"href":"https:\/\/www.bellunopress.it\/fr\/wp-json\/wp\/v2\/users\/2"}],"replies":[{"embeddable":true,"href":"https:\/\/www.bellunopress.it\/fr\/wp-json\/wp\/v2\/comments?post=146660"}],"version-history":[{"count":1,"href":"https:\/\/www.bellunopress.it\/fr\/wp-json\/wp\/v2\/posts\/146660\/revisions"}],"predecessor-version":[{"id":146663,"href":"https:\/\/www.bellunopress.it\/fr\/wp-json\/wp\/v2\/posts\/146660\/revisions\/146663"}],"wp:featuredmedia":[{"embeddable":true,"href":"https:\/\/www.bellunopress.it\/fr\/wp-json\/wp\/v2\/media\/146661"}],"wp:attachment":[{"href":"https:\/\/www.bellunopress.it\/fr\/wp-json\/wp\/v2\/media?parent=146660"}],"wp:term":[{"taxonomy":"category","embeddable":true,"href":"https:\/\/www.bellunopress.it\/fr\/wp-json\/wp\/v2\/categories?post=146660"},{"taxonomy":"post_tag","embeddable":true,"href":"https:\/\/www.bellunopress.it\/fr\/wp-json\/wp\/v2\/tags?post=146660"}],"curies":[{"name":"wp","href":"https:\/\/api.w.org\/{rel}","templated":true}]}}