{"id":146657,"date":"2023-12-10T13:38:55","date_gmt":"2023-12-10T12:38:55","guid":{"rendered":"https:\/\/www.bellunopress.it\/?p=146657"},"modified":"2023-12-10T13:38:55","modified_gmt":"2023-12-10T12:38:55","slug":"partecipatissima-la-serata-con-il-coro-sat-di-trento-che-chiude-i-concerti-di-vajont-60","status":"publish","type":"post","link":"https:\/\/www.bellunopress.it\/fr\/2023\/12\/10\/partecipatissima-la-serata-con-il-coro-sat-di-trento-che-chiude-i-concerti-di-vajont-60\/","title":{"rendered":"Partecipatissima la serata con il coro Sat di Trento che chiude i concerti di Vajont 60"},"content":{"rendered":"<p><em><strong><img loading=\"lazy\" decoding=\"async\" class=\"alignleft size-full wp-image-146658\" src=\"https:\/\/www.bellunopress.it\/wp-content\/uploads\/2023\/12\/Coro-Sat-Trento_edited.jpg\" alt=\"\" width=\"1000\" height=\"750\" srcset=\"https:\/\/www.bellunopress.it\/wp-content\/uploads\/2023\/12\/Coro-Sat-Trento_edited.jpg 1000w, https:\/\/www.bellunopress.it\/wp-content\/uploads\/2023\/12\/Coro-Sat-Trento_edited-500x375.jpg 500w, https:\/\/www.bellunopress.it\/wp-content\/uploads\/2023\/12\/Coro-Sat-Trento_edited-696x522.jpg 696w\" sizes=\"auto, (max-width: 1000px) 100vw, 1000px\" \/>La musica fa memoria e scalda il cuore<\/strong><\/em><\/p>\n<p><em><strong>Prossimo appuntamento il 16 dicembre con il Premio Fnsi dedicato a Tina Merlin<\/strong><\/em><\/p>\n<p><img loading=\"lazy\" decoding=\"async\" class=\"alignleft size-full wp-image-146658\" src=\"https:\/\/www.bellunopress.it\/wp-content\/uploads\/2023\/12\/Coro-Sat-Trento_edited.jpg\" alt=\"Coro Sat di Trento Societ\u00e0 Alpinisti Tridentini\" width=\"1000\" height=\"750\" srcset=\"https:\/\/www.bellunopress.it\/wp-content\/uploads\/2023\/12\/Coro-Sat-Trento_edited.jpg 1000w, https:\/\/www.bellunopress.it\/wp-content\/uploads\/2023\/12\/Coro-Sat-Trento_edited-500x375.jpg 500w, https:\/\/www.bellunopress.it\/wp-content\/uploads\/2023\/12\/Coro-Sat-Trento_edited-696x522.jpg 696w\" sizes=\"auto, (max-width: 1000px) 100vw, 1000px\" \/>Longarone 10 dicembre 2023 &#8211; Con una presenza di pubblico straordinaria, si \u00e8 chiuso ieri il ciclo di concerti dedicati alla memoria del Vajont e inseriti nel calendario degli eventi del sessantesimo anniversario della tragedia. Oltre 500 persone hanno riempito la chiesa parrocchiale di Longarone per ascoltare il repertorio del coro della Sat di Trento (Societ\u00e0 Alpinisti Tridentini), il pi\u00f9 celebre tra i cori maschili italiani &#8220;di montagna&#8221; e uno dei pi\u00f9 antichi, dato che \u00e8 stato fondato nel 1926.<\/p>\n<p>I canti di montagna del coro Sat si sono alternati con le ugole del coro Voci delle Dolomiti, diretto dal maestro Michele Feltrin, in un dialogo musicale che ha appassionato tutto il pubblico. \u00abLa musica ha veicolato la memoria del Vajont con una serie di concerti che hanno raccolto grande entusiasmo e aiutato a ricordare il disastro con uno sguardo proiettato al futuro\u00bb afferma il sindaco di Longarone, Roberto Padrin. \u00abIl messaggio lanciato anche dai concerti, in questo 60\u00b0 anniversario, \u00e8 che disastri simili, provocati dalla mano dell&#8217;uomo, non devono mai pi\u00f9 ripetersi\u00bb.<\/p>\n<p>Durante il concerto ci sono stati anche due momenti speciali: il riconoscimento al colonnello Stefano Fregona per il sostegno dato all&#8217;organizzazione del raduno degli ex soccorritori; e il collegamento web con le comunit\u00e0 gemellate con Longarone &#8211; Kutina (Croazia) e Urussanga (Brasile) &#8211; che hanno portato il loro saluto.<\/p>\n<p>Adesso il calendario degli eventi del 60\u00b0 anniversario del Vajont prosegue con l&#8217;appuntamento di sabato 16 dicembre, quando Longarone ospiter\u00e0 la cerimonia di premiazione del primo premio nazionale Fnsi per il giornalismo d&#8217;inchiesta sui territori, dedicato alla figura di Tina Merlin. Nei giorni scorsi \u00e8 stata svelata la cinquina dei finalisti. La cerimonia comincer\u00e0 alle 10.30, nella sala consiliare del municipio.<\/p>","protected":false},"excerpt":{"rendered":"<p>La musica fa memoria e scalda il cuore Prossimo appuntamento il 16 dicembre con il Premio Fnsi dedicato a Tina Merlin Longarone 10 dicembre 2023 &#8211; Con una presenza di pubblico straordinaria, si \u00e8 chiuso ieri il ciclo di concerti dedicati alla memoria del Vajont e inseriti nel calendario degli eventi del sessantesimo anniversario della [&hellip;]<\/p>\n","protected":false},"author":2,"featured_media":146658,"comment_status":"closed","ping_status":"open","sticky":false,"template":"","format":"standard","meta":{"footnotes":""},"categories":[8],"tags":[],"class_list":["post-146657","post","type-post","status-publish","format-standard","has-post-thumbnail","category-societa-istituzioni"],"yoast_head":"<!-- This site is optimized with the Yoast SEO plugin v28.4 - https:\/\/yoast.com\/product\/yoast-seo-wordpress\/ -->\n<title>Partecipatissima la serata con il coro Sat di Trento che chiude i concerti di Vajont 60 - Bellunopress - Dolomiti<\/title>\n<meta name=\"robots\" content=\"index, follow, max-snippet:-1, max-image-preview:large, max-video-preview:-1\" \/>\n<link rel=\"canonical\" href=\"https:\/\/www.bellunopress.it\/fr\/2023\/12\/10\/partecipatissima-la-serata-con-il-coro-sat-di-trento-che-chiude-i-concerti-di-vajont-60\/\" \/>\n<meta property=\"og:locale\" content=\"fr_FR\" \/>\n<meta property=\"og:type\" content=\"article\" \/>\n<meta property=\"og:title\" content=\"Partecipatissima la serata con il coro Sat di Trento che chiude i concerti di Vajont 60 - Bellunopress - Dolomiti\" \/>\n<meta property=\"og:description\" content=\"La musica fa memoria e scalda il cuore Prossimo appuntamento il 16 dicembre con il Premio Fnsi dedicato a Tina Merlin Longarone 10 dicembre 2023 &#8211; Con una presenza di pubblico straordinaria, si \u00e8 chiuso ieri il ciclo di concerti dedicati alla memoria del Vajont e inseriti nel calendario degli eventi del sessantesimo anniversario della [&hellip;]\" \/>\n<meta property=\"og:url\" content=\"https:\/\/www.bellunopress.it\/fr\/2023\/12\/10\/partecipatissima-la-serata-con-il-coro-sat-di-trento-che-chiude-i-concerti-di-vajont-60\/\" \/>\n<meta property=\"og:site_name\" content=\"Bellunopress - Dolomiti\" \/>\n<meta property=\"article:publisher\" content=\"https:\/\/www.facebook.com\/profile.php?id=100008943462799\" \/>\n<meta property=\"article:published_time\" content=\"2023-12-10T12:38:55+00:00\" \/>\n<meta property=\"og:image\" content=\"https:\/\/www.bellunopress.it\/wp-content\/uploads\/2023\/12\/Coro-Sat-Trento_edited.jpg\" \/>\n\t<meta property=\"og:image:width\" content=\"1000\" \/>\n\t<meta property=\"og:image:height\" content=\"750\" \/>\n\t<meta property=\"og:image:type\" content=\"image\/jpeg\" \/>\n<meta name=\"author\" content=\"redazione\" \/>\n<meta name=\"twitter:card\" content=\"summary_large_image\" \/>\n<meta name=\"twitter:creator\" content=\"@bellunopress\" \/>\n<meta name=\"twitter:site\" content=\"@bellunopress\" \/>\n<meta name=\"twitter:label1\" content=\"\u00c9crit par\" \/>\n\t<meta name=\"twitter:data1\" content=\"redazione\" \/>\n\t<meta name=\"twitter:label2\" content=\"Dur\u00e9e de lecture estim\u00e9e\" \/>\n\t<meta name=\"twitter:data2\" content=\"1 minute\" \/>\n<script type=\"application\/ld+json\" class=\"yoast-schema-graph\">{\"@context\":\"https:\\\/\\\/schema.org\",\"@graph\":[{\"@type\":\"Article\",\"@id\":\"https:\\\/\\\/www.bellunopress.it\\\/2023\\\/12\\\/10\\\/partecipatissima-la-serata-con-il-coro-sat-di-trento-che-chiude-i-concerti-di-vajont-60\\\/#article\",\"isPartOf\":{\"@id\":\"https:\\\/\\\/www.bellunopress.it\\\/2023\\\/12\\\/10\\\/partecipatissima-la-serata-con-il-coro-sat-di-trento-che-chiude-i-concerti-di-vajont-60\\\/\"},\"author\":{\"name\":\"redazione\",\"@id\":\"https:\\\/\\\/www.bellunopress.it\\\/#\\\/schema\\\/person\\\/79bb06722b37ece1c03d3e94beb30d73\"},\"headline\":\"Partecipatissima la serata con il coro Sat di Trento che chiude i concerti di Vajont 60\",\"datePublished\":\"2023-12-10T12:38:55+00:00\",\"mainEntityOfPage\":{\"@id\":\"https:\\\/\\\/www.bellunopress.it\\\/2023\\\/12\\\/10\\\/partecipatissima-la-serata-con-il-coro-sat-di-trento-che-chiude-i-concerti-di-vajont-60\\\/\"},\"wordCount\":310,\"publisher\":{\"@id\":\"https:\\\/\\\/www.bellunopress.it\\\/#organization\"},\"image\":{\"@id\":\"https:\\\/\\\/www.bellunopress.it\\\/2023\\\/12\\\/10\\\/partecipatissima-la-serata-con-il-coro-sat-di-trento-che-chiude-i-concerti-di-vajont-60\\\/#primaryimage\"},\"thumbnailUrl\":\"https:\\\/\\\/www.bellunopress.it\\\/wp-content\\\/uploads\\\/2023\\\/12\\\/Coro-Sat-Trento_edited.jpg\",\"articleSection\":[\"Societ\u00e0, Associazioni, Istituzioni\"],\"inLanguage\":\"fr-FR\"},{\"@type\":\"WebPage\",\"@id\":\"https:\\\/\\\/www.bellunopress.it\\\/2023\\\/12\\\/10\\\/partecipatissima-la-serata-con-il-coro-sat-di-trento-che-chiude-i-concerti-di-vajont-60\\\/\",\"url\":\"https:\\\/\\\/www.bellunopress.it\\\/2023\\\/12\\\/10\\\/partecipatissima-la-serata-con-il-coro-sat-di-trento-che-chiude-i-concerti-di-vajont-60\\\/\",\"name\":\"Partecipatissima la serata con il coro Sat di Trento che chiude i concerti di Vajont 60 - Bellunopress - Dolomiti\",\"isPartOf\":{\"@id\":\"https:\\\/\\\/www.bellunopress.it\\\/#website\"},\"primaryImageOfPage\":{\"@id\":\"https:\\\/\\\/www.bellunopress.it\\\/2023\\\/12\\\/10\\\/partecipatissima-la-serata-con-il-coro-sat-di-trento-che-chiude-i-concerti-di-vajont-60\\\/#primaryimage\"},\"image\":{\"@id\":\"https:\\\/\\\/www.bellunopress.it\\\/2023\\\/12\\\/10\\\/partecipatissima-la-serata-con-il-coro-sat-di-trento-che-chiude-i-concerti-di-vajont-60\\\/#primaryimage\"},\"thumbnailUrl\":\"https:\\\/\\\/www.bellunopress.it\\\/wp-content\\\/uploads\\\/2023\\\/12\\\/Coro-Sat-Trento_edited.jpg\",\"datePublished\":\"2023-12-10T12:38:55+00:00\",\"breadcrumb\":{\"@id\":\"https:\\\/\\\/www.bellunopress.it\\\/2023\\\/12\\\/10\\\/partecipatissima-la-serata-con-il-coro-sat-di-trento-che-chiude-i-concerti-di-vajont-60\\\/#breadcrumb\"},\"inLanguage\":\"fr-FR\",\"potentialAction\":[{\"@type\":\"ReadAction\",\"target\":[\"https:\\\/\\\/www.bellunopress.it\\\/2023\\\/12\\\/10\\\/partecipatissima-la-serata-con-il-coro-sat-di-trento-che-chiude-i-concerti-di-vajont-60\\\/\"]}]},{\"@type\":\"ImageObject\",\"inLanguage\":\"fr-FR\",\"@id\":\"https:\\\/\\\/www.bellunopress.it\\\/2023\\\/12\\\/10\\\/partecipatissima-la-serata-con-il-coro-sat-di-trento-che-chiude-i-concerti-di-vajont-60\\\/#primaryimage\",\"url\":\"https:\\\/\\\/www.bellunopress.it\\\/wp-content\\\/uploads\\\/2023\\\/12\\\/Coro-Sat-Trento_edited.jpg\",\"contentUrl\":\"https:\\\/\\\/www.bellunopress.it\\\/wp-content\\\/uploads\\\/2023\\\/12\\\/Coro-Sat-Trento_edited.jpg\",\"width\":1000,\"height\":750,\"caption\":\"Coro Sat di Trento Societ\u00e0 Alpinisti Tridentini\"},{\"@type\":\"BreadcrumbList\",\"@id\":\"https:\\\/\\\/www.bellunopress.it\\\/2023\\\/12\\\/10\\\/partecipatissima-la-serata-con-il-coro-sat-di-trento-che-chiude-i-concerti-di-vajont-60\\\/#breadcrumb\",\"itemListElement\":[{\"@type\":\"ListItem\",\"position\":1,\"name\":\"Home\",\"item\":\"https:\\\/\\\/www.bellunopress.it\\\/\"},{\"@type\":\"ListItem\",\"position\":2,\"name\":\"Partecipatissima la serata con il coro Sat di Trento che chiude i concerti di Vajont 60\"}]},{\"@type\":\"WebSite\",\"@id\":\"https:\\\/\\\/www.bellunopress.it\\\/#website\",\"url\":\"https:\\\/\\\/www.bellunopress.it\\\/\",\"name\":\"Bellunopress - Dolomiti\",\"description\":\"e-mail: redazione@bellunopress.it\",\"publisher\":{\"@id\":\"https:\\\/\\\/www.bellunopress.it\\\/#organization\"},\"potentialAction\":[{\"@type\":\"SearchAction\",\"target\":{\"@type\":\"EntryPoint\",\"urlTemplate\":\"https:\\\/\\\/www.bellunopress.it\\\/?s={search_term_string}\"},\"query-input\":{\"@type\":\"PropertyValueSpecification\",\"valueRequired\":true,\"valueName\":\"search_term_string\"}}],\"inLanguage\":\"fr-FR\"},{\"@type\":\"Organization\",\"@id\":\"https:\\\/\\\/www.bellunopress.it\\\/#organization\",\"name\":\"Bellunopress\",\"url\":\"https:\\\/\\\/www.bellunopress.it\\\/\",\"logo\":{\"@type\":\"ImageObject\",\"inLanguage\":\"fr-FR\",\"@id\":\"https:\\\/\\\/www.bellunopress.it\\\/#\\\/schema\\\/logo\\\/image\\\/\",\"url\":\"https:\\\/\\\/www.bellunopress.it\\\/wp-content\\\/uploads\\\/2011\\\/05\\\/cropped-logo-bellunopress-.jpg\",\"contentUrl\":\"https:\\\/\\\/www.bellunopress.it\\\/wp-content\\\/uploads\\\/2011\\\/05\\\/cropped-logo-bellunopress-.jpg\",\"width\":512,\"height\":512,\"caption\":\"Bellunopress\"},\"image\":{\"@id\":\"https:\\\/\\\/www.bellunopress.it\\\/#\\\/schema\\\/logo\\\/image\\\/\"},\"sameAs\":[\"https:\\\/\\\/www.facebook.com\\\/profile.php?id=100008943462799\",\"https:\\\/\\\/x.com\\\/bellunopress\",\"https:\\\/\\\/www.linkedin.com\\\/hp\\\/?dnr=JBzUWaJfMUw8vbXJJ2tVW5-I3jZKvC4wsoxE&amp;amp;amp;amp;amp;amp;trk=nav_responsive_tab_home\",\"https:\\\/\\\/www.youtube.com\\\/channel\\\/UCxL0wu1uN0_3_7hGG0306cw\"]},{\"@type\":\"Person\",\"@id\":\"https:\\\/\\\/www.bellunopress.it\\\/#\\\/schema\\\/person\\\/79bb06722b37ece1c03d3e94beb30d73\",\"name\":\"redazione\",\"image\":{\"@type\":\"ImageObject\",\"inLanguage\":\"fr-FR\",\"@id\":\"https:\\\/\\\/secure.gravatar.com\\\/avatar\\\/37d968a2e67a6fd04c169c4bdef102d0bc5d31b2546345219e348575eb80e9a0?s=96&d=mm&r=g\",\"url\":\"https:\\\/\\\/secure.gravatar.com\\\/avatar\\\/37d968a2e67a6fd04c169c4bdef102d0bc5d31b2546345219e348575eb80e9a0?s=96&d=mm&r=g\",\"contentUrl\":\"https:\\\/\\\/secure.gravatar.com\\\/avatar\\\/37d968a2e67a6fd04c169c4bdef102d0bc5d31b2546345219e348575eb80e9a0?s=96&d=mm&r=g\",\"caption\":\"redazione\"},\"sameAs\":[\"http:\\\/\\\/www.bellunopress.it\",\"https:\\\/\\\/x.com\\\/bellunopress\"],\"url\":\"https:\\\/\\\/www.bellunopress.it\\\/fr\\\/author\\\/redazione\\\/\"}]}<\/script>\n<!-- \/ Yoast SEO plugin. -->","yoast_head_json":{"title":"Partecipatissima la serata con il coro Sat di Trento che chiude i concerti di Vajont 60 - Bellunopress - Dolomiti","robots":{"index":"index","follow":"follow","max-snippet":"max-snippet:-1","max-image-preview":"max-image-preview:large","max-video-preview":"max-video-preview:-1"},"canonical":"https:\/\/www.bellunopress.it\/fr\/2023\/12\/10\/partecipatissima-la-serata-con-il-coro-sat-di-trento-che-chiude-i-concerti-di-vajont-60\/","og_locale":"fr_FR","og_type":"article","og_title":"Partecipatissima la serata con il coro Sat di Trento che chiude i concerti di Vajont 60 - Bellunopress - Dolomiti","og_description":"La musica fa memoria e scalda il cuore Prossimo appuntamento il 16 dicembre con il Premio Fnsi dedicato a Tina Merlin Longarone 10 dicembre 2023 &#8211; Con una presenza di pubblico straordinaria, si \u00e8 chiuso ieri il ciclo di concerti dedicati alla memoria del Vajont e inseriti nel calendario degli eventi del sessantesimo anniversario della [&hellip;]","og_url":"https:\/\/www.bellunopress.it\/fr\/2023\/12\/10\/partecipatissima-la-serata-con-il-coro-sat-di-trento-che-chiude-i-concerti-di-vajont-60\/","og_site_name":"Bellunopress - Dolomiti","article_publisher":"https:\/\/www.facebook.com\/profile.php?id=100008943462799","article_published_time":"2023-12-10T12:38:55+00:00","og_image":[{"width":1000,"height":750,"url":"https:\/\/www.bellunopress.it\/wp-content\/uploads\/2023\/12\/Coro-Sat-Trento_edited.jpg","type":"image\/jpeg"}],"author":"redazione","twitter_card":"summary_large_image","twitter_creator":"@bellunopress","twitter_site":"@bellunopress","twitter_misc":{"\u00c9crit par":"redazione","Dur\u00e9e de lecture estim\u00e9e":"1 minute"},"schema":{"@context":"https:\/\/schema.org","@graph":[{"@type":"Article","@id":"https:\/\/www.bellunopress.it\/2023\/12\/10\/partecipatissima-la-serata-con-il-coro-sat-di-trento-che-chiude-i-concerti-di-vajont-60\/#article","isPartOf":{"@id":"https:\/\/www.bellunopress.it\/2023\/12\/10\/partecipatissima-la-serata-con-il-coro-sat-di-trento-che-chiude-i-concerti-di-vajont-60\/"},"author":{"name":"redazione","@id":"https:\/\/www.bellunopress.it\/#\/schema\/person\/79bb06722b37ece1c03d3e94beb30d73"},"headline":"Partecipatissima la serata con il coro Sat di Trento che chiude i concerti di Vajont 60","datePublished":"2023-12-10T12:38:55+00:00","mainEntityOfPage":{"@id":"https:\/\/www.bellunopress.it\/2023\/12\/10\/partecipatissima-la-serata-con-il-coro-sat-di-trento-che-chiude-i-concerti-di-vajont-60\/"},"wordCount":310,"publisher":{"@id":"https:\/\/www.bellunopress.it\/#organization"},"image":{"@id":"https:\/\/www.bellunopress.it\/2023\/12\/10\/partecipatissima-la-serata-con-il-coro-sat-di-trento-che-chiude-i-concerti-di-vajont-60\/#primaryimage"},"thumbnailUrl":"https:\/\/www.bellunopress.it\/wp-content\/uploads\/2023\/12\/Coro-Sat-Trento_edited.jpg","articleSection":["Societ\u00e0, Associazioni, Istituzioni"],"inLanguage":"fr-FR"},{"@type":"WebPage","@id":"https:\/\/www.bellunopress.it\/2023\/12\/10\/partecipatissima-la-serata-con-il-coro-sat-di-trento-che-chiude-i-concerti-di-vajont-60\/","url":"https:\/\/www.bellunopress.it\/2023\/12\/10\/partecipatissima-la-serata-con-il-coro-sat-di-trento-che-chiude-i-concerti-di-vajont-60\/","name":"Partecipatissima la serata con il coro Sat di Trento che chiude i concerti di Vajont 60 - Bellunopress - Dolomiti","isPartOf":{"@id":"https:\/\/www.bellunopress.it\/#website"},"primaryImageOfPage":{"@id":"https:\/\/www.bellunopress.it\/2023\/12\/10\/partecipatissima-la-serata-con-il-coro-sat-di-trento-che-chiude-i-concerti-di-vajont-60\/#primaryimage"},"image":{"@id":"https:\/\/www.bellunopress.it\/2023\/12\/10\/partecipatissima-la-serata-con-il-coro-sat-di-trento-che-chiude-i-concerti-di-vajont-60\/#primaryimage"},"thumbnailUrl":"https:\/\/www.bellunopress.it\/wp-content\/uploads\/2023\/12\/Coro-Sat-Trento_edited.jpg","datePublished":"2023-12-10T12:38:55+00:00","breadcrumb":{"@id":"https:\/\/www.bellunopress.it\/2023\/12\/10\/partecipatissima-la-serata-con-il-coro-sat-di-trento-che-chiude-i-concerti-di-vajont-60\/#breadcrumb"},"inLanguage":"fr-FR","potentialAction":[{"@type":"ReadAction","target":["https:\/\/www.bellunopress.it\/2023\/12\/10\/partecipatissima-la-serata-con-il-coro-sat-di-trento-che-chiude-i-concerti-di-vajont-60\/"]}]},{"@type":"ImageObject","inLanguage":"fr-FR","@id":"https:\/\/www.bellunopress.it\/2023\/12\/10\/partecipatissima-la-serata-con-il-coro-sat-di-trento-che-chiude-i-concerti-di-vajont-60\/#primaryimage","url":"https:\/\/www.bellunopress.it\/wp-content\/uploads\/2023\/12\/Coro-Sat-Trento_edited.jpg","contentUrl":"https:\/\/www.bellunopress.it\/wp-content\/uploads\/2023\/12\/Coro-Sat-Trento_edited.jpg","width":1000,"height":750,"caption":"Coro Sat di Trento Societ\u00e0 Alpinisti Tridentini"},{"@type":"BreadcrumbList","@id":"https:\/\/www.bellunopress.it\/2023\/12\/10\/partecipatissima-la-serata-con-il-coro-sat-di-trento-che-chiude-i-concerti-di-vajont-60\/#breadcrumb","itemListElement":[{"@type":"ListItem","position":1,"name":"Home","item":"https:\/\/www.bellunopress.it\/"},{"@type":"ListItem","position":2,"name":"Partecipatissima la serata con il coro Sat di Trento che chiude i concerti di Vajont 60"}]},{"@type":"WebSite","@id":"https:\/\/www.bellunopress.it\/#website","url":"https:\/\/www.bellunopress.it\/","name":"Bellunopress - Dolomiti","description":"e-mail: redazione@bellunopress.it","publisher":{"@id":"https:\/\/www.bellunopress.it\/#organization"},"potentialAction":[{"@type":"SearchAction","target":{"@type":"EntryPoint","urlTemplate":"https:\/\/www.bellunopress.it\/?s={search_term_string}"},"query-input":{"@type":"PropertyValueSpecification","valueRequired":true,"valueName":"search_term_string"}}],"inLanguage":"fr-FR"},{"@type":"Organization","@id":"https:\/\/www.bellunopress.it\/#organization","name":"Bellunopress","url":"https:\/\/www.bellunopress.it\/","logo":{"@type":"ImageObject","inLanguage":"fr-FR","@id":"https:\/\/www.bellunopress.it\/#\/schema\/logo\/image\/","url":"https:\/\/www.bellunopress.it\/wp-content\/uploads\/2011\/05\/cropped-logo-bellunopress-.jpg","contentUrl":"https:\/\/www.bellunopress.it\/wp-content\/uploads\/2011\/05\/cropped-logo-bellunopress-.jpg","width":512,"height":512,"caption":"Bellunopress"},"image":{"@id":"https:\/\/www.bellunopress.it\/#\/schema\/logo\/image\/"},"sameAs":["https:\/\/www.facebook.com\/profile.php?id=100008943462799","https:\/\/x.com\/bellunopress","https:\/\/www.linkedin.com\/hp\/?dnr=JBzUWaJfMUw8vbXJJ2tVW5-I3jZKvC4wsoxE&amp;amp;amp;amp;amp;amp;trk=nav_responsive_tab_home","https:\/\/www.youtube.com\/channel\/UCxL0wu1uN0_3_7hGG0306cw"]},{"@type":"Person","@id":"https:\/\/www.bellunopress.it\/#\/schema\/person\/79bb06722b37ece1c03d3e94beb30d73","name":"r\u00e9daction","image":{"@type":"ImageObject","inLanguage":"fr-FR","@id":"https:\/\/secure.gravatar.com\/avatar\/37d968a2e67a6fd04c169c4bdef102d0bc5d31b2546345219e348575eb80e9a0?s=96&d=mm&r=g","url":"https:\/\/secure.gravatar.com\/avatar\/37d968a2e67a6fd04c169c4bdef102d0bc5d31b2546345219e348575eb80e9a0?s=96&d=mm&r=g","contentUrl":"https:\/\/secure.gravatar.com\/avatar\/37d968a2e67a6fd04c169c4bdef102d0bc5d31b2546345219e348575eb80e9a0?s=96&d=mm&r=g","caption":"redazione"},"sameAs":["http:\/\/www.bellunopress.it","https:\/\/x.com\/bellunopress"],"url":"https:\/\/www.bellunopress.it\/fr\/author\/redazione\/"}]}},"_links":{"self":[{"href":"https:\/\/www.bellunopress.it\/fr\/wp-json\/wp\/v2\/posts\/146657","targetHints":{"allow":["GET"]}}],"collection":[{"href":"https:\/\/www.bellunopress.it\/fr\/wp-json\/wp\/v2\/posts"}],"about":[{"href":"https:\/\/www.bellunopress.it\/fr\/wp-json\/wp\/v2\/types\/post"}],"author":[{"embeddable":true,"href":"https:\/\/www.bellunopress.it\/fr\/wp-json\/wp\/v2\/users\/2"}],"replies":[{"embeddable":true,"href":"https:\/\/www.bellunopress.it\/fr\/wp-json\/wp\/v2\/comments?post=146657"}],"version-history":[{"count":1,"href":"https:\/\/www.bellunopress.it\/fr\/wp-json\/wp\/v2\/posts\/146657\/revisions"}],"predecessor-version":[{"id":146659,"href":"https:\/\/www.bellunopress.it\/fr\/wp-json\/wp\/v2\/posts\/146657\/revisions\/146659"}],"wp:featuredmedia":[{"embeddable":true,"href":"https:\/\/www.bellunopress.it\/fr\/wp-json\/wp\/v2\/media\/146658"}],"wp:attachment":[{"href":"https:\/\/www.bellunopress.it\/fr\/wp-json\/wp\/v2\/media?parent=146657"}],"wp:term":[{"taxonomy":"category","embeddable":true,"href":"https:\/\/www.bellunopress.it\/fr\/wp-json\/wp\/v2\/categories?post=146657"},{"taxonomy":"post_tag","embeddable":true,"href":"https:\/\/www.bellunopress.it\/fr\/wp-json\/wp\/v2\/tags?post=146657"}],"curies":[{"name":"wp","href":"https:\/\/api.w.org\/{rel}","templated":true}]}}