{"id":146631,"date":"2023-12-09T11:29:12","date_gmt":"2023-12-09T10:29:12","guid":{"rendered":"https:\/\/www.bellunopress.it\/?p=146631"},"modified":"2023-12-09T11:29:12","modified_gmt":"2023-12-09T10:29:12","slug":"servizio-assistenza-sanitaria-ai-turisti-ecco-i-recapiti-stagione-invernale-2023-2024","status":"publish","type":"post","link":"https:\/\/www.bellunopress.it\/fr\/2023\/12\/09\/servizio-assistenza-sanitaria-ai-turisti-ecco-i-recapiti-stagione-invernale-2023-2024\/","title":{"rendered":"Servizio assistenza sanitaria ai turisti. Ecco i recapiti stagione invernale 2023\/2024"},"content":{"rendered":"<p><img loading=\"lazy\" decoding=\"async\" class=\"alignleft size-full wp-image-84065\" src=\"https:\/\/www.bellunopress.it\/wp-content\/uploads\/2017\/02\/ulss-1-dolomiti.jpg\" alt=\"\" width=\"214\" height=\"110\" \/>La Ulss Dolomiti ha predisposto i seguenti recapiti di Servizio assistenza sanitaria per la stagione invernale 2023\/2024 dal 8.12.2023 al 01.04.2024<\/p>\n<p>&nbsp;<\/p>\n<p>CORTINA D&#8217;AMPEZZO (BORCA DI CADORE, VODO DI CADORE, SAN VITO DI CADORE)<\/p>\n<p>Dr. Agostini Marco<br \/>\nSOLO PREVIO APPUNTAMENTO<br \/>\nPer fissare un appuntamento \u00e8 necessario contattare il numero telefonico 338 4914732 dal luned\u00ec al venerd\u00ec dalle ore 8.00 alle 12.00 e dalle 15.00 alle 18.00 e il sabato dalle ore 8.00 alle 10.00<\/p>\n<p>Ambulatorio di Cortina d&#8217;Ampezzo<br \/>\nVia C. Battisti, 80<\/p>\n<p>&nbsp;<\/p>\n<p>ALTO AGORDINO (LIVINALLONGO, SELVA DI CADORE, ALLEGHE, ROCCA PIETORE, COLLE SANTA LUCIA)<\/p>\n<p>Dr. Carrasso Juri Domenico<br \/>\nSOLO PREVIO APPUNTAMENTO Tel. 351 9357162)<br \/>\nAmbulatorio di Alleghe<br \/>\nVia De Gasperi, 1 \u2014 c\/o Municipio<br \/>\nLunedi 14.30 \u2014 15.30<br \/>\nMarted\u00ec: 12.00 \u2014 13.00<\/p>\n<p>COMELICO CADORE (S. STEFANO DI CADORE, S. NICOLO\u2019 DI COMELICO, COMELICO, DANTA DI CADORE, S. PIETRO DI CADORE)<\/p>\n<p>Dr. ssa De Tomas Lioro Antonella \u201d (Cellulare: 338-1040363)<br \/>\nMedicina di Gruppo di S. Stefano di Cadore Ambulatorio di Danta di Cadore Via Dante Alighieri, n. 31 Via Roma, n. 17 c\/o Municipio (Telefono: 0435.420718)<\/p>\n<p>Lunedi: 8.00 \u2014 13.00<br \/>\nVenerd\u00ec: 10.00 \u2014 13.00<\/p>\n<p>Ambulatorio di San Nicol\u00f2 di Comelico<br \/>\nVia Lacuna, n. 8<\/p>\n<p>Marted\u00ec: 14.00 \u2014 15.00<br \/>\nGioved\u00ec: 14.00 \u2014 15.00<br \/>\nAmbulatorio di Costa<br \/>\nVia Costa, n. 86 c\/o Regola<br \/>\nGioved\u00ec: 11.00 \u2014 12.00<\/p>\n<p>Lunedi: 15.00 \u2014 17.00<br \/>\nMercoled\u00ec: 15.00 \u2014 17.00<br \/>\nVenerd\u00ec: 15.30 \u2014 19.00<\/p>\n<p>Ambulatorio di Candide<br \/>\nVia VI Novembre, n. 4S c\/o Regola<br \/>\nMercoled\u00ec: 10.00 \u2014 11.00<br \/>\nVenerd\u00ec: 8.30 \u2014 9.30<\/p>\n<p>\u2022 Per visite mediche urgenti prefestive, festive e notturne telefonare al 118.<\/p>\n<p>VALLE DI ZOLDO E ZOPP\u00c9 DI CADORE<\/p>\n<p>Dr. Santin Aneelo Gabriele<\/p>\n<p>Ambulatorio di Forno di Zoldo<br \/>\nVia Roma, n. 33\/H (Tel. 0437 787681)<br \/>\nLuned\u00ec: 8.30 \u2014 11.00<br \/>\nMarted\u00ec: 8.30 \u2014 11.00<br \/>\nMercoled\u00ec: 15.00 17.00<br \/>\nGioved\u00ec: 8.30 \u2014 11.00<br \/>\nVenerd\u00ec: 8.30 11.00<br \/>\nAmbulatorio di Fusine<br \/>\nVia Talinera, n. 11 (Tel. 0d37 788731)<br \/>\nLuned\u00ec: 16.00 &#8211; 17.00<br \/>\nMarted\u00ec: 18.00 \u2014 19.00<br \/>\nMercoled\u00ec: 8.30 \u2014 10.30<br \/>\nVenerd\u00ec: 16.00 \u2014 17.00<\/p>","protected":false},"excerpt":{"rendered":"<p>La Ulss Dolomiti ha predisposto i seguenti recapiti di Servizio assistenza sanitaria per la stagione invernale 2023\/2024 dal 8.12.2023 al 01.04.2024 &nbsp; CORTINA D&#8217;AMPEZZO (BORCA DI CADORE, VODO DI CADORE, SAN VITO DI CADORE) Dr. Agostini Marco SOLO PREVIO APPUNTAMENTO Per fissare un appuntamento \u00e8 necessario contattare il numero telefonico 338 4914732 dal luned\u00ec al [&hellip;]<\/p>\n","protected":false},"author":2,"featured_media":122834,"comment_status":"closed","ping_status":"open","sticky":false,"template":"","format":"standard","meta":{"footnotes":""},"categories":[26,17],"tags":[],"class_list":["post-146631","post","type-post","status-publish","format-standard","has-post-thumbnail","category-prima-pagina","category-sanita"],"yoast_head":"<!-- This site is optimized with the Yoast SEO plugin v28.4 - https:\/\/yoast.com\/product\/yoast-seo-wordpress\/ -->\n<title>Servizio assistenza sanitaria ai turisti. Ecco i recapiti stagione invernale 2023\/2024 - Bellunopress - Dolomiti<\/title>\n<meta name=\"robots\" content=\"index, follow, max-snippet:-1, max-image-preview:large, max-video-preview:-1\" \/>\n<link rel=\"canonical\" href=\"https:\/\/www.bellunopress.it\/fr\/2023\/12\/09\/servizio-assistenza-sanitaria-ai-turisti-ecco-i-recapiti-stagione-invernale-2023-2024\/\" \/>\n<meta property=\"og:locale\" content=\"fr_FR\" \/>\n<meta property=\"og:type\" content=\"article\" \/>\n<meta property=\"og:title\" content=\"Servizio assistenza sanitaria ai turisti. Ecco i recapiti stagione invernale 2023\/2024 - Bellunopress - Dolomiti\" \/>\n<meta property=\"og:description\" content=\"La Ulss Dolomiti ha predisposto i seguenti recapiti di Servizio assistenza sanitaria per la stagione invernale 2023\/2024 dal 8.12.2023 al 01.04.2024 &nbsp; CORTINA D&#8217;AMPEZZO (BORCA DI CADORE, VODO DI CADORE, SAN VITO DI CADORE) Dr. Agostini Marco SOLO PREVIO APPUNTAMENTO Per fissare un appuntamento \u00e8 necessario contattare il numero telefonico 338 4914732 dal luned\u00ec al [&hellip;]\" \/>\n<meta property=\"og:url\" content=\"https:\/\/www.bellunopress.it\/fr\/2023\/12\/09\/servizio-assistenza-sanitaria-ai-turisti-ecco-i-recapiti-stagione-invernale-2023-2024\/\" \/>\n<meta property=\"og:site_name\" content=\"Bellunopress - Dolomiti\" \/>\n<meta property=\"article:publisher\" content=\"https:\/\/www.facebook.com\/profile.php?id=100008943462799\" \/>\n<meta property=\"article:published_time\" content=\"2023-12-09T10:29:12+00:00\" \/>\n<meta property=\"og:image\" content=\"https:\/\/www.bellunopress.it\/wp-content\/uploads\/2021\/03\/Ulss-Dolomiti_edited.jpg\" \/>\n\t<meta property=\"og:image:width\" content=\"900\" \/>\n\t<meta property=\"og:image:height\" content=\"900\" \/>\n\t<meta property=\"og:image:type\" content=\"image\/jpeg\" \/>\n<meta name=\"author\" content=\"redazione\" \/>\n<meta name=\"twitter:card\" content=\"summary_large_image\" \/>\n<meta name=\"twitter:creator\" content=\"@bellunopress\" \/>\n<meta name=\"twitter:site\" content=\"@bellunopress\" \/>\n<meta name=\"twitter:label1\" content=\"\u00c9crit par\" \/>\n\t<meta name=\"twitter:data1\" content=\"redazione\" \/>\n\t<meta name=\"twitter:label2\" content=\"Dur\u00e9e de lecture estim\u00e9e\" \/>\n\t<meta name=\"twitter:data2\" content=\"1 minute\" \/>\n<script type=\"application\/ld+json\" class=\"yoast-schema-graph\">{\"@context\":\"https:\\\/\\\/schema.org\",\"@graph\":[{\"@type\":\"Article\",\"@id\":\"https:\\\/\\\/www.bellunopress.it\\\/2023\\\/12\\\/09\\\/servizio-assistenza-sanitaria-ai-turisti-ecco-i-recapiti-stagione-invernale-2023-2024\\\/#article\",\"isPartOf\":{\"@id\":\"https:\\\/\\\/www.bellunopress.it\\\/2023\\\/12\\\/09\\\/servizio-assistenza-sanitaria-ai-turisti-ecco-i-recapiti-stagione-invernale-2023-2024\\\/\"},\"author\":{\"name\":\"redazione\",\"@id\":\"https:\\\/\\\/www.bellunopress.it\\\/#\\\/schema\\\/person\\\/79bb06722b37ece1c03d3e94beb30d73\"},\"headline\":\"Servizio assistenza sanitaria ai turisti. Ecco i recapiti stagione invernale 2023\\\/2024\",\"datePublished\":\"2023-12-09T10:29:12+00:00\",\"mainEntityOfPage\":{\"@id\":\"https:\\\/\\\/www.bellunopress.it\\\/2023\\\/12\\\/09\\\/servizio-assistenza-sanitaria-ai-turisti-ecco-i-recapiti-stagione-invernale-2023-2024\\\/\"},\"wordCount\":251,\"publisher\":{\"@id\":\"https:\\\/\\\/www.bellunopress.it\\\/#organization\"},\"image\":{\"@id\":\"https:\\\/\\\/www.bellunopress.it\\\/2023\\\/12\\\/09\\\/servizio-assistenza-sanitaria-ai-turisti-ecco-i-recapiti-stagione-invernale-2023-2024\\\/#primaryimage\"},\"thumbnailUrl\":\"https:\\\/\\\/www.bellunopress.it\\\/wp-content\\\/uploads\\\/2021\\\/03\\\/Ulss-Dolomiti_edited.jpg\",\"articleSection\":[\"Prima Pagina\",\"Sanit\u00e0 Medicina\"],\"inLanguage\":\"fr-FR\"},{\"@type\":\"WebPage\",\"@id\":\"https:\\\/\\\/www.bellunopress.it\\\/2023\\\/12\\\/09\\\/servizio-assistenza-sanitaria-ai-turisti-ecco-i-recapiti-stagione-invernale-2023-2024\\\/\",\"url\":\"https:\\\/\\\/www.bellunopress.it\\\/2023\\\/12\\\/09\\\/servizio-assistenza-sanitaria-ai-turisti-ecco-i-recapiti-stagione-invernale-2023-2024\\\/\",\"name\":\"Servizio assistenza sanitaria ai turisti. Ecco i recapiti stagione invernale 2023\\\/2024 - Bellunopress - Dolomiti\",\"isPartOf\":{\"@id\":\"https:\\\/\\\/www.bellunopress.it\\\/#website\"},\"primaryImageOfPage\":{\"@id\":\"https:\\\/\\\/www.bellunopress.it\\\/2023\\\/12\\\/09\\\/servizio-assistenza-sanitaria-ai-turisti-ecco-i-recapiti-stagione-invernale-2023-2024\\\/#primaryimage\"},\"image\":{\"@id\":\"https:\\\/\\\/www.bellunopress.it\\\/2023\\\/12\\\/09\\\/servizio-assistenza-sanitaria-ai-turisti-ecco-i-recapiti-stagione-invernale-2023-2024\\\/#primaryimage\"},\"thumbnailUrl\":\"https:\\\/\\\/www.bellunopress.it\\\/wp-content\\\/uploads\\\/2021\\\/03\\\/Ulss-Dolomiti_edited.jpg\",\"datePublished\":\"2023-12-09T10:29:12+00:00\",\"breadcrumb\":{\"@id\":\"https:\\\/\\\/www.bellunopress.it\\\/2023\\\/12\\\/09\\\/servizio-assistenza-sanitaria-ai-turisti-ecco-i-recapiti-stagione-invernale-2023-2024\\\/#breadcrumb\"},\"inLanguage\":\"fr-FR\",\"potentialAction\":[{\"@type\":\"ReadAction\",\"target\":[\"https:\\\/\\\/www.bellunopress.it\\\/2023\\\/12\\\/09\\\/servizio-assistenza-sanitaria-ai-turisti-ecco-i-recapiti-stagione-invernale-2023-2024\\\/\"]}]},{\"@type\":\"ImageObject\",\"inLanguage\":\"fr-FR\",\"@id\":\"https:\\\/\\\/www.bellunopress.it\\\/2023\\\/12\\\/09\\\/servizio-assistenza-sanitaria-ai-turisti-ecco-i-recapiti-stagione-invernale-2023-2024\\\/#primaryimage\",\"url\":\"https:\\\/\\\/www.bellunopress.it\\\/wp-content\\\/uploads\\\/2021\\\/03\\\/Ulss-Dolomiti_edited.jpg\",\"contentUrl\":\"https:\\\/\\\/www.bellunopress.it\\\/wp-content\\\/uploads\\\/2021\\\/03\\\/Ulss-Dolomiti_edited.jpg\",\"width\":900,\"height\":900},{\"@type\":\"BreadcrumbList\",\"@id\":\"https:\\\/\\\/www.bellunopress.it\\\/2023\\\/12\\\/09\\\/servizio-assistenza-sanitaria-ai-turisti-ecco-i-recapiti-stagione-invernale-2023-2024\\\/#breadcrumb\",\"itemListElement\":[{\"@type\":\"ListItem\",\"position\":1,\"name\":\"Home\",\"item\":\"https:\\\/\\\/www.bellunopress.it\\\/\"},{\"@type\":\"ListItem\",\"position\":2,\"name\":\"Servizio assistenza sanitaria ai turisti. Ecco i recapiti stagione invernale 2023\\\/2024\"}]},{\"@type\":\"WebSite\",\"@id\":\"https:\\\/\\\/www.bellunopress.it\\\/#website\",\"url\":\"https:\\\/\\\/www.bellunopress.it\\\/\",\"name\":\"Bellunopress - Dolomiti\",\"description\":\"e-mail: redazione@bellunopress.it\",\"publisher\":{\"@id\":\"https:\\\/\\\/www.bellunopress.it\\\/#organization\"},\"potentialAction\":[{\"@type\":\"SearchAction\",\"target\":{\"@type\":\"EntryPoint\",\"urlTemplate\":\"https:\\\/\\\/www.bellunopress.it\\\/?s={search_term_string}\"},\"query-input\":{\"@type\":\"PropertyValueSpecification\",\"valueRequired\":true,\"valueName\":\"search_term_string\"}}],\"inLanguage\":\"fr-FR\"},{\"@type\":\"Organization\",\"@id\":\"https:\\\/\\\/www.bellunopress.it\\\/#organization\",\"name\":\"Bellunopress\",\"url\":\"https:\\\/\\\/www.bellunopress.it\\\/\",\"logo\":{\"@type\":\"ImageObject\",\"inLanguage\":\"fr-FR\",\"@id\":\"https:\\\/\\\/www.bellunopress.it\\\/#\\\/schema\\\/logo\\\/image\\\/\",\"url\":\"https:\\\/\\\/www.bellunopress.it\\\/wp-content\\\/uploads\\\/2011\\\/05\\\/cropped-logo-bellunopress-.jpg\",\"contentUrl\":\"https:\\\/\\\/www.bellunopress.it\\\/wp-content\\\/uploads\\\/2011\\\/05\\\/cropped-logo-bellunopress-.jpg\",\"width\":512,\"height\":512,\"caption\":\"Bellunopress\"},\"image\":{\"@id\":\"https:\\\/\\\/www.bellunopress.it\\\/#\\\/schema\\\/logo\\\/image\\\/\"},\"sameAs\":[\"https:\\\/\\\/www.facebook.com\\\/profile.php?id=100008943462799\",\"https:\\\/\\\/x.com\\\/bellunopress\",\"https:\\\/\\\/www.linkedin.com\\\/hp\\\/?dnr=JBzUWaJfMUw8vbXJJ2tVW5-I3jZKvC4wsoxE&amp;amp;amp;amp;amp;amp;trk=nav_responsive_tab_home\",\"https:\\\/\\\/www.youtube.com\\\/channel\\\/UCxL0wu1uN0_3_7hGG0306cw\"]},{\"@type\":\"Person\",\"@id\":\"https:\\\/\\\/www.bellunopress.it\\\/#\\\/schema\\\/person\\\/79bb06722b37ece1c03d3e94beb30d73\",\"name\":\"redazione\",\"image\":{\"@type\":\"ImageObject\",\"inLanguage\":\"fr-FR\",\"@id\":\"https:\\\/\\\/secure.gravatar.com\\\/avatar\\\/37d968a2e67a6fd04c169c4bdef102d0bc5d31b2546345219e348575eb80e9a0?s=96&d=mm&r=g\",\"url\":\"https:\\\/\\\/secure.gravatar.com\\\/avatar\\\/37d968a2e67a6fd04c169c4bdef102d0bc5d31b2546345219e348575eb80e9a0?s=96&d=mm&r=g\",\"contentUrl\":\"https:\\\/\\\/secure.gravatar.com\\\/avatar\\\/37d968a2e67a6fd04c169c4bdef102d0bc5d31b2546345219e348575eb80e9a0?s=96&d=mm&r=g\",\"caption\":\"redazione\"},\"sameAs\":[\"http:\\\/\\\/www.bellunopress.it\",\"https:\\\/\\\/x.com\\\/bellunopress\"],\"url\":\"https:\\\/\\\/www.bellunopress.it\\\/fr\\\/author\\\/redazione\\\/\"}]}<\/script>\n<!-- \/ Yoast SEO plugin. -->","yoast_head_json":{"title":"Servizio assistenza sanitaria ai turisti. Ecco i recapiti stagione invernale 2023\/2024 - Bellunopress - Dolomiti","robots":{"index":"index","follow":"follow","max-snippet":"max-snippet:-1","max-image-preview":"max-image-preview:large","max-video-preview":"max-video-preview:-1"},"canonical":"https:\/\/www.bellunopress.it\/fr\/2023\/12\/09\/servizio-assistenza-sanitaria-ai-turisti-ecco-i-recapiti-stagione-invernale-2023-2024\/","og_locale":"fr_FR","og_type":"article","og_title":"Servizio assistenza sanitaria ai turisti. Ecco i recapiti stagione invernale 2023\/2024 - Bellunopress - Dolomiti","og_description":"La Ulss Dolomiti ha predisposto i seguenti recapiti di Servizio assistenza sanitaria per la stagione invernale 2023\/2024 dal 8.12.2023 al 01.04.2024 &nbsp; CORTINA D&#8217;AMPEZZO (BORCA DI CADORE, VODO DI CADORE, SAN VITO DI CADORE) Dr. Agostini Marco SOLO PREVIO APPUNTAMENTO Per fissare un appuntamento \u00e8 necessario contattare il numero telefonico 338 4914732 dal luned\u00ec al [&hellip;]","og_url":"https:\/\/www.bellunopress.it\/fr\/2023\/12\/09\/servizio-assistenza-sanitaria-ai-turisti-ecco-i-recapiti-stagione-invernale-2023-2024\/","og_site_name":"Bellunopress - Dolomiti","article_publisher":"https:\/\/www.facebook.com\/profile.php?id=100008943462799","article_published_time":"2023-12-09T10:29:12+00:00","og_image":[{"width":900,"height":900,"url":"https:\/\/www.bellunopress.it\/wp-content\/uploads\/2021\/03\/Ulss-Dolomiti_edited.jpg","type":"image\/jpeg"}],"author":"redazione","twitter_card":"summary_large_image","twitter_creator":"@bellunopress","twitter_site":"@bellunopress","twitter_misc":{"\u00c9crit par":"redazione","Dur\u00e9e de lecture estim\u00e9e":"1 minute"},"schema":{"@context":"https:\/\/schema.org","@graph":[{"@type":"Article","@id":"https:\/\/www.bellunopress.it\/2023\/12\/09\/servizio-assistenza-sanitaria-ai-turisti-ecco-i-recapiti-stagione-invernale-2023-2024\/#article","isPartOf":{"@id":"https:\/\/www.bellunopress.it\/2023\/12\/09\/servizio-assistenza-sanitaria-ai-turisti-ecco-i-recapiti-stagione-invernale-2023-2024\/"},"author":{"name":"redazione","@id":"https:\/\/www.bellunopress.it\/#\/schema\/person\/79bb06722b37ece1c03d3e94beb30d73"},"headline":"Servizio assistenza sanitaria ai turisti. Ecco i recapiti stagione invernale 2023\/2024","datePublished":"2023-12-09T10:29:12+00:00","mainEntityOfPage":{"@id":"https:\/\/www.bellunopress.it\/2023\/12\/09\/servizio-assistenza-sanitaria-ai-turisti-ecco-i-recapiti-stagione-invernale-2023-2024\/"},"wordCount":251,"publisher":{"@id":"https:\/\/www.bellunopress.it\/#organization"},"image":{"@id":"https:\/\/www.bellunopress.it\/2023\/12\/09\/servizio-assistenza-sanitaria-ai-turisti-ecco-i-recapiti-stagione-invernale-2023-2024\/#primaryimage"},"thumbnailUrl":"https:\/\/www.bellunopress.it\/wp-content\/uploads\/2021\/03\/Ulss-Dolomiti_edited.jpg","articleSection":["Prima Pagina","Sanit\u00e0 Medicina"],"inLanguage":"fr-FR"},{"@type":"WebPage","@id":"https:\/\/www.bellunopress.it\/2023\/12\/09\/servizio-assistenza-sanitaria-ai-turisti-ecco-i-recapiti-stagione-invernale-2023-2024\/","url":"https:\/\/www.bellunopress.it\/2023\/12\/09\/servizio-assistenza-sanitaria-ai-turisti-ecco-i-recapiti-stagione-invernale-2023-2024\/","name":"Servizio assistenza sanitaria ai turisti. Ecco i recapiti stagione invernale 2023\/2024 - Bellunopress - Dolomiti","isPartOf":{"@id":"https:\/\/www.bellunopress.it\/#website"},"primaryImageOfPage":{"@id":"https:\/\/www.bellunopress.it\/2023\/12\/09\/servizio-assistenza-sanitaria-ai-turisti-ecco-i-recapiti-stagione-invernale-2023-2024\/#primaryimage"},"image":{"@id":"https:\/\/www.bellunopress.it\/2023\/12\/09\/servizio-assistenza-sanitaria-ai-turisti-ecco-i-recapiti-stagione-invernale-2023-2024\/#primaryimage"},"thumbnailUrl":"https:\/\/www.bellunopress.it\/wp-content\/uploads\/2021\/03\/Ulss-Dolomiti_edited.jpg","datePublished":"2023-12-09T10:29:12+00:00","breadcrumb":{"@id":"https:\/\/www.bellunopress.it\/2023\/12\/09\/servizio-assistenza-sanitaria-ai-turisti-ecco-i-recapiti-stagione-invernale-2023-2024\/#breadcrumb"},"inLanguage":"fr-FR","potentialAction":[{"@type":"ReadAction","target":["https:\/\/www.bellunopress.it\/2023\/12\/09\/servizio-assistenza-sanitaria-ai-turisti-ecco-i-recapiti-stagione-invernale-2023-2024\/"]}]},{"@type":"ImageObject","inLanguage":"fr-FR","@id":"https:\/\/www.bellunopress.it\/2023\/12\/09\/servizio-assistenza-sanitaria-ai-turisti-ecco-i-recapiti-stagione-invernale-2023-2024\/#primaryimage","url":"https:\/\/www.bellunopress.it\/wp-content\/uploads\/2021\/03\/Ulss-Dolomiti_edited.jpg","contentUrl":"https:\/\/www.bellunopress.it\/wp-content\/uploads\/2021\/03\/Ulss-Dolomiti_edited.jpg","width":900,"height":900},{"@type":"BreadcrumbList","@id":"https:\/\/www.bellunopress.it\/2023\/12\/09\/servizio-assistenza-sanitaria-ai-turisti-ecco-i-recapiti-stagione-invernale-2023-2024\/#breadcrumb","itemListElement":[{"@type":"ListItem","position":1,"name":"Home","item":"https:\/\/www.bellunopress.it\/"},{"@type":"ListItem","position":2,"name":"Servizio assistenza sanitaria ai turisti. Ecco i recapiti stagione invernale 2023\/2024"}]},{"@type":"WebSite","@id":"https:\/\/www.bellunopress.it\/#website","url":"https:\/\/www.bellunopress.it\/","name":"Bellunopress - Dolomiti","description":"e-mail: redazione@bellunopress.it","publisher":{"@id":"https:\/\/www.bellunopress.it\/#organization"},"potentialAction":[{"@type":"SearchAction","target":{"@type":"EntryPoint","urlTemplate":"https:\/\/www.bellunopress.it\/?s={search_term_string}"},"query-input":{"@type":"PropertyValueSpecification","valueRequired":true,"valueName":"search_term_string"}}],"inLanguage":"fr-FR"},{"@type":"Organization","@id":"https:\/\/www.bellunopress.it\/#organization","name":"Bellunopress","url":"https:\/\/www.bellunopress.it\/","logo":{"@type":"ImageObject","inLanguage":"fr-FR","@id":"https:\/\/www.bellunopress.it\/#\/schema\/logo\/image\/","url":"https:\/\/www.bellunopress.it\/wp-content\/uploads\/2011\/05\/cropped-logo-bellunopress-.jpg","contentUrl":"https:\/\/www.bellunopress.it\/wp-content\/uploads\/2011\/05\/cropped-logo-bellunopress-.jpg","width":512,"height":512,"caption":"Bellunopress"},"image":{"@id":"https:\/\/www.bellunopress.it\/#\/schema\/logo\/image\/"},"sameAs":["https:\/\/www.facebook.com\/profile.php?id=100008943462799","https:\/\/x.com\/bellunopress","https:\/\/www.linkedin.com\/hp\/?dnr=JBzUWaJfMUw8vbXJJ2tVW5-I3jZKvC4wsoxE&amp;amp;amp;amp;amp;amp;trk=nav_responsive_tab_home","https:\/\/www.youtube.com\/channel\/UCxL0wu1uN0_3_7hGG0306cw"]},{"@type":"Person","@id":"https:\/\/www.bellunopress.it\/#\/schema\/person\/79bb06722b37ece1c03d3e94beb30d73","name":"r\u00e9daction","image":{"@type":"ImageObject","inLanguage":"fr-FR","@id":"https:\/\/secure.gravatar.com\/avatar\/37d968a2e67a6fd04c169c4bdef102d0bc5d31b2546345219e348575eb80e9a0?s=96&d=mm&r=g","url":"https:\/\/secure.gravatar.com\/avatar\/37d968a2e67a6fd04c169c4bdef102d0bc5d31b2546345219e348575eb80e9a0?s=96&d=mm&r=g","contentUrl":"https:\/\/secure.gravatar.com\/avatar\/37d968a2e67a6fd04c169c4bdef102d0bc5d31b2546345219e348575eb80e9a0?s=96&d=mm&r=g","caption":"redazione"},"sameAs":["http:\/\/www.bellunopress.it","https:\/\/x.com\/bellunopress"],"url":"https:\/\/www.bellunopress.it\/fr\/author\/redazione\/"}]}},"_links":{"self":[{"href":"https:\/\/www.bellunopress.it\/fr\/wp-json\/wp\/v2\/posts\/146631","targetHints":{"allow":["GET"]}}],"collection":[{"href":"https:\/\/www.bellunopress.it\/fr\/wp-json\/wp\/v2\/posts"}],"about":[{"href":"https:\/\/www.bellunopress.it\/fr\/wp-json\/wp\/v2\/types\/post"}],"author":[{"embeddable":true,"href":"https:\/\/www.bellunopress.it\/fr\/wp-json\/wp\/v2\/users\/2"}],"replies":[{"embeddable":true,"href":"https:\/\/www.bellunopress.it\/fr\/wp-json\/wp\/v2\/comments?post=146631"}],"version-history":[{"count":1,"href":"https:\/\/www.bellunopress.it\/fr\/wp-json\/wp\/v2\/posts\/146631\/revisions"}],"predecessor-version":[{"id":146632,"href":"https:\/\/www.bellunopress.it\/fr\/wp-json\/wp\/v2\/posts\/146631\/revisions\/146632"}],"wp:featuredmedia":[{"embeddable":true,"href":"https:\/\/www.bellunopress.it\/fr\/wp-json\/wp\/v2\/media\/122834"}],"wp:attachment":[{"href":"https:\/\/www.bellunopress.it\/fr\/wp-json\/wp\/v2\/media?parent=146631"}],"wp:term":[{"taxonomy":"category","embeddable":true,"href":"https:\/\/www.bellunopress.it\/fr\/wp-json\/wp\/v2\/categories?post=146631"},{"taxonomy":"post_tag","embeddable":true,"href":"https:\/\/www.bellunopress.it\/fr\/wp-json\/wp\/v2\/tags?post=146631"}],"curies":[{"name":"wp","href":"https:\/\/api.w.org\/{rel}","templated":true}]}}