{"id":146616,"date":"2023-12-09T07:49:31","date_gmt":"2023-12-09T06:49:31","guid":{"rendered":"https:\/\/www.bellunopress.it\/?p=146616"},"modified":"2023-12-09T07:49:31","modified_gmt":"2023-12-09T06:49:31","slug":"borgo-valbelluna-unintera-comunita-per-una-integrazione-possibile","status":"publish","type":"post","link":"https:\/\/www.bellunopress.it\/fr\/2023\/12\/09\/borgo-valbelluna-unintera-comunita-per-una-integrazione-possibile\/","title":{"rendered":"Borgo Valbelluna: un&#8217;intera comunit\u00e0 per una integrazione possibile"},"content":{"rendered":"<p>Se \u00e8 vero che esiste un proverbio africano che dice che \u201cPer crescere un bambino serve un intero villaggio\u201d, a Borgo Valbelluna si pu\u00f2 dire che \u201cPer creare integrazione, serve una intera Comunit\u00e0\u201d; e cos\u00ec sta succedendo.<\/p>\n<p><img loading=\"lazy\" decoding=\"async\" class=\"alignleft size-full wp-image-146618\" src=\"https:\/\/www.bellunopress.it\/wp-content\/uploads\/2023\/12\/profughi-Borgo-Valbelluna_edited.jpg\" alt=\"\" width=\"1000\" height=\"750\" srcset=\"https:\/\/www.bellunopress.it\/wp-content\/uploads\/2023\/12\/profughi-Borgo-Valbelluna_edited.jpg 1000w, https:\/\/www.bellunopress.it\/wp-content\/uploads\/2023\/12\/profughi-Borgo-Valbelluna_edited-500x375.jpg 500w, https:\/\/www.bellunopress.it\/wp-content\/uploads\/2023\/12\/profughi-Borgo-Valbelluna_edited-696x522.jpg 696w\" sizes=\"auto, (max-width: 1000px) 100vw, 1000px\" \/>Al momento nel Comune di Borgo Valbelluna sono ospitati 16 profughi nelle strutture comunali delle ex-scuole e in una casa in localit\u00e0 Cavassico, e 12 in una struttura privata nella frazione di Niccia.<br \/>\nAd oggi i 16 profughi presenti sono gestiti dal Comune grazie alla coordinazione dell\u2019Ufficio Assistenza Sociale, Politiche per giovani e famiglia e al prezioso e insostituibile aiuto del volontariato e delle varie associazioni presenti nel territorio: Croce Rossa, Alpini di Trichiana, Auser di Mel e di Lentiai, Caritas forniale, Insieme si pu\u00f2.<br \/>\nI pasti sono preparati presso il Centro Servizi di Trichiana grazie alla disponibilit\u00e0 della Valbelluna Servizi e sono trasportati e consegnati dai volontari a mezzogiorno e alla sera anche se a breve verr\u00e0 allestita una cucina per rendere la comunit\u00e0 maggiormente autonoma.<br \/>\nI vestiti e le scarpe, le stoviglie e alcuni generi di prima necessit\u00e0 sono stati raccolti grazie alla costanza dell\u2019associazione \u201cInsieme Si Pu\u00f2\u201d che trova sede presso l\u2019ex-asilo di Mel.<br \/>\nIl supporto alla gestione della casa, alcuni generi di prima necessit\u00e0 e le prime lezioni di lingua italiana sono state impartite da volontari della Croce Rossa Italiana. Il dr. Balzan fornisce il proprio qualificato supporto medico.<br \/>\nInfine le Assistenti Sociali del Comune stanno supportando i ragazzi per le pratiche burocratiche e sanitarie oltre ad una attivit\u00e0 di coordinamento generale, tra le quali organizzare i trasporti per i colloqui in Questura e in Commissione territoriale.<br \/>\nDa luned\u00ec, in uno spazio riservato all\u2019interno dell\u2019ex scuola, \u00e8 iniziato il corso di italiano con un insegnante incaricata del CPIA (Centro Provinciale per l\u2019Istruzione degli Adulti) e grazie alla sinergia e collaborazione con la Ceramica Dolomite.<br \/>\nNel giorno della festivit\u00e0 dell\u20198 dicembre, sempre nei locali dell\u2019ex scuola di Cavassico, si \u00e8 conclusa positivamente una bella azione di integrazione e solidariet\u00e0: l\u2019Auser di Lentiai insieme alla comunit\u00e0 marocchina lentiaiese si sono fatti promotori di una bella iniziativa, preparando e offrendo il pranzo a base di couscous, che ha radunato tutti i ragazzi migranti presenti nel Comune di Borgo Valbelluna e alcuni dei volontari che li seguono.<\/p>\n<figure id=\"attachment_146617\" aria-describedby=\"caption-attachment-146617\" style=\"width: 1000px\" class=\"wp-caption alignleft\"><img loading=\"lazy\" decoding=\"async\" class=\"size-full wp-image-146617\" src=\"https:\/\/www.bellunopress.it\/wp-content\/uploads\/2023\/12\/Borgo-Valbelluna-sindaco-assessora-staff_edited.jpg\" alt=\"\" width=\"1000\" height=\"750\" srcset=\"https:\/\/www.bellunopress.it\/wp-content\/uploads\/2023\/12\/Borgo-Valbelluna-sindaco-assessora-staff_edited.jpg 1000w, https:\/\/www.bellunopress.it\/wp-content\/uploads\/2023\/12\/Borgo-Valbelluna-sindaco-assessora-staff_edited-500x375.jpg 500w, https:\/\/www.bellunopress.it\/wp-content\/uploads\/2023\/12\/Borgo-Valbelluna-sindaco-assessora-staff_edited-696x522.jpg 696w\" sizes=\"auto, (max-width: 1000px) 100vw, 1000px\" \/><figcaption id=\"caption-attachment-146617\" class=\"wp-caption-text\">Stefano Cesa (Sindaco Borgo Valbelluna), Marilisa Corso (Assessora al Sociale) e lo staff di collaboratori<\/figcaption><\/figure>\n<p>\u201cSiamo davvero orgogliosi e grati della riuscita di questa iniziativa proposta dell\u2019Auser di Lentiai. &#8211; dichiara l\u2019assessore al Sociale Marilisa Corso &#8211; Pensare che intorno ad uno stesso tavolo si siano incontrati ragazzi di 10 nazionalit\u00e0 diverse, 5 religioni, svariate lingue e 28 storie che possono raccontare migliaia di chilometri di viaggio pi\u00f9 o meno avventurosi, assieme ai volontari e alle persone di nazionalit\u00e0 marocchina lentiaiesi, ci fa pensare che integrazione non sia soltanto una parola e utopia, ma un dato di fatto se c\u2019\u00e8 la volont\u00e0. Certo ci vuole impegno, costanza e crederci fino in fondo, coinvolgendo tutta la comunit\u00e0. L\u2019occasione \u00e8 stata propizia per conoscere questi giovani ragazzi migranti con tante storie da raccontare, ma soprattutto con grandi sogni nel cassetto, che hanno rischiato di perdere tutto nella speranza di realizzarli. L\u2019Amministrazione Comunale \u00e8 fiera che la comunit\u00e0 di Borgo Valbelluna abbia risposto con l\u2019accoglienza davanti a questi drammi dell\u2019umanit\u00e0 del nostro tempo.\u201d<\/p>","protected":false},"excerpt":{"rendered":"<p>Se \u00e8 vero che esiste un proverbio africano che dice che \u201cPer crescere un bambino serve un intero villaggio\u201d, a Borgo Valbelluna si pu\u00f2 dire che \u201cPer creare integrazione, serve una intera Comunit\u00e0\u201d; e cos\u00ec sta succedendo. Al momento nel Comune di Borgo Valbelluna sono ospitati 16 profughi nelle strutture comunali delle ex-scuole e in [&hellip;]<\/p>\n","protected":false},"author":2,"featured_media":146617,"comment_status":"closed","ping_status":"open","sticky":false,"template":"","format":"standard","meta":{"footnotes":""},"categories":[5,26],"tags":[],"class_list":["post-146616","post","type-post","status-publish","format-standard","has-post-thumbnail","category-cronaca","category-prima-pagina"],"yoast_head":"<!-- This site is optimized with the Yoast SEO plugin v28.4 - https:\/\/yoast.com\/product\/yoast-seo-wordpress\/ -->\n<title>Borgo Valbelluna: un&#039;intera comunit\u00e0 per una integrazione possibile - Bellunopress - Dolomiti<\/title>\n<meta name=\"robots\" content=\"index, follow, max-snippet:-1, max-image-preview:large, max-video-preview:-1\" \/>\n<link rel=\"canonical\" href=\"https:\/\/www.bellunopress.it\/fr\/2023\/12\/09\/borgo-valbelluna-unintera-comunita-per-una-integrazione-possibile\/\" \/>\n<meta property=\"og:locale\" content=\"fr_FR\" \/>\n<meta property=\"og:type\" content=\"article\" \/>\n<meta property=\"og:title\" content=\"Borgo Valbelluna: un&#039;intera comunit\u00e0 per una integrazione possibile - Bellunopress - Dolomiti\" \/>\n<meta property=\"og:description\" content=\"Se \u00e8 vero che esiste un proverbio africano che dice che \u201cPer crescere un bambino serve un intero villaggio\u201d, a Borgo Valbelluna si pu\u00f2 dire che \u201cPer creare integrazione, serve una intera Comunit\u00e0\u201d; e cos\u00ec sta succedendo. Al momento nel Comune di Borgo Valbelluna sono ospitati 16 profughi nelle strutture comunali delle ex-scuole e in [&hellip;]\" \/>\n<meta property=\"og:url\" content=\"https:\/\/www.bellunopress.it\/fr\/2023\/12\/09\/borgo-valbelluna-unintera-comunita-per-una-integrazione-possibile\/\" \/>\n<meta property=\"og:site_name\" content=\"Bellunopress - Dolomiti\" \/>\n<meta property=\"article:publisher\" content=\"https:\/\/www.facebook.com\/profile.php?id=100008943462799\" \/>\n<meta property=\"article:published_time\" content=\"2023-12-09T06:49:31+00:00\" \/>\n<meta property=\"og:image\" content=\"https:\/\/www.bellunopress.it\/wp-content\/uploads\/2023\/12\/Borgo-Valbelluna-sindaco-assessora-staff_edited.jpg\" \/>\n\t<meta property=\"og:image:width\" content=\"1000\" \/>\n\t<meta property=\"og:image:height\" content=\"750\" \/>\n\t<meta property=\"og:image:type\" content=\"image\/jpeg\" \/>\n<meta name=\"author\" content=\"redazione\" \/>\n<meta name=\"twitter:card\" content=\"summary_large_image\" \/>\n<meta name=\"twitter:creator\" content=\"@bellunopress\" \/>\n<meta name=\"twitter:site\" content=\"@bellunopress\" \/>\n<meta name=\"twitter:label1\" content=\"\u00c9crit par\" \/>\n\t<meta name=\"twitter:data1\" content=\"redazione\" \/>\n\t<meta name=\"twitter:label2\" content=\"Dur\u00e9e de lecture estim\u00e9e\" \/>\n\t<meta name=\"twitter:data2\" content=\"3 minutes\" \/>\n<script type=\"application\/ld+json\" class=\"yoast-schema-graph\">{\"@context\":\"https:\\\/\\\/schema.org\",\"@graph\":[{\"@type\":\"Article\",\"@id\":\"https:\\\/\\\/www.bellunopress.it\\\/2023\\\/12\\\/09\\\/borgo-valbelluna-unintera-comunita-per-una-integrazione-possibile\\\/#article\",\"isPartOf\":{\"@id\":\"https:\\\/\\\/www.bellunopress.it\\\/2023\\\/12\\\/09\\\/borgo-valbelluna-unintera-comunita-per-una-integrazione-possibile\\\/\"},\"author\":{\"name\":\"redazione\",\"@id\":\"https:\\\/\\\/www.bellunopress.it\\\/#\\\/schema\\\/person\\\/79bb06722b37ece1c03d3e94beb30d73\"},\"headline\":\"Borgo Valbelluna: un&#8217;intera comunit\u00e0 per una integrazione possibile\",\"datePublished\":\"2023-12-09T06:49:31+00:00\",\"mainEntityOfPage\":{\"@id\":\"https:\\\/\\\/www.bellunopress.it\\\/2023\\\/12\\\/09\\\/borgo-valbelluna-unintera-comunita-per-una-integrazione-possibile\\\/\"},\"wordCount\":563,\"publisher\":{\"@id\":\"https:\\\/\\\/www.bellunopress.it\\\/#organization\"},\"image\":{\"@id\":\"https:\\\/\\\/www.bellunopress.it\\\/2023\\\/12\\\/09\\\/borgo-valbelluna-unintera-comunita-per-una-integrazione-possibile\\\/#primaryimage\"},\"thumbnailUrl\":\"https:\\\/\\\/www.bellunopress.it\\\/wp-content\\\/uploads\\\/2023\\\/12\\\/Borgo-Valbelluna-sindaco-assessora-staff_edited.jpg\",\"articleSection\":[\"Cronaca\\\/Politica\",\"Prima Pagina\"],\"inLanguage\":\"fr-FR\"},{\"@type\":\"WebPage\",\"@id\":\"https:\\\/\\\/www.bellunopress.it\\\/2023\\\/12\\\/09\\\/borgo-valbelluna-unintera-comunita-per-una-integrazione-possibile\\\/\",\"url\":\"https:\\\/\\\/www.bellunopress.it\\\/2023\\\/12\\\/09\\\/borgo-valbelluna-unintera-comunita-per-una-integrazione-possibile\\\/\",\"name\":\"Borgo Valbelluna: un'intera comunit\u00e0 per una integrazione possibile - Bellunopress - Dolomiti\",\"isPartOf\":{\"@id\":\"https:\\\/\\\/www.bellunopress.it\\\/#website\"},\"primaryImageOfPage\":{\"@id\":\"https:\\\/\\\/www.bellunopress.it\\\/2023\\\/12\\\/09\\\/borgo-valbelluna-unintera-comunita-per-una-integrazione-possibile\\\/#primaryimage\"},\"image\":{\"@id\":\"https:\\\/\\\/www.bellunopress.it\\\/2023\\\/12\\\/09\\\/borgo-valbelluna-unintera-comunita-per-una-integrazione-possibile\\\/#primaryimage\"},\"thumbnailUrl\":\"https:\\\/\\\/www.bellunopress.it\\\/wp-content\\\/uploads\\\/2023\\\/12\\\/Borgo-Valbelluna-sindaco-assessora-staff_edited.jpg\",\"datePublished\":\"2023-12-09T06:49:31+00:00\",\"breadcrumb\":{\"@id\":\"https:\\\/\\\/www.bellunopress.it\\\/2023\\\/12\\\/09\\\/borgo-valbelluna-unintera-comunita-per-una-integrazione-possibile\\\/#breadcrumb\"},\"inLanguage\":\"fr-FR\",\"potentialAction\":[{\"@type\":\"ReadAction\",\"target\":[\"https:\\\/\\\/www.bellunopress.it\\\/2023\\\/12\\\/09\\\/borgo-valbelluna-unintera-comunita-per-una-integrazione-possibile\\\/\"]}]},{\"@type\":\"ImageObject\",\"inLanguage\":\"fr-FR\",\"@id\":\"https:\\\/\\\/www.bellunopress.it\\\/2023\\\/12\\\/09\\\/borgo-valbelluna-unintera-comunita-per-una-integrazione-possibile\\\/#primaryimage\",\"url\":\"https:\\\/\\\/www.bellunopress.it\\\/wp-content\\\/uploads\\\/2023\\\/12\\\/Borgo-Valbelluna-sindaco-assessora-staff_edited.jpg\",\"contentUrl\":\"https:\\\/\\\/www.bellunopress.it\\\/wp-content\\\/uploads\\\/2023\\\/12\\\/Borgo-Valbelluna-sindaco-assessora-staff_edited.jpg\",\"width\":1000,\"height\":750,\"caption\":\"Stefano Cesa (Sindaco Borgo Valbelluna), Marilisa Corso (Assessora al Sociale) e lo staff di collaboratori\"},{\"@type\":\"BreadcrumbList\",\"@id\":\"https:\\\/\\\/www.bellunopress.it\\\/2023\\\/12\\\/09\\\/borgo-valbelluna-unintera-comunita-per-una-integrazione-possibile\\\/#breadcrumb\",\"itemListElement\":[{\"@type\":\"ListItem\",\"position\":1,\"name\":\"Home\",\"item\":\"https:\\\/\\\/www.bellunopress.it\\\/\"},{\"@type\":\"ListItem\",\"position\":2,\"name\":\"Borgo Valbelluna: un&#8217;intera comunit\u00e0 per una integrazione possibile\"}]},{\"@type\":\"WebSite\",\"@id\":\"https:\\\/\\\/www.bellunopress.it\\\/#website\",\"url\":\"https:\\\/\\\/www.bellunopress.it\\\/\",\"name\":\"Bellunopress - Dolomiti\",\"description\":\"e-mail: redazione@bellunopress.it\",\"publisher\":{\"@id\":\"https:\\\/\\\/www.bellunopress.it\\\/#organization\"},\"potentialAction\":[{\"@type\":\"SearchAction\",\"target\":{\"@type\":\"EntryPoint\",\"urlTemplate\":\"https:\\\/\\\/www.bellunopress.it\\\/?s={search_term_string}\"},\"query-input\":{\"@type\":\"PropertyValueSpecification\",\"valueRequired\":true,\"valueName\":\"search_term_string\"}}],\"inLanguage\":\"fr-FR\"},{\"@type\":\"Organization\",\"@id\":\"https:\\\/\\\/www.bellunopress.it\\\/#organization\",\"name\":\"Bellunopress\",\"url\":\"https:\\\/\\\/www.bellunopress.it\\\/\",\"logo\":{\"@type\":\"ImageObject\",\"inLanguage\":\"fr-FR\",\"@id\":\"https:\\\/\\\/www.bellunopress.it\\\/#\\\/schema\\\/logo\\\/image\\\/\",\"url\":\"https:\\\/\\\/www.bellunopress.it\\\/wp-content\\\/uploads\\\/2011\\\/05\\\/cropped-logo-bellunopress-.jpg\",\"contentUrl\":\"https:\\\/\\\/www.bellunopress.it\\\/wp-content\\\/uploads\\\/2011\\\/05\\\/cropped-logo-bellunopress-.jpg\",\"width\":512,\"height\":512,\"caption\":\"Bellunopress\"},\"image\":{\"@id\":\"https:\\\/\\\/www.bellunopress.it\\\/#\\\/schema\\\/logo\\\/image\\\/\"},\"sameAs\":[\"https:\\\/\\\/www.facebook.com\\\/profile.php?id=100008943462799\",\"https:\\\/\\\/x.com\\\/bellunopress\",\"https:\\\/\\\/www.linkedin.com\\\/hp\\\/?dnr=JBzUWaJfMUw8vbXJJ2tVW5-I3jZKvC4wsoxE&amp;amp;amp;amp;amp;amp;trk=nav_responsive_tab_home\",\"https:\\\/\\\/www.youtube.com\\\/channel\\\/UCxL0wu1uN0_3_7hGG0306cw\"]},{\"@type\":\"Person\",\"@id\":\"https:\\\/\\\/www.bellunopress.it\\\/#\\\/schema\\\/person\\\/79bb06722b37ece1c03d3e94beb30d73\",\"name\":\"redazione\",\"image\":{\"@type\":\"ImageObject\",\"inLanguage\":\"fr-FR\",\"@id\":\"https:\\\/\\\/secure.gravatar.com\\\/avatar\\\/37d968a2e67a6fd04c169c4bdef102d0bc5d31b2546345219e348575eb80e9a0?s=96&d=mm&r=g\",\"url\":\"https:\\\/\\\/secure.gravatar.com\\\/avatar\\\/37d968a2e67a6fd04c169c4bdef102d0bc5d31b2546345219e348575eb80e9a0?s=96&d=mm&r=g\",\"contentUrl\":\"https:\\\/\\\/secure.gravatar.com\\\/avatar\\\/37d968a2e67a6fd04c169c4bdef102d0bc5d31b2546345219e348575eb80e9a0?s=96&d=mm&r=g\",\"caption\":\"redazione\"},\"sameAs\":[\"http:\\\/\\\/www.bellunopress.it\",\"https:\\\/\\\/x.com\\\/bellunopress\"],\"url\":\"https:\\\/\\\/www.bellunopress.it\\\/fr\\\/author\\\/redazione\\\/\"}]}<\/script>\n<!-- \/ Yoast SEO plugin. -->","yoast_head_json":{"title":"Borgo Valbelluna: un'intera comunit\u00e0 per una integrazione possibile - Bellunopress - Dolomiti","robots":{"index":"index","follow":"follow","max-snippet":"max-snippet:-1","max-image-preview":"max-image-preview:large","max-video-preview":"max-video-preview:-1"},"canonical":"https:\/\/www.bellunopress.it\/fr\/2023\/12\/09\/borgo-valbelluna-unintera-comunita-per-una-integrazione-possibile\/","og_locale":"fr_FR","og_type":"article","og_title":"Borgo Valbelluna: un'intera comunit\u00e0 per una integrazione possibile - Bellunopress - Dolomiti","og_description":"Se \u00e8 vero che esiste un proverbio africano che dice che \u201cPer crescere un bambino serve un intero villaggio\u201d, a Borgo Valbelluna si pu\u00f2 dire che \u201cPer creare integrazione, serve una intera Comunit\u00e0\u201d; e cos\u00ec sta succedendo. Al momento nel Comune di Borgo Valbelluna sono ospitati 16 profughi nelle strutture comunali delle ex-scuole e in [&hellip;]","og_url":"https:\/\/www.bellunopress.it\/fr\/2023\/12\/09\/borgo-valbelluna-unintera-comunita-per-una-integrazione-possibile\/","og_site_name":"Bellunopress - Dolomiti","article_publisher":"https:\/\/www.facebook.com\/profile.php?id=100008943462799","article_published_time":"2023-12-09T06:49:31+00:00","og_image":[{"width":1000,"height":750,"url":"https:\/\/www.bellunopress.it\/wp-content\/uploads\/2023\/12\/Borgo-Valbelluna-sindaco-assessora-staff_edited.jpg","type":"image\/jpeg"}],"author":"redazione","twitter_card":"summary_large_image","twitter_creator":"@bellunopress","twitter_site":"@bellunopress","twitter_misc":{"\u00c9crit par":"redazione","Dur\u00e9e de lecture estim\u00e9e":"3 minutes"},"schema":{"@context":"https:\/\/schema.org","@graph":[{"@type":"Article","@id":"https:\/\/www.bellunopress.it\/2023\/12\/09\/borgo-valbelluna-unintera-comunita-per-una-integrazione-possibile\/#article","isPartOf":{"@id":"https:\/\/www.bellunopress.it\/2023\/12\/09\/borgo-valbelluna-unintera-comunita-per-una-integrazione-possibile\/"},"author":{"name":"redazione","@id":"https:\/\/www.bellunopress.it\/#\/schema\/person\/79bb06722b37ece1c03d3e94beb30d73"},"headline":"Borgo Valbelluna: un&#8217;intera comunit\u00e0 per una integrazione possibile","datePublished":"2023-12-09T06:49:31+00:00","mainEntityOfPage":{"@id":"https:\/\/www.bellunopress.it\/2023\/12\/09\/borgo-valbelluna-unintera-comunita-per-una-integrazione-possibile\/"},"wordCount":563,"publisher":{"@id":"https:\/\/www.bellunopress.it\/#organization"},"image":{"@id":"https:\/\/www.bellunopress.it\/2023\/12\/09\/borgo-valbelluna-unintera-comunita-per-una-integrazione-possibile\/#primaryimage"},"thumbnailUrl":"https:\/\/www.bellunopress.it\/wp-content\/uploads\/2023\/12\/Borgo-Valbelluna-sindaco-assessora-staff_edited.jpg","articleSection":["Cronaca\/Politica","Prima Pagina"],"inLanguage":"fr-FR"},{"@type":"WebPage","@id":"https:\/\/www.bellunopress.it\/2023\/12\/09\/borgo-valbelluna-unintera-comunita-per-una-integrazione-possibile\/","url":"https:\/\/www.bellunopress.it\/2023\/12\/09\/borgo-valbelluna-unintera-comunita-per-una-integrazione-possibile\/","name":"Borgo Valbelluna: un'intera comunit\u00e0 per una integrazione possibile - Bellunopress - Dolomiti","isPartOf":{"@id":"https:\/\/www.bellunopress.it\/#website"},"primaryImageOfPage":{"@id":"https:\/\/www.bellunopress.it\/2023\/12\/09\/borgo-valbelluna-unintera-comunita-per-una-integrazione-possibile\/#primaryimage"},"image":{"@id":"https:\/\/www.bellunopress.it\/2023\/12\/09\/borgo-valbelluna-unintera-comunita-per-una-integrazione-possibile\/#primaryimage"},"thumbnailUrl":"https:\/\/www.bellunopress.it\/wp-content\/uploads\/2023\/12\/Borgo-Valbelluna-sindaco-assessora-staff_edited.jpg","datePublished":"2023-12-09T06:49:31+00:00","breadcrumb":{"@id":"https:\/\/www.bellunopress.it\/2023\/12\/09\/borgo-valbelluna-unintera-comunita-per-una-integrazione-possibile\/#breadcrumb"},"inLanguage":"fr-FR","potentialAction":[{"@type":"ReadAction","target":["https:\/\/www.bellunopress.it\/2023\/12\/09\/borgo-valbelluna-unintera-comunita-per-una-integrazione-possibile\/"]}]},{"@type":"ImageObject","inLanguage":"fr-FR","@id":"https:\/\/www.bellunopress.it\/2023\/12\/09\/borgo-valbelluna-unintera-comunita-per-una-integrazione-possibile\/#primaryimage","url":"https:\/\/www.bellunopress.it\/wp-content\/uploads\/2023\/12\/Borgo-Valbelluna-sindaco-assessora-staff_edited.jpg","contentUrl":"https:\/\/www.bellunopress.it\/wp-content\/uploads\/2023\/12\/Borgo-Valbelluna-sindaco-assessora-staff_edited.jpg","width":1000,"height":750,"caption":"Stefano Cesa (Sindaco Borgo Valbelluna), Marilisa Corso (Assessora al Sociale) e lo staff di collaboratori"},{"@type":"BreadcrumbList","@id":"https:\/\/www.bellunopress.it\/2023\/12\/09\/borgo-valbelluna-unintera-comunita-per-una-integrazione-possibile\/#breadcrumb","itemListElement":[{"@type":"ListItem","position":1,"name":"Home","item":"https:\/\/www.bellunopress.it\/"},{"@type":"ListItem","position":2,"name":"Borgo Valbelluna: un&#8217;intera comunit\u00e0 per una integrazione possibile"}]},{"@type":"WebSite","@id":"https:\/\/www.bellunopress.it\/#website","url":"https:\/\/www.bellunopress.it\/","name":"Bellunopress - Dolomiti","description":"e-mail: redazione@bellunopress.it","publisher":{"@id":"https:\/\/www.bellunopress.it\/#organization"},"potentialAction":[{"@type":"SearchAction","target":{"@type":"EntryPoint","urlTemplate":"https:\/\/www.bellunopress.it\/?s={search_term_string}"},"query-input":{"@type":"PropertyValueSpecification","valueRequired":true,"valueName":"search_term_string"}}],"inLanguage":"fr-FR"},{"@type":"Organization","@id":"https:\/\/www.bellunopress.it\/#organization","name":"Bellunopress","url":"https:\/\/www.bellunopress.it\/","logo":{"@type":"ImageObject","inLanguage":"fr-FR","@id":"https:\/\/www.bellunopress.it\/#\/schema\/logo\/image\/","url":"https:\/\/www.bellunopress.it\/wp-content\/uploads\/2011\/05\/cropped-logo-bellunopress-.jpg","contentUrl":"https:\/\/www.bellunopress.it\/wp-content\/uploads\/2011\/05\/cropped-logo-bellunopress-.jpg","width":512,"height":512,"caption":"Bellunopress"},"image":{"@id":"https:\/\/www.bellunopress.it\/#\/schema\/logo\/image\/"},"sameAs":["https:\/\/www.facebook.com\/profile.php?id=100008943462799","https:\/\/x.com\/bellunopress","https:\/\/www.linkedin.com\/hp\/?dnr=JBzUWaJfMUw8vbXJJ2tVW5-I3jZKvC4wsoxE&amp;amp;amp;amp;amp;amp;trk=nav_responsive_tab_home","https:\/\/www.youtube.com\/channel\/UCxL0wu1uN0_3_7hGG0306cw"]},{"@type":"Person","@id":"https:\/\/www.bellunopress.it\/#\/schema\/person\/79bb06722b37ece1c03d3e94beb30d73","name":"r\u00e9daction","image":{"@type":"ImageObject","inLanguage":"fr-FR","@id":"https:\/\/secure.gravatar.com\/avatar\/37d968a2e67a6fd04c169c4bdef102d0bc5d31b2546345219e348575eb80e9a0?s=96&d=mm&r=g","url":"https:\/\/secure.gravatar.com\/avatar\/37d968a2e67a6fd04c169c4bdef102d0bc5d31b2546345219e348575eb80e9a0?s=96&d=mm&r=g","contentUrl":"https:\/\/secure.gravatar.com\/avatar\/37d968a2e67a6fd04c169c4bdef102d0bc5d31b2546345219e348575eb80e9a0?s=96&d=mm&r=g","caption":"redazione"},"sameAs":["http:\/\/www.bellunopress.it","https:\/\/x.com\/bellunopress"],"url":"https:\/\/www.bellunopress.it\/fr\/author\/redazione\/"}]}},"_links":{"self":[{"href":"https:\/\/www.bellunopress.it\/fr\/wp-json\/wp\/v2\/posts\/146616","targetHints":{"allow":["GET"]}}],"collection":[{"href":"https:\/\/www.bellunopress.it\/fr\/wp-json\/wp\/v2\/posts"}],"about":[{"href":"https:\/\/www.bellunopress.it\/fr\/wp-json\/wp\/v2\/types\/post"}],"author":[{"embeddable":true,"href":"https:\/\/www.bellunopress.it\/fr\/wp-json\/wp\/v2\/users\/2"}],"replies":[{"embeddable":true,"href":"https:\/\/www.bellunopress.it\/fr\/wp-json\/wp\/v2\/comments?post=146616"}],"version-history":[{"count":1,"href":"https:\/\/www.bellunopress.it\/fr\/wp-json\/wp\/v2\/posts\/146616\/revisions"}],"predecessor-version":[{"id":146619,"href":"https:\/\/www.bellunopress.it\/fr\/wp-json\/wp\/v2\/posts\/146616\/revisions\/146619"}],"wp:featuredmedia":[{"embeddable":true,"href":"https:\/\/www.bellunopress.it\/fr\/wp-json\/wp\/v2\/media\/146617"}],"wp:attachment":[{"href":"https:\/\/www.bellunopress.it\/fr\/wp-json\/wp\/v2\/media?parent=146616"}],"wp:term":[{"taxonomy":"category","embeddable":true,"href":"https:\/\/www.bellunopress.it\/fr\/wp-json\/wp\/v2\/categories?post=146616"},{"taxonomy":"post_tag","embeddable":true,"href":"https:\/\/www.bellunopress.it\/fr\/wp-json\/wp\/v2\/tags?post=146616"}],"curies":[{"name":"wp","href":"https:\/\/api.w.org\/{rel}","templated":true}]}}