{"id":146604,"date":"2023-12-08T17:58:14","date_gmt":"2023-12-08T16:58:14","guid":{"rendered":"https:\/\/www.bellunopress.it\/?p=146604"},"modified":"2023-12-08T17:58:14","modified_gmt":"2023-12-08T16:58:14","slug":"nevegal-ci-preoccupa-che-lassessore-roccon-si-sia-preoccupato-ed-abbia-scritto-alla-nevegal365-srl","status":"publish","type":"post","link":"https:\/\/www.bellunopress.it\/fr\/2023\/12\/08\/nevegal-ci-preoccupa-che-lassessore-roccon-si-sia-preoccupato-ed-abbia-scritto-alla-nevegal365-srl\/","title":{"rendered":"Nevegal. Ci preoccupa che l\u2019assessore Roccon si sia preoccupato ed abbia scritto alla Nevegal365 srl"},"content":{"rendered":"<figure id=\"attachment_146403\" aria-describedby=\"caption-attachment-146403\" style=\"width: 1000px\" class=\"wp-caption alignleft\"><img loading=\"lazy\" decoding=\"async\" class=\"size-full wp-image-146403\" src=\"https:\/\/www.bellunopress.it\/wp-content\/uploads\/2023\/12\/firma-progetto-Nevegal_edited.jpg\" alt=\"\" width=\"1000\" height=\"619\" srcset=\"https:\/\/www.bellunopress.it\/wp-content\/uploads\/2023\/12\/firma-progetto-Nevegal_edited.jpg 1000w, https:\/\/www.bellunopress.it\/wp-content\/uploads\/2023\/12\/firma-progetto-Nevegal_edited-500x310.jpg 500w, https:\/\/www.bellunopress.it\/wp-content\/uploads\/2023\/12\/firma-progetto-Nevegal_edited-696x431.jpg 696w\" sizes=\"auto, (max-width: 1000px) 100vw, 1000px\" \/><figcaption id=\"caption-attachment-146403\" class=\"wp-caption-text\">IL momento della firma del protocollo di intenti. Ivano Viel (socio Nevegal365), Kamel Layachi (amministratore Nevegal 365), Franco Roccon (assessore), Oscar De Pellegrin (sindaco di Belluno)<\/figcaption><\/figure>\n<p>Lo scorso sabato 2 dicembre in un editoriale dal titolo \u201c<a href=\"https:\/\/www.bellunopress.it\/fr\/2023\/12\/02\/sogni-di-gloria-nevegal365-se-ci-sei-batti-un-colpo\/\">Sogni di gloria. Nevegal365, se ci sei batti un colpo<\/a>\u201d ci chiedevamo e chiedevamo notizie alle istituzioni (Regione, Provincia e Comune di Belluno) che lo scorso 3 agosto erano presenti alla sottoscrizione di un protocollo di intenti riguardanti il piano di rilancio del Nevegal tra il Comune di Belluno rappresentato dal sindaco De Pellegrin e dall\u2019assessore ai Lavori pubblici Roccon e dalla societ\u00e0 Nevegal 365 srl rappresentata dall\u2019amministratore unico Kamel Layachi.<\/p>\n<p>Perch\u00e9 &#8211; ci chiedevamo &#8211; dopo l\u2019impegno annunciato di investimenti per la ragguardevole somma di 100 milioni di euro non ne abbiamo pi\u00f9 saputo nulla? E perch\u00e9, dopo aver dichiarato l\u2019interesse di acquisire le quattro strutture alberghiere esistenti sul Colle la Nevegal365 srl non si \u00e8 presentata all\u2019asta dell\u2019hotel Olivier (andata ancora deserta) alla quale era possibile aggiudicarsi l\u2019immobile del valore periziato di circa 2 milioni a poco meno di 500mila euro?<\/p>\n<p>Anche le opposizioni in consiglio comunale, visto lo stallo, hanno espresso perplessit\u00e0 sulla vicenda.<\/p>\n<p>Cos\u00ec, luned\u00ec 4 dicembre l\u2019assessore Roccon scrive alla Nevegal365 srl per chiedere notizie. Due giorni dopo, mercoled\u00ec 6 dicembre arriva la risposta della Nevegal365 contenente ampie rassicurazioni. Si tratta solo di una questione di tempi tecnici, probabilmente non previsti, per ottenere la fideiussione. I fondi comunque sono reperibili.<\/p>\n<p>Ebbene, le nostre perplessit\u00e0, non sono svanite. Ci preoccupa, anzi, la richiesta di notizie avanzata dall\u2019assessore, alla Nevegal365 srl. Perch\u00e9 questa mail? Se \u00e8 vero come \u00e8 vero che a settembre era stato lui stesso a fornire ampie rassicurazioni sulla solidit\u00e0 dell\u2019operazione, dichiarando che la cordata algerina aveva gi\u00e0 realizzato 42 investimenti simili a quello annunciato per il Nevegal in varie zone turistiche del Mediterraneo, tra cui il Marocco, la Spagna e l\u2019Algeria. Nemmeno l\u2019assessore ha pi\u00f9 certezze?<\/p>\n<p>In ogni caso, chiedere all\u2019oste se il vino \u00e8 buono non dissolve certamente le perplessit\u00e0.<\/p>\n<p>Ad oggi l\u2019unica certezza che abbiamo, \u00e8 quella che ad aprire le piste del Nevegal per la stagione 2023\/2024 sar\u00e0 la societ\u00e0 Nevegal2021 presieduta da Alessandro Molin.<\/p>\n<p>Per il resto, la speranza \u00e8 ultima a morire.<\/p>\n<p>Roberto De Nart<\/p>","protected":false},"excerpt":{"rendered":"<p>Lo scorso sabato 2 dicembre in un editoriale dal titolo \u201cSogni di gloria. Nevegal365, se ci sei batti un colpo\u201d ci chiedevamo e chiedevamo notizie alle istituzioni (Regione, Provincia e Comune di Belluno) che lo scorso 3 agosto erano presenti alla sottoscrizione di un protocollo di intenti riguardanti il piano di rilancio del Nevegal tra [&hellip;]<\/p>\n","protected":false},"author":2,"featured_media":146403,"comment_status":"closed","ping_status":"open","sticky":false,"template":"","format":"standard","meta":{"footnotes":""},"categories":[5,3446,26],"tags":[],"class_list":["post-146604","post","type-post","status-publish","format-standard","has-post-thumbnail","category-cronaca","category-featured","category-prima-pagina"],"yoast_head":"<!-- This site is optimized with the Yoast SEO plugin v28.4 - https:\/\/yoast.com\/product\/yoast-seo-wordpress\/ -->\n<title>Nevegal. Ci preoccupa che l\u2019assessore Roccon si sia preoccupato ed abbia scritto alla Nevegal365 srl - Bellunopress - Dolomiti<\/title>\n<meta name=\"robots\" content=\"index, follow, max-snippet:-1, max-image-preview:large, max-video-preview:-1\" \/>\n<link rel=\"canonical\" href=\"https:\/\/www.bellunopress.it\/fr\/2023\/12\/08\/nevegal-ci-preoccupa-che-lassessore-roccon-si-sia-preoccupato-ed-abbia-scritto-alla-nevegal365-srl\/\" \/>\n<meta property=\"og:locale\" content=\"fr_FR\" \/>\n<meta property=\"og:type\" content=\"article\" \/>\n<meta property=\"og:title\" content=\"Nevegal. Ci preoccupa che l\u2019assessore Roccon si sia preoccupato ed abbia scritto alla Nevegal365 srl - Bellunopress - Dolomiti\" \/>\n<meta property=\"og:description\" content=\"Lo scorso sabato 2 dicembre in un editoriale dal titolo \u201cSogni di gloria. Nevegal365, se ci sei batti un colpo\u201d ci chiedevamo e chiedevamo notizie alle istituzioni (Regione, Provincia e Comune di Belluno) che lo scorso 3 agosto erano presenti alla sottoscrizione di un protocollo di intenti riguardanti il piano di rilancio del Nevegal tra [&hellip;]\" \/>\n<meta property=\"og:url\" content=\"https:\/\/www.bellunopress.it\/fr\/2023\/12\/08\/nevegal-ci-preoccupa-che-lassessore-roccon-si-sia-preoccupato-ed-abbia-scritto-alla-nevegal365-srl\/\" \/>\n<meta property=\"og:site_name\" content=\"Bellunopress - Dolomiti\" \/>\n<meta property=\"article:publisher\" content=\"https:\/\/www.facebook.com\/profile.php?id=100008943462799\" \/>\n<meta property=\"article:published_time\" content=\"2023-12-08T16:58:14+00:00\" \/>\n<meta property=\"og:image\" content=\"https:\/\/www.bellunopress.it\/wp-content\/uploads\/2023\/12\/firma-progetto-Nevegal_edited.jpg\" \/>\n\t<meta property=\"og:image:width\" content=\"1000\" \/>\n\t<meta property=\"og:image:height\" content=\"619\" \/>\n\t<meta property=\"og:image:type\" content=\"image\/jpeg\" \/>\n<meta name=\"author\" content=\"redazione\" \/>\n<meta name=\"twitter:card\" content=\"summary_large_image\" \/>\n<meta name=\"twitter:creator\" content=\"@bellunopress\" \/>\n<meta name=\"twitter:site\" content=\"@bellunopress\" \/>\n<meta name=\"twitter:label1\" content=\"\u00c9crit par\" \/>\n\t<meta name=\"twitter:data1\" content=\"redazione\" \/>\n\t<meta name=\"twitter:label2\" content=\"Dur\u00e9e de lecture estim\u00e9e\" \/>\n\t<meta name=\"twitter:data2\" content=\"2 minutes\" \/>\n<script type=\"application\/ld+json\" class=\"yoast-schema-graph\">{\"@context\":\"https:\\\/\\\/schema.org\",\"@graph\":[{\"@type\":\"Article\",\"@id\":\"https:\\\/\\\/www.bellunopress.it\\\/2023\\\/12\\\/08\\\/nevegal-ci-preoccupa-che-lassessore-roccon-si-sia-preoccupato-ed-abbia-scritto-alla-nevegal365-srl\\\/#article\",\"isPartOf\":{\"@id\":\"https:\\\/\\\/www.bellunopress.it\\\/2023\\\/12\\\/08\\\/nevegal-ci-preoccupa-che-lassessore-roccon-si-sia-preoccupato-ed-abbia-scritto-alla-nevegal365-srl\\\/\"},\"author\":{\"name\":\"redazione\",\"@id\":\"https:\\\/\\\/www.bellunopress.it\\\/#\\\/schema\\\/person\\\/79bb06722b37ece1c03d3e94beb30d73\"},\"headline\":\"Nevegal. Ci preoccupa che l\u2019assessore Roccon si sia preoccupato ed abbia scritto alla Nevegal365 srl\",\"datePublished\":\"2023-12-08T16:58:14+00:00\",\"mainEntityOfPage\":{\"@id\":\"https:\\\/\\\/www.bellunopress.it\\\/2023\\\/12\\\/08\\\/nevegal-ci-preoccupa-che-lassessore-roccon-si-sia-preoccupato-ed-abbia-scritto-alla-nevegal365-srl\\\/\"},\"wordCount\":394,\"publisher\":{\"@id\":\"https:\\\/\\\/www.bellunopress.it\\\/#organization\"},\"image\":{\"@id\":\"https:\\\/\\\/www.bellunopress.it\\\/2023\\\/12\\\/08\\\/nevegal-ci-preoccupa-che-lassessore-roccon-si-sia-preoccupato-ed-abbia-scritto-alla-nevegal365-srl\\\/#primaryimage\"},\"thumbnailUrl\":\"https:\\\/\\\/www.bellunopress.it\\\/wp-content\\\/uploads\\\/2023\\\/12\\\/firma-progetto-Nevegal_edited.jpg\",\"articleSection\":[\"Cronaca\\\/Politica\",\"Featured\",\"Prima Pagina\"],\"inLanguage\":\"fr-FR\"},{\"@type\":\"WebPage\",\"@id\":\"https:\\\/\\\/www.bellunopress.it\\\/2023\\\/12\\\/08\\\/nevegal-ci-preoccupa-che-lassessore-roccon-si-sia-preoccupato-ed-abbia-scritto-alla-nevegal365-srl\\\/\",\"url\":\"https:\\\/\\\/www.bellunopress.it\\\/2023\\\/12\\\/08\\\/nevegal-ci-preoccupa-che-lassessore-roccon-si-sia-preoccupato-ed-abbia-scritto-alla-nevegal365-srl\\\/\",\"name\":\"Nevegal. Ci preoccupa che l\u2019assessore Roccon si sia preoccupato ed abbia scritto alla Nevegal365 srl - Bellunopress - Dolomiti\",\"isPartOf\":{\"@id\":\"https:\\\/\\\/www.bellunopress.it\\\/#website\"},\"primaryImageOfPage\":{\"@id\":\"https:\\\/\\\/www.bellunopress.it\\\/2023\\\/12\\\/08\\\/nevegal-ci-preoccupa-che-lassessore-roccon-si-sia-preoccupato-ed-abbia-scritto-alla-nevegal365-srl\\\/#primaryimage\"},\"image\":{\"@id\":\"https:\\\/\\\/www.bellunopress.it\\\/2023\\\/12\\\/08\\\/nevegal-ci-preoccupa-che-lassessore-roccon-si-sia-preoccupato-ed-abbia-scritto-alla-nevegal365-srl\\\/#primaryimage\"},\"thumbnailUrl\":\"https:\\\/\\\/www.bellunopress.it\\\/wp-content\\\/uploads\\\/2023\\\/12\\\/firma-progetto-Nevegal_edited.jpg\",\"datePublished\":\"2023-12-08T16:58:14+00:00\",\"breadcrumb\":{\"@id\":\"https:\\\/\\\/www.bellunopress.it\\\/2023\\\/12\\\/08\\\/nevegal-ci-preoccupa-che-lassessore-roccon-si-sia-preoccupato-ed-abbia-scritto-alla-nevegal365-srl\\\/#breadcrumb\"},\"inLanguage\":\"fr-FR\",\"potentialAction\":[{\"@type\":\"ReadAction\",\"target\":[\"https:\\\/\\\/www.bellunopress.it\\\/2023\\\/12\\\/08\\\/nevegal-ci-preoccupa-che-lassessore-roccon-si-sia-preoccupato-ed-abbia-scritto-alla-nevegal365-srl\\\/\"]}]},{\"@type\":\"ImageObject\",\"inLanguage\":\"fr-FR\",\"@id\":\"https:\\\/\\\/www.bellunopress.it\\\/2023\\\/12\\\/08\\\/nevegal-ci-preoccupa-che-lassessore-roccon-si-sia-preoccupato-ed-abbia-scritto-alla-nevegal365-srl\\\/#primaryimage\",\"url\":\"https:\\\/\\\/www.bellunopress.it\\\/wp-content\\\/uploads\\\/2023\\\/12\\\/firma-progetto-Nevegal_edited.jpg\",\"contentUrl\":\"https:\\\/\\\/www.bellunopress.it\\\/wp-content\\\/uploads\\\/2023\\\/12\\\/firma-progetto-Nevegal_edited.jpg\",\"width\":1000,\"height\":619,\"caption\":\"Il momento della firma del protocollo di intenti. Ivano Viel (socio Nevegal365), Kamel Layachi (amministratore Nevegal 365), Franco Roccon (assessore), Oscar De Pellegrin (sindaco di Belluno)\"},{\"@type\":\"BreadcrumbList\",\"@id\":\"https:\\\/\\\/www.bellunopress.it\\\/2023\\\/12\\\/08\\\/nevegal-ci-preoccupa-che-lassessore-roccon-si-sia-preoccupato-ed-abbia-scritto-alla-nevegal365-srl\\\/#breadcrumb\",\"itemListElement\":[{\"@type\":\"ListItem\",\"position\":1,\"name\":\"Home\",\"item\":\"https:\\\/\\\/www.bellunopress.it\\\/\"},{\"@type\":\"ListItem\",\"position\":2,\"name\":\"Nevegal. Ci preoccupa che l\u2019assessore Roccon si sia preoccupato ed abbia scritto alla Nevegal365 srl\"}]},{\"@type\":\"WebSite\",\"@id\":\"https:\\\/\\\/www.bellunopress.it\\\/#website\",\"url\":\"https:\\\/\\\/www.bellunopress.it\\\/\",\"name\":\"Bellunopress - Dolomiti\",\"description\":\"e-mail: redazione@bellunopress.it\",\"publisher\":{\"@id\":\"https:\\\/\\\/www.bellunopress.it\\\/#organization\"},\"potentialAction\":[{\"@type\":\"SearchAction\",\"target\":{\"@type\":\"EntryPoint\",\"urlTemplate\":\"https:\\\/\\\/www.bellunopress.it\\\/?s={search_term_string}\"},\"query-input\":{\"@type\":\"PropertyValueSpecification\",\"valueRequired\":true,\"valueName\":\"search_term_string\"}}],\"inLanguage\":\"fr-FR\"},{\"@type\":\"Organization\",\"@id\":\"https:\\\/\\\/www.bellunopress.it\\\/#organization\",\"name\":\"Bellunopress\",\"url\":\"https:\\\/\\\/www.bellunopress.it\\\/\",\"logo\":{\"@type\":\"ImageObject\",\"inLanguage\":\"fr-FR\",\"@id\":\"https:\\\/\\\/www.bellunopress.it\\\/#\\\/schema\\\/logo\\\/image\\\/\",\"url\":\"https:\\\/\\\/www.bellunopress.it\\\/wp-content\\\/uploads\\\/2011\\\/05\\\/cropped-logo-bellunopress-.jpg\",\"contentUrl\":\"https:\\\/\\\/www.bellunopress.it\\\/wp-content\\\/uploads\\\/2011\\\/05\\\/cropped-logo-bellunopress-.jpg\",\"width\":512,\"height\":512,\"caption\":\"Bellunopress\"},\"image\":{\"@id\":\"https:\\\/\\\/www.bellunopress.it\\\/#\\\/schema\\\/logo\\\/image\\\/\"},\"sameAs\":[\"https:\\\/\\\/www.facebook.com\\\/profile.php?id=100008943462799\",\"https:\\\/\\\/x.com\\\/bellunopress\",\"https:\\\/\\\/www.linkedin.com\\\/hp\\\/?dnr=JBzUWaJfMUw8vbXJJ2tVW5-I3jZKvC4wsoxE&amp;amp;amp;amp;amp;amp;trk=nav_responsive_tab_home\",\"https:\\\/\\\/www.youtube.com\\\/channel\\\/UCxL0wu1uN0_3_7hGG0306cw\"]},{\"@type\":\"Person\",\"@id\":\"https:\\\/\\\/www.bellunopress.it\\\/#\\\/schema\\\/person\\\/79bb06722b37ece1c03d3e94beb30d73\",\"name\":\"redazione\",\"image\":{\"@type\":\"ImageObject\",\"inLanguage\":\"fr-FR\",\"@id\":\"https:\\\/\\\/secure.gravatar.com\\\/avatar\\\/37d968a2e67a6fd04c169c4bdef102d0bc5d31b2546345219e348575eb80e9a0?s=96&d=mm&r=g\",\"url\":\"https:\\\/\\\/secure.gravatar.com\\\/avatar\\\/37d968a2e67a6fd04c169c4bdef102d0bc5d31b2546345219e348575eb80e9a0?s=96&d=mm&r=g\",\"contentUrl\":\"https:\\\/\\\/secure.gravatar.com\\\/avatar\\\/37d968a2e67a6fd04c169c4bdef102d0bc5d31b2546345219e348575eb80e9a0?s=96&d=mm&r=g\",\"caption\":\"redazione\"},\"sameAs\":[\"http:\\\/\\\/www.bellunopress.it\",\"https:\\\/\\\/x.com\\\/bellunopress\"],\"url\":\"https:\\\/\\\/www.bellunopress.it\\\/fr\\\/author\\\/redazione\\\/\"}]}<\/script>\n<!-- \/ Yoast SEO plugin. -->","yoast_head_json":{"title":"Nevegal. Ci preoccupa che l\u2019assessore Roccon si sia preoccupato ed abbia scritto alla Nevegal365 srl - Bellunopress - Dolomiti","robots":{"index":"index","follow":"follow","max-snippet":"max-snippet:-1","max-image-preview":"max-image-preview:large","max-video-preview":"max-video-preview:-1"},"canonical":"https:\/\/www.bellunopress.it\/fr\/2023\/12\/08\/nevegal-ci-preoccupa-che-lassessore-roccon-si-sia-preoccupato-ed-abbia-scritto-alla-nevegal365-srl\/","og_locale":"fr_FR","og_type":"article","og_title":"Nevegal. Ci preoccupa che l\u2019assessore Roccon si sia preoccupato ed abbia scritto alla Nevegal365 srl - Bellunopress - Dolomiti","og_description":"Lo scorso sabato 2 dicembre in un editoriale dal titolo \u201cSogni di gloria. Nevegal365, se ci sei batti un colpo\u201d ci chiedevamo e chiedevamo notizie alle istituzioni (Regione, Provincia e Comune di Belluno) che lo scorso 3 agosto erano presenti alla sottoscrizione di un protocollo di intenti riguardanti il piano di rilancio del Nevegal tra [&hellip;]","og_url":"https:\/\/www.bellunopress.it\/fr\/2023\/12\/08\/nevegal-ci-preoccupa-che-lassessore-roccon-si-sia-preoccupato-ed-abbia-scritto-alla-nevegal365-srl\/","og_site_name":"Bellunopress - Dolomiti","article_publisher":"https:\/\/www.facebook.com\/profile.php?id=100008943462799","article_published_time":"2023-12-08T16:58:14+00:00","og_image":[{"width":1000,"height":619,"url":"https:\/\/www.bellunopress.it\/wp-content\/uploads\/2023\/12\/firma-progetto-Nevegal_edited.jpg","type":"image\/jpeg"}],"author":"redazione","twitter_card":"summary_large_image","twitter_creator":"@bellunopress","twitter_site":"@bellunopress","twitter_misc":{"\u00c9crit par":"redazione","Dur\u00e9e de lecture estim\u00e9e":"2 minutes"},"schema":{"@context":"https:\/\/schema.org","@graph":[{"@type":"Article","@id":"https:\/\/www.bellunopress.it\/2023\/12\/08\/nevegal-ci-preoccupa-che-lassessore-roccon-si-sia-preoccupato-ed-abbia-scritto-alla-nevegal365-srl\/#article","isPartOf":{"@id":"https:\/\/www.bellunopress.it\/2023\/12\/08\/nevegal-ci-preoccupa-che-lassessore-roccon-si-sia-preoccupato-ed-abbia-scritto-alla-nevegal365-srl\/"},"author":{"name":"redazione","@id":"https:\/\/www.bellunopress.it\/#\/schema\/person\/79bb06722b37ece1c03d3e94beb30d73"},"headline":"Nevegal. Ci preoccupa che l\u2019assessore Roccon si sia preoccupato ed abbia scritto alla Nevegal365 srl","datePublished":"2023-12-08T16:58:14+00:00","mainEntityOfPage":{"@id":"https:\/\/www.bellunopress.it\/2023\/12\/08\/nevegal-ci-preoccupa-che-lassessore-roccon-si-sia-preoccupato-ed-abbia-scritto-alla-nevegal365-srl\/"},"wordCount":394,"publisher":{"@id":"https:\/\/www.bellunopress.it\/#organization"},"image":{"@id":"https:\/\/www.bellunopress.it\/2023\/12\/08\/nevegal-ci-preoccupa-che-lassessore-roccon-si-sia-preoccupato-ed-abbia-scritto-alla-nevegal365-srl\/#primaryimage"},"thumbnailUrl":"https:\/\/www.bellunopress.it\/wp-content\/uploads\/2023\/12\/firma-progetto-Nevegal_edited.jpg","articleSection":["Cronaca\/Politica","Featured","Prima Pagina"],"inLanguage":"fr-FR"},{"@type":"WebPage","@id":"https:\/\/www.bellunopress.it\/2023\/12\/08\/nevegal-ci-preoccupa-che-lassessore-roccon-si-sia-preoccupato-ed-abbia-scritto-alla-nevegal365-srl\/","url":"https:\/\/www.bellunopress.it\/2023\/12\/08\/nevegal-ci-preoccupa-che-lassessore-roccon-si-sia-preoccupato-ed-abbia-scritto-alla-nevegal365-srl\/","name":"Nevegal. Ci preoccupa che l\u2019assessore Roccon si sia preoccupato ed abbia scritto alla Nevegal365 srl - Bellunopress - Dolomiti","isPartOf":{"@id":"https:\/\/www.bellunopress.it\/#website"},"primaryImageOfPage":{"@id":"https:\/\/www.bellunopress.it\/2023\/12\/08\/nevegal-ci-preoccupa-che-lassessore-roccon-si-sia-preoccupato-ed-abbia-scritto-alla-nevegal365-srl\/#primaryimage"},"image":{"@id":"https:\/\/www.bellunopress.it\/2023\/12\/08\/nevegal-ci-preoccupa-che-lassessore-roccon-si-sia-preoccupato-ed-abbia-scritto-alla-nevegal365-srl\/#primaryimage"},"thumbnailUrl":"https:\/\/www.bellunopress.it\/wp-content\/uploads\/2023\/12\/firma-progetto-Nevegal_edited.jpg","datePublished":"2023-12-08T16:58:14+00:00","breadcrumb":{"@id":"https:\/\/www.bellunopress.it\/2023\/12\/08\/nevegal-ci-preoccupa-che-lassessore-roccon-si-sia-preoccupato-ed-abbia-scritto-alla-nevegal365-srl\/#breadcrumb"},"inLanguage":"fr-FR","potentialAction":[{"@type":"ReadAction","target":["https:\/\/www.bellunopress.it\/2023\/12\/08\/nevegal-ci-preoccupa-che-lassessore-roccon-si-sia-preoccupato-ed-abbia-scritto-alla-nevegal365-srl\/"]}]},{"@type":"ImageObject","inLanguage":"fr-FR","@id":"https:\/\/www.bellunopress.it\/2023\/12\/08\/nevegal-ci-preoccupa-che-lassessore-roccon-si-sia-preoccupato-ed-abbia-scritto-alla-nevegal365-srl\/#primaryimage","url":"https:\/\/www.bellunopress.it\/wp-content\/uploads\/2023\/12\/firma-progetto-Nevegal_edited.jpg","contentUrl":"https:\/\/www.bellunopress.it\/wp-content\/uploads\/2023\/12\/firma-progetto-Nevegal_edited.jpg","width":1000,"height":619,"caption":"Il momento della firma del protocollo di intenti. Ivano Viel (socio Nevegal365), Kamel Layachi (amministratore Nevegal 365), Franco Roccon (assessore), Oscar De Pellegrin (sindaco di Belluno)"},{"@type":"BreadcrumbList","@id":"https:\/\/www.bellunopress.it\/2023\/12\/08\/nevegal-ci-preoccupa-che-lassessore-roccon-si-sia-preoccupato-ed-abbia-scritto-alla-nevegal365-srl\/#breadcrumb","itemListElement":[{"@type":"ListItem","position":1,"name":"Home","item":"https:\/\/www.bellunopress.it\/"},{"@type":"ListItem","position":2,"name":"Nevegal. Ci preoccupa che l\u2019assessore Roccon si sia preoccupato ed abbia scritto alla Nevegal365 srl"}]},{"@type":"WebSite","@id":"https:\/\/www.bellunopress.it\/#website","url":"https:\/\/www.bellunopress.it\/","name":"Bellunopress - Dolomiti","description":"e-mail: redazione@bellunopress.it","publisher":{"@id":"https:\/\/www.bellunopress.it\/#organization"},"potentialAction":[{"@type":"SearchAction","target":{"@type":"EntryPoint","urlTemplate":"https:\/\/www.bellunopress.it\/?s={search_term_string}"},"query-input":{"@type":"PropertyValueSpecification","valueRequired":true,"valueName":"search_term_string"}}],"inLanguage":"fr-FR"},{"@type":"Organization","@id":"https:\/\/www.bellunopress.it\/#organization","name":"Bellunopress","url":"https:\/\/www.bellunopress.it\/","logo":{"@type":"ImageObject","inLanguage":"fr-FR","@id":"https:\/\/www.bellunopress.it\/#\/schema\/logo\/image\/","url":"https:\/\/www.bellunopress.it\/wp-content\/uploads\/2011\/05\/cropped-logo-bellunopress-.jpg","contentUrl":"https:\/\/www.bellunopress.it\/wp-content\/uploads\/2011\/05\/cropped-logo-bellunopress-.jpg","width":512,"height":512,"caption":"Bellunopress"},"image":{"@id":"https:\/\/www.bellunopress.it\/#\/schema\/logo\/image\/"},"sameAs":["https:\/\/www.facebook.com\/profile.php?id=100008943462799","https:\/\/x.com\/bellunopress","https:\/\/www.linkedin.com\/hp\/?dnr=JBzUWaJfMUw8vbXJJ2tVW5-I3jZKvC4wsoxE&amp;amp;amp;amp;amp;amp;trk=nav_responsive_tab_home","https:\/\/www.youtube.com\/channel\/UCxL0wu1uN0_3_7hGG0306cw"]},{"@type":"Person","@id":"https:\/\/www.bellunopress.it\/#\/schema\/person\/79bb06722b37ece1c03d3e94beb30d73","name":"r\u00e9daction","image":{"@type":"ImageObject","inLanguage":"fr-FR","@id":"https:\/\/secure.gravatar.com\/avatar\/37d968a2e67a6fd04c169c4bdef102d0bc5d31b2546345219e348575eb80e9a0?s=96&d=mm&r=g","url":"https:\/\/secure.gravatar.com\/avatar\/37d968a2e67a6fd04c169c4bdef102d0bc5d31b2546345219e348575eb80e9a0?s=96&d=mm&r=g","contentUrl":"https:\/\/secure.gravatar.com\/avatar\/37d968a2e67a6fd04c169c4bdef102d0bc5d31b2546345219e348575eb80e9a0?s=96&d=mm&r=g","caption":"redazione"},"sameAs":["http:\/\/www.bellunopress.it","https:\/\/x.com\/bellunopress"],"url":"https:\/\/www.bellunopress.it\/fr\/author\/redazione\/"}]}},"_links":{"self":[{"href":"https:\/\/www.bellunopress.it\/fr\/wp-json\/wp\/v2\/posts\/146604","targetHints":{"allow":["GET"]}}],"collection":[{"href":"https:\/\/www.bellunopress.it\/fr\/wp-json\/wp\/v2\/posts"}],"about":[{"href":"https:\/\/www.bellunopress.it\/fr\/wp-json\/wp\/v2\/types\/post"}],"author":[{"embeddable":true,"href":"https:\/\/www.bellunopress.it\/fr\/wp-json\/wp\/v2\/users\/2"}],"replies":[{"embeddable":true,"href":"https:\/\/www.bellunopress.it\/fr\/wp-json\/wp\/v2\/comments?post=146604"}],"version-history":[{"count":1,"href":"https:\/\/www.bellunopress.it\/fr\/wp-json\/wp\/v2\/posts\/146604\/revisions"}],"predecessor-version":[{"id":146605,"href":"https:\/\/www.bellunopress.it\/fr\/wp-json\/wp\/v2\/posts\/146604\/revisions\/146605"}],"wp:featuredmedia":[{"embeddable":true,"href":"https:\/\/www.bellunopress.it\/fr\/wp-json\/wp\/v2\/media\/146403"}],"wp:attachment":[{"href":"https:\/\/www.bellunopress.it\/fr\/wp-json\/wp\/v2\/media?parent=146604"}],"wp:term":[{"taxonomy":"category","embeddable":true,"href":"https:\/\/www.bellunopress.it\/fr\/wp-json\/wp\/v2\/categories?post=146604"},{"taxonomy":"post_tag","embeddable":true,"href":"https:\/\/www.bellunopress.it\/fr\/wp-json\/wp\/v2\/tags?post=146604"}],"curies":[{"name":"wp","href":"https:\/\/api.w.org\/{rel}","templated":true}]}}