{"id":146590,"date":"2023-12-08T11:37:04","date_gmt":"2023-12-08T10:37:04","guid":{"rendered":"https:\/\/www.bellunopress.it\/?p=146590"},"modified":"2023-12-08T18:43:59","modified_gmt":"2023-12-08T17:43:59","slug":"pista-da-bob-decida-il-cio-le-associazioni-scrivono-al-comitato-olimpico-internazionale","status":"publish","type":"post","link":"https:\/\/www.bellunopress.it\/fr\/2023\/12\/08\/pista-da-bob-decida-il-cio-le-associazioni-scrivono-al-comitato-olimpico-internazionale\/","title":{"rendered":"Pista da bob: decida il Cio. Le associazioni scrivono al Comitato olimpico internazionale"},"content":{"rendered":"<p><img loading=\"lazy\" decoding=\"async\" class=\"alignleft size-full wp-image-142987\" src=\"https:\/\/www.bellunopress.it\/wp-content\/uploads\/2023\/07\/non-nel-mio-nome-no-pista-bob-cortina.jpg\" alt=\"coordinamento associazioni ambientaliste\" width=\"1000\" height=\"687\" srcset=\"https:\/\/www.bellunopress.it\/wp-content\/uploads\/2023\/07\/non-nel-mio-nome-no-pista-bob-cortina.jpg 1000w, https:\/\/www.bellunopress.it\/wp-content\/uploads\/2023\/07\/non-nel-mio-nome-no-pista-bob-cortina-500x344.jpg 500w, https:\/\/www.bellunopress.it\/wp-content\/uploads\/2023\/07\/non-nel-mio-nome-no-pista-bob-cortina-218x150.jpg 218w, https:\/\/www.bellunopress.it\/wp-content\/uploads\/2023\/07\/non-nel-mio-nome-no-pista-bob-cortina-696x478.jpg 696w, https:\/\/www.bellunopress.it\/wp-content\/uploads\/2023\/07\/non-nel-mio-nome-no-pista-bob-cortina-611x420.jpg 611w, https:\/\/www.bellunopress.it\/wp-content\/uploads\/2023\/07\/non-nel-mio-nome-no-pista-bob-cortina-100x70.jpg 100w\" sizes=\"auto, (max-width: 1000px) 100vw, 1000px\" \/>La questione della pista di bob per i Giochi Olimpici del 2026 sta diventando sempre pi\u00f9 imbarazzante per il nostro Paese. La battaglia ha assunto toni esclusivamente politici, in un clima di confusione, approssimazione, cambi di idee continui nonostante i Giochi siano sempre pi\u00f9 vicini; lo sport non c&#8217;entra pi\u00f9 niente.<br \/>\nPer questo ci appelliamo nuovamente al Comitato Olimpico Internazionale, che solo poche ora prima della cabina di regia del 5 dicembre aveva ribadito l&#8217;importanza di andare all&#8217;estero per le gare di scivolamento, chiedendogli di risolvere questa imbarazzante situazione confermando la scelta di una sede gi\u00e0 esistente fuori dall&#8217;Italia.<\/p>\n<p>Italia Nostra Nazionale \u2013 Italia Nostra Consiglio Regionale Veneto \u2013 Italia Nostra Sezione di Belluno \u2013 Mountain Wilderness Italia \u2013 Comitato Civico di Cortina d&#8217;Ampezzo \u2013 Gruppo promotore Parco del Cadore &#8211; Ecoistituto del Veneto Alex Langer &#8211; Peraltrestrade Dolomiti<\/p>\n<p>&nbsp;<\/p>\n<p><strong>Lettera al CIO<\/strong><\/p>\n<p>Egregio<br \/>\nThomas Bach \u2013 Presidente CIO<br \/>\nLosanna<br \/>\ncabinet_president@olympic.org.<br \/>\nOggetto: Olimpiadi Milano-Cortina 2026 \u2013 pista da bob<\/p>\n<p>Egregio Presidente,<br \/>\nle Associazioni firmatarie desiderano portare alla Sua attenzione l\u2019assoluta<br \/>\nCONFUSIONE e\u2006 l&#8217;APPROSSIMAZIONE con la quale continua ad essere gestita la<br \/>\nvicenda della pista da bob per i Giochi Olimpici invernali 2026, dopo<br \/>\nl\u2019annunciata rinuncia a costruire lo Sliding Center di Cortina da parte del<br \/>\nPresidente del CONI Giovanni Malag\u00f2, il 16 ottobre, in occasione dell\u2019Assemblea<br \/>\nannuale del CIO a Mumbai.<br \/>\nDecisione ragionevole e di buon senso se si considera:<br \/>\n&#8211; l\u2019impossibilit\u00e0 di realizzare la pista entro le scadenze stabilite<br \/>\n&#8211; i costi esagerati per la costruzione e<br \/>\n&#8211; i costi insostenibili per la gestione dell\u2019impianto, a carico del Comune di<br \/>\nCortina,<br \/>\n&#8211; e soprattutto l\u2019insostenibilit\u00e0 ambientale del progetto mai sottoposto alle<br \/>\nvalutazioni ambientali VAS, VIA e VIncA.<br \/>\nTale decisione, se accolta con sollievo dalle Associazioni ambientaliste e dagli<br \/>\nabitanti di Cortina, ha tuttavia suscitato polemiche da parte del Sindaco, del<br \/>\nPresidente della Regione Veneto e del mondo dell\u2019imprenditoria turistica e<br \/>\nindustriale bellunese, veneta e nazionale.<br \/>\nOra man mano che i giorni passano, cresce la confusione e non si placano le<br \/>\npolemiche.<br \/>\nIl Presidente della Regione Veneto non si rassegna ancora alla perdita delle<br \/>\ngare di bob a Cortina e chiede una redistribuzione di tutte le competizioni del<br \/>\nProgramma Olimpico.<br \/>\nIl Presidente della Regione Piemonte, forte del sostegno del Ministro degli<br \/>\nEsteri, chiede che le competizioni di bob siano trasferite nella pista di Cesana<br \/>\nTO 2006, la cui riqualificazione costerebbe 35 milioni. In pratica tutte le ipotesi<br \/>\nprospettate prima della dichiarazione di Mumbai (Cesana-TO \u2013 Innsbruck \u2013 Saint<br \/>\nMoritz) ritornano all\u2019ordine del giorno e vengono sostenute alternativamente<br \/>\ndalle varie autorit\u00e0 competenti con argomentazioni estemporanee e con<br \/>\ngrossolane imprecisioni od omissioni circa le ipotesi di spesa, salvo altrettante<br \/>\nsmentite totali o parziali che creano disorientamento.<br \/>\nL\u2019ultima dichiarazione del Ministro delle Infrastrutture Matteo Salvini dopo la<br \/>\ncabina di regia del 5 dicembre ha spiazzato tutti, compreso il Ministro dello<br \/>\nSport Andrea Abodi, rilanciando l\u2019ipotesi di Cortina, con un progetto<br \/>\nridimensionato, che \u00e8 ancora allo studio, mentre mancano ad oggi, 7 dicembre<br \/>\n2023, 792 giorni all\u2019inizio dei Giochi.<br \/>\nLe polemiche continuano malgrado la Sue recenti dichiarazioni \u2013 l\u2019ultima due<br \/>\nore prima della Cabina di regia del 5 dicembre &#8211; in cui Lei insiste per lo<br \/>\nspostamento delle competizioni all\u2019estero, su una pista esistente e funzionante.<br \/>\nTutto questo assurdo tira e molla sta danneggiando l\u2019immagine del CONI e<br \/>\nsoprattutto del CIO.<br \/>\nOrmai non c\u2019\u00e8 pi\u00f9 tempo per realizzare la nuova pista di Cortina e neppure per<br \/>\nriqualificare quella di Cesana. Le chiediamo pertanto di risolvere questa<br \/>\nimbarazzante situazione confermando la scelta di una sede gi\u00e0 esistente fuori<br \/>\ndall\u2019Italia.<br \/>\nConfidando in una attenta considerazione di quanto sopra esposto, porgiamo<br \/>\ncordiali saluti<br \/>\nCortina d\u2019Ampezzo, 7 dicembre 2023<\/p>\n<p>Italia Nostra Nazionale &#8211; Presidente Antonella Caroli<br \/>\nItalia Nostra Consiglio Regionale Veneto &#8211; Presidente Adriano Marchini<br \/>\nItalia Nostra Sezione di Belluno \u2013 Presidente Giovanna Ceiner<br \/>\nMountain Wilderness Italia \u2013 Presidente Adriana Giuliobello<br \/>\nComitato Civico di Cortina d\u2019 Ampezzo &#8211; Presidente Marina Menardi<br \/>\nGruppo promotore Parco del Cadore \u2013 Portavoce Mirta Da Pra<br \/>\nEcoistituto del Veneto Alex Langer \u2013 Presidente Michele Boato<br \/>\nPeraltrestrade Dolomiti \u2013 Portavoce Giovanna Deppi<\/p>","protected":false},"excerpt":{"rendered":"<p>La questione della pista di bob per i Giochi Olimpici del 2026 sta diventando sempre pi\u00f9 imbarazzante per il nostro Paese. La battaglia ha assunto toni esclusivamente politici, in un clima di confusione, approssimazione, cambi di idee continui nonostante i Giochi siano sempre pi\u00f9 vicini; lo sport non c&#8217;entra pi\u00f9 niente. Per questo ci appelliamo [&hellip;]<\/p>\n","protected":false},"author":2,"featured_media":136068,"comment_status":"closed","ping_status":"open","sticky":false,"template":"","format":"standard","meta":{"footnotes":""},"categories":[3446,26,8,4],"tags":[],"class_list":["post-146590","post","type-post","status-publish","format-standard","has-post-thumbnail","category-featured","category-prima-pagina","category-societa-istituzioni","category-sport"],"yoast_head":"<!-- This site is optimized with the Yoast SEO plugin v28.4 - https:\/\/yoast.com\/product\/yoast-seo-wordpress\/ -->\n<title>Pista da bob: decida il Cio. Le associazioni scrivono al Comitato olimpico internazionale - Bellunopress - Dolomiti<\/title>\n<meta name=\"robots\" content=\"index, follow, max-snippet:-1, max-image-preview:large, max-video-preview:-1\" \/>\n<link rel=\"canonical\" href=\"https:\/\/www.bellunopress.it\/fr\/2023\/12\/08\/pista-da-bob-decida-il-cio-le-associazioni-scrivono-al-comitato-olimpico-internazionale\/\" \/>\n<meta property=\"og:locale\" content=\"fr_FR\" \/>\n<meta property=\"og:type\" content=\"article\" \/>\n<meta property=\"og:title\" content=\"Pista da bob: decida il Cio. Le associazioni scrivono al Comitato olimpico internazionale - Bellunopress - Dolomiti\" \/>\n<meta property=\"og:description\" content=\"La questione della pista di bob per i Giochi Olimpici del 2026 sta diventando sempre pi\u00f9 imbarazzante per il nostro Paese. La battaglia ha assunto toni esclusivamente politici, in un clima di confusione, approssimazione, cambi di idee continui nonostante i Giochi siano sempre pi\u00f9 vicini; lo sport non c&#8217;entra pi\u00f9 niente. Per questo ci appelliamo [&hellip;]\" \/>\n<meta property=\"og:url\" content=\"https:\/\/www.bellunopress.it\/fr\/2023\/12\/08\/pista-da-bob-decida-il-cio-le-associazioni-scrivono-al-comitato-olimpico-internazionale\/\" \/>\n<meta property=\"og:site_name\" content=\"Bellunopress - Dolomiti\" \/>\n<meta property=\"article:publisher\" content=\"https:\/\/www.facebook.com\/profile.php?id=100008943462799\" \/>\n<meta property=\"article:published_time\" content=\"2023-12-08T10:37:04+00:00\" \/>\n<meta property=\"article:modified_time\" content=\"2023-12-08T17:43:59+00:00\" \/>\n<meta property=\"og:image\" content=\"https:\/\/www.bellunopress.it\/wp-content\/uploads\/2022\/08\/Cortina-manifestazione-20-agosto-pista-bob_edited.jpg\" \/>\n\t<meta property=\"og:image:width\" content=\"775\" \/>\n\t<meta property=\"og:image:height\" content=\"529\" \/>\n\t<meta property=\"og:image:type\" content=\"image\/jpeg\" \/>\n<meta name=\"author\" content=\"redazione\" \/>\n<meta name=\"twitter:card\" content=\"summary_large_image\" \/>\n<meta name=\"twitter:creator\" content=\"@bellunopress\" \/>\n<meta name=\"twitter:site\" content=\"@bellunopress\" \/>\n<meta name=\"twitter:label1\" content=\"\u00c9crit par\" \/>\n\t<meta name=\"twitter:data1\" content=\"redazione\" \/>\n\t<meta name=\"twitter:label2\" content=\"Dur\u00e9e de lecture estim\u00e9e\" \/>\n\t<meta name=\"twitter:data2\" content=\"3 minutes\" \/>\n<script type=\"application\/ld+json\" class=\"yoast-schema-graph\">{\"@context\":\"https:\\\/\\\/schema.org\",\"@graph\":[{\"@type\":\"Article\",\"@id\":\"https:\\\/\\\/www.bellunopress.it\\\/2023\\\/12\\\/08\\\/pista-da-bob-decida-il-cio-le-associazioni-scrivono-al-comitato-olimpico-internazionale\\\/#article\",\"isPartOf\":{\"@id\":\"https:\\\/\\\/www.bellunopress.it\\\/2023\\\/12\\\/08\\\/pista-da-bob-decida-il-cio-le-associazioni-scrivono-al-comitato-olimpico-internazionale\\\/\"},\"author\":{\"name\":\"redazione\",\"@id\":\"https:\\\/\\\/www.bellunopress.it\\\/#\\\/schema\\\/person\\\/79bb06722b37ece1c03d3e94beb30d73\"},\"headline\":\"Pista da bob: decida il Cio. Le associazioni scrivono al Comitato olimpico internazionale\",\"datePublished\":\"2023-12-08T10:37:04+00:00\",\"dateModified\":\"2023-12-08T17:43:59+00:00\",\"mainEntityOfPage\":{\"@id\":\"https:\\\/\\\/www.bellunopress.it\\\/2023\\\/12\\\/08\\\/pista-da-bob-decida-il-cio-le-associazioni-scrivono-al-comitato-olimpico-internazionale\\\/\"},\"wordCount\":676,\"publisher\":{\"@id\":\"https:\\\/\\\/www.bellunopress.it\\\/#organization\"},\"image\":{\"@id\":\"https:\\\/\\\/www.bellunopress.it\\\/2023\\\/12\\\/08\\\/pista-da-bob-decida-il-cio-le-associazioni-scrivono-al-comitato-olimpico-internazionale\\\/#primaryimage\"},\"thumbnailUrl\":\"https:\\\/\\\/www.bellunopress.it\\\/wp-content\\\/uploads\\\/2022\\\/08\\\/Cortina-manifestazione-20-agosto-pista-bob_edited.jpg\",\"articleSection\":[\"Featured\",\"Prima Pagina\",\"Societ\u00e0, Associazioni, Istituzioni\",\"Sport, tempo libero\"],\"inLanguage\":\"fr-FR\"},{\"@type\":\"WebPage\",\"@id\":\"https:\\\/\\\/www.bellunopress.it\\\/2023\\\/12\\\/08\\\/pista-da-bob-decida-il-cio-le-associazioni-scrivono-al-comitato-olimpico-internazionale\\\/\",\"url\":\"https:\\\/\\\/www.bellunopress.it\\\/2023\\\/12\\\/08\\\/pista-da-bob-decida-il-cio-le-associazioni-scrivono-al-comitato-olimpico-internazionale\\\/\",\"name\":\"Pista da bob: decida il Cio. Le associazioni scrivono al Comitato olimpico internazionale - Bellunopress - Dolomiti\",\"isPartOf\":{\"@id\":\"https:\\\/\\\/www.bellunopress.it\\\/#website\"},\"primaryImageOfPage\":{\"@id\":\"https:\\\/\\\/www.bellunopress.it\\\/2023\\\/12\\\/08\\\/pista-da-bob-decida-il-cio-le-associazioni-scrivono-al-comitato-olimpico-internazionale\\\/#primaryimage\"},\"image\":{\"@id\":\"https:\\\/\\\/www.bellunopress.it\\\/2023\\\/12\\\/08\\\/pista-da-bob-decida-il-cio-le-associazioni-scrivono-al-comitato-olimpico-internazionale\\\/#primaryimage\"},\"thumbnailUrl\":\"https:\\\/\\\/www.bellunopress.it\\\/wp-content\\\/uploads\\\/2022\\\/08\\\/Cortina-manifestazione-20-agosto-pista-bob_edited.jpg\",\"datePublished\":\"2023-12-08T10:37:04+00:00\",\"dateModified\":\"2023-12-08T17:43:59+00:00\",\"breadcrumb\":{\"@id\":\"https:\\\/\\\/www.bellunopress.it\\\/2023\\\/12\\\/08\\\/pista-da-bob-decida-il-cio-le-associazioni-scrivono-al-comitato-olimpico-internazionale\\\/#breadcrumb\"},\"inLanguage\":\"fr-FR\",\"potentialAction\":[{\"@type\":\"ReadAction\",\"target\":[\"https:\\\/\\\/www.bellunopress.it\\\/2023\\\/12\\\/08\\\/pista-da-bob-decida-il-cio-le-associazioni-scrivono-al-comitato-olimpico-internazionale\\\/\"]}]},{\"@type\":\"ImageObject\",\"inLanguage\":\"fr-FR\",\"@id\":\"https:\\\/\\\/www.bellunopress.it\\\/2023\\\/12\\\/08\\\/pista-da-bob-decida-il-cio-le-associazioni-scrivono-al-comitato-olimpico-internazionale\\\/#primaryimage\",\"url\":\"https:\\\/\\\/www.bellunopress.it\\\/wp-content\\\/uploads\\\/2022\\\/08\\\/Cortina-manifestazione-20-agosto-pista-bob_edited.jpg\",\"contentUrl\":\"https:\\\/\\\/www.bellunopress.it\\\/wp-content\\\/uploads\\\/2022\\\/08\\\/Cortina-manifestazione-20-agosto-pista-bob_edited.jpg\",\"width\":775,\"height\":529,\"caption\":\"Cortina manifestazione del 20 agosto 2022 contro la nuova pista da bob\"},{\"@type\":\"BreadcrumbList\",\"@id\":\"https:\\\/\\\/www.bellunopress.it\\\/2023\\\/12\\\/08\\\/pista-da-bob-decida-il-cio-le-associazioni-scrivono-al-comitato-olimpico-internazionale\\\/#breadcrumb\",\"itemListElement\":[{\"@type\":\"ListItem\",\"position\":1,\"name\":\"Home\",\"item\":\"https:\\\/\\\/www.bellunopress.it\\\/\"},{\"@type\":\"ListItem\",\"position\":2,\"name\":\"Pista da bob: decida il Cio. Le associazioni scrivono al Comitato olimpico internazionale\"}]},{\"@type\":\"WebSite\",\"@id\":\"https:\\\/\\\/www.bellunopress.it\\\/#website\",\"url\":\"https:\\\/\\\/www.bellunopress.it\\\/\",\"name\":\"Bellunopress - Dolomiti\",\"description\":\"e-mail: redazione@bellunopress.it\",\"publisher\":{\"@id\":\"https:\\\/\\\/www.bellunopress.it\\\/#organization\"},\"potentialAction\":[{\"@type\":\"SearchAction\",\"target\":{\"@type\":\"EntryPoint\",\"urlTemplate\":\"https:\\\/\\\/www.bellunopress.it\\\/?s={search_term_string}\"},\"query-input\":{\"@type\":\"PropertyValueSpecification\",\"valueRequired\":true,\"valueName\":\"search_term_string\"}}],\"inLanguage\":\"fr-FR\"},{\"@type\":\"Organization\",\"@id\":\"https:\\\/\\\/www.bellunopress.it\\\/#organization\",\"name\":\"Bellunopress\",\"url\":\"https:\\\/\\\/www.bellunopress.it\\\/\",\"logo\":{\"@type\":\"ImageObject\",\"inLanguage\":\"fr-FR\",\"@id\":\"https:\\\/\\\/www.bellunopress.it\\\/#\\\/schema\\\/logo\\\/image\\\/\",\"url\":\"https:\\\/\\\/www.bellunopress.it\\\/wp-content\\\/uploads\\\/2011\\\/05\\\/cropped-logo-bellunopress-.jpg\",\"contentUrl\":\"https:\\\/\\\/www.bellunopress.it\\\/wp-content\\\/uploads\\\/2011\\\/05\\\/cropped-logo-bellunopress-.jpg\",\"width\":512,\"height\":512,\"caption\":\"Bellunopress\"},\"image\":{\"@id\":\"https:\\\/\\\/www.bellunopress.it\\\/#\\\/schema\\\/logo\\\/image\\\/\"},\"sameAs\":[\"https:\\\/\\\/www.facebook.com\\\/profile.php?id=100008943462799\",\"https:\\\/\\\/x.com\\\/bellunopress\",\"https:\\\/\\\/www.linkedin.com\\\/hp\\\/?dnr=JBzUWaJfMUw8vbXJJ2tVW5-I3jZKvC4wsoxE&amp;amp;amp;amp;amp;amp;trk=nav_responsive_tab_home\",\"https:\\\/\\\/www.youtube.com\\\/channel\\\/UCxL0wu1uN0_3_7hGG0306cw\"]},{\"@type\":\"Person\",\"@id\":\"https:\\\/\\\/www.bellunopress.it\\\/#\\\/schema\\\/person\\\/79bb06722b37ece1c03d3e94beb30d73\",\"name\":\"redazione\",\"image\":{\"@type\":\"ImageObject\",\"inLanguage\":\"fr-FR\",\"@id\":\"https:\\\/\\\/secure.gravatar.com\\\/avatar\\\/37d968a2e67a6fd04c169c4bdef102d0bc5d31b2546345219e348575eb80e9a0?s=96&d=mm&r=g\",\"url\":\"https:\\\/\\\/secure.gravatar.com\\\/avatar\\\/37d968a2e67a6fd04c169c4bdef102d0bc5d31b2546345219e348575eb80e9a0?s=96&d=mm&r=g\",\"contentUrl\":\"https:\\\/\\\/secure.gravatar.com\\\/avatar\\\/37d968a2e67a6fd04c169c4bdef102d0bc5d31b2546345219e348575eb80e9a0?s=96&d=mm&r=g\",\"caption\":\"redazione\"},\"sameAs\":[\"http:\\\/\\\/www.bellunopress.it\",\"https:\\\/\\\/x.com\\\/bellunopress\"],\"url\":\"https:\\\/\\\/www.bellunopress.it\\\/fr\\\/author\\\/redazione\\\/\"}]}<\/script>\n<!-- \/ Yoast SEO plugin. -->","yoast_head_json":{"title":"Pista da bob: decida il Cio. Le associazioni scrivono al Comitato olimpico internazionale - Bellunopress - Dolomiti","robots":{"index":"index","follow":"follow","max-snippet":"max-snippet:-1","max-image-preview":"max-image-preview:large","max-video-preview":"max-video-preview:-1"},"canonical":"https:\/\/www.bellunopress.it\/fr\/2023\/12\/08\/pista-da-bob-decida-il-cio-le-associazioni-scrivono-al-comitato-olimpico-internazionale\/","og_locale":"fr_FR","og_type":"article","og_title":"Pista da bob: decida il Cio. Le associazioni scrivono al Comitato olimpico internazionale - Bellunopress - Dolomiti","og_description":"La questione della pista di bob per i Giochi Olimpici del 2026 sta diventando sempre pi\u00f9 imbarazzante per il nostro Paese. La battaglia ha assunto toni esclusivamente politici, in un clima di confusione, approssimazione, cambi di idee continui nonostante i Giochi siano sempre pi\u00f9 vicini; lo sport non c&#8217;entra pi\u00f9 niente. Per questo ci appelliamo [&hellip;]","og_url":"https:\/\/www.bellunopress.it\/fr\/2023\/12\/08\/pista-da-bob-decida-il-cio-le-associazioni-scrivono-al-comitato-olimpico-internazionale\/","og_site_name":"Bellunopress - Dolomiti","article_publisher":"https:\/\/www.facebook.com\/profile.php?id=100008943462799","article_published_time":"2023-12-08T10:37:04+00:00","article_modified_time":"2023-12-08T17:43:59+00:00","og_image":[{"width":775,"height":529,"url":"https:\/\/www.bellunopress.it\/wp-content\/uploads\/2022\/08\/Cortina-manifestazione-20-agosto-pista-bob_edited.jpg","type":"image\/jpeg"}],"author":"redazione","twitter_card":"summary_large_image","twitter_creator":"@bellunopress","twitter_site":"@bellunopress","twitter_misc":{"\u00c9crit par":"redazione","Dur\u00e9e de lecture estim\u00e9e":"3 minutes"},"schema":{"@context":"https:\/\/schema.org","@graph":[{"@type":"Article","@id":"https:\/\/www.bellunopress.it\/2023\/12\/08\/pista-da-bob-decida-il-cio-le-associazioni-scrivono-al-comitato-olimpico-internazionale\/#article","isPartOf":{"@id":"https:\/\/www.bellunopress.it\/2023\/12\/08\/pista-da-bob-decida-il-cio-le-associazioni-scrivono-al-comitato-olimpico-internazionale\/"},"author":{"name":"redazione","@id":"https:\/\/www.bellunopress.it\/#\/schema\/person\/79bb06722b37ece1c03d3e94beb30d73"},"headline":"Pista da bob: decida il Cio. Le associazioni scrivono al Comitato olimpico internazionale","datePublished":"2023-12-08T10:37:04+00:00","dateModified":"2023-12-08T17:43:59+00:00","mainEntityOfPage":{"@id":"https:\/\/www.bellunopress.it\/2023\/12\/08\/pista-da-bob-decida-il-cio-le-associazioni-scrivono-al-comitato-olimpico-internazionale\/"},"wordCount":676,"publisher":{"@id":"https:\/\/www.bellunopress.it\/#organization"},"image":{"@id":"https:\/\/www.bellunopress.it\/2023\/12\/08\/pista-da-bob-decida-il-cio-le-associazioni-scrivono-al-comitato-olimpico-internazionale\/#primaryimage"},"thumbnailUrl":"https:\/\/www.bellunopress.it\/wp-content\/uploads\/2022\/08\/Cortina-manifestazione-20-agosto-pista-bob_edited.jpg","articleSection":["Featured","Prima Pagina","Societ\u00e0, Associazioni, Istituzioni","Sport, tempo libero"],"inLanguage":"fr-FR"},{"@type":"WebPage","@id":"https:\/\/www.bellunopress.it\/2023\/12\/08\/pista-da-bob-decida-il-cio-le-associazioni-scrivono-al-comitato-olimpico-internazionale\/","url":"https:\/\/www.bellunopress.it\/2023\/12\/08\/pista-da-bob-decida-il-cio-le-associazioni-scrivono-al-comitato-olimpico-internazionale\/","name":"Pista da bob: decida il Cio. Le associazioni scrivono al Comitato olimpico internazionale - Bellunopress - Dolomiti","isPartOf":{"@id":"https:\/\/www.bellunopress.it\/#website"},"primaryImageOfPage":{"@id":"https:\/\/www.bellunopress.it\/2023\/12\/08\/pista-da-bob-decida-il-cio-le-associazioni-scrivono-al-comitato-olimpico-internazionale\/#primaryimage"},"image":{"@id":"https:\/\/www.bellunopress.it\/2023\/12\/08\/pista-da-bob-decida-il-cio-le-associazioni-scrivono-al-comitato-olimpico-internazionale\/#primaryimage"},"thumbnailUrl":"https:\/\/www.bellunopress.it\/wp-content\/uploads\/2022\/08\/Cortina-manifestazione-20-agosto-pista-bob_edited.jpg","datePublished":"2023-12-08T10:37:04+00:00","dateModified":"2023-12-08T17:43:59+00:00","breadcrumb":{"@id":"https:\/\/www.bellunopress.it\/2023\/12\/08\/pista-da-bob-decida-il-cio-le-associazioni-scrivono-al-comitato-olimpico-internazionale\/#breadcrumb"},"inLanguage":"fr-FR","potentialAction":[{"@type":"ReadAction","target":["https:\/\/www.bellunopress.it\/2023\/12\/08\/pista-da-bob-decida-il-cio-le-associazioni-scrivono-al-comitato-olimpico-internazionale\/"]}]},{"@type":"ImageObject","inLanguage":"fr-FR","@id":"https:\/\/www.bellunopress.it\/2023\/12\/08\/pista-da-bob-decida-il-cio-le-associazioni-scrivono-al-comitato-olimpico-internazionale\/#primaryimage","url":"https:\/\/www.bellunopress.it\/wp-content\/uploads\/2022\/08\/Cortina-manifestazione-20-agosto-pista-bob_edited.jpg","contentUrl":"https:\/\/www.bellunopress.it\/wp-content\/uploads\/2022\/08\/Cortina-manifestazione-20-agosto-pista-bob_edited.jpg","width":775,"height":529,"caption":"Cortina manifestazione del 20 agosto 2022 contro la nuova pista da bob"},{"@type":"BreadcrumbList","@id":"https:\/\/www.bellunopress.it\/2023\/12\/08\/pista-da-bob-decida-il-cio-le-associazioni-scrivono-al-comitato-olimpico-internazionale\/#breadcrumb","itemListElement":[{"@type":"ListItem","position":1,"name":"Home","item":"https:\/\/www.bellunopress.it\/"},{"@type":"ListItem","position":2,"name":"Pista da bob: decida il Cio. Le associazioni scrivono al Comitato olimpico internazionale"}]},{"@type":"WebSite","@id":"https:\/\/www.bellunopress.it\/#website","url":"https:\/\/www.bellunopress.it\/","name":"Bellunopress - Dolomiti","description":"e-mail: redazione@bellunopress.it","publisher":{"@id":"https:\/\/www.bellunopress.it\/#organization"},"potentialAction":[{"@type":"SearchAction","target":{"@type":"EntryPoint","urlTemplate":"https:\/\/www.bellunopress.it\/?s={search_term_string}"},"query-input":{"@type":"PropertyValueSpecification","valueRequired":true,"valueName":"search_term_string"}}],"inLanguage":"fr-FR"},{"@type":"Organization","@id":"https:\/\/www.bellunopress.it\/#organization","name":"Bellunopress","url":"https:\/\/www.bellunopress.it\/","logo":{"@type":"ImageObject","inLanguage":"fr-FR","@id":"https:\/\/www.bellunopress.it\/#\/schema\/logo\/image\/","url":"https:\/\/www.bellunopress.it\/wp-content\/uploads\/2011\/05\/cropped-logo-bellunopress-.jpg","contentUrl":"https:\/\/www.bellunopress.it\/wp-content\/uploads\/2011\/05\/cropped-logo-bellunopress-.jpg","width":512,"height":512,"caption":"Bellunopress"},"image":{"@id":"https:\/\/www.bellunopress.it\/#\/schema\/logo\/image\/"},"sameAs":["https:\/\/www.facebook.com\/profile.php?id=100008943462799","https:\/\/x.com\/bellunopress","https:\/\/www.linkedin.com\/hp\/?dnr=JBzUWaJfMUw8vbXJJ2tVW5-I3jZKvC4wsoxE&amp;amp;amp;amp;amp;amp;trk=nav_responsive_tab_home","https:\/\/www.youtube.com\/channel\/UCxL0wu1uN0_3_7hGG0306cw"]},{"@type":"Person","@id":"https:\/\/www.bellunopress.it\/#\/schema\/person\/79bb06722b37ece1c03d3e94beb30d73","name":"r\u00e9daction","image":{"@type":"ImageObject","inLanguage":"fr-FR","@id":"https:\/\/secure.gravatar.com\/avatar\/37d968a2e67a6fd04c169c4bdef102d0bc5d31b2546345219e348575eb80e9a0?s=96&d=mm&r=g","url":"https:\/\/secure.gravatar.com\/avatar\/37d968a2e67a6fd04c169c4bdef102d0bc5d31b2546345219e348575eb80e9a0?s=96&d=mm&r=g","contentUrl":"https:\/\/secure.gravatar.com\/avatar\/37d968a2e67a6fd04c169c4bdef102d0bc5d31b2546345219e348575eb80e9a0?s=96&d=mm&r=g","caption":"redazione"},"sameAs":["http:\/\/www.bellunopress.it","https:\/\/x.com\/bellunopress"],"url":"https:\/\/www.bellunopress.it\/fr\/author\/redazione\/"}]}},"_links":{"self":[{"href":"https:\/\/www.bellunopress.it\/fr\/wp-json\/wp\/v2\/posts\/146590","targetHints":{"allow":["GET"]}}],"collection":[{"href":"https:\/\/www.bellunopress.it\/fr\/wp-json\/wp\/v2\/posts"}],"about":[{"href":"https:\/\/www.bellunopress.it\/fr\/wp-json\/wp\/v2\/types\/post"}],"author":[{"embeddable":true,"href":"https:\/\/www.bellunopress.it\/fr\/wp-json\/wp\/v2\/users\/2"}],"replies":[{"embeddable":true,"href":"https:\/\/www.bellunopress.it\/fr\/wp-json\/wp\/v2\/comments?post=146590"}],"version-history":[{"count":1,"href":"https:\/\/www.bellunopress.it\/fr\/wp-json\/wp\/v2\/posts\/146590\/revisions"}],"predecessor-version":[{"id":146591,"href":"https:\/\/www.bellunopress.it\/fr\/wp-json\/wp\/v2\/posts\/146590\/revisions\/146591"}],"wp:featuredmedia":[{"embeddable":true,"href":"https:\/\/www.bellunopress.it\/fr\/wp-json\/wp\/v2\/media\/136068"}],"wp:attachment":[{"href":"https:\/\/www.bellunopress.it\/fr\/wp-json\/wp\/v2\/media?parent=146590"}],"wp:term":[{"taxonomy":"category","embeddable":true,"href":"https:\/\/www.bellunopress.it\/fr\/wp-json\/wp\/v2\/categories?post=146590"},{"taxonomy":"post_tag","embeddable":true,"href":"https:\/\/www.bellunopress.it\/fr\/wp-json\/wp\/v2\/tags?post=146590"}],"curies":[{"name":"wp","href":"https:\/\/api.w.org\/{rel}","templated":true}]}}