{"id":146561,"date":"2023-12-07T16:30:11","date_gmt":"2023-12-07T15:30:11","guid":{"rendered":"https:\/\/www.bellunopress.it\/?p=146561"},"modified":"2023-12-07T16:30:11","modified_gmt":"2023-12-07T15:30:11","slug":"al-via-la-coppa-del-mondo-di-ski-cross","status":"publish","type":"post","link":"https:\/\/www.bellunopress.it\/fr\/2023\/12\/07\/al-via-la-coppa-del-mondo-di-ski-cross\/","title":{"rendered":"Al via la Coppa del Mondo di Ski Cross"},"content":{"rendered":"<p>&nbsp;<\/p>\n<figure id=\"attachment_146562\" aria-describedby=\"caption-attachment-146562\" style=\"width: 1000px\" class=\"wp-caption alignleft\"><img loading=\"lazy\" decoding=\"async\" class=\"size-full wp-image-146562\" src=\"https:\/\/www.bellunopress.it\/wp-content\/uploads\/2023\/12\/TOMASONI_Federico_Pentaphoto_176185_edited.jpg\" alt=\"\" width=\"1000\" height=\"666\" srcset=\"https:\/\/www.bellunopress.it\/wp-content\/uploads\/2023\/12\/TOMASONI_Federico_Pentaphoto_176185_edited.jpg 1000w, https:\/\/www.bellunopress.it\/wp-content\/uploads\/2023\/12\/TOMASONI_Federico_Pentaphoto_176185_edited-500x333.jpg 500w, https:\/\/www.bellunopress.it\/wp-content\/uploads\/2023\/12\/TOMASONI_Federico_Pentaphoto_176185_edited-696x464.jpg 696w\" sizes=\"auto, (max-width: 1000px) 100vw, 1000px\" \/><figcaption id=\"caption-attachment-146562\" class=\"wp-caption-text\">Ski Cross World Championships BAKURIANI 2023 &#8211; TOMASONI Federico (ITA)<br \/>Bakuriani, Georgia, 24\/02\/2023 photo:Pentaphoto<\/figcaption><\/figure>\n<p><em><strong>Il comprensorio sciistico Ski Civetta si prepara alla Coppa del Mondo di Ski Cross<\/strong><\/em><\/p>\n<p>Da questo weekend aperte le piste \u201cdi Coppa\u201d e attivi tutti i collegamenti fra le stazioni<br \/>\nBartolomeo Pala, direttore tecnico azzurro: \u201cChe meraviglia correre ad Alleghe\u201d<br \/>\nL\u2019organizzazione dell\u2019evento continua a pieno ritmo e il comitato non pu\u00f2 che essere entusiasta<\/p>\n<p>Cominciano questo fine settimana gli imperdibili appuntamenti della Coppa del Mondo di Ski Cross che saranno seguiti con pi\u00f9 interesse del solito dalle parti di Alleghe, con la ridente localit\u00e0 delle Dolomiti Bellunesi che avr\u00e0 l\u2019onore e l\u2019onere di ospitare per la prima volta una tappa della massima rassegna internazionale durante questa stagione sportiva. In scena nel fine settimana del 2 e 3 febbraio 2024 le gare di Coppa nel comprensorio sciistico Ski Civetta che mentre attende di avere tutti i riflettori del mondo puntati addosso si prepara ad aprire le sue piste di sci alpino.<\/p>\n<p>Attesa per sabato 9 dicembre l\u2019apertura dei principali impianti del comprensorio, con i collegamenti di Alleghe a Selva di Cadore e Palafavera gi\u00e0 attivi, con le piste aperte di Pian dei Sec e Col Fioret a garantire fin dai primi giorni della stagione un\u2019offerta di piste imbattibile e percorsi strepitosi. Le piste sono pronte ad accogliere turisti e appassionati che affolleranno il rinomato comprensorio, che rientra nel prestigioso carosello di Dolomiti Superski, per il ponte dell\u2019Immacolata. Le piste Pelmo e Baldi saranno le protagoniste del tracciato di Coppa del Mondo che in poco pi\u00f9 di un km di lunghezza conter\u00e0 ben 200mt di dislivello e una serie infinita di emozioni.<\/p>\n<p>Sono zone che conosce molto bene Bartolomeo Pala, il direttore tecnico della nazionale italiana dei \u201cCavalli\u201d, il soprannome dei nostri skicrossisti. \u201cSiamo molto felici dell\u2019ingresso di Alleghe nel calendario di Coppa! Abbiamo vissuto da vicino i passaggi e gli sforzi che hanno portato questa localit\u00e0 a raggiungere la massima rassegna, e siamo davvero molto contenti. Corriamo a San Candido da 15 anni ormai e aggiungere un\u2019altra tappa italiana al calendario \u00e8 bellissimo. Con la Svizzera, siamo le uniche nazioni ad avere due eventi nel circuito di Coppa ed \u00e8 qualcosa di veramente importante per tutto il movimento, oltre a essere uno stimolo a fare di pi\u00f9 per tutti\u201d.<\/p>\n<p>L\u2019entusiasmo \u00e8 alle stelle e il comitato organizzatore (Alleghe Funivie Spa, Sci Club Alleghe e Comune di Alleghe) e il suoi partner stanno mandando avanti a pieno ritmo i lavori di preparazione all\u2019evento clou della stagione in un comprensorio dinamico e frizzante come quello di Ski Civetta dove non mancano mai i momenti di intrattenimento fra Apres-Ski, Dj-Set sulla neve e iniziative per le famiglie e i bambini. Proprio per sabato 9 \u00e8 in programma alle 13 ai Piani di Pezz\u00e8 la presentazione del nuovo singolo e album \u201cApr\u00e8s-ski\u201d del gruppo punk rock Rumatera.<\/p>\n<p>La stagione di Ski Cross World Cup \u00e8 cominciata, il suo passaggio dal paradiso \u201cdolomitico\u201d di Alleghe non tarder\u00e0 ad arrivare\u2026<\/p>","protected":false},"excerpt":{"rendered":"<p>&nbsp; Il comprensorio sciistico Ski Civetta si prepara alla Coppa del Mondo di Ski Cross Da questo weekend aperte le piste \u201cdi Coppa\u201d e attivi tutti i collegamenti fra le stazioni Bartolomeo Pala, direttore tecnico azzurro: \u201cChe meraviglia correre ad Alleghe\u201d L\u2019organizzazione dell\u2019evento continua a pieno ritmo e il comitato non pu\u00f2 che essere entusiasta [&hellip;]<\/p>\n","protected":false},"author":2,"featured_media":146563,"comment_status":"closed","ping_status":"open","sticky":false,"template":"","format":"standard","meta":{"footnotes":""},"categories":[26,4],"tags":[],"class_list":["post-146561","post","type-post","status-publish","format-standard","has-post-thumbnail","category-prima-pagina","category-sport"],"yoast_head":"<!-- This site is optimized with the Yoast SEO plugin v28.4 - https:\/\/yoast.com\/product\/yoast-seo-wordpress\/ -->\n<title>Al via la Coppa del Mondo di Ski Cross - Bellunopress - Dolomiti<\/title>\n<meta name=\"robots\" content=\"index, follow, max-snippet:-1, max-image-preview:large, max-video-preview:-1\" \/>\n<link rel=\"canonical\" href=\"https:\/\/www.bellunopress.it\/fr\/2023\/12\/07\/al-via-la-coppa-del-mondo-di-ski-cross\/\" \/>\n<meta property=\"og:locale\" content=\"fr_FR\" \/>\n<meta property=\"og:type\" content=\"article\" \/>\n<meta property=\"og:title\" content=\"Al via la Coppa del Mondo di Ski Cross - Bellunopress - Dolomiti\" \/>\n<meta property=\"og:description\" content=\"&nbsp; Il comprensorio sciistico Ski Civetta si prepara alla Coppa del Mondo di Ski Cross Da questo weekend aperte le piste \u201cdi Coppa\u201d e attivi tutti i collegamenti fra le stazioni Bartolomeo Pala, direttore tecnico azzurro: \u201cChe meraviglia correre ad Alleghe\u201d L\u2019organizzazione dell\u2019evento continua a pieno ritmo e il comitato non pu\u00f2 che essere entusiasta [&hellip;]\" \/>\n<meta property=\"og:url\" content=\"https:\/\/www.bellunopress.it\/fr\/2023\/12\/07\/al-via-la-coppa-del-mondo-di-ski-cross\/\" \/>\n<meta property=\"og:site_name\" content=\"Bellunopress - Dolomiti\" \/>\n<meta property=\"article:publisher\" content=\"https:\/\/www.facebook.com\/profile.php?id=100008943462799\" \/>\n<meta property=\"article:published_time\" content=\"2023-12-07T15:30:11+00:00\" \/>\n<meta property=\"og:image\" content=\"https:\/\/www.bellunopress.it\/wp-content\/uploads\/2023\/12\/Alleghe-Piste-04_edited.jpg\" \/>\n\t<meta property=\"og:image:width\" content=\"1000\" \/>\n\t<meta property=\"og:image:height\" content=\"638\" \/>\n\t<meta property=\"og:image:type\" content=\"image\/jpeg\" \/>\n<meta name=\"author\" content=\"redazione\" \/>\n<meta name=\"twitter:card\" content=\"summary_large_image\" \/>\n<meta name=\"twitter:creator\" content=\"@bellunopress\" \/>\n<meta name=\"twitter:site\" content=\"@bellunopress\" \/>\n<meta name=\"twitter:label1\" content=\"\u00c9crit par\" \/>\n\t<meta name=\"twitter:data1\" content=\"redazione\" \/>\n\t<meta name=\"twitter:label2\" content=\"Dur\u00e9e de lecture estim\u00e9e\" \/>\n\t<meta name=\"twitter:data2\" content=\"3 minutes\" \/>\n<script type=\"application\/ld+json\" class=\"yoast-schema-graph\">{\"@context\":\"https:\\\/\\\/schema.org\",\"@graph\":[{\"@type\":\"Article\",\"@id\":\"https:\\\/\\\/www.bellunopress.it\\\/2023\\\/12\\\/07\\\/al-via-la-coppa-del-mondo-di-ski-cross\\\/#article\",\"isPartOf\":{\"@id\":\"https:\\\/\\\/www.bellunopress.it\\\/2023\\\/12\\\/07\\\/al-via-la-coppa-del-mondo-di-ski-cross\\\/\"},\"author\":{\"name\":\"redazione\",\"@id\":\"https:\\\/\\\/www.bellunopress.it\\\/#\\\/schema\\\/person\\\/79bb06722b37ece1c03d3e94beb30d73\"},\"headline\":\"Al via la Coppa del Mondo di Ski Cross\",\"datePublished\":\"2023-12-07T15:30:11+00:00\",\"mainEntityOfPage\":{\"@id\":\"https:\\\/\\\/www.bellunopress.it\\\/2023\\\/12\\\/07\\\/al-via-la-coppa-del-mondo-di-ski-cross\\\/\"},\"wordCount\":513,\"publisher\":{\"@id\":\"https:\\\/\\\/www.bellunopress.it\\\/#organization\"},\"image\":{\"@id\":\"https:\\\/\\\/www.bellunopress.it\\\/2023\\\/12\\\/07\\\/al-via-la-coppa-del-mondo-di-ski-cross\\\/#primaryimage\"},\"thumbnailUrl\":\"https:\\\/\\\/www.bellunopress.it\\\/wp-content\\\/uploads\\\/2023\\\/12\\\/Alleghe-Piste-04_edited.jpg\",\"articleSection\":[\"Prima Pagina\",\"Sport, tempo libero\"],\"inLanguage\":\"fr-FR\"},{\"@type\":\"WebPage\",\"@id\":\"https:\\\/\\\/www.bellunopress.it\\\/2023\\\/12\\\/07\\\/al-via-la-coppa-del-mondo-di-ski-cross\\\/\",\"url\":\"https:\\\/\\\/www.bellunopress.it\\\/2023\\\/12\\\/07\\\/al-via-la-coppa-del-mondo-di-ski-cross\\\/\",\"name\":\"Al via la Coppa del Mondo di Ski Cross - Bellunopress - Dolomiti\",\"isPartOf\":{\"@id\":\"https:\\\/\\\/www.bellunopress.it\\\/#website\"},\"primaryImageOfPage\":{\"@id\":\"https:\\\/\\\/www.bellunopress.it\\\/2023\\\/12\\\/07\\\/al-via-la-coppa-del-mondo-di-ski-cross\\\/#primaryimage\"},\"image\":{\"@id\":\"https:\\\/\\\/www.bellunopress.it\\\/2023\\\/12\\\/07\\\/al-via-la-coppa-del-mondo-di-ski-cross\\\/#primaryimage\"},\"thumbnailUrl\":\"https:\\\/\\\/www.bellunopress.it\\\/wp-content\\\/uploads\\\/2023\\\/12\\\/Alleghe-Piste-04_edited.jpg\",\"datePublished\":\"2023-12-07T15:30:11+00:00\",\"breadcrumb\":{\"@id\":\"https:\\\/\\\/www.bellunopress.it\\\/2023\\\/12\\\/07\\\/al-via-la-coppa-del-mondo-di-ski-cross\\\/#breadcrumb\"},\"inLanguage\":\"fr-FR\",\"potentialAction\":[{\"@type\":\"ReadAction\",\"target\":[\"https:\\\/\\\/www.bellunopress.it\\\/2023\\\/12\\\/07\\\/al-via-la-coppa-del-mondo-di-ski-cross\\\/\"]}]},{\"@type\":\"ImageObject\",\"inLanguage\":\"fr-FR\",\"@id\":\"https:\\\/\\\/www.bellunopress.it\\\/2023\\\/12\\\/07\\\/al-via-la-coppa-del-mondo-di-ski-cross\\\/#primaryimage\",\"url\":\"https:\\\/\\\/www.bellunopress.it\\\/wp-content\\\/uploads\\\/2023\\\/12\\\/Alleghe-Piste-04_edited.jpg\",\"contentUrl\":\"https:\\\/\\\/www.bellunopress.it\\\/wp-content\\\/uploads\\\/2023\\\/12\\\/Alleghe-Piste-04_edited.jpg\",\"width\":1000,\"height\":638},{\"@type\":\"BreadcrumbList\",\"@id\":\"https:\\\/\\\/www.bellunopress.it\\\/2023\\\/12\\\/07\\\/al-via-la-coppa-del-mondo-di-ski-cross\\\/#breadcrumb\",\"itemListElement\":[{\"@type\":\"ListItem\",\"position\":1,\"name\":\"Home\",\"item\":\"https:\\\/\\\/www.bellunopress.it\\\/\"},{\"@type\":\"ListItem\",\"position\":2,\"name\":\"Al via la Coppa del Mondo di Ski Cross\"}]},{\"@type\":\"WebSite\",\"@id\":\"https:\\\/\\\/www.bellunopress.it\\\/#website\",\"url\":\"https:\\\/\\\/www.bellunopress.it\\\/\",\"name\":\"Bellunopress - Dolomiti\",\"description\":\"e-mail: redazione@bellunopress.it\",\"publisher\":{\"@id\":\"https:\\\/\\\/www.bellunopress.it\\\/#organization\"},\"potentialAction\":[{\"@type\":\"SearchAction\",\"target\":{\"@type\":\"EntryPoint\",\"urlTemplate\":\"https:\\\/\\\/www.bellunopress.it\\\/?s={search_term_string}\"},\"query-input\":{\"@type\":\"PropertyValueSpecification\",\"valueRequired\":true,\"valueName\":\"search_term_string\"}}],\"inLanguage\":\"fr-FR\"},{\"@type\":\"Organization\",\"@id\":\"https:\\\/\\\/www.bellunopress.it\\\/#organization\",\"name\":\"Bellunopress\",\"url\":\"https:\\\/\\\/www.bellunopress.it\\\/\",\"logo\":{\"@type\":\"ImageObject\",\"inLanguage\":\"fr-FR\",\"@id\":\"https:\\\/\\\/www.bellunopress.it\\\/#\\\/schema\\\/logo\\\/image\\\/\",\"url\":\"https:\\\/\\\/www.bellunopress.it\\\/wp-content\\\/uploads\\\/2011\\\/05\\\/cropped-logo-bellunopress-.jpg\",\"contentUrl\":\"https:\\\/\\\/www.bellunopress.it\\\/wp-content\\\/uploads\\\/2011\\\/05\\\/cropped-logo-bellunopress-.jpg\",\"width\":512,\"height\":512,\"caption\":\"Bellunopress\"},\"image\":{\"@id\":\"https:\\\/\\\/www.bellunopress.it\\\/#\\\/schema\\\/logo\\\/image\\\/\"},\"sameAs\":[\"https:\\\/\\\/www.facebook.com\\\/profile.php?id=100008943462799\",\"https:\\\/\\\/x.com\\\/bellunopress\",\"https:\\\/\\\/www.linkedin.com\\\/hp\\\/?dnr=JBzUWaJfMUw8vbXJJ2tVW5-I3jZKvC4wsoxE&amp;amp;amp;amp;amp;amp;trk=nav_responsive_tab_home\",\"https:\\\/\\\/www.youtube.com\\\/channel\\\/UCxL0wu1uN0_3_7hGG0306cw\"]},{\"@type\":\"Person\",\"@id\":\"https:\\\/\\\/www.bellunopress.it\\\/#\\\/schema\\\/person\\\/79bb06722b37ece1c03d3e94beb30d73\",\"name\":\"redazione\",\"image\":{\"@type\":\"ImageObject\",\"inLanguage\":\"fr-FR\",\"@id\":\"https:\\\/\\\/secure.gravatar.com\\\/avatar\\\/37d968a2e67a6fd04c169c4bdef102d0bc5d31b2546345219e348575eb80e9a0?s=96&d=mm&r=g\",\"url\":\"https:\\\/\\\/secure.gravatar.com\\\/avatar\\\/37d968a2e67a6fd04c169c4bdef102d0bc5d31b2546345219e348575eb80e9a0?s=96&d=mm&r=g\",\"contentUrl\":\"https:\\\/\\\/secure.gravatar.com\\\/avatar\\\/37d968a2e67a6fd04c169c4bdef102d0bc5d31b2546345219e348575eb80e9a0?s=96&d=mm&r=g\",\"caption\":\"redazione\"},\"sameAs\":[\"http:\\\/\\\/www.bellunopress.it\",\"https:\\\/\\\/x.com\\\/bellunopress\"],\"url\":\"https:\\\/\\\/www.bellunopress.it\\\/fr\\\/author\\\/redazione\\\/\"}]}<\/script>\n<!-- \/ Yoast SEO plugin. -->","yoast_head_json":{"title":"Al via la Coppa del Mondo di Ski Cross - Bellunopress - Dolomiti","robots":{"index":"index","follow":"follow","max-snippet":"max-snippet:-1","max-image-preview":"max-image-preview:large","max-video-preview":"max-video-preview:-1"},"canonical":"https:\/\/www.bellunopress.it\/fr\/2023\/12\/07\/al-via-la-coppa-del-mondo-di-ski-cross\/","og_locale":"fr_FR","og_type":"article","og_title":"Al via la Coppa del Mondo di Ski Cross - Bellunopress - Dolomiti","og_description":"&nbsp; Il comprensorio sciistico Ski Civetta si prepara alla Coppa del Mondo di Ski Cross Da questo weekend aperte le piste \u201cdi Coppa\u201d e attivi tutti i collegamenti fra le stazioni Bartolomeo Pala, direttore tecnico azzurro: \u201cChe meraviglia correre ad Alleghe\u201d L\u2019organizzazione dell\u2019evento continua a pieno ritmo e il comitato non pu\u00f2 che essere entusiasta [&hellip;]","og_url":"https:\/\/www.bellunopress.it\/fr\/2023\/12\/07\/al-via-la-coppa-del-mondo-di-ski-cross\/","og_site_name":"Bellunopress - Dolomiti","article_publisher":"https:\/\/www.facebook.com\/profile.php?id=100008943462799","article_published_time":"2023-12-07T15:30:11+00:00","og_image":[{"width":1000,"height":638,"url":"https:\/\/www.bellunopress.it\/wp-content\/uploads\/2023\/12\/Alleghe-Piste-04_edited.jpg","type":"image\/jpeg"}],"author":"redazione","twitter_card":"summary_large_image","twitter_creator":"@bellunopress","twitter_site":"@bellunopress","twitter_misc":{"\u00c9crit par":"redazione","Dur\u00e9e de lecture estim\u00e9e":"3 minutes"},"schema":{"@context":"https:\/\/schema.org","@graph":[{"@type":"Article","@id":"https:\/\/www.bellunopress.it\/2023\/12\/07\/al-via-la-coppa-del-mondo-di-ski-cross\/#article","isPartOf":{"@id":"https:\/\/www.bellunopress.it\/2023\/12\/07\/al-via-la-coppa-del-mondo-di-ski-cross\/"},"author":{"name":"redazione","@id":"https:\/\/www.bellunopress.it\/#\/schema\/person\/79bb06722b37ece1c03d3e94beb30d73"},"headline":"Al via la Coppa del Mondo di Ski Cross","datePublished":"2023-12-07T15:30:11+00:00","mainEntityOfPage":{"@id":"https:\/\/www.bellunopress.it\/2023\/12\/07\/al-via-la-coppa-del-mondo-di-ski-cross\/"},"wordCount":513,"publisher":{"@id":"https:\/\/www.bellunopress.it\/#organization"},"image":{"@id":"https:\/\/www.bellunopress.it\/2023\/12\/07\/al-via-la-coppa-del-mondo-di-ski-cross\/#primaryimage"},"thumbnailUrl":"https:\/\/www.bellunopress.it\/wp-content\/uploads\/2023\/12\/Alleghe-Piste-04_edited.jpg","articleSection":["Prima Pagina","Sport, tempo libero"],"inLanguage":"fr-FR"},{"@type":"WebPage","@id":"https:\/\/www.bellunopress.it\/2023\/12\/07\/al-via-la-coppa-del-mondo-di-ski-cross\/","url":"https:\/\/www.bellunopress.it\/2023\/12\/07\/al-via-la-coppa-del-mondo-di-ski-cross\/","name":"Al via la Coppa del Mondo di Ski Cross - Bellunopress - Dolomiti","isPartOf":{"@id":"https:\/\/www.bellunopress.it\/#website"},"primaryImageOfPage":{"@id":"https:\/\/www.bellunopress.it\/2023\/12\/07\/al-via-la-coppa-del-mondo-di-ski-cross\/#primaryimage"},"image":{"@id":"https:\/\/www.bellunopress.it\/2023\/12\/07\/al-via-la-coppa-del-mondo-di-ski-cross\/#primaryimage"},"thumbnailUrl":"https:\/\/www.bellunopress.it\/wp-content\/uploads\/2023\/12\/Alleghe-Piste-04_edited.jpg","datePublished":"2023-12-07T15:30:11+00:00","breadcrumb":{"@id":"https:\/\/www.bellunopress.it\/2023\/12\/07\/al-via-la-coppa-del-mondo-di-ski-cross\/#breadcrumb"},"inLanguage":"fr-FR","potentialAction":[{"@type":"ReadAction","target":["https:\/\/www.bellunopress.it\/2023\/12\/07\/al-via-la-coppa-del-mondo-di-ski-cross\/"]}]},{"@type":"ImageObject","inLanguage":"fr-FR","@id":"https:\/\/www.bellunopress.it\/2023\/12\/07\/al-via-la-coppa-del-mondo-di-ski-cross\/#primaryimage","url":"https:\/\/www.bellunopress.it\/wp-content\/uploads\/2023\/12\/Alleghe-Piste-04_edited.jpg","contentUrl":"https:\/\/www.bellunopress.it\/wp-content\/uploads\/2023\/12\/Alleghe-Piste-04_edited.jpg","width":1000,"height":638},{"@type":"BreadcrumbList","@id":"https:\/\/www.bellunopress.it\/2023\/12\/07\/al-via-la-coppa-del-mondo-di-ski-cross\/#breadcrumb","itemListElement":[{"@type":"ListItem","position":1,"name":"Home","item":"https:\/\/www.bellunopress.it\/"},{"@type":"ListItem","position":2,"name":"Al via la Coppa del Mondo di Ski Cross"}]},{"@type":"WebSite","@id":"https:\/\/www.bellunopress.it\/#website","url":"https:\/\/www.bellunopress.it\/","name":"Bellunopress - Dolomiti","description":"e-mail: redazione@bellunopress.it","publisher":{"@id":"https:\/\/www.bellunopress.it\/#organization"},"potentialAction":[{"@type":"SearchAction","target":{"@type":"EntryPoint","urlTemplate":"https:\/\/www.bellunopress.it\/?s={search_term_string}"},"query-input":{"@type":"PropertyValueSpecification","valueRequired":true,"valueName":"search_term_string"}}],"inLanguage":"fr-FR"},{"@type":"Organization","@id":"https:\/\/www.bellunopress.it\/#organization","name":"Bellunopress","url":"https:\/\/www.bellunopress.it\/","logo":{"@type":"ImageObject","inLanguage":"fr-FR","@id":"https:\/\/www.bellunopress.it\/#\/schema\/logo\/image\/","url":"https:\/\/www.bellunopress.it\/wp-content\/uploads\/2011\/05\/cropped-logo-bellunopress-.jpg","contentUrl":"https:\/\/www.bellunopress.it\/wp-content\/uploads\/2011\/05\/cropped-logo-bellunopress-.jpg","width":512,"height":512,"caption":"Bellunopress"},"image":{"@id":"https:\/\/www.bellunopress.it\/#\/schema\/logo\/image\/"},"sameAs":["https:\/\/www.facebook.com\/profile.php?id=100008943462799","https:\/\/x.com\/bellunopress","https:\/\/www.linkedin.com\/hp\/?dnr=JBzUWaJfMUw8vbXJJ2tVW5-I3jZKvC4wsoxE&amp;amp;amp;amp;amp;amp;trk=nav_responsive_tab_home","https:\/\/www.youtube.com\/channel\/UCxL0wu1uN0_3_7hGG0306cw"]},{"@type":"Person","@id":"https:\/\/www.bellunopress.it\/#\/schema\/person\/79bb06722b37ece1c03d3e94beb30d73","name":"r\u00e9daction","image":{"@type":"ImageObject","inLanguage":"fr-FR","@id":"https:\/\/secure.gravatar.com\/avatar\/37d968a2e67a6fd04c169c4bdef102d0bc5d31b2546345219e348575eb80e9a0?s=96&d=mm&r=g","url":"https:\/\/secure.gravatar.com\/avatar\/37d968a2e67a6fd04c169c4bdef102d0bc5d31b2546345219e348575eb80e9a0?s=96&d=mm&r=g","contentUrl":"https:\/\/secure.gravatar.com\/avatar\/37d968a2e67a6fd04c169c4bdef102d0bc5d31b2546345219e348575eb80e9a0?s=96&d=mm&r=g","caption":"redazione"},"sameAs":["http:\/\/www.bellunopress.it","https:\/\/x.com\/bellunopress"],"url":"https:\/\/www.bellunopress.it\/fr\/author\/redazione\/"}]}},"_links":{"self":[{"href":"https:\/\/www.bellunopress.it\/fr\/wp-json\/wp\/v2\/posts\/146561","targetHints":{"allow":["GET"]}}],"collection":[{"href":"https:\/\/www.bellunopress.it\/fr\/wp-json\/wp\/v2\/posts"}],"about":[{"href":"https:\/\/www.bellunopress.it\/fr\/wp-json\/wp\/v2\/types\/post"}],"author":[{"embeddable":true,"href":"https:\/\/www.bellunopress.it\/fr\/wp-json\/wp\/v2\/users\/2"}],"replies":[{"embeddable":true,"href":"https:\/\/www.bellunopress.it\/fr\/wp-json\/wp\/v2\/comments?post=146561"}],"version-history":[{"count":1,"href":"https:\/\/www.bellunopress.it\/fr\/wp-json\/wp\/v2\/posts\/146561\/revisions"}],"predecessor-version":[{"id":146564,"href":"https:\/\/www.bellunopress.it\/fr\/wp-json\/wp\/v2\/posts\/146561\/revisions\/146564"}],"wp:featuredmedia":[{"embeddable":true,"href":"https:\/\/www.bellunopress.it\/fr\/wp-json\/wp\/v2\/media\/146563"}],"wp:attachment":[{"href":"https:\/\/www.bellunopress.it\/fr\/wp-json\/wp\/v2\/media?parent=146561"}],"wp:term":[{"taxonomy":"category","embeddable":true,"href":"https:\/\/www.bellunopress.it\/fr\/wp-json\/wp\/v2\/categories?post=146561"},{"taxonomy":"post_tag","embeddable":true,"href":"https:\/\/www.bellunopress.it\/fr\/wp-json\/wp\/v2\/tags?post=146561"}],"curies":[{"name":"wp","href":"https:\/\/api.w.org\/{rel}","templated":true}]}}