{"id":146549,"date":"2023-12-07T11:25:29","date_gmt":"2023-12-07T10:25:29","guid":{"rendered":"https:\/\/www.bellunopress.it\/?p=146549"},"modified":"2023-12-07T11:25:29","modified_gmt":"2023-12-07T10:25:29","slug":"oltre-34-milioni-da-fondazione-cariverona-per-sostenere-13-progetti-230mila-euro-a-san-vito-di-cadore","status":"publish","type":"post","link":"https:\/\/www.bellunopress.it\/fr\/2023\/12\/07\/oltre-34-milioni-da-fondazione-cariverona-per-sostenere-13-progetti-230mila-euro-a-san-vito-di-cadore\/","title":{"rendered":"Oltre 3,4 milioni da Fondazione Cariverona per sostenere 13 progetti. 230mila euro a San Vito di Cadore"},"content":{"rendered":"<p><em><strong><img loading=\"lazy\" decoding=\"async\" class=\"alignleft size-full wp-image-138962\" src=\"https:\/\/www.bellunopress.it\/wp-content\/uploads\/2023\/01\/Fondazione-Cariverona_edited.jpg\" alt=\"\" width=\"1000\" height=\"297\" srcset=\"https:\/\/www.bellunopress.it\/wp-content\/uploads\/2023\/01\/Fondazione-Cariverona_edited.jpg 1000w, https:\/\/www.bellunopress.it\/wp-content\/uploads\/2023\/01\/Fondazione-Cariverona_edited-500x149.jpg 500w, https:\/\/www.bellunopress.it\/wp-content\/uploads\/2023\/01\/Fondazione-Cariverona_edited-696x207.jpg 696w\" sizes=\"auto, (max-width: 1000px) 100vw, 1000px\" \/>Con oltre 3,4 milioni di euro, Fondazione Cariverona sosterr\u00e0 13 progetti che mirano <\/strong><\/em><em><strong>a ripristinare la biodiversit\u00e0, proteggere gli ecosistemi e sviluppare aree verdi<\/strong><\/em><br \/>\n<em><strong>Dalle foreste urbane alla tutela degli habitat: cos\u00ec la natura d\u00e0 una mano all\u2019uomo nella lotta alla crisi climatica<\/strong><\/em><br \/>\n<em><strong>Nel Bellunese, il progetto P.A.L.\u00d9. ha l\u2019obiettivo di preservare il capitale naturale degli ambienti umidi alpini, salvaguardando torbiere, paludi e pozze<\/strong><\/em><\/p>\n<p>Secondo l\u2019ultimo rapporto Censis, la paura principale degli italiani \u00e8 rappresentata dal cambiamento climatico e dalle sue conseguenze. L\u201984% della popolazione ha infatti dichiarato di temere i disastri ambientali, una quota addirittura superiore a quella di chi si sente minacciato da una nuova crisi economica o dallo scoppio di una guerra. Dalle ondate di calore alle bombe d\u2019acqua, dal dissesto idrogeologico all\u2019inquinamento di aria e fiumi, i fatti di cronaca toccano orami da vicino la vita quotidiana dei cittadini, colonizzandone l\u2019immaginario collettivo. Lo studio nota che, di fronte a questa situazione, si corre il rischio di chiudere gli occhi sulla realt\u00e0, cadendo nella paralisi.<br \/>\nMa invertire questa tendenza \u00e8 possibile, a patto di prendere seriamente la crisi e di elaborare soluzioni concrete ai bisogni di territori feriti da un modello di sviluppo non pi\u00f9 sostenibile. \u00c8 ci\u00f2 che proveranno a fare i 13 progetti che Fondazione Cariverona ha deciso di supportare attraverso la prima edizione del bando Capitale naturale, di cui uno nel territorio di Belluno (6 a Vicenza, 3 a Verona, 2 ad Ancona, 1 a Mantova). Il Consiglio di amministrazione dell\u2019ente ha recentemente deliberato 3,44 milioni di euro &#8211; con un incremento del 25% rispetto a quanto inizialmente previsto &#8211; per sostenere iniziative essenziali per il futuro dei territori (di cui 230mila euro destinati a Belluno e provincia).<br \/>\nQueste azioni, innovative e tangibili, contribuiranno a combattere gli effetti del cambiamento climatico agendo, a livello locale, su tre ambiti: il contrasto alla perdita di biodiversit\u00e0 e la salvaguardia degli ecosistemi, lo sviluppo di nuove aree verdi nelle citt\u00e0 e nei contesti periurbani, l\u2019adozione di Nature-Based Solutions (ovvero soluzioni basate sulla gestione e l&#8217;uso sostenibile della natura). Ad accomunare le 13 proposte \u00e8 la volont\u00e0 di attivare processi dal basso che aiutino i territori non solo ad adattarsi alle conseguenze orami inevitabili della crisi, ma anche a mitigarne le pi\u00f9 gravi attraverso un miglior assorbimento di CO2.<br \/>\nTante le azioni messe in campo per raggiungere gli obiettivi: si va dalla creazione di foreste urbane alla tutela della biodiversit\u00e0 negli ambienti umidi alpini, dalla gestione sostenibile degli ecosistemi fluviali al miglioramento della permeabilit\u00e0 dei suoli. I progetti sono chiamati a produrre risultati concreti, in grado di lasciare il segno anche nel medio-lungo periodo, che verranno seguiti attraverso un\u2019attenta attivit\u00e0 di monitoraggio.<br \/>\nCome richiesto dal bando, a presentare le iniziative sono state partnership composte da attori pubblici e privati non profit. Favorire la creazione di sinergie e alleanze strategiche \u00e8, infatti, una delle priorit\u00e0 trasversali della Fondazione. Nasce dalla consapevolezza che le sfide attuali sono troppo complesse per essere affrontate separatamente e solo la collaborazione tra i principali attori del territorio pu\u00f2 portare ai risultati sperati.<br \/>\nGli interventi, che dovranno concludersi nell\u2019arco di tre anni, mirano a ripristinare il capitale naturale dando un nuovo volto ai territori. Dietro la crisi in atto, si nasconde infatti la preziosa opportunit\u00e0 di rendere citt\u00e0 e province non solo resilienti al cambiamento ma anche pi\u00f9 verdi e salubri, con una migliore qualit\u00e0 di vita. Il bando sostiene, quindi, una lotta per la bellezza che aiuta ad aprire gli occhi sulla realt\u00e0, a vincere le paure rilevate dal Censis e a passare all\u2019azione.<\/p>\n<p>&nbsp;<\/p>\n<p><strong>Il progetto sostenuto nel territorio di Belluno<\/strong><\/p>\n<p>Ente capofila: Universit\u00e0 degli Studi di Padova: Dipartimento del Territorio e Sistemi Agro Forestali e Centro Studi per l&#8217;Ambiente Alpino di San Vito di Cadore<br \/>\nProgetto: P.A.L.\u00d9. (Protezione degli Ambienti Lentici e Umidi)<br \/>\nContributo: 230mila euro<br \/>\nIl progetto P.A.L.\u00d9. ha l\u2019obiettivo di contrastare la perdita di biodiversit\u00e0 in atto negli ambienti umidi alpini, salvaguardando e ripristinando torbiere, paludi e pozze (habitat di molte specie di piante, anfibi e insetti) nella Provincia di Belluno. Le azioni includono la creazione di ambienti riproduttivi per anfibi e libellule, il ripristino dell\u2019assetto idraulico di un biotopo di risorgiva, la conservazione di importanti torbiere, il ripristino di pozze.<br \/>\nL\u2019impatto di tali azioni sul capitale naturale delle zone umide sar\u00e0 valutato grazie a specifici monitoraggi della biodiversit\u00e0 ante e post-operam. Contestualmente, la preparazione di piani di gestione pluriennali permetter\u00e0 alle amministrazioni locali di mantenere i risultati degli interventi nel tempo.<br \/>\nI cambiamenti climatici, lo spopolamento della montagna e altri fattori stanno portando a una scomparsa generalizzata degli ambienti umidi: la loro tutela rappresenta una sfida complessa. Grazie alle competenze messe in campo, alla variet\u00e0 e all&#8217;importanza delle aree coinvolte, Il progetto ha l&#8217;ambizione di garantire risultati tangibili per la conservazione del capitale naturale bellunese.<\/p>","protected":false},"excerpt":{"rendered":"<p>Con oltre 3,4 milioni di euro, Fondazione Cariverona sosterr\u00e0 13 progetti che mirano a ripristinare la biodiversit\u00e0, proteggere gli ecosistemi e sviluppare aree verdi Dalle foreste urbane alla tutela degli habitat: cos\u00ec la natura d\u00e0 una mano all\u2019uomo nella lotta alla crisi climatica Nel Bellunese, il progetto P.A.L.\u00d9. ha l\u2019obiettivo di preservare il capitale naturale [&hellip;]<\/p>\n","protected":false},"author":2,"featured_media":138962,"comment_status":"closed","ping_status":"open","sticky":false,"template":"","format":"standard","meta":{"footnotes":""},"categories":[26,8],"tags":[],"class_list":["post-146549","post","type-post","status-publish","format-standard","has-post-thumbnail","category-prima-pagina","category-societa-istituzioni"],"yoast_head":"<!-- This site is optimized with the Yoast SEO plugin v28.4 - https:\/\/yoast.com\/product\/yoast-seo-wordpress\/ -->\n<title>Oltre 3,4 milioni da Fondazione Cariverona per sostenere 13 progetti. 230mila euro a San Vito di Cadore - Bellunopress - Dolomiti<\/title>\n<meta name=\"robots\" content=\"index, follow, max-snippet:-1, max-image-preview:large, max-video-preview:-1\" \/>\n<link rel=\"canonical\" href=\"https:\/\/www.bellunopress.it\/fr\/2023\/12\/07\/oltre-34-milioni-da-fondazione-cariverona-per-sostenere-13-progetti-230mila-euro-a-san-vito-di-cadore\/\" \/>\n<meta property=\"og:locale\" content=\"fr_FR\" \/>\n<meta property=\"og:type\" content=\"article\" \/>\n<meta property=\"og:title\" content=\"Oltre 3,4 milioni da Fondazione Cariverona per sostenere 13 progetti. 230mila euro a San Vito di Cadore - Bellunopress - Dolomiti\" \/>\n<meta property=\"og:description\" content=\"Con oltre 3,4 milioni di euro, Fondazione Cariverona sosterr\u00e0 13 progetti che mirano a ripristinare la biodiversit\u00e0, proteggere gli ecosistemi e sviluppare aree verdi Dalle foreste urbane alla tutela degli habitat: cos\u00ec la natura d\u00e0 una mano all\u2019uomo nella lotta alla crisi climatica Nel Bellunese, il progetto P.A.L.\u00d9. ha l\u2019obiettivo di preservare il capitale naturale [&hellip;]\" \/>\n<meta property=\"og:url\" content=\"https:\/\/www.bellunopress.it\/fr\/2023\/12\/07\/oltre-34-milioni-da-fondazione-cariverona-per-sostenere-13-progetti-230mila-euro-a-san-vito-di-cadore\/\" \/>\n<meta property=\"og:site_name\" content=\"Bellunopress - Dolomiti\" \/>\n<meta property=\"article:publisher\" content=\"https:\/\/www.facebook.com\/profile.php?id=100008943462799\" \/>\n<meta property=\"article:published_time\" content=\"2023-12-07T10:25:29+00:00\" \/>\n<meta property=\"og:image\" content=\"https:\/\/www.bellunopress.it\/wp-content\/uploads\/2023\/01\/Fondazione-Cariverona_edited.jpg\" \/>\n\t<meta property=\"og:image:width\" content=\"1000\" \/>\n\t<meta property=\"og:image:height\" content=\"297\" \/>\n\t<meta property=\"og:image:type\" content=\"image\/jpeg\" \/>\n<meta name=\"author\" content=\"redazione\" \/>\n<meta name=\"twitter:card\" content=\"summary_large_image\" \/>\n<meta name=\"twitter:creator\" content=\"@bellunopress\" \/>\n<meta name=\"twitter:site\" content=\"@bellunopress\" \/>\n<meta name=\"twitter:label1\" content=\"\u00c9crit par\" \/>\n\t<meta name=\"twitter:data1\" content=\"redazione\" \/>\n\t<meta name=\"twitter:label2\" content=\"Dur\u00e9e de lecture estim\u00e9e\" \/>\n\t<meta name=\"twitter:data2\" content=\"4 minutes\" \/>\n<script type=\"application\/ld+json\" class=\"yoast-schema-graph\">{\"@context\":\"https:\\\/\\\/schema.org\",\"@graph\":[{\"@type\":\"Article\",\"@id\":\"https:\\\/\\\/www.bellunopress.it\\\/2023\\\/12\\\/07\\\/oltre-34-milioni-da-fondazione-cariverona-per-sostenere-13-progetti-230mila-euro-a-san-vito-di-cadore\\\/#article\",\"isPartOf\":{\"@id\":\"https:\\\/\\\/www.bellunopress.it\\\/2023\\\/12\\\/07\\\/oltre-34-milioni-da-fondazione-cariverona-per-sostenere-13-progetti-230mila-euro-a-san-vito-di-cadore\\\/\"},\"author\":{\"name\":\"redazione\",\"@id\":\"https:\\\/\\\/www.bellunopress.it\\\/#\\\/schema\\\/person\\\/79bb06722b37ece1c03d3e94beb30d73\"},\"headline\":\"Oltre 3,4 milioni da Fondazione Cariverona per sostenere 13 progetti. 230mila euro a San Vito di Cadore\",\"datePublished\":\"2023-12-07T10:25:29+00:00\",\"mainEntityOfPage\":{\"@id\":\"https:\\\/\\\/www.bellunopress.it\\\/2023\\\/12\\\/07\\\/oltre-34-milioni-da-fondazione-cariverona-per-sostenere-13-progetti-230mila-euro-a-san-vito-di-cadore\\\/\"},\"wordCount\":820,\"publisher\":{\"@id\":\"https:\\\/\\\/www.bellunopress.it\\\/#organization\"},\"image\":{\"@id\":\"https:\\\/\\\/www.bellunopress.it\\\/2023\\\/12\\\/07\\\/oltre-34-milioni-da-fondazione-cariverona-per-sostenere-13-progetti-230mila-euro-a-san-vito-di-cadore\\\/#primaryimage\"},\"thumbnailUrl\":\"https:\\\/\\\/www.bellunopress.it\\\/wp-content\\\/uploads\\\/2023\\\/01\\\/Fondazione-Cariverona_edited.jpg\",\"articleSection\":[\"Prima Pagina\",\"Societ\u00e0, Associazioni, Istituzioni\"],\"inLanguage\":\"fr-FR\"},{\"@type\":\"WebPage\",\"@id\":\"https:\\\/\\\/www.bellunopress.it\\\/2023\\\/12\\\/07\\\/oltre-34-milioni-da-fondazione-cariverona-per-sostenere-13-progetti-230mila-euro-a-san-vito-di-cadore\\\/\",\"url\":\"https:\\\/\\\/www.bellunopress.it\\\/2023\\\/12\\\/07\\\/oltre-34-milioni-da-fondazione-cariverona-per-sostenere-13-progetti-230mila-euro-a-san-vito-di-cadore\\\/\",\"name\":\"Oltre 3,4 milioni da Fondazione Cariverona per sostenere 13 progetti. 230mila euro a San Vito di Cadore - Bellunopress - Dolomiti\",\"isPartOf\":{\"@id\":\"https:\\\/\\\/www.bellunopress.it\\\/#website\"},\"primaryImageOfPage\":{\"@id\":\"https:\\\/\\\/www.bellunopress.it\\\/2023\\\/12\\\/07\\\/oltre-34-milioni-da-fondazione-cariverona-per-sostenere-13-progetti-230mila-euro-a-san-vito-di-cadore\\\/#primaryimage\"},\"image\":{\"@id\":\"https:\\\/\\\/www.bellunopress.it\\\/2023\\\/12\\\/07\\\/oltre-34-milioni-da-fondazione-cariverona-per-sostenere-13-progetti-230mila-euro-a-san-vito-di-cadore\\\/#primaryimage\"},\"thumbnailUrl\":\"https:\\\/\\\/www.bellunopress.it\\\/wp-content\\\/uploads\\\/2023\\\/01\\\/Fondazione-Cariverona_edited.jpg\",\"datePublished\":\"2023-12-07T10:25:29+00:00\",\"breadcrumb\":{\"@id\":\"https:\\\/\\\/www.bellunopress.it\\\/2023\\\/12\\\/07\\\/oltre-34-milioni-da-fondazione-cariverona-per-sostenere-13-progetti-230mila-euro-a-san-vito-di-cadore\\\/#breadcrumb\"},\"inLanguage\":\"fr-FR\",\"potentialAction\":[{\"@type\":\"ReadAction\",\"target\":[\"https:\\\/\\\/www.bellunopress.it\\\/2023\\\/12\\\/07\\\/oltre-34-milioni-da-fondazione-cariverona-per-sostenere-13-progetti-230mila-euro-a-san-vito-di-cadore\\\/\"]}]},{\"@type\":\"ImageObject\",\"inLanguage\":\"fr-FR\",\"@id\":\"https:\\\/\\\/www.bellunopress.it\\\/2023\\\/12\\\/07\\\/oltre-34-milioni-da-fondazione-cariverona-per-sostenere-13-progetti-230mila-euro-a-san-vito-di-cadore\\\/#primaryimage\",\"url\":\"https:\\\/\\\/www.bellunopress.it\\\/wp-content\\\/uploads\\\/2023\\\/01\\\/Fondazione-Cariverona_edited.jpg\",\"contentUrl\":\"https:\\\/\\\/www.bellunopress.it\\\/wp-content\\\/uploads\\\/2023\\\/01\\\/Fondazione-Cariverona_edited.jpg\",\"width\":1000,\"height\":297},{\"@type\":\"BreadcrumbList\",\"@id\":\"https:\\\/\\\/www.bellunopress.it\\\/2023\\\/12\\\/07\\\/oltre-34-milioni-da-fondazione-cariverona-per-sostenere-13-progetti-230mila-euro-a-san-vito-di-cadore\\\/#breadcrumb\",\"itemListElement\":[{\"@type\":\"ListItem\",\"position\":1,\"name\":\"Home\",\"item\":\"https:\\\/\\\/www.bellunopress.it\\\/\"},{\"@type\":\"ListItem\",\"position\":2,\"name\":\"Oltre 3,4 milioni da Fondazione Cariverona per sostenere 13 progetti. 230mila euro a San Vito di Cadore\"}]},{\"@type\":\"WebSite\",\"@id\":\"https:\\\/\\\/www.bellunopress.it\\\/#website\",\"url\":\"https:\\\/\\\/www.bellunopress.it\\\/\",\"name\":\"Bellunopress - Dolomiti\",\"description\":\"e-mail: redazione@bellunopress.it\",\"publisher\":{\"@id\":\"https:\\\/\\\/www.bellunopress.it\\\/#organization\"},\"potentialAction\":[{\"@type\":\"SearchAction\",\"target\":{\"@type\":\"EntryPoint\",\"urlTemplate\":\"https:\\\/\\\/www.bellunopress.it\\\/?s={search_term_string}\"},\"query-input\":{\"@type\":\"PropertyValueSpecification\",\"valueRequired\":true,\"valueName\":\"search_term_string\"}}],\"inLanguage\":\"fr-FR\"},{\"@type\":\"Organization\",\"@id\":\"https:\\\/\\\/www.bellunopress.it\\\/#organization\",\"name\":\"Bellunopress\",\"url\":\"https:\\\/\\\/www.bellunopress.it\\\/\",\"logo\":{\"@type\":\"ImageObject\",\"inLanguage\":\"fr-FR\",\"@id\":\"https:\\\/\\\/www.bellunopress.it\\\/#\\\/schema\\\/logo\\\/image\\\/\",\"url\":\"https:\\\/\\\/www.bellunopress.it\\\/wp-content\\\/uploads\\\/2011\\\/05\\\/cropped-logo-bellunopress-.jpg\",\"contentUrl\":\"https:\\\/\\\/www.bellunopress.it\\\/wp-content\\\/uploads\\\/2011\\\/05\\\/cropped-logo-bellunopress-.jpg\",\"width\":512,\"height\":512,\"caption\":\"Bellunopress\"},\"image\":{\"@id\":\"https:\\\/\\\/www.bellunopress.it\\\/#\\\/schema\\\/logo\\\/image\\\/\"},\"sameAs\":[\"https:\\\/\\\/www.facebook.com\\\/profile.php?id=100008943462799\",\"https:\\\/\\\/x.com\\\/bellunopress\",\"https:\\\/\\\/www.linkedin.com\\\/hp\\\/?dnr=JBzUWaJfMUw8vbXJJ2tVW5-I3jZKvC4wsoxE&amp;amp;amp;amp;amp;amp;trk=nav_responsive_tab_home\",\"https:\\\/\\\/www.youtube.com\\\/channel\\\/UCxL0wu1uN0_3_7hGG0306cw\"]},{\"@type\":\"Person\",\"@id\":\"https:\\\/\\\/www.bellunopress.it\\\/#\\\/schema\\\/person\\\/79bb06722b37ece1c03d3e94beb30d73\",\"name\":\"redazione\",\"image\":{\"@type\":\"ImageObject\",\"inLanguage\":\"fr-FR\",\"@id\":\"https:\\\/\\\/secure.gravatar.com\\\/avatar\\\/37d968a2e67a6fd04c169c4bdef102d0bc5d31b2546345219e348575eb80e9a0?s=96&d=mm&r=g\",\"url\":\"https:\\\/\\\/secure.gravatar.com\\\/avatar\\\/37d968a2e67a6fd04c169c4bdef102d0bc5d31b2546345219e348575eb80e9a0?s=96&d=mm&r=g\",\"contentUrl\":\"https:\\\/\\\/secure.gravatar.com\\\/avatar\\\/37d968a2e67a6fd04c169c4bdef102d0bc5d31b2546345219e348575eb80e9a0?s=96&d=mm&r=g\",\"caption\":\"redazione\"},\"sameAs\":[\"http:\\\/\\\/www.bellunopress.it\",\"https:\\\/\\\/x.com\\\/bellunopress\"],\"url\":\"https:\\\/\\\/www.bellunopress.it\\\/fr\\\/author\\\/redazione\\\/\"}]}<\/script>\n<!-- \/ Yoast SEO plugin. -->","yoast_head_json":{"title":"Oltre 3,4 milioni da Fondazione Cariverona per sostenere 13 progetti. 230mila euro a San Vito di Cadore - Bellunopress - Dolomiti","robots":{"index":"index","follow":"follow","max-snippet":"max-snippet:-1","max-image-preview":"max-image-preview:large","max-video-preview":"max-video-preview:-1"},"canonical":"https:\/\/www.bellunopress.it\/fr\/2023\/12\/07\/oltre-34-milioni-da-fondazione-cariverona-per-sostenere-13-progetti-230mila-euro-a-san-vito-di-cadore\/","og_locale":"fr_FR","og_type":"article","og_title":"Oltre 3,4 milioni da Fondazione Cariverona per sostenere 13 progetti. 230mila euro a San Vito di Cadore - Bellunopress - Dolomiti","og_description":"Con oltre 3,4 milioni di euro, Fondazione Cariverona sosterr\u00e0 13 progetti che mirano a ripristinare la biodiversit\u00e0, proteggere gli ecosistemi e sviluppare aree verdi Dalle foreste urbane alla tutela degli habitat: cos\u00ec la natura d\u00e0 una mano all\u2019uomo nella lotta alla crisi climatica Nel Bellunese, il progetto P.A.L.\u00d9. ha l\u2019obiettivo di preservare il capitale naturale [&hellip;]","og_url":"https:\/\/www.bellunopress.it\/fr\/2023\/12\/07\/oltre-34-milioni-da-fondazione-cariverona-per-sostenere-13-progetti-230mila-euro-a-san-vito-di-cadore\/","og_site_name":"Bellunopress - Dolomiti","article_publisher":"https:\/\/www.facebook.com\/profile.php?id=100008943462799","article_published_time":"2023-12-07T10:25:29+00:00","og_image":[{"width":1000,"height":297,"url":"https:\/\/www.bellunopress.it\/wp-content\/uploads\/2023\/01\/Fondazione-Cariverona_edited.jpg","type":"image\/jpeg"}],"author":"redazione","twitter_card":"summary_large_image","twitter_creator":"@bellunopress","twitter_site":"@bellunopress","twitter_misc":{"\u00c9crit par":"redazione","Dur\u00e9e de lecture estim\u00e9e":"4 minutes"},"schema":{"@context":"https:\/\/schema.org","@graph":[{"@type":"Article","@id":"https:\/\/www.bellunopress.it\/2023\/12\/07\/oltre-34-milioni-da-fondazione-cariverona-per-sostenere-13-progetti-230mila-euro-a-san-vito-di-cadore\/#article","isPartOf":{"@id":"https:\/\/www.bellunopress.it\/2023\/12\/07\/oltre-34-milioni-da-fondazione-cariverona-per-sostenere-13-progetti-230mila-euro-a-san-vito-di-cadore\/"},"author":{"name":"redazione","@id":"https:\/\/www.bellunopress.it\/#\/schema\/person\/79bb06722b37ece1c03d3e94beb30d73"},"headline":"Oltre 3,4 milioni da Fondazione Cariverona per sostenere 13 progetti. 230mila euro a San Vito di Cadore","datePublished":"2023-12-07T10:25:29+00:00","mainEntityOfPage":{"@id":"https:\/\/www.bellunopress.it\/2023\/12\/07\/oltre-34-milioni-da-fondazione-cariverona-per-sostenere-13-progetti-230mila-euro-a-san-vito-di-cadore\/"},"wordCount":820,"publisher":{"@id":"https:\/\/www.bellunopress.it\/#organization"},"image":{"@id":"https:\/\/www.bellunopress.it\/2023\/12\/07\/oltre-34-milioni-da-fondazione-cariverona-per-sostenere-13-progetti-230mila-euro-a-san-vito-di-cadore\/#primaryimage"},"thumbnailUrl":"https:\/\/www.bellunopress.it\/wp-content\/uploads\/2023\/01\/Fondazione-Cariverona_edited.jpg","articleSection":["Prima Pagina","Societ\u00e0, Associazioni, Istituzioni"],"inLanguage":"fr-FR"},{"@type":"WebPage","@id":"https:\/\/www.bellunopress.it\/2023\/12\/07\/oltre-34-milioni-da-fondazione-cariverona-per-sostenere-13-progetti-230mila-euro-a-san-vito-di-cadore\/","url":"https:\/\/www.bellunopress.it\/2023\/12\/07\/oltre-34-milioni-da-fondazione-cariverona-per-sostenere-13-progetti-230mila-euro-a-san-vito-di-cadore\/","name":"Oltre 3,4 milioni da Fondazione Cariverona per sostenere 13 progetti. 230mila euro a San Vito di Cadore - Bellunopress - Dolomiti","isPartOf":{"@id":"https:\/\/www.bellunopress.it\/#website"},"primaryImageOfPage":{"@id":"https:\/\/www.bellunopress.it\/2023\/12\/07\/oltre-34-milioni-da-fondazione-cariverona-per-sostenere-13-progetti-230mila-euro-a-san-vito-di-cadore\/#primaryimage"},"image":{"@id":"https:\/\/www.bellunopress.it\/2023\/12\/07\/oltre-34-milioni-da-fondazione-cariverona-per-sostenere-13-progetti-230mila-euro-a-san-vito-di-cadore\/#primaryimage"},"thumbnailUrl":"https:\/\/www.bellunopress.it\/wp-content\/uploads\/2023\/01\/Fondazione-Cariverona_edited.jpg","datePublished":"2023-12-07T10:25:29+00:00","breadcrumb":{"@id":"https:\/\/www.bellunopress.it\/2023\/12\/07\/oltre-34-milioni-da-fondazione-cariverona-per-sostenere-13-progetti-230mila-euro-a-san-vito-di-cadore\/#breadcrumb"},"inLanguage":"fr-FR","potentialAction":[{"@type":"ReadAction","target":["https:\/\/www.bellunopress.it\/2023\/12\/07\/oltre-34-milioni-da-fondazione-cariverona-per-sostenere-13-progetti-230mila-euro-a-san-vito-di-cadore\/"]}]},{"@type":"ImageObject","inLanguage":"fr-FR","@id":"https:\/\/www.bellunopress.it\/2023\/12\/07\/oltre-34-milioni-da-fondazione-cariverona-per-sostenere-13-progetti-230mila-euro-a-san-vito-di-cadore\/#primaryimage","url":"https:\/\/www.bellunopress.it\/wp-content\/uploads\/2023\/01\/Fondazione-Cariverona_edited.jpg","contentUrl":"https:\/\/www.bellunopress.it\/wp-content\/uploads\/2023\/01\/Fondazione-Cariverona_edited.jpg","width":1000,"height":297},{"@type":"BreadcrumbList","@id":"https:\/\/www.bellunopress.it\/2023\/12\/07\/oltre-34-milioni-da-fondazione-cariverona-per-sostenere-13-progetti-230mila-euro-a-san-vito-di-cadore\/#breadcrumb","itemListElement":[{"@type":"ListItem","position":1,"name":"Home","item":"https:\/\/www.bellunopress.it\/"},{"@type":"ListItem","position":2,"name":"Oltre 3,4 milioni da Fondazione Cariverona per sostenere 13 progetti. 230mila euro a San Vito di Cadore"}]},{"@type":"WebSite","@id":"https:\/\/www.bellunopress.it\/#website","url":"https:\/\/www.bellunopress.it\/","name":"Bellunopress - Dolomiti","description":"e-mail: redazione@bellunopress.it","publisher":{"@id":"https:\/\/www.bellunopress.it\/#organization"},"potentialAction":[{"@type":"SearchAction","target":{"@type":"EntryPoint","urlTemplate":"https:\/\/www.bellunopress.it\/?s={search_term_string}"},"query-input":{"@type":"PropertyValueSpecification","valueRequired":true,"valueName":"search_term_string"}}],"inLanguage":"fr-FR"},{"@type":"Organization","@id":"https:\/\/www.bellunopress.it\/#organization","name":"Bellunopress","url":"https:\/\/www.bellunopress.it\/","logo":{"@type":"ImageObject","inLanguage":"fr-FR","@id":"https:\/\/www.bellunopress.it\/#\/schema\/logo\/image\/","url":"https:\/\/www.bellunopress.it\/wp-content\/uploads\/2011\/05\/cropped-logo-bellunopress-.jpg","contentUrl":"https:\/\/www.bellunopress.it\/wp-content\/uploads\/2011\/05\/cropped-logo-bellunopress-.jpg","width":512,"height":512,"caption":"Bellunopress"},"image":{"@id":"https:\/\/www.bellunopress.it\/#\/schema\/logo\/image\/"},"sameAs":["https:\/\/www.facebook.com\/profile.php?id=100008943462799","https:\/\/x.com\/bellunopress","https:\/\/www.linkedin.com\/hp\/?dnr=JBzUWaJfMUw8vbXJJ2tVW5-I3jZKvC4wsoxE&amp;amp;amp;amp;amp;amp;trk=nav_responsive_tab_home","https:\/\/www.youtube.com\/channel\/UCxL0wu1uN0_3_7hGG0306cw"]},{"@type":"Person","@id":"https:\/\/www.bellunopress.it\/#\/schema\/person\/79bb06722b37ece1c03d3e94beb30d73","name":"r\u00e9daction","image":{"@type":"ImageObject","inLanguage":"fr-FR","@id":"https:\/\/secure.gravatar.com\/avatar\/37d968a2e67a6fd04c169c4bdef102d0bc5d31b2546345219e348575eb80e9a0?s=96&d=mm&r=g","url":"https:\/\/secure.gravatar.com\/avatar\/37d968a2e67a6fd04c169c4bdef102d0bc5d31b2546345219e348575eb80e9a0?s=96&d=mm&r=g","contentUrl":"https:\/\/secure.gravatar.com\/avatar\/37d968a2e67a6fd04c169c4bdef102d0bc5d31b2546345219e348575eb80e9a0?s=96&d=mm&r=g","caption":"redazione"},"sameAs":["http:\/\/www.bellunopress.it","https:\/\/x.com\/bellunopress"],"url":"https:\/\/www.bellunopress.it\/fr\/author\/redazione\/"}]}},"_links":{"self":[{"href":"https:\/\/www.bellunopress.it\/fr\/wp-json\/wp\/v2\/posts\/146549","targetHints":{"allow":["GET"]}}],"collection":[{"href":"https:\/\/www.bellunopress.it\/fr\/wp-json\/wp\/v2\/posts"}],"about":[{"href":"https:\/\/www.bellunopress.it\/fr\/wp-json\/wp\/v2\/types\/post"}],"author":[{"embeddable":true,"href":"https:\/\/www.bellunopress.it\/fr\/wp-json\/wp\/v2\/users\/2"}],"replies":[{"embeddable":true,"href":"https:\/\/www.bellunopress.it\/fr\/wp-json\/wp\/v2\/comments?post=146549"}],"version-history":[{"count":1,"href":"https:\/\/www.bellunopress.it\/fr\/wp-json\/wp\/v2\/posts\/146549\/revisions"}],"predecessor-version":[{"id":146550,"href":"https:\/\/www.bellunopress.it\/fr\/wp-json\/wp\/v2\/posts\/146549\/revisions\/146550"}],"wp:featuredmedia":[{"embeddable":true,"href":"https:\/\/www.bellunopress.it\/fr\/wp-json\/wp\/v2\/media\/138962"}],"wp:attachment":[{"href":"https:\/\/www.bellunopress.it\/fr\/wp-json\/wp\/v2\/media?parent=146549"}],"wp:term":[{"taxonomy":"category","embeddable":true,"href":"https:\/\/www.bellunopress.it\/fr\/wp-json\/wp\/v2\/categories?post=146549"},{"taxonomy":"post_tag","embeddable":true,"href":"https:\/\/www.bellunopress.it\/fr\/wp-json\/wp\/v2\/tags?post=146549"}],"curies":[{"name":"wp","href":"https:\/\/api.w.org\/{rel}","templated":true}]}}