{"id":146543,"date":"2023-12-07T08:34:51","date_gmt":"2023-12-07T07:34:51","guid":{"rendered":"https:\/\/www.bellunopress.it\/?p=146543"},"modified":"2023-12-07T08:35:06","modified_gmt":"2023-12-07T07:35:06","slug":"la-dogaressa-tra-storia-e-mito-dal-15-dicembre-al-palazzo-vescovile-diportogruaro","status":"publish","type":"post","link":"https:\/\/www.bellunopress.it\/fr\/2023\/12\/07\/la-dogaressa-tra-storia-e-mito-dal-15-dicembre-al-palazzo-vescovile-diportogruaro\/","title":{"rendered":"La dogaressa tra storia e mito. Dal 15 dicembre al Palazzo Vescovile di Portogruaro"},"content":{"rendered":"<figure id=\"attachment_146544\" aria-describedby=\"caption-attachment-146544\" style=\"width: 804px\" class=\"wp-caption alignleft\"><img loading=\"lazy\" decoding=\"async\" class=\"size-full wp-image-146544\" src=\"https:\/\/www.bellunopress.it\/wp-content\/uploads\/2023\/12\/Francesco-Pavona-Dogaressa-Pisana-Corner-1763-ca_edited.jpg\" alt=\"\" width=\"804\" height=\"1000\" srcset=\"https:\/\/www.bellunopress.it\/wp-content\/uploads\/2023\/12\/Francesco-Pavona-Dogaressa-Pisana-Corner-1763-ca_edited.jpg 804w, https:\/\/www.bellunopress.it\/wp-content\/uploads\/2023\/12\/Francesco-Pavona-Dogaressa-Pisana-Corner-1763-ca_edited-402x500.jpg 402w, https:\/\/www.bellunopress.it\/wp-content\/uploads\/2023\/12\/Francesco-Pavona-Dogaressa-Pisana-Corner-1763-ca_edited-696x866.jpg 696w\" sizes=\"auto, (max-width: 804px) 100vw, 804px\" \/><figcaption id=\"caption-attachment-146544\" class=\"wp-caption-text\">Francesco Pavona Dogaressa Pisana Corner 1763 ca. pastello su carta Venezia, Museo di Palazzo Mocenigo<\/figcaption><\/figure>\n<p>Dopo il successo dell\u2019esposizione \u201cL\u2019Italia di Magnum. Da Robert Capa a Paolo Pellegrin\u201d, che si \u00e8 chiusa lo scorso febbraio, Palazzo Vescovile di Portogruaro si prepara ad ospitare una nuova ed importante mostra: \u201cLa dogaressa tra storia e mito. Venezianit\u00e0 al femminile dal Medioevo al Novecento\u201d, che rester\u00e0 aperta al pubblico dal 16 dicembre 2023 al 19 maggio 2024.<\/p>\n<p>La dogaressa tra storia e mito. Venezianit\u00e0 al femminile dal Medioevo al Novecento propone un percorso espositivo unico ed originale che per la prima volta richiama l\u2019attenzione e fa luce sulla figura della dogaressa, la consorte del doge veneziano, evidenziandone il ruolo e l\u2019importanza ai tempi della Serenissima, e che oggi possiamo considerare al pari di una First Lady ante litteram. La mostra consente di esplorare la venezianit\u00e0 al femminile attraverso un\u2019antologia di significativi episodi estrapolati dalla vita di alcune tra le pi\u00f9 celebri dogaresse, spesso importatrici di mode forestiere, resesi promotrici di progettualit\u00e0 imprenditoriali e di molte altre iniziative innovative e visionarie giunte fino a noi.<\/p>\n<p>Cinque le sezioni che occupano ognuna le cinque sale di Palazzo Vescovile.<\/p>\n<p>La prima \u201cOpulenza bizantina e morigeratezza veneziana\u201d narra come sulla scia dell\u2019ultima dogaressa straniera, la greca Teodora moglie del doge Domenico Selvo (1071\u20131084), venga introdotta a Venezia la raffinata arte profumiera, che ebbe poi nei secoli successivi un impulso senza eguali, raggiungendo nel Rinascimento l\u2019apice che la port\u00f2 ad essere riconosciuta come capitale del profumo. Saranno esposti porta profumo veneziani in vetro di Murano del XVII e XVIII sec e una selezione di materie prime impiegate nell&#8217;arte profumatoria che consentir\u00e0 l\u2019interazione con il pubblico attraverso un\u2019interessante esperienza sensoriale olfattiva e tattile. In questa prima sala si passano inoltre in rassegna gli abiti indossati negli anni dalle dogaresse, le loro trasformazioni, partendo da quello morigerato presentato dalla dogaressa Felicita Malipiero nel dipinto di Bellini, proseguendo con quelli evidenziati nelle riproduzioni incise in alcuni importanti volumi a stampa.<\/p>\n<p>La seconda sezione \u201cPatrocini virtuosi e nobile erudizione\u201d consolida l\u2019autorevole, virtuoso e positivo ruolo ricoperto dalle dogaresse nel concorrere, con i loro patrocini, a difendere ed incrementare la locale produzione artigianale. La dogaressa Giovanna Dandolo, moglie di Pasquale Malipiero (1457- 1462) e discendente da una delle famiglie pi\u00f9 illustri della Repubblica, \u00e8 passata alla storia come patronessa della stampa e dei merletti. Si deve infatti a lei se Burano divenne allora il primo centro al mondo del merletto. Fu lei a riunire presso di s\u00e9 un gran numero di giovani donne del popolo e ad avviarle al delicato lavoro dell\u2019intreccio, che dava lustro alla citt\u00e0 per la squisitezza del prodotto e mezzi di sostentamento a molta gente del popolo, in particolare alle donne di Burano, dove sorse una vera e propria scuola d\u2019arte.<\/p>\n<p>Nella terza sezione \u201cLa cerimonia d\u2019incoronazione della dogaressa\u201d vengono esposti quadri e stampe a testimonianza di questa originalissima pratica.\u00a0Marchesina, moglie di Lorenzo Tiepolo (1268-1275) pass\u00f2 alla storia per essere stata la prima dogaressa a fare l\u2019ingresso solenne in Palazzo Ducale, insieme al doge, in una processione capeggiata dalle corporazioni delle arti e dei mestieri. A quarant\u2019anni dal trionfo di Zilia Dandolo Priuli, ebbe luogo a Venezia un\u2019altra famosissima e ancor pi\u00f9 pomposa incoronazione, quella di Morosina Morosini, moglie del doge Marino Grimani (1595- 1606). La Rosa d\u2019oro che le fu donata nell\u2019occasione venne alla sua morte assegnata al Tesoro della Basilica di San Marco.<\/p>\n<p>La quarta sezione \u201cMiti e revival del mondo dogale\u201d vede protagonista il quadro di Francesco Hayez I due Foscari, in prestito dalla Galleria degli Uffizi, che ben illustra lo strazio vissuto da Marina Nani, seconda moglie del doge Francesco Foscari (1423-1457), quando il figlio Jacopo venne incarcerato, per aver accettato doni e denari da gentiluomini e persino dal duca di Milano. Essendo egli figlio del doge, tale operazione gli era preclusa: si configur\u00f2 pertanto il reato di peculato. A nulla valsero le suppliche della donna. La ragion di stato prevaleva su tutto. A questa vicenda Lord Byron dedic\u00f2 il dramma I due Foscari, rappresentato poi a teatro da Giuseppe Verdi nel 1944.<\/p>\n<p>Infine la quinta sezione \u201cLe dogaresse del XX secolo\u201d \u00e8 riservata all\u2019Ultima Dogaressa, appellativo che venne riservato a quelle donne che si distinsero per il patrocinio riservato alle arti, e che diedero lustro a Venezia in un\u2019epoca in cui la Serenissima Repubblica era gi\u00e0 decaduta. Titolo assegnato a Peggy Guggenheim, e prima di lei alla contessa Anna Morosini (di cui \u00e8 esposto il ritratto di Lino Selvatico, conservato al Museo Fortuny di Venezia), amica di Rilke, di d\u2019Annunzio, di Maeterlinck e di Shaw, del Principe von Bulow e dello Sci\u00e0 di Persia, nonch\u00e9 di sovrani di tutta Europa: donna dotata di una personalit\u00e0 affascinante e complessa.<\/p>\n<p>Si affiancano inoltre alcuni Focus del Territorio dedicati ad altre donne, da Isabella da Passano signora della Frattina (1542-1601) a Lucia Memmo (1770-1854) a Marta Marzotto (1931-2016). L\u2019allestimento pensato in forma dinamica e interattiva oltre ad importanti opere pittoriche di scuola veneta, tra le quali si annovera il ritratto del Doge Alvise I Mocenigo di Jacopo Tintoretto delle Gallerie dell\u2019Accademia di Venezia, da spazio a disegni, incisioni, vetri, stoffe, merletti ed altri manufatti della cultura materiale veneta, provenienti dalle collezioni civiche veneziane.<\/p>\n<p>\u201cLa dogaressa tra storia e mito\u201d offre dunque ai visitatori la possibilit\u00e0 di cogliere quel particolare modo di sentire e di esprimersi che solo una citt\u00e0 come Venezia ha consentito nei secoli alle donne, fornendo loro la possibilit\u00e0 di testimoniare la propria intelligenza, lungimiranza e generosit\u00e0.<\/p>\n<p>Orari dal marted\u00ec al gioved\u00ec dalle ore 14:30 alle ore 18:30 venerd\u00ec dalle ore 14:30 alle ore 19:30 sabato, domenica e festivi dalle 10:00 alle 19:00 luned\u00ec chiuso Su prenotazione sono possibili aperture straordinarie anche al mattino, in altri orari e nella giornata di chiusura del luned\u00ec Biglietto d\u2019ingresso intero \u20ac 10,00 adulti ridotto \u20ac 8,00 studenti universitari fino a 26 anni, over 65, cittadini residenti nel Comune di Portogruaro, soci FAI, clienti Italo presentando biglietto del treno per raggiungere Portogruaro studenti e scolaresche \u20ac 5,00 omaggio minori fino a 5 anni, disabili + n.1 accompagnatore, minori con handicap L.104\/92 Visite guidate Scolaresche: \u20ac 8,00 per alunno comprensivi di biglietto d\u2019ingresso Gruppi: \u20ac 60,00 minimo 10 pax+n.1 accompagnatore Info e prenotazioni tel. 0421 564136 |<\/p>\n<p>Il Distretto Turistico Venezia Orientale \u00e8 il soggetto proponente e organizzatore nell\u2019ambito dell\u2019importante Protocollo Operativo siglato nel giugno del 2021 tra la Fondazione Musei Civici Venezia \u2013 MUVE, il Comune di Portogruaro e lo stesso Distretto, al fine di realizzare progetti culturali di respiro e di comprovata qualit\u00e0 scientifica in grado di valorizzare il legame storico e culturale tra la grande Venezia e la piccola Venezia affacciata sulle sponde del fiume Lemene. L\u2019esposizione gode inoltre del sostegno della Regione del Veneto ai sensi della legge sulla valorizzazione dell\u2019identit\u00e0 veneta. La mostra, coordinata da Chiara Squarcina Dirigente Attivit\u00e0 Museali della Fondazione MUVE coadiuvata da Pietroluigi Genovesi, \u00e8 curata, per MUVE, da Daniele D\u2019Anza e Luigi Zanini e per il Distretto Turistico Venezia Orientale da Pierpaola Mayer responsabile anche della direzione tecnica.<\/p>\n<p>L\u2019esposizione \u00e8 resa possibile grazie alla partecipazione attiva del Comune di Portogruaro, di Banca Prealpi San Biagio e di molte e importanti aziende del territorio, alcune di queste in continuit\u00e0 altre per la prima volta, che da tempo sostengono e credono in questo progetto culturale, a cui si aggiunge l\u2019importante partenariato tecnico con Italo S.p.A.<\/p>\n<p>info@palazzovescovile.it Contatti Distretto Turistico Venezia Orientale | dr.ssa Pierpaola Mayer tel. 342 8084363 direttore@veneziaorientaledistrettoturistico.it<\/p>","protected":false},"excerpt":{"rendered":"<p>Dopo il successo dell\u2019esposizione \u201cL\u2019Italia di Magnum. Da Robert Capa a Paolo Pellegrin\u201d, che si \u00e8 chiusa lo scorso febbraio, Palazzo Vescovile di Portogruaro si prepara ad ospitare una nuova ed importante mostra: \u201cLa dogaressa tra storia e mito. Venezianit\u00e0 al femminile dal Medioevo al Novecento\u201d, che rester\u00e0 aperta al pubblico dal 16 dicembre 2023 [&hellip;]<\/p>\n","protected":false},"author":2,"featured_media":146544,"comment_status":"closed","ping_status":"open","sticky":false,"template":"","format":"standard","meta":{"footnotes":""},"categories":[3,3394,25],"tags":[],"class_list":["post-146543","post","type-post","status-publish","format-standard","has-post-thumbnail","category-arte-cultura-spettacoli-scienza-archivi","category-cultura-e-spettacoli-fuori-provincia","category-pausa-caffe"],"yoast_head":"<!-- This site is optimized with the Yoast SEO plugin v28.4 - https:\/\/yoast.com\/product\/yoast-seo-wordpress\/ -->\n<title>La dogaressa tra storia e mito. Dal 15 dicembre al Palazzo Vescovile di Portogruaro - Bellunopress - Dolomiti<\/title>\n<meta name=\"robots\" content=\"index, follow, max-snippet:-1, max-image-preview:large, max-video-preview:-1\" \/>\n<link rel=\"canonical\" href=\"https:\/\/www.bellunopress.it\/fr\/2023\/12\/07\/la-dogaressa-tra-storia-e-mito-dal-15-dicembre-al-palazzo-vescovile-diportogruaro\/\" \/>\n<meta property=\"og:locale\" content=\"fr_FR\" \/>\n<meta property=\"og:type\" content=\"article\" \/>\n<meta property=\"og:title\" content=\"La dogaressa tra storia e mito. Dal 15 dicembre al Palazzo Vescovile di Portogruaro - Bellunopress - Dolomiti\" \/>\n<meta property=\"og:description\" content=\"Dopo il successo dell\u2019esposizione \u201cL\u2019Italia di Magnum. Da Robert Capa a Paolo Pellegrin\u201d, che si \u00e8 chiusa lo scorso febbraio, Palazzo Vescovile di Portogruaro si prepara ad ospitare una nuova ed importante mostra: \u201cLa dogaressa tra storia e mito. Venezianit\u00e0 al femminile dal Medioevo al Novecento\u201d, che rester\u00e0 aperta al pubblico dal 16 dicembre 2023 [&hellip;]\" \/>\n<meta property=\"og:url\" content=\"https:\/\/www.bellunopress.it\/fr\/2023\/12\/07\/la-dogaressa-tra-storia-e-mito-dal-15-dicembre-al-palazzo-vescovile-diportogruaro\/\" \/>\n<meta property=\"og:site_name\" content=\"Bellunopress - Dolomiti\" \/>\n<meta property=\"article:publisher\" content=\"https:\/\/www.facebook.com\/profile.php?id=100008943462799\" \/>\n<meta property=\"article:published_time\" content=\"2023-12-07T07:34:51+00:00\" \/>\n<meta property=\"article:modified_time\" content=\"2023-12-07T07:35:06+00:00\" \/>\n<meta property=\"og:image\" content=\"https:\/\/www.bellunopress.it\/wp-content\/uploads\/2023\/12\/Francesco-Pavona-Dogaressa-Pisana-Corner-1763-ca_edited.jpg\" \/>\n\t<meta property=\"og:image:width\" content=\"804\" \/>\n\t<meta property=\"og:image:height\" content=\"1000\" \/>\n\t<meta property=\"og:image:type\" content=\"image\/jpeg\" \/>\n<meta name=\"author\" content=\"redazione\" \/>\n<meta name=\"twitter:card\" content=\"summary_large_image\" \/>\n<meta name=\"twitter:creator\" content=\"@bellunopress\" \/>\n<meta name=\"twitter:site\" content=\"@bellunopress\" \/>\n<meta name=\"twitter:label1\" content=\"\u00c9crit par\" \/>\n\t<meta name=\"twitter:data1\" content=\"redazione\" \/>\n\t<meta name=\"twitter:label2\" content=\"Dur\u00e9e de lecture estim\u00e9e\" \/>\n\t<meta name=\"twitter:data2\" content=\"6 minutes\" \/>\n<script type=\"application\/ld+json\" class=\"yoast-schema-graph\">{\"@context\":\"https:\\\/\\\/schema.org\",\"@graph\":[{\"@type\":\"Article\",\"@id\":\"https:\\\/\\\/www.bellunopress.it\\\/2023\\\/12\\\/07\\\/la-dogaressa-tra-storia-e-mito-dal-15-dicembre-al-palazzo-vescovile-diportogruaro\\\/#article\",\"isPartOf\":{\"@id\":\"https:\\\/\\\/www.bellunopress.it\\\/2023\\\/12\\\/07\\\/la-dogaressa-tra-storia-e-mito-dal-15-dicembre-al-palazzo-vescovile-diportogruaro\\\/\"},\"author\":{\"name\":\"redazione\",\"@id\":\"https:\\\/\\\/www.bellunopress.it\\\/#\\\/schema\\\/person\\\/79bb06722b37ece1c03d3e94beb30d73\"},\"headline\":\"La dogaressa tra storia e mito. Dal 15 dicembre al Palazzo Vescovile di Portogruaro\",\"datePublished\":\"2023-12-07T07:34:51+00:00\",\"dateModified\":\"2023-12-07T07:35:06+00:00\",\"mainEntityOfPage\":{\"@id\":\"https:\\\/\\\/www.bellunopress.it\\\/2023\\\/12\\\/07\\\/la-dogaressa-tra-storia-e-mito-dal-15-dicembre-al-palazzo-vescovile-diportogruaro\\\/\"},\"wordCount\":1253,\"publisher\":{\"@id\":\"https:\\\/\\\/www.bellunopress.it\\\/#organization\"},\"image\":{\"@id\":\"https:\\\/\\\/www.bellunopress.it\\\/2023\\\/12\\\/07\\\/la-dogaressa-tra-storia-e-mito-dal-15-dicembre-al-palazzo-vescovile-diportogruaro\\\/#primaryimage\"},\"thumbnailUrl\":\"https:\\\/\\\/www.bellunopress.it\\\/wp-content\\\/uploads\\\/2023\\\/12\\\/Francesco-Pavona-Dogaressa-Pisana-Corner-1763-ca_edited.jpg\",\"articleSection\":[\"Arte, Cultura, Spettacoli, Scienza\",\"Cultura e spettacoli, tempo libero, benessere, fuori provincia\",\"Pausa Caff\u00e8\"],\"inLanguage\":\"fr-FR\"},{\"@type\":\"WebPage\",\"@id\":\"https:\\\/\\\/www.bellunopress.it\\\/2023\\\/12\\\/07\\\/la-dogaressa-tra-storia-e-mito-dal-15-dicembre-al-palazzo-vescovile-diportogruaro\\\/\",\"url\":\"https:\\\/\\\/www.bellunopress.it\\\/2023\\\/12\\\/07\\\/la-dogaressa-tra-storia-e-mito-dal-15-dicembre-al-palazzo-vescovile-diportogruaro\\\/\",\"name\":\"La dogaressa tra storia e mito. Dal 15 dicembre al Palazzo Vescovile di Portogruaro - Bellunopress - Dolomiti\",\"isPartOf\":{\"@id\":\"https:\\\/\\\/www.bellunopress.it\\\/#website\"},\"primaryImageOfPage\":{\"@id\":\"https:\\\/\\\/www.bellunopress.it\\\/2023\\\/12\\\/07\\\/la-dogaressa-tra-storia-e-mito-dal-15-dicembre-al-palazzo-vescovile-diportogruaro\\\/#primaryimage\"},\"image\":{\"@id\":\"https:\\\/\\\/www.bellunopress.it\\\/2023\\\/12\\\/07\\\/la-dogaressa-tra-storia-e-mito-dal-15-dicembre-al-palazzo-vescovile-diportogruaro\\\/#primaryimage\"},\"thumbnailUrl\":\"https:\\\/\\\/www.bellunopress.it\\\/wp-content\\\/uploads\\\/2023\\\/12\\\/Francesco-Pavona-Dogaressa-Pisana-Corner-1763-ca_edited.jpg\",\"datePublished\":\"2023-12-07T07:34:51+00:00\",\"dateModified\":\"2023-12-07T07:35:06+00:00\",\"breadcrumb\":{\"@id\":\"https:\\\/\\\/www.bellunopress.it\\\/2023\\\/12\\\/07\\\/la-dogaressa-tra-storia-e-mito-dal-15-dicembre-al-palazzo-vescovile-diportogruaro\\\/#breadcrumb\"},\"inLanguage\":\"fr-FR\",\"potentialAction\":[{\"@type\":\"ReadAction\",\"target\":[\"https:\\\/\\\/www.bellunopress.it\\\/2023\\\/12\\\/07\\\/la-dogaressa-tra-storia-e-mito-dal-15-dicembre-al-palazzo-vescovile-diportogruaro\\\/\"]}]},{\"@type\":\"ImageObject\",\"inLanguage\":\"fr-FR\",\"@id\":\"https:\\\/\\\/www.bellunopress.it\\\/2023\\\/12\\\/07\\\/la-dogaressa-tra-storia-e-mito-dal-15-dicembre-al-palazzo-vescovile-diportogruaro\\\/#primaryimage\",\"url\":\"https:\\\/\\\/www.bellunopress.it\\\/wp-content\\\/uploads\\\/2023\\\/12\\\/Francesco-Pavona-Dogaressa-Pisana-Corner-1763-ca_edited.jpg\",\"contentUrl\":\"https:\\\/\\\/www.bellunopress.it\\\/wp-content\\\/uploads\\\/2023\\\/12\\\/Francesco-Pavona-Dogaressa-Pisana-Corner-1763-ca_edited.jpg\",\"width\":804,\"height\":1000,\"caption\":\"Francesco Pavona Dogaressa Pisana Corner 1763 ca. pastello su carta Venezia, Museo di Palazzo Mocenigo\"},{\"@type\":\"BreadcrumbList\",\"@id\":\"https:\\\/\\\/www.bellunopress.it\\\/2023\\\/12\\\/07\\\/la-dogaressa-tra-storia-e-mito-dal-15-dicembre-al-palazzo-vescovile-diportogruaro\\\/#breadcrumb\",\"itemListElement\":[{\"@type\":\"ListItem\",\"position\":1,\"name\":\"Home\",\"item\":\"https:\\\/\\\/www.bellunopress.it\\\/\"},{\"@type\":\"ListItem\",\"position\":2,\"name\":\"La dogaressa tra storia e mito. Dal 15 dicembre al Palazzo Vescovile di Portogruaro\"}]},{\"@type\":\"WebSite\",\"@id\":\"https:\\\/\\\/www.bellunopress.it\\\/#website\",\"url\":\"https:\\\/\\\/www.bellunopress.it\\\/\",\"name\":\"Bellunopress - Dolomiti\",\"description\":\"e-mail: redazione@bellunopress.it\",\"publisher\":{\"@id\":\"https:\\\/\\\/www.bellunopress.it\\\/#organization\"},\"potentialAction\":[{\"@type\":\"SearchAction\",\"target\":{\"@type\":\"EntryPoint\",\"urlTemplate\":\"https:\\\/\\\/www.bellunopress.it\\\/?s={search_term_string}\"},\"query-input\":{\"@type\":\"PropertyValueSpecification\",\"valueRequired\":true,\"valueName\":\"search_term_string\"}}],\"inLanguage\":\"fr-FR\"},{\"@type\":\"Organization\",\"@id\":\"https:\\\/\\\/www.bellunopress.it\\\/#organization\",\"name\":\"Bellunopress\",\"url\":\"https:\\\/\\\/www.bellunopress.it\\\/\",\"logo\":{\"@type\":\"ImageObject\",\"inLanguage\":\"fr-FR\",\"@id\":\"https:\\\/\\\/www.bellunopress.it\\\/#\\\/schema\\\/logo\\\/image\\\/\",\"url\":\"https:\\\/\\\/www.bellunopress.it\\\/wp-content\\\/uploads\\\/2011\\\/05\\\/cropped-logo-bellunopress-.jpg\",\"contentUrl\":\"https:\\\/\\\/www.bellunopress.it\\\/wp-content\\\/uploads\\\/2011\\\/05\\\/cropped-logo-bellunopress-.jpg\",\"width\":512,\"height\":512,\"caption\":\"Bellunopress\"},\"image\":{\"@id\":\"https:\\\/\\\/www.bellunopress.it\\\/#\\\/schema\\\/logo\\\/image\\\/\"},\"sameAs\":[\"https:\\\/\\\/www.facebook.com\\\/profile.php?id=100008943462799\",\"https:\\\/\\\/x.com\\\/bellunopress\",\"https:\\\/\\\/www.linkedin.com\\\/hp\\\/?dnr=JBzUWaJfMUw8vbXJJ2tVW5-I3jZKvC4wsoxE&amp;amp;amp;amp;amp;amp;trk=nav_responsive_tab_home\",\"https:\\\/\\\/www.youtube.com\\\/channel\\\/UCxL0wu1uN0_3_7hGG0306cw\"]},{\"@type\":\"Person\",\"@id\":\"https:\\\/\\\/www.bellunopress.it\\\/#\\\/schema\\\/person\\\/79bb06722b37ece1c03d3e94beb30d73\",\"name\":\"redazione\",\"image\":{\"@type\":\"ImageObject\",\"inLanguage\":\"fr-FR\",\"@id\":\"https:\\\/\\\/secure.gravatar.com\\\/avatar\\\/37d968a2e67a6fd04c169c4bdef102d0bc5d31b2546345219e348575eb80e9a0?s=96&d=mm&r=g\",\"url\":\"https:\\\/\\\/secure.gravatar.com\\\/avatar\\\/37d968a2e67a6fd04c169c4bdef102d0bc5d31b2546345219e348575eb80e9a0?s=96&d=mm&r=g\",\"contentUrl\":\"https:\\\/\\\/secure.gravatar.com\\\/avatar\\\/37d968a2e67a6fd04c169c4bdef102d0bc5d31b2546345219e348575eb80e9a0?s=96&d=mm&r=g\",\"caption\":\"redazione\"},\"sameAs\":[\"http:\\\/\\\/www.bellunopress.it\",\"https:\\\/\\\/x.com\\\/bellunopress\"],\"url\":\"https:\\\/\\\/www.bellunopress.it\\\/fr\\\/author\\\/redazione\\\/\"}]}<\/script>\n<!-- \/ Yoast SEO plugin. -->","yoast_head_json":{"title":"La dogaressa tra storia e mito. Dal 15 dicembre al Palazzo Vescovile di Portogruaro - Bellunopress - Dolomiti","robots":{"index":"index","follow":"follow","max-snippet":"max-snippet:-1","max-image-preview":"max-image-preview:large","max-video-preview":"max-video-preview:-1"},"canonical":"https:\/\/www.bellunopress.it\/fr\/2023\/12\/07\/la-dogaressa-tra-storia-e-mito-dal-15-dicembre-al-palazzo-vescovile-diportogruaro\/","og_locale":"fr_FR","og_type":"article","og_title":"La dogaressa tra storia e mito. Dal 15 dicembre al Palazzo Vescovile di Portogruaro - Bellunopress - Dolomiti","og_description":"Dopo il successo dell\u2019esposizione \u201cL\u2019Italia di Magnum. Da Robert Capa a Paolo Pellegrin\u201d, che si \u00e8 chiusa lo scorso febbraio, Palazzo Vescovile di Portogruaro si prepara ad ospitare una nuova ed importante mostra: \u201cLa dogaressa tra storia e mito. Venezianit\u00e0 al femminile dal Medioevo al Novecento\u201d, che rester\u00e0 aperta al pubblico dal 16 dicembre 2023 [&hellip;]","og_url":"https:\/\/www.bellunopress.it\/fr\/2023\/12\/07\/la-dogaressa-tra-storia-e-mito-dal-15-dicembre-al-palazzo-vescovile-diportogruaro\/","og_site_name":"Bellunopress - Dolomiti","article_publisher":"https:\/\/www.facebook.com\/profile.php?id=100008943462799","article_published_time":"2023-12-07T07:34:51+00:00","article_modified_time":"2023-12-07T07:35:06+00:00","og_image":[{"width":804,"height":1000,"url":"https:\/\/www.bellunopress.it\/wp-content\/uploads\/2023\/12\/Francesco-Pavona-Dogaressa-Pisana-Corner-1763-ca_edited.jpg","type":"image\/jpeg"}],"author":"redazione","twitter_card":"summary_large_image","twitter_creator":"@bellunopress","twitter_site":"@bellunopress","twitter_misc":{"\u00c9crit par":"redazione","Dur\u00e9e de lecture estim\u00e9e":"6 minutes"},"schema":{"@context":"https:\/\/schema.org","@graph":[{"@type":"Article","@id":"https:\/\/www.bellunopress.it\/2023\/12\/07\/la-dogaressa-tra-storia-e-mito-dal-15-dicembre-al-palazzo-vescovile-diportogruaro\/#article","isPartOf":{"@id":"https:\/\/www.bellunopress.it\/2023\/12\/07\/la-dogaressa-tra-storia-e-mito-dal-15-dicembre-al-palazzo-vescovile-diportogruaro\/"},"author":{"name":"redazione","@id":"https:\/\/www.bellunopress.it\/#\/schema\/person\/79bb06722b37ece1c03d3e94beb30d73"},"headline":"La dogaressa tra storia e mito. Dal 15 dicembre al Palazzo Vescovile di Portogruaro","datePublished":"2023-12-07T07:34:51+00:00","dateModified":"2023-12-07T07:35:06+00:00","mainEntityOfPage":{"@id":"https:\/\/www.bellunopress.it\/2023\/12\/07\/la-dogaressa-tra-storia-e-mito-dal-15-dicembre-al-palazzo-vescovile-diportogruaro\/"},"wordCount":1253,"publisher":{"@id":"https:\/\/www.bellunopress.it\/#organization"},"image":{"@id":"https:\/\/www.bellunopress.it\/2023\/12\/07\/la-dogaressa-tra-storia-e-mito-dal-15-dicembre-al-palazzo-vescovile-diportogruaro\/#primaryimage"},"thumbnailUrl":"https:\/\/www.bellunopress.it\/wp-content\/uploads\/2023\/12\/Francesco-Pavona-Dogaressa-Pisana-Corner-1763-ca_edited.jpg","articleSection":["Arte, Cultura, Spettacoli, Scienza","Cultura e spettacoli, tempo libero, benessere, fuori provincia","Pausa Caff\u00e8"],"inLanguage":"fr-FR"},{"@type":"WebPage","@id":"https:\/\/www.bellunopress.it\/2023\/12\/07\/la-dogaressa-tra-storia-e-mito-dal-15-dicembre-al-palazzo-vescovile-diportogruaro\/","url":"https:\/\/www.bellunopress.it\/2023\/12\/07\/la-dogaressa-tra-storia-e-mito-dal-15-dicembre-al-palazzo-vescovile-diportogruaro\/","name":"La dogaressa tra storia e mito. Dal 15 dicembre al Palazzo Vescovile di Portogruaro - Bellunopress - Dolomiti","isPartOf":{"@id":"https:\/\/www.bellunopress.it\/#website"},"primaryImageOfPage":{"@id":"https:\/\/www.bellunopress.it\/2023\/12\/07\/la-dogaressa-tra-storia-e-mito-dal-15-dicembre-al-palazzo-vescovile-diportogruaro\/#primaryimage"},"image":{"@id":"https:\/\/www.bellunopress.it\/2023\/12\/07\/la-dogaressa-tra-storia-e-mito-dal-15-dicembre-al-palazzo-vescovile-diportogruaro\/#primaryimage"},"thumbnailUrl":"https:\/\/www.bellunopress.it\/wp-content\/uploads\/2023\/12\/Francesco-Pavona-Dogaressa-Pisana-Corner-1763-ca_edited.jpg","datePublished":"2023-12-07T07:34:51+00:00","dateModified":"2023-12-07T07:35:06+00:00","breadcrumb":{"@id":"https:\/\/www.bellunopress.it\/2023\/12\/07\/la-dogaressa-tra-storia-e-mito-dal-15-dicembre-al-palazzo-vescovile-diportogruaro\/#breadcrumb"},"inLanguage":"fr-FR","potentialAction":[{"@type":"ReadAction","target":["https:\/\/www.bellunopress.it\/2023\/12\/07\/la-dogaressa-tra-storia-e-mito-dal-15-dicembre-al-palazzo-vescovile-diportogruaro\/"]}]},{"@type":"ImageObject","inLanguage":"fr-FR","@id":"https:\/\/www.bellunopress.it\/2023\/12\/07\/la-dogaressa-tra-storia-e-mito-dal-15-dicembre-al-palazzo-vescovile-diportogruaro\/#primaryimage","url":"https:\/\/www.bellunopress.it\/wp-content\/uploads\/2023\/12\/Francesco-Pavona-Dogaressa-Pisana-Corner-1763-ca_edited.jpg","contentUrl":"https:\/\/www.bellunopress.it\/wp-content\/uploads\/2023\/12\/Francesco-Pavona-Dogaressa-Pisana-Corner-1763-ca_edited.jpg","width":804,"height":1000,"caption":"Francesco Pavona Dogaressa Pisana Corner 1763 ca. pastello su carta Venezia, Museo di Palazzo Mocenigo"},{"@type":"BreadcrumbList","@id":"https:\/\/www.bellunopress.it\/2023\/12\/07\/la-dogaressa-tra-storia-e-mito-dal-15-dicembre-al-palazzo-vescovile-diportogruaro\/#breadcrumb","itemListElement":[{"@type":"ListItem","position":1,"name":"Home","item":"https:\/\/www.bellunopress.it\/"},{"@type":"ListItem","position":2,"name":"La dogaressa tra storia e mito. Dal 15 dicembre al Palazzo Vescovile di Portogruaro"}]},{"@type":"WebSite","@id":"https:\/\/www.bellunopress.it\/#website","url":"https:\/\/www.bellunopress.it\/","name":"Bellunopress - Dolomiti","description":"e-mail: redazione@bellunopress.it","publisher":{"@id":"https:\/\/www.bellunopress.it\/#organization"},"potentialAction":[{"@type":"SearchAction","target":{"@type":"EntryPoint","urlTemplate":"https:\/\/www.bellunopress.it\/?s={search_term_string}"},"query-input":{"@type":"PropertyValueSpecification","valueRequired":true,"valueName":"search_term_string"}}],"inLanguage":"fr-FR"},{"@type":"Organization","@id":"https:\/\/www.bellunopress.it\/#organization","name":"Bellunopress","url":"https:\/\/www.bellunopress.it\/","logo":{"@type":"ImageObject","inLanguage":"fr-FR","@id":"https:\/\/www.bellunopress.it\/#\/schema\/logo\/image\/","url":"https:\/\/www.bellunopress.it\/wp-content\/uploads\/2011\/05\/cropped-logo-bellunopress-.jpg","contentUrl":"https:\/\/www.bellunopress.it\/wp-content\/uploads\/2011\/05\/cropped-logo-bellunopress-.jpg","width":512,"height":512,"caption":"Bellunopress"},"image":{"@id":"https:\/\/www.bellunopress.it\/#\/schema\/logo\/image\/"},"sameAs":["https:\/\/www.facebook.com\/profile.php?id=100008943462799","https:\/\/x.com\/bellunopress","https:\/\/www.linkedin.com\/hp\/?dnr=JBzUWaJfMUw8vbXJJ2tVW5-I3jZKvC4wsoxE&amp;amp;amp;amp;amp;amp;trk=nav_responsive_tab_home","https:\/\/www.youtube.com\/channel\/UCxL0wu1uN0_3_7hGG0306cw"]},{"@type":"Person","@id":"https:\/\/www.bellunopress.it\/#\/schema\/person\/79bb06722b37ece1c03d3e94beb30d73","name":"r\u00e9daction","image":{"@type":"ImageObject","inLanguage":"fr-FR","@id":"https:\/\/secure.gravatar.com\/avatar\/37d968a2e67a6fd04c169c4bdef102d0bc5d31b2546345219e348575eb80e9a0?s=96&d=mm&r=g","url":"https:\/\/secure.gravatar.com\/avatar\/37d968a2e67a6fd04c169c4bdef102d0bc5d31b2546345219e348575eb80e9a0?s=96&d=mm&r=g","contentUrl":"https:\/\/secure.gravatar.com\/avatar\/37d968a2e67a6fd04c169c4bdef102d0bc5d31b2546345219e348575eb80e9a0?s=96&d=mm&r=g","caption":"redazione"},"sameAs":["http:\/\/www.bellunopress.it","https:\/\/x.com\/bellunopress"],"url":"https:\/\/www.bellunopress.it\/fr\/author\/redazione\/"}]}},"_links":{"self":[{"href":"https:\/\/www.bellunopress.it\/fr\/wp-json\/wp\/v2\/posts\/146543","targetHints":{"allow":["GET"]}}],"collection":[{"href":"https:\/\/www.bellunopress.it\/fr\/wp-json\/wp\/v2\/posts"}],"about":[{"href":"https:\/\/www.bellunopress.it\/fr\/wp-json\/wp\/v2\/types\/post"}],"author":[{"embeddable":true,"href":"https:\/\/www.bellunopress.it\/fr\/wp-json\/wp\/v2\/users\/2"}],"replies":[{"embeddable":true,"href":"https:\/\/www.bellunopress.it\/fr\/wp-json\/wp\/v2\/comments?post=146543"}],"version-history":[{"count":2,"href":"https:\/\/www.bellunopress.it\/fr\/wp-json\/wp\/v2\/posts\/146543\/revisions"}],"predecessor-version":[{"id":146546,"href":"https:\/\/www.bellunopress.it\/fr\/wp-json\/wp\/v2\/posts\/146543\/revisions\/146546"}],"wp:featuredmedia":[{"embeddable":true,"href":"https:\/\/www.bellunopress.it\/fr\/wp-json\/wp\/v2\/media\/146544"}],"wp:attachment":[{"href":"https:\/\/www.bellunopress.it\/fr\/wp-json\/wp\/v2\/media?parent=146543"}],"wp:term":[{"taxonomy":"category","embeddable":true,"href":"https:\/\/www.bellunopress.it\/fr\/wp-json\/wp\/v2\/categories?post=146543"},{"taxonomy":"post_tag","embeddable":true,"href":"https:\/\/www.bellunopress.it\/fr\/wp-json\/wp\/v2\/tags?post=146543"}],"curies":[{"name":"wp","href":"https:\/\/api.w.org\/{rel}","templated":true}]}}