{"id":146533,"date":"2023-12-06T18:02:06","date_gmt":"2023-12-06T17:02:06","guid":{"rendered":"https:\/\/www.bellunopress.it\/?p=146533"},"modified":"2025-01-19T18:28:30","modified_gmt":"2025-01-19T17:28:30","slug":"moda-e-vino-degustazione-nella-moorer-boutique-con-cantine-tinazzi-al-cortina-fashion-weekend","status":"publish","type":"post","link":"https:\/\/www.bellunopress.it\/fr\/2023\/12\/06\/moda-e-vino-degustazione-nella-moorer-boutique-con-cantine-tinazzi-al-cortina-fashion-weekend\/","title":{"rendered":"Moda e vino. Degustazione nella MooRER boutique con Cantine Tinazzi al Cortina Fashion Weekend"},"content":{"rendered":"<figure id=\"attachment_146534\" aria-describedby=\"caption-attachment-146534\" style=\"width: 1000px\" class=\"wp-caption alignleft\"><img loading=\"lazy\" decoding=\"async\" class=\"size-full wp-image-146534\" src=\"https:\/\/www.bellunopress.it\/wp-content\/uploads\/2023\/12\/Famiglia-Tinazzi_edited.jpg\" alt=\"\" width=\"1000\" height=\"684\" srcset=\"https:\/\/www.bellunopress.it\/wp-content\/uploads\/2023\/12\/Famiglia-Tinazzi_edited.jpg 1000w, https:\/\/www.bellunopress.it\/wp-content\/uploads\/2023\/12\/Famiglia-Tinazzi_edited-500x342.jpg 500w, https:\/\/www.bellunopress.it\/wp-content\/uploads\/2023\/12\/Famiglia-Tinazzi_edited-218x150.jpg 218w, https:\/\/www.bellunopress.it\/wp-content\/uploads\/2023\/12\/Famiglia-Tinazzi_edited-696x476.jpg 696w\" sizes=\"auto, (max-width: 1000px) 100vw, 1000px\" \/><figcaption id=\"caption-attachment-146534\" class=\"wp-caption-text\">Famiglia Tinazzi<\/figcaption><\/figure>\n<p><em>Sabato 9 dicembre, in occasione del Cortina Fashion Weekend, il gruppo di cantine Tinazzi offrir\u00e0 una degustazione di vini nella MooRER Boutique in Corso Italia 59, a Cortina d&#8217;Ampezzo\u00a0<\/em><\/p>\n<p>Cortina d\u2019Ampezzo, 06 Dicembre 2023 &#8211; Tinazzi e MooRER consolidano il binomio vincente tra moda e <a href=\"https:\/\/www.bellunotoday.com\/\">vino<\/a>. Dopo gli appuntamenti della Milano Design Week e della Milano Wine Week, arriva un evento esclusivo anche sulle Dolomiti per il Cortina Fashion Weekend.<br \/>\nIl Cortina Fashion Weekend, giunto alla tredicesima edizione sotto la regia di Cortina for Us, pone moda, sport e cultura sotto i riflettori tra inaugurazioni, musica e party.<br \/>\nSabato 9 dicembre , a partire dalle 19 e fino alle 21, i vini del gruppo veneto Tinazzi, con sede a Lazise e con una cantina anche in Puglia, allieteranno l\u2019evento di MooRER con una degustazione speciale.<br \/>\nI vini presenti saranno, il Campo delle Rose , Chiaretto di Bardolino DOP della linea Ca&#8217; De&#8217; Rocchi, un vino rosato, dal colore rosa perlato tenue, che dona profumi intensi di frutta rossa in particolare e ciliegia selvatica, accompagnati da note floreali.<br \/>\nL\u2019Ist\u00e0, Pinot Grigio Delle Venezie Dop della linea Ca&#8217; De&#8217; Rocchi. Dai riflessi verdolini che percorrono il colore paglierino si fa notare per i gradevoli profumi di fiori e frutti bianchi e la delicata la finezza e la freschezza al palato.<br \/>\nE per brindare con le bollicine ci sar\u00e0 il L\u00f9n Prosecco Brut.<\/p>\n<p>\u201cSiamo entusiasti della collaborazione con MooRER \u2013 commenta Gian Andrea Tinazzi , titolare del gruppo di cantine \u2013 che ci porter\u00e0 nella Perla delle Dolomiti per far degustare i nostri vini. Siamo due realt\u00e0 internazionali che partono dal Veneto per portare e per far conoscere nel mondo il made in Italy\u201d.<\/p>\n<p>TINAZZI<br \/>\nI Tinazzi, nell&#8217;antica tradizione veronese, erano recipienti simili a botti dove si metteva l&#8217;uva pigiata a fermentare: una famiglia legata al vino persino nell&#8217;origine del nome. Non pu\u00f2 che cominciare con questo curioso aneddoto la storia di Tinazzi, che inizia alla fine degli anni Sessanta a Verona, grazie all\u2019impegno e alla passione di Eugenio Tinazzi. Gian Andrea Tinazzi, figlio del fondatore, all\u2019epoca ancora diciottenne, segue subito il padre nella conduzione dell\u2019impresa e allarga progressivamente gli orizzonti dell\u2019azienda sia in termini di produzione che di mercati. Negli anni l\u2019azienda si trasforma da una realt\u00e0 locale, che<br \/>\nvende vini veneti DOC a piccole realt\u00e0 del lago di Garda, all\u2019attuale importante Gruppo esteso tra Veneto e Puglia, regione di grande carattere e dalle crescenti potenzialit\u00e0 qualitative, in cui i Tinazzi sono presenti dal 2001. Artefice di questa crescita \u00e8 sicuramente Giorgio Tinazzi, figlio di Gian Andrea, che dai primi anni 2000 inizia ad occuparsi delle vendite in Italia e all\u2019estero ed \u00e8 oggi il responsabile commerciale del Gruppo che esporta in pi\u00f9 di 55 Paesi nel Mondo. Francesca Tinazzi, sorella di Giorgio, si occupa invece di finanza e controllo di gestione ma anche di tutte le iniziative legate al tema della sostenibilit\u00e0 e dell\u2019accoglienza.<\/p>","protected":false},"excerpt":{"rendered":"<p>Sabato 9 dicembre, in occasione del Cortina Fashion Weekend, il gruppo di cantine Tinazzi offrir\u00e0 una degustazione di vini nella MooRER Boutique in Corso Italia 59, a Cortina d&#8217;Ampezzo\u00a0 Cortina d\u2019Ampezzo, 06 Dicembre 2023 &#8211; Tinazzi e MooRER consolidano il binomio vincente tra moda e vino. Dopo gli appuntamenti della Milano Design Week e della [&hellip;]<\/p>\n","protected":false},"author":2,"featured_media":146534,"comment_status":"closed","ping_status":"open","sticky":false,"template":"","format":"standard","meta":{"footnotes":""},"categories":[25,4],"tags":[],"class_list":["post-146533","post","type-post","status-publish","format-standard","has-post-thumbnail","category-pausa-caffe","category-sport"],"yoast_head":"<!-- This site is optimized with the Yoast SEO plugin v28.4 - https:\/\/yoast.com\/product\/yoast-seo-wordpress\/ -->\n<title>Moda e vino. Degustazione nella MooRER boutique con Cantine Tinazzi al Cortina Fashion Weekend - Bellunopress - Dolomiti<\/title>\n<meta name=\"robots\" content=\"index, follow, max-snippet:-1, max-image-preview:large, max-video-preview:-1\" \/>\n<link rel=\"canonical\" href=\"https:\/\/www.bellunopress.it\/fr\/2023\/12\/06\/moda-e-vino-degustazione-nella-moorer-boutique-con-cantine-tinazzi-al-cortina-fashion-weekend\/\" \/>\n<meta property=\"og:locale\" content=\"fr_FR\" \/>\n<meta property=\"og:type\" content=\"article\" \/>\n<meta property=\"og:title\" content=\"Moda e vino. Degustazione nella MooRER boutique con Cantine Tinazzi al Cortina Fashion Weekend - Bellunopress - Dolomiti\" \/>\n<meta property=\"og:description\" content=\"Sabato 9 dicembre, in occasione del Cortina Fashion Weekend, il gruppo di cantine Tinazzi offrir\u00e0 una degustazione di vini nella MooRER Boutique in Corso Italia 59, a Cortina d&#8217;Ampezzo\u00a0 Cortina d\u2019Ampezzo, 06 Dicembre 2023 &#8211; Tinazzi e MooRER consolidano il binomio vincente tra moda e vino. Dopo gli appuntamenti della Milano Design Week e della [&hellip;]\" \/>\n<meta property=\"og:url\" content=\"https:\/\/www.bellunopress.it\/fr\/2023\/12\/06\/moda-e-vino-degustazione-nella-moorer-boutique-con-cantine-tinazzi-al-cortina-fashion-weekend\/\" \/>\n<meta property=\"og:site_name\" content=\"Bellunopress - Dolomiti\" \/>\n<meta property=\"article:publisher\" content=\"https:\/\/www.facebook.com\/profile.php?id=100008943462799\" \/>\n<meta property=\"article:published_time\" content=\"2023-12-06T17:02:06+00:00\" \/>\n<meta property=\"article:modified_time\" content=\"2025-01-19T17:28:30+00:00\" \/>\n<meta property=\"og:image\" content=\"https:\/\/www.bellunopress.it\/wp-content\/uploads\/2023\/12\/Famiglia-Tinazzi_edited.jpg\" \/>\n\t<meta property=\"og:image:width\" content=\"1000\" \/>\n\t<meta property=\"og:image:height\" content=\"684\" \/>\n\t<meta property=\"og:image:type\" content=\"image\/jpeg\" \/>\n<meta name=\"author\" content=\"redazione\" \/>\n<meta name=\"twitter:card\" content=\"summary_large_image\" \/>\n<meta name=\"twitter:creator\" content=\"@bellunopress\" \/>\n<meta name=\"twitter:site\" content=\"@bellunopress\" \/>\n<meta name=\"twitter:label1\" content=\"\u00c9crit par\" \/>\n\t<meta name=\"twitter:data1\" content=\"redazione\" \/>\n\t<meta name=\"twitter:label2\" content=\"Dur\u00e9e de lecture estim\u00e9e\" \/>\n\t<meta name=\"twitter:data2\" content=\"2 minutes\" \/>\n<script type=\"application\/ld+json\" class=\"yoast-schema-graph\">{\"@context\":\"https:\\\/\\\/schema.org\",\"@graph\":[{\"@type\":\"Article\",\"@id\":\"https:\\\/\\\/www.bellunopress.it\\\/2023\\\/12\\\/06\\\/moda-e-vino-degustazione-nella-moorer-boutique-con-cantine-tinazzi-al-cortina-fashion-weekend\\\/#article\",\"isPartOf\":{\"@id\":\"https:\\\/\\\/www.bellunopress.it\\\/2023\\\/12\\\/06\\\/moda-e-vino-degustazione-nella-moorer-boutique-con-cantine-tinazzi-al-cortina-fashion-weekend\\\/\"},\"author\":{\"name\":\"redazione\",\"@id\":\"https:\\\/\\\/www.bellunopress.it\\\/#\\\/schema\\\/person\\\/79bb06722b37ece1c03d3e94beb30d73\"},\"headline\":\"Moda e vino. Degustazione nella MooRER boutique con Cantine Tinazzi al Cortina Fashion Weekend\",\"datePublished\":\"2023-12-06T17:02:06+00:00\",\"dateModified\":\"2025-01-19T17:28:30+00:00\",\"mainEntityOfPage\":{\"@id\":\"https:\\\/\\\/www.bellunopress.it\\\/2023\\\/12\\\/06\\\/moda-e-vino-degustazione-nella-moorer-boutique-con-cantine-tinazzi-al-cortina-fashion-weekend\\\/\"},\"wordCount\":505,\"publisher\":{\"@id\":\"https:\\\/\\\/www.bellunopress.it\\\/#organization\"},\"image\":{\"@id\":\"https:\\\/\\\/www.bellunopress.it\\\/2023\\\/12\\\/06\\\/moda-e-vino-degustazione-nella-moorer-boutique-con-cantine-tinazzi-al-cortina-fashion-weekend\\\/#primaryimage\"},\"thumbnailUrl\":\"https:\\\/\\\/www.bellunopress.it\\\/wp-content\\\/uploads\\\/2023\\\/12\\\/Famiglia-Tinazzi_edited.jpg\",\"articleSection\":[\"Pausa Caff\u00e8\",\"Sport, tempo libero\"],\"inLanguage\":\"fr-FR\"},{\"@type\":\"WebPage\",\"@id\":\"https:\\\/\\\/www.bellunopress.it\\\/2023\\\/12\\\/06\\\/moda-e-vino-degustazione-nella-moorer-boutique-con-cantine-tinazzi-al-cortina-fashion-weekend\\\/\",\"url\":\"https:\\\/\\\/www.bellunopress.it\\\/2023\\\/12\\\/06\\\/moda-e-vino-degustazione-nella-moorer-boutique-con-cantine-tinazzi-al-cortina-fashion-weekend\\\/\",\"name\":\"Moda e vino. Degustazione nella MooRER boutique con Cantine Tinazzi al Cortina Fashion Weekend - Bellunopress - Dolomiti\",\"isPartOf\":{\"@id\":\"https:\\\/\\\/www.bellunopress.it\\\/#website\"},\"primaryImageOfPage\":{\"@id\":\"https:\\\/\\\/www.bellunopress.it\\\/2023\\\/12\\\/06\\\/moda-e-vino-degustazione-nella-moorer-boutique-con-cantine-tinazzi-al-cortina-fashion-weekend\\\/#primaryimage\"},\"image\":{\"@id\":\"https:\\\/\\\/www.bellunopress.it\\\/2023\\\/12\\\/06\\\/moda-e-vino-degustazione-nella-moorer-boutique-con-cantine-tinazzi-al-cortina-fashion-weekend\\\/#primaryimage\"},\"thumbnailUrl\":\"https:\\\/\\\/www.bellunopress.it\\\/wp-content\\\/uploads\\\/2023\\\/12\\\/Famiglia-Tinazzi_edited.jpg\",\"datePublished\":\"2023-12-06T17:02:06+00:00\",\"dateModified\":\"2025-01-19T17:28:30+00:00\",\"breadcrumb\":{\"@id\":\"https:\\\/\\\/www.bellunopress.it\\\/2023\\\/12\\\/06\\\/moda-e-vino-degustazione-nella-moorer-boutique-con-cantine-tinazzi-al-cortina-fashion-weekend\\\/#breadcrumb\"},\"inLanguage\":\"fr-FR\",\"potentialAction\":[{\"@type\":\"ReadAction\",\"target\":[\"https:\\\/\\\/www.bellunopress.it\\\/2023\\\/12\\\/06\\\/moda-e-vino-degustazione-nella-moorer-boutique-con-cantine-tinazzi-al-cortina-fashion-weekend\\\/\"]}]},{\"@type\":\"ImageObject\",\"inLanguage\":\"fr-FR\",\"@id\":\"https:\\\/\\\/www.bellunopress.it\\\/2023\\\/12\\\/06\\\/moda-e-vino-degustazione-nella-moorer-boutique-con-cantine-tinazzi-al-cortina-fashion-weekend\\\/#primaryimage\",\"url\":\"https:\\\/\\\/www.bellunopress.it\\\/wp-content\\\/uploads\\\/2023\\\/12\\\/Famiglia-Tinazzi_edited.jpg\",\"contentUrl\":\"https:\\\/\\\/www.bellunopress.it\\\/wp-content\\\/uploads\\\/2023\\\/12\\\/Famiglia-Tinazzi_edited.jpg\",\"width\":1000,\"height\":684,\"caption\":\"Famiglia Tinazzi\"},{\"@type\":\"BreadcrumbList\",\"@id\":\"https:\\\/\\\/www.bellunopress.it\\\/2023\\\/12\\\/06\\\/moda-e-vino-degustazione-nella-moorer-boutique-con-cantine-tinazzi-al-cortina-fashion-weekend\\\/#breadcrumb\",\"itemListElement\":[{\"@type\":\"ListItem\",\"position\":1,\"name\":\"Home\",\"item\":\"https:\\\/\\\/www.bellunopress.it\\\/\"},{\"@type\":\"ListItem\",\"position\":2,\"name\":\"Moda e vino. Degustazione nella MooRER boutique con Cantine Tinazzi al Cortina Fashion Weekend\"}]},{\"@type\":\"WebSite\",\"@id\":\"https:\\\/\\\/www.bellunopress.it\\\/#website\",\"url\":\"https:\\\/\\\/www.bellunopress.it\\\/\",\"name\":\"Bellunopress - Dolomiti\",\"description\":\"e-mail: redazione@bellunopress.it\",\"publisher\":{\"@id\":\"https:\\\/\\\/www.bellunopress.it\\\/#organization\"},\"potentialAction\":[{\"@type\":\"SearchAction\",\"target\":{\"@type\":\"EntryPoint\",\"urlTemplate\":\"https:\\\/\\\/www.bellunopress.it\\\/?s={search_term_string}\"},\"query-input\":{\"@type\":\"PropertyValueSpecification\",\"valueRequired\":true,\"valueName\":\"search_term_string\"}}],\"inLanguage\":\"fr-FR\"},{\"@type\":\"Organization\",\"@id\":\"https:\\\/\\\/www.bellunopress.it\\\/#organization\",\"name\":\"Bellunopress\",\"url\":\"https:\\\/\\\/www.bellunopress.it\\\/\",\"logo\":{\"@type\":\"ImageObject\",\"inLanguage\":\"fr-FR\",\"@id\":\"https:\\\/\\\/www.bellunopress.it\\\/#\\\/schema\\\/logo\\\/image\\\/\",\"url\":\"https:\\\/\\\/www.bellunopress.it\\\/wp-content\\\/uploads\\\/2011\\\/05\\\/cropped-logo-bellunopress-.jpg\",\"contentUrl\":\"https:\\\/\\\/www.bellunopress.it\\\/wp-content\\\/uploads\\\/2011\\\/05\\\/cropped-logo-bellunopress-.jpg\",\"width\":512,\"height\":512,\"caption\":\"Bellunopress\"},\"image\":{\"@id\":\"https:\\\/\\\/www.bellunopress.it\\\/#\\\/schema\\\/logo\\\/image\\\/\"},\"sameAs\":[\"https:\\\/\\\/www.facebook.com\\\/profile.php?id=100008943462799\",\"https:\\\/\\\/x.com\\\/bellunopress\",\"https:\\\/\\\/www.linkedin.com\\\/hp\\\/?dnr=JBzUWaJfMUw8vbXJJ2tVW5-I3jZKvC4wsoxE&amp;amp;amp;amp;amp;amp;trk=nav_responsive_tab_home\",\"https:\\\/\\\/www.youtube.com\\\/channel\\\/UCxL0wu1uN0_3_7hGG0306cw\"]},{\"@type\":\"Person\",\"@id\":\"https:\\\/\\\/www.bellunopress.it\\\/#\\\/schema\\\/person\\\/79bb06722b37ece1c03d3e94beb30d73\",\"name\":\"redazione\",\"image\":{\"@type\":\"ImageObject\",\"inLanguage\":\"fr-FR\",\"@id\":\"https:\\\/\\\/secure.gravatar.com\\\/avatar\\\/37d968a2e67a6fd04c169c4bdef102d0bc5d31b2546345219e348575eb80e9a0?s=96&d=mm&r=g\",\"url\":\"https:\\\/\\\/secure.gravatar.com\\\/avatar\\\/37d968a2e67a6fd04c169c4bdef102d0bc5d31b2546345219e348575eb80e9a0?s=96&d=mm&r=g\",\"contentUrl\":\"https:\\\/\\\/secure.gravatar.com\\\/avatar\\\/37d968a2e67a6fd04c169c4bdef102d0bc5d31b2546345219e348575eb80e9a0?s=96&d=mm&r=g\",\"caption\":\"redazione\"},\"sameAs\":[\"http:\\\/\\\/www.bellunopress.it\",\"https:\\\/\\\/x.com\\\/bellunopress\"],\"url\":\"https:\\\/\\\/www.bellunopress.it\\\/fr\\\/author\\\/redazione\\\/\"}]}<\/script>\n<!-- \/ Yoast SEO plugin. -->","yoast_head_json":{"title":"Moda e vino. Degustazione nella MooRER boutique con Cantine Tinazzi al Cortina Fashion Weekend - Bellunopress - Dolomiti","robots":{"index":"index","follow":"follow","max-snippet":"max-snippet:-1","max-image-preview":"max-image-preview:large","max-video-preview":"max-video-preview:-1"},"canonical":"https:\/\/www.bellunopress.it\/fr\/2023\/12\/06\/moda-e-vino-degustazione-nella-moorer-boutique-con-cantine-tinazzi-al-cortina-fashion-weekend\/","og_locale":"fr_FR","og_type":"article","og_title":"Moda e vino. Degustazione nella MooRER boutique con Cantine Tinazzi al Cortina Fashion Weekend - Bellunopress - Dolomiti","og_description":"Sabato 9 dicembre, in occasione del Cortina Fashion Weekend, il gruppo di cantine Tinazzi offrir\u00e0 una degustazione di vini nella MooRER Boutique in Corso Italia 59, a Cortina d&#8217;Ampezzo\u00a0 Cortina d\u2019Ampezzo, 06 Dicembre 2023 &#8211; Tinazzi e MooRER consolidano il binomio vincente tra moda e vino. Dopo gli appuntamenti della Milano Design Week e della [&hellip;]","og_url":"https:\/\/www.bellunopress.it\/fr\/2023\/12\/06\/moda-e-vino-degustazione-nella-moorer-boutique-con-cantine-tinazzi-al-cortina-fashion-weekend\/","og_site_name":"Bellunopress - Dolomiti","article_publisher":"https:\/\/www.facebook.com\/profile.php?id=100008943462799","article_published_time":"2023-12-06T17:02:06+00:00","article_modified_time":"2025-01-19T17:28:30+00:00","og_image":[{"width":1000,"height":684,"url":"https:\/\/www.bellunopress.it\/wp-content\/uploads\/2023\/12\/Famiglia-Tinazzi_edited.jpg","type":"image\/jpeg"}],"author":"redazione","twitter_card":"summary_large_image","twitter_creator":"@bellunopress","twitter_site":"@bellunopress","twitter_misc":{"\u00c9crit par":"redazione","Dur\u00e9e de lecture estim\u00e9e":"2 minutes"},"schema":{"@context":"https:\/\/schema.org","@graph":[{"@type":"Article","@id":"https:\/\/www.bellunopress.it\/2023\/12\/06\/moda-e-vino-degustazione-nella-moorer-boutique-con-cantine-tinazzi-al-cortina-fashion-weekend\/#article","isPartOf":{"@id":"https:\/\/www.bellunopress.it\/2023\/12\/06\/moda-e-vino-degustazione-nella-moorer-boutique-con-cantine-tinazzi-al-cortina-fashion-weekend\/"},"author":{"name":"redazione","@id":"https:\/\/www.bellunopress.it\/#\/schema\/person\/79bb06722b37ece1c03d3e94beb30d73"},"headline":"Moda e vino. Degustazione nella MooRER boutique con Cantine Tinazzi al Cortina Fashion Weekend","datePublished":"2023-12-06T17:02:06+00:00","dateModified":"2025-01-19T17:28:30+00:00","mainEntityOfPage":{"@id":"https:\/\/www.bellunopress.it\/2023\/12\/06\/moda-e-vino-degustazione-nella-moorer-boutique-con-cantine-tinazzi-al-cortina-fashion-weekend\/"},"wordCount":505,"publisher":{"@id":"https:\/\/www.bellunopress.it\/#organization"},"image":{"@id":"https:\/\/www.bellunopress.it\/2023\/12\/06\/moda-e-vino-degustazione-nella-moorer-boutique-con-cantine-tinazzi-al-cortina-fashion-weekend\/#primaryimage"},"thumbnailUrl":"https:\/\/www.bellunopress.it\/wp-content\/uploads\/2023\/12\/Famiglia-Tinazzi_edited.jpg","articleSection":["Pausa Caff\u00e8","Sport, tempo libero"],"inLanguage":"fr-FR"},{"@type":"WebPage","@id":"https:\/\/www.bellunopress.it\/2023\/12\/06\/moda-e-vino-degustazione-nella-moorer-boutique-con-cantine-tinazzi-al-cortina-fashion-weekend\/","url":"https:\/\/www.bellunopress.it\/2023\/12\/06\/moda-e-vino-degustazione-nella-moorer-boutique-con-cantine-tinazzi-al-cortina-fashion-weekend\/","name":"Moda e vino. Degustazione nella MooRER boutique con Cantine Tinazzi al Cortina Fashion Weekend - Bellunopress - Dolomiti","isPartOf":{"@id":"https:\/\/www.bellunopress.it\/#website"},"primaryImageOfPage":{"@id":"https:\/\/www.bellunopress.it\/2023\/12\/06\/moda-e-vino-degustazione-nella-moorer-boutique-con-cantine-tinazzi-al-cortina-fashion-weekend\/#primaryimage"},"image":{"@id":"https:\/\/www.bellunopress.it\/2023\/12\/06\/moda-e-vino-degustazione-nella-moorer-boutique-con-cantine-tinazzi-al-cortina-fashion-weekend\/#primaryimage"},"thumbnailUrl":"https:\/\/www.bellunopress.it\/wp-content\/uploads\/2023\/12\/Famiglia-Tinazzi_edited.jpg","datePublished":"2023-12-06T17:02:06+00:00","dateModified":"2025-01-19T17:28:30+00:00","breadcrumb":{"@id":"https:\/\/www.bellunopress.it\/2023\/12\/06\/moda-e-vino-degustazione-nella-moorer-boutique-con-cantine-tinazzi-al-cortina-fashion-weekend\/#breadcrumb"},"inLanguage":"fr-FR","potentialAction":[{"@type":"ReadAction","target":["https:\/\/www.bellunopress.it\/2023\/12\/06\/moda-e-vino-degustazione-nella-moorer-boutique-con-cantine-tinazzi-al-cortina-fashion-weekend\/"]}]},{"@type":"ImageObject","inLanguage":"fr-FR","@id":"https:\/\/www.bellunopress.it\/2023\/12\/06\/moda-e-vino-degustazione-nella-moorer-boutique-con-cantine-tinazzi-al-cortina-fashion-weekend\/#primaryimage","url":"https:\/\/www.bellunopress.it\/wp-content\/uploads\/2023\/12\/Famiglia-Tinazzi_edited.jpg","contentUrl":"https:\/\/www.bellunopress.it\/wp-content\/uploads\/2023\/12\/Famiglia-Tinazzi_edited.jpg","width":1000,"height":684,"caption":"Famiglia Tinazzi"},{"@type":"BreadcrumbList","@id":"https:\/\/www.bellunopress.it\/2023\/12\/06\/moda-e-vino-degustazione-nella-moorer-boutique-con-cantine-tinazzi-al-cortina-fashion-weekend\/#breadcrumb","itemListElement":[{"@type":"ListItem","position":1,"name":"Home","item":"https:\/\/www.bellunopress.it\/"},{"@type":"ListItem","position":2,"name":"Moda e vino. Degustazione nella MooRER boutique con Cantine Tinazzi al Cortina Fashion Weekend"}]},{"@type":"WebSite","@id":"https:\/\/www.bellunopress.it\/#website","url":"https:\/\/www.bellunopress.it\/","name":"Bellunopress - Dolomiti","description":"e-mail: redazione@bellunopress.it","publisher":{"@id":"https:\/\/www.bellunopress.it\/#organization"},"potentialAction":[{"@type":"SearchAction","target":{"@type":"EntryPoint","urlTemplate":"https:\/\/www.bellunopress.it\/?s={search_term_string}"},"query-input":{"@type":"PropertyValueSpecification","valueRequired":true,"valueName":"search_term_string"}}],"inLanguage":"fr-FR"},{"@type":"Organization","@id":"https:\/\/www.bellunopress.it\/#organization","name":"Bellunopress","url":"https:\/\/www.bellunopress.it\/","logo":{"@type":"ImageObject","inLanguage":"fr-FR","@id":"https:\/\/www.bellunopress.it\/#\/schema\/logo\/image\/","url":"https:\/\/www.bellunopress.it\/wp-content\/uploads\/2011\/05\/cropped-logo-bellunopress-.jpg","contentUrl":"https:\/\/www.bellunopress.it\/wp-content\/uploads\/2011\/05\/cropped-logo-bellunopress-.jpg","width":512,"height":512,"caption":"Bellunopress"},"image":{"@id":"https:\/\/www.bellunopress.it\/#\/schema\/logo\/image\/"},"sameAs":["https:\/\/www.facebook.com\/profile.php?id=100008943462799","https:\/\/x.com\/bellunopress","https:\/\/www.linkedin.com\/hp\/?dnr=JBzUWaJfMUw8vbXJJ2tVW5-I3jZKvC4wsoxE&amp;amp;amp;amp;amp;amp;trk=nav_responsive_tab_home","https:\/\/www.youtube.com\/channel\/UCxL0wu1uN0_3_7hGG0306cw"]},{"@type":"Person","@id":"https:\/\/www.bellunopress.it\/#\/schema\/person\/79bb06722b37ece1c03d3e94beb30d73","name":"r\u00e9daction","image":{"@type":"ImageObject","inLanguage":"fr-FR","@id":"https:\/\/secure.gravatar.com\/avatar\/37d968a2e67a6fd04c169c4bdef102d0bc5d31b2546345219e348575eb80e9a0?s=96&d=mm&r=g","url":"https:\/\/secure.gravatar.com\/avatar\/37d968a2e67a6fd04c169c4bdef102d0bc5d31b2546345219e348575eb80e9a0?s=96&d=mm&r=g","contentUrl":"https:\/\/secure.gravatar.com\/avatar\/37d968a2e67a6fd04c169c4bdef102d0bc5d31b2546345219e348575eb80e9a0?s=96&d=mm&r=g","caption":"redazione"},"sameAs":["http:\/\/www.bellunopress.it","https:\/\/x.com\/bellunopress"],"url":"https:\/\/www.bellunopress.it\/fr\/author\/redazione\/"}]}},"_links":{"self":[{"href":"https:\/\/www.bellunopress.it\/fr\/wp-json\/wp\/v2\/posts\/146533","targetHints":{"allow":["GET"]}}],"collection":[{"href":"https:\/\/www.bellunopress.it\/fr\/wp-json\/wp\/v2\/posts"}],"about":[{"href":"https:\/\/www.bellunopress.it\/fr\/wp-json\/wp\/v2\/types\/post"}],"author":[{"embeddable":true,"href":"https:\/\/www.bellunopress.it\/fr\/wp-json\/wp\/v2\/users\/2"}],"replies":[{"embeddable":true,"href":"https:\/\/www.bellunopress.it\/fr\/wp-json\/wp\/v2\/comments?post=146533"}],"version-history":[{"count":2,"href":"https:\/\/www.bellunopress.it\/fr\/wp-json\/wp\/v2\/posts\/146533\/revisions"}],"predecessor-version":[{"id":157251,"href":"https:\/\/www.bellunopress.it\/fr\/wp-json\/wp\/v2\/posts\/146533\/revisions\/157251"}],"wp:featuredmedia":[{"embeddable":true,"href":"https:\/\/www.bellunopress.it\/fr\/wp-json\/wp\/v2\/media\/146534"}],"wp:attachment":[{"href":"https:\/\/www.bellunopress.it\/fr\/wp-json\/wp\/v2\/media?parent=146533"}],"wp:term":[{"taxonomy":"category","embeddable":true,"href":"https:\/\/www.bellunopress.it\/fr\/wp-json\/wp\/v2\/categories?post=146533"},{"taxonomy":"post_tag","embeddable":true,"href":"https:\/\/www.bellunopress.it\/fr\/wp-json\/wp\/v2\/tags?post=146533"}],"curies":[{"name":"wp","href":"https:\/\/api.w.org\/{rel}","templated":true}]}}