{"id":146530,"date":"2023-12-06T17:28:50","date_gmt":"2023-12-06T16:28:50","guid":{"rendered":"https:\/\/www.bellunopress.it\/?p=146530"},"modified":"2023-12-06T17:29:08","modified_gmt":"2023-12-06T16:29:08","slug":"unaltra-verita-sul-lupo-sabato-sera-a-tambre-la-replica-alla-serata-di-refrontolo-con-il-lupo-si-puo-convivere","status":"publish","type":"post","link":"https:\/\/www.bellunopress.it\/fr\/2023\/12\/06\/unaltra-verita-sul-lupo-sabato-sera-a-tambre-la-replica-alla-serata-di-refrontolo-con-il-lupo-si-puo-convivere\/","title":{"rendered":"Un&#8217;altra verit\u00e0 sul lupo. Sabato sera a Tambre la replica alla serata di Refrontolo &#8220;Con il lupo si pu\u00f2 convivere&#8221;"},"content":{"rendered":"<p><img loading=\"lazy\" decoding=\"async\" class=\"alignleft size-full wp-image-146531\" src=\"https:\/\/www.bellunopress.it\/wp-content\/uploads\/2023\/12\/convegno-sul-lupo-a-tambre_edited.jpg\" alt=\"\" width=\"710\" height=\"1000\" srcset=\"https:\/\/www.bellunopress.it\/wp-content\/uploads\/2023\/12\/convegno-sul-lupo-a-tambre_edited.jpg 710w, https:\/\/www.bellunopress.it\/wp-content\/uploads\/2023\/12\/convegno-sul-lupo-a-tambre_edited-355x500.jpg 355w, https:\/\/www.bellunopress.it\/wp-content\/uploads\/2023\/12\/convegno-sul-lupo-a-tambre_edited-696x980.jpg 696w\" sizes=\"auto, (max-width: 710px) 100vw, 710px\" \/>Sabato 9 dicembre alle 20:30 al Centro sociale del Comune di Tambre (BL) in piazza 11 gennaio n\u00b01 si terr\u00e0 il convegno dibattito &#8220;La verit\u00e0 sul lupo&#8221;, organizzato dalla cooperativa Fardjma con il patrocinio dell&#8217;Amministrazione Comunale.<\/p>\n<p>L&#8217;iniziativa &#8211; fanno sapere gli organizzatori della serata &#8211; \u00e8 la risposta all&#8217;incontro pubblico Con il lupo si pu\u00f2 convivere \u2013 tenutosi l&#8217;1 dicembre al municipio di Refrontolo con il patrocinio della relativa amministrazione locale \u2013 durante il quale non era stato organizzato un doveroso contraddittorio con relatori portatori di diverse idee. Di fatto si era lasciato totalmente il campo alle associazioni The Cat Women, Siamo tutti animali Veneto e Leal (Lega anti vivisezione). Agli allevatori dell&#8217;Alpago, cio\u00e8 proprio a coloro che subiscono ingenti danni dalla predazione dei lupi, invece nessuno spazio come relatori delle legittime istanze.<\/p>\n<p>Il relatore di &#8220;Con il lupo si pu\u00f2 convivere&#8221; &#8211; prosegue la nota &#8211; e che tra le altre cose era stato presentato come divulgatore scientifico, esperto di tutela ambientale e convivenza con gli animali selvatici, nonch\u00e9 come docente di convivenza con il cane e quindi della sua giusta conoscenza, proprio sui cani ha fornito una informazione non veritiera dichiarando: &#8220;Si parla di pericolo lupo e non di pericolo cane, nessun sindaco prende posizione sul caso dei cani. Sono 70.000 le aggressioni all&#8217;anno subite dall&#8217;uomo a causa dei cani&#8221;.<\/p>\n<p>Ma anche se \u00e8 vero che tali casi purtroppo si verificano e che prima di adottare i cani bisognerebbe imparare a conoscerli, i 70.000 casi citati sono immaginari, tanto che l&#8217;Associazione Nazionale Medici Veterinari Italiani dichiara ufficialmente che &#8220;In Italia non esiste una epidemiologia ufficiale e sistematica delle morsicature e delle aggressioni canine, n\u00e9 ai danni delle persone n\u00e9 di altri cani&#8221;. Il dato delle 70.000 aggressioni (esattamente 69.525) citate dal relatore deriva forse da uno studio della Harvard Medical School che ha esaminato i dati relativi ai morsi di cane ma riguarda gli&#8230;Stati Uniti e non per un anno ma\u00a0 dieci, dal 2009 al 2018.<\/p>\n<p>Nel mondo ambientalista\/animalista in generale \u00e8 da decenni che si cerca di spacciare i cani come pi\u00f9 aggressivi e i lupi come innocui, &#8211; sottolineano gli organizzatori dell&#8217;incontro di Tambre &#8211; ma nella realt\u00e0 statisticamente \u00e8 l&#8217;opposto. L&#8217;unico studio, &#8220;Indagine sull&#8217;aggressivit\u00e0 canina nel centro-nord Italia&#8221; riporta 9.231 denunce di aggressioni canine (a persone ma anche ad altri animali) tra il 1998 e il 2005, ossia in 7 anni. Anche raddoppiando tale cifra per tutta l&#8217;Italia si arriverebbe a circa 20.000 in 7 anni e cio\u00e8 circa 2.500 l&#8217;anno, ma considerando che i cani regolarmente registrati in Italia sono oltre 13 milioni! Se si paragonano anche solo le 13 persone attaccate e ferite (con ricoveri in ospedale) della lupa di Vasto nell&#8217;arco di dodici mesi, 2022-2023, si scopre che sarebbe come se i 3.300 lupi stimati in Italia avessero ferito in un solo anno venti volte pi\u00f9 dei cani.<\/p>\n<p>Fortunatamente, finora, i lupi in Italia non hanno pi\u00f9 ucciso nessun essere umano dal 1923, quando un uomo adulto nel Mugello fu azzannato alla gola, soccorso e trasportato all&#8217;ospedale di Marradi, dove spir\u00f2. Ne diede notizia anche il giornale Messaggero del Mugello dell&#8217;11 marzo 1923. E dal 1914 al 1922 ne furono predate altre in Abruzzo (contrada Portelle, presso Roccaraso; un soldato in licenza a Palena; una donna a Rivisondoli; un uomo a Cittaducale, allora facente parte dell&#8217;Abruzzo). Ricordiamo che questi attacchi antropofagici, avvenuti anche davanti a testimoni, furono portati da lupi sani e non idrofobi in quanto \u00e8 risaputo che gli esemplari rabidi non possono mangiare n\u00e9 bere. Di questi attacchi rifer\u00ec lo zoologo di fama internazionale Giuseppe Altobello ossia proprio colui che individu\u00f2 (oltre alla sottospecie orso marsicano) la sottospecie Canis lupus altobello, poi rinominata Canis lupus italicus.<\/p>\n<p>Quindi, quando il relatore, come ha fatto all&#8217;incontro di Refrontolo &#8220;Con il lupo si pu\u00f2 convivere&#8221;, intende divulgare correttamente dovrebbe prima documentarsi invece di dichiarare che &#8220;Da 150 anni il lupo, in tutta Europa, non attacca l&#8217;uomo&#8221;. Anzi, in tutto il mondo i pi\u00f9 recenti casi di attacchi agli esseri umani sono avvenuti proprio in Italia, con il caso nel 2020 del cosiddetto lupo di Otranto (puro, da analisi del DNA effettuati dall&#8217;Ispra dopo la cattura) e nel 2022-23 della lupa di Vasto (pura, DNA dopo la cattura) che attacc\u00f2 in diverse occasioni ben quindici persone, mandandone all&#8217;ospedale tredici di cui tre bambini dai 4 agli 11 anni in evidenti tentativi di predazione. I due bambini pi\u00f9 piccoli, addirittura attaccati in spiaggia in mezzo a un centinaio di persone, furono azzannati alla schiena ma fortunatamente salvati dai genitori trattenendoli per le gambe. Da notare che la succitata Ispra, ossia l&#8217;Istituto superiore per la protezione e la ricerca ambientale, \u00e8 l&#8217;organismo scientifico del Ministero dell&#8217;ambiente e della sicurezza energetica e ha appurato e dichiarato invece che il lupo, anche appenninico, pu\u00f2 essere pericoloso per l&#8217;uomo e che in diverse occasioni lo ha dimostrato, con attacchi e ferite documentati dalle autorit\u00e0.<\/p>\n<p>Altrettanto non vera \u00e8 la frase che il lupo a proposito dell&#8217;uomo &#8220;lo teme e continua a farlo, nascondendosi ed evitandoci sistematicamente&#8221;, visto che ormai frequenta persino di giorno i centri abitati e addirittura i cortili delle abitazioni, con continui filmati e fotografie che appurano la cosa.<\/p>\n<p>Secondo il relatore, quindi, il lupo sarebbe un animale &#8220;odiato a causa di una cultura sostenuta da mass media interessati a vendere, da alcuni politici a fare una falsa propaganda, da alcune categorie interessate all&#8217;abbattimento della specie, da arrivisti e speculatori&#8221;, come si leggeva in una delle slide proiettate in sala. Ovviamente gli allevatori presenti si sono risentiti. A qualcuno sfugge evidentemente che bench\u00e9 il lupo sia specie protetta, la stessa Direttiva Habitat firmata anche dall&#8217;Italia prevede il legale abbattimento non solo degli esemplari problematici\/confidenti\/pericolosi (vale pure per gli orsi) ma anche degli esemplari di lupo che causano eccessivi danni al bestiame, se questo \u00e8 protetto da cani e reti ma le predazioni si verificano lo stesso. Come avviene infatti negli altri stati europei, come in Svizzera, in cui \u00e8 legale abbatterli persino prima che compiano razzie. Il lupo in pratica deve esistere, ma gestito anche numericamente. Ricordiamo che i 3.300 lupi stimati due anni fa dal monitoraggio dell&#8217;Ispra significano che la sola Italia ha pi\u00f9 lupi \u2013 sommandoli \u2013 di Svizzera, Portogallo, Francia, Germania, Austria, Belgio, Paesi Bassi, Slovenia, Danimarca, Svezia, Norvegia e Finlandia.<br \/>\nNon \u00e8 affatto vero che il lupo regola la propria popolazione e quindi si autolimita, in quanto se c&#8217;\u00e8 anche un minimo di copertura ma prede a sufficienza (incluso il bestiame) non fa altro che ridurre il territorio del branco, tanto che ormai si \u00e8 arrivati persino a territori con cinque lupi su soli 52 km\u00b2 (Kora &#8211; Ufficio federale dell&#8217;ambiente delle foreste e del paesaggio), di 33 km\u00b2 (Silvia Guglieri, 2012) e addirittura di circa 30 km\u00b2 come nel caso del branco della Riserva Naturale Statale Litorale Romano. Territori pi\u00f9 piccoli ma con molte prede, selvatiche e domestiche, significa pi\u00f9 lupi in meno spazio e quindi pi\u00f9 territori. Per finire, si continuano a fare esempi di convivenza con i lupi citando il Parco Nazionale di Yellowstone, ma non si sanno o non si dicono alcuni particolari: questo parco statunitense \u00e8 vasto ben 8.991 km\u00b2, ossia pi\u00f9 del doppio dell&#8217;intera provincia di Belluno (3.610 km\u00b2). Ma nel Parco di Yellowstone i residenti sono appena 1.057 persone, mentre nel Bellunese sono quasi 200.000; nel Parco statunitense non si alleva bestiame, cosa vietata, ma nel Bellunese s\u00ec; e infine, a Yellowstone i lupi sono 108 (dato gennaio 2023) ma nel Bellunese almeno altrettanti.<\/p>\n<p>I relatori del convegno dibattito La verit\u00e0 sul lupo saranno: Zaccaria Tona (presidente Cooperativa Fardjma, allevatore); Alessandro Fullin (dottore agronomo, allevatore); Stefano Saviane (Presidente Riserva alpina di caccia di Tambre); Giovanni Todaro, giornalista naturalista e scrittore); Mario Giuliano, avvocato, Trento); prof. Michele Corti (Presidente Associazione Nazionale per la Tutela dell&#8217;Ambiente e della Vita Rurali). La partecipazione \u00e8 libera, con interventi del pubblico interessato.<\/p>\n<p>I dati portati a La verit\u00e0 sul lupo saranno molti pi\u00f9 di quelli qui accennati, tra cui uno studio unico al mondo e relativo proprio all&#8217;Italia, attinente a livello nazionale alle oltre 800 interazioni degli ultimi anni documentate lupi-esseri umani e aggiornato fino agli inizi di dicembre 2023. Riguarda i casi \u2013 con un aumento decisamente esponenziale nel corso del tempo e in particolare negli ultimi due anni \u2013 in cui i lupi sono entrati in centri abitati e persino di giorno in cortili e spazi condominiali predando anche animali domestici, persino cani al guinzaglio e gatti davanti alle case, e approcciandosi in modo pi\u00f9 che preoccupante ad abitanti, passanti, allevatori, cacciatori. Lo studio \u00e8 del prof. Michele Corti.<\/p>\n<p>&nbsp;<\/p>\n<p>&nbsp;<\/p>","protected":false},"excerpt":{"rendered":"<p>Sabato 9 dicembre alle 20:30 al Centro sociale del Comune di Tambre (BL) in piazza 11 gennaio n\u00b01 si terr\u00e0 il convegno dibattito &#8220;La verit\u00e0 sul lupo&#8221;, organizzato dalla cooperativa Fardjma con il patrocinio dell&#8217;Amministrazione Comunale. L&#8217;iniziativa &#8211; fanno sapere gli organizzatori della serata &#8211; \u00e8 la risposta all&#8217;incontro pubblico Con il lupo si pu\u00f2 [&hellip;]<\/p>\n","protected":false},"author":2,"featured_media":146531,"comment_status":"closed","ping_status":"open","sticky":false,"template":"","format":"standard","meta":{"footnotes":""},"categories":[38,25,8],"tags":[],"class_list":["post-146530","post","type-post","status-publish","format-standard","has-post-thumbnail","category-natura-ambiente","category-pausa-caffe","category-societa-istituzioni"],"yoast_head":"<!-- This site is optimized with the Yoast SEO plugin v28.4 - https:\/\/yoast.com\/product\/yoast-seo-wordpress\/ -->\n<title>Un&#039;altra verit\u00e0 sul lupo. Sabato sera a Tambre la replica alla serata di Refrontolo &quot;Con il lupo si pu\u00f2 convivere&quot; - Bellunopress - Dolomiti<\/title>\n<meta name=\"robots\" content=\"index, follow, max-snippet:-1, max-image-preview:large, max-video-preview:-1\" \/>\n<link rel=\"canonical\" href=\"https:\/\/www.bellunopress.it\/fr\/2023\/12\/06\/unaltra-verita-sul-lupo-sabato-sera-a-tambre-la-replica-alla-serata-di-refrontolo-con-il-lupo-si-puo-convivere\/\" \/>\n<meta property=\"og:locale\" content=\"fr_FR\" \/>\n<meta property=\"og:type\" content=\"article\" \/>\n<meta property=\"og:title\" content=\"Un&#039;altra verit\u00e0 sul lupo. Sabato sera a Tambre la replica alla serata di Refrontolo &quot;Con il lupo si pu\u00f2 convivere&quot; - Bellunopress - Dolomiti\" \/>\n<meta property=\"og:description\" content=\"Sabato 9 dicembre alle 20:30 al Centro sociale del Comune di Tambre (BL) in piazza 11 gennaio n\u00b01 si terr\u00e0 il convegno dibattito &#8220;La verit\u00e0 sul lupo&#8221;, organizzato dalla cooperativa Fardjma con il patrocinio dell&#8217;Amministrazione Comunale. L&#8217;iniziativa &#8211; fanno sapere gli organizzatori della serata &#8211; \u00e8 la risposta all&#8217;incontro pubblico Con il lupo si pu\u00f2 [&hellip;]\" \/>\n<meta property=\"og:url\" content=\"https:\/\/www.bellunopress.it\/fr\/2023\/12\/06\/unaltra-verita-sul-lupo-sabato-sera-a-tambre-la-replica-alla-serata-di-refrontolo-con-il-lupo-si-puo-convivere\/\" \/>\n<meta property=\"og:site_name\" content=\"Bellunopress - Dolomiti\" \/>\n<meta property=\"article:publisher\" content=\"https:\/\/www.facebook.com\/profile.php?id=100008943462799\" \/>\n<meta property=\"article:published_time\" content=\"2023-12-06T16:28:50+00:00\" \/>\n<meta property=\"article:modified_time\" content=\"2023-12-06T16:29:08+00:00\" \/>\n<meta property=\"og:image\" content=\"https:\/\/www.bellunopress.it\/wp-content\/uploads\/2023\/12\/convegno-sul-lupo-a-tambre_edited.jpg\" \/>\n\t<meta property=\"og:image:width\" content=\"710\" \/>\n\t<meta property=\"og:image:height\" content=\"1000\" \/>\n\t<meta property=\"og:image:type\" content=\"image\/jpeg\" \/>\n<meta name=\"author\" content=\"redazione\" \/>\n<meta name=\"twitter:card\" content=\"summary_large_image\" \/>\n<meta name=\"twitter:creator\" content=\"@bellunopress\" \/>\n<meta name=\"twitter:site\" content=\"@bellunopress\" \/>\n<meta name=\"twitter:label1\" content=\"Written by\" \/>\n\t<meta name=\"twitter:data1\" content=\"redazione\" \/>\n\t<meta name=\"twitter:label2\" content=\"Est. reading time\" \/>\n\t<meta name=\"twitter:data2\" content=\"7 minutes\" \/>\n<script type=\"application\/ld+json\" class=\"yoast-schema-graph\">{\"@context\":\"https:\\\/\\\/schema.org\",\"@graph\":[{\"@type\":\"Article\",\"@id\":\"https:\\\/\\\/www.bellunopress.it\\\/2023\\\/12\\\/06\\\/unaltra-verita-sul-lupo-sabato-sera-a-tambre-la-replica-alla-serata-di-refrontolo-con-il-lupo-si-puo-convivere\\\/#article\",\"isPartOf\":{\"@id\":\"https:\\\/\\\/www.bellunopress.it\\\/2023\\\/12\\\/06\\\/unaltra-verita-sul-lupo-sabato-sera-a-tambre-la-replica-alla-serata-di-refrontolo-con-il-lupo-si-puo-convivere\\\/\"},\"author\":{\"name\":\"redazione\",\"@id\":\"https:\\\/\\\/www.bellunopress.it\\\/#\\\/schema\\\/person\\\/79bb06722b37ece1c03d3e94beb30d73\"},\"headline\":\"Un&#8217;altra verit\u00e0 sul lupo. Sabato sera a Tambre la replica alla serata di Refrontolo &#8220;Con il lupo si pu\u00f2 convivere&#8221;\",\"datePublished\":\"2023-12-06T16:28:50+00:00\",\"dateModified\":\"2023-12-06T16:29:08+00:00\",\"mainEntityOfPage\":{\"@id\":\"https:\\\/\\\/www.bellunopress.it\\\/2023\\\/12\\\/06\\\/unaltra-verita-sul-lupo-sabato-sera-a-tambre-la-replica-alla-serata-di-refrontolo-con-il-lupo-si-puo-convivere\\\/\"},\"wordCount\":1429,\"publisher\":{\"@id\":\"https:\\\/\\\/www.bellunopress.it\\\/#organization\"},\"image\":{\"@id\":\"https:\\\/\\\/www.bellunopress.it\\\/2023\\\/12\\\/06\\\/unaltra-verita-sul-lupo-sabato-sera-a-tambre-la-replica-alla-serata-di-refrontolo-con-il-lupo-si-puo-convivere\\\/#primaryimage\"},\"thumbnailUrl\":\"https:\\\/\\\/www.bellunopress.it\\\/wp-content\\\/uploads\\\/2023\\\/12\\\/convegno-sul-lupo-a-tambre_edited.jpg\",\"articleSection\":[\"Meteo, natura, ambiente, animali\",\"Pausa Caff\u00e8\",\"Societ\u00e0, Associazioni, Istituzioni\"],\"inLanguage\":\"fr-FR\"},{\"@type\":\"WebPage\",\"@id\":\"https:\\\/\\\/www.bellunopress.it\\\/2023\\\/12\\\/06\\\/unaltra-verita-sul-lupo-sabato-sera-a-tambre-la-replica-alla-serata-di-refrontolo-con-il-lupo-si-puo-convivere\\\/\",\"url\":\"https:\\\/\\\/www.bellunopress.it\\\/2023\\\/12\\\/06\\\/unaltra-verita-sul-lupo-sabato-sera-a-tambre-la-replica-alla-serata-di-refrontolo-con-il-lupo-si-puo-convivere\\\/\",\"name\":\"Un'altra verit\u00e0 sul lupo. Sabato sera a Tambre la replica alla serata di Refrontolo \\\"Con il lupo si pu\u00f2 convivere\\\" - Bellunopress - Dolomiti\",\"isPartOf\":{\"@id\":\"https:\\\/\\\/www.bellunopress.it\\\/#website\"},\"primaryImageOfPage\":{\"@id\":\"https:\\\/\\\/www.bellunopress.it\\\/2023\\\/12\\\/06\\\/unaltra-verita-sul-lupo-sabato-sera-a-tambre-la-replica-alla-serata-di-refrontolo-con-il-lupo-si-puo-convivere\\\/#primaryimage\"},\"image\":{\"@id\":\"https:\\\/\\\/www.bellunopress.it\\\/2023\\\/12\\\/06\\\/unaltra-verita-sul-lupo-sabato-sera-a-tambre-la-replica-alla-serata-di-refrontolo-con-il-lupo-si-puo-convivere\\\/#primaryimage\"},\"thumbnailUrl\":\"https:\\\/\\\/www.bellunopress.it\\\/wp-content\\\/uploads\\\/2023\\\/12\\\/convegno-sul-lupo-a-tambre_edited.jpg\",\"datePublished\":\"2023-12-06T16:28:50+00:00\",\"dateModified\":\"2023-12-06T16:29:08+00:00\",\"breadcrumb\":{\"@id\":\"https:\\\/\\\/www.bellunopress.it\\\/2023\\\/12\\\/06\\\/unaltra-verita-sul-lupo-sabato-sera-a-tambre-la-replica-alla-serata-di-refrontolo-con-il-lupo-si-puo-convivere\\\/#breadcrumb\"},\"inLanguage\":\"fr-FR\",\"potentialAction\":[{\"@type\":\"ReadAction\",\"target\":[\"https:\\\/\\\/www.bellunopress.it\\\/2023\\\/12\\\/06\\\/unaltra-verita-sul-lupo-sabato-sera-a-tambre-la-replica-alla-serata-di-refrontolo-con-il-lupo-si-puo-convivere\\\/\"]}]},{\"@type\":\"ImageObject\",\"inLanguage\":\"fr-FR\",\"@id\":\"https:\\\/\\\/www.bellunopress.it\\\/2023\\\/12\\\/06\\\/unaltra-verita-sul-lupo-sabato-sera-a-tambre-la-replica-alla-serata-di-refrontolo-con-il-lupo-si-puo-convivere\\\/#primaryimage\",\"url\":\"https:\\\/\\\/www.bellunopress.it\\\/wp-content\\\/uploads\\\/2023\\\/12\\\/convegno-sul-lupo-a-tambre_edited.jpg\",\"contentUrl\":\"https:\\\/\\\/www.bellunopress.it\\\/wp-content\\\/uploads\\\/2023\\\/12\\\/convegno-sul-lupo-a-tambre_edited.jpg\",\"width\":710,\"height\":1000},{\"@type\":\"BreadcrumbList\",\"@id\":\"https:\\\/\\\/www.bellunopress.it\\\/2023\\\/12\\\/06\\\/unaltra-verita-sul-lupo-sabato-sera-a-tambre-la-replica-alla-serata-di-refrontolo-con-il-lupo-si-puo-convivere\\\/#breadcrumb\",\"itemListElement\":[{\"@type\":\"ListItem\",\"position\":1,\"name\":\"Home\",\"item\":\"https:\\\/\\\/www.bellunopress.it\\\/\"},{\"@type\":\"ListItem\",\"position\":2,\"name\":\"Un&#8217;altra verit\u00e0 sul lupo. Sabato sera a Tambre la replica alla serata di Refrontolo &#8220;Con il lupo si pu\u00f2 convivere&#8221;\"}]},{\"@type\":\"WebSite\",\"@id\":\"https:\\\/\\\/www.bellunopress.it\\\/#website\",\"url\":\"https:\\\/\\\/www.bellunopress.it\\\/\",\"name\":\"Bellunopress - Dolomiti\",\"description\":\"e-mail: redazione@bellunopress.it\",\"publisher\":{\"@id\":\"https:\\\/\\\/www.bellunopress.it\\\/#organization\"},\"potentialAction\":[{\"@type\":\"SearchAction\",\"target\":{\"@type\":\"EntryPoint\",\"urlTemplate\":\"https:\\\/\\\/www.bellunopress.it\\\/?s={search_term_string}\"},\"query-input\":{\"@type\":\"PropertyValueSpecification\",\"valueRequired\":true,\"valueName\":\"search_term_string\"}}],\"inLanguage\":\"fr-FR\"},{\"@type\":\"Organization\",\"@id\":\"https:\\\/\\\/www.bellunopress.it\\\/#organization\",\"name\":\"Bellunopress\",\"url\":\"https:\\\/\\\/www.bellunopress.it\\\/\",\"logo\":{\"@type\":\"ImageObject\",\"inLanguage\":\"fr-FR\",\"@id\":\"https:\\\/\\\/www.bellunopress.it\\\/#\\\/schema\\\/logo\\\/image\\\/\",\"url\":\"https:\\\/\\\/www.bellunopress.it\\\/wp-content\\\/uploads\\\/2011\\\/05\\\/cropped-logo-bellunopress-.jpg\",\"contentUrl\":\"https:\\\/\\\/www.bellunopress.it\\\/wp-content\\\/uploads\\\/2011\\\/05\\\/cropped-logo-bellunopress-.jpg\",\"width\":512,\"height\":512,\"caption\":\"Bellunopress\"},\"image\":{\"@id\":\"https:\\\/\\\/www.bellunopress.it\\\/#\\\/schema\\\/logo\\\/image\\\/\"},\"sameAs\":[\"https:\\\/\\\/www.facebook.com\\\/profile.php?id=100008943462799\",\"https:\\\/\\\/x.com\\\/bellunopress\",\"https:\\\/\\\/www.linkedin.com\\\/hp\\\/?dnr=JBzUWaJfMUw8vbXJJ2tVW5-I3jZKvC4wsoxE&amp;amp;amp;amp;amp;amp;trk=nav_responsive_tab_home\",\"https:\\\/\\\/www.youtube.com\\\/channel\\\/UCxL0wu1uN0_3_7hGG0306cw\"]},{\"@type\":\"Person\",\"@id\":\"https:\\\/\\\/www.bellunopress.it\\\/#\\\/schema\\\/person\\\/79bb06722b37ece1c03d3e94beb30d73\",\"name\":\"redazione\",\"image\":{\"@type\":\"ImageObject\",\"inLanguage\":\"fr-FR\",\"@id\":\"https:\\\/\\\/secure.gravatar.com\\\/avatar\\\/37d968a2e67a6fd04c169c4bdef102d0bc5d31b2546345219e348575eb80e9a0?s=96&d=mm&r=g\",\"url\":\"https:\\\/\\\/secure.gravatar.com\\\/avatar\\\/37d968a2e67a6fd04c169c4bdef102d0bc5d31b2546345219e348575eb80e9a0?s=96&d=mm&r=g\",\"contentUrl\":\"https:\\\/\\\/secure.gravatar.com\\\/avatar\\\/37d968a2e67a6fd04c169c4bdef102d0bc5d31b2546345219e348575eb80e9a0?s=96&d=mm&r=g\",\"caption\":\"redazione\"},\"sameAs\":[\"http:\\\/\\\/www.bellunopress.it\",\"https:\\\/\\\/x.com\\\/bellunopress\"],\"url\":\"https:\\\/\\\/www.bellunopress.it\\\/fr\\\/author\\\/redazione\\\/\"}]}<\/script>\n<!-- \/ Yoast SEO plugin. -->","yoast_head_json":{"title":"Un'altra verit\u00e0 sul lupo. Sabato sera a Tambre la replica alla serata di Refrontolo \"Con il lupo si pu\u00f2 convivere\" - Bellunopress - Dolomiti","robots":{"index":"index","follow":"follow","max-snippet":"max-snippet:-1","max-image-preview":"max-image-preview:large","max-video-preview":"max-video-preview:-1"},"canonical":"https:\/\/www.bellunopress.it\/fr\/2023\/12\/06\/unaltra-verita-sul-lupo-sabato-sera-a-tambre-la-replica-alla-serata-di-refrontolo-con-il-lupo-si-puo-convivere\/","og_locale":"fr_FR","og_type":"article","og_title":"Un'altra verit\u00e0 sul lupo. Sabato sera a Tambre la replica alla serata di Refrontolo \"Con il lupo si pu\u00f2 convivere\" - Bellunopress - Dolomiti","og_description":"Sabato 9 dicembre alle 20:30 al Centro sociale del Comune di Tambre (BL) in piazza 11 gennaio n\u00b01 si terr\u00e0 il convegno dibattito &#8220;La verit\u00e0 sul lupo&#8221;, organizzato dalla cooperativa Fardjma con il patrocinio dell&#8217;Amministrazione Comunale. L&#8217;iniziativa &#8211; fanno sapere gli organizzatori della serata &#8211; \u00e8 la risposta all&#8217;incontro pubblico Con il lupo si pu\u00f2 [&hellip;]","og_url":"https:\/\/www.bellunopress.it\/fr\/2023\/12\/06\/unaltra-verita-sul-lupo-sabato-sera-a-tambre-la-replica-alla-serata-di-refrontolo-con-il-lupo-si-puo-convivere\/","og_site_name":"Bellunopress - Dolomiti","article_publisher":"https:\/\/www.facebook.com\/profile.php?id=100008943462799","article_published_time":"2023-12-06T16:28:50+00:00","article_modified_time":"2023-12-06T16:29:08+00:00","og_image":[{"width":710,"height":1000,"url":"https:\/\/www.bellunopress.it\/wp-content\/uploads\/2023\/12\/convegno-sul-lupo-a-tambre_edited.jpg","type":"image\/jpeg"}],"author":"redazione","twitter_card":"summary_large_image","twitter_creator":"@bellunopress","twitter_site":"@bellunopress","twitter_misc":{"Written by":"redazione","Est. reading time":"7 minutes"},"schema":{"@context":"https:\/\/schema.org","@graph":[{"@type":"Article","@id":"https:\/\/www.bellunopress.it\/2023\/12\/06\/unaltra-verita-sul-lupo-sabato-sera-a-tambre-la-replica-alla-serata-di-refrontolo-con-il-lupo-si-puo-convivere\/#article","isPartOf":{"@id":"https:\/\/www.bellunopress.it\/2023\/12\/06\/unaltra-verita-sul-lupo-sabato-sera-a-tambre-la-replica-alla-serata-di-refrontolo-con-il-lupo-si-puo-convivere\/"},"author":{"name":"redazione","@id":"https:\/\/www.bellunopress.it\/#\/schema\/person\/79bb06722b37ece1c03d3e94beb30d73"},"headline":"Un&#8217;altra verit\u00e0 sul lupo. Sabato sera a Tambre la replica alla serata di Refrontolo &#8220;Con il lupo si pu\u00f2 convivere&#8221;","datePublished":"2023-12-06T16:28:50+00:00","dateModified":"2023-12-06T16:29:08+00:00","mainEntityOfPage":{"@id":"https:\/\/www.bellunopress.it\/2023\/12\/06\/unaltra-verita-sul-lupo-sabato-sera-a-tambre-la-replica-alla-serata-di-refrontolo-con-il-lupo-si-puo-convivere\/"},"wordCount":1429,"publisher":{"@id":"https:\/\/www.bellunopress.it\/#organization"},"image":{"@id":"https:\/\/www.bellunopress.it\/2023\/12\/06\/unaltra-verita-sul-lupo-sabato-sera-a-tambre-la-replica-alla-serata-di-refrontolo-con-il-lupo-si-puo-convivere\/#primaryimage"},"thumbnailUrl":"https:\/\/www.bellunopress.it\/wp-content\/uploads\/2023\/12\/convegno-sul-lupo-a-tambre_edited.jpg","articleSection":["Meteo, natura, ambiente, animali","Pausa Caff\u00e8","Societ\u00e0, Associazioni, Istituzioni"],"inLanguage":"fr-FR"},{"@type":"WebPage","@id":"https:\/\/www.bellunopress.it\/2023\/12\/06\/unaltra-verita-sul-lupo-sabato-sera-a-tambre-la-replica-alla-serata-di-refrontolo-con-il-lupo-si-puo-convivere\/","url":"https:\/\/www.bellunopress.it\/2023\/12\/06\/unaltra-verita-sul-lupo-sabato-sera-a-tambre-la-replica-alla-serata-di-refrontolo-con-il-lupo-si-puo-convivere\/","name":"Un'altra verit\u00e0 sul lupo. Sabato sera a Tambre la replica alla serata di Refrontolo \"Con il lupo si pu\u00f2 convivere\" - Bellunopress - Dolomiti","isPartOf":{"@id":"https:\/\/www.bellunopress.it\/#website"},"primaryImageOfPage":{"@id":"https:\/\/www.bellunopress.it\/2023\/12\/06\/unaltra-verita-sul-lupo-sabato-sera-a-tambre-la-replica-alla-serata-di-refrontolo-con-il-lupo-si-puo-convivere\/#primaryimage"},"image":{"@id":"https:\/\/www.bellunopress.it\/2023\/12\/06\/unaltra-verita-sul-lupo-sabato-sera-a-tambre-la-replica-alla-serata-di-refrontolo-con-il-lupo-si-puo-convivere\/#primaryimage"},"thumbnailUrl":"https:\/\/www.bellunopress.it\/wp-content\/uploads\/2023\/12\/convegno-sul-lupo-a-tambre_edited.jpg","datePublished":"2023-12-06T16:28:50+00:00","dateModified":"2023-12-06T16:29:08+00:00","breadcrumb":{"@id":"https:\/\/www.bellunopress.it\/2023\/12\/06\/unaltra-verita-sul-lupo-sabato-sera-a-tambre-la-replica-alla-serata-di-refrontolo-con-il-lupo-si-puo-convivere\/#breadcrumb"},"inLanguage":"fr-FR","potentialAction":[{"@type":"ReadAction","target":["https:\/\/www.bellunopress.it\/2023\/12\/06\/unaltra-verita-sul-lupo-sabato-sera-a-tambre-la-replica-alla-serata-di-refrontolo-con-il-lupo-si-puo-convivere\/"]}]},{"@type":"ImageObject","inLanguage":"fr-FR","@id":"https:\/\/www.bellunopress.it\/2023\/12\/06\/unaltra-verita-sul-lupo-sabato-sera-a-tambre-la-replica-alla-serata-di-refrontolo-con-il-lupo-si-puo-convivere\/#primaryimage","url":"https:\/\/www.bellunopress.it\/wp-content\/uploads\/2023\/12\/convegno-sul-lupo-a-tambre_edited.jpg","contentUrl":"https:\/\/www.bellunopress.it\/wp-content\/uploads\/2023\/12\/convegno-sul-lupo-a-tambre_edited.jpg","width":710,"height":1000},{"@type":"BreadcrumbList","@id":"https:\/\/www.bellunopress.it\/2023\/12\/06\/unaltra-verita-sul-lupo-sabato-sera-a-tambre-la-replica-alla-serata-di-refrontolo-con-il-lupo-si-puo-convivere\/#breadcrumb","itemListElement":[{"@type":"ListItem","position":1,"name":"Home","item":"https:\/\/www.bellunopress.it\/"},{"@type":"ListItem","position":2,"name":"Un&#8217;altra verit\u00e0 sul lupo. Sabato sera a Tambre la replica alla serata di Refrontolo &#8220;Con il lupo si pu\u00f2 convivere&#8221;"}]},{"@type":"WebSite","@id":"https:\/\/www.bellunopress.it\/#website","url":"https:\/\/www.bellunopress.it\/","name":"Bellunopress - Dolomiti","description":"e-mail: redazione@bellunopress.it","publisher":{"@id":"https:\/\/www.bellunopress.it\/#organization"},"potentialAction":[{"@type":"SearchAction","target":{"@type":"EntryPoint","urlTemplate":"https:\/\/www.bellunopress.it\/?s={search_term_string}"},"query-input":{"@type":"PropertyValueSpecification","valueRequired":true,"valueName":"search_term_string"}}],"inLanguage":"fr-FR"},{"@type":"Organization","@id":"https:\/\/www.bellunopress.it\/#organization","name":"Bellunopress","url":"https:\/\/www.bellunopress.it\/","logo":{"@type":"ImageObject","inLanguage":"fr-FR","@id":"https:\/\/www.bellunopress.it\/#\/schema\/logo\/image\/","url":"https:\/\/www.bellunopress.it\/wp-content\/uploads\/2011\/05\/cropped-logo-bellunopress-.jpg","contentUrl":"https:\/\/www.bellunopress.it\/wp-content\/uploads\/2011\/05\/cropped-logo-bellunopress-.jpg","width":512,"height":512,"caption":"Bellunopress"},"image":{"@id":"https:\/\/www.bellunopress.it\/#\/schema\/logo\/image\/"},"sameAs":["https:\/\/www.facebook.com\/profile.php?id=100008943462799","https:\/\/x.com\/bellunopress","https:\/\/www.linkedin.com\/hp\/?dnr=JBzUWaJfMUw8vbXJJ2tVW5-I3jZKvC4wsoxE&amp;amp;amp;amp;amp;amp;trk=nav_responsive_tab_home","https:\/\/www.youtube.com\/channel\/UCxL0wu1uN0_3_7hGG0306cw"]},{"@type":"Person","@id":"https:\/\/www.bellunopress.it\/#\/schema\/person\/79bb06722b37ece1c03d3e94beb30d73","name":"r\u00e9daction","image":{"@type":"ImageObject","inLanguage":"fr-FR","@id":"https:\/\/secure.gravatar.com\/avatar\/37d968a2e67a6fd04c169c4bdef102d0bc5d31b2546345219e348575eb80e9a0?s=96&d=mm&r=g","url":"https:\/\/secure.gravatar.com\/avatar\/37d968a2e67a6fd04c169c4bdef102d0bc5d31b2546345219e348575eb80e9a0?s=96&d=mm&r=g","contentUrl":"https:\/\/secure.gravatar.com\/avatar\/37d968a2e67a6fd04c169c4bdef102d0bc5d31b2546345219e348575eb80e9a0?s=96&d=mm&r=g","caption":"redazione"},"sameAs":["http:\/\/www.bellunopress.it","https:\/\/x.com\/bellunopress"],"url":"https:\/\/www.bellunopress.it\/fr\/author\/redazione\/"}]}},"_links":{"self":[{"href":"https:\/\/www.bellunopress.it\/fr\/wp-json\/wp\/v2\/posts\/146530","targetHints":{"allow":["GET"]}}],"collection":[{"href":"https:\/\/www.bellunopress.it\/fr\/wp-json\/wp\/v2\/posts"}],"about":[{"href":"https:\/\/www.bellunopress.it\/fr\/wp-json\/wp\/v2\/types\/post"}],"author":[{"embeddable":true,"href":"https:\/\/www.bellunopress.it\/fr\/wp-json\/wp\/v2\/users\/2"}],"replies":[{"embeddable":true,"href":"https:\/\/www.bellunopress.it\/fr\/wp-json\/wp\/v2\/comments?post=146530"}],"version-history":[{"count":1,"href":"https:\/\/www.bellunopress.it\/fr\/wp-json\/wp\/v2\/posts\/146530\/revisions"}],"predecessor-version":[{"id":146532,"href":"https:\/\/www.bellunopress.it\/fr\/wp-json\/wp\/v2\/posts\/146530\/revisions\/146532"}],"wp:featuredmedia":[{"embeddable":true,"href":"https:\/\/www.bellunopress.it\/fr\/wp-json\/wp\/v2\/media\/146531"}],"wp:attachment":[{"href":"https:\/\/www.bellunopress.it\/fr\/wp-json\/wp\/v2\/media?parent=146530"}],"wp:term":[{"taxonomy":"category","embeddable":true,"href":"https:\/\/www.bellunopress.it\/fr\/wp-json\/wp\/v2\/categories?post=146530"},{"taxonomy":"post_tag","embeddable":true,"href":"https:\/\/www.bellunopress.it\/fr\/wp-json\/wp\/v2\/tags?post=146530"}],"curies":[{"name":"wp","href":"https:\/\/api.w.org\/{rel}","templated":true}]}}