{"id":14653,"date":"2010-04-22T21:35:06","date_gmt":"2010-04-22T20:35:06","guid":{"rendered":"http:\/\/www.bellunopress.it\/?p=14653"},"modified":"2010-04-22T21:35:06","modified_gmt":"2010-04-22T20:35:06","slug":"a-belluno-la-sede-della-fondazione-dolomiti-unesco-la-provincia-decidera-dove-stabilire-la-sede-il-centro-piero-rossi-in-piazza-piloni","status":"publish","type":"post","link":"https:\/\/www.bellunopress.it\/fr\/2010\/04\/22\/a-belluno-la-sede-della-fondazione-dolomiti-unesco-la-provincia-decidera-dove-stabilire-la-sede-il-centro-piero-rossi-in-piazza-piloni\/","title":{"rendered":"A Belluno la sede della Fondazione Dolomiti Unesco. La provincia decider\u00e0 dove stabilire la sede. Il centro &#8220;Piero Rossi&#8221; in piazza Piloni?"},"content":{"rendered":"<p><a href=\"http:\/\/www.bellunopress.it\/wp-content\/uploads\/2009\/12\/fondazionedolomitiunesco.jpg\"><img loading=\"lazy\" decoding=\"async\" class=\"alignleft size-medium wp-image-10294\" title=\"fondazionedolomitiunesco\" src=\"http:\/\/www.bellunopress.it\/wp-content\/uploads\/2009\/12\/fondazionedolomitiunesco.jpg\" alt=\"\" width=\"280\" height=\"187\" \/><\/a>Non abbiamo avuto l&#8217;assessore regionale, ma avremo la sede della Fondazione Dolomiti Unesco. La notizia ha tutta l&#8217;aria d&#8217;essere una decisione riparatoria ai malumori per il mancato assessorateo regionale. Nascer\u00e0 il 13 maggio prossimo a Belluno la Fondazione \u201cDolomiti &#8211; Dolomiten &#8211; Dolomites Unesco\u201d, cinque Province e due Regioni coordineranno sforzi e strategie per la promozione di un territorio \u201cpatrimonio dell\u2019umanit\u00e0\u201d. \u201cBelluno &#8211;\u00a0ha annunciato Finozzi, assessore veneto al Turismo e alle Funzioni amministrative per la Provincia di Belluno al termine della riunione con i rappresentanti dei soci fondatori &#8211; avr\u00e0 per i primi tre anni la presidenza, oltre alla sede della Fondazione\u201d. \u201cL\u2019iscrizione delle Dolomiti &#8211; prosegue l\u2019assessore Finozzi &#8211; nel patrimonio mondiale Unesco si configura come un\u2019occasione straordinaria per ragionare sui temi della montagna e sulla specificit\u00e0 anche culturale del territorio dolomitico. Tutti temi da affrontare con una nuova consapevolezza e responsabilit\u00e0 amministrativa per garantire nel tempo la durata dei valori universali che l\u2019Unesco ha riconosciuto. Un\u2019occasione in particolare per il bellunese che da solo rappresenta il 45% del territorio delle Dolomiti e sul quale insistono cinque dei nove siti tutelati dall\u2019Unesco per le Dolomiti\u201d.<br \/>\nSi trovano infatti interamente nel Veneto il sito di Pelmo-Croda dal Lago, mentre insistono parzialmente nel bellunese quelli delle Dolomiti settentrionali, Pale di San Martino-Pale di San Lucano-Dolomiti Bellunesi-Vette feltrine, Dolomiti friulane e Marmolada. \u201cSecondo lo statuto concordato tra i soci che verr\u00e0 firmato il 13 maggio\u00a0 la sede legale della Fondazione sar\u00e0 per i primi tre anni a Belluno e la l\u2019amministrazione provinciale sar\u00e0 libera di individuare il luogo pi\u00f9 opportuno per la sede operativa. Dal canto suo la Regione del Veneto sosterr\u00e0 la nascita e le iniziative della Fondazione con un cospicuo impegno di bilancio: per il 2010 sono stati gi\u00e0 stanziati 120 mila euro di cui 10.000 sono stati gi\u00e0 impiegati per la costituzione dell\u2019ente e altri 110 mila serviranno invece per lo sviluppo di progetti.\u00a0 La Fondazione Dolomiti avr\u00e0 il compito di individuare una strategia di promozione complessiva dell\u2019area e di definire piani di gestione per ciascuno dei siti riconosciuti dall\u2019Unesco. In cantiere c\u2019\u00e8 anche un concorso per la creazione di un logo unico che rappresenti il patrimonio delle Dolomiti.<\/p>","protected":false},"excerpt":{"rendered":"<p>Non abbiamo avuto l&#8217;assessore regionale, ma avremo la sede della Fondazione Dolomiti Unesco. La notizia ha tutta l&#8217;aria d&#8217;essere una decisione riparatoria ai malumori per il mancato assessorateo regionale. Nascer\u00e0 il 13 maggio prossimo a Belluno la Fondazione \u201cDolomiti &#8211; Dolomiten &#8211; Dolomites Unesco\u201d, cinque Province e due Regioni coordineranno sforzi e strategie per la [&hellip;]<\/p>\n","protected":false},"author":2,"featured_media":0,"comment_status":"closed","ping_status":"open","sticky":false,"template":"","format":"standard","meta":{"footnotes":""},"categories":[5,26],"tags":[1325],"class_list":["post-14653","post","type-post","status-publish","format-standard","category-cronaca","category-prima-pagina","tag-a-belluno-la-sede-dolomiti-uneso"],"yoast_head":"<!-- This site is optimized with the Yoast SEO plugin v28.4 - https:\/\/yoast.com\/product\/yoast-seo-wordpress\/ -->\n<title>A Belluno la sede della Fondazione Dolomiti Unesco. La provincia decider\u00e0 dove stabilire la sede. Il centro &quot;Piero Rossi&quot; in piazza Piloni?  - Bellunopress - Dolomiti<\/title>\n<meta name=\"robots\" content=\"index, follow, max-snippet:-1, max-image-preview:large, max-video-preview:-1\" \/>\n<link rel=\"canonical\" href=\"https:\/\/www.bellunopress.it\/fr\/2010\/04\/22\/a-belluno-la-sede-della-fondazione-dolomiti-unesco-la-provincia-decidera-dove-stabilire-la-sede-il-centro-piero-rossi-in-piazza-piloni\/\" \/>\n<meta property=\"og:locale\" content=\"fr_FR\" \/>\n<meta property=\"og:type\" content=\"article\" \/>\n<meta property=\"og:title\" content=\"A Belluno la sede della Fondazione Dolomiti Unesco. La provincia decider\u00e0 dove stabilire la sede. Il centro &quot;Piero Rossi&quot; in piazza Piloni?  - Bellunopress - Dolomiti\" \/>\n<meta property=\"og:description\" content=\"Non abbiamo avuto l&#8217;assessore regionale, ma avremo la sede della Fondazione Dolomiti Unesco. La notizia ha tutta l&#8217;aria d&#8217;essere una decisione riparatoria ai malumori per il mancato assessorateo regionale. Nascer\u00e0 il 13 maggio prossimo a Belluno la Fondazione \u201cDolomiti &#8211; Dolomiten &#8211; Dolomites Unesco\u201d, cinque Province e due Regioni coordineranno sforzi e strategie per la [&hellip;]\" \/>\n<meta property=\"og:url\" content=\"https:\/\/www.bellunopress.it\/fr\/2010\/04\/22\/a-belluno-la-sede-della-fondazione-dolomiti-unesco-la-provincia-decidera-dove-stabilire-la-sede-il-centro-piero-rossi-in-piazza-piloni\/\" \/>\n<meta property=\"og:site_name\" content=\"Bellunopress - Dolomiti\" \/>\n<meta property=\"article:publisher\" content=\"https:\/\/www.facebook.com\/profile.php?id=100008943462799\" \/>\n<meta property=\"article:published_time\" content=\"2010-04-22T20:35:06+00:00\" \/>\n<meta property=\"og:image\" content=\"http:\/\/www.bellunopress.it\/wp-content\/uploads\/2009\/12\/fondazionedolomitiunesco.jpg\" \/>\n<meta name=\"author\" content=\"redazione\" \/>\n<meta name=\"twitter:card\" content=\"summary_large_image\" \/>\n<meta name=\"twitter:creator\" content=\"@bellunopress\" \/>\n<meta name=\"twitter:site\" content=\"@bellunopress\" \/>\n<meta name=\"twitter:label1\" content=\"\u00c9crit par\" \/>\n\t<meta name=\"twitter:data1\" content=\"redazione\" \/>\n\t<meta name=\"twitter:label2\" content=\"Dur\u00e9e de lecture estim\u00e9e\" \/>\n\t<meta name=\"twitter:data2\" content=\"2 minutes\" \/>\n<script type=\"application\/ld+json\" class=\"yoast-schema-graph\">{\"@context\":\"https:\\\/\\\/schema.org\",\"@graph\":[{\"@type\":\"Article\",\"@id\":\"https:\\\/\\\/www.bellunopress.it\\\/2010\\\/04\\\/22\\\/a-belluno-la-sede-della-fondazione-dolomiti-unesco-la-provincia-decidera-dove-stabilire-la-sede-il-centro-piero-rossi-in-piazza-piloni\\\/#article\",\"isPartOf\":{\"@id\":\"https:\\\/\\\/www.bellunopress.it\\\/2010\\\/04\\\/22\\\/a-belluno-la-sede-della-fondazione-dolomiti-unesco-la-provincia-decidera-dove-stabilire-la-sede-il-centro-piero-rossi-in-piazza-piloni\\\/\"},\"author\":{\"name\":\"redazione\",\"@id\":\"https:\\\/\\\/www.bellunopress.it\\\/#\\\/schema\\\/person\\\/79bb06722b37ece1c03d3e94beb30d73\"},\"headline\":\"A Belluno la sede della Fondazione Dolomiti Unesco. La provincia decider\u00e0 dove stabilire la sede. Il centro &#8220;Piero Rossi&#8221; in piazza Piloni?\",\"datePublished\":\"2010-04-22T20:35:06+00:00\",\"mainEntityOfPage\":{\"@id\":\"https:\\\/\\\/www.bellunopress.it\\\/2010\\\/04\\\/22\\\/a-belluno-la-sede-della-fondazione-dolomiti-unesco-la-provincia-decidera-dove-stabilire-la-sede-il-centro-piero-rossi-in-piazza-piloni\\\/\"},\"wordCount\":390,\"publisher\":{\"@id\":\"https:\\\/\\\/www.bellunopress.it\\\/#organization\"},\"image\":{\"@id\":\"https:\\\/\\\/www.bellunopress.it\\\/2010\\\/04\\\/22\\\/a-belluno-la-sede-della-fondazione-dolomiti-unesco-la-provincia-decidera-dove-stabilire-la-sede-il-centro-piero-rossi-in-piazza-piloni\\\/#primaryimage\"},\"thumbnailUrl\":\"http:\\\/\\\/www.bellunopress.it\\\/wp-content\\\/uploads\\\/2009\\\/12\\\/fondazionedolomitiunesco.jpg\",\"keywords\":[\"A Belluno la sede Dolomiti Uneso\"],\"articleSection\":[\"Cronaca\\\/Politica\",\"Prima Pagina\"],\"inLanguage\":\"fr-FR\"},{\"@type\":\"WebPage\",\"@id\":\"https:\\\/\\\/www.bellunopress.it\\\/2010\\\/04\\\/22\\\/a-belluno-la-sede-della-fondazione-dolomiti-unesco-la-provincia-decidera-dove-stabilire-la-sede-il-centro-piero-rossi-in-piazza-piloni\\\/\",\"url\":\"https:\\\/\\\/www.bellunopress.it\\\/2010\\\/04\\\/22\\\/a-belluno-la-sede-della-fondazione-dolomiti-unesco-la-provincia-decidera-dove-stabilire-la-sede-il-centro-piero-rossi-in-piazza-piloni\\\/\",\"name\":\"A Belluno la sede della Fondazione Dolomiti Unesco. La provincia decider\u00e0 dove stabilire la sede. Il centro \\\"Piero Rossi\\\" in piazza Piloni? - Bellunopress - Dolomiti\",\"isPartOf\":{\"@id\":\"https:\\\/\\\/www.bellunopress.it\\\/#website\"},\"primaryImageOfPage\":{\"@id\":\"https:\\\/\\\/www.bellunopress.it\\\/2010\\\/04\\\/22\\\/a-belluno-la-sede-della-fondazione-dolomiti-unesco-la-provincia-decidera-dove-stabilire-la-sede-il-centro-piero-rossi-in-piazza-piloni\\\/#primaryimage\"},\"image\":{\"@id\":\"https:\\\/\\\/www.bellunopress.it\\\/2010\\\/04\\\/22\\\/a-belluno-la-sede-della-fondazione-dolomiti-unesco-la-provincia-decidera-dove-stabilire-la-sede-il-centro-piero-rossi-in-piazza-piloni\\\/#primaryimage\"},\"thumbnailUrl\":\"http:\\\/\\\/www.bellunopress.it\\\/wp-content\\\/uploads\\\/2009\\\/12\\\/fondazionedolomitiunesco.jpg\",\"datePublished\":\"2010-04-22T20:35:06+00:00\",\"breadcrumb\":{\"@id\":\"https:\\\/\\\/www.bellunopress.it\\\/2010\\\/04\\\/22\\\/a-belluno-la-sede-della-fondazione-dolomiti-unesco-la-provincia-decidera-dove-stabilire-la-sede-il-centro-piero-rossi-in-piazza-piloni\\\/#breadcrumb\"},\"inLanguage\":\"fr-FR\",\"potentialAction\":[{\"@type\":\"ReadAction\",\"target\":[\"https:\\\/\\\/www.bellunopress.it\\\/2010\\\/04\\\/22\\\/a-belluno-la-sede-della-fondazione-dolomiti-unesco-la-provincia-decidera-dove-stabilire-la-sede-il-centro-piero-rossi-in-piazza-piloni\\\/\"]}]},{\"@type\":\"ImageObject\",\"inLanguage\":\"fr-FR\",\"@id\":\"https:\\\/\\\/www.bellunopress.it\\\/2010\\\/04\\\/22\\\/a-belluno-la-sede-della-fondazione-dolomiti-unesco-la-provincia-decidera-dove-stabilire-la-sede-il-centro-piero-rossi-in-piazza-piloni\\\/#primaryimage\",\"url\":\"http:\\\/\\\/www.bellunopress.it\\\/wp-content\\\/uploads\\\/2009\\\/12\\\/fondazionedolomitiunesco.jpg\",\"contentUrl\":\"http:\\\/\\\/www.bellunopress.it\\\/wp-content\\\/uploads\\\/2009\\\/12\\\/fondazionedolomitiunesco.jpg\"},{\"@type\":\"BreadcrumbList\",\"@id\":\"https:\\\/\\\/www.bellunopress.it\\\/2010\\\/04\\\/22\\\/a-belluno-la-sede-della-fondazione-dolomiti-unesco-la-provincia-decidera-dove-stabilire-la-sede-il-centro-piero-rossi-in-piazza-piloni\\\/#breadcrumb\",\"itemListElement\":[{\"@type\":\"ListItem\",\"position\":1,\"name\":\"Home\",\"item\":\"https:\\\/\\\/www.bellunopress.it\\\/\"},{\"@type\":\"ListItem\",\"position\":2,\"name\":\"A Belluno la sede della Fondazione Dolomiti Unesco. La provincia decider\u00e0 dove stabilire la sede. Il centro &#8220;Piero Rossi&#8221; in piazza Piloni?\"}]},{\"@type\":\"WebSite\",\"@id\":\"https:\\\/\\\/www.bellunopress.it\\\/#website\",\"url\":\"https:\\\/\\\/www.bellunopress.it\\\/\",\"name\":\"Bellunopress - Dolomiti\",\"description\":\"e-mail: redazione@bellunopress.it\",\"publisher\":{\"@id\":\"https:\\\/\\\/www.bellunopress.it\\\/#organization\"},\"potentialAction\":[{\"@type\":\"SearchAction\",\"target\":{\"@type\":\"EntryPoint\",\"urlTemplate\":\"https:\\\/\\\/www.bellunopress.it\\\/?s={search_term_string}\"},\"query-input\":{\"@type\":\"PropertyValueSpecification\",\"valueRequired\":true,\"valueName\":\"search_term_string\"}}],\"inLanguage\":\"fr-FR\"},{\"@type\":\"Organization\",\"@id\":\"https:\\\/\\\/www.bellunopress.it\\\/#organization\",\"name\":\"Bellunopress\",\"url\":\"https:\\\/\\\/www.bellunopress.it\\\/\",\"logo\":{\"@type\":\"ImageObject\",\"inLanguage\":\"fr-FR\",\"@id\":\"https:\\\/\\\/www.bellunopress.it\\\/#\\\/schema\\\/logo\\\/image\\\/\",\"url\":\"https:\\\/\\\/www.bellunopress.it\\\/wp-content\\\/uploads\\\/2011\\\/05\\\/cropped-logo-bellunopress-.jpg\",\"contentUrl\":\"https:\\\/\\\/www.bellunopress.it\\\/wp-content\\\/uploads\\\/2011\\\/05\\\/cropped-logo-bellunopress-.jpg\",\"width\":512,\"height\":512,\"caption\":\"Bellunopress\"},\"image\":{\"@id\":\"https:\\\/\\\/www.bellunopress.it\\\/#\\\/schema\\\/logo\\\/image\\\/\"},\"sameAs\":[\"https:\\\/\\\/www.facebook.com\\\/profile.php?id=100008943462799\",\"https:\\\/\\\/x.com\\\/bellunopress\",\"https:\\\/\\\/www.linkedin.com\\\/hp\\\/?dnr=JBzUWaJfMUw8vbXJJ2tVW5-I3jZKvC4wsoxE&amp;amp;amp;amp;amp;amp;trk=nav_responsive_tab_home\",\"https:\\\/\\\/www.youtube.com\\\/channel\\\/UCxL0wu1uN0_3_7hGG0306cw\"]},{\"@type\":\"Person\",\"@id\":\"https:\\\/\\\/www.bellunopress.it\\\/#\\\/schema\\\/person\\\/79bb06722b37ece1c03d3e94beb30d73\",\"name\":\"redazione\",\"image\":{\"@type\":\"ImageObject\",\"inLanguage\":\"fr-FR\",\"@id\":\"https:\\\/\\\/secure.gravatar.com\\\/avatar\\\/37d968a2e67a6fd04c169c4bdef102d0bc5d31b2546345219e348575eb80e9a0?s=96&d=mm&r=g\",\"url\":\"https:\\\/\\\/secure.gravatar.com\\\/avatar\\\/37d968a2e67a6fd04c169c4bdef102d0bc5d31b2546345219e348575eb80e9a0?s=96&d=mm&r=g\",\"contentUrl\":\"https:\\\/\\\/secure.gravatar.com\\\/avatar\\\/37d968a2e67a6fd04c169c4bdef102d0bc5d31b2546345219e348575eb80e9a0?s=96&d=mm&r=g\",\"caption\":\"redazione\"},\"sameAs\":[\"http:\\\/\\\/www.bellunopress.it\",\"https:\\\/\\\/x.com\\\/bellunopress\"],\"url\":\"https:\\\/\\\/www.bellunopress.it\\\/fr\\\/author\\\/redazione\\\/\"}]}<\/script>\n<!-- \/ Yoast SEO plugin. -->","yoast_head_json":{"title":"A Belluno la sede della Fondazione Dolomiti Unesco. La provincia decider\u00e0 dove stabilire la sede. Il centro \"Piero Rossi\" in piazza Piloni?  - Bellunopress - Dolomiti","robots":{"index":"index","follow":"follow","max-snippet":"max-snippet:-1","max-image-preview":"max-image-preview:large","max-video-preview":"max-video-preview:-1"},"canonical":"https:\/\/www.bellunopress.it\/fr\/2010\/04\/22\/a-belluno-la-sede-della-fondazione-dolomiti-unesco-la-provincia-decidera-dove-stabilire-la-sede-il-centro-piero-rossi-in-piazza-piloni\/","og_locale":"fr_FR","og_type":"article","og_title":"A Belluno la sede della Fondazione Dolomiti Unesco. La provincia decider\u00e0 dove stabilire la sede. Il centro \"Piero Rossi\" in piazza Piloni?  - Bellunopress - Dolomiti","og_description":"Non abbiamo avuto l&#8217;assessore regionale, ma avremo la sede della Fondazione Dolomiti Unesco. La notizia ha tutta l&#8217;aria d&#8217;essere una decisione riparatoria ai malumori per il mancato assessorateo regionale. Nascer\u00e0 il 13 maggio prossimo a Belluno la Fondazione \u201cDolomiti &#8211; Dolomiten &#8211; Dolomites Unesco\u201d, cinque Province e due Regioni coordineranno sforzi e strategie per la [&hellip;]","og_url":"https:\/\/www.bellunopress.it\/fr\/2010\/04\/22\/a-belluno-la-sede-della-fondazione-dolomiti-unesco-la-provincia-decidera-dove-stabilire-la-sede-il-centro-piero-rossi-in-piazza-piloni\/","og_site_name":"Bellunopress - Dolomiti","article_publisher":"https:\/\/www.facebook.com\/profile.php?id=100008943462799","article_published_time":"2010-04-22T20:35:06+00:00","og_image":[{"url":"http:\/\/www.bellunopress.it\/wp-content\/uploads\/2009\/12\/fondazionedolomitiunesco.jpg","type":"","width":"","height":""}],"author":"redazione","twitter_card":"summary_large_image","twitter_creator":"@bellunopress","twitter_site":"@bellunopress","twitter_misc":{"\u00c9crit par":"redazione","Dur\u00e9e de lecture estim\u00e9e":"2 minutes"},"schema":{"@context":"https:\/\/schema.org","@graph":[{"@type":"Article","@id":"https:\/\/www.bellunopress.it\/2010\/04\/22\/a-belluno-la-sede-della-fondazione-dolomiti-unesco-la-provincia-decidera-dove-stabilire-la-sede-il-centro-piero-rossi-in-piazza-piloni\/#article","isPartOf":{"@id":"https:\/\/www.bellunopress.it\/2010\/04\/22\/a-belluno-la-sede-della-fondazione-dolomiti-unesco-la-provincia-decidera-dove-stabilire-la-sede-il-centro-piero-rossi-in-piazza-piloni\/"},"author":{"name":"redazione","@id":"https:\/\/www.bellunopress.it\/#\/schema\/person\/79bb06722b37ece1c03d3e94beb30d73"},"headline":"A Belluno la sede della Fondazione Dolomiti Unesco. La provincia decider\u00e0 dove stabilire la sede. Il centro &#8220;Piero Rossi&#8221; in piazza Piloni?","datePublished":"2010-04-22T20:35:06+00:00","mainEntityOfPage":{"@id":"https:\/\/www.bellunopress.it\/2010\/04\/22\/a-belluno-la-sede-della-fondazione-dolomiti-unesco-la-provincia-decidera-dove-stabilire-la-sede-il-centro-piero-rossi-in-piazza-piloni\/"},"wordCount":390,"publisher":{"@id":"https:\/\/www.bellunopress.it\/#organization"},"image":{"@id":"https:\/\/www.bellunopress.it\/2010\/04\/22\/a-belluno-la-sede-della-fondazione-dolomiti-unesco-la-provincia-decidera-dove-stabilire-la-sede-il-centro-piero-rossi-in-piazza-piloni\/#primaryimage"},"thumbnailUrl":"http:\/\/www.bellunopress.it\/wp-content\/uploads\/2009\/12\/fondazionedolomitiunesco.jpg","keywords":["A Belluno la sede Dolomiti Uneso"],"articleSection":["Cronaca\/Politica","Prima Pagina"],"inLanguage":"fr-FR"},{"@type":"WebPage","@id":"https:\/\/www.bellunopress.it\/2010\/04\/22\/a-belluno-la-sede-della-fondazione-dolomiti-unesco-la-provincia-decidera-dove-stabilire-la-sede-il-centro-piero-rossi-in-piazza-piloni\/","url":"https:\/\/www.bellunopress.it\/2010\/04\/22\/a-belluno-la-sede-della-fondazione-dolomiti-unesco-la-provincia-decidera-dove-stabilire-la-sede-il-centro-piero-rossi-in-piazza-piloni\/","name":"A Belluno la sede della Fondazione Dolomiti Unesco. La provincia decider\u00e0 dove stabilire la sede. Il centro \"Piero Rossi\" in piazza Piloni? - Bellunopress - Dolomiti","isPartOf":{"@id":"https:\/\/www.bellunopress.it\/#website"},"primaryImageOfPage":{"@id":"https:\/\/www.bellunopress.it\/2010\/04\/22\/a-belluno-la-sede-della-fondazione-dolomiti-unesco-la-provincia-decidera-dove-stabilire-la-sede-il-centro-piero-rossi-in-piazza-piloni\/#primaryimage"},"image":{"@id":"https:\/\/www.bellunopress.it\/2010\/04\/22\/a-belluno-la-sede-della-fondazione-dolomiti-unesco-la-provincia-decidera-dove-stabilire-la-sede-il-centro-piero-rossi-in-piazza-piloni\/#primaryimage"},"thumbnailUrl":"http:\/\/www.bellunopress.it\/wp-content\/uploads\/2009\/12\/fondazionedolomitiunesco.jpg","datePublished":"2010-04-22T20:35:06+00:00","breadcrumb":{"@id":"https:\/\/www.bellunopress.it\/2010\/04\/22\/a-belluno-la-sede-della-fondazione-dolomiti-unesco-la-provincia-decidera-dove-stabilire-la-sede-il-centro-piero-rossi-in-piazza-piloni\/#breadcrumb"},"inLanguage":"fr-FR","potentialAction":[{"@type":"ReadAction","target":["https:\/\/www.bellunopress.it\/2010\/04\/22\/a-belluno-la-sede-della-fondazione-dolomiti-unesco-la-provincia-decidera-dove-stabilire-la-sede-il-centro-piero-rossi-in-piazza-piloni\/"]}]},{"@type":"ImageObject","inLanguage":"fr-FR","@id":"https:\/\/www.bellunopress.it\/2010\/04\/22\/a-belluno-la-sede-della-fondazione-dolomiti-unesco-la-provincia-decidera-dove-stabilire-la-sede-il-centro-piero-rossi-in-piazza-piloni\/#primaryimage","url":"http:\/\/www.bellunopress.it\/wp-content\/uploads\/2009\/12\/fondazionedolomitiunesco.jpg","contentUrl":"http:\/\/www.bellunopress.it\/wp-content\/uploads\/2009\/12\/fondazionedolomitiunesco.jpg"},{"@type":"BreadcrumbList","@id":"https:\/\/www.bellunopress.it\/2010\/04\/22\/a-belluno-la-sede-della-fondazione-dolomiti-unesco-la-provincia-decidera-dove-stabilire-la-sede-il-centro-piero-rossi-in-piazza-piloni\/#breadcrumb","itemListElement":[{"@type":"ListItem","position":1,"name":"Home","item":"https:\/\/www.bellunopress.it\/"},{"@type":"ListItem","position":2,"name":"A Belluno la sede della Fondazione Dolomiti Unesco. La provincia decider\u00e0 dove stabilire la sede. Il centro &#8220;Piero Rossi&#8221; in piazza Piloni?"}]},{"@type":"WebSite","@id":"https:\/\/www.bellunopress.it\/#website","url":"https:\/\/www.bellunopress.it\/","name":"Bellunopress - Dolomiti","description":"e-mail: redazione@bellunopress.it","publisher":{"@id":"https:\/\/www.bellunopress.it\/#organization"},"potentialAction":[{"@type":"SearchAction","target":{"@type":"EntryPoint","urlTemplate":"https:\/\/www.bellunopress.it\/?s={search_term_string}"},"query-input":{"@type":"PropertyValueSpecification","valueRequired":true,"valueName":"search_term_string"}}],"inLanguage":"fr-FR"},{"@type":"Organization","@id":"https:\/\/www.bellunopress.it\/#organization","name":"Bellunopress","url":"https:\/\/www.bellunopress.it\/","logo":{"@type":"ImageObject","inLanguage":"fr-FR","@id":"https:\/\/www.bellunopress.it\/#\/schema\/logo\/image\/","url":"https:\/\/www.bellunopress.it\/wp-content\/uploads\/2011\/05\/cropped-logo-bellunopress-.jpg","contentUrl":"https:\/\/www.bellunopress.it\/wp-content\/uploads\/2011\/05\/cropped-logo-bellunopress-.jpg","width":512,"height":512,"caption":"Bellunopress"},"image":{"@id":"https:\/\/www.bellunopress.it\/#\/schema\/logo\/image\/"},"sameAs":["https:\/\/www.facebook.com\/profile.php?id=100008943462799","https:\/\/x.com\/bellunopress","https:\/\/www.linkedin.com\/hp\/?dnr=JBzUWaJfMUw8vbXJJ2tVW5-I3jZKvC4wsoxE&amp;amp;amp;amp;amp;amp;trk=nav_responsive_tab_home","https:\/\/www.youtube.com\/channel\/UCxL0wu1uN0_3_7hGG0306cw"]},{"@type":"Person","@id":"https:\/\/www.bellunopress.it\/#\/schema\/person\/79bb06722b37ece1c03d3e94beb30d73","name":"r\u00e9daction","image":{"@type":"ImageObject","inLanguage":"fr-FR","@id":"https:\/\/secure.gravatar.com\/avatar\/37d968a2e67a6fd04c169c4bdef102d0bc5d31b2546345219e348575eb80e9a0?s=96&d=mm&r=g","url":"https:\/\/secure.gravatar.com\/avatar\/37d968a2e67a6fd04c169c4bdef102d0bc5d31b2546345219e348575eb80e9a0?s=96&d=mm&r=g","contentUrl":"https:\/\/secure.gravatar.com\/avatar\/37d968a2e67a6fd04c169c4bdef102d0bc5d31b2546345219e348575eb80e9a0?s=96&d=mm&r=g","caption":"redazione"},"sameAs":["http:\/\/www.bellunopress.it","https:\/\/x.com\/bellunopress"],"url":"https:\/\/www.bellunopress.it\/fr\/author\/redazione\/"}]}},"_links":{"self":[{"href":"https:\/\/www.bellunopress.it\/fr\/wp-json\/wp\/v2\/posts\/14653","targetHints":{"allow":["GET"]}}],"collection":[{"href":"https:\/\/www.bellunopress.it\/fr\/wp-json\/wp\/v2\/posts"}],"about":[{"href":"https:\/\/www.bellunopress.it\/fr\/wp-json\/wp\/v2\/types\/post"}],"author":[{"embeddable":true,"href":"https:\/\/www.bellunopress.it\/fr\/wp-json\/wp\/v2\/users\/2"}],"replies":[{"embeddable":true,"href":"https:\/\/www.bellunopress.it\/fr\/wp-json\/wp\/v2\/comments?post=14653"}],"version-history":[{"count":1,"href":"https:\/\/www.bellunopress.it\/fr\/wp-json\/wp\/v2\/posts\/14653\/revisions"}],"predecessor-version":[{"id":14654,"href":"https:\/\/www.bellunopress.it\/fr\/wp-json\/wp\/v2\/posts\/14653\/revisions\/14654"}],"wp:attachment":[{"href":"https:\/\/www.bellunopress.it\/fr\/wp-json\/wp\/v2\/media?parent=14653"}],"wp:term":[{"taxonomy":"category","embeddable":true,"href":"https:\/\/www.bellunopress.it\/fr\/wp-json\/wp\/v2\/categories?post=14653"},{"taxonomy":"post_tag","embeddable":true,"href":"https:\/\/www.bellunopress.it\/fr\/wp-json\/wp\/v2\/tags?post=14653"}],"curies":[{"name":"wp","href":"https:\/\/api.w.org\/{rel}","templated":true}]}}