{"id":146526,"date":"2023-12-06T16:39:04","date_gmt":"2023-12-06T15:39:04","guid":{"rendered":"https:\/\/www.bellunopress.it\/?p=146526"},"modified":"2023-12-06T16:39:04","modified_gmt":"2023-12-06T15:39:04","slug":"san-nicolo-a-borgo-valbelluna-porta-anche-una-montagna-di-libri-per-i-piu-piccoli","status":"publish","type":"post","link":"https:\/\/www.bellunopress.it\/fr\/2023\/12\/06\/san-nicolo-a-borgo-valbelluna-porta-anche-una-montagna-di-libri-per-i-piu-piccoli\/","title":{"rendered":"San Nicol\u00f2 a Borgo Valbelluna porta anche una montagna di libri per i pi\u00f9 piccoli"},"content":{"rendered":"<p>A Borgo Valbelluna san Nicol\u00f2 ha portato tanti giochi ma anche tanti libri. Da qualche anno \u00e8 questa la caratteristica della festa tanto attesa ed amata dai bambini.<\/p>\n<figure id=\"attachment_127606\" aria-describedby=\"caption-attachment-127606\" style=\"width: 692px\" class=\"wp-caption alignleft\"><img loading=\"lazy\" decoding=\"async\" class=\"size-full wp-image-127606\" src=\"https:\/\/www.bellunopress.it\/wp-content\/uploads\/2021\/09\/Monica-Frapporti_edited.jpg\" alt=\"\" width=\"692\" height=\"800\" srcset=\"https:\/\/www.bellunopress.it\/wp-content\/uploads\/2021\/09\/Monica-Frapporti_edited.jpg 692w, https:\/\/www.bellunopress.it\/wp-content\/uploads\/2021\/09\/Monica-Frapporti_edited-433x500.jpg 433w, https:\/\/www.bellunopress.it\/wp-content\/uploads\/2021\/09\/Monica-Frapporti_edited-363x420.jpg 363w\" sizes=\"auto, (max-width: 692px) 100vw, 692px\" \/><figcaption id=\"caption-attachment-127606\" class=\"wp-caption-text\">Monica Frapporti &#8211; Vicesindaco, assessore alla Cultura e assessore al Bilancio del Comune di Borgo Valbelluna<\/figcaption><\/figure>\n<p>\u201cL\u2019idea \u00e8 dell\u2019Amministrazione Comunale \u2013 spiega l\u2019assessore alla Cultura Monica Frapporti \u2013 che, in collaborazione con san Nicol\u00f2, in occasione della sua festa generosa, ha pensato di regalare ai bambini pi\u00f9 piccoli un libro scelto in collaborazione con le bibliotecarie di Lentiai e Trichiana.\u00a0 Quest\u2019anno sono stati consegnati 341 libretti ai bimbi che frequentano i nostri asili nido e le nostre scuole materne.\u201d<\/p>\n<p>Una iniziativa alquanto originale che rientra nei progetti di promozione della lettura promossi e portati avanti dall\u2019Assessorato alla Cultura in collaborazione con le bibliotecarie del Comune di Borgo Valbelluna. Un\u2019iniziativa alla quale ora altri Comuni bellunesi guardano con attenzione perch\u00e9 punta a riconoscere l\u2019importanza della lettura nell\u2019ambito dello sviluppo cognitivo fin dai primi mesi di vita.<\/p>\n<p>\u201cMa non solo \u2013 sottolinea l\u2019assessore Frapporti \u2013 l\u2019azione di donare un libricino anche ai bambini pi\u00f9 piccoli che non sanno ancora legge punta a dar vita a momenti di vita insieme tra genitori e figli dove il ruolo di lettori spetta, ovviamente, ai genitori. L\u2019iniziativa poi vuole coniugare una tradizione del nostro territorio &#8211; l\u2019arrivo di San Nicol\u00f2 &#8211; con le novit\u00e0 della letteratura per l\u2019infanzia, scelte tra case editrici che propongono libri di qualit\u00e0.\u201d<\/p>\n<p>Si tratta infatti di libri scelti in base all\u2019et\u00e0, anche nei materiali, ad esempio libri cartonati per i pi\u00f9 piccoli, con storie brevi e con immagini per catturare l\u2019attenzione per i pi\u00f9 piccoli; per i pi\u00f9 grandi storie pi\u00f9 complesse e l\u2019immagine rimane protagonista e accattivante.<br \/>\nLibri divertenti che regalano il piacere della lettura e nello stesso tempo accompagnano i bambini nella crescita cognitiva e sociale.<\/p>\n<p>&nbsp;<\/p>\n<p>&nbsp;<\/p>","protected":false},"excerpt":{"rendered":"<p>A Borgo Valbelluna san Nicol\u00f2 ha portato tanti giochi ma anche tanti libri. Da qualche anno \u00e8 questa la caratteristica della festa tanto attesa ed amata dai bambini. \u201cL\u2019idea \u00e8 dell\u2019Amministrazione Comunale \u2013 spiega l\u2019assessore alla Cultura Monica Frapporti \u2013 che, in collaborazione con san Nicol\u00f2, in occasione della sua festa generosa, ha pensato di [&hellip;]<\/p>\n","protected":false},"author":2,"featured_media":127606,"comment_status":"closed","ping_status":"open","sticky":false,"template":"","format":"standard","meta":{"footnotes":""},"categories":[15,8],"tags":[],"class_list":["post-146526","post","type-post","status-publish","format-standard","has-post-thumbnail","category-scuola","category-societa-istituzioni"],"yoast_head":"<!-- This site is optimized with the Yoast SEO plugin v28.4 - https:\/\/yoast.com\/product\/yoast-seo-wordpress\/ -->\n<title>San Nicol\u00f2 a Borgo Valbelluna porta anche una montagna di libri per i pi\u00f9 piccoli - Bellunopress - Dolomiti<\/title>\n<meta name=\"robots\" content=\"index, follow, max-snippet:-1, max-image-preview:large, max-video-preview:-1\" \/>\n<link rel=\"canonical\" href=\"https:\/\/www.bellunopress.it\/fr\/2023\/12\/06\/san-nicolo-a-borgo-valbelluna-porta-anche-una-montagna-di-libri-per-i-piu-piccoli\/\" \/>\n<meta property=\"og:locale\" content=\"fr_FR\" \/>\n<meta property=\"og:type\" content=\"article\" \/>\n<meta property=\"og:title\" content=\"San Nicol\u00f2 a Borgo Valbelluna porta anche una montagna di libri per i pi\u00f9 piccoli - Bellunopress - Dolomiti\" \/>\n<meta property=\"og:description\" content=\"A Borgo Valbelluna san Nicol\u00f2 ha portato tanti giochi ma anche tanti libri. Da qualche anno \u00e8 questa la caratteristica della festa tanto attesa ed amata dai bambini. \u201cL\u2019idea \u00e8 dell\u2019Amministrazione Comunale \u2013 spiega l\u2019assessore alla Cultura Monica Frapporti \u2013 che, in collaborazione con san Nicol\u00f2, in occasione della sua festa generosa, ha pensato di [&hellip;]\" \/>\n<meta property=\"og:url\" content=\"https:\/\/www.bellunopress.it\/fr\/2023\/12\/06\/san-nicolo-a-borgo-valbelluna-porta-anche-una-montagna-di-libri-per-i-piu-piccoli\/\" \/>\n<meta property=\"og:site_name\" content=\"Bellunopress - Dolomiti\" \/>\n<meta property=\"article:publisher\" content=\"https:\/\/www.facebook.com\/profile.php?id=100008943462799\" \/>\n<meta property=\"article:published_time\" content=\"2023-12-06T15:39:04+00:00\" \/>\n<meta property=\"og:image\" content=\"https:\/\/www.bellunopress.it\/wp-content\/uploads\/2021\/09\/Monica-Frapporti_edited.jpg\" \/>\n\t<meta property=\"og:image:width\" content=\"692\" \/>\n\t<meta property=\"og:image:height\" content=\"800\" \/>\n\t<meta property=\"og:image:type\" content=\"image\/jpeg\" \/>\n<meta name=\"author\" content=\"redazione\" \/>\n<meta name=\"twitter:card\" content=\"summary_large_image\" \/>\n<meta name=\"twitter:creator\" content=\"@bellunopress\" \/>\n<meta name=\"twitter:site\" content=\"@bellunopress\" \/>\n<meta name=\"twitter:label1\" content=\"\u00c9crit par\" \/>\n\t<meta name=\"twitter:data1\" content=\"redazione\" \/>\n\t<meta name=\"twitter:label2\" content=\"Dur\u00e9e de lecture estim\u00e9e\" \/>\n\t<meta name=\"twitter:data2\" content=\"2 minutes\" \/>\n<script type=\"application\/ld+json\" class=\"yoast-schema-graph\">{\"@context\":\"https:\\\/\\\/schema.org\",\"@graph\":[{\"@type\":\"Article\",\"@id\":\"https:\\\/\\\/www.bellunopress.it\\\/2023\\\/12\\\/06\\\/san-nicolo-a-borgo-valbelluna-porta-anche-una-montagna-di-libri-per-i-piu-piccoli\\\/#article\",\"isPartOf\":{\"@id\":\"https:\\\/\\\/www.bellunopress.it\\\/2023\\\/12\\\/06\\\/san-nicolo-a-borgo-valbelluna-porta-anche-una-montagna-di-libri-per-i-piu-piccoli\\\/\"},\"author\":{\"name\":\"redazione\",\"@id\":\"https:\\\/\\\/www.bellunopress.it\\\/#\\\/schema\\\/person\\\/79bb06722b37ece1c03d3e94beb30d73\"},\"headline\":\"San Nicol\u00f2 a Borgo Valbelluna porta anche una montagna di libri per i pi\u00f9 piccoli\",\"datePublished\":\"2023-12-06T15:39:04+00:00\",\"mainEntityOfPage\":{\"@id\":\"https:\\\/\\\/www.bellunopress.it\\\/2023\\\/12\\\/06\\\/san-nicolo-a-borgo-valbelluna-porta-anche-una-montagna-di-libri-per-i-piu-piccoli\\\/\"},\"wordCount\":338,\"publisher\":{\"@id\":\"https:\\\/\\\/www.bellunopress.it\\\/#organization\"},\"image\":{\"@id\":\"https:\\\/\\\/www.bellunopress.it\\\/2023\\\/12\\\/06\\\/san-nicolo-a-borgo-valbelluna-porta-anche-una-montagna-di-libri-per-i-piu-piccoli\\\/#primaryimage\"},\"thumbnailUrl\":\"https:\\\/\\\/www.bellunopress.it\\\/wp-content\\\/uploads\\\/2021\\\/09\\\/Monica-Frapporti_edited.jpg\",\"articleSection\":[\"Scuola\",\"Societ\u00e0, Associazioni, Istituzioni\"],\"inLanguage\":\"fr-FR\"},{\"@type\":\"WebPage\",\"@id\":\"https:\\\/\\\/www.bellunopress.it\\\/2023\\\/12\\\/06\\\/san-nicolo-a-borgo-valbelluna-porta-anche-una-montagna-di-libri-per-i-piu-piccoli\\\/\",\"url\":\"https:\\\/\\\/www.bellunopress.it\\\/2023\\\/12\\\/06\\\/san-nicolo-a-borgo-valbelluna-porta-anche-una-montagna-di-libri-per-i-piu-piccoli\\\/\",\"name\":\"San Nicol\u00f2 a Borgo Valbelluna porta anche una montagna di libri per i pi\u00f9 piccoli - Bellunopress - Dolomiti\",\"isPartOf\":{\"@id\":\"https:\\\/\\\/www.bellunopress.it\\\/#website\"},\"primaryImageOfPage\":{\"@id\":\"https:\\\/\\\/www.bellunopress.it\\\/2023\\\/12\\\/06\\\/san-nicolo-a-borgo-valbelluna-porta-anche-una-montagna-di-libri-per-i-piu-piccoli\\\/#primaryimage\"},\"image\":{\"@id\":\"https:\\\/\\\/www.bellunopress.it\\\/2023\\\/12\\\/06\\\/san-nicolo-a-borgo-valbelluna-porta-anche-una-montagna-di-libri-per-i-piu-piccoli\\\/#primaryimage\"},\"thumbnailUrl\":\"https:\\\/\\\/www.bellunopress.it\\\/wp-content\\\/uploads\\\/2021\\\/09\\\/Monica-Frapporti_edited.jpg\",\"datePublished\":\"2023-12-06T15:39:04+00:00\",\"breadcrumb\":{\"@id\":\"https:\\\/\\\/www.bellunopress.it\\\/2023\\\/12\\\/06\\\/san-nicolo-a-borgo-valbelluna-porta-anche-una-montagna-di-libri-per-i-piu-piccoli\\\/#breadcrumb\"},\"inLanguage\":\"fr-FR\",\"potentialAction\":[{\"@type\":\"ReadAction\",\"target\":[\"https:\\\/\\\/www.bellunopress.it\\\/2023\\\/12\\\/06\\\/san-nicolo-a-borgo-valbelluna-porta-anche-una-montagna-di-libri-per-i-piu-piccoli\\\/\"]}]},{\"@type\":\"ImageObject\",\"inLanguage\":\"fr-FR\",\"@id\":\"https:\\\/\\\/www.bellunopress.it\\\/2023\\\/12\\\/06\\\/san-nicolo-a-borgo-valbelluna-porta-anche-una-montagna-di-libri-per-i-piu-piccoli\\\/#primaryimage\",\"url\":\"https:\\\/\\\/www.bellunopress.it\\\/wp-content\\\/uploads\\\/2021\\\/09\\\/Monica-Frapporti_edited.jpg\",\"contentUrl\":\"https:\\\/\\\/www.bellunopress.it\\\/wp-content\\\/uploads\\\/2021\\\/09\\\/Monica-Frapporti_edited.jpg\",\"width\":692,\"height\":800,\"caption\":\"Monica Frapporti - Vicesindaco, assessore alla Cultura e assessore al Bilancio del Comune di Borgo Valbelluna\"},{\"@type\":\"BreadcrumbList\",\"@id\":\"https:\\\/\\\/www.bellunopress.it\\\/2023\\\/12\\\/06\\\/san-nicolo-a-borgo-valbelluna-porta-anche-una-montagna-di-libri-per-i-piu-piccoli\\\/#breadcrumb\",\"itemListElement\":[{\"@type\":\"ListItem\",\"position\":1,\"name\":\"Home\",\"item\":\"https:\\\/\\\/www.bellunopress.it\\\/\"},{\"@type\":\"ListItem\",\"position\":2,\"name\":\"San Nicol\u00f2 a Borgo Valbelluna porta anche una montagna di libri per i pi\u00f9 piccoli\"}]},{\"@type\":\"WebSite\",\"@id\":\"https:\\\/\\\/www.bellunopress.it\\\/#website\",\"url\":\"https:\\\/\\\/www.bellunopress.it\\\/\",\"name\":\"Bellunopress - Dolomiti\",\"description\":\"e-mail: redazione@bellunopress.it\",\"publisher\":{\"@id\":\"https:\\\/\\\/www.bellunopress.it\\\/#organization\"},\"potentialAction\":[{\"@type\":\"SearchAction\",\"target\":{\"@type\":\"EntryPoint\",\"urlTemplate\":\"https:\\\/\\\/www.bellunopress.it\\\/?s={search_term_string}\"},\"query-input\":{\"@type\":\"PropertyValueSpecification\",\"valueRequired\":true,\"valueName\":\"search_term_string\"}}],\"inLanguage\":\"fr-FR\"},{\"@type\":\"Organization\",\"@id\":\"https:\\\/\\\/www.bellunopress.it\\\/#organization\",\"name\":\"Bellunopress\",\"url\":\"https:\\\/\\\/www.bellunopress.it\\\/\",\"logo\":{\"@type\":\"ImageObject\",\"inLanguage\":\"fr-FR\",\"@id\":\"https:\\\/\\\/www.bellunopress.it\\\/#\\\/schema\\\/logo\\\/image\\\/\",\"url\":\"https:\\\/\\\/www.bellunopress.it\\\/wp-content\\\/uploads\\\/2011\\\/05\\\/cropped-logo-bellunopress-.jpg\",\"contentUrl\":\"https:\\\/\\\/www.bellunopress.it\\\/wp-content\\\/uploads\\\/2011\\\/05\\\/cropped-logo-bellunopress-.jpg\",\"width\":512,\"height\":512,\"caption\":\"Bellunopress\"},\"image\":{\"@id\":\"https:\\\/\\\/www.bellunopress.it\\\/#\\\/schema\\\/logo\\\/image\\\/\"},\"sameAs\":[\"https:\\\/\\\/www.facebook.com\\\/profile.php?id=100008943462799\",\"https:\\\/\\\/x.com\\\/bellunopress\",\"https:\\\/\\\/www.linkedin.com\\\/hp\\\/?dnr=JBzUWaJfMUw8vbXJJ2tVW5-I3jZKvC4wsoxE&amp;amp;amp;amp;amp;amp;trk=nav_responsive_tab_home\",\"https:\\\/\\\/www.youtube.com\\\/channel\\\/UCxL0wu1uN0_3_7hGG0306cw\"]},{\"@type\":\"Person\",\"@id\":\"https:\\\/\\\/www.bellunopress.it\\\/#\\\/schema\\\/person\\\/79bb06722b37ece1c03d3e94beb30d73\",\"name\":\"redazione\",\"image\":{\"@type\":\"ImageObject\",\"inLanguage\":\"fr-FR\",\"@id\":\"https:\\\/\\\/secure.gravatar.com\\\/avatar\\\/37d968a2e67a6fd04c169c4bdef102d0bc5d31b2546345219e348575eb80e9a0?s=96&d=mm&r=g\",\"url\":\"https:\\\/\\\/secure.gravatar.com\\\/avatar\\\/37d968a2e67a6fd04c169c4bdef102d0bc5d31b2546345219e348575eb80e9a0?s=96&d=mm&r=g\",\"contentUrl\":\"https:\\\/\\\/secure.gravatar.com\\\/avatar\\\/37d968a2e67a6fd04c169c4bdef102d0bc5d31b2546345219e348575eb80e9a0?s=96&d=mm&r=g\",\"caption\":\"redazione\"},\"sameAs\":[\"http:\\\/\\\/www.bellunopress.it\",\"https:\\\/\\\/x.com\\\/bellunopress\"],\"url\":\"https:\\\/\\\/www.bellunopress.it\\\/fr\\\/author\\\/redazione\\\/\"}]}<\/script>\n<!-- \/ Yoast SEO plugin. -->","yoast_head_json":{"title":"San Nicol\u00f2 a Borgo Valbelluna porta anche una montagna di libri per i pi\u00f9 piccoli - Bellunopress - Dolomiti","robots":{"index":"index","follow":"follow","max-snippet":"max-snippet:-1","max-image-preview":"max-image-preview:large","max-video-preview":"max-video-preview:-1"},"canonical":"https:\/\/www.bellunopress.it\/fr\/2023\/12\/06\/san-nicolo-a-borgo-valbelluna-porta-anche-una-montagna-di-libri-per-i-piu-piccoli\/","og_locale":"fr_FR","og_type":"article","og_title":"San Nicol\u00f2 a Borgo Valbelluna porta anche una montagna di libri per i pi\u00f9 piccoli - Bellunopress - Dolomiti","og_description":"A Borgo Valbelluna san Nicol\u00f2 ha portato tanti giochi ma anche tanti libri. Da qualche anno \u00e8 questa la caratteristica della festa tanto attesa ed amata dai bambini. \u201cL\u2019idea \u00e8 dell\u2019Amministrazione Comunale \u2013 spiega l\u2019assessore alla Cultura Monica Frapporti \u2013 che, in collaborazione con san Nicol\u00f2, in occasione della sua festa generosa, ha pensato di [&hellip;]","og_url":"https:\/\/www.bellunopress.it\/fr\/2023\/12\/06\/san-nicolo-a-borgo-valbelluna-porta-anche-una-montagna-di-libri-per-i-piu-piccoli\/","og_site_name":"Bellunopress - Dolomiti","article_publisher":"https:\/\/www.facebook.com\/profile.php?id=100008943462799","article_published_time":"2023-12-06T15:39:04+00:00","og_image":[{"width":692,"height":800,"url":"https:\/\/www.bellunopress.it\/wp-content\/uploads\/2021\/09\/Monica-Frapporti_edited.jpg","type":"image\/jpeg"}],"author":"redazione","twitter_card":"summary_large_image","twitter_creator":"@bellunopress","twitter_site":"@bellunopress","twitter_misc":{"\u00c9crit par":"redazione","Dur\u00e9e de lecture estim\u00e9e":"2 minutes"},"schema":{"@context":"https:\/\/schema.org","@graph":[{"@type":"Article","@id":"https:\/\/www.bellunopress.it\/2023\/12\/06\/san-nicolo-a-borgo-valbelluna-porta-anche-una-montagna-di-libri-per-i-piu-piccoli\/#article","isPartOf":{"@id":"https:\/\/www.bellunopress.it\/2023\/12\/06\/san-nicolo-a-borgo-valbelluna-porta-anche-una-montagna-di-libri-per-i-piu-piccoli\/"},"author":{"name":"redazione","@id":"https:\/\/www.bellunopress.it\/#\/schema\/person\/79bb06722b37ece1c03d3e94beb30d73"},"headline":"San Nicol\u00f2 a Borgo Valbelluna porta anche una montagna di libri per i pi\u00f9 piccoli","datePublished":"2023-12-06T15:39:04+00:00","mainEntityOfPage":{"@id":"https:\/\/www.bellunopress.it\/2023\/12\/06\/san-nicolo-a-borgo-valbelluna-porta-anche-una-montagna-di-libri-per-i-piu-piccoli\/"},"wordCount":338,"publisher":{"@id":"https:\/\/www.bellunopress.it\/#organization"},"image":{"@id":"https:\/\/www.bellunopress.it\/2023\/12\/06\/san-nicolo-a-borgo-valbelluna-porta-anche-una-montagna-di-libri-per-i-piu-piccoli\/#primaryimage"},"thumbnailUrl":"https:\/\/www.bellunopress.it\/wp-content\/uploads\/2021\/09\/Monica-Frapporti_edited.jpg","articleSection":["Scuola","Societ\u00e0, Associazioni, Istituzioni"],"inLanguage":"fr-FR"},{"@type":"WebPage","@id":"https:\/\/www.bellunopress.it\/2023\/12\/06\/san-nicolo-a-borgo-valbelluna-porta-anche-una-montagna-di-libri-per-i-piu-piccoli\/","url":"https:\/\/www.bellunopress.it\/2023\/12\/06\/san-nicolo-a-borgo-valbelluna-porta-anche-una-montagna-di-libri-per-i-piu-piccoli\/","name":"San Nicol\u00f2 a Borgo Valbelluna porta anche una montagna di libri per i pi\u00f9 piccoli - Bellunopress - Dolomiti","isPartOf":{"@id":"https:\/\/www.bellunopress.it\/#website"},"primaryImageOfPage":{"@id":"https:\/\/www.bellunopress.it\/2023\/12\/06\/san-nicolo-a-borgo-valbelluna-porta-anche-una-montagna-di-libri-per-i-piu-piccoli\/#primaryimage"},"image":{"@id":"https:\/\/www.bellunopress.it\/2023\/12\/06\/san-nicolo-a-borgo-valbelluna-porta-anche-una-montagna-di-libri-per-i-piu-piccoli\/#primaryimage"},"thumbnailUrl":"https:\/\/www.bellunopress.it\/wp-content\/uploads\/2021\/09\/Monica-Frapporti_edited.jpg","datePublished":"2023-12-06T15:39:04+00:00","breadcrumb":{"@id":"https:\/\/www.bellunopress.it\/2023\/12\/06\/san-nicolo-a-borgo-valbelluna-porta-anche-una-montagna-di-libri-per-i-piu-piccoli\/#breadcrumb"},"inLanguage":"fr-FR","potentialAction":[{"@type":"ReadAction","target":["https:\/\/www.bellunopress.it\/2023\/12\/06\/san-nicolo-a-borgo-valbelluna-porta-anche-una-montagna-di-libri-per-i-piu-piccoli\/"]}]},{"@type":"ImageObject","inLanguage":"fr-FR","@id":"https:\/\/www.bellunopress.it\/2023\/12\/06\/san-nicolo-a-borgo-valbelluna-porta-anche-una-montagna-di-libri-per-i-piu-piccoli\/#primaryimage","url":"https:\/\/www.bellunopress.it\/wp-content\/uploads\/2021\/09\/Monica-Frapporti_edited.jpg","contentUrl":"https:\/\/www.bellunopress.it\/wp-content\/uploads\/2021\/09\/Monica-Frapporti_edited.jpg","width":692,"height":800,"caption":"Monica Frapporti - Vicesindaco, assessore alla Cultura e assessore al Bilancio del Comune di Borgo Valbelluna"},{"@type":"BreadcrumbList","@id":"https:\/\/www.bellunopress.it\/2023\/12\/06\/san-nicolo-a-borgo-valbelluna-porta-anche-una-montagna-di-libri-per-i-piu-piccoli\/#breadcrumb","itemListElement":[{"@type":"ListItem","position":1,"name":"Home","item":"https:\/\/www.bellunopress.it\/"},{"@type":"ListItem","position":2,"name":"San Nicol\u00f2 a Borgo Valbelluna porta anche una montagna di libri per i pi\u00f9 piccoli"}]},{"@type":"WebSite","@id":"https:\/\/www.bellunopress.it\/#website","url":"https:\/\/www.bellunopress.it\/","name":"Bellunopress - Dolomiti","description":"e-mail: redazione@bellunopress.it","publisher":{"@id":"https:\/\/www.bellunopress.it\/#organization"},"potentialAction":[{"@type":"SearchAction","target":{"@type":"EntryPoint","urlTemplate":"https:\/\/www.bellunopress.it\/?s={search_term_string}"},"query-input":{"@type":"PropertyValueSpecification","valueRequired":true,"valueName":"search_term_string"}}],"inLanguage":"fr-FR"},{"@type":"Organization","@id":"https:\/\/www.bellunopress.it\/#organization","name":"Bellunopress","url":"https:\/\/www.bellunopress.it\/","logo":{"@type":"ImageObject","inLanguage":"fr-FR","@id":"https:\/\/www.bellunopress.it\/#\/schema\/logo\/image\/","url":"https:\/\/www.bellunopress.it\/wp-content\/uploads\/2011\/05\/cropped-logo-bellunopress-.jpg","contentUrl":"https:\/\/www.bellunopress.it\/wp-content\/uploads\/2011\/05\/cropped-logo-bellunopress-.jpg","width":512,"height":512,"caption":"Bellunopress"},"image":{"@id":"https:\/\/www.bellunopress.it\/#\/schema\/logo\/image\/"},"sameAs":["https:\/\/www.facebook.com\/profile.php?id=100008943462799","https:\/\/x.com\/bellunopress","https:\/\/www.linkedin.com\/hp\/?dnr=JBzUWaJfMUw8vbXJJ2tVW5-I3jZKvC4wsoxE&amp;amp;amp;amp;amp;amp;trk=nav_responsive_tab_home","https:\/\/www.youtube.com\/channel\/UCxL0wu1uN0_3_7hGG0306cw"]},{"@type":"Person","@id":"https:\/\/www.bellunopress.it\/#\/schema\/person\/79bb06722b37ece1c03d3e94beb30d73","name":"r\u00e9daction","image":{"@type":"ImageObject","inLanguage":"fr-FR","@id":"https:\/\/secure.gravatar.com\/avatar\/37d968a2e67a6fd04c169c4bdef102d0bc5d31b2546345219e348575eb80e9a0?s=96&d=mm&r=g","url":"https:\/\/secure.gravatar.com\/avatar\/37d968a2e67a6fd04c169c4bdef102d0bc5d31b2546345219e348575eb80e9a0?s=96&d=mm&r=g","contentUrl":"https:\/\/secure.gravatar.com\/avatar\/37d968a2e67a6fd04c169c4bdef102d0bc5d31b2546345219e348575eb80e9a0?s=96&d=mm&r=g","caption":"redazione"},"sameAs":["http:\/\/www.bellunopress.it","https:\/\/x.com\/bellunopress"],"url":"https:\/\/www.bellunopress.it\/fr\/author\/redazione\/"}]}},"_links":{"self":[{"href":"https:\/\/www.bellunopress.it\/fr\/wp-json\/wp\/v2\/posts\/146526","targetHints":{"allow":["GET"]}}],"collection":[{"href":"https:\/\/www.bellunopress.it\/fr\/wp-json\/wp\/v2\/posts"}],"about":[{"href":"https:\/\/www.bellunopress.it\/fr\/wp-json\/wp\/v2\/types\/post"}],"author":[{"embeddable":true,"href":"https:\/\/www.bellunopress.it\/fr\/wp-json\/wp\/v2\/users\/2"}],"replies":[{"embeddable":true,"href":"https:\/\/www.bellunopress.it\/fr\/wp-json\/wp\/v2\/comments?post=146526"}],"version-history":[{"count":1,"href":"https:\/\/www.bellunopress.it\/fr\/wp-json\/wp\/v2\/posts\/146526\/revisions"}],"predecessor-version":[{"id":146527,"href":"https:\/\/www.bellunopress.it\/fr\/wp-json\/wp\/v2\/posts\/146526\/revisions\/146527"}],"wp:featuredmedia":[{"embeddable":true,"href":"https:\/\/www.bellunopress.it\/fr\/wp-json\/wp\/v2\/media\/127606"}],"wp:attachment":[{"href":"https:\/\/www.bellunopress.it\/fr\/wp-json\/wp\/v2\/media?parent=146526"}],"wp:term":[{"taxonomy":"category","embeddable":true,"href":"https:\/\/www.bellunopress.it\/fr\/wp-json\/wp\/v2\/categories?post=146526"},{"taxonomy":"post_tag","embeddable":true,"href":"https:\/\/www.bellunopress.it\/fr\/wp-json\/wp\/v2\/tags?post=146526"}],"curies":[{"name":"wp","href":"https:\/\/api.w.org\/{rel}","templated":true}]}}