{"id":146523,"date":"2023-12-06T15:58:53","date_gmt":"2023-12-06T14:58:53","guid":{"rendered":"https:\/\/www.bellunopress.it\/?p=146523"},"modified":"2023-12-06T15:58:53","modified_gmt":"2023-12-06T14:58:53","slug":"istituzioni-al-servizio-di-cittadini-e-imprese-esperienze-di-collaborazione-fra-universita-ca-foscari-venezia-e-camera-di-commercio-treviso-belluno-i-dolomiti","status":"publish","type":"post","link":"https:\/\/www.bellunopress.it\/fr\/2023\/12\/06\/istituzioni-al-servizio-di-cittadini-e-imprese-esperienze-di-collaborazione-fra-universita-ca-foscari-venezia-e-camera-di-commercio-treviso-belluno-i-dolomiti\/","title":{"rendered":"Istituzioni al servizio di cittadini e imprese: Esperienze di collaborazione fra Universit\u00e0 Ca&#8217; Foscari Venezia e Camera di Commercio Treviso &#8211; Belluno I Dolomiti"},"content":{"rendered":"<p><img loading=\"lazy\" decoding=\"async\" class=\"alignleft size-full wp-image-146524\" src=\"https:\/\/www.bellunopress.it\/wp-content\/uploads\/2023\/12\/Palazzo-san-leonardo-treviso_edited.jpg\" alt=\"\" width=\"486\" height=\"308\" \/>Domani, 7 dicembre 2023, nell&#8217;Aula Magna di Palazzo San Leonardo a Treviso si terr\u00e0 l&#8217;evento &#8220;Istituzioni al servizio di cittadini e imprese: Esperienze di collaborazione fra Universit\u00e0 Ca&#8217; Foscari Venezia e Camera di Commercio Treviso &#8211; Belluno I Dolomiti&#8221;.<\/p>\n<p>L&#8217;iniziativa \u00e8 realizzata congiuntamente dal Centro SELISI e dalla Camera di Commercio Treviso &#8211; Belluno I Dolomiti, con l&#8217;obiettivo di rendere noti i risultati delle esperienze che negli ultimi cinque anni hanno caratterizzato questa proficua collaborazione e che riguardano in particolar modo i laboratori di didattica attiva per l&#8217;internazionalizzazione d&#8217;impresa e la mobilit\u00e0 internazionale degli studenti, intesa come occasione di incontro tra economie.<\/p>\n<p>Durante la mattinata si alterneranno testimonianze di studenti e aziende che hanno partecipato alle attivit\u00e0 laboratoriali dal 2019 al 2023 e le esperienze di tirocinio svolte da 6 studenti presso aziende selezionate dalla Camera di Commercio grazie al coinvolgimento della C\u00e1mara de Comercio Italiana &#8211; Barcelona.<\/p>\n<p>L&#8217;evento prevede una tavola rotonda a cui parteciperanno, attraverso i propri rappresentanti, le principali associazioni di categoria e personalit\u00e0 dell&#8217;ambito universitario, con l&#8217;obiettivo di riflettere congiuntamente sulle direzioni da intraprendere per le prossime attivit\u00e0, raccogliendo spunti e suggerimenti per continuare ad offrire esperienze professionalizzanti e accademicamente significative.<\/p>\n<figure id=\"attachment_145120\" aria-describedby=\"caption-attachment-145120\" style=\"width: 1000px\" class=\"wp-caption alignleft\"><img loading=\"lazy\" decoding=\"async\" class=\"size-full wp-image-145120\" src=\"https:\/\/www.bellunopress.it\/wp-content\/uploads\/2023\/10\/Mario-Pozza_edited.jpg\" alt=\"\" width=\"1000\" height=\"800\" srcset=\"https:\/\/www.bellunopress.it\/wp-content\/uploads\/2023\/10\/Mario-Pozza_edited.jpg 1000w, https:\/\/www.bellunopress.it\/wp-content\/uploads\/2023\/10\/Mario-Pozza_edited-500x400.jpg 500w, https:\/\/www.bellunopress.it\/wp-content\/uploads\/2023\/10\/Mario-Pozza_edited-696x557.jpg 696w\" sizes=\"auto, (max-width: 1000px) 100vw, 1000px\" \/><figcaption id=\"caption-attachment-145120\" class=\"wp-caption-text\">Mario Pozza &#8211; Presidente Camera di Commercio Treviso\/Belluno<\/figcaption><\/figure>\n<p>Sono convinto &#8211; evidenzia il Presidente della Camera di Commercio di Treviso &#8211; Belluno|Dolomiti e Assocamerestero Mario Pozza &#8211; che favorire solide sinergie tra le istituzioni e le imprese costituisca un pilastro fondamentale per la prosperit\u00e0 economica di un territorio, capace cos\u00ec d&#8217;investire sui giovani, sull&#8217;economia presente, sulle infrastrutture attuali e su quelle necessarie, con lo sguardo verso una programmazione che guarda al bene comune. In un periodo di significativi cambiamenti aziendali, tanto pi\u00f9 in momenti caratterizzati da elevata instabilit\u00e0 geopolitica ed economica, riconosciamo l&#8217;importanza di adottare un approccio formativo innovativo per preparare adeguatamente le nuove generazioni. Iniziative di cos\u00ec alto valore formativo, quali quelle che Camera di Commercio e C\u00e0 Foscari mettono in campo, coinvolgendo in maniera sinergica esperti, imprese e talenti del territorio, possono intercettare l&#8217;evoluzione dei business futuri e formare professionisti e cittadini migliori, in un percorso che ha quale fine ultimo la certificazione delle competenze. L&#8217;innovazione muove il mondo. Siamo consapevoli della necessit\u00e0 di rimanere al passo e di avere sguardi nuovi, cos\u00ec da rimanere competitivi e attrattivi per i giovani, con l&#8217;augurio che vivano l&#8217;esperienza all&#8217;estero, ma dandosi appuntamento per lavorare in Italia.<\/p>\n<p>L&#8217;internazionalizzazione \u00e8 nel DNA del nostro tessuto imprenditoriale e avere una rete di imprenditori italiani nel mondo in sedi strutturate e soprattutto istituzionali, come lo sono le Camere di Commercio Italiane nel mondo, \u00e8 una forza che non ha nessun altro Paese. La condivisione delle conoscenze e dei valori fra universit\u00e0, istituzioni, associazioni di categoria, imprese e societ\u00e0 civile concorre a rafforzare la rete di relazioni fra i diversi soggetti, alimentando il sentimento di coesione della comunit\u00e0 e favorendo al contempo un fattivo supporto al mondo imprenditoriale, con il fine ultimo di generare innovativi modelli di business e delineare una nuova via di sviluppo che metta al centro le persone favorendo anche lo sviluppo di nuove competenze professionali utili a rispondere alle richieste per una crescita economica, sociale e ambientale sostenibile.<\/p>\n<p>E&#8217; stato importante &#8211; commenta il Presidente della Italy America Chamber of Commerce e Consigliere di Assocamerestero Alberto Milani &#8211; condividere con i laboratori export, la necessit\u00e0 di presidiare il mercato estero attraverso nuove formule innovative come Piazza Italia. Siamo uno spazio aperto in grado di generare risorse sulla base di modelli economici sostenibili e innovativi. Sempre disponibili ad accogliere giovani di valore. www.pzitalia.com<\/p>\n<p>Il Direttore del Campus Treviso sottolinea ulteriormente come &#8220;Nell&#8217;attuale scenario, il successo dell&#8217;impresa dipende anche dalla capacit\u00e0 di adattarsi al contesto geopolitico, impiegando in modo consapevole le tecnologie disponibili. Diventa quindi indispensabile fornire agli Export Manager conoscenze e strumenti trasversali che vanno dalla definizione di una strategia commerciale, di comunicazione e marketing, alla valutazione dei risultati, a competenze nell&#8217;uso di tecnologie digitali e dei sistemi logistici, alla conoscenza delle normative e delle procedure doganali, alla awareness geopolitica&#8221;.<\/p>\n<p>L&#8217;incontro costituir\u00e0 l&#8217;occasione per fare rete tra attori locali, offrendo cos\u00ec la possibilit\u00e0 di trovare nuovi stimoli e possibili partnership con cui sviluppare progetti futuri a cui l&#8217;Universit\u00e0 Ca&#8217; Foscari Venezia e la Camera di Commercio Treviso &#8211; Belluno | Dolomiti stanno gi\u00e0 lavorando in sinergia, grazie ad un nuovo accordo per il triennio 2024-2026, con grandi novit\u00e0, riguardanti la formazione di risorse qualificate e competenti rispetto alle esigenze di mercato.<\/p>\n<p>&nbsp;<\/p>\n<p>&nbsp;<\/p>","protected":false},"excerpt":{"rendered":"<p>Domani, 7 dicembre 2023, nell&#8217;Aula Magna di Palazzo San Leonardo a Treviso si terr\u00e0 l&#8217;evento &#8220;Istituzioni al servizio di cittadini e imprese: Esperienze di collaborazione fra Universit\u00e0 Ca&#8217; Foscari Venezia e Camera di Commercio Treviso &#8211; Belluno I Dolomiti&#8221;. L&#8217;iniziativa \u00e8 realizzata congiuntamente dal Centro SELISI e dalla Camera di Commercio Treviso &#8211; Belluno I [&hellip;]<\/p>\n","protected":false},"author":2,"featured_media":146524,"comment_status":"closed","ping_status":"open","sticky":false,"template":"","format":"standard","meta":{"footnotes":""},"categories":[36,26,15],"tags":[],"class_list":["post-146523","post","type-post","status-publish","format-standard","has-post-thumbnail","category-lavoro-economia","category-prima-pagina","category-scuola"],"yoast_head":"<!-- This site is optimized with the Yoast SEO plugin v28.4 - https:\/\/yoast.com\/product\/yoast-seo-wordpress\/ -->\n<title>Istituzioni al servizio di cittadini e imprese: Esperienze di collaborazione fra Universit\u00e0 Ca&#039; Foscari Venezia e Camera di Commercio Treviso - Belluno I Dolomiti - Bellunopress - Dolomiti<\/title>\n<meta name=\"robots\" content=\"index, follow, max-snippet:-1, max-image-preview:large, max-video-preview:-1\" \/>\n<link rel=\"canonical\" href=\"https:\/\/www.bellunopress.it\/fr\/2023\/12\/06\/istituzioni-al-servizio-di-cittadini-e-imprese-esperienze-di-collaborazione-fra-universita-ca-foscari-venezia-e-camera-di-commercio-treviso-belluno-i-dolomiti\/\" \/>\n<meta property=\"og:locale\" content=\"fr_FR\" \/>\n<meta property=\"og:type\" content=\"article\" \/>\n<meta property=\"og:title\" content=\"Istituzioni al servizio di cittadini e imprese: Esperienze di collaborazione fra Universit\u00e0 Ca&#039; Foscari Venezia e Camera di Commercio Treviso - Belluno I Dolomiti - Bellunopress - Dolomiti\" \/>\n<meta property=\"og:description\" content=\"Domani, 7 dicembre 2023, nell&#8217;Aula Magna di Palazzo San Leonardo a Treviso si terr\u00e0 l&#8217;evento &#8220;Istituzioni al servizio di cittadini e imprese: Esperienze di collaborazione fra Universit\u00e0 Ca&#8217; Foscari Venezia e Camera di Commercio Treviso &#8211; Belluno I Dolomiti&#8221;. L&#8217;iniziativa \u00e8 realizzata congiuntamente dal Centro SELISI e dalla Camera di Commercio Treviso &#8211; Belluno I [&hellip;]\" \/>\n<meta property=\"og:url\" content=\"https:\/\/www.bellunopress.it\/fr\/2023\/12\/06\/istituzioni-al-servizio-di-cittadini-e-imprese-esperienze-di-collaborazione-fra-universita-ca-foscari-venezia-e-camera-di-commercio-treviso-belluno-i-dolomiti\/\" \/>\n<meta property=\"og:site_name\" content=\"Bellunopress - Dolomiti\" \/>\n<meta property=\"article:publisher\" content=\"https:\/\/www.facebook.com\/profile.php?id=100008943462799\" \/>\n<meta property=\"article:published_time\" content=\"2023-12-06T14:58:53+00:00\" \/>\n<meta property=\"og:image\" content=\"https:\/\/www.bellunopress.it\/wp-content\/uploads\/2023\/12\/Palazzo-san-leonardo-treviso_edited.jpg\" \/>\n\t<meta property=\"og:image:width\" content=\"486\" \/>\n\t<meta property=\"og:image:height\" content=\"308\" \/>\n\t<meta property=\"og:image:type\" content=\"image\/jpeg\" \/>\n<meta name=\"author\" content=\"redazione\" \/>\n<meta name=\"twitter:card\" content=\"summary_large_image\" \/>\n<meta name=\"twitter:creator\" content=\"@bellunopress\" \/>\n<meta name=\"twitter:site\" content=\"@bellunopress\" \/>\n<meta name=\"twitter:label1\" content=\"\u00c9crit par\" \/>\n\t<meta name=\"twitter:data1\" content=\"redazione\" \/>\n\t<meta name=\"twitter:label2\" content=\"Dur\u00e9e de lecture estim\u00e9e\" \/>\n\t<meta name=\"twitter:data2\" content=\"4 minutes\" \/>\n<script type=\"application\/ld+json\" class=\"yoast-schema-graph\">{\"@context\":\"https:\\\/\\\/schema.org\",\"@graph\":[{\"@type\":\"Article\",\"@id\":\"https:\\\/\\\/www.bellunopress.it\\\/2023\\\/12\\\/06\\\/istituzioni-al-servizio-di-cittadini-e-imprese-esperienze-di-collaborazione-fra-universita-ca-foscari-venezia-e-camera-di-commercio-treviso-belluno-i-dolomiti\\\/#article\",\"isPartOf\":{\"@id\":\"https:\\\/\\\/www.bellunopress.it\\\/2023\\\/12\\\/06\\\/istituzioni-al-servizio-di-cittadini-e-imprese-esperienze-di-collaborazione-fra-universita-ca-foscari-venezia-e-camera-di-commercio-treviso-belluno-i-dolomiti\\\/\"},\"author\":{\"name\":\"redazione\",\"@id\":\"https:\\\/\\\/www.bellunopress.it\\\/#\\\/schema\\\/person\\\/79bb06722b37ece1c03d3e94beb30d73\"},\"headline\":\"Istituzioni al servizio di cittadini e imprese: Esperienze di collaborazione fra Universit\u00e0 Ca&#8217; Foscari Venezia e Camera di Commercio Treviso &#8211; Belluno I Dolomiti\",\"datePublished\":\"2023-12-06T14:58:53+00:00\",\"mainEntityOfPage\":{\"@id\":\"https:\\\/\\\/www.bellunopress.it\\\/2023\\\/12\\\/06\\\/istituzioni-al-servizio-di-cittadini-e-imprese-esperienze-di-collaborazione-fra-universita-ca-foscari-venezia-e-camera-di-commercio-treviso-belluno-i-dolomiti\\\/\"},\"wordCount\":787,\"publisher\":{\"@id\":\"https:\\\/\\\/www.bellunopress.it\\\/#organization\"},\"image\":{\"@id\":\"https:\\\/\\\/www.bellunopress.it\\\/2023\\\/12\\\/06\\\/istituzioni-al-servizio-di-cittadini-e-imprese-esperienze-di-collaborazione-fra-universita-ca-foscari-venezia-e-camera-di-commercio-treviso-belluno-i-dolomiti\\\/#primaryimage\"},\"thumbnailUrl\":\"https:\\\/\\\/www.bellunopress.it\\\/wp-content\\\/uploads\\\/2023\\\/12\\\/Palazzo-san-leonardo-treviso_edited.jpg\",\"articleSection\":[\"Lavoro, Economia, Turismo\",\"Prima Pagina\",\"Scuola\"],\"inLanguage\":\"fr-FR\"},{\"@type\":\"WebPage\",\"@id\":\"https:\\\/\\\/www.bellunopress.it\\\/2023\\\/12\\\/06\\\/istituzioni-al-servizio-di-cittadini-e-imprese-esperienze-di-collaborazione-fra-universita-ca-foscari-venezia-e-camera-di-commercio-treviso-belluno-i-dolomiti\\\/\",\"url\":\"https:\\\/\\\/www.bellunopress.it\\\/2023\\\/12\\\/06\\\/istituzioni-al-servizio-di-cittadini-e-imprese-esperienze-di-collaborazione-fra-universita-ca-foscari-venezia-e-camera-di-commercio-treviso-belluno-i-dolomiti\\\/\",\"name\":\"Istituzioni al servizio di cittadini e imprese: Esperienze di collaborazione fra Universit\u00e0 Ca' Foscari Venezia e Camera di Commercio Treviso - Belluno I Dolomiti - Bellunopress - Dolomiti\",\"isPartOf\":{\"@id\":\"https:\\\/\\\/www.bellunopress.it\\\/#website\"},\"primaryImageOfPage\":{\"@id\":\"https:\\\/\\\/www.bellunopress.it\\\/2023\\\/12\\\/06\\\/istituzioni-al-servizio-di-cittadini-e-imprese-esperienze-di-collaborazione-fra-universita-ca-foscari-venezia-e-camera-di-commercio-treviso-belluno-i-dolomiti\\\/#primaryimage\"},\"image\":{\"@id\":\"https:\\\/\\\/www.bellunopress.it\\\/2023\\\/12\\\/06\\\/istituzioni-al-servizio-di-cittadini-e-imprese-esperienze-di-collaborazione-fra-universita-ca-foscari-venezia-e-camera-di-commercio-treviso-belluno-i-dolomiti\\\/#primaryimage\"},\"thumbnailUrl\":\"https:\\\/\\\/www.bellunopress.it\\\/wp-content\\\/uploads\\\/2023\\\/12\\\/Palazzo-san-leonardo-treviso_edited.jpg\",\"datePublished\":\"2023-12-06T14:58:53+00:00\",\"breadcrumb\":{\"@id\":\"https:\\\/\\\/www.bellunopress.it\\\/2023\\\/12\\\/06\\\/istituzioni-al-servizio-di-cittadini-e-imprese-esperienze-di-collaborazione-fra-universita-ca-foscari-venezia-e-camera-di-commercio-treviso-belluno-i-dolomiti\\\/#breadcrumb\"},\"inLanguage\":\"fr-FR\",\"potentialAction\":[{\"@type\":\"ReadAction\",\"target\":[\"https:\\\/\\\/www.bellunopress.it\\\/2023\\\/12\\\/06\\\/istituzioni-al-servizio-di-cittadini-e-imprese-esperienze-di-collaborazione-fra-universita-ca-foscari-venezia-e-camera-di-commercio-treviso-belluno-i-dolomiti\\\/\"]}]},{\"@type\":\"ImageObject\",\"inLanguage\":\"fr-FR\",\"@id\":\"https:\\\/\\\/www.bellunopress.it\\\/2023\\\/12\\\/06\\\/istituzioni-al-servizio-di-cittadini-e-imprese-esperienze-di-collaborazione-fra-universita-ca-foscari-venezia-e-camera-di-commercio-treviso-belluno-i-dolomiti\\\/#primaryimage\",\"url\":\"https:\\\/\\\/www.bellunopress.it\\\/wp-content\\\/uploads\\\/2023\\\/12\\\/Palazzo-san-leonardo-treviso_edited.jpg\",\"contentUrl\":\"https:\\\/\\\/www.bellunopress.it\\\/wp-content\\\/uploads\\\/2023\\\/12\\\/Palazzo-san-leonardo-treviso_edited.jpg\",\"width\":486,\"height\":308},{\"@type\":\"BreadcrumbList\",\"@id\":\"https:\\\/\\\/www.bellunopress.it\\\/2023\\\/12\\\/06\\\/istituzioni-al-servizio-di-cittadini-e-imprese-esperienze-di-collaborazione-fra-universita-ca-foscari-venezia-e-camera-di-commercio-treviso-belluno-i-dolomiti\\\/#breadcrumb\",\"itemListElement\":[{\"@type\":\"ListItem\",\"position\":1,\"name\":\"Home\",\"item\":\"https:\\\/\\\/www.bellunopress.it\\\/\"},{\"@type\":\"ListItem\",\"position\":2,\"name\":\"Istituzioni al servizio di cittadini e imprese: Esperienze di collaborazione fra Universit\u00e0 Ca&#8217; Foscari Venezia e Camera di Commercio Treviso &#8211; Belluno I Dolomiti\"}]},{\"@type\":\"WebSite\",\"@id\":\"https:\\\/\\\/www.bellunopress.it\\\/#website\",\"url\":\"https:\\\/\\\/www.bellunopress.it\\\/\",\"name\":\"Bellunopress - Dolomiti\",\"description\":\"e-mail: redazione@bellunopress.it\",\"publisher\":{\"@id\":\"https:\\\/\\\/www.bellunopress.it\\\/#organization\"},\"potentialAction\":[{\"@type\":\"SearchAction\",\"target\":{\"@type\":\"EntryPoint\",\"urlTemplate\":\"https:\\\/\\\/www.bellunopress.it\\\/?s={search_term_string}\"},\"query-input\":{\"@type\":\"PropertyValueSpecification\",\"valueRequired\":true,\"valueName\":\"search_term_string\"}}],\"inLanguage\":\"fr-FR\"},{\"@type\":\"Organization\",\"@id\":\"https:\\\/\\\/www.bellunopress.it\\\/#organization\",\"name\":\"Bellunopress\",\"url\":\"https:\\\/\\\/www.bellunopress.it\\\/\",\"logo\":{\"@type\":\"ImageObject\",\"inLanguage\":\"fr-FR\",\"@id\":\"https:\\\/\\\/www.bellunopress.it\\\/#\\\/schema\\\/logo\\\/image\\\/\",\"url\":\"https:\\\/\\\/www.bellunopress.it\\\/wp-content\\\/uploads\\\/2011\\\/05\\\/cropped-logo-bellunopress-.jpg\",\"contentUrl\":\"https:\\\/\\\/www.bellunopress.it\\\/wp-content\\\/uploads\\\/2011\\\/05\\\/cropped-logo-bellunopress-.jpg\",\"width\":512,\"height\":512,\"caption\":\"Bellunopress\"},\"image\":{\"@id\":\"https:\\\/\\\/www.bellunopress.it\\\/#\\\/schema\\\/logo\\\/image\\\/\"},\"sameAs\":[\"https:\\\/\\\/www.facebook.com\\\/profile.php?id=100008943462799\",\"https:\\\/\\\/x.com\\\/bellunopress\",\"https:\\\/\\\/www.linkedin.com\\\/hp\\\/?dnr=JBzUWaJfMUw8vbXJJ2tVW5-I3jZKvC4wsoxE&amp;amp;amp;amp;amp;amp;trk=nav_responsive_tab_home\",\"https:\\\/\\\/www.youtube.com\\\/channel\\\/UCxL0wu1uN0_3_7hGG0306cw\"]},{\"@type\":\"Person\",\"@id\":\"https:\\\/\\\/www.bellunopress.it\\\/#\\\/schema\\\/person\\\/79bb06722b37ece1c03d3e94beb30d73\",\"name\":\"redazione\",\"image\":{\"@type\":\"ImageObject\",\"inLanguage\":\"fr-FR\",\"@id\":\"https:\\\/\\\/secure.gravatar.com\\\/avatar\\\/37d968a2e67a6fd04c169c4bdef102d0bc5d31b2546345219e348575eb80e9a0?s=96&d=mm&r=g\",\"url\":\"https:\\\/\\\/secure.gravatar.com\\\/avatar\\\/37d968a2e67a6fd04c169c4bdef102d0bc5d31b2546345219e348575eb80e9a0?s=96&d=mm&r=g\",\"contentUrl\":\"https:\\\/\\\/secure.gravatar.com\\\/avatar\\\/37d968a2e67a6fd04c169c4bdef102d0bc5d31b2546345219e348575eb80e9a0?s=96&d=mm&r=g\",\"caption\":\"redazione\"},\"sameAs\":[\"http:\\\/\\\/www.bellunopress.it\",\"https:\\\/\\\/x.com\\\/bellunopress\"],\"url\":\"https:\\\/\\\/www.bellunopress.it\\\/fr\\\/author\\\/redazione\\\/\"}]}<\/script>\n<!-- \/ Yoast SEO plugin. -->","yoast_head_json":{"title":"Istituzioni al servizio di cittadini e imprese: Esperienze di collaborazione fra Universit\u00e0 Ca' Foscari Venezia e Camera di Commercio Treviso - Belluno I Dolomiti - Bellunopress - Dolomiti","robots":{"index":"index","follow":"follow","max-snippet":"max-snippet:-1","max-image-preview":"max-image-preview:large","max-video-preview":"max-video-preview:-1"},"canonical":"https:\/\/www.bellunopress.it\/fr\/2023\/12\/06\/istituzioni-al-servizio-di-cittadini-e-imprese-esperienze-di-collaborazione-fra-universita-ca-foscari-venezia-e-camera-di-commercio-treviso-belluno-i-dolomiti\/","og_locale":"fr_FR","og_type":"article","og_title":"Istituzioni al servizio di cittadini e imprese: Esperienze di collaborazione fra Universit\u00e0 Ca' Foscari Venezia e Camera di Commercio Treviso - Belluno I Dolomiti - Bellunopress - Dolomiti","og_description":"Domani, 7 dicembre 2023, nell&#8217;Aula Magna di Palazzo San Leonardo a Treviso si terr\u00e0 l&#8217;evento &#8220;Istituzioni al servizio di cittadini e imprese: Esperienze di collaborazione fra Universit\u00e0 Ca&#8217; Foscari Venezia e Camera di Commercio Treviso &#8211; Belluno I Dolomiti&#8221;. L&#8217;iniziativa \u00e8 realizzata congiuntamente dal Centro SELISI e dalla Camera di Commercio Treviso &#8211; Belluno I [&hellip;]","og_url":"https:\/\/www.bellunopress.it\/fr\/2023\/12\/06\/istituzioni-al-servizio-di-cittadini-e-imprese-esperienze-di-collaborazione-fra-universita-ca-foscari-venezia-e-camera-di-commercio-treviso-belluno-i-dolomiti\/","og_site_name":"Bellunopress - Dolomiti","article_publisher":"https:\/\/www.facebook.com\/profile.php?id=100008943462799","article_published_time":"2023-12-06T14:58:53+00:00","og_image":[{"width":486,"height":308,"url":"https:\/\/www.bellunopress.it\/wp-content\/uploads\/2023\/12\/Palazzo-san-leonardo-treviso_edited.jpg","type":"image\/jpeg"}],"author":"redazione","twitter_card":"summary_large_image","twitter_creator":"@bellunopress","twitter_site":"@bellunopress","twitter_misc":{"\u00c9crit par":"redazione","Dur\u00e9e de lecture estim\u00e9e":"4 minutes"},"schema":{"@context":"https:\/\/schema.org","@graph":[{"@type":"Article","@id":"https:\/\/www.bellunopress.it\/2023\/12\/06\/istituzioni-al-servizio-di-cittadini-e-imprese-esperienze-di-collaborazione-fra-universita-ca-foscari-venezia-e-camera-di-commercio-treviso-belluno-i-dolomiti\/#article","isPartOf":{"@id":"https:\/\/www.bellunopress.it\/2023\/12\/06\/istituzioni-al-servizio-di-cittadini-e-imprese-esperienze-di-collaborazione-fra-universita-ca-foscari-venezia-e-camera-di-commercio-treviso-belluno-i-dolomiti\/"},"author":{"name":"redazione","@id":"https:\/\/www.bellunopress.it\/#\/schema\/person\/79bb06722b37ece1c03d3e94beb30d73"},"headline":"Istituzioni al servizio di cittadini e imprese: Esperienze di collaborazione fra Universit\u00e0 Ca&#8217; Foscari Venezia e Camera di Commercio Treviso &#8211; Belluno I Dolomiti","datePublished":"2023-12-06T14:58:53+00:00","mainEntityOfPage":{"@id":"https:\/\/www.bellunopress.it\/2023\/12\/06\/istituzioni-al-servizio-di-cittadini-e-imprese-esperienze-di-collaborazione-fra-universita-ca-foscari-venezia-e-camera-di-commercio-treviso-belluno-i-dolomiti\/"},"wordCount":787,"publisher":{"@id":"https:\/\/www.bellunopress.it\/#organization"},"image":{"@id":"https:\/\/www.bellunopress.it\/2023\/12\/06\/istituzioni-al-servizio-di-cittadini-e-imprese-esperienze-di-collaborazione-fra-universita-ca-foscari-venezia-e-camera-di-commercio-treviso-belluno-i-dolomiti\/#primaryimage"},"thumbnailUrl":"https:\/\/www.bellunopress.it\/wp-content\/uploads\/2023\/12\/Palazzo-san-leonardo-treviso_edited.jpg","articleSection":["Lavoro, Economia, Turismo","Prima Pagina","Scuola"],"inLanguage":"fr-FR"},{"@type":"WebPage","@id":"https:\/\/www.bellunopress.it\/2023\/12\/06\/istituzioni-al-servizio-di-cittadini-e-imprese-esperienze-di-collaborazione-fra-universita-ca-foscari-venezia-e-camera-di-commercio-treviso-belluno-i-dolomiti\/","url":"https:\/\/www.bellunopress.it\/2023\/12\/06\/istituzioni-al-servizio-di-cittadini-e-imprese-esperienze-di-collaborazione-fra-universita-ca-foscari-venezia-e-camera-di-commercio-treviso-belluno-i-dolomiti\/","name":"Istituzioni al servizio di cittadini e imprese: Esperienze di collaborazione fra Universit\u00e0 Ca' Foscari Venezia e Camera di Commercio Treviso - Belluno I Dolomiti - Bellunopress - Dolomiti","isPartOf":{"@id":"https:\/\/www.bellunopress.it\/#website"},"primaryImageOfPage":{"@id":"https:\/\/www.bellunopress.it\/2023\/12\/06\/istituzioni-al-servizio-di-cittadini-e-imprese-esperienze-di-collaborazione-fra-universita-ca-foscari-venezia-e-camera-di-commercio-treviso-belluno-i-dolomiti\/#primaryimage"},"image":{"@id":"https:\/\/www.bellunopress.it\/2023\/12\/06\/istituzioni-al-servizio-di-cittadini-e-imprese-esperienze-di-collaborazione-fra-universita-ca-foscari-venezia-e-camera-di-commercio-treviso-belluno-i-dolomiti\/#primaryimage"},"thumbnailUrl":"https:\/\/www.bellunopress.it\/wp-content\/uploads\/2023\/12\/Palazzo-san-leonardo-treviso_edited.jpg","datePublished":"2023-12-06T14:58:53+00:00","breadcrumb":{"@id":"https:\/\/www.bellunopress.it\/2023\/12\/06\/istituzioni-al-servizio-di-cittadini-e-imprese-esperienze-di-collaborazione-fra-universita-ca-foscari-venezia-e-camera-di-commercio-treviso-belluno-i-dolomiti\/#breadcrumb"},"inLanguage":"fr-FR","potentialAction":[{"@type":"ReadAction","target":["https:\/\/www.bellunopress.it\/2023\/12\/06\/istituzioni-al-servizio-di-cittadini-e-imprese-esperienze-di-collaborazione-fra-universita-ca-foscari-venezia-e-camera-di-commercio-treviso-belluno-i-dolomiti\/"]}]},{"@type":"ImageObject","inLanguage":"fr-FR","@id":"https:\/\/www.bellunopress.it\/2023\/12\/06\/istituzioni-al-servizio-di-cittadini-e-imprese-esperienze-di-collaborazione-fra-universita-ca-foscari-venezia-e-camera-di-commercio-treviso-belluno-i-dolomiti\/#primaryimage","url":"https:\/\/www.bellunopress.it\/wp-content\/uploads\/2023\/12\/Palazzo-san-leonardo-treviso_edited.jpg","contentUrl":"https:\/\/www.bellunopress.it\/wp-content\/uploads\/2023\/12\/Palazzo-san-leonardo-treviso_edited.jpg","width":486,"height":308},{"@type":"BreadcrumbList","@id":"https:\/\/www.bellunopress.it\/2023\/12\/06\/istituzioni-al-servizio-di-cittadini-e-imprese-esperienze-di-collaborazione-fra-universita-ca-foscari-venezia-e-camera-di-commercio-treviso-belluno-i-dolomiti\/#breadcrumb","itemListElement":[{"@type":"ListItem","position":1,"name":"Home","item":"https:\/\/www.bellunopress.it\/"},{"@type":"ListItem","position":2,"name":"Istituzioni al servizio di cittadini e imprese: Esperienze di collaborazione fra Universit\u00e0 Ca&#8217; Foscari Venezia e Camera di Commercio Treviso &#8211; Belluno I Dolomiti"}]},{"@type":"WebSite","@id":"https:\/\/www.bellunopress.it\/#website","url":"https:\/\/www.bellunopress.it\/","name":"Bellunopress - Dolomiti","description":"e-mail: redazione@bellunopress.it","publisher":{"@id":"https:\/\/www.bellunopress.it\/#organization"},"potentialAction":[{"@type":"SearchAction","target":{"@type":"EntryPoint","urlTemplate":"https:\/\/www.bellunopress.it\/?s={search_term_string}"},"query-input":{"@type":"PropertyValueSpecification","valueRequired":true,"valueName":"search_term_string"}}],"inLanguage":"fr-FR"},{"@type":"Organization","@id":"https:\/\/www.bellunopress.it\/#organization","name":"Bellunopress","url":"https:\/\/www.bellunopress.it\/","logo":{"@type":"ImageObject","inLanguage":"fr-FR","@id":"https:\/\/www.bellunopress.it\/#\/schema\/logo\/image\/","url":"https:\/\/www.bellunopress.it\/wp-content\/uploads\/2011\/05\/cropped-logo-bellunopress-.jpg","contentUrl":"https:\/\/www.bellunopress.it\/wp-content\/uploads\/2011\/05\/cropped-logo-bellunopress-.jpg","width":512,"height":512,"caption":"Bellunopress"},"image":{"@id":"https:\/\/www.bellunopress.it\/#\/schema\/logo\/image\/"},"sameAs":["https:\/\/www.facebook.com\/profile.php?id=100008943462799","https:\/\/x.com\/bellunopress","https:\/\/www.linkedin.com\/hp\/?dnr=JBzUWaJfMUw8vbXJJ2tVW5-I3jZKvC4wsoxE&amp;amp;amp;amp;amp;amp;trk=nav_responsive_tab_home","https:\/\/www.youtube.com\/channel\/UCxL0wu1uN0_3_7hGG0306cw"]},{"@type":"Person","@id":"https:\/\/www.bellunopress.it\/#\/schema\/person\/79bb06722b37ece1c03d3e94beb30d73","name":"r\u00e9daction","image":{"@type":"ImageObject","inLanguage":"fr-FR","@id":"https:\/\/secure.gravatar.com\/avatar\/37d968a2e67a6fd04c169c4bdef102d0bc5d31b2546345219e348575eb80e9a0?s=96&d=mm&r=g","url":"https:\/\/secure.gravatar.com\/avatar\/37d968a2e67a6fd04c169c4bdef102d0bc5d31b2546345219e348575eb80e9a0?s=96&d=mm&r=g","contentUrl":"https:\/\/secure.gravatar.com\/avatar\/37d968a2e67a6fd04c169c4bdef102d0bc5d31b2546345219e348575eb80e9a0?s=96&d=mm&r=g","caption":"redazione"},"sameAs":["http:\/\/www.bellunopress.it","https:\/\/x.com\/bellunopress"],"url":"https:\/\/www.bellunopress.it\/fr\/author\/redazione\/"}]}},"_links":{"self":[{"href":"https:\/\/www.bellunopress.it\/fr\/wp-json\/wp\/v2\/posts\/146523","targetHints":{"allow":["GET"]}}],"collection":[{"href":"https:\/\/www.bellunopress.it\/fr\/wp-json\/wp\/v2\/posts"}],"about":[{"href":"https:\/\/www.bellunopress.it\/fr\/wp-json\/wp\/v2\/types\/post"}],"author":[{"embeddable":true,"href":"https:\/\/www.bellunopress.it\/fr\/wp-json\/wp\/v2\/users\/2"}],"replies":[{"embeddable":true,"href":"https:\/\/www.bellunopress.it\/fr\/wp-json\/wp\/v2\/comments?post=146523"}],"version-history":[{"count":1,"href":"https:\/\/www.bellunopress.it\/fr\/wp-json\/wp\/v2\/posts\/146523\/revisions"}],"predecessor-version":[{"id":146525,"href":"https:\/\/www.bellunopress.it\/fr\/wp-json\/wp\/v2\/posts\/146523\/revisions\/146525"}],"wp:featuredmedia":[{"embeddable":true,"href":"https:\/\/www.bellunopress.it\/fr\/wp-json\/wp\/v2\/media\/146524"}],"wp:attachment":[{"href":"https:\/\/www.bellunopress.it\/fr\/wp-json\/wp\/v2\/media?parent=146523"}],"wp:term":[{"taxonomy":"category","embeddable":true,"href":"https:\/\/www.bellunopress.it\/fr\/wp-json\/wp\/v2\/categories?post=146523"},{"taxonomy":"post_tag","embeddable":true,"href":"https:\/\/www.bellunopress.it\/fr\/wp-json\/wp\/v2\/tags?post=146523"}],"curies":[{"name":"wp","href":"https:\/\/api.w.org\/{rel}","templated":true}]}}