{"id":146520,"date":"2023-12-06T15:47:30","date_gmt":"2023-12-06T14:47:30","guid":{"rendered":"https:\/\/www.bellunopress.it\/?p=146520"},"modified":"2023-12-06T15:47:30","modified_gmt":"2023-12-06T14:47:30","slug":"le-perle-di-tofana-l8-dicembre-il-via-alla-stagione-invernale","status":"publish","type":"post","link":"https:\/\/www.bellunopress.it\/fr\/2023\/12\/06\/le-perle-di-tofana-l8-dicembre-il-via-alla-stagione-invernale\/","title":{"rendered":"Le Perle di Tofana: l&#8217;8 dicembre il via alla stagione invernale"},"content":{"rendered":"<p><img loading=\"lazy\" decoding=\"async\" class=\"alignleft size-full wp-image-146521\" src=\"https:\/\/www.bellunopress.it\/wp-content\/uploads\/2023\/12\/3-Freccia-nel-Cielo-2020-\u00a9ManazProductions-scaled-1_edited.jpg\" alt=\"\" width=\"1000\" height=\"562\" srcset=\"https:\/\/www.bellunopress.it\/wp-content\/uploads\/2023\/12\/3-Freccia-nel-Cielo-2020-\u00a9ManazProductions-scaled-1_edited.jpg 1000w, https:\/\/www.bellunopress.it\/wp-content\/uploads\/2023\/12\/3-Freccia-nel-Cielo-2020-\u00a9ManazProductions-scaled-1_edited-500x281.jpg 500w, https:\/\/www.bellunopress.it\/wp-content\/uploads\/2023\/12\/3-Freccia-nel-Cielo-2020-\u00a9ManazProductions-scaled-1_edited-696x391.jpg 696w\" sizes=\"auto, (max-width: 1000px) 100vw, 1000px\" \/>Il gioiello alpino d&#8217;Italia si veste di perle: Cortina d&#8217;Ampezzo, insignita del prestigioso marchio Best of Alps, si prepara ad accogliere gli appassionati di sci per una stagione indimenticabile.<\/p>\n<p>Al centro di questa meraviglia naturalistica spiccano le Perle di Tofana &#8211; Freccia nel Cielo, la rinomata funivia trasformata ora in una moderna cabinovia, che dar\u00e0 ufficialmente il via alla stagione invernale dall&#8217;8 dicembre 2023 al 7 aprile 2024. L&#8217;apertura degli impianti e degli accoglienti chalet sar\u00e0 il preludio a un&#8217;esperienza unica, che porta gli amanti della neve da Cortina d&#8217;Ampezzo ai panoramici 1.778 metri di Col Drusci\u00e9 e ai maestosi 2.770 metri di Ra Valles, punta sciabile pi\u00f9 alta delle Tofane.<\/p>\n<p>Le Perle di Cortina non si limitano alle straordinarie vette, ma si svelano in ogni aspetto del comprensorio. Ogni angolo \u00e8 un invito a vivere nuove emozioni con gli sci ai piedi, immergendosi in una vastit\u00e0 senza limiti. Il fascino di Cortina d&#8217;Ampezzo si fa sentire non solo attraverso la magnificenza del paesaggio, ma anche grazie all&#8217;atmosfera accogliente degli chalet di Col Drusci\u00e8 e Ra Valles che punteggiano il percorso.<\/p>\n<p>Quest&#8217;inverno, Cortina d&#8217;Ampezzo si conferma nuovamente la destinazione ideale per gli amanti dello sci, dove la combinazione di tradizione, modernit\u00e0 e bellezza naturale regala un&#8217;esperienza senza pari. Venite a scoprire le perle nascoste tra le Dolomiti, perch\u00e9 Cortina non \u00e8 solo una localit\u00e0 sciistica ma un gioiello da vivere e amare in ogni suo dettaglio.<\/p>\n<p>&nbsp;<\/p>\n<p>Prima, le novit\u00e0<\/p>\n<ul>\n<li aria-level=\"1\">NUOVO SKI ROOM: per sci e scarponi \u2013 al 4\u00b0 piano alla base della cabinovia \u2013 dedicati a sciatori e amanti della montagna a tutto tondo. Questa novit\u00e0 permette di raggiungere la Freccia nel Cielo in dress code ampezzano e cambiarsi comodamente in loco, senza pesi n\u00e9 fastidi (per informazioni su prezzi e condizioni visita il sito <a href=\"http:\/\/www.freccianelcielo.com\/noleggi\">www.freccianelcielo.com\/noleggi<\/a>).<\/li>\n<\/ul>\n<p>Accanto a questi, anche Nolo\u00a0Sci\u00a0Tofana\u00a0di Max e Carletto due piani pi\u00f9 su, rappresenta un altro pratico noleggio &#8211; in Via dello Stadio, 16 &#8211; per tutti gli appassionati che possono noleggiare e farsi manutentare l\u2019attrezzatura sciistica.<\/p>\n<ul>\n<li aria-level=\"1\">RESCUE PERMAFROST: il progetto, presentato lo scorso settembre a Ra Valles, nasce dalla partnership con una squadra di tecnici, ingegneri e studiosi con l\u2019obiettivo di prevenire il dannoso scioglimento del permafrost, un fenomeno sempre pi\u00f9 evidente a causa dei cambiamenti climatici globali. L&#8217;innovazione consiste nell&#8217;implementazione di un ciclo frigorifero avanzato in grado di trasferire il calore dalle zone pi\u00f9 fredde a quelle pi\u00f9 calde: tale macchina frigorifera utilizza l&#8217;energia meccanica per facilitare lo scambio di calore tra il permafrost, la sorgente fredda, da cui viene estratto il calore raffreddandolo ulteriormente, e l&#8217;ambiente esterno, la sorgente calda, a cui viene ceduto il calore. Una progettualit\u00e0 intelligente e futuristica che potr\u00e0 essere applicata anche in altre realt\u00e0 alpine.<\/li>\n<\/ul>\n<p>Rescue Permafrost \u00e8 visitabile presso la stazione di monte della seggiovia Pian Ra Valles \u2013 Ra Valles \u2013 Bus Tofana, raggiungibile soltanto con gli sci, per scoprire da vicino il progetto e il suo innovativo funzionamento. Per ulteriori informazioni si invita inoltre a visitare il sito <a href=\"http:\/\/www.freccianelcielo.com\/rescuepermafrost\">www.freccianelcielo.com\/rescuepermafrost<\/a>;<\/p>\n<ul>\n<li aria-level=\"1\">PICKUP BOX: posta alla base della cabinovia di Freccia nel Cielo, la pick-up box permette di ritirare gli skipass acquistati precedentemente online sul sito shop.dolomitisuperski.com\/eshop-dove.aspx o sull\u2019App Dolomiti Superski: un ulteriore servizio per evitare code e facilitare la mobilit\u00e0 in montagna per tutti i turisti. Ecco come fare:<\/li>\n<\/ul>\n<ol>\n<li aria-level=\"1\">acquista il tuo biglietto online o tramite l\u2019app (scarica l\u2019app Dolomiti Superski);<\/li>\n<li aria-level=\"1\">scannerizza il codice QR ricevuto via mail nel voucher;<\/li>\n<li aria-level=\"1\">ritira il tuo biglietto dal pick-up box alla partenza della cabinovia della Freccia nel Cielo.<\/li>\n<li aria-level=\"1\">vai direttamente all\u2019impianto e\u2026 Buon divertimento!<\/li>\n<\/ol>\n<p>&nbsp;<\/p>\n<p>Numeri vincenti per una stagione indimenticabile!<\/p>\n<p>Con ben 47 km di piste pronte ad accogliere gli amanti dello sci ai piedi, Tofana Freccia nel Cielo offre un&#8217;ampia variet\u00e0 di percorsi distribuiti su 13 piste di diversi livelli di difficolt\u00e0. Quattro impianti di risalita, tra cui una moderna cabinovia, collegano il centro di Cortina al paesaggio immacolato delle Tofane, invitando gli appassionati a vivere la magia della neve.<\/p>\n<p>La vera perla di Tofana Freccia nel Cielo \u00e8 la funivia che conduce a Ra Valles, portando gli avventurosi fino a 2770 metri, il punto culminante delle Tofane. Qui, la conca offre una bella scelta di discese sciabili grazie alla generosa presenza di neve 100% naturale: piste rosse blu e nere si intrecciano armoniosamente offrendo ai turisti un corollario perfetto a un comprensorio che sa coniugare sfide e divertimento. Le seggiovie Ra Valles ad agganciamento automatico che portano alla pista Cacciatori, a Pian Ra Valles e a Bus Tofana, sono l&#8217;accesso privilegiato a panorami mozzafiato sotto la roccia delle Tofane. Da qui, si raggiunge inoltre Pi\u00e8 Tofana, dove la panoramica Cortina Skyline permette di arrivare a 5 Torri, al Lagazuoi e in Val Badia. Infine, Col Drusci\u00e8 invita a sfrecciare sulla Drusci\u00e9 B, un bellissimo tracciato ricco di cambi di pendenza immerso nei boschi\u00a0cortinesi ai piedi delle\u00a0Tofane e con la vista su tutta Cortina.<\/p>\n<p>Ma sono molte altre ancora le discese che colorano di bianco e di magia il comprensorio di Tofana \u2013 Freccia nel Cielo, piste tutte da scoprire durante questa stagione: per essere aggiornati sulle novit\u00e0 e le aperture si consiglia di visitare la pagina <a href=\"http:\/\/www.freccianelcielo.com\/impiantiepiste\">www.freccianelcielo.com\/impiantiepiste<\/a>.<\/p>\n<p>&nbsp;<\/p>\n<p>Amanti del buon cibo, PRESENTI?<\/p>\n<p>Tofana Freccia nel cielo conquista anche per l\u2019offerta enogastronomica grazie ai tre chalet in quota, avvalorati da terrazze panoramiche che sprigionano tutta l\u2019emozione della vista a 360\u00b0 sulle cime ampezzane.<\/p>\n<ol>\n<li aria-level=\"1\">Il Masi Wine Bar Al Drusci\u00e9 1778 propone una cucina tradizionale rivisitata in chiave moderna alla ricerca del miglior abbinamento con i vini delle cantine Masi: i piatti da provare sono senza dubbio il risotto all\u2019Amarone di Costasera, il filetto al cervo preparato con i vini Masi e la millefoglie con crema chantilly.<\/li>\n<li aria-level=\"1\">Il Ristorante Col Drusci\u00e9 1778 rappresenta uno dei primi rifugi nati per lo sci: un cottage in legno che offre all\u2019ospite un\u2019atmosfera romantica ed esclusiva con una terrazza panoramica su Cortina e le sue vette che fanno da sfondo ai piatti della cucina locale e italiana, dove Luca e il suo staff ti accoglier\u00e0 e ti coccoler\u00e0 come sempre.<\/li>\n<li aria-level=\"1\">Capanna Ra Valles 2475, avvalorata per bellezza da una delle terrazze circolari pi\u00f9 belle della conca ampezzana, \u00e8 una fra le pizzerie pi\u00f9 alte delle Dolomiti che propone anche primi e secondi sfiziosi, come le tagliatelle ai funghi e il bisteccone all\u2019ampezzana accanto agli hamburger fatti in casa accompagnati dai vini delle cantine da tutta Italia.<\/li>\n<\/ol>\n<p>&nbsp;<\/p>\n<p>In attesa degli special events\u2026<\/p>\n<table>\n<tbody>\n<tr>\n<td><\/td>\n<td>DICEMBRE<\/td>\n<td>GENNAIO<\/td>\n<td>FEBBRAIO<\/td>\n<td>MARZO<\/td>\n<td>APRILE<\/td>\n<\/tr>\n<tr>\n<td>ASTROCENE A COL DRUSCIE\u2019<\/td>\n<td>29\/12<\/td>\n<td><\/td>\n<td>17\/02<\/td>\n<td><\/td>\n<td><\/td>\n<\/tr>\n<tr>\n<td>CAPODANNO<\/td>\n<td>31\/12<\/td>\n<td><\/td>\n<td><\/td>\n<td><\/td>\n<td><\/td>\n<\/tr>\n<tr>\n<td>ALBA A RA VALLES<\/td>\n<td><\/td>\n<td>13\/01<\/td>\n<td>10\/02<\/td>\n<td>09\/03<\/td>\n<td><\/td>\n<\/tr>\n<tr>\n<td>SAN VALENTINO<\/td>\n<td><\/td>\n<td><\/td>\n<td>14\/02<\/td>\n<td><\/td>\n<td><\/td>\n<\/tr>\n<tr>\n<td>CORTINA SHOW RUN<\/td>\n<td><\/td>\n<td><\/td>\n<td>24\/02<\/td>\n<td><\/td>\n<td><\/td>\n<\/tr>\n<tr>\n<td>PASQUA IN VETTA<\/td>\n<td><\/td>\n<td><\/td>\n<td><\/td>\n<td>30-31\/03<\/td>\n<td><\/td>\n<\/tr>\n<tr>\n<td>APR\u00c8S SKI A RA VALLES<\/td>\n<td><\/td>\n<td><\/td>\n<td><\/td>\n<td><\/td>\n<td>06\/04<\/td>\n<\/tr>\n<\/tbody>\n<\/table>\n<p>&nbsp;<\/p>\n<p>\u00c8 sfavillante il calendario degli eventi organizzati quest\u2019inverno da Tofana &#8211; Freccia nel Cielo. Imperdibili le Astrocene a Col Drusci\u00e8, il 29 dicembre 2023 e il 17 febbraio 2024, accompagnati da una spettacolare visita all\u2019Osservatorio Astronomico Hellmut Ullrich che rende uniche le serate nel cuore delle Dolomiti. E ancora, la giornata di Capodanno rappresenta un momento magico per un cin cin di festa sulle imbiancate vette ampezzane. Emozioni assicurate anche in occasione delle Albe a Ra Valles, il 13 gennaio 2024, il 10 febbraio 2024 e il 9 marzo 2024, con l\u2019apertura degli impianti alle ore 7.30 e una ricca colazione dolce\/salata per cominciare la giornata con lo \u201csci\u201d giusto! La prenotazione \u00e8 obbligatoria e il costo dell\u2019evento \u00e8 di \u20ac 50 a persona.<\/p>\n<p>\u201cNatale con i tuoi, Pasqua e Pasquetta con chi vuoi\u201d recita un vecchio adagio e l\u2019invito \u00e8 di godersi le Perle di Tofana \u2013 il 30 e il 31 marzo 2024 &#8211; a tutto tondo tra sport, pause gourmet e nuove esperienze! Dulcis in fundo, la colorata festa di chiusura \u00e8 prevista per il 6 aprile 2024 con un Apr\u00e8s ski a Ra Valles che brinda gi\u00e0 all\u2019estate e a nuove emozioni targate\u00a0Tofana Freccia nel Cielo.<\/p>\n<p>&nbsp;<\/p>","protected":false},"excerpt":{"rendered":"<p>Il gioiello alpino d&#8217;Italia si veste di perle: Cortina d&#8217;Ampezzo, insignita del prestigioso marchio Best of Alps, si prepara ad accogliere gli appassionati di sci per una stagione indimenticabile. Al centro di questa meraviglia naturalistica spiccano le Perle di Tofana &#8211; Freccia nel Cielo, la rinomata funivia trasformata ora in una moderna cabinovia, che dar\u00e0 [&hellip;]<\/p>\n","protected":false},"author":2,"featured_media":146521,"comment_status":"closed","ping_status":"open","sticky":false,"template":"","format":"standard","meta":{"footnotes":""},"categories":[25,4],"tags":[],"class_list":["post-146520","post","type-post","status-publish","format-standard","has-post-thumbnail","category-pausa-caffe","category-sport"],"yoast_head":"<!-- This site is optimized with the Yoast SEO plugin v28.4 - https:\/\/yoast.com\/product\/yoast-seo-wordpress\/ -->\n<title>Le Perle di Tofana: l&#039;8 dicembre il via alla stagione invernale - Bellunopress - Dolomiti<\/title>\n<meta name=\"robots\" content=\"index, follow, max-snippet:-1, max-image-preview:large, max-video-preview:-1\" \/>\n<link rel=\"canonical\" href=\"https:\/\/www.bellunopress.it\/fr\/2023\/12\/06\/le-perle-di-tofana-l8-dicembre-il-via-alla-stagione-invernale\/\" \/>\n<meta property=\"og:locale\" content=\"fr_FR\" \/>\n<meta property=\"og:type\" content=\"article\" \/>\n<meta property=\"og:title\" content=\"Le Perle di Tofana: l&#039;8 dicembre il via alla stagione invernale - Bellunopress - Dolomiti\" \/>\n<meta property=\"og:description\" content=\"Il gioiello alpino d&#8217;Italia si veste di perle: Cortina d&#8217;Ampezzo, insignita del prestigioso marchio Best of Alps, si prepara ad accogliere gli appassionati di sci per una stagione indimenticabile. Al centro di questa meraviglia naturalistica spiccano le Perle di Tofana &#8211; Freccia nel Cielo, la rinomata funivia trasformata ora in una moderna cabinovia, che dar\u00e0 [&hellip;]\" \/>\n<meta property=\"og:url\" content=\"https:\/\/www.bellunopress.it\/fr\/2023\/12\/06\/le-perle-di-tofana-l8-dicembre-il-via-alla-stagione-invernale\/\" \/>\n<meta property=\"og:site_name\" content=\"Bellunopress - Dolomiti\" \/>\n<meta property=\"article:publisher\" content=\"https:\/\/www.facebook.com\/profile.php?id=100008943462799\" \/>\n<meta property=\"article:published_time\" content=\"2023-12-06T14:47:30+00:00\" \/>\n<meta property=\"og:image\" content=\"https:\/\/www.bellunopress.it\/wp-content\/uploads\/2023\/12\/3-Freccia-nel-Cielo-2020-\u00a9ManazProductions-scaled-1_edited.jpg\" \/>\n\t<meta property=\"og:image:width\" content=\"1000\" \/>\n\t<meta property=\"og:image:height\" content=\"562\" \/>\n\t<meta property=\"og:image:type\" content=\"image\/jpeg\" \/>\n<meta name=\"author\" content=\"redazione\" \/>\n<meta name=\"twitter:card\" content=\"summary_large_image\" \/>\n<meta name=\"twitter:creator\" content=\"@bellunopress\" \/>\n<meta name=\"twitter:site\" content=\"@bellunopress\" \/>\n<meta name=\"twitter:label1\" content=\"\u00c9crit par\" \/>\n\t<meta name=\"twitter:data1\" content=\"redazione\" \/>\n\t<meta name=\"twitter:label2\" content=\"Dur\u00e9e de lecture estim\u00e9e\" \/>\n\t<meta name=\"twitter:data2\" content=\"6 minutes\" \/>\n<script type=\"application\/ld+json\" class=\"yoast-schema-graph\">{\"@context\":\"https:\\\/\\\/schema.org\",\"@graph\":[{\"@type\":\"Article\",\"@id\":\"https:\\\/\\\/www.bellunopress.it\\\/2023\\\/12\\\/06\\\/le-perle-di-tofana-l8-dicembre-il-via-alla-stagione-invernale\\\/#article\",\"isPartOf\":{\"@id\":\"https:\\\/\\\/www.bellunopress.it\\\/2023\\\/12\\\/06\\\/le-perle-di-tofana-l8-dicembre-il-via-alla-stagione-invernale\\\/\"},\"author\":{\"name\":\"redazione\",\"@id\":\"https:\\\/\\\/www.bellunopress.it\\\/#\\\/schema\\\/person\\\/79bb06722b37ece1c03d3e94beb30d73\"},\"headline\":\"Le Perle di Tofana: l&#8217;8 dicembre il via alla stagione invernale\",\"datePublished\":\"2023-12-06T14:47:30+00:00\",\"mainEntityOfPage\":{\"@id\":\"https:\\\/\\\/www.bellunopress.it\\\/2023\\\/12\\\/06\\\/le-perle-di-tofana-l8-dicembre-il-via-alla-stagione-invernale\\\/\"},\"wordCount\":1310,\"publisher\":{\"@id\":\"https:\\\/\\\/www.bellunopress.it\\\/#organization\"},\"image\":{\"@id\":\"https:\\\/\\\/www.bellunopress.it\\\/2023\\\/12\\\/06\\\/le-perle-di-tofana-l8-dicembre-il-via-alla-stagione-invernale\\\/#primaryimage\"},\"thumbnailUrl\":\"https:\\\/\\\/www.bellunopress.it\\\/wp-content\\\/uploads\\\/2023\\\/12\\\/3-Freccia-nel-Cielo-2020-\u00a9ManazProductions-scaled-1_edited.jpg\",\"articleSection\":[\"Pausa Caff\u00e8\",\"Sport, tempo libero\"],\"inLanguage\":\"fr-FR\"},{\"@type\":\"WebPage\",\"@id\":\"https:\\\/\\\/www.bellunopress.it\\\/2023\\\/12\\\/06\\\/le-perle-di-tofana-l8-dicembre-il-via-alla-stagione-invernale\\\/\",\"url\":\"https:\\\/\\\/www.bellunopress.it\\\/2023\\\/12\\\/06\\\/le-perle-di-tofana-l8-dicembre-il-via-alla-stagione-invernale\\\/\",\"name\":\"Le Perle di Tofana: l'8 dicembre il via alla stagione invernale - Bellunopress - Dolomiti\",\"isPartOf\":{\"@id\":\"https:\\\/\\\/www.bellunopress.it\\\/#website\"},\"primaryImageOfPage\":{\"@id\":\"https:\\\/\\\/www.bellunopress.it\\\/2023\\\/12\\\/06\\\/le-perle-di-tofana-l8-dicembre-il-via-alla-stagione-invernale\\\/#primaryimage\"},\"image\":{\"@id\":\"https:\\\/\\\/www.bellunopress.it\\\/2023\\\/12\\\/06\\\/le-perle-di-tofana-l8-dicembre-il-via-alla-stagione-invernale\\\/#primaryimage\"},\"thumbnailUrl\":\"https:\\\/\\\/www.bellunopress.it\\\/wp-content\\\/uploads\\\/2023\\\/12\\\/3-Freccia-nel-Cielo-2020-\u00a9ManazProductions-scaled-1_edited.jpg\",\"datePublished\":\"2023-12-06T14:47:30+00:00\",\"breadcrumb\":{\"@id\":\"https:\\\/\\\/www.bellunopress.it\\\/2023\\\/12\\\/06\\\/le-perle-di-tofana-l8-dicembre-il-via-alla-stagione-invernale\\\/#breadcrumb\"},\"inLanguage\":\"fr-FR\",\"potentialAction\":[{\"@type\":\"ReadAction\",\"target\":[\"https:\\\/\\\/www.bellunopress.it\\\/2023\\\/12\\\/06\\\/le-perle-di-tofana-l8-dicembre-il-via-alla-stagione-invernale\\\/\"]}]},{\"@type\":\"ImageObject\",\"inLanguage\":\"fr-FR\",\"@id\":\"https:\\\/\\\/www.bellunopress.it\\\/2023\\\/12\\\/06\\\/le-perle-di-tofana-l8-dicembre-il-via-alla-stagione-invernale\\\/#primaryimage\",\"url\":\"https:\\\/\\\/www.bellunopress.it\\\/wp-content\\\/uploads\\\/2023\\\/12\\\/3-Freccia-nel-Cielo-2020-\u00a9ManazProductions-scaled-1_edited.jpg\",\"contentUrl\":\"https:\\\/\\\/www.bellunopress.it\\\/wp-content\\\/uploads\\\/2023\\\/12\\\/3-Freccia-nel-Cielo-2020-\u00a9ManazProductions-scaled-1_edited.jpg\",\"width\":1000,\"height\":562},{\"@type\":\"BreadcrumbList\",\"@id\":\"https:\\\/\\\/www.bellunopress.it\\\/2023\\\/12\\\/06\\\/le-perle-di-tofana-l8-dicembre-il-via-alla-stagione-invernale\\\/#breadcrumb\",\"itemListElement\":[{\"@type\":\"ListItem\",\"position\":1,\"name\":\"Home\",\"item\":\"https:\\\/\\\/www.bellunopress.it\\\/\"},{\"@type\":\"ListItem\",\"position\":2,\"name\":\"Le Perle di Tofana: l&#8217;8 dicembre il via alla stagione invernale\"}]},{\"@type\":\"WebSite\",\"@id\":\"https:\\\/\\\/www.bellunopress.it\\\/#website\",\"url\":\"https:\\\/\\\/www.bellunopress.it\\\/\",\"name\":\"Bellunopress - Dolomiti\",\"description\":\"e-mail: redazione@bellunopress.it\",\"publisher\":{\"@id\":\"https:\\\/\\\/www.bellunopress.it\\\/#organization\"},\"potentialAction\":[{\"@type\":\"SearchAction\",\"target\":{\"@type\":\"EntryPoint\",\"urlTemplate\":\"https:\\\/\\\/www.bellunopress.it\\\/?s={search_term_string}\"},\"query-input\":{\"@type\":\"PropertyValueSpecification\",\"valueRequired\":true,\"valueName\":\"search_term_string\"}}],\"inLanguage\":\"fr-FR\"},{\"@type\":\"Organization\",\"@id\":\"https:\\\/\\\/www.bellunopress.it\\\/#organization\",\"name\":\"Bellunopress\",\"url\":\"https:\\\/\\\/www.bellunopress.it\\\/\",\"logo\":{\"@type\":\"ImageObject\",\"inLanguage\":\"fr-FR\",\"@id\":\"https:\\\/\\\/www.bellunopress.it\\\/#\\\/schema\\\/logo\\\/image\\\/\",\"url\":\"https:\\\/\\\/www.bellunopress.it\\\/wp-content\\\/uploads\\\/2011\\\/05\\\/cropped-logo-bellunopress-.jpg\",\"contentUrl\":\"https:\\\/\\\/www.bellunopress.it\\\/wp-content\\\/uploads\\\/2011\\\/05\\\/cropped-logo-bellunopress-.jpg\",\"width\":512,\"height\":512,\"caption\":\"Bellunopress\"},\"image\":{\"@id\":\"https:\\\/\\\/www.bellunopress.it\\\/#\\\/schema\\\/logo\\\/image\\\/\"},\"sameAs\":[\"https:\\\/\\\/www.facebook.com\\\/profile.php?id=100008943462799\",\"https:\\\/\\\/x.com\\\/bellunopress\",\"https:\\\/\\\/www.linkedin.com\\\/hp\\\/?dnr=JBzUWaJfMUw8vbXJJ2tVW5-I3jZKvC4wsoxE&amp;amp;amp;amp;amp;amp;trk=nav_responsive_tab_home\",\"https:\\\/\\\/www.youtube.com\\\/channel\\\/UCxL0wu1uN0_3_7hGG0306cw\"]},{\"@type\":\"Person\",\"@id\":\"https:\\\/\\\/www.bellunopress.it\\\/#\\\/schema\\\/person\\\/79bb06722b37ece1c03d3e94beb30d73\",\"name\":\"redazione\",\"image\":{\"@type\":\"ImageObject\",\"inLanguage\":\"fr-FR\",\"@id\":\"https:\\\/\\\/secure.gravatar.com\\\/avatar\\\/37d968a2e67a6fd04c169c4bdef102d0bc5d31b2546345219e348575eb80e9a0?s=96&d=mm&r=g\",\"url\":\"https:\\\/\\\/secure.gravatar.com\\\/avatar\\\/37d968a2e67a6fd04c169c4bdef102d0bc5d31b2546345219e348575eb80e9a0?s=96&d=mm&r=g\",\"contentUrl\":\"https:\\\/\\\/secure.gravatar.com\\\/avatar\\\/37d968a2e67a6fd04c169c4bdef102d0bc5d31b2546345219e348575eb80e9a0?s=96&d=mm&r=g\",\"caption\":\"redazione\"},\"sameAs\":[\"http:\\\/\\\/www.bellunopress.it\",\"https:\\\/\\\/x.com\\\/bellunopress\"],\"url\":\"https:\\\/\\\/www.bellunopress.it\\\/fr\\\/author\\\/redazione\\\/\"}]}<\/script>\n<!-- \/ Yoast SEO plugin. -->","yoast_head_json":{"title":"Le Perle di Tofana: l'8 dicembre il via alla stagione invernale - Bellunopress - Dolomiti","robots":{"index":"index","follow":"follow","max-snippet":"max-snippet:-1","max-image-preview":"max-image-preview:large","max-video-preview":"max-video-preview:-1"},"canonical":"https:\/\/www.bellunopress.it\/fr\/2023\/12\/06\/le-perle-di-tofana-l8-dicembre-il-via-alla-stagione-invernale\/","og_locale":"fr_FR","og_type":"article","og_title":"Le Perle di Tofana: l'8 dicembre il via alla stagione invernale - Bellunopress - Dolomiti","og_description":"Il gioiello alpino d&#8217;Italia si veste di perle: Cortina d&#8217;Ampezzo, insignita del prestigioso marchio Best of Alps, si prepara ad accogliere gli appassionati di sci per una stagione indimenticabile. Al centro di questa meraviglia naturalistica spiccano le Perle di Tofana &#8211; Freccia nel Cielo, la rinomata funivia trasformata ora in una moderna cabinovia, che dar\u00e0 [&hellip;]","og_url":"https:\/\/www.bellunopress.it\/fr\/2023\/12\/06\/le-perle-di-tofana-l8-dicembre-il-via-alla-stagione-invernale\/","og_site_name":"Bellunopress - Dolomiti","article_publisher":"https:\/\/www.facebook.com\/profile.php?id=100008943462799","article_published_time":"2023-12-06T14:47:30+00:00","og_image":[{"width":1000,"height":562,"url":"https:\/\/www.bellunopress.it\/wp-content\/uploads\/2023\/12\/3-Freccia-nel-Cielo-2020-\u00a9ManazProductions-scaled-1_edited.jpg","type":"image\/jpeg"}],"author":"redazione","twitter_card":"summary_large_image","twitter_creator":"@bellunopress","twitter_site":"@bellunopress","twitter_misc":{"\u00c9crit par":"redazione","Dur\u00e9e de lecture estim\u00e9e":"6 minutes"},"schema":{"@context":"https:\/\/schema.org","@graph":[{"@type":"Article","@id":"https:\/\/www.bellunopress.it\/2023\/12\/06\/le-perle-di-tofana-l8-dicembre-il-via-alla-stagione-invernale\/#article","isPartOf":{"@id":"https:\/\/www.bellunopress.it\/2023\/12\/06\/le-perle-di-tofana-l8-dicembre-il-via-alla-stagione-invernale\/"},"author":{"name":"redazione","@id":"https:\/\/www.bellunopress.it\/#\/schema\/person\/79bb06722b37ece1c03d3e94beb30d73"},"headline":"Le Perle di Tofana: l&#8217;8 dicembre il via alla stagione invernale","datePublished":"2023-12-06T14:47:30+00:00","mainEntityOfPage":{"@id":"https:\/\/www.bellunopress.it\/2023\/12\/06\/le-perle-di-tofana-l8-dicembre-il-via-alla-stagione-invernale\/"},"wordCount":1310,"publisher":{"@id":"https:\/\/www.bellunopress.it\/#organization"},"image":{"@id":"https:\/\/www.bellunopress.it\/2023\/12\/06\/le-perle-di-tofana-l8-dicembre-il-via-alla-stagione-invernale\/#primaryimage"},"thumbnailUrl":"https:\/\/www.bellunopress.it\/wp-content\/uploads\/2023\/12\/3-Freccia-nel-Cielo-2020-\u00a9ManazProductions-scaled-1_edited.jpg","articleSection":["Pausa Caff\u00e8","Sport, tempo libero"],"inLanguage":"fr-FR"},{"@type":"WebPage","@id":"https:\/\/www.bellunopress.it\/2023\/12\/06\/le-perle-di-tofana-l8-dicembre-il-via-alla-stagione-invernale\/","url":"https:\/\/www.bellunopress.it\/2023\/12\/06\/le-perle-di-tofana-l8-dicembre-il-via-alla-stagione-invernale\/","name":"Le Perle di Tofana: l'8 dicembre il via alla stagione invernale - Bellunopress - Dolomiti","isPartOf":{"@id":"https:\/\/www.bellunopress.it\/#website"},"primaryImageOfPage":{"@id":"https:\/\/www.bellunopress.it\/2023\/12\/06\/le-perle-di-tofana-l8-dicembre-il-via-alla-stagione-invernale\/#primaryimage"},"image":{"@id":"https:\/\/www.bellunopress.it\/2023\/12\/06\/le-perle-di-tofana-l8-dicembre-il-via-alla-stagione-invernale\/#primaryimage"},"thumbnailUrl":"https:\/\/www.bellunopress.it\/wp-content\/uploads\/2023\/12\/3-Freccia-nel-Cielo-2020-\u00a9ManazProductions-scaled-1_edited.jpg","datePublished":"2023-12-06T14:47:30+00:00","breadcrumb":{"@id":"https:\/\/www.bellunopress.it\/2023\/12\/06\/le-perle-di-tofana-l8-dicembre-il-via-alla-stagione-invernale\/#breadcrumb"},"inLanguage":"fr-FR","potentialAction":[{"@type":"ReadAction","target":["https:\/\/www.bellunopress.it\/2023\/12\/06\/le-perle-di-tofana-l8-dicembre-il-via-alla-stagione-invernale\/"]}]},{"@type":"ImageObject","inLanguage":"fr-FR","@id":"https:\/\/www.bellunopress.it\/2023\/12\/06\/le-perle-di-tofana-l8-dicembre-il-via-alla-stagione-invernale\/#primaryimage","url":"https:\/\/www.bellunopress.it\/wp-content\/uploads\/2023\/12\/3-Freccia-nel-Cielo-2020-\u00a9ManazProductions-scaled-1_edited.jpg","contentUrl":"https:\/\/www.bellunopress.it\/wp-content\/uploads\/2023\/12\/3-Freccia-nel-Cielo-2020-\u00a9ManazProductions-scaled-1_edited.jpg","width":1000,"height":562},{"@type":"BreadcrumbList","@id":"https:\/\/www.bellunopress.it\/2023\/12\/06\/le-perle-di-tofana-l8-dicembre-il-via-alla-stagione-invernale\/#breadcrumb","itemListElement":[{"@type":"ListItem","position":1,"name":"Home","item":"https:\/\/www.bellunopress.it\/"},{"@type":"ListItem","position":2,"name":"Le Perle di Tofana: l&#8217;8 dicembre il via alla stagione invernale"}]},{"@type":"WebSite","@id":"https:\/\/www.bellunopress.it\/#website","url":"https:\/\/www.bellunopress.it\/","name":"Bellunopress - Dolomiti","description":"e-mail: redazione@bellunopress.it","publisher":{"@id":"https:\/\/www.bellunopress.it\/#organization"},"potentialAction":[{"@type":"SearchAction","target":{"@type":"EntryPoint","urlTemplate":"https:\/\/www.bellunopress.it\/?s={search_term_string}"},"query-input":{"@type":"PropertyValueSpecification","valueRequired":true,"valueName":"search_term_string"}}],"inLanguage":"fr-FR"},{"@type":"Organization","@id":"https:\/\/www.bellunopress.it\/#organization","name":"Bellunopress","url":"https:\/\/www.bellunopress.it\/","logo":{"@type":"ImageObject","inLanguage":"fr-FR","@id":"https:\/\/www.bellunopress.it\/#\/schema\/logo\/image\/","url":"https:\/\/www.bellunopress.it\/wp-content\/uploads\/2011\/05\/cropped-logo-bellunopress-.jpg","contentUrl":"https:\/\/www.bellunopress.it\/wp-content\/uploads\/2011\/05\/cropped-logo-bellunopress-.jpg","width":512,"height":512,"caption":"Bellunopress"},"image":{"@id":"https:\/\/www.bellunopress.it\/#\/schema\/logo\/image\/"},"sameAs":["https:\/\/www.facebook.com\/profile.php?id=100008943462799","https:\/\/x.com\/bellunopress","https:\/\/www.linkedin.com\/hp\/?dnr=JBzUWaJfMUw8vbXJJ2tVW5-I3jZKvC4wsoxE&amp;amp;amp;amp;amp;amp;trk=nav_responsive_tab_home","https:\/\/www.youtube.com\/channel\/UCxL0wu1uN0_3_7hGG0306cw"]},{"@type":"Person","@id":"https:\/\/www.bellunopress.it\/#\/schema\/person\/79bb06722b37ece1c03d3e94beb30d73","name":"r\u00e9daction","image":{"@type":"ImageObject","inLanguage":"fr-FR","@id":"https:\/\/secure.gravatar.com\/avatar\/37d968a2e67a6fd04c169c4bdef102d0bc5d31b2546345219e348575eb80e9a0?s=96&d=mm&r=g","url":"https:\/\/secure.gravatar.com\/avatar\/37d968a2e67a6fd04c169c4bdef102d0bc5d31b2546345219e348575eb80e9a0?s=96&d=mm&r=g","contentUrl":"https:\/\/secure.gravatar.com\/avatar\/37d968a2e67a6fd04c169c4bdef102d0bc5d31b2546345219e348575eb80e9a0?s=96&d=mm&r=g","caption":"redazione"},"sameAs":["http:\/\/www.bellunopress.it","https:\/\/x.com\/bellunopress"],"url":"https:\/\/www.bellunopress.it\/fr\/author\/redazione\/"}]}},"_links":{"self":[{"href":"https:\/\/www.bellunopress.it\/fr\/wp-json\/wp\/v2\/posts\/146520","targetHints":{"allow":["GET"]}}],"collection":[{"href":"https:\/\/www.bellunopress.it\/fr\/wp-json\/wp\/v2\/posts"}],"about":[{"href":"https:\/\/www.bellunopress.it\/fr\/wp-json\/wp\/v2\/types\/post"}],"author":[{"embeddable":true,"href":"https:\/\/www.bellunopress.it\/fr\/wp-json\/wp\/v2\/users\/2"}],"replies":[{"embeddable":true,"href":"https:\/\/www.bellunopress.it\/fr\/wp-json\/wp\/v2\/comments?post=146520"}],"version-history":[{"count":1,"href":"https:\/\/www.bellunopress.it\/fr\/wp-json\/wp\/v2\/posts\/146520\/revisions"}],"predecessor-version":[{"id":146522,"href":"https:\/\/www.bellunopress.it\/fr\/wp-json\/wp\/v2\/posts\/146520\/revisions\/146522"}],"wp:featuredmedia":[{"embeddable":true,"href":"https:\/\/www.bellunopress.it\/fr\/wp-json\/wp\/v2\/media\/146521"}],"wp:attachment":[{"href":"https:\/\/www.bellunopress.it\/fr\/wp-json\/wp\/v2\/media?parent=146520"}],"wp:term":[{"taxonomy":"category","embeddable":true,"href":"https:\/\/www.bellunopress.it\/fr\/wp-json\/wp\/v2\/categories?post=146520"},{"taxonomy":"post_tag","embeddable":true,"href":"https:\/\/www.bellunopress.it\/fr\/wp-json\/wp\/v2\/tags?post=146520"}],"curies":[{"name":"wp","href":"https:\/\/api.w.org\/{rel}","templated":true}]}}