{"id":146513,"date":"2023-12-06T14:18:14","date_gmt":"2023-12-06T13:18:14","guid":{"rendered":"https:\/\/www.bellunopress.it\/?p=146513"},"modified":"2023-12-06T14:18:14","modified_gmt":"2023-12-06T13:18:14","slug":"giornata-internazionale-della-montagna-lunedi-alle-ore-21-al-teatro-comunale-di-belluno","status":"publish","type":"post","link":"https:\/\/www.bellunopress.it\/fr\/2023\/12\/06\/giornata-internazionale-della-montagna-lunedi-alle-ore-21-al-teatro-comunale-di-belluno\/","title":{"rendered":"Giornata internazionale della montagna. Luned\u00ec alle ore 21 al teatro Comunale di Belluno"},"content":{"rendered":"<p><img loading=\"lazy\" decoding=\"async\" class=\"alignleft size-full wp-image-125311\" src=\"https:\/\/www.bellunopress.it\/wp-content\/uploads\/2021\/06\/teatro-comunale-1-piano_edited.jpg\" alt=\"\" width=\"800\" height=\"600\" srcset=\"https:\/\/www.bellunopress.it\/wp-content\/uploads\/2021\/06\/teatro-comunale-1-piano_edited.jpg 800w, https:\/\/www.bellunopress.it\/wp-content\/uploads\/2021\/06\/teatro-comunale-1-piano_edited-500x375.jpg 500w, https:\/\/www.bellunopress.it\/wp-content\/uploads\/2021\/06\/teatro-comunale-1-piano_edited-696x522.jpg 696w, https:\/\/www.bellunopress.it\/wp-content\/uploads\/2021\/06\/teatro-comunale-1-piano_edited-560x420.jpg 560w, https:\/\/www.bellunopress.it\/wp-content\/uploads\/2021\/06\/teatro-comunale-1-piano_edited-80x60.jpg 80w, https:\/\/www.bellunopress.it\/wp-content\/uploads\/2021\/06\/teatro-comunale-1-piano_edited-265x198.jpg 265w\" sizes=\"auto, (max-width: 800px) 100vw, 800px\" \/>Cos\u2019\u00e8 realmente il processo di conversione ecologica? A Belluno il confronto con Luca Mercalli, don Bruno Bignami, Francesco De Bettin, in occasione della Giornata Internazionale della Montagna. Luned\u00ec 11 dicembre, ore 21, al Teatro Comunale Dino Buzzati. Ingresso libero.<\/p>\n<p>Un confronto su un tema di grande attualit\u00e0, quello della conversione ecologica, alla<br \/>\npresenza di importanti ospiti di rilevanza nazionale: \u00e8 questo, in sintesi, l&#8217;evento<br \/>\norganizzato da Oltre le Vette con il Comune di Belluno e la Fondazione Teatri delle<br \/>\nDolomiti e con il supporto di DBA Group, in occasione della giornata internazionale della<br \/>\nmontagna e del festival \u201cLeggere le Montagne\u201d promosso dalla Convenzione delle Alpi.<br \/>\nLuned\u00ec 11 dicembre, alle ore 21, presso il Teatro Comunale &#8220;Dino Buzzati&#8221; di Belluno &#8211; si<br \/>\nterr\u00e0 la serata che metter\u00e0 a confronto il climatologo e divulgatore scientifico Luca<br \/>\nMercalli, il curatore dell\u2019enciclica papale Laudato si\u2019, don Bruno Bignami e l&#8217;ingegnere e<br \/>\nimprenditore nel settore dell&#8217;ingegneria e dell&#8217;ICT applicato ai processi e al ciclo di vita di<br \/>\nopere, impianti e infrastrutture Francesco De Bettin.<\/p>\n<p>L\u2019oggetto della discussione sar\u00e0 in quale modo si pratica concretamente la conversione<br \/>\necologica all\u2019interno delle imprese, posto che essa \u00e8 necessaria per ragioni climatiche e di<br \/>\ngiustizia sociale. Si parla molto di sostenibilit\u00e0 e transizione ecologica ma in che modo la si<br \/>\nrealizza? Se ne discuter\u00e0 in questo dibattito moderato dal sociologo Diego Cason.<br \/>\nLuca Mercalli, climatologo e divulgatore scientifico italiano, \u00e8 autore di molte opere<br \/>\nrelative al clima come l\u2019Atlante climatico della Valle d\u2019Aosta, Che tempo che far\u00e0, Breve<br \/>\nstoria del clima con uno sguardo al futuro, Il clima che cambia. Perch\u00e9 il riscaldamento<br \/>\nglobale \u00e8 un problema vero, e come fare per fermarlo, Non c\u2019\u00e8 pi\u00f9 tempo e Come reagire<br \/>\nagli allarmi ambientali. Sar\u00e0 suo compito illustrare le ragioni che sottendono la necessit\u00e0<br \/>\ndella conversione ecologica e il cambiamento dei nostri stili di vita.<br \/>\nDon Bruno Bignami, direttore dell\u2019Ufficio nazionale per i problemi sociali e il lavoro della<br \/>\nCEI \u2013 Conferenza Episcopale Italiana. Scrittore affermato, ha al suo attivo diverse<br \/>\npubblicazioni e articoli, in particolare sulla figura di don Mazzolari e su tematiche morali e<br \/>\ndi etica ecologica. In tal senso don Bignami \u00e8 stato uno dei commentatori che ha curato<br \/>\nl\u2019edizione commentata dell\u2019enciclica Laudato si\u2019 di Papa Francesco edita da EDB. Da<br \/>\nsegnalare anche, nel 2012, la pubblicazione di Terra, aria, acqua e fuoco. Riscrivere l\u2019etica<br \/>\necologica e, nel 2016 il saggio Un\u2019arca per la societ\u00e0 liquida. La moralit\u00e0 nel cambiamento<br \/>\nd\u2019epoca. A Belluno spiegher\u00e0 come la conversione ecologica sia uno strumento di giustizia<br \/>\nperch\u00e9, nel ridefinire il rapporto che c\u2019\u00e8 tra la nostra specie e gli altri viventi, promuove<br \/>\nuna nuova idea di relazione tra gli uomini.<\/p>\n<p>Francesco de Bettin, imprenditore nel settore dell\u2019ingegneria e dell\u2019ICT applicato<br \/>\nall\u2019ingegneria di processo e al ciclo di vita e di esercizio di opere, impianti ed infrastrutture,<br \/>\n\u00e8 presidente del Consiglio di Amministrazione di DBA Group di cui \u00e8 fondatore e socio<br \/>\nparitetico con i fratelli Raffaele, Stefano e Daniele. Si definisce sognatore utopico di un<br \/>\nmondo solidale, meritocratico ed onesto. Tra i suoi obiettivi c\u2019\u00e8 la creazione di valore per<br \/>\ndipendenti, collaboratori e azionisti con un\u2019accentuata attenzione alla responsabilit\u00e0 etica e<br \/>\nsociale delle societ\u00e0. Con il pubblico condivider\u00e0 il modo concreto in cui le societ\u00e0 del<br \/>\ngruppo DBA operano sui mercati internazionali per promuovere e praticare la conversione<br \/>\necologica.<\/p>\n<p>La riflessione si completer\u00e0 affrontando l\u2019aspetto della praticabilit\u00e0 economica di un<br \/>\nprocesso di conversione che, come tutti i cambiamenti, ha diversi gradi di complessit\u00e0 e<br \/>\nmolti ostacoli da superare. L\u2019intento \u00e8 di fornire idee su come l\u2019economia e l\u2019ecologia<br \/>\ncontemporanea debbano essere al servizio del benessere umano e della diffusione dei<br \/>\ndiritti tra tutti gli appartenenti alla nostra specie, per uscire dalla teoria di un\u2019aspirazione e<br \/>\ndedicarci alla pratica della realizzazione.<br \/>\nIl festival \u201cLeggere le Montagne\u201d \u00e8 un\u2019iniziativa che la Convenzione delle Alpi ha<br \/>\npresentato per la prima volta nel 2015, in occasione della Giornata Internazionale della<br \/>\nMontagna, che \u00e8 stata istituita dall\u2019ONU e si celebra annualmente l\u201911 dicembre. Il festival<br \/>\nintende avviare diverse tipologie di eventi dedicati al tema della Montagna e della<br \/>\nletteratura in varie localit\u00e0 alpine, promuovendo le differenze e le somiglianze culturali<br \/>\nesistenti nel territorio alpino, e allo stesso tempo, collegando tra loro \u201cmontagna e<br \/>\ncultura\u201d. L\u2019evento organizzato a Belluno si inserisce quindi in un ricco calendario di<br \/>\nappuntamenti che si svolgono in contemporanea l\u201911 dicembre in tutto l\u2019arco alpino, dalla<br \/>\nFrancia all\u2019Austria, dalla Svizzera alla Slovenia.<br \/>\nIngresso gratuito fino a esaurimento dei posti. Prenotazione consigliata dal sito<br \/>\nwww.oltrelevette.i<\/p>","protected":false},"excerpt":{"rendered":"<p>Cos\u2019\u00e8 realmente il processo di conversione ecologica? A Belluno il confronto con Luca Mercalli, don Bruno Bignami, Francesco De Bettin, in occasione della Giornata Internazionale della Montagna. Luned\u00ec 11 dicembre, ore 21, al Teatro Comunale Dino Buzzati. Ingresso libero. Un confronto su un tema di grande attualit\u00e0, quello della conversione ecologica, alla presenza di importanti [&hellip;]<\/p>\n","protected":false},"author":2,"featured_media":125311,"comment_status":"closed","ping_status":"open","sticky":false,"template":"","format":"standard","meta":{"footnotes":""},"categories":[27],"tags":[],"class_list":["post-146513","post","type-post","status-publish","format-standard","has-post-thumbnail","category-appuntamenti"],"yoast_head":"<!-- This site is optimized with the Yoast SEO plugin v28.4 - https:\/\/yoast.com\/product\/yoast-seo-wordpress\/ -->\n<title>Giornata internazionale della montagna. Luned\u00ec alle ore 21 al teatro Comunale di Belluno - Bellunopress - Dolomiti<\/title>\n<meta name=\"robots\" content=\"index, follow, max-snippet:-1, max-image-preview:large, max-video-preview:-1\" \/>\n<link rel=\"canonical\" href=\"https:\/\/www.bellunopress.it\/fr\/2023\/12\/06\/giornata-internazionale-della-montagna-lunedi-alle-ore-21-al-teatro-comunale-di-belluno\/\" \/>\n<meta property=\"og:locale\" content=\"fr_FR\" \/>\n<meta property=\"og:type\" content=\"article\" \/>\n<meta property=\"og:title\" content=\"Giornata internazionale della montagna. Luned\u00ec alle ore 21 al teatro Comunale di Belluno - Bellunopress - Dolomiti\" \/>\n<meta property=\"og:description\" content=\"Cos\u2019\u00e8 realmente il processo di conversione ecologica? A Belluno il confronto con Luca Mercalli, don Bruno Bignami, Francesco De Bettin, in occasione della Giornata Internazionale della Montagna. Luned\u00ec 11 dicembre, ore 21, al Teatro Comunale Dino Buzzati. Ingresso libero. Un confronto su un tema di grande attualit\u00e0, quello della conversione ecologica, alla presenza di importanti [&hellip;]\" \/>\n<meta property=\"og:url\" content=\"https:\/\/www.bellunopress.it\/fr\/2023\/12\/06\/giornata-internazionale-della-montagna-lunedi-alle-ore-21-al-teatro-comunale-di-belluno\/\" \/>\n<meta property=\"og:site_name\" content=\"Bellunopress - Dolomiti\" \/>\n<meta property=\"article:publisher\" content=\"https:\/\/www.facebook.com\/profile.php?id=100008943462799\" \/>\n<meta property=\"article:published_time\" content=\"2023-12-06T13:18:14+00:00\" \/>\n<meta property=\"og:image\" content=\"https:\/\/www.bellunopress.it\/wp-content\/uploads\/2021\/06\/teatro-comunale-1-piano_edited.jpg\" \/>\n\t<meta property=\"og:image:width\" content=\"800\" \/>\n\t<meta property=\"og:image:height\" content=\"600\" \/>\n\t<meta property=\"og:image:type\" content=\"image\/jpeg\" \/>\n<meta name=\"author\" content=\"redazione\" \/>\n<meta name=\"twitter:card\" content=\"summary_large_image\" \/>\n<meta name=\"twitter:creator\" content=\"@bellunopress\" \/>\n<meta name=\"twitter:site\" content=\"@bellunopress\" \/>\n<meta name=\"twitter:label1\" content=\"\u00c9crit par\" \/>\n\t<meta name=\"twitter:data1\" content=\"redazione\" \/>\n\t<meta name=\"twitter:label2\" content=\"Dur\u00e9e de lecture estim\u00e9e\" \/>\n\t<meta name=\"twitter:data2\" content=\"4 minutes\" \/>\n<script type=\"application\/ld+json\" class=\"yoast-schema-graph\">{\"@context\":\"https:\\\/\\\/schema.org\",\"@graph\":[{\"@type\":\"Article\",\"@id\":\"https:\\\/\\\/www.bellunopress.it\\\/2023\\\/12\\\/06\\\/giornata-internazionale-della-montagna-lunedi-alle-ore-21-al-teatro-comunale-di-belluno\\\/#article\",\"isPartOf\":{\"@id\":\"https:\\\/\\\/www.bellunopress.it\\\/2023\\\/12\\\/06\\\/giornata-internazionale-della-montagna-lunedi-alle-ore-21-al-teatro-comunale-di-belluno\\\/\"},\"author\":{\"name\":\"redazione\",\"@id\":\"https:\\\/\\\/www.bellunopress.it\\\/#\\\/schema\\\/person\\\/79bb06722b37ece1c03d3e94beb30d73\"},\"headline\":\"Giornata internazionale della montagna. Luned\u00ec alle ore 21 al teatro Comunale di Belluno\",\"datePublished\":\"2023-12-06T13:18:14+00:00\",\"mainEntityOfPage\":{\"@id\":\"https:\\\/\\\/www.bellunopress.it\\\/2023\\\/12\\\/06\\\/giornata-internazionale-della-montagna-lunedi-alle-ore-21-al-teatro-comunale-di-belluno\\\/\"},\"wordCount\":767,\"publisher\":{\"@id\":\"https:\\\/\\\/www.bellunopress.it\\\/#organization\"},\"image\":{\"@id\":\"https:\\\/\\\/www.bellunopress.it\\\/2023\\\/12\\\/06\\\/giornata-internazionale-della-montagna-lunedi-alle-ore-21-al-teatro-comunale-di-belluno\\\/#primaryimage\"},\"thumbnailUrl\":\"https:\\\/\\\/www.bellunopress.it\\\/wp-content\\\/uploads\\\/2021\\\/06\\\/teatro-comunale-1-piano_edited.jpg\",\"articleSection\":[\"Appuntamenti, Eventi\"],\"inLanguage\":\"fr-FR\"},{\"@type\":\"WebPage\",\"@id\":\"https:\\\/\\\/www.bellunopress.it\\\/2023\\\/12\\\/06\\\/giornata-internazionale-della-montagna-lunedi-alle-ore-21-al-teatro-comunale-di-belluno\\\/\",\"url\":\"https:\\\/\\\/www.bellunopress.it\\\/2023\\\/12\\\/06\\\/giornata-internazionale-della-montagna-lunedi-alle-ore-21-al-teatro-comunale-di-belluno\\\/\",\"name\":\"Giornata internazionale della montagna. Luned\u00ec alle ore 21 al teatro Comunale di Belluno - Bellunopress - Dolomiti\",\"isPartOf\":{\"@id\":\"https:\\\/\\\/www.bellunopress.it\\\/#website\"},\"primaryImageOfPage\":{\"@id\":\"https:\\\/\\\/www.bellunopress.it\\\/2023\\\/12\\\/06\\\/giornata-internazionale-della-montagna-lunedi-alle-ore-21-al-teatro-comunale-di-belluno\\\/#primaryimage\"},\"image\":{\"@id\":\"https:\\\/\\\/www.bellunopress.it\\\/2023\\\/12\\\/06\\\/giornata-internazionale-della-montagna-lunedi-alle-ore-21-al-teatro-comunale-di-belluno\\\/#primaryimage\"},\"thumbnailUrl\":\"https:\\\/\\\/www.bellunopress.it\\\/wp-content\\\/uploads\\\/2021\\\/06\\\/teatro-comunale-1-piano_edited.jpg\",\"datePublished\":\"2023-12-06T13:18:14+00:00\",\"breadcrumb\":{\"@id\":\"https:\\\/\\\/www.bellunopress.it\\\/2023\\\/12\\\/06\\\/giornata-internazionale-della-montagna-lunedi-alle-ore-21-al-teatro-comunale-di-belluno\\\/#breadcrumb\"},\"inLanguage\":\"fr-FR\",\"potentialAction\":[{\"@type\":\"ReadAction\",\"target\":[\"https:\\\/\\\/www.bellunopress.it\\\/2023\\\/12\\\/06\\\/giornata-internazionale-della-montagna-lunedi-alle-ore-21-al-teatro-comunale-di-belluno\\\/\"]}]},{\"@type\":\"ImageObject\",\"inLanguage\":\"fr-FR\",\"@id\":\"https:\\\/\\\/www.bellunopress.it\\\/2023\\\/12\\\/06\\\/giornata-internazionale-della-montagna-lunedi-alle-ore-21-al-teatro-comunale-di-belluno\\\/#primaryimage\",\"url\":\"https:\\\/\\\/www.bellunopress.it\\\/wp-content\\\/uploads\\\/2021\\\/06\\\/teatro-comunale-1-piano_edited.jpg\",\"contentUrl\":\"https:\\\/\\\/www.bellunopress.it\\\/wp-content\\\/uploads\\\/2021\\\/06\\\/teatro-comunale-1-piano_edited.jpg\",\"width\":800,\"height\":600,\"caption\":\"Teatro Comunale di Belluno\"},{\"@type\":\"BreadcrumbList\",\"@id\":\"https:\\\/\\\/www.bellunopress.it\\\/2023\\\/12\\\/06\\\/giornata-internazionale-della-montagna-lunedi-alle-ore-21-al-teatro-comunale-di-belluno\\\/#breadcrumb\",\"itemListElement\":[{\"@type\":\"ListItem\",\"position\":1,\"name\":\"Home\",\"item\":\"https:\\\/\\\/www.bellunopress.it\\\/\"},{\"@type\":\"ListItem\",\"position\":2,\"name\":\"Giornata internazionale della montagna. Luned\u00ec alle ore 21 al teatro Comunale di Belluno\"}]},{\"@type\":\"WebSite\",\"@id\":\"https:\\\/\\\/www.bellunopress.it\\\/#website\",\"url\":\"https:\\\/\\\/www.bellunopress.it\\\/\",\"name\":\"Bellunopress - Dolomiti\",\"description\":\"e-mail: redazione@bellunopress.it\",\"publisher\":{\"@id\":\"https:\\\/\\\/www.bellunopress.it\\\/#organization\"},\"potentialAction\":[{\"@type\":\"SearchAction\",\"target\":{\"@type\":\"EntryPoint\",\"urlTemplate\":\"https:\\\/\\\/www.bellunopress.it\\\/?s={search_term_string}\"},\"query-input\":{\"@type\":\"PropertyValueSpecification\",\"valueRequired\":true,\"valueName\":\"search_term_string\"}}],\"inLanguage\":\"fr-FR\"},{\"@type\":\"Organization\",\"@id\":\"https:\\\/\\\/www.bellunopress.it\\\/#organization\",\"name\":\"Bellunopress\",\"url\":\"https:\\\/\\\/www.bellunopress.it\\\/\",\"logo\":{\"@type\":\"ImageObject\",\"inLanguage\":\"fr-FR\",\"@id\":\"https:\\\/\\\/www.bellunopress.it\\\/#\\\/schema\\\/logo\\\/image\\\/\",\"url\":\"https:\\\/\\\/www.bellunopress.it\\\/wp-content\\\/uploads\\\/2011\\\/05\\\/cropped-logo-bellunopress-.jpg\",\"contentUrl\":\"https:\\\/\\\/www.bellunopress.it\\\/wp-content\\\/uploads\\\/2011\\\/05\\\/cropped-logo-bellunopress-.jpg\",\"width\":512,\"height\":512,\"caption\":\"Bellunopress\"},\"image\":{\"@id\":\"https:\\\/\\\/www.bellunopress.it\\\/#\\\/schema\\\/logo\\\/image\\\/\"},\"sameAs\":[\"https:\\\/\\\/www.facebook.com\\\/profile.php?id=100008943462799\",\"https:\\\/\\\/x.com\\\/bellunopress\",\"https:\\\/\\\/www.linkedin.com\\\/hp\\\/?dnr=JBzUWaJfMUw8vbXJJ2tVW5-I3jZKvC4wsoxE&amp;amp;amp;amp;amp;amp;trk=nav_responsive_tab_home\",\"https:\\\/\\\/www.youtube.com\\\/channel\\\/UCxL0wu1uN0_3_7hGG0306cw\"]},{\"@type\":\"Person\",\"@id\":\"https:\\\/\\\/www.bellunopress.it\\\/#\\\/schema\\\/person\\\/79bb06722b37ece1c03d3e94beb30d73\",\"name\":\"redazione\",\"image\":{\"@type\":\"ImageObject\",\"inLanguage\":\"fr-FR\",\"@id\":\"https:\\\/\\\/secure.gravatar.com\\\/avatar\\\/37d968a2e67a6fd04c169c4bdef102d0bc5d31b2546345219e348575eb80e9a0?s=96&d=mm&r=g\",\"url\":\"https:\\\/\\\/secure.gravatar.com\\\/avatar\\\/37d968a2e67a6fd04c169c4bdef102d0bc5d31b2546345219e348575eb80e9a0?s=96&d=mm&r=g\",\"contentUrl\":\"https:\\\/\\\/secure.gravatar.com\\\/avatar\\\/37d968a2e67a6fd04c169c4bdef102d0bc5d31b2546345219e348575eb80e9a0?s=96&d=mm&r=g\",\"caption\":\"redazione\"},\"sameAs\":[\"http:\\\/\\\/www.bellunopress.it\",\"https:\\\/\\\/x.com\\\/bellunopress\"],\"url\":\"https:\\\/\\\/www.bellunopress.it\\\/fr\\\/author\\\/redazione\\\/\"}]}<\/script>\n<!-- \/ Yoast SEO plugin. -->","yoast_head_json":{"title":"Giornata internazionale della montagna. Luned\u00ec alle ore 21 al teatro Comunale di Belluno - Bellunopress - Dolomiti","robots":{"index":"index","follow":"follow","max-snippet":"max-snippet:-1","max-image-preview":"max-image-preview:large","max-video-preview":"max-video-preview:-1"},"canonical":"https:\/\/www.bellunopress.it\/fr\/2023\/12\/06\/giornata-internazionale-della-montagna-lunedi-alle-ore-21-al-teatro-comunale-di-belluno\/","og_locale":"fr_FR","og_type":"article","og_title":"Giornata internazionale della montagna. Luned\u00ec alle ore 21 al teatro Comunale di Belluno - Bellunopress - Dolomiti","og_description":"Cos\u2019\u00e8 realmente il processo di conversione ecologica? A Belluno il confronto con Luca Mercalli, don Bruno Bignami, Francesco De Bettin, in occasione della Giornata Internazionale della Montagna. Luned\u00ec 11 dicembre, ore 21, al Teatro Comunale Dino Buzzati. Ingresso libero. Un confronto su un tema di grande attualit\u00e0, quello della conversione ecologica, alla presenza di importanti [&hellip;]","og_url":"https:\/\/www.bellunopress.it\/fr\/2023\/12\/06\/giornata-internazionale-della-montagna-lunedi-alle-ore-21-al-teatro-comunale-di-belluno\/","og_site_name":"Bellunopress - Dolomiti","article_publisher":"https:\/\/www.facebook.com\/profile.php?id=100008943462799","article_published_time":"2023-12-06T13:18:14+00:00","og_image":[{"width":800,"height":600,"url":"https:\/\/www.bellunopress.it\/wp-content\/uploads\/2021\/06\/teatro-comunale-1-piano_edited.jpg","type":"image\/jpeg"}],"author":"redazione","twitter_card":"summary_large_image","twitter_creator":"@bellunopress","twitter_site":"@bellunopress","twitter_misc":{"\u00c9crit par":"redazione","Dur\u00e9e de lecture estim\u00e9e":"4 minutes"},"schema":{"@context":"https:\/\/schema.org","@graph":[{"@type":"Article","@id":"https:\/\/www.bellunopress.it\/2023\/12\/06\/giornata-internazionale-della-montagna-lunedi-alle-ore-21-al-teatro-comunale-di-belluno\/#article","isPartOf":{"@id":"https:\/\/www.bellunopress.it\/2023\/12\/06\/giornata-internazionale-della-montagna-lunedi-alle-ore-21-al-teatro-comunale-di-belluno\/"},"author":{"name":"redazione","@id":"https:\/\/www.bellunopress.it\/#\/schema\/person\/79bb06722b37ece1c03d3e94beb30d73"},"headline":"Giornata internazionale della montagna. Luned\u00ec alle ore 21 al teatro Comunale di Belluno","datePublished":"2023-12-06T13:18:14+00:00","mainEntityOfPage":{"@id":"https:\/\/www.bellunopress.it\/2023\/12\/06\/giornata-internazionale-della-montagna-lunedi-alle-ore-21-al-teatro-comunale-di-belluno\/"},"wordCount":767,"publisher":{"@id":"https:\/\/www.bellunopress.it\/#organization"},"image":{"@id":"https:\/\/www.bellunopress.it\/2023\/12\/06\/giornata-internazionale-della-montagna-lunedi-alle-ore-21-al-teatro-comunale-di-belluno\/#primaryimage"},"thumbnailUrl":"https:\/\/www.bellunopress.it\/wp-content\/uploads\/2021\/06\/teatro-comunale-1-piano_edited.jpg","articleSection":["Appuntamenti, Eventi"],"inLanguage":"fr-FR"},{"@type":"WebPage","@id":"https:\/\/www.bellunopress.it\/2023\/12\/06\/giornata-internazionale-della-montagna-lunedi-alle-ore-21-al-teatro-comunale-di-belluno\/","url":"https:\/\/www.bellunopress.it\/2023\/12\/06\/giornata-internazionale-della-montagna-lunedi-alle-ore-21-al-teatro-comunale-di-belluno\/","name":"Giornata internazionale della montagna. Luned\u00ec alle ore 21 al teatro Comunale di Belluno - Bellunopress - Dolomiti","isPartOf":{"@id":"https:\/\/www.bellunopress.it\/#website"},"primaryImageOfPage":{"@id":"https:\/\/www.bellunopress.it\/2023\/12\/06\/giornata-internazionale-della-montagna-lunedi-alle-ore-21-al-teatro-comunale-di-belluno\/#primaryimage"},"image":{"@id":"https:\/\/www.bellunopress.it\/2023\/12\/06\/giornata-internazionale-della-montagna-lunedi-alle-ore-21-al-teatro-comunale-di-belluno\/#primaryimage"},"thumbnailUrl":"https:\/\/www.bellunopress.it\/wp-content\/uploads\/2021\/06\/teatro-comunale-1-piano_edited.jpg","datePublished":"2023-12-06T13:18:14+00:00","breadcrumb":{"@id":"https:\/\/www.bellunopress.it\/2023\/12\/06\/giornata-internazionale-della-montagna-lunedi-alle-ore-21-al-teatro-comunale-di-belluno\/#breadcrumb"},"inLanguage":"fr-FR","potentialAction":[{"@type":"ReadAction","target":["https:\/\/www.bellunopress.it\/2023\/12\/06\/giornata-internazionale-della-montagna-lunedi-alle-ore-21-al-teatro-comunale-di-belluno\/"]}]},{"@type":"ImageObject","inLanguage":"fr-FR","@id":"https:\/\/www.bellunopress.it\/2023\/12\/06\/giornata-internazionale-della-montagna-lunedi-alle-ore-21-al-teatro-comunale-di-belluno\/#primaryimage","url":"https:\/\/www.bellunopress.it\/wp-content\/uploads\/2021\/06\/teatro-comunale-1-piano_edited.jpg","contentUrl":"https:\/\/www.bellunopress.it\/wp-content\/uploads\/2021\/06\/teatro-comunale-1-piano_edited.jpg","width":800,"height":600,"caption":"Teatro Comunale di Belluno"},{"@type":"BreadcrumbList","@id":"https:\/\/www.bellunopress.it\/2023\/12\/06\/giornata-internazionale-della-montagna-lunedi-alle-ore-21-al-teatro-comunale-di-belluno\/#breadcrumb","itemListElement":[{"@type":"ListItem","position":1,"name":"Home","item":"https:\/\/www.bellunopress.it\/"},{"@type":"ListItem","position":2,"name":"Giornata internazionale della montagna. Luned\u00ec alle ore 21 al teatro Comunale di Belluno"}]},{"@type":"WebSite","@id":"https:\/\/www.bellunopress.it\/#website","url":"https:\/\/www.bellunopress.it\/","name":"Bellunopress - Dolomiti","description":"e-mail: redazione@bellunopress.it","publisher":{"@id":"https:\/\/www.bellunopress.it\/#organization"},"potentialAction":[{"@type":"SearchAction","target":{"@type":"EntryPoint","urlTemplate":"https:\/\/www.bellunopress.it\/?s={search_term_string}"},"query-input":{"@type":"PropertyValueSpecification","valueRequired":true,"valueName":"search_term_string"}}],"inLanguage":"fr-FR"},{"@type":"Organization","@id":"https:\/\/www.bellunopress.it\/#organization","name":"Bellunopress","url":"https:\/\/www.bellunopress.it\/","logo":{"@type":"ImageObject","inLanguage":"fr-FR","@id":"https:\/\/www.bellunopress.it\/#\/schema\/logo\/image\/","url":"https:\/\/www.bellunopress.it\/wp-content\/uploads\/2011\/05\/cropped-logo-bellunopress-.jpg","contentUrl":"https:\/\/www.bellunopress.it\/wp-content\/uploads\/2011\/05\/cropped-logo-bellunopress-.jpg","width":512,"height":512,"caption":"Bellunopress"},"image":{"@id":"https:\/\/www.bellunopress.it\/#\/schema\/logo\/image\/"},"sameAs":["https:\/\/www.facebook.com\/profile.php?id=100008943462799","https:\/\/x.com\/bellunopress","https:\/\/www.linkedin.com\/hp\/?dnr=JBzUWaJfMUw8vbXJJ2tVW5-I3jZKvC4wsoxE&amp;amp;amp;amp;amp;amp;trk=nav_responsive_tab_home","https:\/\/www.youtube.com\/channel\/UCxL0wu1uN0_3_7hGG0306cw"]},{"@type":"Person","@id":"https:\/\/www.bellunopress.it\/#\/schema\/person\/79bb06722b37ece1c03d3e94beb30d73","name":"r\u00e9daction","image":{"@type":"ImageObject","inLanguage":"fr-FR","@id":"https:\/\/secure.gravatar.com\/avatar\/37d968a2e67a6fd04c169c4bdef102d0bc5d31b2546345219e348575eb80e9a0?s=96&d=mm&r=g","url":"https:\/\/secure.gravatar.com\/avatar\/37d968a2e67a6fd04c169c4bdef102d0bc5d31b2546345219e348575eb80e9a0?s=96&d=mm&r=g","contentUrl":"https:\/\/secure.gravatar.com\/avatar\/37d968a2e67a6fd04c169c4bdef102d0bc5d31b2546345219e348575eb80e9a0?s=96&d=mm&r=g","caption":"redazione"},"sameAs":["http:\/\/www.bellunopress.it","https:\/\/x.com\/bellunopress"],"url":"https:\/\/www.bellunopress.it\/fr\/author\/redazione\/"}]}},"_links":{"self":[{"href":"https:\/\/www.bellunopress.it\/fr\/wp-json\/wp\/v2\/posts\/146513","targetHints":{"allow":["GET"]}}],"collection":[{"href":"https:\/\/www.bellunopress.it\/fr\/wp-json\/wp\/v2\/posts"}],"about":[{"href":"https:\/\/www.bellunopress.it\/fr\/wp-json\/wp\/v2\/types\/post"}],"author":[{"embeddable":true,"href":"https:\/\/www.bellunopress.it\/fr\/wp-json\/wp\/v2\/users\/2"}],"replies":[{"embeddable":true,"href":"https:\/\/www.bellunopress.it\/fr\/wp-json\/wp\/v2\/comments?post=146513"}],"version-history":[{"count":1,"href":"https:\/\/www.bellunopress.it\/fr\/wp-json\/wp\/v2\/posts\/146513\/revisions"}],"predecessor-version":[{"id":146514,"href":"https:\/\/www.bellunopress.it\/fr\/wp-json\/wp\/v2\/posts\/146513\/revisions\/146514"}],"wp:featuredmedia":[{"embeddable":true,"href":"https:\/\/www.bellunopress.it\/fr\/wp-json\/wp\/v2\/media\/125311"}],"wp:attachment":[{"href":"https:\/\/www.bellunopress.it\/fr\/wp-json\/wp\/v2\/media?parent=146513"}],"wp:term":[{"taxonomy":"category","embeddable":true,"href":"https:\/\/www.bellunopress.it\/fr\/wp-json\/wp\/v2\/categories?post=146513"},{"taxonomy":"post_tag","embeddable":true,"href":"https:\/\/www.bellunopress.it\/fr\/wp-json\/wp\/v2\/tags?post=146513"}],"curies":[{"name":"wp","href":"https:\/\/api.w.org\/{rel}","templated":true}]}}