{"id":146509,"date":"2023-12-06T13:53:51","date_gmt":"2023-12-06T12:53:51","guid":{"rendered":"https:\/\/www.bellunopress.it\/?p=146509"},"modified":"2023-12-06T14:37:35","modified_gmt":"2023-12-06T13:37:35","slug":"raccolta-differenziata-limana-sul-podio-della-classifica-legambiente-nuovi-contenitori-per-lumido-organico","status":"publish","type":"post","link":"https:\/\/www.bellunopress.it\/fr\/2023\/12\/06\/raccolta-differenziata-limana-sul-podio-della-classifica-legambiente-nuovi-contenitori-per-lumido-organico\/","title":{"rendered":"Raccolta differenziata: Limana sul podio della classifica Legambiente. Nuovi contenitori per l&#8217;umido organico"},"content":{"rendered":"<figure id=\"attachment_105757\" aria-describedby=\"caption-attachment-105757\" style=\"width: 140px\" class=\"wp-caption alignleft\"><img loading=\"lazy\" decoding=\"async\" class=\"size-full wp-image-105757\" src=\"https:\/\/www.bellunopress.it\/wp-content\/uploads\/2019\/06\/Alex-Segat-assessore-Limana.jpg\" alt=\"\" width=\"140\" height=\"166\" \/><figcaption id=\"caption-attachment-105757\" class=\"wp-caption-text\">Alex Segat, vicesindaco del Comune di Limana<\/figcaption><\/figure>\n<p>Sono attivi ed utilizzabili da sabato scorso nel Comune di Limana i nuovi contenitori per la raccolta stradale dell&#8217;umido organico posizionati da Bellunum in sostituzione dei precedenti contenitori carrellati.<br \/>\nL&#8217;accesso al conferimento rester\u00e0 libero: non \u00e8 dunque necessaria la tessera gi\u00e0 in dotazione agli utenti per i contenitori del rifiuto secco ed i conferimenti rimangono gratuiti ed illimitati.<br \/>\nI nuovi contenitori hanno una capienza maggiore che consentir\u00e0 di ottimizzare il processo di raccolta del rifiuto e garantiscono una maggiore igiene delle aree ecologiche sono dotati di un meccanismo di apertura con pedaliera che faciliter\u00e0 il conferimento da parte dell&#8217;utente: \u00e8 infatti sufficiente premere il pedale per aprire il cassetto volumetrico, conferire il rifiuto umido (contenuto in un sacchetto biodegradabile e compostabile ben chiuso) e infine premere nuovamente fino in fondo sul pedale, cos\u00ec da permettere la chiusura del cassetto similmente a come gi\u00e0 si fa per conferire il residuo secco.<br \/>\nResta invariato il divieto di conferire rifiuti sfusi all&#8217;interno del contenitore e di abbandonare i rifiuti vicino o sopra ad esso. Infine si precisa che non verranno cambiati i contenitori del rifiuto umido organico assegnati alle utenze non domestiche.<\/p>\n<p>&#8220;Si tratta di un investimento che abbiamo fortemente voluto e attentamente programmato con la societ\u00e0&#8221; commenta il Vicesindaco ed Assessore all&#8217;Ambiente Alex Segat. &#8220;In questi anni, come recentemente confermato dalle classifiche elaborate da Legambiente, Limana ha costantemente migliorato la qualit\u00e0 del rifiuto raccolto e contemporaneamente ridotto la quantit\u00e0 di rifiuto complessivo e pro capite, nonostante l&#8217;espansione demografica che la contraddistingue&#8221;.<br \/>\n&#8220;Tale risultato&#8221;, prosegue Segat, &#8220;\u00e8 possibile grazie a tre fattori. Il primo \u00e8 l&#8217;attenzione che dimostrano i cittadini, senza l&#8217;impegno dei quali non esiste sistema di raccolta che possa dare buoni frutti.<br \/>\n&#8220;Il secondo fattore \u00e8 l&#8217;impegno nella repressione dei comportamenti scorretti che un&#8217;esigua minoranza mette ancora in atto creando non solo un danno all&#8217;ambiente e al decoro, ma anche un aggravio dei costi di gestione costringendo a pulizie manuali. Quest&#8217;anno la polizia locale, che ringrazio per l&#8217;enorme attivit\u00e0 di accertamento, ha elevato oltre 70 sanzioni per pi\u00f9 di 15.000\u20ac.<br \/>\n&#8220;Il terzo fattore merita un approfondimento ed \u00e8 la professionalit\u00e0 del gestore, Bellunum nel nostro caso. La societ\u00e0 si \u00e8 sempre dimostrata oculata nella gestione finanziaria, all&#8217;avanguardia nelle scelte tecniche e professionale nel servizio reso agli utenti. Ci\u00f2 le ha consentito in questi anni non solo di espandersi all&#8217;esterno, arrivando a servire met\u00e0 della popolazione provinciale, ma anche al proprio interno acquisendo personale giovane, competente e motivato. Credo che tutta Limana sia grata a Bellunum per l&#8217;enorme salto compiuto in avanti: in soli 7 anni siamo passati dal 60% all&#8217;89% di raccolta differenziata, abbiamo abbattuto il secco residuo di 500 tonnellate l&#8217;anno, rinnovato tutto il parco delle dotazioni sia sulle piazzole che in ecocentro e potenziato i servizi.<br \/>\n&#8220;Risultati importanti conseguiti mantenendo una tariffa al di sotto della media nazionale&#8221;<\/p>","protected":false},"excerpt":{"rendered":"<p>Sono attivi ed utilizzabili da sabato scorso nel Comune di Limana i nuovi contenitori per la raccolta stradale dell&#8217;umido organico posizionati da Bellunum in sostituzione dei precedenti contenitori carrellati. L&#8217;accesso al conferimento rester\u00e0 libero: non \u00e8 dunque necessaria la tessera gi\u00e0 in dotazione agli utenti per i contenitori del rifiuto secco ed i conferimenti rimangono [&hellip;]<\/p>\n","protected":false},"author":2,"featured_media":141764,"comment_status":"closed","ping_status":"open","sticky":false,"template":"","format":"standard","meta":{"footnotes":""},"categories":[5,8],"tags":[],"class_list":["post-146509","post","type-post","status-publish","format-standard","has-post-thumbnail","category-cronaca","category-societa-istituzioni"],"yoast_head":"<!-- This site is optimized with the Yoast SEO plugin v28.4 - https:\/\/yoast.com\/product\/yoast-seo-wordpress\/ -->\n<title>Raccolta differenziata: Limana sul podio della classifica Legambiente. Nuovi contenitori per l&#039;umido organico - Bellunopress - Dolomiti<\/title>\n<meta name=\"robots\" content=\"index, follow, max-snippet:-1, max-image-preview:large, max-video-preview:-1\" \/>\n<link rel=\"canonical\" href=\"https:\/\/www.bellunopress.it\/fr\/2023\/12\/06\/raccolta-differenziata-limana-sul-podio-della-classifica-legambiente-nuovi-contenitori-per-lumido-organico\/\" \/>\n<meta property=\"og:locale\" content=\"fr_FR\" \/>\n<meta property=\"og:type\" content=\"article\" \/>\n<meta property=\"og:title\" content=\"Raccolta differenziata: Limana sul podio della classifica Legambiente. Nuovi contenitori per l&#039;umido organico - Bellunopress - Dolomiti\" \/>\n<meta property=\"og:description\" content=\"Sono attivi ed utilizzabili da sabato scorso nel Comune di Limana i nuovi contenitori per la raccolta stradale dell&#8217;umido organico posizionati da Bellunum in sostituzione dei precedenti contenitori carrellati. L&#8217;accesso al conferimento rester\u00e0 libero: non \u00e8 dunque necessaria la tessera gi\u00e0 in dotazione agli utenti per i contenitori del rifiuto secco ed i conferimenti rimangono [&hellip;]\" \/>\n<meta property=\"og:url\" content=\"https:\/\/www.bellunopress.it\/fr\/2023\/12\/06\/raccolta-differenziata-limana-sul-podio-della-classifica-legambiente-nuovi-contenitori-per-lumido-organico\/\" \/>\n<meta property=\"og:site_name\" content=\"Bellunopress - Dolomiti\" \/>\n<meta property=\"article:publisher\" content=\"https:\/\/www.facebook.com\/profile.php?id=100008943462799\" \/>\n<meta property=\"article:published_time\" content=\"2023-12-06T12:53:51+00:00\" \/>\n<meta property=\"article:modified_time\" content=\"2023-12-06T13:37:35+00:00\" \/>\n<meta property=\"og:image\" content=\"https:\/\/www.bellunopress.it\/wp-content\/uploads\/2023\/05\/municipio-limana_edited.jpg\" \/>\n\t<meta property=\"og:image:width\" content=\"1000\" \/>\n\t<meta property=\"og:image:height\" content=\"703\" \/>\n\t<meta property=\"og:image:type\" content=\"image\/jpeg\" \/>\n<meta name=\"author\" content=\"redazione\" \/>\n<meta name=\"twitter:card\" content=\"summary_large_image\" \/>\n<meta name=\"twitter:creator\" content=\"@bellunopress\" \/>\n<meta name=\"twitter:site\" content=\"@bellunopress\" \/>\n<meta name=\"twitter:label1\" content=\"Written by\" \/>\n\t<meta name=\"twitter:data1\" content=\"redazione\" \/>\n\t<meta name=\"twitter:label2\" content=\"Est. reading time\" \/>\n\t<meta name=\"twitter:data2\" content=\"2 minutes\" \/>\n<script type=\"application\/ld+json\" class=\"yoast-schema-graph\">{\"@context\":\"https:\\\/\\\/schema.org\",\"@graph\":[{\"@type\":\"Article\",\"@id\":\"https:\\\/\\\/www.bellunopress.it\\\/2023\\\/12\\\/06\\\/raccolta-differenziata-limana-sul-podio-della-classifica-legambiente-nuovi-contenitori-per-lumido-organico\\\/#article\",\"isPartOf\":{\"@id\":\"https:\\\/\\\/www.bellunopress.it\\\/2023\\\/12\\\/06\\\/raccolta-differenziata-limana-sul-podio-della-classifica-legambiente-nuovi-contenitori-per-lumido-organico\\\/\"},\"author\":{\"name\":\"redazione\",\"@id\":\"https:\\\/\\\/www.bellunopress.it\\\/#\\\/schema\\\/person\\\/79bb06722b37ece1c03d3e94beb30d73\"},\"headline\":\"Raccolta differenziata: Limana sul podio della classifica Legambiente. Nuovi contenitori per l&#8217;umido organico\",\"datePublished\":\"2023-12-06T12:53:51+00:00\",\"dateModified\":\"2023-12-06T13:37:35+00:00\",\"mainEntityOfPage\":{\"@id\":\"https:\\\/\\\/www.bellunopress.it\\\/2023\\\/12\\\/06\\\/raccolta-differenziata-limana-sul-podio-della-classifica-legambiente-nuovi-contenitori-per-lumido-organico\\\/\"},\"wordCount\":502,\"publisher\":{\"@id\":\"https:\\\/\\\/www.bellunopress.it\\\/#organization\"},\"image\":{\"@id\":\"https:\\\/\\\/www.bellunopress.it\\\/2023\\\/12\\\/06\\\/raccolta-differenziata-limana-sul-podio-della-classifica-legambiente-nuovi-contenitori-per-lumido-organico\\\/#primaryimage\"},\"thumbnailUrl\":\"https:\\\/\\\/www.bellunopress.it\\\/wp-content\\\/uploads\\\/2023\\\/05\\\/municipio-limana_edited.jpg\",\"articleSection\":[\"Cronaca\\\/Politica\",\"Societ\u00e0, Associazioni, Istituzioni\"],\"inLanguage\":\"fr-FR\"},{\"@type\":\"WebPage\",\"@id\":\"https:\\\/\\\/www.bellunopress.it\\\/2023\\\/12\\\/06\\\/raccolta-differenziata-limana-sul-podio-della-classifica-legambiente-nuovi-contenitori-per-lumido-organico\\\/\",\"url\":\"https:\\\/\\\/www.bellunopress.it\\\/2023\\\/12\\\/06\\\/raccolta-differenziata-limana-sul-podio-della-classifica-legambiente-nuovi-contenitori-per-lumido-organico\\\/\",\"name\":\"Raccolta differenziata: Limana sul podio della classifica Legambiente. Nuovi contenitori per l'umido organico - Bellunopress - Dolomiti\",\"isPartOf\":{\"@id\":\"https:\\\/\\\/www.bellunopress.it\\\/#website\"},\"primaryImageOfPage\":{\"@id\":\"https:\\\/\\\/www.bellunopress.it\\\/2023\\\/12\\\/06\\\/raccolta-differenziata-limana-sul-podio-della-classifica-legambiente-nuovi-contenitori-per-lumido-organico\\\/#primaryimage\"},\"image\":{\"@id\":\"https:\\\/\\\/www.bellunopress.it\\\/2023\\\/12\\\/06\\\/raccolta-differenziata-limana-sul-podio-della-classifica-legambiente-nuovi-contenitori-per-lumido-organico\\\/#primaryimage\"},\"thumbnailUrl\":\"https:\\\/\\\/www.bellunopress.it\\\/wp-content\\\/uploads\\\/2023\\\/05\\\/municipio-limana_edited.jpg\",\"datePublished\":\"2023-12-06T12:53:51+00:00\",\"dateModified\":\"2023-12-06T13:37:35+00:00\",\"breadcrumb\":{\"@id\":\"https:\\\/\\\/www.bellunopress.it\\\/2023\\\/12\\\/06\\\/raccolta-differenziata-limana-sul-podio-della-classifica-legambiente-nuovi-contenitori-per-lumido-organico\\\/#breadcrumb\"},\"inLanguage\":\"fr-FR\",\"potentialAction\":[{\"@type\":\"ReadAction\",\"target\":[\"https:\\\/\\\/www.bellunopress.it\\\/2023\\\/12\\\/06\\\/raccolta-differenziata-limana-sul-podio-della-classifica-legambiente-nuovi-contenitori-per-lumido-organico\\\/\"]}]},{\"@type\":\"ImageObject\",\"inLanguage\":\"fr-FR\",\"@id\":\"https:\\\/\\\/www.bellunopress.it\\\/2023\\\/12\\\/06\\\/raccolta-differenziata-limana-sul-podio-della-classifica-legambiente-nuovi-contenitori-per-lumido-organico\\\/#primaryimage\",\"url\":\"https:\\\/\\\/www.bellunopress.it\\\/wp-content\\\/uploads\\\/2023\\\/05\\\/municipio-limana_edited.jpg\",\"contentUrl\":\"https:\\\/\\\/www.bellunopress.it\\\/wp-content\\\/uploads\\\/2023\\\/05\\\/municipio-limana_edited.jpg\",\"width\":1000,\"height\":703,\"caption\":\"Municipio di Limana\"},{\"@type\":\"BreadcrumbList\",\"@id\":\"https:\\\/\\\/www.bellunopress.it\\\/2023\\\/12\\\/06\\\/raccolta-differenziata-limana-sul-podio-della-classifica-legambiente-nuovi-contenitori-per-lumido-organico\\\/#breadcrumb\",\"itemListElement\":[{\"@type\":\"ListItem\",\"position\":1,\"name\":\"Home\",\"item\":\"https:\\\/\\\/www.bellunopress.it\\\/\"},{\"@type\":\"ListItem\",\"position\":2,\"name\":\"Raccolta differenziata: Limana sul podio della classifica Legambiente. Nuovi contenitori per l&#8217;umido organico\"}]},{\"@type\":\"WebSite\",\"@id\":\"https:\\\/\\\/www.bellunopress.it\\\/#website\",\"url\":\"https:\\\/\\\/www.bellunopress.it\\\/\",\"name\":\"Bellunopress - Dolomiti\",\"description\":\"e-mail: redazione@bellunopress.it\",\"publisher\":{\"@id\":\"https:\\\/\\\/www.bellunopress.it\\\/#organization\"},\"potentialAction\":[{\"@type\":\"SearchAction\",\"target\":{\"@type\":\"EntryPoint\",\"urlTemplate\":\"https:\\\/\\\/www.bellunopress.it\\\/?s={search_term_string}\"},\"query-input\":{\"@type\":\"PropertyValueSpecification\",\"valueRequired\":true,\"valueName\":\"search_term_string\"}}],\"inLanguage\":\"fr-FR\"},{\"@type\":\"Organization\",\"@id\":\"https:\\\/\\\/www.bellunopress.it\\\/#organization\",\"name\":\"Bellunopress\",\"url\":\"https:\\\/\\\/www.bellunopress.it\\\/\",\"logo\":{\"@type\":\"ImageObject\",\"inLanguage\":\"fr-FR\",\"@id\":\"https:\\\/\\\/www.bellunopress.it\\\/#\\\/schema\\\/logo\\\/image\\\/\",\"url\":\"https:\\\/\\\/www.bellunopress.it\\\/wp-content\\\/uploads\\\/2011\\\/05\\\/cropped-logo-bellunopress-.jpg\",\"contentUrl\":\"https:\\\/\\\/www.bellunopress.it\\\/wp-content\\\/uploads\\\/2011\\\/05\\\/cropped-logo-bellunopress-.jpg\",\"width\":512,\"height\":512,\"caption\":\"Bellunopress\"},\"image\":{\"@id\":\"https:\\\/\\\/www.bellunopress.it\\\/#\\\/schema\\\/logo\\\/image\\\/\"},\"sameAs\":[\"https:\\\/\\\/www.facebook.com\\\/profile.php?id=100008943462799\",\"https:\\\/\\\/x.com\\\/bellunopress\",\"https:\\\/\\\/www.linkedin.com\\\/hp\\\/?dnr=JBzUWaJfMUw8vbXJJ2tVW5-I3jZKvC4wsoxE&amp;amp;amp;amp;amp;amp;trk=nav_responsive_tab_home\",\"https:\\\/\\\/www.youtube.com\\\/channel\\\/UCxL0wu1uN0_3_7hGG0306cw\"]},{\"@type\":\"Person\",\"@id\":\"https:\\\/\\\/www.bellunopress.it\\\/#\\\/schema\\\/person\\\/79bb06722b37ece1c03d3e94beb30d73\",\"name\":\"redazione\",\"image\":{\"@type\":\"ImageObject\",\"inLanguage\":\"fr-FR\",\"@id\":\"https:\\\/\\\/secure.gravatar.com\\\/avatar\\\/37d968a2e67a6fd04c169c4bdef102d0bc5d31b2546345219e348575eb80e9a0?s=96&d=mm&r=g\",\"url\":\"https:\\\/\\\/secure.gravatar.com\\\/avatar\\\/37d968a2e67a6fd04c169c4bdef102d0bc5d31b2546345219e348575eb80e9a0?s=96&d=mm&r=g\",\"contentUrl\":\"https:\\\/\\\/secure.gravatar.com\\\/avatar\\\/37d968a2e67a6fd04c169c4bdef102d0bc5d31b2546345219e348575eb80e9a0?s=96&d=mm&r=g\",\"caption\":\"redazione\"},\"sameAs\":[\"http:\\\/\\\/www.bellunopress.it\",\"https:\\\/\\\/x.com\\\/bellunopress\"],\"url\":\"https:\\\/\\\/www.bellunopress.it\\\/fr\\\/author\\\/redazione\\\/\"}]}<\/script>\n<!-- \/ Yoast SEO plugin. -->","yoast_head_json":{"title":"Raccolta differenziata: Limana sul podio della classifica Legambiente. Nuovi contenitori per l'umido organico - Bellunopress - Dolomiti","robots":{"index":"index","follow":"follow","max-snippet":"max-snippet:-1","max-image-preview":"max-image-preview:large","max-video-preview":"max-video-preview:-1"},"canonical":"https:\/\/www.bellunopress.it\/fr\/2023\/12\/06\/raccolta-differenziata-limana-sul-podio-della-classifica-legambiente-nuovi-contenitori-per-lumido-organico\/","og_locale":"fr_FR","og_type":"article","og_title":"Raccolta differenziata: Limana sul podio della classifica Legambiente. Nuovi contenitori per l'umido organico - Bellunopress - Dolomiti","og_description":"Sono attivi ed utilizzabili da sabato scorso nel Comune di Limana i nuovi contenitori per la raccolta stradale dell&#8217;umido organico posizionati da Bellunum in sostituzione dei precedenti contenitori carrellati. L&#8217;accesso al conferimento rester\u00e0 libero: non \u00e8 dunque necessaria la tessera gi\u00e0 in dotazione agli utenti per i contenitori del rifiuto secco ed i conferimenti rimangono [&hellip;]","og_url":"https:\/\/www.bellunopress.it\/fr\/2023\/12\/06\/raccolta-differenziata-limana-sul-podio-della-classifica-legambiente-nuovi-contenitori-per-lumido-organico\/","og_site_name":"Bellunopress - Dolomiti","article_publisher":"https:\/\/www.facebook.com\/profile.php?id=100008943462799","article_published_time":"2023-12-06T12:53:51+00:00","article_modified_time":"2023-12-06T13:37:35+00:00","og_image":[{"width":1000,"height":703,"url":"https:\/\/www.bellunopress.it\/wp-content\/uploads\/2023\/05\/municipio-limana_edited.jpg","type":"image\/jpeg"}],"author":"redazione","twitter_card":"summary_large_image","twitter_creator":"@bellunopress","twitter_site":"@bellunopress","twitter_misc":{"Written by":"redazione","Est. reading time":"2 minutes"},"schema":{"@context":"https:\/\/schema.org","@graph":[{"@type":"Article","@id":"https:\/\/www.bellunopress.it\/2023\/12\/06\/raccolta-differenziata-limana-sul-podio-della-classifica-legambiente-nuovi-contenitori-per-lumido-organico\/#article","isPartOf":{"@id":"https:\/\/www.bellunopress.it\/2023\/12\/06\/raccolta-differenziata-limana-sul-podio-della-classifica-legambiente-nuovi-contenitori-per-lumido-organico\/"},"author":{"name":"redazione","@id":"https:\/\/www.bellunopress.it\/#\/schema\/person\/79bb06722b37ece1c03d3e94beb30d73"},"headline":"Raccolta differenziata: Limana sul podio della classifica Legambiente. Nuovi contenitori per l&#8217;umido organico","datePublished":"2023-12-06T12:53:51+00:00","dateModified":"2023-12-06T13:37:35+00:00","mainEntityOfPage":{"@id":"https:\/\/www.bellunopress.it\/2023\/12\/06\/raccolta-differenziata-limana-sul-podio-della-classifica-legambiente-nuovi-contenitori-per-lumido-organico\/"},"wordCount":502,"publisher":{"@id":"https:\/\/www.bellunopress.it\/#organization"},"image":{"@id":"https:\/\/www.bellunopress.it\/2023\/12\/06\/raccolta-differenziata-limana-sul-podio-della-classifica-legambiente-nuovi-contenitori-per-lumido-organico\/#primaryimage"},"thumbnailUrl":"https:\/\/www.bellunopress.it\/wp-content\/uploads\/2023\/05\/municipio-limana_edited.jpg","articleSection":["Cronaca\/Politica","Societ\u00e0, Associazioni, Istituzioni"],"inLanguage":"fr-FR"},{"@type":"WebPage","@id":"https:\/\/www.bellunopress.it\/2023\/12\/06\/raccolta-differenziata-limana-sul-podio-della-classifica-legambiente-nuovi-contenitori-per-lumido-organico\/","url":"https:\/\/www.bellunopress.it\/2023\/12\/06\/raccolta-differenziata-limana-sul-podio-della-classifica-legambiente-nuovi-contenitori-per-lumido-organico\/","name":"Raccolta differenziata: Limana sul podio della classifica Legambiente. Nuovi contenitori per l'umido organico - Bellunopress - Dolomiti","isPartOf":{"@id":"https:\/\/www.bellunopress.it\/#website"},"primaryImageOfPage":{"@id":"https:\/\/www.bellunopress.it\/2023\/12\/06\/raccolta-differenziata-limana-sul-podio-della-classifica-legambiente-nuovi-contenitori-per-lumido-organico\/#primaryimage"},"image":{"@id":"https:\/\/www.bellunopress.it\/2023\/12\/06\/raccolta-differenziata-limana-sul-podio-della-classifica-legambiente-nuovi-contenitori-per-lumido-organico\/#primaryimage"},"thumbnailUrl":"https:\/\/www.bellunopress.it\/wp-content\/uploads\/2023\/05\/municipio-limana_edited.jpg","datePublished":"2023-12-06T12:53:51+00:00","dateModified":"2023-12-06T13:37:35+00:00","breadcrumb":{"@id":"https:\/\/www.bellunopress.it\/2023\/12\/06\/raccolta-differenziata-limana-sul-podio-della-classifica-legambiente-nuovi-contenitori-per-lumido-organico\/#breadcrumb"},"inLanguage":"fr-FR","potentialAction":[{"@type":"ReadAction","target":["https:\/\/www.bellunopress.it\/2023\/12\/06\/raccolta-differenziata-limana-sul-podio-della-classifica-legambiente-nuovi-contenitori-per-lumido-organico\/"]}]},{"@type":"ImageObject","inLanguage":"fr-FR","@id":"https:\/\/www.bellunopress.it\/2023\/12\/06\/raccolta-differenziata-limana-sul-podio-della-classifica-legambiente-nuovi-contenitori-per-lumido-organico\/#primaryimage","url":"https:\/\/www.bellunopress.it\/wp-content\/uploads\/2023\/05\/municipio-limana_edited.jpg","contentUrl":"https:\/\/www.bellunopress.it\/wp-content\/uploads\/2023\/05\/municipio-limana_edited.jpg","width":1000,"height":703,"caption":"Municipio di Limana"},{"@type":"BreadcrumbList","@id":"https:\/\/www.bellunopress.it\/2023\/12\/06\/raccolta-differenziata-limana-sul-podio-della-classifica-legambiente-nuovi-contenitori-per-lumido-organico\/#breadcrumb","itemListElement":[{"@type":"ListItem","position":1,"name":"Home","item":"https:\/\/www.bellunopress.it\/"},{"@type":"ListItem","position":2,"name":"Raccolta differenziata: Limana sul podio della classifica Legambiente. Nuovi contenitori per l&#8217;umido organico"}]},{"@type":"WebSite","@id":"https:\/\/www.bellunopress.it\/#website","url":"https:\/\/www.bellunopress.it\/","name":"Bellunopress - Dolomiti","description":"e-mail: redazione@bellunopress.it","publisher":{"@id":"https:\/\/www.bellunopress.it\/#organization"},"potentialAction":[{"@type":"SearchAction","target":{"@type":"EntryPoint","urlTemplate":"https:\/\/www.bellunopress.it\/?s={search_term_string}"},"query-input":{"@type":"PropertyValueSpecification","valueRequired":true,"valueName":"search_term_string"}}],"inLanguage":"fr-FR"},{"@type":"Organization","@id":"https:\/\/www.bellunopress.it\/#organization","name":"Bellunopress","url":"https:\/\/www.bellunopress.it\/","logo":{"@type":"ImageObject","inLanguage":"fr-FR","@id":"https:\/\/www.bellunopress.it\/#\/schema\/logo\/image\/","url":"https:\/\/www.bellunopress.it\/wp-content\/uploads\/2011\/05\/cropped-logo-bellunopress-.jpg","contentUrl":"https:\/\/www.bellunopress.it\/wp-content\/uploads\/2011\/05\/cropped-logo-bellunopress-.jpg","width":512,"height":512,"caption":"Bellunopress"},"image":{"@id":"https:\/\/www.bellunopress.it\/#\/schema\/logo\/image\/"},"sameAs":["https:\/\/www.facebook.com\/profile.php?id=100008943462799","https:\/\/x.com\/bellunopress","https:\/\/www.linkedin.com\/hp\/?dnr=JBzUWaJfMUw8vbXJJ2tVW5-I3jZKvC4wsoxE&amp;amp;amp;amp;amp;amp;trk=nav_responsive_tab_home","https:\/\/www.youtube.com\/channel\/UCxL0wu1uN0_3_7hGG0306cw"]},{"@type":"Person","@id":"https:\/\/www.bellunopress.it\/#\/schema\/person\/79bb06722b37ece1c03d3e94beb30d73","name":"r\u00e9daction","image":{"@type":"ImageObject","inLanguage":"fr-FR","@id":"https:\/\/secure.gravatar.com\/avatar\/37d968a2e67a6fd04c169c4bdef102d0bc5d31b2546345219e348575eb80e9a0?s=96&d=mm&r=g","url":"https:\/\/secure.gravatar.com\/avatar\/37d968a2e67a6fd04c169c4bdef102d0bc5d31b2546345219e348575eb80e9a0?s=96&d=mm&r=g","contentUrl":"https:\/\/secure.gravatar.com\/avatar\/37d968a2e67a6fd04c169c4bdef102d0bc5d31b2546345219e348575eb80e9a0?s=96&d=mm&r=g","caption":"redazione"},"sameAs":["http:\/\/www.bellunopress.it","https:\/\/x.com\/bellunopress"],"url":"https:\/\/www.bellunopress.it\/fr\/author\/redazione\/"}]}},"_links":{"self":[{"href":"https:\/\/www.bellunopress.it\/fr\/wp-json\/wp\/v2\/posts\/146509","targetHints":{"allow":["GET"]}}],"collection":[{"href":"https:\/\/www.bellunopress.it\/fr\/wp-json\/wp\/v2\/posts"}],"about":[{"href":"https:\/\/www.bellunopress.it\/fr\/wp-json\/wp\/v2\/types\/post"}],"author":[{"embeddable":true,"href":"https:\/\/www.bellunopress.it\/fr\/wp-json\/wp\/v2\/users\/2"}],"replies":[{"embeddable":true,"href":"https:\/\/www.bellunopress.it\/fr\/wp-json\/wp\/v2\/comments?post=146509"}],"version-history":[{"count":3,"href":"https:\/\/www.bellunopress.it\/fr\/wp-json\/wp\/v2\/posts\/146509\/revisions"}],"predecessor-version":[{"id":146519,"href":"https:\/\/www.bellunopress.it\/fr\/wp-json\/wp\/v2\/posts\/146509\/revisions\/146519"}],"wp:featuredmedia":[{"embeddable":true,"href":"https:\/\/www.bellunopress.it\/fr\/wp-json\/wp\/v2\/media\/141764"}],"wp:attachment":[{"href":"https:\/\/www.bellunopress.it\/fr\/wp-json\/wp\/v2\/media?parent=146509"}],"wp:term":[{"taxonomy":"category","embeddable":true,"href":"https:\/\/www.bellunopress.it\/fr\/wp-json\/wp\/v2\/categories?post=146509"},{"taxonomy":"post_tag","embeddable":true,"href":"https:\/\/www.bellunopress.it\/fr\/wp-json\/wp\/v2\/tags?post=146509"}],"curies":[{"name":"wp","href":"https:\/\/api.w.org\/{rel}","templated":true}]}}