{"id":146507,"date":"2023-12-06T07:27:30","date_gmt":"2023-12-06T06:27:30","guid":{"rendered":"https:\/\/www.bellunopress.it\/?p=146507"},"modified":"2023-12-06T07:27:30","modified_gmt":"2023-12-06T06:27:30","slug":"montagna-e-fiscalita-berton-il-monito-dal-capo-dello-stato-il-parlamento-adotti-la-legge-sulle-terre-alte","status":"publish","type":"post","link":"https:\/\/www.bellunopress.it\/fr\/2023\/12\/06\/montagna-e-fiscalita-berton-il-monito-dal-capo-dello-stato-il-parlamento-adotti-la-legge-sulle-terre-alte\/","title":{"rendered":"Montagna e fiscalit\u00e0. Berton: &#8220;Il monito dal capo dello Stato. Il Parlamento adotti la legge sulle Terre alte&#8221;"},"content":{"rendered":"<p><img loading=\"lazy\" decoding=\"async\" class=\"alignleft size-full wp-image-146172\" src=\"https:\/\/www.bellunopress.it\/wp-content\/uploads\/2023\/11\/Lorraine-Berton_edited.jpg\" alt=\"\" width=\"951\" height=\"1000\" srcset=\"https:\/\/www.bellunopress.it\/wp-content\/uploads\/2023\/11\/Lorraine-Berton_edited.jpg 951w, https:\/\/www.bellunopress.it\/wp-content\/uploads\/2023\/11\/Lorraine-Berton_edited-476x500.jpg 476w, https:\/\/www.bellunopress.it\/wp-content\/uploads\/2023\/11\/Lorraine-Berton_edited-696x732.jpg 696w\" sizes=\"auto, (max-width: 951px) 100vw, 951px\" \/>Belluno, 6 dicembre 2023 &#8211; &#8220;Sulla montagna il Capo dello Stato ha lanciato un monito preciso e puntuale, forse senza precedenti, parlando espressamente di fiscalit\u00e0 e spopolamento. Il Parlamento non pu\u00f2 non ascoltarlo: \u00e8 il momento di approvare \u2013 senza ulteriore indugio \u2013 il disegno di legge sulla montagna adottata dall&#8217;Esecutivo&#8221;.<\/p>\n<p>A dirlo \u00e8 Lorraine Berton, presidente di Confindustria Belluno Dolomiti, all&#8217;indomani dell&#8217;incontro al Quirinale tra il Presidente della Repubblica Sergio Mattarella e l&#8217;Unione nazionale comuni comunit\u00e0 enti montani (Uncem), realt\u00e0 con la quale l&#8217;Associazione degli industriali bellunesi sta portando avanti diverse azioni condivise.<\/p>\n<p>Il Capo dello Stato, nel suo intervento (riportato integralmente sul sito del Quirinale) ha dichiarato \u2013 tra le altre cose &#8211; come sia &#8220;auspicabile che le iniziative legislative avviate dal governo &#8211; e da quello che lo ha preceduto &#8211; vengano prese in esame e in considerazione dal Parlamento, in attuazione della norma costituzionale&#8221;.<\/p>\n<p>Mattarella ha poi ricordato che &#8220;\u00e8 dai tempi del Ministro delle finanze Ezio Vanoni che la questione della fiscalit\u00e0 per le zone montane \u00e8 stata affermata in linea di principio e, tuttavia, ha trovato difficolt\u00e0 applicative. Le finalit\u00e0 sono individuate in modo puntuale: si tratta di fruizione di diritti; si tratta, nell&#8217;interesse nazionale, di predisporre incentivi utili ad impedire un ulteriore spopolamento di aree sensibili. \u00c8 certamente una priorit\u00e0 rilanciare la Strategia per la Montagna Italiana&#8221;.<\/p>\n<p>Parole che per Berton &#8220;hanno un peso politico specifico e un profondo valore istituzionale&#8221;: &#8220;Il Presidente della Repubblica, ancora una volta, lancia un messaggio chiaro, a favore di uno sviluppo sostenibile di tutti i territori, senza lasciare nessuno indietro. I toni fanno capire che la questione \u00e8 urgente e che in ballo c&#8217;\u00e8 l&#8217;interesse del Paese intero e non di aree singole&#8221;.<\/p>\n<p>&#8220;Nel caso specifico, il Bellunese non pu\u00f2 pi\u00f9 aspettare. Lo stesso report del Sole 24 ore sulla qualit\u00e0 della vita \u2013 diffuso nelle scorse ore &#8211; rivela come i parametri sociali siano in caduta libera. Parliamo soprattutto di demografia, cultura, carenza di medici, mentre a salvare la nostra provincia restano le imprese, il lavoro, l&#8217;export&#8221;.<br \/>\n&#8220;Per questo&#8221;, conclude Berton, &#8220;il disegno di legge sulla montagna deve diventare legge a tutti gli effetti: non possiamo permettere che si inneschi un pericoloso effetto domino&#8221;.<\/p>","protected":false},"excerpt":{"rendered":"<p>Belluno, 6 dicembre 2023 &#8211; &#8220;Sulla montagna il Capo dello Stato ha lanciato un monito preciso e puntuale, forse senza precedenti, parlando espressamente di fiscalit\u00e0 e spopolamento. Il Parlamento non pu\u00f2 non ascoltarlo: \u00e8 il momento di approvare \u2013 senza ulteriore indugio \u2013 il disegno di legge sulla montagna adottata dall&#8217;Esecutivo&#8221;. A dirlo \u00e8 Lorraine [&hellip;]<\/p>\n","protected":false},"author":2,"featured_media":113249,"comment_status":"closed","ping_status":"open","sticky":false,"template":"","format":"standard","meta":{"footnotes":""},"categories":[36,26],"tags":[],"class_list":["post-146507","post","type-post","status-publish","format-standard","has-post-thumbnail","category-lavoro-economia","category-prima-pagina"],"yoast_head":"<!-- This site is optimized with the Yoast SEO plugin v28.4 - https:\/\/yoast.com\/product\/yoast-seo-wordpress\/ -->\n<title>Montagna e fiscalit\u00e0. Berton: &quot;Il monito dal capo dello Stato. Il Parlamento adotti la legge sulle Terre alte&quot; - Bellunopress - Dolomiti<\/title>\n<meta name=\"robots\" content=\"index, follow, max-snippet:-1, max-image-preview:large, max-video-preview:-1\" \/>\n<link rel=\"canonical\" href=\"https:\/\/www.bellunopress.it\/fr\/2023\/12\/06\/montagna-e-fiscalita-berton-il-monito-dal-capo-dello-stato-il-parlamento-adotti-la-legge-sulle-terre-alte\/\" \/>\n<meta property=\"og:locale\" content=\"fr_FR\" \/>\n<meta property=\"og:type\" content=\"article\" \/>\n<meta property=\"og:title\" content=\"Montagna e fiscalit\u00e0. Berton: &quot;Il monito dal capo dello Stato. Il Parlamento adotti la legge sulle Terre alte&quot; - Bellunopress - Dolomiti\" \/>\n<meta property=\"og:description\" content=\"Belluno, 6 dicembre 2023 &#8211; &#8220;Sulla montagna il Capo dello Stato ha lanciato un monito preciso e puntuale, forse senza precedenti, parlando espressamente di fiscalit\u00e0 e spopolamento. Il Parlamento non pu\u00f2 non ascoltarlo: \u00e8 il momento di approvare \u2013 senza ulteriore indugio \u2013 il disegno di legge sulla montagna adottata dall&#8217;Esecutivo&#8221;. A dirlo \u00e8 Lorraine [&hellip;]\" \/>\n<meta property=\"og:url\" content=\"https:\/\/www.bellunopress.it\/fr\/2023\/12\/06\/montagna-e-fiscalita-berton-il-monito-dal-capo-dello-stato-il-parlamento-adotti-la-legge-sulle-terre-alte\/\" \/>\n<meta property=\"og:site_name\" content=\"Bellunopress - Dolomiti\" \/>\n<meta property=\"article:publisher\" content=\"https:\/\/www.facebook.com\/profile.php?id=100008943462799\" \/>\n<meta property=\"article:published_time\" content=\"2023-12-06T06:27:30+00:00\" \/>\n<meta property=\"og:image\" content=\"https:\/\/www.bellunopress.it\/wp-content\/uploads\/2020\/03\/Lorraine_Berton_edited.jpg\" \/>\n\t<meta property=\"og:image:width\" content=\"612\" \/>\n\t<meta property=\"og:image:height\" content=\"673\" \/>\n\t<meta property=\"og:image:type\" content=\"image\/jpeg\" \/>\n<meta name=\"author\" content=\"redazione\" \/>\n<meta name=\"twitter:card\" content=\"summary_large_image\" \/>\n<meta name=\"twitter:creator\" content=\"@bellunopress\" \/>\n<meta name=\"twitter:site\" content=\"@bellunopress\" \/>\n<meta name=\"twitter:label1\" content=\"Written by\" \/>\n\t<meta name=\"twitter:data1\" content=\"redazione\" \/>\n\t<meta name=\"twitter:label2\" content=\"Est. reading time\" \/>\n\t<meta name=\"twitter:data2\" content=\"2 minutes\" \/>\n<script type=\"application\/ld+json\" class=\"yoast-schema-graph\">{\"@context\":\"https:\\\/\\\/schema.org\",\"@graph\":[{\"@type\":\"Article\",\"@id\":\"https:\\\/\\\/www.bellunopress.it\\\/2023\\\/12\\\/06\\\/montagna-e-fiscalita-berton-il-monito-dal-capo-dello-stato-il-parlamento-adotti-la-legge-sulle-terre-alte\\\/#article\",\"isPartOf\":{\"@id\":\"https:\\\/\\\/www.bellunopress.it\\\/2023\\\/12\\\/06\\\/montagna-e-fiscalita-berton-il-monito-dal-capo-dello-stato-il-parlamento-adotti-la-legge-sulle-terre-alte\\\/\"},\"author\":{\"name\":\"redazione\",\"@id\":\"https:\\\/\\\/www.bellunopress.it\\\/#\\\/schema\\\/person\\\/79bb06722b37ece1c03d3e94beb30d73\"},\"headline\":\"Montagna e fiscalit\u00e0. Berton: &#8220;Il monito dal capo dello Stato. Il Parlamento adotti la legge sulle Terre alte&#8221;\",\"datePublished\":\"2023-12-06T06:27:30+00:00\",\"mainEntityOfPage\":{\"@id\":\"https:\\\/\\\/www.bellunopress.it\\\/2023\\\/12\\\/06\\\/montagna-e-fiscalita-berton-il-monito-dal-capo-dello-stato-il-parlamento-adotti-la-legge-sulle-terre-alte\\\/\"},\"wordCount\":381,\"publisher\":{\"@id\":\"https:\\\/\\\/www.bellunopress.it\\\/#organization\"},\"image\":{\"@id\":\"https:\\\/\\\/www.bellunopress.it\\\/2023\\\/12\\\/06\\\/montagna-e-fiscalita-berton-il-monito-dal-capo-dello-stato-il-parlamento-adotti-la-legge-sulle-terre-alte\\\/#primaryimage\"},\"thumbnailUrl\":\"https:\\\/\\\/www.bellunopress.it\\\/wp-content\\\/uploads\\\/2020\\\/03\\\/Lorraine_Berton_edited.jpg\",\"articleSection\":[\"Lavoro, Economia, Turismo\",\"Prima Pagina\"],\"inLanguage\":\"fr-FR\"},{\"@type\":\"WebPage\",\"@id\":\"https:\\\/\\\/www.bellunopress.it\\\/2023\\\/12\\\/06\\\/montagna-e-fiscalita-berton-il-monito-dal-capo-dello-stato-il-parlamento-adotti-la-legge-sulle-terre-alte\\\/\",\"url\":\"https:\\\/\\\/www.bellunopress.it\\\/2023\\\/12\\\/06\\\/montagna-e-fiscalita-berton-il-monito-dal-capo-dello-stato-il-parlamento-adotti-la-legge-sulle-terre-alte\\\/\",\"name\":\"Montagna e fiscalit\u00e0. Berton: \\\"Il monito dal capo dello Stato. Il Parlamento adotti la legge sulle Terre alte\\\" - Bellunopress - Dolomiti\",\"isPartOf\":{\"@id\":\"https:\\\/\\\/www.bellunopress.it\\\/#website\"},\"primaryImageOfPage\":{\"@id\":\"https:\\\/\\\/www.bellunopress.it\\\/2023\\\/12\\\/06\\\/montagna-e-fiscalita-berton-il-monito-dal-capo-dello-stato-il-parlamento-adotti-la-legge-sulle-terre-alte\\\/#primaryimage\"},\"image\":{\"@id\":\"https:\\\/\\\/www.bellunopress.it\\\/2023\\\/12\\\/06\\\/montagna-e-fiscalita-berton-il-monito-dal-capo-dello-stato-il-parlamento-adotti-la-legge-sulle-terre-alte\\\/#primaryimage\"},\"thumbnailUrl\":\"https:\\\/\\\/www.bellunopress.it\\\/wp-content\\\/uploads\\\/2020\\\/03\\\/Lorraine_Berton_edited.jpg\",\"datePublished\":\"2023-12-06T06:27:30+00:00\",\"breadcrumb\":{\"@id\":\"https:\\\/\\\/www.bellunopress.it\\\/2023\\\/12\\\/06\\\/montagna-e-fiscalita-berton-il-monito-dal-capo-dello-stato-il-parlamento-adotti-la-legge-sulle-terre-alte\\\/#breadcrumb\"},\"inLanguage\":\"fr-FR\",\"potentialAction\":[{\"@type\":\"ReadAction\",\"target\":[\"https:\\\/\\\/www.bellunopress.it\\\/2023\\\/12\\\/06\\\/montagna-e-fiscalita-berton-il-monito-dal-capo-dello-stato-il-parlamento-adotti-la-legge-sulle-terre-alte\\\/\"]}]},{\"@type\":\"ImageObject\",\"inLanguage\":\"fr-FR\",\"@id\":\"https:\\\/\\\/www.bellunopress.it\\\/2023\\\/12\\\/06\\\/montagna-e-fiscalita-berton-il-monito-dal-capo-dello-stato-il-parlamento-adotti-la-legge-sulle-terre-alte\\\/#primaryimage\",\"url\":\"https:\\\/\\\/www.bellunopress.it\\\/wp-content\\\/uploads\\\/2020\\\/03\\\/Lorraine_Berton_edited.jpg\",\"contentUrl\":\"https:\\\/\\\/www.bellunopress.it\\\/wp-content\\\/uploads\\\/2020\\\/03\\\/Lorraine_Berton_edited.jpg\",\"width\":612,\"height\":673,\"caption\":\"Lorraine Berton - Presidente di MIDO, ANFAO e Confindustria Belluno Dolomiti\"},{\"@type\":\"BreadcrumbList\",\"@id\":\"https:\\\/\\\/www.bellunopress.it\\\/2023\\\/12\\\/06\\\/montagna-e-fiscalita-berton-il-monito-dal-capo-dello-stato-il-parlamento-adotti-la-legge-sulle-terre-alte\\\/#breadcrumb\",\"itemListElement\":[{\"@type\":\"ListItem\",\"position\":1,\"name\":\"Home\",\"item\":\"https:\\\/\\\/www.bellunopress.it\\\/\"},{\"@type\":\"ListItem\",\"position\":2,\"name\":\"Montagna e fiscalit\u00e0. Berton: &#8220;Il monito dal capo dello Stato. Il Parlamento adotti la legge sulle Terre alte&#8221;\"}]},{\"@type\":\"WebSite\",\"@id\":\"https:\\\/\\\/www.bellunopress.it\\\/#website\",\"url\":\"https:\\\/\\\/www.bellunopress.it\\\/\",\"name\":\"Bellunopress - Dolomiti\",\"description\":\"e-mail: redazione@bellunopress.it\",\"publisher\":{\"@id\":\"https:\\\/\\\/www.bellunopress.it\\\/#organization\"},\"potentialAction\":[{\"@type\":\"SearchAction\",\"target\":{\"@type\":\"EntryPoint\",\"urlTemplate\":\"https:\\\/\\\/www.bellunopress.it\\\/?s={search_term_string}\"},\"query-input\":{\"@type\":\"PropertyValueSpecification\",\"valueRequired\":true,\"valueName\":\"search_term_string\"}}],\"inLanguage\":\"fr-FR\"},{\"@type\":\"Organization\",\"@id\":\"https:\\\/\\\/www.bellunopress.it\\\/#organization\",\"name\":\"Bellunopress\",\"url\":\"https:\\\/\\\/www.bellunopress.it\\\/\",\"logo\":{\"@type\":\"ImageObject\",\"inLanguage\":\"fr-FR\",\"@id\":\"https:\\\/\\\/www.bellunopress.it\\\/#\\\/schema\\\/logo\\\/image\\\/\",\"url\":\"https:\\\/\\\/www.bellunopress.it\\\/wp-content\\\/uploads\\\/2011\\\/05\\\/cropped-logo-bellunopress-.jpg\",\"contentUrl\":\"https:\\\/\\\/www.bellunopress.it\\\/wp-content\\\/uploads\\\/2011\\\/05\\\/cropped-logo-bellunopress-.jpg\",\"width\":512,\"height\":512,\"caption\":\"Bellunopress\"},\"image\":{\"@id\":\"https:\\\/\\\/www.bellunopress.it\\\/#\\\/schema\\\/logo\\\/image\\\/\"},\"sameAs\":[\"https:\\\/\\\/www.facebook.com\\\/profile.php?id=100008943462799\",\"https:\\\/\\\/x.com\\\/bellunopress\",\"https:\\\/\\\/www.linkedin.com\\\/hp\\\/?dnr=JBzUWaJfMUw8vbXJJ2tVW5-I3jZKvC4wsoxE&amp;amp;amp;amp;amp;amp;trk=nav_responsive_tab_home\",\"https:\\\/\\\/www.youtube.com\\\/channel\\\/UCxL0wu1uN0_3_7hGG0306cw\"]},{\"@type\":\"Person\",\"@id\":\"https:\\\/\\\/www.bellunopress.it\\\/#\\\/schema\\\/person\\\/79bb06722b37ece1c03d3e94beb30d73\",\"name\":\"redazione\",\"image\":{\"@type\":\"ImageObject\",\"inLanguage\":\"fr-FR\",\"@id\":\"https:\\\/\\\/secure.gravatar.com\\\/avatar\\\/37d968a2e67a6fd04c169c4bdef102d0bc5d31b2546345219e348575eb80e9a0?s=96&d=mm&r=g\",\"url\":\"https:\\\/\\\/secure.gravatar.com\\\/avatar\\\/37d968a2e67a6fd04c169c4bdef102d0bc5d31b2546345219e348575eb80e9a0?s=96&d=mm&r=g\",\"contentUrl\":\"https:\\\/\\\/secure.gravatar.com\\\/avatar\\\/37d968a2e67a6fd04c169c4bdef102d0bc5d31b2546345219e348575eb80e9a0?s=96&d=mm&r=g\",\"caption\":\"redazione\"},\"sameAs\":[\"http:\\\/\\\/www.bellunopress.it\",\"https:\\\/\\\/x.com\\\/bellunopress\"],\"url\":\"https:\\\/\\\/www.bellunopress.it\\\/fr\\\/author\\\/redazione\\\/\"}]}<\/script>\n<!-- \/ Yoast SEO plugin. -->","yoast_head_json":{"title":"Montagna e fiscalit\u00e0. Berton: \"Il monito dal capo dello Stato. Il Parlamento adotti la legge sulle Terre alte\" - Bellunopress - Dolomiti","robots":{"index":"index","follow":"follow","max-snippet":"max-snippet:-1","max-image-preview":"max-image-preview:large","max-video-preview":"max-video-preview:-1"},"canonical":"https:\/\/www.bellunopress.it\/fr\/2023\/12\/06\/montagna-e-fiscalita-berton-il-monito-dal-capo-dello-stato-il-parlamento-adotti-la-legge-sulle-terre-alte\/","og_locale":"fr_FR","og_type":"article","og_title":"Montagna e fiscalit\u00e0. Berton: \"Il monito dal capo dello Stato. Il Parlamento adotti la legge sulle Terre alte\" - Bellunopress - Dolomiti","og_description":"Belluno, 6 dicembre 2023 &#8211; &#8220;Sulla montagna il Capo dello Stato ha lanciato un monito preciso e puntuale, forse senza precedenti, parlando espressamente di fiscalit\u00e0 e spopolamento. Il Parlamento non pu\u00f2 non ascoltarlo: \u00e8 il momento di approvare \u2013 senza ulteriore indugio \u2013 il disegno di legge sulla montagna adottata dall&#8217;Esecutivo&#8221;. A dirlo \u00e8 Lorraine [&hellip;]","og_url":"https:\/\/www.bellunopress.it\/fr\/2023\/12\/06\/montagna-e-fiscalita-berton-il-monito-dal-capo-dello-stato-il-parlamento-adotti-la-legge-sulle-terre-alte\/","og_site_name":"Bellunopress - Dolomiti","article_publisher":"https:\/\/www.facebook.com\/profile.php?id=100008943462799","article_published_time":"2023-12-06T06:27:30+00:00","og_image":[{"width":612,"height":673,"url":"https:\/\/www.bellunopress.it\/wp-content\/uploads\/2020\/03\/Lorraine_Berton_edited.jpg","type":"image\/jpeg"}],"author":"redazione","twitter_card":"summary_large_image","twitter_creator":"@bellunopress","twitter_site":"@bellunopress","twitter_misc":{"Written by":"redazione","Est. reading time":"2 minutes"},"schema":{"@context":"https:\/\/schema.org","@graph":[{"@type":"Article","@id":"https:\/\/www.bellunopress.it\/2023\/12\/06\/montagna-e-fiscalita-berton-il-monito-dal-capo-dello-stato-il-parlamento-adotti-la-legge-sulle-terre-alte\/#article","isPartOf":{"@id":"https:\/\/www.bellunopress.it\/2023\/12\/06\/montagna-e-fiscalita-berton-il-monito-dal-capo-dello-stato-il-parlamento-adotti-la-legge-sulle-terre-alte\/"},"author":{"name":"redazione","@id":"https:\/\/www.bellunopress.it\/#\/schema\/person\/79bb06722b37ece1c03d3e94beb30d73"},"headline":"Montagna e fiscalit\u00e0. Berton: &#8220;Il monito dal capo dello Stato. Il Parlamento adotti la legge sulle Terre alte&#8221;","datePublished":"2023-12-06T06:27:30+00:00","mainEntityOfPage":{"@id":"https:\/\/www.bellunopress.it\/2023\/12\/06\/montagna-e-fiscalita-berton-il-monito-dal-capo-dello-stato-il-parlamento-adotti-la-legge-sulle-terre-alte\/"},"wordCount":381,"publisher":{"@id":"https:\/\/www.bellunopress.it\/#organization"},"image":{"@id":"https:\/\/www.bellunopress.it\/2023\/12\/06\/montagna-e-fiscalita-berton-il-monito-dal-capo-dello-stato-il-parlamento-adotti-la-legge-sulle-terre-alte\/#primaryimage"},"thumbnailUrl":"https:\/\/www.bellunopress.it\/wp-content\/uploads\/2020\/03\/Lorraine_Berton_edited.jpg","articleSection":["Lavoro, Economia, Turismo","Prima Pagina"],"inLanguage":"fr-FR"},{"@type":"WebPage","@id":"https:\/\/www.bellunopress.it\/2023\/12\/06\/montagna-e-fiscalita-berton-il-monito-dal-capo-dello-stato-il-parlamento-adotti-la-legge-sulle-terre-alte\/","url":"https:\/\/www.bellunopress.it\/2023\/12\/06\/montagna-e-fiscalita-berton-il-monito-dal-capo-dello-stato-il-parlamento-adotti-la-legge-sulle-terre-alte\/","name":"Montagna e fiscalit\u00e0. Berton: \"Il monito dal capo dello Stato. Il Parlamento adotti la legge sulle Terre alte\" - Bellunopress - Dolomiti","isPartOf":{"@id":"https:\/\/www.bellunopress.it\/#website"},"primaryImageOfPage":{"@id":"https:\/\/www.bellunopress.it\/2023\/12\/06\/montagna-e-fiscalita-berton-il-monito-dal-capo-dello-stato-il-parlamento-adotti-la-legge-sulle-terre-alte\/#primaryimage"},"image":{"@id":"https:\/\/www.bellunopress.it\/2023\/12\/06\/montagna-e-fiscalita-berton-il-monito-dal-capo-dello-stato-il-parlamento-adotti-la-legge-sulle-terre-alte\/#primaryimage"},"thumbnailUrl":"https:\/\/www.bellunopress.it\/wp-content\/uploads\/2020\/03\/Lorraine_Berton_edited.jpg","datePublished":"2023-12-06T06:27:30+00:00","breadcrumb":{"@id":"https:\/\/www.bellunopress.it\/2023\/12\/06\/montagna-e-fiscalita-berton-il-monito-dal-capo-dello-stato-il-parlamento-adotti-la-legge-sulle-terre-alte\/#breadcrumb"},"inLanguage":"fr-FR","potentialAction":[{"@type":"ReadAction","target":["https:\/\/www.bellunopress.it\/2023\/12\/06\/montagna-e-fiscalita-berton-il-monito-dal-capo-dello-stato-il-parlamento-adotti-la-legge-sulle-terre-alte\/"]}]},{"@type":"ImageObject","inLanguage":"fr-FR","@id":"https:\/\/www.bellunopress.it\/2023\/12\/06\/montagna-e-fiscalita-berton-il-monito-dal-capo-dello-stato-il-parlamento-adotti-la-legge-sulle-terre-alte\/#primaryimage","url":"https:\/\/www.bellunopress.it\/wp-content\/uploads\/2020\/03\/Lorraine_Berton_edited.jpg","contentUrl":"https:\/\/www.bellunopress.it\/wp-content\/uploads\/2020\/03\/Lorraine_Berton_edited.jpg","width":612,"height":673,"caption":"Lorraine Berton - Presidente di MIDO, ANFAO e Confindustria Belluno Dolomiti"},{"@type":"BreadcrumbList","@id":"https:\/\/www.bellunopress.it\/2023\/12\/06\/montagna-e-fiscalita-berton-il-monito-dal-capo-dello-stato-il-parlamento-adotti-la-legge-sulle-terre-alte\/#breadcrumb","itemListElement":[{"@type":"ListItem","position":1,"name":"Home","item":"https:\/\/www.bellunopress.it\/"},{"@type":"ListItem","position":2,"name":"Montagna e fiscalit\u00e0. Berton: &#8220;Il monito dal capo dello Stato. Il Parlamento adotti la legge sulle Terre alte&#8221;"}]},{"@type":"WebSite","@id":"https:\/\/www.bellunopress.it\/#website","url":"https:\/\/www.bellunopress.it\/","name":"Bellunopress - Dolomiti","description":"e-mail: redazione@bellunopress.it","publisher":{"@id":"https:\/\/www.bellunopress.it\/#organization"},"potentialAction":[{"@type":"SearchAction","target":{"@type":"EntryPoint","urlTemplate":"https:\/\/www.bellunopress.it\/?s={search_term_string}"},"query-input":{"@type":"PropertyValueSpecification","valueRequired":true,"valueName":"search_term_string"}}],"inLanguage":"fr-FR"},{"@type":"Organization","@id":"https:\/\/www.bellunopress.it\/#organization","name":"Bellunopress","url":"https:\/\/www.bellunopress.it\/","logo":{"@type":"ImageObject","inLanguage":"fr-FR","@id":"https:\/\/www.bellunopress.it\/#\/schema\/logo\/image\/","url":"https:\/\/www.bellunopress.it\/wp-content\/uploads\/2011\/05\/cropped-logo-bellunopress-.jpg","contentUrl":"https:\/\/www.bellunopress.it\/wp-content\/uploads\/2011\/05\/cropped-logo-bellunopress-.jpg","width":512,"height":512,"caption":"Bellunopress"},"image":{"@id":"https:\/\/www.bellunopress.it\/#\/schema\/logo\/image\/"},"sameAs":["https:\/\/www.facebook.com\/profile.php?id=100008943462799","https:\/\/x.com\/bellunopress","https:\/\/www.linkedin.com\/hp\/?dnr=JBzUWaJfMUw8vbXJJ2tVW5-I3jZKvC4wsoxE&amp;amp;amp;amp;amp;amp;trk=nav_responsive_tab_home","https:\/\/www.youtube.com\/channel\/UCxL0wu1uN0_3_7hGG0306cw"]},{"@type":"Person","@id":"https:\/\/www.bellunopress.it\/#\/schema\/person\/79bb06722b37ece1c03d3e94beb30d73","name":"r\u00e9daction","image":{"@type":"ImageObject","inLanguage":"fr-FR","@id":"https:\/\/secure.gravatar.com\/avatar\/37d968a2e67a6fd04c169c4bdef102d0bc5d31b2546345219e348575eb80e9a0?s=96&d=mm&r=g","url":"https:\/\/secure.gravatar.com\/avatar\/37d968a2e67a6fd04c169c4bdef102d0bc5d31b2546345219e348575eb80e9a0?s=96&d=mm&r=g","contentUrl":"https:\/\/secure.gravatar.com\/avatar\/37d968a2e67a6fd04c169c4bdef102d0bc5d31b2546345219e348575eb80e9a0?s=96&d=mm&r=g","caption":"redazione"},"sameAs":["http:\/\/www.bellunopress.it","https:\/\/x.com\/bellunopress"],"url":"https:\/\/www.bellunopress.it\/fr\/author\/redazione\/"}]}},"_links":{"self":[{"href":"https:\/\/www.bellunopress.it\/fr\/wp-json\/wp\/v2\/posts\/146507","targetHints":{"allow":["GET"]}}],"collection":[{"href":"https:\/\/www.bellunopress.it\/fr\/wp-json\/wp\/v2\/posts"}],"about":[{"href":"https:\/\/www.bellunopress.it\/fr\/wp-json\/wp\/v2\/types\/post"}],"author":[{"embeddable":true,"href":"https:\/\/www.bellunopress.it\/fr\/wp-json\/wp\/v2\/users\/2"}],"replies":[{"embeddable":true,"href":"https:\/\/www.bellunopress.it\/fr\/wp-json\/wp\/v2\/comments?post=146507"}],"version-history":[{"count":1,"href":"https:\/\/www.bellunopress.it\/fr\/wp-json\/wp\/v2\/posts\/146507\/revisions"}],"predecessor-version":[{"id":146508,"href":"https:\/\/www.bellunopress.it\/fr\/wp-json\/wp\/v2\/posts\/146507\/revisions\/146508"}],"wp:featuredmedia":[{"embeddable":true,"href":"https:\/\/www.bellunopress.it\/fr\/wp-json\/wp\/v2\/media\/113249"}],"wp:attachment":[{"href":"https:\/\/www.bellunopress.it\/fr\/wp-json\/wp\/v2\/media?parent=146507"}],"wp:term":[{"taxonomy":"category","embeddable":true,"href":"https:\/\/www.bellunopress.it\/fr\/wp-json\/wp\/v2\/categories?post=146507"},{"taxonomy":"post_tag","embeddable":true,"href":"https:\/\/www.bellunopress.it\/fr\/wp-json\/wp\/v2\/tags?post=146507"}],"curies":[{"name":"wp","href":"https:\/\/api.w.org\/{rel}","templated":true}]}}