{"id":146499,"date":"2023-12-05T20:23:20","date_gmt":"2023-12-05T19:23:20","guid":{"rendered":"https:\/\/www.bellunopress.it\/?p=146499"},"modified":"2023-12-05T20:23:20","modified_gmt":"2023-12-05T19:23:20","slug":"il-nuovo-ruolo-del-farmacista-artista-della-longevita-tra-prevenzione-innovazione-e-cura-al-cliente","status":"publish","type":"post","link":"https:\/\/www.bellunopress.it\/fr\/2023\/12\/05\/il-nuovo-ruolo-del-farmacista-artista-della-longevita-tra-prevenzione-innovazione-e-cura-al-cliente\/","title":{"rendered":"Il nuovo ruolo del farmacista \u201cartista della longevit\u00e0\u201d tra prevenzione, innovazione e cura al cliente"},"content":{"rendered":"<p><em><strong><img loading=\"lazy\" decoding=\"async\" class=\"alignleft size-full wp-image-146500\" src=\"https:\/\/www.bellunopress.it\/wp-content\/uploads\/2023\/12\/Ernesto-Riva-presidente-Unifarco_edited.jpg\" alt=\"\" width=\"1000\" height=\"897\" srcset=\"https:\/\/www.bellunopress.it\/wp-content\/uploads\/2023\/12\/Ernesto-Riva-presidente-Unifarco_edited.jpg 1000w, https:\/\/www.bellunopress.it\/wp-content\/uploads\/2023\/12\/Ernesto-Riva-presidente-Unifarco_edited-500x449.jpg 500w, https:\/\/www.bellunopress.it\/wp-content\/uploads\/2023\/12\/Ernesto-Riva-presidente-Unifarco_edited-696x624.jpg 696w\" sizes=\"auto, (max-width: 1000px) 100vw, 1000px\" \/>All\u2019Assemblea Nazionale delle Farmacie Specializzate di Unifarco, in collaborazione con il Policlinico Gemelli di Roma, si approfondisce il nuovo ruolo del farmacista\u00a0<\/strong><\/em><\/p>\n<p><em><strong>Mutamenti delle abitudini di consumo in farmacia e driver di crescita della Rete tra i principali temi trattati<\/strong><\/em><\/p>\n<p>Belluno, 5 dicembre 2023 \u2013 Si \u00e8 tenuta sabato 25 novembre l\u2019Assemblea Nazionale delle Farmacie Specializzate \u2013 network italiano di oltre 660 farmacie clienti di Unifarco &#8211; presso la sede del Policlinico Gemelli di Roma. Tra i principali temi trattati nel corso dell\u2019evento l\u2019importanza della prevenzione e di uno stile di vita sano, il nuovo ruolo del farmacista \u201cartista della longevity\u201d, lo scenario delle reti farmaceutiche in Italia, l\u2019importante collaborazione tra Unifarco e il Policlinico Gemelli, i risultati ottenuti nel 2022 e i driver di crescita della Rete.<\/p>\n<p>L\u2019Assemblea si \u00e8 aperta con una riflessione di Ernesto Riva, Presidente di Unifarco, sull\u2019importanza della collaborazione tra medico e farmacista. Se nell\u2019antichit\u00e0 diagnosi e uso di prodotti curativi erano affidati a una sola figura professionale, nel corso della storia la farmacia ha acquisito sempre pi\u00f9 rilevanza nella societ\u00e0, diventando un luogo di prevenzione dove attenzione e consulenza al cliente sono i pilastri per un rapporto di fiducia da costruire e rafforzare nel tempo.<\/p>\n<p>Un ampio focus \u00e8 stato dedicato al ruolo del farmacista come driver di promozione di uno stile di vita orientato alla longevit\u00e0. Il Prof. Francesco Landi &#8211; Direttore del Dipartimento delle Scienze dell\u2019Invecchiamento, Ortopediche e Reumatologiche del Policlinico Gemelli ha evidenziato come la farmacia abbia la possibilit\u00e0 di lavorare in sinergia con la classe medica per aumentare la diffusione della cultura della prevenzione, di cui riporta in sintesi otto fattori chiave quali una dieta sana, una regolare attivit\u00e0 fisica, un corretto apporto di sonno, un assetto lipidico e glucidico nella norma e una corretta pressione arteriosa. Assieme al controllo della composizione corporea e all\u2019astensione dal fumo, sono la base fondamentale di uno stile di vita in grado di prevenire i problemi di salute e aiutare a ridurre la spesa pubblica per la sanit\u00e0.<\/p>\n<p>In una cornice di approfondimento sullo studio di determinati elementi che possono influenzare questi 8 fattori chiave e dirigere cos\u00ec il \u201crumore epigenetico\u201d &#8211; uno dei maggior responsabili dell\u2019invecchiamento cellulare Gianni Baratto, Science and Research Vice President di Unifarco, ha descritto i benefici del nuovo brand GenAge\u00ae &#8211; nato dagli studi tra Unifarco e il nuovo Longevity Advisory Committee, tra i quali lo stesso Landi. Grazie alla partnership con il Policlinico Gemelli \u00e8 in partenza uno studio clinico sui prodotti e il brevetto chiave della linea. \u00c8 stato infine presentato un progetto di collaborazione tra Policlinico e Farmacie Specializzate volto a proporre al cliente finale un programma di analisi e checkup, in ottica pro-longevity, approfondito e coordinato, che parte dalla farmacia e arriva fino al consulto specializzato con lo staff medico del Gemelli.<\/p>\n<p>L\u2019offerta di Unifarco \u2013 ha commentato il CEO di Unifarco Massimo Slaviero \u2013 si \u00e8 arricchita nel corso degli anni per proporre al mercato servizi e prodotti pensati per tutte le et\u00e0 e le esigenze. Con l\u2019ampio ventaglio di articoli dermatologici, dermocosmetici, cosmeceutici, fitocosmetici e di integrazione alimentare, Unifarco da ormai pi\u00f9 di 40 anni \u00e8 in grado di prendersi cura del cliente a 360 gradi: dalla pelle, all\u2019equilibrio fisico, all\u2019alimentazione, al benessere intestinale, allo studio dei fattori genetici che mettono a rischio la longevit\u00e0 sana.<\/p>\n<p>Con la Dottoressa Elena Folpini, Managing Director New Line Ricerche di mercato, l\u2019Assemblea ha poi affrontato le dinamiche del mercato farmaceutico. Con un\u2019accelerazione di alcuni processi gi\u00e0 in atto, si evidenzia un forte mutamento nelle abitudini di consumo. Cresce la propensione per l\u2019acquisto di prodotti online di automedicazione e prevale l\u2019attenzione al risparmio e all\u2019efficienza nella consegna. I bisogni di consumo di alcune specifiche categorie di prodotto da saltuari si trasformano in continuativi a beneficio del canale online su cui \u00e8 pi\u00f9 facile garantirsi le c.d. \u201cscorte\u201d. I clienti premiano particolarmente le linee dedicate alla cura della pelle, i cui prodotti coprono quasi il 30% dell\u2019intero comparto. Cresce altres\u00ec l\u2019importanza dei probiotici acquistati in ugual misura sia sui canali online che offline.<\/p>\n<p>In profondo mutamento anche le abitudini di scelta delle farmacie: post covid si evidenzia una tendenza crescente nei clienti a preferire quelle di fiducia, a scapito di quelle \u201cdi passaggio\u201d. Incrementa altres\u00ec il ruolo delle farmacie di piccole dimensioni: nel 2020 si \u00e8 registrata una perdita principalmente a carico delle grandi farmacie mentre nel 2021 e 2022 l\u2019incidenza delle piccole farmacie \u00e8 quasi raddoppiata.<\/p>\n<p>Con Paolo Borgarelli, Farmacista e Amministratore Farmacie Specializzate, il convegno si \u00e8 poi focalizzato sui driver di crescita della Rete. La ricca selezione di eventi legati alla prevenzione e al benessere, i numerosi corsi di formazione organizzati durante tutto l\u2019anno per i farmacisti della Rete, un efficiente sistema di comunicazione e network, uniti all\u2019offerta di servizi innovativi sono gli elementi di forza che hanno reso sempre pi\u00f9 forte e consolidata la Rete delle Farmacie Specializzate, che vanta tra i diversi strumenti di connessione anche un\u2019apposita app dedicata.<\/p>\n<p>Il convegno \u00e8 poi proseguito con un\u2019analisi del Dott. Luigi Corvi, Sales and Marketing Vice President Unifarco e Amministratore Farmacie Specializzate, degli obiettivi del 2024 che vedono la Rete Farmacie Specializzate impegnata a dare continuit\u00e0 e sempre maggiore attenzione alla clientela, offrendo servizi innovativi e personalizzati, ottimizzando la gestione manageriale e consolidando il posizionamento strategico. L\u2019intervento si \u00e8 focalizzato sulla rilevanza della formazione offerta alla Rete, gli strumenti di comunicazione che rendono il network delle Farmacie Specializzate sempre pi\u00f9 forte e connesso e gli eventi in farmacia, grazie ai quali \u00e8 possibile rafforzare sempre pi\u00f9 il rapporto con i clienti.<\/p>\n<p>&nbsp;<\/p>","protected":false},"excerpt":{"rendered":"<p>All\u2019Assemblea Nazionale delle Farmacie Specializzate di Unifarco, in collaborazione con il Policlinico Gemelli di Roma, si approfondisce il nuovo ruolo del farmacista\u00a0 Mutamenti delle abitudini di consumo in farmacia e driver di crescita della Rete tra i principali temi trattati Belluno, 5 dicembre 2023 \u2013 Si \u00e8 tenuta sabato 25 novembre l\u2019Assemblea Nazionale delle Farmacie [&hellip;]<\/p>\n","protected":false},"author":2,"featured_media":146500,"comment_status":"closed","ping_status":"open","sticky":false,"template":"","format":"standard","meta":{"footnotes":""},"categories":[36,26],"tags":[],"class_list":["post-146499","post","type-post","status-publish","format-standard","has-post-thumbnail","category-lavoro-economia","category-prima-pagina"],"yoast_head":"<!-- This site is optimized with the Yoast SEO plugin v28.4 - https:\/\/yoast.com\/product\/yoast-seo-wordpress\/ -->\n<title>Il nuovo ruolo del farmacista \u201cartista della longevit\u00e0\u201d tra prevenzione, innovazione e cura al cliente - Bellunopress - Dolomiti<\/title>\n<meta name=\"robots\" content=\"index, follow, max-snippet:-1, max-image-preview:large, max-video-preview:-1\" \/>\n<link rel=\"canonical\" href=\"https:\/\/www.bellunopress.it\/fr\/2023\/12\/05\/il-nuovo-ruolo-del-farmacista-artista-della-longevita-tra-prevenzione-innovazione-e-cura-al-cliente\/\" \/>\n<meta property=\"og:locale\" content=\"fr_FR\" \/>\n<meta property=\"og:type\" content=\"article\" \/>\n<meta property=\"og:title\" content=\"Il nuovo ruolo del farmacista \u201cartista della longevit\u00e0\u201d tra prevenzione, innovazione e cura al cliente - Bellunopress - Dolomiti\" \/>\n<meta property=\"og:description\" content=\"All\u2019Assemblea Nazionale delle Farmacie Specializzate di Unifarco, in collaborazione con il Policlinico Gemelli di Roma, si approfondisce il nuovo ruolo del farmacista\u00a0 Mutamenti delle abitudini di consumo in farmacia e driver di crescita della Rete tra i principali temi trattati Belluno, 5 dicembre 2023 \u2013 Si \u00e8 tenuta sabato 25 novembre l\u2019Assemblea Nazionale delle Farmacie [&hellip;]\" \/>\n<meta property=\"og:url\" content=\"https:\/\/www.bellunopress.it\/fr\/2023\/12\/05\/il-nuovo-ruolo-del-farmacista-artista-della-longevita-tra-prevenzione-innovazione-e-cura-al-cliente\/\" \/>\n<meta property=\"og:site_name\" content=\"Bellunopress - Dolomiti\" \/>\n<meta property=\"article:publisher\" content=\"https:\/\/www.facebook.com\/profile.php?id=100008943462799\" \/>\n<meta property=\"article:published_time\" content=\"2023-12-05T19:23:20+00:00\" \/>\n<meta property=\"og:image\" content=\"https:\/\/www.bellunopress.it\/wp-content\/uploads\/2023\/12\/Ernesto-Riva-presidente-Unifarco_edited.jpg\" \/>\n\t<meta property=\"og:image:width\" content=\"1000\" \/>\n\t<meta property=\"og:image:height\" content=\"897\" \/>\n\t<meta property=\"og:image:type\" content=\"image\/jpeg\" \/>\n<meta name=\"author\" content=\"redazione\" \/>\n<meta name=\"twitter:card\" content=\"summary_large_image\" \/>\n<meta name=\"twitter:creator\" content=\"@bellunopress\" \/>\n<meta name=\"twitter:site\" content=\"@bellunopress\" \/>\n<meta name=\"twitter:label1\" content=\"\u00c9crit par\" \/>\n\t<meta name=\"twitter:data1\" content=\"redazione\" \/>\n\t<meta name=\"twitter:label2\" content=\"Dur\u00e9e de lecture estim\u00e9e\" \/>\n\t<meta name=\"twitter:data2\" content=\"5 minutes\" \/>\n<script type=\"application\/ld+json\" class=\"yoast-schema-graph\">{\"@context\":\"https:\\\/\\\/schema.org\",\"@graph\":[{\"@type\":\"Article\",\"@id\":\"https:\\\/\\\/www.bellunopress.it\\\/2023\\\/12\\\/05\\\/il-nuovo-ruolo-del-farmacista-artista-della-longevita-tra-prevenzione-innovazione-e-cura-al-cliente\\\/#article\",\"isPartOf\":{\"@id\":\"https:\\\/\\\/www.bellunopress.it\\\/2023\\\/12\\\/05\\\/il-nuovo-ruolo-del-farmacista-artista-della-longevita-tra-prevenzione-innovazione-e-cura-al-cliente\\\/\"},\"author\":{\"name\":\"redazione\",\"@id\":\"https:\\\/\\\/www.bellunopress.it\\\/#\\\/schema\\\/person\\\/79bb06722b37ece1c03d3e94beb30d73\"},\"headline\":\"Il nuovo ruolo del farmacista \u201cartista della longevit\u00e0\u201d tra prevenzione, innovazione e cura al cliente\",\"datePublished\":\"2023-12-05T19:23:20+00:00\",\"mainEntityOfPage\":{\"@id\":\"https:\\\/\\\/www.bellunopress.it\\\/2023\\\/12\\\/05\\\/il-nuovo-ruolo-del-farmacista-artista-della-longevita-tra-prevenzione-innovazione-e-cura-al-cliente\\\/\"},\"wordCount\":940,\"publisher\":{\"@id\":\"https:\\\/\\\/www.bellunopress.it\\\/#organization\"},\"image\":{\"@id\":\"https:\\\/\\\/www.bellunopress.it\\\/2023\\\/12\\\/05\\\/il-nuovo-ruolo-del-farmacista-artista-della-longevita-tra-prevenzione-innovazione-e-cura-al-cliente\\\/#primaryimage\"},\"thumbnailUrl\":\"https:\\\/\\\/www.bellunopress.it\\\/wp-content\\\/uploads\\\/2023\\\/12\\\/Ernesto-Riva-presidente-Unifarco_edited.jpg\",\"articleSection\":[\"Lavoro, Economia, Turismo\",\"Prima Pagina\"],\"inLanguage\":\"fr-FR\"},{\"@type\":\"WebPage\",\"@id\":\"https:\\\/\\\/www.bellunopress.it\\\/2023\\\/12\\\/05\\\/il-nuovo-ruolo-del-farmacista-artista-della-longevita-tra-prevenzione-innovazione-e-cura-al-cliente\\\/\",\"url\":\"https:\\\/\\\/www.bellunopress.it\\\/2023\\\/12\\\/05\\\/il-nuovo-ruolo-del-farmacista-artista-della-longevita-tra-prevenzione-innovazione-e-cura-al-cliente\\\/\",\"name\":\"Il nuovo ruolo del farmacista \u201cartista della longevit\u00e0\u201d tra prevenzione, innovazione e cura al cliente - Bellunopress - Dolomiti\",\"isPartOf\":{\"@id\":\"https:\\\/\\\/www.bellunopress.it\\\/#website\"},\"primaryImageOfPage\":{\"@id\":\"https:\\\/\\\/www.bellunopress.it\\\/2023\\\/12\\\/05\\\/il-nuovo-ruolo-del-farmacista-artista-della-longevita-tra-prevenzione-innovazione-e-cura-al-cliente\\\/#primaryimage\"},\"image\":{\"@id\":\"https:\\\/\\\/www.bellunopress.it\\\/2023\\\/12\\\/05\\\/il-nuovo-ruolo-del-farmacista-artista-della-longevita-tra-prevenzione-innovazione-e-cura-al-cliente\\\/#primaryimage\"},\"thumbnailUrl\":\"https:\\\/\\\/www.bellunopress.it\\\/wp-content\\\/uploads\\\/2023\\\/12\\\/Ernesto-Riva-presidente-Unifarco_edited.jpg\",\"datePublished\":\"2023-12-05T19:23:20+00:00\",\"breadcrumb\":{\"@id\":\"https:\\\/\\\/www.bellunopress.it\\\/2023\\\/12\\\/05\\\/il-nuovo-ruolo-del-farmacista-artista-della-longevita-tra-prevenzione-innovazione-e-cura-al-cliente\\\/#breadcrumb\"},\"inLanguage\":\"fr-FR\",\"potentialAction\":[{\"@type\":\"ReadAction\",\"target\":[\"https:\\\/\\\/www.bellunopress.it\\\/2023\\\/12\\\/05\\\/il-nuovo-ruolo-del-farmacista-artista-della-longevita-tra-prevenzione-innovazione-e-cura-al-cliente\\\/\"]}]},{\"@type\":\"ImageObject\",\"inLanguage\":\"fr-FR\",\"@id\":\"https:\\\/\\\/www.bellunopress.it\\\/2023\\\/12\\\/05\\\/il-nuovo-ruolo-del-farmacista-artista-della-longevita-tra-prevenzione-innovazione-e-cura-al-cliente\\\/#primaryimage\",\"url\":\"https:\\\/\\\/www.bellunopress.it\\\/wp-content\\\/uploads\\\/2023\\\/12\\\/Ernesto-Riva-presidente-Unifarco_edited.jpg\",\"contentUrl\":\"https:\\\/\\\/www.bellunopress.it\\\/wp-content\\\/uploads\\\/2023\\\/12\\\/Ernesto-Riva-presidente-Unifarco_edited.jpg\",\"width\":1000,\"height\":897,\"caption\":\"Ernesto Riva presidente Unifarco\"},{\"@type\":\"BreadcrumbList\",\"@id\":\"https:\\\/\\\/www.bellunopress.it\\\/2023\\\/12\\\/05\\\/il-nuovo-ruolo-del-farmacista-artista-della-longevita-tra-prevenzione-innovazione-e-cura-al-cliente\\\/#breadcrumb\",\"itemListElement\":[{\"@type\":\"ListItem\",\"position\":1,\"name\":\"Home\",\"item\":\"https:\\\/\\\/www.bellunopress.it\\\/\"},{\"@type\":\"ListItem\",\"position\":2,\"name\":\"Il nuovo ruolo del farmacista \u201cartista della longevit\u00e0\u201d tra prevenzione, innovazione e cura al cliente\"}]},{\"@type\":\"WebSite\",\"@id\":\"https:\\\/\\\/www.bellunopress.it\\\/#website\",\"url\":\"https:\\\/\\\/www.bellunopress.it\\\/\",\"name\":\"Bellunopress - Dolomiti\",\"description\":\"e-mail: redazione@bellunopress.it\",\"publisher\":{\"@id\":\"https:\\\/\\\/www.bellunopress.it\\\/#organization\"},\"potentialAction\":[{\"@type\":\"SearchAction\",\"target\":{\"@type\":\"EntryPoint\",\"urlTemplate\":\"https:\\\/\\\/www.bellunopress.it\\\/?s={search_term_string}\"},\"query-input\":{\"@type\":\"PropertyValueSpecification\",\"valueRequired\":true,\"valueName\":\"search_term_string\"}}],\"inLanguage\":\"fr-FR\"},{\"@type\":\"Organization\",\"@id\":\"https:\\\/\\\/www.bellunopress.it\\\/#organization\",\"name\":\"Bellunopress\",\"url\":\"https:\\\/\\\/www.bellunopress.it\\\/\",\"logo\":{\"@type\":\"ImageObject\",\"inLanguage\":\"fr-FR\",\"@id\":\"https:\\\/\\\/www.bellunopress.it\\\/#\\\/schema\\\/logo\\\/image\\\/\",\"url\":\"https:\\\/\\\/www.bellunopress.it\\\/wp-content\\\/uploads\\\/2011\\\/05\\\/cropped-logo-bellunopress-.jpg\",\"contentUrl\":\"https:\\\/\\\/www.bellunopress.it\\\/wp-content\\\/uploads\\\/2011\\\/05\\\/cropped-logo-bellunopress-.jpg\",\"width\":512,\"height\":512,\"caption\":\"Bellunopress\"},\"image\":{\"@id\":\"https:\\\/\\\/www.bellunopress.it\\\/#\\\/schema\\\/logo\\\/image\\\/\"},\"sameAs\":[\"https:\\\/\\\/www.facebook.com\\\/profile.php?id=100008943462799\",\"https:\\\/\\\/x.com\\\/bellunopress\",\"https:\\\/\\\/www.linkedin.com\\\/hp\\\/?dnr=JBzUWaJfMUw8vbXJJ2tVW5-I3jZKvC4wsoxE&amp;amp;amp;amp;amp;amp;trk=nav_responsive_tab_home\",\"https:\\\/\\\/www.youtube.com\\\/channel\\\/UCxL0wu1uN0_3_7hGG0306cw\"]},{\"@type\":\"Person\",\"@id\":\"https:\\\/\\\/www.bellunopress.it\\\/#\\\/schema\\\/person\\\/79bb06722b37ece1c03d3e94beb30d73\",\"name\":\"redazione\",\"image\":{\"@type\":\"ImageObject\",\"inLanguage\":\"fr-FR\",\"@id\":\"https:\\\/\\\/secure.gravatar.com\\\/avatar\\\/37d968a2e67a6fd04c169c4bdef102d0bc5d31b2546345219e348575eb80e9a0?s=96&d=mm&r=g\",\"url\":\"https:\\\/\\\/secure.gravatar.com\\\/avatar\\\/37d968a2e67a6fd04c169c4bdef102d0bc5d31b2546345219e348575eb80e9a0?s=96&d=mm&r=g\",\"contentUrl\":\"https:\\\/\\\/secure.gravatar.com\\\/avatar\\\/37d968a2e67a6fd04c169c4bdef102d0bc5d31b2546345219e348575eb80e9a0?s=96&d=mm&r=g\",\"caption\":\"redazione\"},\"sameAs\":[\"http:\\\/\\\/www.bellunopress.it\",\"https:\\\/\\\/x.com\\\/bellunopress\"],\"url\":\"https:\\\/\\\/www.bellunopress.it\\\/fr\\\/author\\\/redazione\\\/\"}]}<\/script>\n<!-- \/ Yoast SEO plugin. -->","yoast_head_json":{"title":"Il nuovo ruolo del farmacista \u201cartista della longevit\u00e0\u201d tra prevenzione, innovazione e cura al cliente - Bellunopress - Dolomiti","robots":{"index":"index","follow":"follow","max-snippet":"max-snippet:-1","max-image-preview":"max-image-preview:large","max-video-preview":"max-video-preview:-1"},"canonical":"https:\/\/www.bellunopress.it\/fr\/2023\/12\/05\/il-nuovo-ruolo-del-farmacista-artista-della-longevita-tra-prevenzione-innovazione-e-cura-al-cliente\/","og_locale":"fr_FR","og_type":"article","og_title":"Il nuovo ruolo del farmacista \u201cartista della longevit\u00e0\u201d tra prevenzione, innovazione e cura al cliente - Bellunopress - Dolomiti","og_description":"All\u2019Assemblea Nazionale delle Farmacie Specializzate di Unifarco, in collaborazione con il Policlinico Gemelli di Roma, si approfondisce il nuovo ruolo del farmacista\u00a0 Mutamenti delle abitudini di consumo in farmacia e driver di crescita della Rete tra i principali temi trattati Belluno, 5 dicembre 2023 \u2013 Si \u00e8 tenuta sabato 25 novembre l\u2019Assemblea Nazionale delle Farmacie [&hellip;]","og_url":"https:\/\/www.bellunopress.it\/fr\/2023\/12\/05\/il-nuovo-ruolo-del-farmacista-artista-della-longevita-tra-prevenzione-innovazione-e-cura-al-cliente\/","og_site_name":"Bellunopress - Dolomiti","article_publisher":"https:\/\/www.facebook.com\/profile.php?id=100008943462799","article_published_time":"2023-12-05T19:23:20+00:00","og_image":[{"width":1000,"height":897,"url":"https:\/\/www.bellunopress.it\/wp-content\/uploads\/2023\/12\/Ernesto-Riva-presidente-Unifarco_edited.jpg","type":"image\/jpeg"}],"author":"redazione","twitter_card":"summary_large_image","twitter_creator":"@bellunopress","twitter_site":"@bellunopress","twitter_misc":{"\u00c9crit par":"redazione","Dur\u00e9e de lecture estim\u00e9e":"5 minutes"},"schema":{"@context":"https:\/\/schema.org","@graph":[{"@type":"Article","@id":"https:\/\/www.bellunopress.it\/2023\/12\/05\/il-nuovo-ruolo-del-farmacista-artista-della-longevita-tra-prevenzione-innovazione-e-cura-al-cliente\/#article","isPartOf":{"@id":"https:\/\/www.bellunopress.it\/2023\/12\/05\/il-nuovo-ruolo-del-farmacista-artista-della-longevita-tra-prevenzione-innovazione-e-cura-al-cliente\/"},"author":{"name":"redazione","@id":"https:\/\/www.bellunopress.it\/#\/schema\/person\/79bb06722b37ece1c03d3e94beb30d73"},"headline":"Il nuovo ruolo del farmacista \u201cartista della longevit\u00e0\u201d tra prevenzione, innovazione e cura al cliente","datePublished":"2023-12-05T19:23:20+00:00","mainEntityOfPage":{"@id":"https:\/\/www.bellunopress.it\/2023\/12\/05\/il-nuovo-ruolo-del-farmacista-artista-della-longevita-tra-prevenzione-innovazione-e-cura-al-cliente\/"},"wordCount":940,"publisher":{"@id":"https:\/\/www.bellunopress.it\/#organization"},"image":{"@id":"https:\/\/www.bellunopress.it\/2023\/12\/05\/il-nuovo-ruolo-del-farmacista-artista-della-longevita-tra-prevenzione-innovazione-e-cura-al-cliente\/#primaryimage"},"thumbnailUrl":"https:\/\/www.bellunopress.it\/wp-content\/uploads\/2023\/12\/Ernesto-Riva-presidente-Unifarco_edited.jpg","articleSection":["Lavoro, Economia, Turismo","Prima Pagina"],"inLanguage":"fr-FR"},{"@type":"WebPage","@id":"https:\/\/www.bellunopress.it\/2023\/12\/05\/il-nuovo-ruolo-del-farmacista-artista-della-longevita-tra-prevenzione-innovazione-e-cura-al-cliente\/","url":"https:\/\/www.bellunopress.it\/2023\/12\/05\/il-nuovo-ruolo-del-farmacista-artista-della-longevita-tra-prevenzione-innovazione-e-cura-al-cliente\/","name":"Il nuovo ruolo del farmacista \u201cartista della longevit\u00e0\u201d tra prevenzione, innovazione e cura al cliente - Bellunopress - Dolomiti","isPartOf":{"@id":"https:\/\/www.bellunopress.it\/#website"},"primaryImageOfPage":{"@id":"https:\/\/www.bellunopress.it\/2023\/12\/05\/il-nuovo-ruolo-del-farmacista-artista-della-longevita-tra-prevenzione-innovazione-e-cura-al-cliente\/#primaryimage"},"image":{"@id":"https:\/\/www.bellunopress.it\/2023\/12\/05\/il-nuovo-ruolo-del-farmacista-artista-della-longevita-tra-prevenzione-innovazione-e-cura-al-cliente\/#primaryimage"},"thumbnailUrl":"https:\/\/www.bellunopress.it\/wp-content\/uploads\/2023\/12\/Ernesto-Riva-presidente-Unifarco_edited.jpg","datePublished":"2023-12-05T19:23:20+00:00","breadcrumb":{"@id":"https:\/\/www.bellunopress.it\/2023\/12\/05\/il-nuovo-ruolo-del-farmacista-artista-della-longevita-tra-prevenzione-innovazione-e-cura-al-cliente\/#breadcrumb"},"inLanguage":"fr-FR","potentialAction":[{"@type":"ReadAction","target":["https:\/\/www.bellunopress.it\/2023\/12\/05\/il-nuovo-ruolo-del-farmacista-artista-della-longevita-tra-prevenzione-innovazione-e-cura-al-cliente\/"]}]},{"@type":"ImageObject","inLanguage":"fr-FR","@id":"https:\/\/www.bellunopress.it\/2023\/12\/05\/il-nuovo-ruolo-del-farmacista-artista-della-longevita-tra-prevenzione-innovazione-e-cura-al-cliente\/#primaryimage","url":"https:\/\/www.bellunopress.it\/wp-content\/uploads\/2023\/12\/Ernesto-Riva-presidente-Unifarco_edited.jpg","contentUrl":"https:\/\/www.bellunopress.it\/wp-content\/uploads\/2023\/12\/Ernesto-Riva-presidente-Unifarco_edited.jpg","width":1000,"height":897,"caption":"Ernesto Riva presidente Unifarco"},{"@type":"BreadcrumbList","@id":"https:\/\/www.bellunopress.it\/2023\/12\/05\/il-nuovo-ruolo-del-farmacista-artista-della-longevita-tra-prevenzione-innovazione-e-cura-al-cliente\/#breadcrumb","itemListElement":[{"@type":"ListItem","position":1,"name":"Home","item":"https:\/\/www.bellunopress.it\/"},{"@type":"ListItem","position":2,"name":"Il nuovo ruolo del farmacista \u201cartista della longevit\u00e0\u201d tra prevenzione, innovazione e cura al cliente"}]},{"@type":"WebSite","@id":"https:\/\/www.bellunopress.it\/#website","url":"https:\/\/www.bellunopress.it\/","name":"Bellunopress - Dolomiti","description":"e-mail: redazione@bellunopress.it","publisher":{"@id":"https:\/\/www.bellunopress.it\/#organization"},"potentialAction":[{"@type":"SearchAction","target":{"@type":"EntryPoint","urlTemplate":"https:\/\/www.bellunopress.it\/?s={search_term_string}"},"query-input":{"@type":"PropertyValueSpecification","valueRequired":true,"valueName":"search_term_string"}}],"inLanguage":"fr-FR"},{"@type":"Organization","@id":"https:\/\/www.bellunopress.it\/#organization","name":"Bellunopress","url":"https:\/\/www.bellunopress.it\/","logo":{"@type":"ImageObject","inLanguage":"fr-FR","@id":"https:\/\/www.bellunopress.it\/#\/schema\/logo\/image\/","url":"https:\/\/www.bellunopress.it\/wp-content\/uploads\/2011\/05\/cropped-logo-bellunopress-.jpg","contentUrl":"https:\/\/www.bellunopress.it\/wp-content\/uploads\/2011\/05\/cropped-logo-bellunopress-.jpg","width":512,"height":512,"caption":"Bellunopress"},"image":{"@id":"https:\/\/www.bellunopress.it\/#\/schema\/logo\/image\/"},"sameAs":["https:\/\/www.facebook.com\/profile.php?id=100008943462799","https:\/\/x.com\/bellunopress","https:\/\/www.linkedin.com\/hp\/?dnr=JBzUWaJfMUw8vbXJJ2tVW5-I3jZKvC4wsoxE&amp;amp;amp;amp;amp;amp;trk=nav_responsive_tab_home","https:\/\/www.youtube.com\/channel\/UCxL0wu1uN0_3_7hGG0306cw"]},{"@type":"Person","@id":"https:\/\/www.bellunopress.it\/#\/schema\/person\/79bb06722b37ece1c03d3e94beb30d73","name":"r\u00e9daction","image":{"@type":"ImageObject","inLanguage":"fr-FR","@id":"https:\/\/secure.gravatar.com\/avatar\/37d968a2e67a6fd04c169c4bdef102d0bc5d31b2546345219e348575eb80e9a0?s=96&d=mm&r=g","url":"https:\/\/secure.gravatar.com\/avatar\/37d968a2e67a6fd04c169c4bdef102d0bc5d31b2546345219e348575eb80e9a0?s=96&d=mm&r=g","contentUrl":"https:\/\/secure.gravatar.com\/avatar\/37d968a2e67a6fd04c169c4bdef102d0bc5d31b2546345219e348575eb80e9a0?s=96&d=mm&r=g","caption":"redazione"},"sameAs":["http:\/\/www.bellunopress.it","https:\/\/x.com\/bellunopress"],"url":"https:\/\/www.bellunopress.it\/fr\/author\/redazione\/"}]}},"_links":{"self":[{"href":"https:\/\/www.bellunopress.it\/fr\/wp-json\/wp\/v2\/posts\/146499","targetHints":{"allow":["GET"]}}],"collection":[{"href":"https:\/\/www.bellunopress.it\/fr\/wp-json\/wp\/v2\/posts"}],"about":[{"href":"https:\/\/www.bellunopress.it\/fr\/wp-json\/wp\/v2\/types\/post"}],"author":[{"embeddable":true,"href":"https:\/\/www.bellunopress.it\/fr\/wp-json\/wp\/v2\/users\/2"}],"replies":[{"embeddable":true,"href":"https:\/\/www.bellunopress.it\/fr\/wp-json\/wp\/v2\/comments?post=146499"}],"version-history":[{"count":1,"href":"https:\/\/www.bellunopress.it\/fr\/wp-json\/wp\/v2\/posts\/146499\/revisions"}],"predecessor-version":[{"id":146501,"href":"https:\/\/www.bellunopress.it\/fr\/wp-json\/wp\/v2\/posts\/146499\/revisions\/146501"}],"wp:featuredmedia":[{"embeddable":true,"href":"https:\/\/www.bellunopress.it\/fr\/wp-json\/wp\/v2\/media\/146500"}],"wp:attachment":[{"href":"https:\/\/www.bellunopress.it\/fr\/wp-json\/wp\/v2\/media?parent=146499"}],"wp:term":[{"taxonomy":"category","embeddable":true,"href":"https:\/\/www.bellunopress.it\/fr\/wp-json\/wp\/v2\/categories?post=146499"},{"taxonomy":"post_tag","embeddable":true,"href":"https:\/\/www.bellunopress.it\/fr\/wp-json\/wp\/v2\/tags?post=146499"}],"curies":[{"name":"wp","href":"https:\/\/api.w.org\/{rel}","templated":true}]}}