{"id":14649,"date":"2010-04-22T21:18:06","date_gmt":"2010-04-22T20:18:06","guid":{"rendered":"http:\/\/www.bellunopress.it\/?p=14649"},"modified":"2010-04-22T21:18:06","modified_gmt":"2010-04-22T20:18:06","slug":"salir-sempre-salir-inaugurata-oggi-la-mostra-documentaria-nellex-chiesa-restaurata-di-santa-maria-dei-battuti-a-belluno","status":"publish","type":"post","link":"https:\/\/www.bellunopress.it\/fr\/2010\/04\/22\/salir-sempre-salir-inaugurata-oggi-la-mostra-documentaria-nellex-chiesa-restaurata-di-santa-maria-dei-battuti-a-belluno\/","title":{"rendered":"Salir, sempre salir&#8230; inaugurata oggi la mostra documentaria nell&#8217;ex chiesa restaurata di Santa Maria dei battuti a Belluno"},"content":{"rendered":"<p><a href=\"http:\/\/www.bellunopress.it\/wp-content\/uploads\/2010\/04\/salir-sempre-salir.jpg\"><img loading=\"lazy\" decoding=\"async\" class=\"alignleft size-medium wp-image-14650\" title=\"salir-sempre-salir\" src=\"http:\/\/www.bellunopress.it\/wp-content\/uploads\/2010\/04\/salir-sempre-salir.jpg\" alt=\"\" width=\"280\" height=\"210\" \/><\/a>E&#8217; stata inaugurata oggi pomeriggio (22 aprile), nell&#8217;ampia sala restaurata dell&#8217;ex chiesa di Santa Maria dei battuti, la mostra documentaria dal titolo \u201cSalir sempre salir\u2026 Gli esordi turistici della montagna bellunese: neve, auto, bici. 1926-1956\u201d. La rassegna rimarr\u00e0 aperta fino al 7 maggio (dal luned\u00ec al venerd\u00ec con orario 9.30-13.00 e nei pomeriggi di luned\u00ec, mercoled\u00ec e gioved\u00ec, dalle 15.30 alle 17.30. E il 1\u00b0 maggio dalle 9.30 alle 14.30). A mostra chiusa riprenderanno i lavori conclusivi di restauro, resi possibili grazie al sostegno della Fondazione Cariverona. L&#8217;ex chiesa, come ha ricordato nell&#8217;introduzione Eurigio Tonetti, direttore dell&#8217;Archivio storico di Belluno, \u00e8 stata acquisita dallo Stato nel 1984 e gli interventi di recupero sono stati eseguiti fino al 2008 con fondi ministeriali. \u00abLa sala \u00e8 stata concepita per un uso multifunzionale \u2013 ha spiegato Tonetti \u2013\u00a0 e pu\u00f2 essere facilmente convertita in sala studio e per attivit\u00e0 didattiche\u00bb. Sono intervenuti il prefetto Carlo Boffi, il sindaco di Belluno Antonio Prade, l&#8217;assessore provinciale alla cultura Daniela Templari, il consigliere della Fondazione Cariverona Paolo Conte, e il direttore regionale dei Beni culturali Ugo Soragni.<a href=\"http:\/\/www.bellunopress.it\/wp-content\/uploads\/2010\/04\/interno-chiesa-santa-maria-dei-battuti.jpg\"><img loading=\"lazy\" decoding=\"async\" class=\"alignright size-medium wp-image-14651\" title=\"interno-chiesa-santa-maria-dei-battuti\" src=\"http:\/\/www.bellunopress.it\/wp-content\/uploads\/2010\/04\/interno-chiesa-santa-maria-dei-battuti.jpg\" alt=\"\" width=\"280\" height=\"210\" \/><\/a> E&#8217; seguita una breve presentazione della mostra. Paolo Doglioni, presidente della Camera di commercio di Belluno, partendo dalle cronache del Piloni del 1200, quando i bellunesi difendevano le mura della citt\u00e0, ha auspicato un&#8217;apertura turistica della citt\u00e0 al mondo. Ester Cason Angelini, in rappresentanza della Fondazione Giovanni Angelini Centro studi sulla Montagna, ha spiegato le origini del turismo di montagna, con la stampa della prima \u201cguida delle Alpi orientali\u201d del 1878 esposta nella mostra, scritta dall&#8217;inglese John Ball. Paolo Strag\u00e0, presidente dell&#8217;Automobile Club Belluno, che ha collaborato con la documentazione della Coppa d&#8217;Oro delle Dolomiti, ha posto l&#8217;accento sull&#8217;indotto turistico, equivalente a circa 15 mila pernottamenti l&#8217;anno, legati al mondo dell&#8217;automobilismo sportivo in provincia. Ha concluso gli interventi al tavolo dei relatori il noto storico bellunese Ferruccio Vendramini, che ha ripercorso gli albori del turismo nel Bellunese all&#8217;epoca austriaca, dalla seconda met\u00e0 dell&#8217;800, con i primi esploratori stranieri. Ha sottolineato l&#8217;importante apporto del Cai, Club Alpino italiano \u00abattraverso il quale si fece strada la cultura dell&#8217;ospitalit\u00e0\u00bb. \u00abMa la svolta decisiva avviene nel 1886 &#8211; ha detto Vendramini &#8211;\u00a0 con la realizzazione della Stazione ferroviaria di Belluno, il conseguente boom turistico. E la nascita di alberghi, la diffusione di periodici locali destinati ai turisti. La realizzazione dello stabilimento di cura idroterapica la Vena d&#8217;Oro a Ponte nelle Alpi, poi danneggiato nella I Guerra mondiale, dove c&#8217;era l&#8217;hotel con musica due volte al giorno\u00bb. Ed ha concluso dicendo che questo nostro teatro naturale, \u00e8 gi\u00e0 un&#8217;ottima carta vincente.<\/p>","protected":false},"excerpt":{"rendered":"<p>E&#8217; stata inaugurata oggi pomeriggio (22 aprile), nell&#8217;ampia sala restaurata dell&#8217;ex chiesa di Santa Maria dei battuti, la mostra documentaria dal titolo \u201cSalir sempre salir\u2026 Gli esordi turistici della montagna bellunese: neve, auto, bici. 1926-1956\u201d. La rassegna rimarr\u00e0 aperta fino al 7 maggio (dal luned\u00ec al venerd\u00ec con orario 9.30-13.00 e nei pomeriggi di luned\u00ec, [&hellip;]<\/p>\n","protected":false},"author":2,"featured_media":0,"comment_status":"closed","ping_status":"open","sticky":false,"template":"","format":"standard","meta":{"footnotes":""},"categories":[3,5],"tags":[1324],"class_list":["post-14649","post","type-post","status-publish","format-standard","category-arte-cultura-spettacoli-scienza-archivi","category-cronaca","tag-salir-sempre-salir-gli-esordi-turistici-della-montagna-bellunese-neve-auto-bici-1926-1956"],"yoast_head":"<!-- This site is optimized with the Yoast SEO plugin v28.4 - https:\/\/yoast.com\/product\/yoast-seo-wordpress\/ -->\n<title>Salir, sempre salir... inaugurata oggi la mostra documentaria nell&#039;ex chiesa restaurata di Santa Maria dei battuti a Belluno  - Bellunopress - Dolomiti<\/title>\n<meta name=\"robots\" content=\"index, follow, max-snippet:-1, max-image-preview:large, max-video-preview:-1\" \/>\n<link rel=\"canonical\" href=\"https:\/\/www.bellunopress.it\/fr\/2010\/04\/22\/salir-sempre-salir-inaugurata-oggi-la-mostra-documentaria-nellex-chiesa-restaurata-di-santa-maria-dei-battuti-a-belluno\/\" \/>\n<meta property=\"og:locale\" content=\"fr_FR\" \/>\n<meta property=\"og:type\" content=\"article\" \/>\n<meta property=\"og:title\" content=\"Salir, sempre salir... inaugurata oggi la mostra documentaria nell&#039;ex chiesa restaurata di Santa Maria dei battuti a Belluno  - Bellunopress - Dolomiti\" \/>\n<meta property=\"og:description\" content=\"E&#8217; stata inaugurata oggi pomeriggio (22 aprile), nell&#8217;ampia sala restaurata dell&#8217;ex chiesa di Santa Maria dei battuti, la mostra documentaria dal titolo \u201cSalir sempre salir\u2026 Gli esordi turistici della montagna bellunese: neve, auto, bici. 1926-1956\u201d. La rassegna rimarr\u00e0 aperta fino al 7 maggio (dal luned\u00ec al venerd\u00ec con orario 9.30-13.00 e nei pomeriggi di luned\u00ec, [&hellip;]\" \/>\n<meta property=\"og:url\" content=\"https:\/\/www.bellunopress.it\/fr\/2010\/04\/22\/salir-sempre-salir-inaugurata-oggi-la-mostra-documentaria-nellex-chiesa-restaurata-di-santa-maria-dei-battuti-a-belluno\/\" \/>\n<meta property=\"og:site_name\" content=\"Bellunopress - Dolomiti\" \/>\n<meta property=\"article:publisher\" content=\"https:\/\/www.facebook.com\/profile.php?id=100008943462799\" \/>\n<meta property=\"article:published_time\" content=\"2010-04-22T20:18:06+00:00\" \/>\n<meta property=\"og:image\" content=\"http:\/\/www.bellunopress.it\/wp-content\/uploads\/2010\/04\/salir-sempre-salir.jpg\" \/>\n<meta name=\"author\" content=\"redazione\" \/>\n<meta name=\"twitter:card\" content=\"summary_large_image\" \/>\n<meta name=\"twitter:creator\" content=\"@bellunopress\" \/>\n<meta name=\"twitter:site\" content=\"@bellunopress\" \/>\n<meta name=\"twitter:label1\" content=\"\u00c9crit par\" \/>\n\t<meta name=\"twitter:data1\" content=\"redazione\" \/>\n\t<meta name=\"twitter:label2\" content=\"Dur\u00e9e de lecture estim\u00e9e\" \/>\n\t<meta name=\"twitter:data2\" content=\"2 minutes\" \/>\n<script type=\"application\/ld+json\" class=\"yoast-schema-graph\">{\"@context\":\"https:\\\/\\\/schema.org\",\"@graph\":[{\"@type\":\"Article\",\"@id\":\"https:\\\/\\\/www.bellunopress.it\\\/2010\\\/04\\\/22\\\/salir-sempre-salir-inaugurata-oggi-la-mostra-documentaria-nellex-chiesa-restaurata-di-santa-maria-dei-battuti-a-belluno\\\/#article\",\"isPartOf\":{\"@id\":\"https:\\\/\\\/www.bellunopress.it\\\/2010\\\/04\\\/22\\\/salir-sempre-salir-inaugurata-oggi-la-mostra-documentaria-nellex-chiesa-restaurata-di-santa-maria-dei-battuti-a-belluno\\\/\"},\"author\":{\"name\":\"redazione\",\"@id\":\"https:\\\/\\\/www.bellunopress.it\\\/#\\\/schema\\\/person\\\/79bb06722b37ece1c03d3e94beb30d73\"},\"headline\":\"Salir, sempre salir&#8230; inaugurata oggi la mostra documentaria nell&#8217;ex chiesa restaurata di Santa Maria dei battuti a Belluno\",\"datePublished\":\"2010-04-22T20:18:06+00:00\",\"mainEntityOfPage\":{\"@id\":\"https:\\\/\\\/www.bellunopress.it\\\/2010\\\/04\\\/22\\\/salir-sempre-salir-inaugurata-oggi-la-mostra-documentaria-nellex-chiesa-restaurata-di-santa-maria-dei-battuti-a-belluno\\\/\"},\"wordCount\":449,\"publisher\":{\"@id\":\"https:\\\/\\\/www.bellunopress.it\\\/#organization\"},\"image\":{\"@id\":\"https:\\\/\\\/www.bellunopress.it\\\/2010\\\/04\\\/22\\\/salir-sempre-salir-inaugurata-oggi-la-mostra-documentaria-nellex-chiesa-restaurata-di-santa-maria-dei-battuti-a-belluno\\\/#primaryimage\"},\"thumbnailUrl\":\"http:\\\/\\\/www.bellunopress.it\\\/wp-content\\\/uploads\\\/2010\\\/04\\\/salir-sempre-salir.jpg\",\"keywords\":[\"Salir sempre salir\u2026 Gli esordi turistici della montagna bellunese: neve auto bici. 1926-1956\"],\"articleSection\":[\"Arte, Cultura, Spettacoli, Scienza\",\"Cronaca\\\/Politica\"],\"inLanguage\":\"fr-FR\"},{\"@type\":\"WebPage\",\"@id\":\"https:\\\/\\\/www.bellunopress.it\\\/2010\\\/04\\\/22\\\/salir-sempre-salir-inaugurata-oggi-la-mostra-documentaria-nellex-chiesa-restaurata-di-santa-maria-dei-battuti-a-belluno\\\/\",\"url\":\"https:\\\/\\\/www.bellunopress.it\\\/2010\\\/04\\\/22\\\/salir-sempre-salir-inaugurata-oggi-la-mostra-documentaria-nellex-chiesa-restaurata-di-santa-maria-dei-battuti-a-belluno\\\/\",\"name\":\"Salir, sempre salir... inaugurata oggi la mostra documentaria nell'ex chiesa restaurata di Santa Maria dei battuti a Belluno - Bellunopress - Dolomiti\",\"isPartOf\":{\"@id\":\"https:\\\/\\\/www.bellunopress.it\\\/#website\"},\"primaryImageOfPage\":{\"@id\":\"https:\\\/\\\/www.bellunopress.it\\\/2010\\\/04\\\/22\\\/salir-sempre-salir-inaugurata-oggi-la-mostra-documentaria-nellex-chiesa-restaurata-di-santa-maria-dei-battuti-a-belluno\\\/#primaryimage\"},\"image\":{\"@id\":\"https:\\\/\\\/www.bellunopress.it\\\/2010\\\/04\\\/22\\\/salir-sempre-salir-inaugurata-oggi-la-mostra-documentaria-nellex-chiesa-restaurata-di-santa-maria-dei-battuti-a-belluno\\\/#primaryimage\"},\"thumbnailUrl\":\"http:\\\/\\\/www.bellunopress.it\\\/wp-content\\\/uploads\\\/2010\\\/04\\\/salir-sempre-salir.jpg\",\"datePublished\":\"2010-04-22T20:18:06+00:00\",\"breadcrumb\":{\"@id\":\"https:\\\/\\\/www.bellunopress.it\\\/2010\\\/04\\\/22\\\/salir-sempre-salir-inaugurata-oggi-la-mostra-documentaria-nellex-chiesa-restaurata-di-santa-maria-dei-battuti-a-belluno\\\/#breadcrumb\"},\"inLanguage\":\"fr-FR\",\"potentialAction\":[{\"@type\":\"ReadAction\",\"target\":[\"https:\\\/\\\/www.bellunopress.it\\\/2010\\\/04\\\/22\\\/salir-sempre-salir-inaugurata-oggi-la-mostra-documentaria-nellex-chiesa-restaurata-di-santa-maria-dei-battuti-a-belluno\\\/\"]}]},{\"@type\":\"ImageObject\",\"inLanguage\":\"fr-FR\",\"@id\":\"https:\\\/\\\/www.bellunopress.it\\\/2010\\\/04\\\/22\\\/salir-sempre-salir-inaugurata-oggi-la-mostra-documentaria-nellex-chiesa-restaurata-di-santa-maria-dei-battuti-a-belluno\\\/#primaryimage\",\"url\":\"http:\\\/\\\/www.bellunopress.it\\\/wp-content\\\/uploads\\\/2010\\\/04\\\/salir-sempre-salir.jpg\",\"contentUrl\":\"http:\\\/\\\/www.bellunopress.it\\\/wp-content\\\/uploads\\\/2010\\\/04\\\/salir-sempre-salir.jpg\"},{\"@type\":\"BreadcrumbList\",\"@id\":\"https:\\\/\\\/www.bellunopress.it\\\/2010\\\/04\\\/22\\\/salir-sempre-salir-inaugurata-oggi-la-mostra-documentaria-nellex-chiesa-restaurata-di-santa-maria-dei-battuti-a-belluno\\\/#breadcrumb\",\"itemListElement\":[{\"@type\":\"ListItem\",\"position\":1,\"name\":\"Home\",\"item\":\"https:\\\/\\\/www.bellunopress.it\\\/\"},{\"@type\":\"ListItem\",\"position\":2,\"name\":\"Salir, sempre salir&#8230; inaugurata oggi la mostra documentaria nell&#8217;ex chiesa restaurata di Santa Maria dei battuti a Belluno\"}]},{\"@type\":\"WebSite\",\"@id\":\"https:\\\/\\\/www.bellunopress.it\\\/#website\",\"url\":\"https:\\\/\\\/www.bellunopress.it\\\/\",\"name\":\"Bellunopress - Dolomiti\",\"description\":\"e-mail: redazione@bellunopress.it\",\"publisher\":{\"@id\":\"https:\\\/\\\/www.bellunopress.it\\\/#organization\"},\"potentialAction\":[{\"@type\":\"SearchAction\",\"target\":{\"@type\":\"EntryPoint\",\"urlTemplate\":\"https:\\\/\\\/www.bellunopress.it\\\/?s={search_term_string}\"},\"query-input\":{\"@type\":\"PropertyValueSpecification\",\"valueRequired\":true,\"valueName\":\"search_term_string\"}}],\"inLanguage\":\"fr-FR\"},{\"@type\":\"Organization\",\"@id\":\"https:\\\/\\\/www.bellunopress.it\\\/#organization\",\"name\":\"Bellunopress\",\"url\":\"https:\\\/\\\/www.bellunopress.it\\\/\",\"logo\":{\"@type\":\"ImageObject\",\"inLanguage\":\"fr-FR\",\"@id\":\"https:\\\/\\\/www.bellunopress.it\\\/#\\\/schema\\\/logo\\\/image\\\/\",\"url\":\"https:\\\/\\\/www.bellunopress.it\\\/wp-content\\\/uploads\\\/2011\\\/05\\\/cropped-logo-bellunopress-.jpg\",\"contentUrl\":\"https:\\\/\\\/www.bellunopress.it\\\/wp-content\\\/uploads\\\/2011\\\/05\\\/cropped-logo-bellunopress-.jpg\",\"width\":512,\"height\":512,\"caption\":\"Bellunopress\"},\"image\":{\"@id\":\"https:\\\/\\\/www.bellunopress.it\\\/#\\\/schema\\\/logo\\\/image\\\/\"},\"sameAs\":[\"https:\\\/\\\/www.facebook.com\\\/profile.php?id=100008943462799\",\"https:\\\/\\\/x.com\\\/bellunopress\",\"https:\\\/\\\/www.linkedin.com\\\/hp\\\/?dnr=JBzUWaJfMUw8vbXJJ2tVW5-I3jZKvC4wsoxE&amp;amp;amp;amp;amp;amp;trk=nav_responsive_tab_home\",\"https:\\\/\\\/www.youtube.com\\\/channel\\\/UCxL0wu1uN0_3_7hGG0306cw\"]},{\"@type\":\"Person\",\"@id\":\"https:\\\/\\\/www.bellunopress.it\\\/#\\\/schema\\\/person\\\/79bb06722b37ece1c03d3e94beb30d73\",\"name\":\"redazione\",\"image\":{\"@type\":\"ImageObject\",\"inLanguage\":\"fr-FR\",\"@id\":\"https:\\\/\\\/secure.gravatar.com\\\/avatar\\\/37d968a2e67a6fd04c169c4bdef102d0bc5d31b2546345219e348575eb80e9a0?s=96&d=mm&r=g\",\"url\":\"https:\\\/\\\/secure.gravatar.com\\\/avatar\\\/37d968a2e67a6fd04c169c4bdef102d0bc5d31b2546345219e348575eb80e9a0?s=96&d=mm&r=g\",\"contentUrl\":\"https:\\\/\\\/secure.gravatar.com\\\/avatar\\\/37d968a2e67a6fd04c169c4bdef102d0bc5d31b2546345219e348575eb80e9a0?s=96&d=mm&r=g\",\"caption\":\"redazione\"},\"sameAs\":[\"http:\\\/\\\/www.bellunopress.it\",\"https:\\\/\\\/x.com\\\/bellunopress\"],\"url\":\"https:\\\/\\\/www.bellunopress.it\\\/fr\\\/author\\\/redazione\\\/\"}]}<\/script>\n<!-- \/ Yoast SEO plugin. -->","yoast_head_json":{"title":"Salir, sempre salir... inaugurata oggi la mostra documentaria nell'ex chiesa restaurata di Santa Maria dei battuti a Belluno  - Bellunopress - Dolomiti","robots":{"index":"index","follow":"follow","max-snippet":"max-snippet:-1","max-image-preview":"max-image-preview:large","max-video-preview":"max-video-preview:-1"},"canonical":"https:\/\/www.bellunopress.it\/fr\/2010\/04\/22\/salir-sempre-salir-inaugurata-oggi-la-mostra-documentaria-nellex-chiesa-restaurata-di-santa-maria-dei-battuti-a-belluno\/","og_locale":"fr_FR","og_type":"article","og_title":"Salir, sempre salir... inaugurata oggi la mostra documentaria nell'ex chiesa restaurata di Santa Maria dei battuti a Belluno  - Bellunopress - Dolomiti","og_description":"E&#8217; stata inaugurata oggi pomeriggio (22 aprile), nell&#8217;ampia sala restaurata dell&#8217;ex chiesa di Santa Maria dei battuti, la mostra documentaria dal titolo \u201cSalir sempre salir\u2026 Gli esordi turistici della montagna bellunese: neve, auto, bici. 1926-1956\u201d. La rassegna rimarr\u00e0 aperta fino al 7 maggio (dal luned\u00ec al venerd\u00ec con orario 9.30-13.00 e nei pomeriggi di luned\u00ec, [&hellip;]","og_url":"https:\/\/www.bellunopress.it\/fr\/2010\/04\/22\/salir-sempre-salir-inaugurata-oggi-la-mostra-documentaria-nellex-chiesa-restaurata-di-santa-maria-dei-battuti-a-belluno\/","og_site_name":"Bellunopress - Dolomiti","article_publisher":"https:\/\/www.facebook.com\/profile.php?id=100008943462799","article_published_time":"2010-04-22T20:18:06+00:00","og_image":[{"url":"http:\/\/www.bellunopress.it\/wp-content\/uploads\/2010\/04\/salir-sempre-salir.jpg","type":"","width":"","height":""}],"author":"redazione","twitter_card":"summary_large_image","twitter_creator":"@bellunopress","twitter_site":"@bellunopress","twitter_misc":{"\u00c9crit par":"redazione","Dur\u00e9e de lecture estim\u00e9e":"2 minutes"},"schema":{"@context":"https:\/\/schema.org","@graph":[{"@type":"Article","@id":"https:\/\/www.bellunopress.it\/2010\/04\/22\/salir-sempre-salir-inaugurata-oggi-la-mostra-documentaria-nellex-chiesa-restaurata-di-santa-maria-dei-battuti-a-belluno\/#article","isPartOf":{"@id":"https:\/\/www.bellunopress.it\/2010\/04\/22\/salir-sempre-salir-inaugurata-oggi-la-mostra-documentaria-nellex-chiesa-restaurata-di-santa-maria-dei-battuti-a-belluno\/"},"author":{"name":"redazione","@id":"https:\/\/www.bellunopress.it\/#\/schema\/person\/79bb06722b37ece1c03d3e94beb30d73"},"headline":"Salir, sempre salir&#8230; inaugurata oggi la mostra documentaria nell&#8217;ex chiesa restaurata di Santa Maria dei battuti a Belluno","datePublished":"2010-04-22T20:18:06+00:00","mainEntityOfPage":{"@id":"https:\/\/www.bellunopress.it\/2010\/04\/22\/salir-sempre-salir-inaugurata-oggi-la-mostra-documentaria-nellex-chiesa-restaurata-di-santa-maria-dei-battuti-a-belluno\/"},"wordCount":449,"publisher":{"@id":"https:\/\/www.bellunopress.it\/#organization"},"image":{"@id":"https:\/\/www.bellunopress.it\/2010\/04\/22\/salir-sempre-salir-inaugurata-oggi-la-mostra-documentaria-nellex-chiesa-restaurata-di-santa-maria-dei-battuti-a-belluno\/#primaryimage"},"thumbnailUrl":"http:\/\/www.bellunopress.it\/wp-content\/uploads\/2010\/04\/salir-sempre-salir.jpg","keywords":["Salir sempre salir\u2026 Gli esordi turistici della montagna bellunese: neve auto bici. 1926-1956"],"articleSection":["Arte, Cultura, Spettacoli, Scienza","Cronaca\/Politica"],"inLanguage":"fr-FR"},{"@type":"WebPage","@id":"https:\/\/www.bellunopress.it\/2010\/04\/22\/salir-sempre-salir-inaugurata-oggi-la-mostra-documentaria-nellex-chiesa-restaurata-di-santa-maria-dei-battuti-a-belluno\/","url":"https:\/\/www.bellunopress.it\/2010\/04\/22\/salir-sempre-salir-inaugurata-oggi-la-mostra-documentaria-nellex-chiesa-restaurata-di-santa-maria-dei-battuti-a-belluno\/","name":"Salir, sempre salir... inaugurata oggi la mostra documentaria nell'ex chiesa restaurata di Santa Maria dei battuti a Belluno - Bellunopress - Dolomiti","isPartOf":{"@id":"https:\/\/www.bellunopress.it\/#website"},"primaryImageOfPage":{"@id":"https:\/\/www.bellunopress.it\/2010\/04\/22\/salir-sempre-salir-inaugurata-oggi-la-mostra-documentaria-nellex-chiesa-restaurata-di-santa-maria-dei-battuti-a-belluno\/#primaryimage"},"image":{"@id":"https:\/\/www.bellunopress.it\/2010\/04\/22\/salir-sempre-salir-inaugurata-oggi-la-mostra-documentaria-nellex-chiesa-restaurata-di-santa-maria-dei-battuti-a-belluno\/#primaryimage"},"thumbnailUrl":"http:\/\/www.bellunopress.it\/wp-content\/uploads\/2010\/04\/salir-sempre-salir.jpg","datePublished":"2010-04-22T20:18:06+00:00","breadcrumb":{"@id":"https:\/\/www.bellunopress.it\/2010\/04\/22\/salir-sempre-salir-inaugurata-oggi-la-mostra-documentaria-nellex-chiesa-restaurata-di-santa-maria-dei-battuti-a-belluno\/#breadcrumb"},"inLanguage":"fr-FR","potentialAction":[{"@type":"ReadAction","target":["https:\/\/www.bellunopress.it\/2010\/04\/22\/salir-sempre-salir-inaugurata-oggi-la-mostra-documentaria-nellex-chiesa-restaurata-di-santa-maria-dei-battuti-a-belluno\/"]}]},{"@type":"ImageObject","inLanguage":"fr-FR","@id":"https:\/\/www.bellunopress.it\/2010\/04\/22\/salir-sempre-salir-inaugurata-oggi-la-mostra-documentaria-nellex-chiesa-restaurata-di-santa-maria-dei-battuti-a-belluno\/#primaryimage","url":"http:\/\/www.bellunopress.it\/wp-content\/uploads\/2010\/04\/salir-sempre-salir.jpg","contentUrl":"http:\/\/www.bellunopress.it\/wp-content\/uploads\/2010\/04\/salir-sempre-salir.jpg"},{"@type":"BreadcrumbList","@id":"https:\/\/www.bellunopress.it\/2010\/04\/22\/salir-sempre-salir-inaugurata-oggi-la-mostra-documentaria-nellex-chiesa-restaurata-di-santa-maria-dei-battuti-a-belluno\/#breadcrumb","itemListElement":[{"@type":"ListItem","position":1,"name":"Home","item":"https:\/\/www.bellunopress.it\/"},{"@type":"ListItem","position":2,"name":"Salir, sempre salir&#8230; inaugurata oggi la mostra documentaria nell&#8217;ex chiesa restaurata di Santa Maria dei battuti a Belluno"}]},{"@type":"WebSite","@id":"https:\/\/www.bellunopress.it\/#website","url":"https:\/\/www.bellunopress.it\/","name":"Bellunopress - Dolomiti","description":"e-mail: redazione@bellunopress.it","publisher":{"@id":"https:\/\/www.bellunopress.it\/#organization"},"potentialAction":[{"@type":"SearchAction","target":{"@type":"EntryPoint","urlTemplate":"https:\/\/www.bellunopress.it\/?s={search_term_string}"},"query-input":{"@type":"PropertyValueSpecification","valueRequired":true,"valueName":"search_term_string"}}],"inLanguage":"fr-FR"},{"@type":"Organization","@id":"https:\/\/www.bellunopress.it\/#organization","name":"Bellunopress","url":"https:\/\/www.bellunopress.it\/","logo":{"@type":"ImageObject","inLanguage":"fr-FR","@id":"https:\/\/www.bellunopress.it\/#\/schema\/logo\/image\/","url":"https:\/\/www.bellunopress.it\/wp-content\/uploads\/2011\/05\/cropped-logo-bellunopress-.jpg","contentUrl":"https:\/\/www.bellunopress.it\/wp-content\/uploads\/2011\/05\/cropped-logo-bellunopress-.jpg","width":512,"height":512,"caption":"Bellunopress"},"image":{"@id":"https:\/\/www.bellunopress.it\/#\/schema\/logo\/image\/"},"sameAs":["https:\/\/www.facebook.com\/profile.php?id=100008943462799","https:\/\/x.com\/bellunopress","https:\/\/www.linkedin.com\/hp\/?dnr=JBzUWaJfMUw8vbXJJ2tVW5-I3jZKvC4wsoxE&amp;amp;amp;amp;amp;amp;trk=nav_responsive_tab_home","https:\/\/www.youtube.com\/channel\/UCxL0wu1uN0_3_7hGG0306cw"]},{"@type":"Person","@id":"https:\/\/www.bellunopress.it\/#\/schema\/person\/79bb06722b37ece1c03d3e94beb30d73","name":"r\u00e9daction","image":{"@type":"ImageObject","inLanguage":"fr-FR","@id":"https:\/\/secure.gravatar.com\/avatar\/37d968a2e67a6fd04c169c4bdef102d0bc5d31b2546345219e348575eb80e9a0?s=96&d=mm&r=g","url":"https:\/\/secure.gravatar.com\/avatar\/37d968a2e67a6fd04c169c4bdef102d0bc5d31b2546345219e348575eb80e9a0?s=96&d=mm&r=g","contentUrl":"https:\/\/secure.gravatar.com\/avatar\/37d968a2e67a6fd04c169c4bdef102d0bc5d31b2546345219e348575eb80e9a0?s=96&d=mm&r=g","caption":"redazione"},"sameAs":["http:\/\/www.bellunopress.it","https:\/\/x.com\/bellunopress"],"url":"https:\/\/www.bellunopress.it\/fr\/author\/redazione\/"}]}},"_links":{"self":[{"href":"https:\/\/www.bellunopress.it\/fr\/wp-json\/wp\/v2\/posts\/14649","targetHints":{"allow":["GET"]}}],"collection":[{"href":"https:\/\/www.bellunopress.it\/fr\/wp-json\/wp\/v2\/posts"}],"about":[{"href":"https:\/\/www.bellunopress.it\/fr\/wp-json\/wp\/v2\/types\/post"}],"author":[{"embeddable":true,"href":"https:\/\/www.bellunopress.it\/fr\/wp-json\/wp\/v2\/users\/2"}],"replies":[{"embeddable":true,"href":"https:\/\/www.bellunopress.it\/fr\/wp-json\/wp\/v2\/comments?post=14649"}],"version-history":[{"count":1,"href":"https:\/\/www.bellunopress.it\/fr\/wp-json\/wp\/v2\/posts\/14649\/revisions"}],"predecessor-version":[{"id":14652,"href":"https:\/\/www.bellunopress.it\/fr\/wp-json\/wp\/v2\/posts\/14649\/revisions\/14652"}],"wp:attachment":[{"href":"https:\/\/www.bellunopress.it\/fr\/wp-json\/wp\/v2\/media?parent=14649"}],"wp:term":[{"taxonomy":"category","embeddable":true,"href":"https:\/\/www.bellunopress.it\/fr\/wp-json\/wp\/v2\/categories?post=14649"},{"taxonomy":"post_tag","embeddable":true,"href":"https:\/\/www.bellunopress.it\/fr\/wp-json\/wp\/v2\/tags?post=14649"}],"curies":[{"name":"wp","href":"https:\/\/api.w.org\/{rel}","templated":true}]}}