{"id":146484,"date":"2023-12-05T15:04:29","date_gmt":"2023-12-05T14:04:29","guid":{"rendered":"https:\/\/www.bellunopress.it\/?p=146484"},"modified":"2023-12-05T15:04:29","modified_gmt":"2023-12-05T14:04:29","slug":"milano-cortina-zanella-ci-aspettiamo-decisione-in-linea-con-agenda-olimpica-2020-cortina-una-debacle-cesana-un-film-gia-visto","status":"publish","type":"post","link":"https:\/\/www.bellunopress.it\/fr\/2023\/12\/05\/milano-cortina-zanella-ci-aspettiamo-decisione-in-linea-con-agenda-olimpica-2020-cortina-una-debacle-cesana-un-film-gia-visto\/","title":{"rendered":"Milano-Cortina, Zanella: ci aspettiamo decisione in linea con agenda Olimpica 2020.\u00a0Cortina una d\u00e9b\u00e2cle, Cesana un film gi\u00e0 visto"},"content":{"rendered":"<p><img loading=\"lazy\" decoding=\"async\" class=\"alignleft  wp-image-144179\" src=\"https:\/\/www.bellunopress.it\/wp-content\/uploads\/2023\/09\/Luana-Zanella-deputato.jpg\" alt=\"\" width=\"462\" height=\"361\" srcset=\"https:\/\/www.bellunopress.it\/wp-content\/uploads\/2023\/09\/Luana-Zanella-deputato.jpg 656w, https:\/\/www.bellunopress.it\/wp-content\/uploads\/2023\/09\/Luana-Zanella-deputato-500x391.jpg 500w, https:\/\/www.bellunopress.it\/wp-content\/uploads\/2023\/09\/Luana-Zanella-deputato-537x420.jpg 537w\" sizes=\"auto, (max-width: 462px) 100vw, 462px\" \/>Roma, 5 dicembre 2023\u00a0 \u2013 &#8220;Oggi dovrebbe essere un giorno importante per l&#8217;organizzazione delle Olimpiadi invernali che \u00e8 stata segnata da gravi errori. Ci aspettiamo che tutto venga superato con decisioni in linea con l&#8217;agenda Olimpica 2020 che detta gli orientamenti ecocompatibili per le infrastrutture necessarie allo svolgimento dei giochi&#8221;.<\/p>\n<p>Cos\u00ec Luana Zanella, capogruppo di Alleanza Verdi e Sinistra alla Camera.<\/p>\n<p>&#8220;L&#8217;opzione di costruire una pista da bob a Cortina \u00e8 stata una d\u00e9b\u00e2cle, come \u00e8 noto, mentre l&#8217;idea di usare Cesana \u00e8 un film gi\u00e0 visto: il Comitato olimpico ha gi\u00e0 detto che non ha un futuro gestibile, venne lasciata in stato di abbandono dopo appena sei anni dello svolgimento delle Olimpiadi di Torino 2006. Proprio con questa motivazione il Cio ha espresso un netto no all&#8217;ipotesi di recuperare l&#8217;impianto di Cesana e utilizzarlo per le Olimpiadi di Milano-Cortina del 2026.<\/p>\n<p>Senza infierire, si pu\u00f2 anche ricordare che l&#8217;operato dei vertici della Fondazione XX Marzo che aveva in gestione la cosiddetta eredit\u00e0 olimpica torinese \u00e8 al vaglio della Corte dei conti che scrive: Con la loro insipienza hanno messo in atto un totale, impietoso abbandono degli impianti sportivi, compromettendone irrimediabilmente il valore&#8217;. Auspichiamo dunque che la decisione di oggi sar\u00e0 coraggiosa, ecosostenibile, trasparente e che guardi solo al futuro del bene comune&#8221;.<\/p>","protected":false},"excerpt":{"rendered":"<p>Roma, 5 dicembre 2023\u00a0 \u2013 &#8220;Oggi dovrebbe essere un giorno importante per l&#8217;organizzazione delle Olimpiadi invernali che \u00e8 stata segnata da gravi errori. Ci aspettiamo che tutto venga superato con decisioni in linea con l&#8217;agenda Olimpica 2020 che detta gli orientamenti ecocompatibili per le infrastrutture necessarie allo svolgimento dei giochi&#8221;. Cos\u00ec Luana Zanella, capogruppo di [&hellip;]<\/p>\n","protected":false},"author":2,"featured_media":144179,"comment_status":"closed","ping_status":"open","sticky":false,"template":"","format":"standard","meta":{"footnotes":""},"categories":[5,36],"tags":[],"class_list":["post-146484","post","type-post","status-publish","format-standard","has-post-thumbnail","category-cronaca","category-lavoro-economia"],"yoast_head":"<!-- This site is optimized with the Yoast SEO plugin v28.4 - https:\/\/yoast.com\/product\/yoast-seo-wordpress\/ -->\n<title>Milano-Cortina, Zanella: ci aspettiamo decisione in linea con agenda Olimpica 2020.\u00a0Cortina una d\u00e9b\u00e2cle, Cesana un film gi\u00e0 visto - Bellunopress - Dolomiti<\/title>\n<meta name=\"robots\" content=\"index, follow, max-snippet:-1, max-image-preview:large, max-video-preview:-1\" \/>\n<link rel=\"canonical\" href=\"https:\/\/www.bellunopress.it\/fr\/2023\/12\/05\/milano-cortina-zanella-ci-aspettiamo-decisione-in-linea-con-agenda-olimpica-2020-cortina-una-debacle-cesana-un-film-gia-visto\/\" \/>\n<meta property=\"og:locale\" content=\"fr_FR\" \/>\n<meta property=\"og:type\" content=\"article\" \/>\n<meta property=\"og:title\" content=\"Milano-Cortina, Zanella: ci aspettiamo decisione in linea con agenda Olimpica 2020.\u00a0Cortina una d\u00e9b\u00e2cle, Cesana un film gi\u00e0 visto - Bellunopress - Dolomiti\" \/>\n<meta property=\"og:description\" content=\"Roma, 5 dicembre 2023\u00a0 \u2013 &#8220;Oggi dovrebbe essere un giorno importante per l&#8217;organizzazione delle Olimpiadi invernali che \u00e8 stata segnata da gravi errori. Ci aspettiamo che tutto venga superato con decisioni in linea con l&#8217;agenda Olimpica 2020 che detta gli orientamenti ecocompatibili per le infrastrutture necessarie allo svolgimento dei giochi&#8221;. Cos\u00ec Luana Zanella, capogruppo di [&hellip;]\" \/>\n<meta property=\"og:url\" content=\"https:\/\/www.bellunopress.it\/fr\/2023\/12\/05\/milano-cortina-zanella-ci-aspettiamo-decisione-in-linea-con-agenda-olimpica-2020-cortina-una-debacle-cesana-un-film-gia-visto\/\" \/>\n<meta property=\"og:site_name\" content=\"Bellunopress - Dolomiti\" \/>\n<meta property=\"article:publisher\" content=\"https:\/\/www.facebook.com\/profile.php?id=100008943462799\" \/>\n<meta property=\"article:published_time\" content=\"2023-12-05T14:04:29+00:00\" \/>\n<meta property=\"og:image\" content=\"https:\/\/www.bellunopress.it\/wp-content\/uploads\/2023\/09\/Luana-Zanella-deputato.jpg\" \/>\n\t<meta property=\"og:image:width\" content=\"656\" \/>\n\t<meta property=\"og:image:height\" content=\"513\" \/>\n\t<meta property=\"og:image:type\" content=\"image\/jpeg\" \/>\n<meta name=\"author\" content=\"redazione\" \/>\n<meta name=\"twitter:card\" content=\"summary_large_image\" \/>\n<meta name=\"twitter:creator\" content=\"@bellunopress\" \/>\n<meta name=\"twitter:site\" content=\"@bellunopress\" \/>\n<meta name=\"twitter:label1\" content=\"Written by\" \/>\n\t<meta name=\"twitter:data1\" content=\"redazione\" \/>\n\t<meta name=\"twitter:label2\" content=\"Est. reading time\" \/>\n\t<meta name=\"twitter:data2\" content=\"1 minute\" \/>\n<script type=\"application\/ld+json\" class=\"yoast-schema-graph\">{\"@context\":\"https:\\\/\\\/schema.org\",\"@graph\":[{\"@type\":\"Article\",\"@id\":\"https:\\\/\\\/www.bellunopress.it\\\/2023\\\/12\\\/05\\\/milano-cortina-zanella-ci-aspettiamo-decisione-in-linea-con-agenda-olimpica-2020-cortina-una-debacle-cesana-un-film-gia-visto\\\/#article\",\"isPartOf\":{\"@id\":\"https:\\\/\\\/www.bellunopress.it\\\/2023\\\/12\\\/05\\\/milano-cortina-zanella-ci-aspettiamo-decisione-in-linea-con-agenda-olimpica-2020-cortina-una-debacle-cesana-un-film-gia-visto\\\/\"},\"author\":{\"name\":\"redazione\",\"@id\":\"https:\\\/\\\/www.bellunopress.it\\\/#\\\/schema\\\/person\\\/79bb06722b37ece1c03d3e94beb30d73\"},\"headline\":\"Milano-Cortina, Zanella: ci aspettiamo decisione in linea con agenda Olimpica 2020.\u00a0Cortina una d\u00e9b\u00e2cle, Cesana un film gi\u00e0 visto\",\"datePublished\":\"2023-12-05T14:04:29+00:00\",\"mainEntityOfPage\":{\"@id\":\"https:\\\/\\\/www.bellunopress.it\\\/2023\\\/12\\\/05\\\/milano-cortina-zanella-ci-aspettiamo-decisione-in-linea-con-agenda-olimpica-2020-cortina-una-debacle-cesana-un-film-gia-visto\\\/\"},\"wordCount\":231,\"publisher\":{\"@id\":\"https:\\\/\\\/www.bellunopress.it\\\/#organization\"},\"image\":{\"@id\":\"https:\\\/\\\/www.bellunopress.it\\\/2023\\\/12\\\/05\\\/milano-cortina-zanella-ci-aspettiamo-decisione-in-linea-con-agenda-olimpica-2020-cortina-una-debacle-cesana-un-film-gia-visto\\\/#primaryimage\"},\"thumbnailUrl\":\"https:\\\/\\\/www.bellunopress.it\\\/wp-content\\\/uploads\\\/2023\\\/09\\\/Luana-Zanella-deputato.jpg\",\"articleSection\":[\"Cronaca\\\/Politica\",\"Lavoro, Economia, Turismo\"],\"inLanguage\":\"fr-FR\"},{\"@type\":\"WebPage\",\"@id\":\"https:\\\/\\\/www.bellunopress.it\\\/2023\\\/12\\\/05\\\/milano-cortina-zanella-ci-aspettiamo-decisione-in-linea-con-agenda-olimpica-2020-cortina-una-debacle-cesana-un-film-gia-visto\\\/\",\"url\":\"https:\\\/\\\/www.bellunopress.it\\\/2023\\\/12\\\/05\\\/milano-cortina-zanella-ci-aspettiamo-decisione-in-linea-con-agenda-olimpica-2020-cortina-una-debacle-cesana-un-film-gia-visto\\\/\",\"name\":\"Milano-Cortina, Zanella: ci aspettiamo decisione in linea con agenda Olimpica 2020.\u00a0Cortina una d\u00e9b\u00e2cle, Cesana un film gi\u00e0 visto - Bellunopress - Dolomiti\",\"isPartOf\":{\"@id\":\"https:\\\/\\\/www.bellunopress.it\\\/#website\"},\"primaryImageOfPage\":{\"@id\":\"https:\\\/\\\/www.bellunopress.it\\\/2023\\\/12\\\/05\\\/milano-cortina-zanella-ci-aspettiamo-decisione-in-linea-con-agenda-olimpica-2020-cortina-una-debacle-cesana-un-film-gia-visto\\\/#primaryimage\"},\"image\":{\"@id\":\"https:\\\/\\\/www.bellunopress.it\\\/2023\\\/12\\\/05\\\/milano-cortina-zanella-ci-aspettiamo-decisione-in-linea-con-agenda-olimpica-2020-cortina-una-debacle-cesana-un-film-gia-visto\\\/#primaryimage\"},\"thumbnailUrl\":\"https:\\\/\\\/www.bellunopress.it\\\/wp-content\\\/uploads\\\/2023\\\/09\\\/Luana-Zanella-deputato.jpg\",\"datePublished\":\"2023-12-05T14:04:29+00:00\",\"breadcrumb\":{\"@id\":\"https:\\\/\\\/www.bellunopress.it\\\/2023\\\/12\\\/05\\\/milano-cortina-zanella-ci-aspettiamo-decisione-in-linea-con-agenda-olimpica-2020-cortina-una-debacle-cesana-un-film-gia-visto\\\/#breadcrumb\"},\"inLanguage\":\"fr-FR\",\"potentialAction\":[{\"@type\":\"ReadAction\",\"target\":[\"https:\\\/\\\/www.bellunopress.it\\\/2023\\\/12\\\/05\\\/milano-cortina-zanella-ci-aspettiamo-decisione-in-linea-con-agenda-olimpica-2020-cortina-una-debacle-cesana-un-film-gia-visto\\\/\"]}]},{\"@type\":\"ImageObject\",\"inLanguage\":\"fr-FR\",\"@id\":\"https:\\\/\\\/www.bellunopress.it\\\/2023\\\/12\\\/05\\\/milano-cortina-zanella-ci-aspettiamo-decisione-in-linea-con-agenda-olimpica-2020-cortina-una-debacle-cesana-un-film-gia-visto\\\/#primaryimage\",\"url\":\"https:\\\/\\\/www.bellunopress.it\\\/wp-content\\\/uploads\\\/2023\\\/09\\\/Luana-Zanella-deputato.jpg\",\"contentUrl\":\"https:\\\/\\\/www.bellunopress.it\\\/wp-content\\\/uploads\\\/2023\\\/09\\\/Luana-Zanella-deputato.jpg\",\"width\":656,\"height\":513,\"caption\":\"Onorevole Luana Zanella, capogruppo di Alleanza Verdi Sinistra alla Camera dei Deputati\"},{\"@type\":\"BreadcrumbList\",\"@id\":\"https:\\\/\\\/www.bellunopress.it\\\/2023\\\/12\\\/05\\\/milano-cortina-zanella-ci-aspettiamo-decisione-in-linea-con-agenda-olimpica-2020-cortina-una-debacle-cesana-un-film-gia-visto\\\/#breadcrumb\",\"itemListElement\":[{\"@type\":\"ListItem\",\"position\":1,\"name\":\"Home\",\"item\":\"https:\\\/\\\/www.bellunopress.it\\\/\"},{\"@type\":\"ListItem\",\"position\":2,\"name\":\"Milano-Cortina, Zanella: ci aspettiamo decisione in linea con agenda Olimpica 2020.\u00a0Cortina una d\u00e9b\u00e2cle, Cesana un film gi\u00e0 visto\"}]},{\"@type\":\"WebSite\",\"@id\":\"https:\\\/\\\/www.bellunopress.it\\\/#website\",\"url\":\"https:\\\/\\\/www.bellunopress.it\\\/\",\"name\":\"Bellunopress - Dolomiti\",\"description\":\"e-mail: redazione@bellunopress.it\",\"publisher\":{\"@id\":\"https:\\\/\\\/www.bellunopress.it\\\/#organization\"},\"potentialAction\":[{\"@type\":\"SearchAction\",\"target\":{\"@type\":\"EntryPoint\",\"urlTemplate\":\"https:\\\/\\\/www.bellunopress.it\\\/?s={search_term_string}\"},\"query-input\":{\"@type\":\"PropertyValueSpecification\",\"valueRequired\":true,\"valueName\":\"search_term_string\"}}],\"inLanguage\":\"fr-FR\"},{\"@type\":\"Organization\",\"@id\":\"https:\\\/\\\/www.bellunopress.it\\\/#organization\",\"name\":\"Bellunopress\",\"url\":\"https:\\\/\\\/www.bellunopress.it\\\/\",\"logo\":{\"@type\":\"ImageObject\",\"inLanguage\":\"fr-FR\",\"@id\":\"https:\\\/\\\/www.bellunopress.it\\\/#\\\/schema\\\/logo\\\/image\\\/\",\"url\":\"https:\\\/\\\/www.bellunopress.it\\\/wp-content\\\/uploads\\\/2011\\\/05\\\/cropped-logo-bellunopress-.jpg\",\"contentUrl\":\"https:\\\/\\\/www.bellunopress.it\\\/wp-content\\\/uploads\\\/2011\\\/05\\\/cropped-logo-bellunopress-.jpg\",\"width\":512,\"height\":512,\"caption\":\"Bellunopress\"},\"image\":{\"@id\":\"https:\\\/\\\/www.bellunopress.it\\\/#\\\/schema\\\/logo\\\/image\\\/\"},\"sameAs\":[\"https:\\\/\\\/www.facebook.com\\\/profile.php?id=100008943462799\",\"https:\\\/\\\/x.com\\\/bellunopress\",\"https:\\\/\\\/www.linkedin.com\\\/hp\\\/?dnr=JBzUWaJfMUw8vbXJJ2tVW5-I3jZKvC4wsoxE&amp;amp;amp;amp;amp;amp;trk=nav_responsive_tab_home\",\"https:\\\/\\\/www.youtube.com\\\/channel\\\/UCxL0wu1uN0_3_7hGG0306cw\"]},{\"@type\":\"Person\",\"@id\":\"https:\\\/\\\/www.bellunopress.it\\\/#\\\/schema\\\/person\\\/79bb06722b37ece1c03d3e94beb30d73\",\"name\":\"redazione\",\"image\":{\"@type\":\"ImageObject\",\"inLanguage\":\"fr-FR\",\"@id\":\"https:\\\/\\\/secure.gravatar.com\\\/avatar\\\/37d968a2e67a6fd04c169c4bdef102d0bc5d31b2546345219e348575eb80e9a0?s=96&d=mm&r=g\",\"url\":\"https:\\\/\\\/secure.gravatar.com\\\/avatar\\\/37d968a2e67a6fd04c169c4bdef102d0bc5d31b2546345219e348575eb80e9a0?s=96&d=mm&r=g\",\"contentUrl\":\"https:\\\/\\\/secure.gravatar.com\\\/avatar\\\/37d968a2e67a6fd04c169c4bdef102d0bc5d31b2546345219e348575eb80e9a0?s=96&d=mm&r=g\",\"caption\":\"redazione\"},\"sameAs\":[\"http:\\\/\\\/www.bellunopress.it\",\"https:\\\/\\\/x.com\\\/bellunopress\"],\"url\":\"https:\\\/\\\/www.bellunopress.it\\\/fr\\\/author\\\/redazione\\\/\"}]}<\/script>\n<!-- \/ Yoast SEO plugin. -->","yoast_head_json":{"title":"Milano-Cortina, Zanella: ci aspettiamo decisione in linea con agenda Olimpica 2020.\u00a0Cortina una d\u00e9b\u00e2cle, Cesana un film gi\u00e0 visto - Bellunopress - Dolomiti","robots":{"index":"index","follow":"follow","max-snippet":"max-snippet:-1","max-image-preview":"max-image-preview:large","max-video-preview":"max-video-preview:-1"},"canonical":"https:\/\/www.bellunopress.it\/fr\/2023\/12\/05\/milano-cortina-zanella-ci-aspettiamo-decisione-in-linea-con-agenda-olimpica-2020-cortina-una-debacle-cesana-un-film-gia-visto\/","og_locale":"fr_FR","og_type":"article","og_title":"Milano-Cortina, Zanella: ci aspettiamo decisione in linea con agenda Olimpica 2020.\u00a0Cortina una d\u00e9b\u00e2cle, Cesana un film gi\u00e0 visto - Bellunopress - Dolomiti","og_description":"Roma, 5 dicembre 2023\u00a0 \u2013 &#8220;Oggi dovrebbe essere un giorno importante per l&#8217;organizzazione delle Olimpiadi invernali che \u00e8 stata segnata da gravi errori. Ci aspettiamo che tutto venga superato con decisioni in linea con l&#8217;agenda Olimpica 2020 che detta gli orientamenti ecocompatibili per le infrastrutture necessarie allo svolgimento dei giochi&#8221;. Cos\u00ec Luana Zanella, capogruppo di [&hellip;]","og_url":"https:\/\/www.bellunopress.it\/fr\/2023\/12\/05\/milano-cortina-zanella-ci-aspettiamo-decisione-in-linea-con-agenda-olimpica-2020-cortina-una-debacle-cesana-un-film-gia-visto\/","og_site_name":"Bellunopress - Dolomiti","article_publisher":"https:\/\/www.facebook.com\/profile.php?id=100008943462799","article_published_time":"2023-12-05T14:04:29+00:00","og_image":[{"width":656,"height":513,"url":"https:\/\/www.bellunopress.it\/wp-content\/uploads\/2023\/09\/Luana-Zanella-deputato.jpg","type":"image\/jpeg"}],"author":"redazione","twitter_card":"summary_large_image","twitter_creator":"@bellunopress","twitter_site":"@bellunopress","twitter_misc":{"Written by":"redazione","Est. reading time":"1 minute"},"schema":{"@context":"https:\/\/schema.org","@graph":[{"@type":"Article","@id":"https:\/\/www.bellunopress.it\/2023\/12\/05\/milano-cortina-zanella-ci-aspettiamo-decisione-in-linea-con-agenda-olimpica-2020-cortina-una-debacle-cesana-un-film-gia-visto\/#article","isPartOf":{"@id":"https:\/\/www.bellunopress.it\/2023\/12\/05\/milano-cortina-zanella-ci-aspettiamo-decisione-in-linea-con-agenda-olimpica-2020-cortina-una-debacle-cesana-un-film-gia-visto\/"},"author":{"name":"redazione","@id":"https:\/\/www.bellunopress.it\/#\/schema\/person\/79bb06722b37ece1c03d3e94beb30d73"},"headline":"Milano-Cortina, Zanella: ci aspettiamo decisione in linea con agenda Olimpica 2020.\u00a0Cortina una d\u00e9b\u00e2cle, Cesana un film gi\u00e0 visto","datePublished":"2023-12-05T14:04:29+00:00","mainEntityOfPage":{"@id":"https:\/\/www.bellunopress.it\/2023\/12\/05\/milano-cortina-zanella-ci-aspettiamo-decisione-in-linea-con-agenda-olimpica-2020-cortina-una-debacle-cesana-un-film-gia-visto\/"},"wordCount":231,"publisher":{"@id":"https:\/\/www.bellunopress.it\/#organization"},"image":{"@id":"https:\/\/www.bellunopress.it\/2023\/12\/05\/milano-cortina-zanella-ci-aspettiamo-decisione-in-linea-con-agenda-olimpica-2020-cortina-una-debacle-cesana-un-film-gia-visto\/#primaryimage"},"thumbnailUrl":"https:\/\/www.bellunopress.it\/wp-content\/uploads\/2023\/09\/Luana-Zanella-deputato.jpg","articleSection":["Cronaca\/Politica","Lavoro, Economia, Turismo"],"inLanguage":"fr-FR"},{"@type":"WebPage","@id":"https:\/\/www.bellunopress.it\/2023\/12\/05\/milano-cortina-zanella-ci-aspettiamo-decisione-in-linea-con-agenda-olimpica-2020-cortina-una-debacle-cesana-un-film-gia-visto\/","url":"https:\/\/www.bellunopress.it\/2023\/12\/05\/milano-cortina-zanella-ci-aspettiamo-decisione-in-linea-con-agenda-olimpica-2020-cortina-una-debacle-cesana-un-film-gia-visto\/","name":"Milano-Cortina, Zanella: ci aspettiamo decisione in linea con agenda Olimpica 2020.\u00a0Cortina una d\u00e9b\u00e2cle, Cesana un film gi\u00e0 visto - Bellunopress - Dolomiti","isPartOf":{"@id":"https:\/\/www.bellunopress.it\/#website"},"primaryImageOfPage":{"@id":"https:\/\/www.bellunopress.it\/2023\/12\/05\/milano-cortina-zanella-ci-aspettiamo-decisione-in-linea-con-agenda-olimpica-2020-cortina-una-debacle-cesana-un-film-gia-visto\/#primaryimage"},"image":{"@id":"https:\/\/www.bellunopress.it\/2023\/12\/05\/milano-cortina-zanella-ci-aspettiamo-decisione-in-linea-con-agenda-olimpica-2020-cortina-una-debacle-cesana-un-film-gia-visto\/#primaryimage"},"thumbnailUrl":"https:\/\/www.bellunopress.it\/wp-content\/uploads\/2023\/09\/Luana-Zanella-deputato.jpg","datePublished":"2023-12-05T14:04:29+00:00","breadcrumb":{"@id":"https:\/\/www.bellunopress.it\/2023\/12\/05\/milano-cortina-zanella-ci-aspettiamo-decisione-in-linea-con-agenda-olimpica-2020-cortina-una-debacle-cesana-un-film-gia-visto\/#breadcrumb"},"inLanguage":"fr-FR","potentialAction":[{"@type":"ReadAction","target":["https:\/\/www.bellunopress.it\/2023\/12\/05\/milano-cortina-zanella-ci-aspettiamo-decisione-in-linea-con-agenda-olimpica-2020-cortina-una-debacle-cesana-un-film-gia-visto\/"]}]},{"@type":"ImageObject","inLanguage":"fr-FR","@id":"https:\/\/www.bellunopress.it\/2023\/12\/05\/milano-cortina-zanella-ci-aspettiamo-decisione-in-linea-con-agenda-olimpica-2020-cortina-una-debacle-cesana-un-film-gia-visto\/#primaryimage","url":"https:\/\/www.bellunopress.it\/wp-content\/uploads\/2023\/09\/Luana-Zanella-deputato.jpg","contentUrl":"https:\/\/www.bellunopress.it\/wp-content\/uploads\/2023\/09\/Luana-Zanella-deputato.jpg","width":656,"height":513,"caption":"Onorevole Luana Zanella, capogruppo di Alleanza Verdi Sinistra alla Camera dei Deputati"},{"@type":"BreadcrumbList","@id":"https:\/\/www.bellunopress.it\/2023\/12\/05\/milano-cortina-zanella-ci-aspettiamo-decisione-in-linea-con-agenda-olimpica-2020-cortina-una-debacle-cesana-un-film-gia-visto\/#breadcrumb","itemListElement":[{"@type":"ListItem","position":1,"name":"Home","item":"https:\/\/www.bellunopress.it\/"},{"@type":"ListItem","position":2,"name":"Milano-Cortina, Zanella: ci aspettiamo decisione in linea con agenda Olimpica 2020.\u00a0Cortina una d\u00e9b\u00e2cle, Cesana un film gi\u00e0 visto"}]},{"@type":"WebSite","@id":"https:\/\/www.bellunopress.it\/#website","url":"https:\/\/www.bellunopress.it\/","name":"Bellunopress - Dolomiti","description":"e-mail: redazione@bellunopress.it","publisher":{"@id":"https:\/\/www.bellunopress.it\/#organization"},"potentialAction":[{"@type":"SearchAction","target":{"@type":"EntryPoint","urlTemplate":"https:\/\/www.bellunopress.it\/?s={search_term_string}"},"query-input":{"@type":"PropertyValueSpecification","valueRequired":true,"valueName":"search_term_string"}}],"inLanguage":"fr-FR"},{"@type":"Organization","@id":"https:\/\/www.bellunopress.it\/#organization","name":"Bellunopress","url":"https:\/\/www.bellunopress.it\/","logo":{"@type":"ImageObject","inLanguage":"fr-FR","@id":"https:\/\/www.bellunopress.it\/#\/schema\/logo\/image\/","url":"https:\/\/www.bellunopress.it\/wp-content\/uploads\/2011\/05\/cropped-logo-bellunopress-.jpg","contentUrl":"https:\/\/www.bellunopress.it\/wp-content\/uploads\/2011\/05\/cropped-logo-bellunopress-.jpg","width":512,"height":512,"caption":"Bellunopress"},"image":{"@id":"https:\/\/www.bellunopress.it\/#\/schema\/logo\/image\/"},"sameAs":["https:\/\/www.facebook.com\/profile.php?id=100008943462799","https:\/\/x.com\/bellunopress","https:\/\/www.linkedin.com\/hp\/?dnr=JBzUWaJfMUw8vbXJJ2tVW5-I3jZKvC4wsoxE&amp;amp;amp;amp;amp;amp;trk=nav_responsive_tab_home","https:\/\/www.youtube.com\/channel\/UCxL0wu1uN0_3_7hGG0306cw"]},{"@type":"Person","@id":"https:\/\/www.bellunopress.it\/#\/schema\/person\/79bb06722b37ece1c03d3e94beb30d73","name":"r\u00e9daction","image":{"@type":"ImageObject","inLanguage":"fr-FR","@id":"https:\/\/secure.gravatar.com\/avatar\/37d968a2e67a6fd04c169c4bdef102d0bc5d31b2546345219e348575eb80e9a0?s=96&d=mm&r=g","url":"https:\/\/secure.gravatar.com\/avatar\/37d968a2e67a6fd04c169c4bdef102d0bc5d31b2546345219e348575eb80e9a0?s=96&d=mm&r=g","contentUrl":"https:\/\/secure.gravatar.com\/avatar\/37d968a2e67a6fd04c169c4bdef102d0bc5d31b2546345219e348575eb80e9a0?s=96&d=mm&r=g","caption":"redazione"},"sameAs":["http:\/\/www.bellunopress.it","https:\/\/x.com\/bellunopress"],"url":"https:\/\/www.bellunopress.it\/fr\/author\/redazione\/"}]}},"_links":{"self":[{"href":"https:\/\/www.bellunopress.it\/fr\/wp-json\/wp\/v2\/posts\/146484","targetHints":{"allow":["GET"]}}],"collection":[{"href":"https:\/\/www.bellunopress.it\/fr\/wp-json\/wp\/v2\/posts"}],"about":[{"href":"https:\/\/www.bellunopress.it\/fr\/wp-json\/wp\/v2\/types\/post"}],"author":[{"embeddable":true,"href":"https:\/\/www.bellunopress.it\/fr\/wp-json\/wp\/v2\/users\/2"}],"replies":[{"embeddable":true,"href":"https:\/\/www.bellunopress.it\/fr\/wp-json\/wp\/v2\/comments?post=146484"}],"version-history":[{"count":1,"href":"https:\/\/www.bellunopress.it\/fr\/wp-json\/wp\/v2\/posts\/146484\/revisions"}],"predecessor-version":[{"id":146485,"href":"https:\/\/www.bellunopress.it\/fr\/wp-json\/wp\/v2\/posts\/146484\/revisions\/146485"}],"wp:featuredmedia":[{"embeddable":true,"href":"https:\/\/www.bellunopress.it\/fr\/wp-json\/wp\/v2\/media\/144179"}],"wp:attachment":[{"href":"https:\/\/www.bellunopress.it\/fr\/wp-json\/wp\/v2\/media?parent=146484"}],"wp:term":[{"taxonomy":"category","embeddable":true,"href":"https:\/\/www.bellunopress.it\/fr\/wp-json\/wp\/v2\/categories?post=146484"},{"taxonomy":"post_tag","embeddable":true,"href":"https:\/\/www.bellunopress.it\/fr\/wp-json\/wp\/v2\/tags?post=146484"}],"curies":[{"name":"wp","href":"https:\/\/api.w.org\/{rel}","templated":true}]}}