{"id":146482,"date":"2023-12-05T14:58:08","date_gmt":"2023-12-05T13:58:08","guid":{"rendered":"https:\/\/www.bellunopress.it\/?p=146482"},"modified":"2023-12-05T14:58:08","modified_gmt":"2023-12-05T13:58:08","slug":"sabato-a-belluno-in-piazza-martiri-il-natale-solidale","status":"publish","type":"post","link":"https:\/\/www.bellunopress.it\/fr\/2023\/12\/05\/sabato-a-belluno-in-piazza-martiri-il-natale-solidale\/","title":{"rendered":"Sabato a Belluno, in piazza Martiri, il Natale solidale"},"content":{"rendered":"<figure id=\"attachment_132740\" aria-describedby=\"caption-attachment-132740\" style=\"width: 1000px\" class=\"wp-caption alignleft\"><img loading=\"lazy\" decoding=\"async\" class=\"size-full wp-image-132740\" src=\"https:\/\/www.bellunopress.it\/wp-content\/uploads\/2022\/04\/piazza-dei-martiri-marzo-2022.jpg\" alt=\"\" width=\"1000\" height=\"750\" srcset=\"https:\/\/www.bellunopress.it\/wp-content\/uploads\/2022\/04\/piazza-dei-martiri-marzo-2022.jpg 1000w, https:\/\/www.bellunopress.it\/wp-content\/uploads\/2022\/04\/piazza-dei-martiri-marzo-2022-500x375.jpg 500w, https:\/\/www.bellunopress.it\/wp-content\/uploads\/2022\/04\/piazza-dei-martiri-marzo-2022-696x522.jpg 696w, https:\/\/www.bellunopress.it\/wp-content\/uploads\/2022\/04\/piazza-dei-martiri-marzo-2022-560x420.jpg 560w, https:\/\/www.bellunopress.it\/wp-content\/uploads\/2022\/04\/piazza-dei-martiri-marzo-2022-80x60.jpg 80w, https:\/\/www.bellunopress.it\/wp-content\/uploads\/2022\/04\/piazza-dei-martiri-marzo-2022-265x198.jpg 265w\" sizes=\"auto, (max-width: 1000px) 100vw, 1000px\" \/><figcaption id=\"caption-attachment-132740\" class=\"wp-caption-text\">Belluno, Piazza dei Martiri<\/figcaption><\/figure>\n<p><em><strong>Sindaco De Pellegrin: \u201cL\u2019occasione per sostenere le associazioni e ringraziarle\u201d<\/strong><\/em><\/p>\n<p>Compleanno a due cifre per il Natale Solidale: sabato mattina in piazza dei Martiri torna la storica manifestazione che, quest\u2019anno, festeggia la decima edizione. Con un numero di adesioni in crescita rispetto al 2022, sono infatti ben 24 le associazioni che hanno annunciato la propria presenza sabato lungo il liston, l\u2019evento si conferma un momento di incontro importante tra il mondo del volontariato e i cittadini. \u201cIl mondo del volontariato scende in piazza per farsi conoscere, sensibilizzare, rilanciare campagne e richiamarci ai veri valori del Natale \u2013 commenta il sindaco, Oscar De Pellegrin -. E\u2019 un\u2019occasione per guardare da vicino il lavoro enorme di questo esercito pacifico di volontari del bene che tutto l\u2019anno si muove in silenzio, opera e lotta, per aiutare il prossimo e favorire una societ\u00e0 sempre migliore\u201d.<\/p>\n<p>I gazebi delle associazioni saranno posizionati lungo il liston (lato piazza) e saranno aperti dalle 9 alle 13, sotto si potranno trovare informazioni e prodotti realizzati artigianalmente per finanziare, con offerte libere, le attivit\u00e0 di ogni Onlus. Le 24 associazioni aderenti sono: A.I.L \u2013 Associazione Italiana contro le Leucemie, AiTsam \u2013 Associazione italiana tutela salute mentale, AIDO \u2013 Associazione Italiana per la Donazione di Organi, Aism \u2013 Associazione italiana sclerosi multipla, Amici delle scuole in rete, APACA, Associazione Belluno Donna, Cucchini, Agd \u2013 Associazione giovani diabetici, Associazione Giuliano De Marchi per il Nepal, Associazione Scuola dell\u2019Infanzia San Gaetano, Centro per l&#8217;affido e solidariet\u00e0 familiare Ussl 1 di Belluno, Croce Rossa Italiana sezione di Belluno, Dolomiti Emergency, Emergency, FIAB &#8211; Federazione italiana ambiente e bicicletta, Insieme si pu\u00f2, Io tifo Sveva, La mongolfiera di Giorgia Onlus, La Vela Il giardino segreto, Libera \u2013 Associazione nomi e numeri contro le mafie, LILT sezione di Belluno \u2013 Lega italiana per la lotta contro i tumori, Missione TAU Onlus, Societ\u00e0 Nuova Scs.<\/p>\n<p>\u201cUn\u2019occasione per le associazioni di volontariato di farsi conoscere e di conoscersi tra loro, proponendo piccoli oggetti di artigianato che valorizzano la tradizione e il saper fare \u2013 commenta l\u2019assessore allo sport e agli eventi, Monica Mazzoccoli -. Fin dal nostro insediamento ho tenuto molto a portare avanti questa manifestazione nata ormai 10 anni fa, un evento che punta i fari sul mondo del volontariato e che vorrei far crescere ulteriormente nelle prossime edizioni, sia coinvolgendo un numero ancora maggiore di realt\u00e0 sia arricchendo la giornata con momenti di intrattenimento e di riflessione\u201d.<\/p>\n<p>Anche l\u2019edizione 2023 del Natale solidale sar\u00e0 arricchita da un momento musicale proposto da un gruppo di studenti dell\u2019indirizzo musicale del Liceo Renier. I ragazzi si posizioneranno davanti al palazzo ex Aci. \u201cMondo del volontariato e mondo dei giovani, con l\u2019artigianato e l\u2019arte, sabato condivideranno la stessa piazza e questo, al di l\u00e0 del momento di festa e di incontro \u2013 commenta l\u2019assessore Olivotto \u2013, \u00e8 per noi importante perch\u00e9 sottende un messaggio positivo, di speranza e di gioia. Il terzo settore e i giovani sono ci\u00f2 che una comunit\u00e0 deve coltivare e sostenere per migliorare e guardare al futuro con ottimismo\u201d.<\/p>","protected":false},"excerpt":{"rendered":"<p>Sindaco De Pellegrin: \u201cL\u2019occasione per sostenere le associazioni e ringraziarle\u201d Compleanno a due cifre per il Natale Solidale: sabato mattina in piazza dei Martiri torna la storica manifestazione che, quest\u2019anno, festeggia la decima edizione. Con un numero di adesioni in crescita rispetto al 2022, sono infatti ben 24 le associazioni che hanno annunciato la propria [&hellip;]<\/p>\n","protected":false},"author":2,"featured_media":132740,"comment_status":"closed","ping_status":"open","sticky":false,"template":"","format":"standard","meta":{"footnotes":""},"categories":[5,8],"tags":[],"class_list":["post-146482","post","type-post","status-publish","format-standard","has-post-thumbnail","category-cronaca","category-societa-istituzioni"],"yoast_head":"<!-- This site is optimized with the Yoast SEO plugin v28.4 - https:\/\/yoast.com\/product\/yoast-seo-wordpress\/ -->\n<title>Sabato a Belluno, in piazza Martiri, il Natale solidale - Bellunopress - Dolomiti<\/title>\n<meta name=\"robots\" content=\"index, follow, max-snippet:-1, max-image-preview:large, max-video-preview:-1\" \/>\n<link rel=\"canonical\" href=\"https:\/\/www.bellunopress.it\/fr\/2023\/12\/05\/sabato-a-belluno-in-piazza-martiri-il-natale-solidale\/\" \/>\n<meta property=\"og:locale\" content=\"fr_FR\" \/>\n<meta property=\"og:type\" content=\"article\" \/>\n<meta property=\"og:title\" content=\"Sabato a Belluno, in piazza Martiri, il Natale solidale - Bellunopress - Dolomiti\" \/>\n<meta property=\"og:description\" content=\"Sindaco De Pellegrin: \u201cL\u2019occasione per sostenere le associazioni e ringraziarle\u201d Compleanno a due cifre per il Natale Solidale: sabato mattina in piazza dei Martiri torna la storica manifestazione che, quest\u2019anno, festeggia la decima edizione. Con un numero di adesioni in crescita rispetto al 2022, sono infatti ben 24 le associazioni che hanno annunciato la propria [&hellip;]\" \/>\n<meta property=\"og:url\" content=\"https:\/\/www.bellunopress.it\/fr\/2023\/12\/05\/sabato-a-belluno-in-piazza-martiri-il-natale-solidale\/\" \/>\n<meta property=\"og:site_name\" content=\"Bellunopress - Dolomiti\" \/>\n<meta property=\"article:publisher\" content=\"https:\/\/www.facebook.com\/profile.php?id=100008943462799\" \/>\n<meta property=\"article:published_time\" content=\"2023-12-05T13:58:08+00:00\" \/>\n<meta property=\"og:image\" content=\"https:\/\/www.bellunopress.it\/wp-content\/uploads\/2022\/04\/piazza-dei-martiri-marzo-2022.jpg\" \/>\n\t<meta property=\"og:image:width\" content=\"1000\" \/>\n\t<meta property=\"og:image:height\" content=\"750\" \/>\n\t<meta property=\"og:image:type\" content=\"image\/jpeg\" \/>\n<meta name=\"author\" content=\"redazione\" \/>\n<meta name=\"twitter:card\" content=\"summary_large_image\" \/>\n<meta name=\"twitter:creator\" content=\"@bellunopress\" \/>\n<meta name=\"twitter:site\" content=\"@bellunopress\" \/>\n<meta name=\"twitter:label1\" content=\"Written by\" \/>\n\t<meta name=\"twitter:data1\" content=\"redazione\" \/>\n\t<meta name=\"twitter:label2\" content=\"Est. reading time\" \/>\n\t<meta name=\"twitter:data2\" content=\"3 minutes\" \/>\n<script type=\"application\/ld+json\" class=\"yoast-schema-graph\">{\"@context\":\"https:\\\/\\\/schema.org\",\"@graph\":[{\"@type\":\"Article\",\"@id\":\"https:\\\/\\\/www.bellunopress.it\\\/2023\\\/12\\\/05\\\/sabato-a-belluno-in-piazza-martiri-il-natale-solidale\\\/#article\",\"isPartOf\":{\"@id\":\"https:\\\/\\\/www.bellunopress.it\\\/2023\\\/12\\\/05\\\/sabato-a-belluno-in-piazza-martiri-il-natale-solidale\\\/\"},\"author\":{\"name\":\"redazione\",\"@id\":\"https:\\\/\\\/www.bellunopress.it\\\/#\\\/schema\\\/person\\\/79bb06722b37ece1c03d3e94beb30d73\"},\"headline\":\"Sabato a Belluno, in piazza Martiri, il Natale solidale\",\"datePublished\":\"2023-12-05T13:58:08+00:00\",\"mainEntityOfPage\":{\"@id\":\"https:\\\/\\\/www.bellunopress.it\\\/2023\\\/12\\\/05\\\/sabato-a-belluno-in-piazza-martiri-il-natale-solidale\\\/\"},\"wordCount\":520,\"publisher\":{\"@id\":\"https:\\\/\\\/www.bellunopress.it\\\/#organization\"},\"image\":{\"@id\":\"https:\\\/\\\/www.bellunopress.it\\\/2023\\\/12\\\/05\\\/sabato-a-belluno-in-piazza-martiri-il-natale-solidale\\\/#primaryimage\"},\"thumbnailUrl\":\"https:\\\/\\\/www.bellunopress.it\\\/wp-content\\\/uploads\\\/2022\\\/04\\\/piazza-dei-martiri-marzo-2022.jpg\",\"articleSection\":[\"Cronaca\\\/Politica\",\"Societ\u00e0, Associazioni, Istituzioni\"],\"inLanguage\":\"fr-FR\"},{\"@type\":\"WebPage\",\"@id\":\"https:\\\/\\\/www.bellunopress.it\\\/2023\\\/12\\\/05\\\/sabato-a-belluno-in-piazza-martiri-il-natale-solidale\\\/\",\"url\":\"https:\\\/\\\/www.bellunopress.it\\\/2023\\\/12\\\/05\\\/sabato-a-belluno-in-piazza-martiri-il-natale-solidale\\\/\",\"name\":\"Sabato a Belluno, in piazza Martiri, il Natale solidale - Bellunopress - Dolomiti\",\"isPartOf\":{\"@id\":\"https:\\\/\\\/www.bellunopress.it\\\/#website\"},\"primaryImageOfPage\":{\"@id\":\"https:\\\/\\\/www.bellunopress.it\\\/2023\\\/12\\\/05\\\/sabato-a-belluno-in-piazza-martiri-il-natale-solidale\\\/#primaryimage\"},\"image\":{\"@id\":\"https:\\\/\\\/www.bellunopress.it\\\/2023\\\/12\\\/05\\\/sabato-a-belluno-in-piazza-martiri-il-natale-solidale\\\/#primaryimage\"},\"thumbnailUrl\":\"https:\\\/\\\/www.bellunopress.it\\\/wp-content\\\/uploads\\\/2022\\\/04\\\/piazza-dei-martiri-marzo-2022.jpg\",\"datePublished\":\"2023-12-05T13:58:08+00:00\",\"breadcrumb\":{\"@id\":\"https:\\\/\\\/www.bellunopress.it\\\/2023\\\/12\\\/05\\\/sabato-a-belluno-in-piazza-martiri-il-natale-solidale\\\/#breadcrumb\"},\"inLanguage\":\"fr-FR\",\"potentialAction\":[{\"@type\":\"ReadAction\",\"target\":[\"https:\\\/\\\/www.bellunopress.it\\\/2023\\\/12\\\/05\\\/sabato-a-belluno-in-piazza-martiri-il-natale-solidale\\\/\"]}]},{\"@type\":\"ImageObject\",\"inLanguage\":\"fr-FR\",\"@id\":\"https:\\\/\\\/www.bellunopress.it\\\/2023\\\/12\\\/05\\\/sabato-a-belluno-in-piazza-martiri-il-natale-solidale\\\/#primaryimage\",\"url\":\"https:\\\/\\\/www.bellunopress.it\\\/wp-content\\\/uploads\\\/2022\\\/04\\\/piazza-dei-martiri-marzo-2022.jpg\",\"contentUrl\":\"https:\\\/\\\/www.bellunopress.it\\\/wp-content\\\/uploads\\\/2022\\\/04\\\/piazza-dei-martiri-marzo-2022.jpg\",\"width\":1000,\"height\":750,\"caption\":\"Belluno, Piazza dei Martiri\"},{\"@type\":\"BreadcrumbList\",\"@id\":\"https:\\\/\\\/www.bellunopress.it\\\/2023\\\/12\\\/05\\\/sabato-a-belluno-in-piazza-martiri-il-natale-solidale\\\/#breadcrumb\",\"itemListElement\":[{\"@type\":\"ListItem\",\"position\":1,\"name\":\"Home\",\"item\":\"https:\\\/\\\/www.bellunopress.it\\\/\"},{\"@type\":\"ListItem\",\"position\":2,\"name\":\"Sabato a Belluno, in piazza Martiri, il Natale solidale\"}]},{\"@type\":\"WebSite\",\"@id\":\"https:\\\/\\\/www.bellunopress.it\\\/#website\",\"url\":\"https:\\\/\\\/www.bellunopress.it\\\/\",\"name\":\"Bellunopress - Dolomiti\",\"description\":\"e-mail: redazione@bellunopress.it\",\"publisher\":{\"@id\":\"https:\\\/\\\/www.bellunopress.it\\\/#organization\"},\"potentialAction\":[{\"@type\":\"SearchAction\",\"target\":{\"@type\":\"EntryPoint\",\"urlTemplate\":\"https:\\\/\\\/www.bellunopress.it\\\/?s={search_term_string}\"},\"query-input\":{\"@type\":\"PropertyValueSpecification\",\"valueRequired\":true,\"valueName\":\"search_term_string\"}}],\"inLanguage\":\"fr-FR\"},{\"@type\":\"Organization\",\"@id\":\"https:\\\/\\\/www.bellunopress.it\\\/#organization\",\"name\":\"Bellunopress\",\"url\":\"https:\\\/\\\/www.bellunopress.it\\\/\",\"logo\":{\"@type\":\"ImageObject\",\"inLanguage\":\"fr-FR\",\"@id\":\"https:\\\/\\\/www.bellunopress.it\\\/#\\\/schema\\\/logo\\\/image\\\/\",\"url\":\"https:\\\/\\\/www.bellunopress.it\\\/wp-content\\\/uploads\\\/2011\\\/05\\\/cropped-logo-bellunopress-.jpg\",\"contentUrl\":\"https:\\\/\\\/www.bellunopress.it\\\/wp-content\\\/uploads\\\/2011\\\/05\\\/cropped-logo-bellunopress-.jpg\",\"width\":512,\"height\":512,\"caption\":\"Bellunopress\"},\"image\":{\"@id\":\"https:\\\/\\\/www.bellunopress.it\\\/#\\\/schema\\\/logo\\\/image\\\/\"},\"sameAs\":[\"https:\\\/\\\/www.facebook.com\\\/profile.php?id=100008943462799\",\"https:\\\/\\\/x.com\\\/bellunopress\",\"https:\\\/\\\/www.linkedin.com\\\/hp\\\/?dnr=JBzUWaJfMUw8vbXJJ2tVW5-I3jZKvC4wsoxE&amp;amp;amp;amp;amp;amp;trk=nav_responsive_tab_home\",\"https:\\\/\\\/www.youtube.com\\\/channel\\\/UCxL0wu1uN0_3_7hGG0306cw\"]},{\"@type\":\"Person\",\"@id\":\"https:\\\/\\\/www.bellunopress.it\\\/#\\\/schema\\\/person\\\/79bb06722b37ece1c03d3e94beb30d73\",\"name\":\"redazione\",\"image\":{\"@type\":\"ImageObject\",\"inLanguage\":\"fr-FR\",\"@id\":\"https:\\\/\\\/secure.gravatar.com\\\/avatar\\\/37d968a2e67a6fd04c169c4bdef102d0bc5d31b2546345219e348575eb80e9a0?s=96&d=mm&r=g\",\"url\":\"https:\\\/\\\/secure.gravatar.com\\\/avatar\\\/37d968a2e67a6fd04c169c4bdef102d0bc5d31b2546345219e348575eb80e9a0?s=96&d=mm&r=g\",\"contentUrl\":\"https:\\\/\\\/secure.gravatar.com\\\/avatar\\\/37d968a2e67a6fd04c169c4bdef102d0bc5d31b2546345219e348575eb80e9a0?s=96&d=mm&r=g\",\"caption\":\"redazione\"},\"sameAs\":[\"http:\\\/\\\/www.bellunopress.it\",\"https:\\\/\\\/x.com\\\/bellunopress\"],\"url\":\"https:\\\/\\\/www.bellunopress.it\\\/fr\\\/author\\\/redazione\\\/\"}]}<\/script>\n<!-- \/ Yoast SEO plugin. -->","yoast_head_json":{"title":"Sabato a Belluno, in piazza Martiri, il Natale solidale - Bellunopress - Dolomiti","robots":{"index":"index","follow":"follow","max-snippet":"max-snippet:-1","max-image-preview":"max-image-preview:large","max-video-preview":"max-video-preview:-1"},"canonical":"https:\/\/www.bellunopress.it\/fr\/2023\/12\/05\/sabato-a-belluno-in-piazza-martiri-il-natale-solidale\/","og_locale":"fr_FR","og_type":"article","og_title":"Sabato a Belluno, in piazza Martiri, il Natale solidale - Bellunopress - Dolomiti","og_description":"Sindaco De Pellegrin: \u201cL\u2019occasione per sostenere le associazioni e ringraziarle\u201d Compleanno a due cifre per il Natale Solidale: sabato mattina in piazza dei Martiri torna la storica manifestazione che, quest\u2019anno, festeggia la decima edizione. Con un numero di adesioni in crescita rispetto al 2022, sono infatti ben 24 le associazioni che hanno annunciato la propria [&hellip;]","og_url":"https:\/\/www.bellunopress.it\/fr\/2023\/12\/05\/sabato-a-belluno-in-piazza-martiri-il-natale-solidale\/","og_site_name":"Bellunopress - Dolomiti","article_publisher":"https:\/\/www.facebook.com\/profile.php?id=100008943462799","article_published_time":"2023-12-05T13:58:08+00:00","og_image":[{"width":1000,"height":750,"url":"https:\/\/www.bellunopress.it\/wp-content\/uploads\/2022\/04\/piazza-dei-martiri-marzo-2022.jpg","type":"image\/jpeg"}],"author":"redazione","twitter_card":"summary_large_image","twitter_creator":"@bellunopress","twitter_site":"@bellunopress","twitter_misc":{"Written by":"redazione","Est. reading time":"3 minutes"},"schema":{"@context":"https:\/\/schema.org","@graph":[{"@type":"Article","@id":"https:\/\/www.bellunopress.it\/2023\/12\/05\/sabato-a-belluno-in-piazza-martiri-il-natale-solidale\/#article","isPartOf":{"@id":"https:\/\/www.bellunopress.it\/2023\/12\/05\/sabato-a-belluno-in-piazza-martiri-il-natale-solidale\/"},"author":{"name":"redazione","@id":"https:\/\/www.bellunopress.it\/#\/schema\/person\/79bb06722b37ece1c03d3e94beb30d73"},"headline":"Sabato a Belluno, in piazza Martiri, il Natale solidale","datePublished":"2023-12-05T13:58:08+00:00","mainEntityOfPage":{"@id":"https:\/\/www.bellunopress.it\/2023\/12\/05\/sabato-a-belluno-in-piazza-martiri-il-natale-solidale\/"},"wordCount":520,"publisher":{"@id":"https:\/\/www.bellunopress.it\/#organization"},"image":{"@id":"https:\/\/www.bellunopress.it\/2023\/12\/05\/sabato-a-belluno-in-piazza-martiri-il-natale-solidale\/#primaryimage"},"thumbnailUrl":"https:\/\/www.bellunopress.it\/wp-content\/uploads\/2022\/04\/piazza-dei-martiri-marzo-2022.jpg","articleSection":["Cronaca\/Politica","Societ\u00e0, Associazioni, Istituzioni"],"inLanguage":"fr-FR"},{"@type":"WebPage","@id":"https:\/\/www.bellunopress.it\/2023\/12\/05\/sabato-a-belluno-in-piazza-martiri-il-natale-solidale\/","url":"https:\/\/www.bellunopress.it\/2023\/12\/05\/sabato-a-belluno-in-piazza-martiri-il-natale-solidale\/","name":"Sabato a Belluno, in piazza Martiri, il Natale solidale - Bellunopress - Dolomiti","isPartOf":{"@id":"https:\/\/www.bellunopress.it\/#website"},"primaryImageOfPage":{"@id":"https:\/\/www.bellunopress.it\/2023\/12\/05\/sabato-a-belluno-in-piazza-martiri-il-natale-solidale\/#primaryimage"},"image":{"@id":"https:\/\/www.bellunopress.it\/2023\/12\/05\/sabato-a-belluno-in-piazza-martiri-il-natale-solidale\/#primaryimage"},"thumbnailUrl":"https:\/\/www.bellunopress.it\/wp-content\/uploads\/2022\/04\/piazza-dei-martiri-marzo-2022.jpg","datePublished":"2023-12-05T13:58:08+00:00","breadcrumb":{"@id":"https:\/\/www.bellunopress.it\/2023\/12\/05\/sabato-a-belluno-in-piazza-martiri-il-natale-solidale\/#breadcrumb"},"inLanguage":"fr-FR","potentialAction":[{"@type":"ReadAction","target":["https:\/\/www.bellunopress.it\/2023\/12\/05\/sabato-a-belluno-in-piazza-martiri-il-natale-solidale\/"]}]},{"@type":"ImageObject","inLanguage":"fr-FR","@id":"https:\/\/www.bellunopress.it\/2023\/12\/05\/sabato-a-belluno-in-piazza-martiri-il-natale-solidale\/#primaryimage","url":"https:\/\/www.bellunopress.it\/wp-content\/uploads\/2022\/04\/piazza-dei-martiri-marzo-2022.jpg","contentUrl":"https:\/\/www.bellunopress.it\/wp-content\/uploads\/2022\/04\/piazza-dei-martiri-marzo-2022.jpg","width":1000,"height":750,"caption":"Belluno, Piazza dei Martiri"},{"@type":"BreadcrumbList","@id":"https:\/\/www.bellunopress.it\/2023\/12\/05\/sabato-a-belluno-in-piazza-martiri-il-natale-solidale\/#breadcrumb","itemListElement":[{"@type":"ListItem","position":1,"name":"Home","item":"https:\/\/www.bellunopress.it\/"},{"@type":"ListItem","position":2,"name":"Sabato a Belluno, in piazza Martiri, il Natale solidale"}]},{"@type":"WebSite","@id":"https:\/\/www.bellunopress.it\/#website","url":"https:\/\/www.bellunopress.it\/","name":"Bellunopress - Dolomiti","description":"e-mail: redazione@bellunopress.it","publisher":{"@id":"https:\/\/www.bellunopress.it\/#organization"},"potentialAction":[{"@type":"SearchAction","target":{"@type":"EntryPoint","urlTemplate":"https:\/\/www.bellunopress.it\/?s={search_term_string}"},"query-input":{"@type":"PropertyValueSpecification","valueRequired":true,"valueName":"search_term_string"}}],"inLanguage":"fr-FR"},{"@type":"Organization","@id":"https:\/\/www.bellunopress.it\/#organization","name":"Bellunopress","url":"https:\/\/www.bellunopress.it\/","logo":{"@type":"ImageObject","inLanguage":"fr-FR","@id":"https:\/\/www.bellunopress.it\/#\/schema\/logo\/image\/","url":"https:\/\/www.bellunopress.it\/wp-content\/uploads\/2011\/05\/cropped-logo-bellunopress-.jpg","contentUrl":"https:\/\/www.bellunopress.it\/wp-content\/uploads\/2011\/05\/cropped-logo-bellunopress-.jpg","width":512,"height":512,"caption":"Bellunopress"},"image":{"@id":"https:\/\/www.bellunopress.it\/#\/schema\/logo\/image\/"},"sameAs":["https:\/\/www.facebook.com\/profile.php?id=100008943462799","https:\/\/x.com\/bellunopress","https:\/\/www.linkedin.com\/hp\/?dnr=JBzUWaJfMUw8vbXJJ2tVW5-I3jZKvC4wsoxE&amp;amp;amp;amp;amp;amp;trk=nav_responsive_tab_home","https:\/\/www.youtube.com\/channel\/UCxL0wu1uN0_3_7hGG0306cw"]},{"@type":"Person","@id":"https:\/\/www.bellunopress.it\/#\/schema\/person\/79bb06722b37ece1c03d3e94beb30d73","name":"r\u00e9daction","image":{"@type":"ImageObject","inLanguage":"fr-FR","@id":"https:\/\/secure.gravatar.com\/avatar\/37d968a2e67a6fd04c169c4bdef102d0bc5d31b2546345219e348575eb80e9a0?s=96&d=mm&r=g","url":"https:\/\/secure.gravatar.com\/avatar\/37d968a2e67a6fd04c169c4bdef102d0bc5d31b2546345219e348575eb80e9a0?s=96&d=mm&r=g","contentUrl":"https:\/\/secure.gravatar.com\/avatar\/37d968a2e67a6fd04c169c4bdef102d0bc5d31b2546345219e348575eb80e9a0?s=96&d=mm&r=g","caption":"redazione"},"sameAs":["http:\/\/www.bellunopress.it","https:\/\/x.com\/bellunopress"],"url":"https:\/\/www.bellunopress.it\/fr\/author\/redazione\/"}]}},"_links":{"self":[{"href":"https:\/\/www.bellunopress.it\/fr\/wp-json\/wp\/v2\/posts\/146482","targetHints":{"allow":["GET"]}}],"collection":[{"href":"https:\/\/www.bellunopress.it\/fr\/wp-json\/wp\/v2\/posts"}],"about":[{"href":"https:\/\/www.bellunopress.it\/fr\/wp-json\/wp\/v2\/types\/post"}],"author":[{"embeddable":true,"href":"https:\/\/www.bellunopress.it\/fr\/wp-json\/wp\/v2\/users\/2"}],"replies":[{"embeddable":true,"href":"https:\/\/www.bellunopress.it\/fr\/wp-json\/wp\/v2\/comments?post=146482"}],"version-history":[{"count":1,"href":"https:\/\/www.bellunopress.it\/fr\/wp-json\/wp\/v2\/posts\/146482\/revisions"}],"predecessor-version":[{"id":146483,"href":"https:\/\/www.bellunopress.it\/fr\/wp-json\/wp\/v2\/posts\/146482\/revisions\/146483"}],"wp:featuredmedia":[{"embeddable":true,"href":"https:\/\/www.bellunopress.it\/fr\/wp-json\/wp\/v2\/media\/132740"}],"wp:attachment":[{"href":"https:\/\/www.bellunopress.it\/fr\/wp-json\/wp\/v2\/media?parent=146482"}],"wp:term":[{"taxonomy":"category","embeddable":true,"href":"https:\/\/www.bellunopress.it\/fr\/wp-json\/wp\/v2\/categories?post=146482"},{"taxonomy":"post_tag","embeddable":true,"href":"https:\/\/www.bellunopress.it\/fr\/wp-json\/wp\/v2\/tags?post=146482"}],"curies":[{"name":"wp","href":"https:\/\/api.w.org\/{rel}","templated":true}]}}