{"id":146478,"date":"2023-12-05T13:13:03","date_gmt":"2023-12-05T12:13:03","guid":{"rendered":"https:\/\/www.bellunopress.it\/?p=146478"},"modified":"2023-12-05T13:13:03","modified_gmt":"2023-12-05T12:13:03","slug":"torna-lesposizione-internazionale-anfi-il-9-e-10-dicembre-a-padova-sfilano-bellezza-e-solidarieta","status":"publish","type":"post","link":"https:\/\/www.bellunopress.it\/fr\/2023\/12\/05\/torna-lesposizione-internazionale-anfi-il-9-e-10-dicembre-a-padova-sfilano-bellezza-e-solidarieta\/","title":{"rendered":"Torna l&#8217;Esposizione internazionale ANFI. Il 9 e 10 dicembre, a Padova, sfilano bellezza e solidariet\u00e0"},"content":{"rendered":"<p><em><strong><img loading=\"lazy\" decoding=\"async\" class=\"alignleft size-full wp-image-146479\" src=\"https:\/\/www.bellunopress.it\/wp-content\/uploads\/2023\/12\/gatto-Ottomezzi-expo-felina-padova-2022.jpg\" alt=\"\" width=\"577\" height=\"428\" srcset=\"https:\/\/www.bellunopress.it\/wp-content\/uploads\/2023\/12\/gatto-Ottomezzi-expo-felina-padova-2022.jpg 577w, https:\/\/www.bellunopress.it\/wp-content\/uploads\/2023\/12\/gatto-Ottomezzi-expo-felina-padova-2022-500x371.jpg 500w, https:\/\/www.bellunopress.it\/wp-content\/uploads\/2023\/12\/gatto-Ottomezzi-expo-felina-padova-2022-485x360.jpg 485w\" sizes=\"auto, (max-width: 577px) 100vw, 577px\" \/>Gatti di razza da tutta Europa a sostegno di gattili e colonie feline padovane. E da Treviso arrivano i giganti Maine Coon<\/strong><\/em><\/p>\n<p>&nbsp;<\/p>\n<p><em>Negli impianti sportivi di Selvazzano Dentro, centinaia di esemplari e campioni da Italia, Francia, Croazia e Slovenia. Ingresso bambini gratis fino ai 6 anni. Ridotto a 5 euro. Aperta la biglietteria online<\/em><\/p>\n<p>Bellezza e solidariet\u00e0 accendono le festivit\u00e0 natalizie 2023. \u00c8 partito il conto alla rovescia. Il regno felino sar\u00e0 protagonista del ponte dell&#8217;Immacolata. Il 9 e 10 dicembre, a Padova, arriveranno centinaia di gatti di razza provenienti da tutta Europa, in particolare da Francia, Croazia e Slovenia. E ancora da Asti, Imperia, Firenze, Milano, Genova, Macerata, Brindisi e da Treviso, che porter\u00e0 in expo i giganti Maine Coon. Negli impianti sportivi di Selvazzano Dentro, veri e propri campioni si contenderanno lo scettro, compresi i vincitori del titolo mondiale di Strasburgo. Star pronte a conquistare il pubblico e a raccogliere pappe e fondi per i mici meno fortunati.<\/p>\n<p>Torna l&#8217;esposizione internazionale organizzata dalla sezione veneta di ANFI, Associazione Nazionale Felina Italiana. Quest&#8217;anno con uno scopo solidale. La due giorni, infatti, sar\u00e0 una bella occasione per vivere i primi giorni di festa in famiglia. Grandi e piccoli potranno vedere mici di tutte le razze, i pi\u00f9 bei cuccioli e adulti d&#8217;Europa. E, allo stesso tempo, sostenere i gattili e le colonie feline padovane.<\/p>\n<p>Solidariet\u00e0. In Expo sar\u00e0 presente uno stand dove verranno raccolti cibo, lettiere, sabbia che verranno donati alle associazioni del territorio. Un bel regalo di Natale per i gatti di strada, mici che attendono di essere adottati e di trovare una famiglia. Tutti i visitatori potranno portare con s\u00e9 qualcosa da lasciare allo stand, cos\u00ec come sar\u00e0 possibile comprare direttamente all&#8217;interno della manifestazione. Ma non solo. Parte del ricavato dell&#8217;Esposizione internazionale sar\u00e0 devoluto ai gattili per coprire le spese mediche straordinarie, come vaccinazioni e interventi chirurgici.<\/p>\n<p>&#8220;Come allevatori vogliamo sostenere anche i mici meno fortunati e le associazioni che tanto si prodigano per salvare i gatti di strada &#8211; afferma la presidente Anfi del Veneto Laura Bocchi -. Fin da inizio mandato mi sono impegnata affinch\u00e9 Anfi Veneto, associazione che conta 200 soci nelle 7 province della nostra regione, aiutasse tutte quelle realt\u00e0 che si occupano dei felini. Colonie e gattili sono riconosciuti dalla legge ma non hanno sostegni economici, crediamo quindi sia importante che gli allevatori contribuiscano necessariamente anche a salvare i mici abbandonati, sostenendo il lavoro di tanti instancabili volontari. L&#8217;appello che voglio lanciare \u00e8 che ogni allevatore, quando vende un cucciolo, inviti i nuovi proprietari a recarsi in un gattile e adottare l\u00ec un gatto come ulteriore nuovo membro della famiglia&#8221;.<\/p>\n<p>Expo. Durante i due giorni saranno presenti dai buffi British e Devon Rex, agli enormi Maine Coon, fino ai leopardati Bengal, e ancora Certosini, Sphynx, Norvegesi delle Foreste, Blu di Russia. Un tripudio di bellezza ed eleganza. Un&#8217;opportunit\u00e0 per vedere da vicino magnifici esemplari cos\u00ec come per chiedere informazioni, curiosit\u00e0 ad allevatori e veterinari esperti. Il pubblico potr\u00e0 assistere anche alle sfilate e ai giudizi che vedranno impegnata una giuria internazionale, formata da Britta Busse dalla Germania, Marek Chadaj e Miroslaw Skotarczyk dalla Polonia, Gianfranco Mantovani e Alessandro Ghibaudo dall&#8217;Italia. Oltre a due allievi giudici in formazione. I visitatori parteciperanno alle premiazioni in diretta e ai Best in Show, che coinvolgeranno soprattutto i pi\u00f9 piccoli.<\/p>\n<p>Stand. All&#8217;interno della expo, che si terr\u00e0 negli impianti sportivi &#8220;Antonio Ceron&#8221;, in via Euganea 52, saranno presenti anche stand che esporranno simpatici gadget e accessori, l&#8217;occasione giusta per iniziare a pensare ai regali di Natale o per acquistare qualcosa da devolvere ai gattili. Cos\u00ec come spazi dove sar\u00e0 possibile chiedere consigli e pareri su una corretta alimentazione per i propri amici a quattro zampe. All&#8217;interno della mostra felina sar\u00e0 presente anche un punto bar e ristoro.<\/p>\n<p>L&#8217;esposizione sar\u00e0 aperta al pubblico dalle 10 alle 18, con orario continuato. Il biglietto \u00e8 gratuito per i bambini fino a 6 anni, per i portatori di invalidit\u00e0 dal 75% e per i tesserati Anfi; ridotto a 5 euro per i ragazzi dai 6 ai 12 anni, per gli universitari muniti di tessera e documento di riconoscimento e per gli over 70; 8 euro l&#8217;ingresso intero. Per evitare code o inutili attese, \u00e8 aperta la biglietteria online al link https:\/\/www.ticketgate.it\/festival\/international-cat-show-anfi-veneto\/.<\/p>\n<p>&nbsp;<\/p>\n<p>L&#8217;esposizione internazionale felina \u00e8 realizzata con il patrocinio del Comune di Selvazzano Dentro e di Selvazan. Sponsor: GimCat, BioKat&#8217;s, Vitakraft, Prolife, Bioxigen, Aries Bio pet cosmetic, Athema, Vioxten.<\/p>\n<p>Sulla pagina facebook e sul sito www.anfiveneto.com tutte le informazioni.<\/p>","protected":false},"excerpt":{"rendered":"<p>Gatti di razza da tutta Europa a sostegno di gattili e colonie feline padovane. E da Treviso arrivano i giganti Maine Coon &nbsp; Negli impianti sportivi di Selvazzano Dentro, centinaia di esemplari e campioni da Italia, Francia, Croazia e Slovenia. Ingresso bambini gratis fino ai 6 anni. Ridotto a 5 euro. Aperta la biglietteria online [&hellip;]<\/p>\n","protected":false},"author":2,"featured_media":146479,"comment_status":"closed","ping_status":"open","sticky":false,"template":"","format":"standard","meta":{"footnotes":""},"categories":[38],"tags":[],"class_list":["post-146478","post","type-post","status-publish","format-standard","has-post-thumbnail","category-natura-ambiente"],"yoast_head":"<!-- This site is optimized with the Yoast SEO plugin v28.4 - https:\/\/yoast.com\/product\/yoast-seo-wordpress\/ -->\n<title>Torna l&#039;Esposizione internazionale ANFI. Il 9 e 10 dicembre, a Padova, sfilano bellezza e solidariet\u00e0 - Bellunopress - Dolomiti<\/title>\n<meta name=\"robots\" content=\"index, follow, max-snippet:-1, max-image-preview:large, max-video-preview:-1\" \/>\n<link rel=\"canonical\" href=\"https:\/\/www.bellunopress.it\/fr\/2023\/12\/05\/torna-lesposizione-internazionale-anfi-il-9-e-10-dicembre-a-padova-sfilano-bellezza-e-solidarieta\/\" \/>\n<meta property=\"og:locale\" content=\"fr_FR\" \/>\n<meta property=\"og:type\" content=\"article\" \/>\n<meta property=\"og:title\" content=\"Torna l&#039;Esposizione internazionale ANFI. Il 9 e 10 dicembre, a Padova, sfilano bellezza e solidariet\u00e0 - Bellunopress - Dolomiti\" \/>\n<meta property=\"og:description\" content=\"Gatti di razza da tutta Europa a sostegno di gattili e colonie feline padovane. E da Treviso arrivano i giganti Maine Coon &nbsp; Negli impianti sportivi di Selvazzano Dentro, centinaia di esemplari e campioni da Italia, Francia, Croazia e Slovenia. Ingresso bambini gratis fino ai 6 anni. Ridotto a 5 euro. Aperta la biglietteria online [&hellip;]\" \/>\n<meta property=\"og:url\" content=\"https:\/\/www.bellunopress.it\/fr\/2023\/12\/05\/torna-lesposizione-internazionale-anfi-il-9-e-10-dicembre-a-padova-sfilano-bellezza-e-solidarieta\/\" \/>\n<meta property=\"og:site_name\" content=\"Bellunopress - Dolomiti\" \/>\n<meta property=\"article:publisher\" content=\"https:\/\/www.facebook.com\/profile.php?id=100008943462799\" \/>\n<meta property=\"article:published_time\" content=\"2023-12-05T12:13:03+00:00\" \/>\n<meta property=\"og:image\" content=\"https:\/\/www.bellunopress.it\/wp-content\/uploads\/2023\/12\/gatto-Ottomezzi-expo-felina-padova-2022.jpg\" \/>\n\t<meta property=\"og:image:width\" content=\"577\" \/>\n\t<meta property=\"og:image:height\" content=\"428\" \/>\n\t<meta property=\"og:image:type\" content=\"image\/jpeg\" \/>\n<meta name=\"author\" content=\"redazione\" \/>\n<meta name=\"twitter:card\" content=\"summary_large_image\" \/>\n<meta name=\"twitter:creator\" content=\"@bellunopress\" \/>\n<meta name=\"twitter:site\" content=\"@bellunopress\" \/>\n<meta name=\"twitter:label1\" content=\"\u00c9crit par\" \/>\n\t<meta name=\"twitter:data1\" content=\"redazione\" \/>\n\t<meta name=\"twitter:label2\" content=\"Dur\u00e9e de lecture estim\u00e9e\" \/>\n\t<meta name=\"twitter:data2\" content=\"4 minutes\" \/>\n<script type=\"application\/ld+json\" class=\"yoast-schema-graph\">{\"@context\":\"https:\\\/\\\/schema.org\",\"@graph\":[{\"@type\":\"Article\",\"@id\":\"https:\\\/\\\/www.bellunopress.it\\\/2023\\\/12\\\/05\\\/torna-lesposizione-internazionale-anfi-il-9-e-10-dicembre-a-padova-sfilano-bellezza-e-solidarieta\\\/#article\",\"isPartOf\":{\"@id\":\"https:\\\/\\\/www.bellunopress.it\\\/2023\\\/12\\\/05\\\/torna-lesposizione-internazionale-anfi-il-9-e-10-dicembre-a-padova-sfilano-bellezza-e-solidarieta\\\/\"},\"author\":{\"name\":\"redazione\",\"@id\":\"https:\\\/\\\/www.bellunopress.it\\\/#\\\/schema\\\/person\\\/79bb06722b37ece1c03d3e94beb30d73\"},\"headline\":\"Torna l&#8217;Esposizione internazionale ANFI. Il 9 e 10 dicembre, a Padova, sfilano bellezza e solidariet\u00e0\",\"datePublished\":\"2023-12-05T12:13:03+00:00\",\"mainEntityOfPage\":{\"@id\":\"https:\\\/\\\/www.bellunopress.it\\\/2023\\\/12\\\/05\\\/torna-lesposizione-internazionale-anfi-il-9-e-10-dicembre-a-padova-sfilano-bellezza-e-solidarieta\\\/\"},\"wordCount\":764,\"publisher\":{\"@id\":\"https:\\\/\\\/www.bellunopress.it\\\/#organization\"},\"image\":{\"@id\":\"https:\\\/\\\/www.bellunopress.it\\\/2023\\\/12\\\/05\\\/torna-lesposizione-internazionale-anfi-il-9-e-10-dicembre-a-padova-sfilano-bellezza-e-solidarieta\\\/#primaryimage\"},\"thumbnailUrl\":\"https:\\\/\\\/www.bellunopress.it\\\/wp-content\\\/uploads\\\/2023\\\/12\\\/gatto-Ottomezzi-expo-felina-padova-2022.jpg\",\"articleSection\":[\"Meteo, natura, ambiente, animali\"],\"inLanguage\":\"fr-FR\"},{\"@type\":\"WebPage\",\"@id\":\"https:\\\/\\\/www.bellunopress.it\\\/2023\\\/12\\\/05\\\/torna-lesposizione-internazionale-anfi-il-9-e-10-dicembre-a-padova-sfilano-bellezza-e-solidarieta\\\/\",\"url\":\"https:\\\/\\\/www.bellunopress.it\\\/2023\\\/12\\\/05\\\/torna-lesposizione-internazionale-anfi-il-9-e-10-dicembre-a-padova-sfilano-bellezza-e-solidarieta\\\/\",\"name\":\"Torna l'Esposizione internazionale ANFI. Il 9 e 10 dicembre, a Padova, sfilano bellezza e solidariet\u00e0 - Bellunopress - Dolomiti\",\"isPartOf\":{\"@id\":\"https:\\\/\\\/www.bellunopress.it\\\/#website\"},\"primaryImageOfPage\":{\"@id\":\"https:\\\/\\\/www.bellunopress.it\\\/2023\\\/12\\\/05\\\/torna-lesposizione-internazionale-anfi-il-9-e-10-dicembre-a-padova-sfilano-bellezza-e-solidarieta\\\/#primaryimage\"},\"image\":{\"@id\":\"https:\\\/\\\/www.bellunopress.it\\\/2023\\\/12\\\/05\\\/torna-lesposizione-internazionale-anfi-il-9-e-10-dicembre-a-padova-sfilano-bellezza-e-solidarieta\\\/#primaryimage\"},\"thumbnailUrl\":\"https:\\\/\\\/www.bellunopress.it\\\/wp-content\\\/uploads\\\/2023\\\/12\\\/gatto-Ottomezzi-expo-felina-padova-2022.jpg\",\"datePublished\":\"2023-12-05T12:13:03+00:00\",\"breadcrumb\":{\"@id\":\"https:\\\/\\\/www.bellunopress.it\\\/2023\\\/12\\\/05\\\/torna-lesposizione-internazionale-anfi-il-9-e-10-dicembre-a-padova-sfilano-bellezza-e-solidarieta\\\/#breadcrumb\"},\"inLanguage\":\"fr-FR\",\"potentialAction\":[{\"@type\":\"ReadAction\",\"target\":[\"https:\\\/\\\/www.bellunopress.it\\\/2023\\\/12\\\/05\\\/torna-lesposizione-internazionale-anfi-il-9-e-10-dicembre-a-padova-sfilano-bellezza-e-solidarieta\\\/\"]}]},{\"@type\":\"ImageObject\",\"inLanguage\":\"fr-FR\",\"@id\":\"https:\\\/\\\/www.bellunopress.it\\\/2023\\\/12\\\/05\\\/torna-lesposizione-internazionale-anfi-il-9-e-10-dicembre-a-padova-sfilano-bellezza-e-solidarieta\\\/#primaryimage\",\"url\":\"https:\\\/\\\/www.bellunopress.it\\\/wp-content\\\/uploads\\\/2023\\\/12\\\/gatto-Ottomezzi-expo-felina-padova-2022.jpg\",\"contentUrl\":\"https:\\\/\\\/www.bellunopress.it\\\/wp-content\\\/uploads\\\/2023\\\/12\\\/gatto-Ottomezzi-expo-felina-padova-2022.jpg\",\"width\":577,\"height\":428},{\"@type\":\"BreadcrumbList\",\"@id\":\"https:\\\/\\\/www.bellunopress.it\\\/2023\\\/12\\\/05\\\/torna-lesposizione-internazionale-anfi-il-9-e-10-dicembre-a-padova-sfilano-bellezza-e-solidarieta\\\/#breadcrumb\",\"itemListElement\":[{\"@type\":\"ListItem\",\"position\":1,\"name\":\"Home\",\"item\":\"https:\\\/\\\/www.bellunopress.it\\\/\"},{\"@type\":\"ListItem\",\"position\":2,\"name\":\"Torna l&#8217;Esposizione internazionale ANFI. Il 9 e 10 dicembre, a Padova, sfilano bellezza e solidariet\u00e0\"}]},{\"@type\":\"WebSite\",\"@id\":\"https:\\\/\\\/www.bellunopress.it\\\/#website\",\"url\":\"https:\\\/\\\/www.bellunopress.it\\\/\",\"name\":\"Bellunopress - Dolomiti\",\"description\":\"e-mail: redazione@bellunopress.it\",\"publisher\":{\"@id\":\"https:\\\/\\\/www.bellunopress.it\\\/#organization\"},\"potentialAction\":[{\"@type\":\"SearchAction\",\"target\":{\"@type\":\"EntryPoint\",\"urlTemplate\":\"https:\\\/\\\/www.bellunopress.it\\\/?s={search_term_string}\"},\"query-input\":{\"@type\":\"PropertyValueSpecification\",\"valueRequired\":true,\"valueName\":\"search_term_string\"}}],\"inLanguage\":\"fr-FR\"},{\"@type\":\"Organization\",\"@id\":\"https:\\\/\\\/www.bellunopress.it\\\/#organization\",\"name\":\"Bellunopress\",\"url\":\"https:\\\/\\\/www.bellunopress.it\\\/\",\"logo\":{\"@type\":\"ImageObject\",\"inLanguage\":\"fr-FR\",\"@id\":\"https:\\\/\\\/www.bellunopress.it\\\/#\\\/schema\\\/logo\\\/image\\\/\",\"url\":\"https:\\\/\\\/www.bellunopress.it\\\/wp-content\\\/uploads\\\/2011\\\/05\\\/cropped-logo-bellunopress-.jpg\",\"contentUrl\":\"https:\\\/\\\/www.bellunopress.it\\\/wp-content\\\/uploads\\\/2011\\\/05\\\/cropped-logo-bellunopress-.jpg\",\"width\":512,\"height\":512,\"caption\":\"Bellunopress\"},\"image\":{\"@id\":\"https:\\\/\\\/www.bellunopress.it\\\/#\\\/schema\\\/logo\\\/image\\\/\"},\"sameAs\":[\"https:\\\/\\\/www.facebook.com\\\/profile.php?id=100008943462799\",\"https:\\\/\\\/x.com\\\/bellunopress\",\"https:\\\/\\\/www.linkedin.com\\\/hp\\\/?dnr=JBzUWaJfMUw8vbXJJ2tVW5-I3jZKvC4wsoxE&amp;amp;amp;amp;amp;amp;trk=nav_responsive_tab_home\",\"https:\\\/\\\/www.youtube.com\\\/channel\\\/UCxL0wu1uN0_3_7hGG0306cw\"]},{\"@type\":\"Person\",\"@id\":\"https:\\\/\\\/www.bellunopress.it\\\/#\\\/schema\\\/person\\\/79bb06722b37ece1c03d3e94beb30d73\",\"name\":\"redazione\",\"image\":{\"@type\":\"ImageObject\",\"inLanguage\":\"fr-FR\",\"@id\":\"https:\\\/\\\/secure.gravatar.com\\\/avatar\\\/37d968a2e67a6fd04c169c4bdef102d0bc5d31b2546345219e348575eb80e9a0?s=96&d=mm&r=g\",\"url\":\"https:\\\/\\\/secure.gravatar.com\\\/avatar\\\/37d968a2e67a6fd04c169c4bdef102d0bc5d31b2546345219e348575eb80e9a0?s=96&d=mm&r=g\",\"contentUrl\":\"https:\\\/\\\/secure.gravatar.com\\\/avatar\\\/37d968a2e67a6fd04c169c4bdef102d0bc5d31b2546345219e348575eb80e9a0?s=96&d=mm&r=g\",\"caption\":\"redazione\"},\"sameAs\":[\"http:\\\/\\\/www.bellunopress.it\",\"https:\\\/\\\/x.com\\\/bellunopress\"],\"url\":\"https:\\\/\\\/www.bellunopress.it\\\/fr\\\/author\\\/redazione\\\/\"}]}<\/script>\n<!-- \/ Yoast SEO plugin. -->","yoast_head_json":{"title":"Torna l'Esposizione internazionale ANFI. Il 9 e 10 dicembre, a Padova, sfilano bellezza e solidariet\u00e0 - Bellunopress - Dolomiti","robots":{"index":"index","follow":"follow","max-snippet":"max-snippet:-1","max-image-preview":"max-image-preview:large","max-video-preview":"max-video-preview:-1"},"canonical":"https:\/\/www.bellunopress.it\/fr\/2023\/12\/05\/torna-lesposizione-internazionale-anfi-il-9-e-10-dicembre-a-padova-sfilano-bellezza-e-solidarieta\/","og_locale":"fr_FR","og_type":"article","og_title":"Torna l'Esposizione internazionale ANFI. Il 9 e 10 dicembre, a Padova, sfilano bellezza e solidariet\u00e0 - Bellunopress - Dolomiti","og_description":"Gatti di razza da tutta Europa a sostegno di gattili e colonie feline padovane. E da Treviso arrivano i giganti Maine Coon &nbsp; Negli impianti sportivi di Selvazzano Dentro, centinaia di esemplari e campioni da Italia, Francia, Croazia e Slovenia. Ingresso bambini gratis fino ai 6 anni. Ridotto a 5 euro. Aperta la biglietteria online [&hellip;]","og_url":"https:\/\/www.bellunopress.it\/fr\/2023\/12\/05\/torna-lesposizione-internazionale-anfi-il-9-e-10-dicembre-a-padova-sfilano-bellezza-e-solidarieta\/","og_site_name":"Bellunopress - Dolomiti","article_publisher":"https:\/\/www.facebook.com\/profile.php?id=100008943462799","article_published_time":"2023-12-05T12:13:03+00:00","og_image":[{"width":577,"height":428,"url":"https:\/\/www.bellunopress.it\/wp-content\/uploads\/2023\/12\/gatto-Ottomezzi-expo-felina-padova-2022.jpg","type":"image\/jpeg"}],"author":"redazione","twitter_card":"summary_large_image","twitter_creator":"@bellunopress","twitter_site":"@bellunopress","twitter_misc":{"\u00c9crit par":"redazione","Dur\u00e9e de lecture estim\u00e9e":"4 minutes"},"schema":{"@context":"https:\/\/schema.org","@graph":[{"@type":"Article","@id":"https:\/\/www.bellunopress.it\/2023\/12\/05\/torna-lesposizione-internazionale-anfi-il-9-e-10-dicembre-a-padova-sfilano-bellezza-e-solidarieta\/#article","isPartOf":{"@id":"https:\/\/www.bellunopress.it\/2023\/12\/05\/torna-lesposizione-internazionale-anfi-il-9-e-10-dicembre-a-padova-sfilano-bellezza-e-solidarieta\/"},"author":{"name":"redazione","@id":"https:\/\/www.bellunopress.it\/#\/schema\/person\/79bb06722b37ece1c03d3e94beb30d73"},"headline":"Torna l&#8217;Esposizione internazionale ANFI. Il 9 e 10 dicembre, a Padova, sfilano bellezza e solidariet\u00e0","datePublished":"2023-12-05T12:13:03+00:00","mainEntityOfPage":{"@id":"https:\/\/www.bellunopress.it\/2023\/12\/05\/torna-lesposizione-internazionale-anfi-il-9-e-10-dicembre-a-padova-sfilano-bellezza-e-solidarieta\/"},"wordCount":764,"publisher":{"@id":"https:\/\/www.bellunopress.it\/#organization"},"image":{"@id":"https:\/\/www.bellunopress.it\/2023\/12\/05\/torna-lesposizione-internazionale-anfi-il-9-e-10-dicembre-a-padova-sfilano-bellezza-e-solidarieta\/#primaryimage"},"thumbnailUrl":"https:\/\/www.bellunopress.it\/wp-content\/uploads\/2023\/12\/gatto-Ottomezzi-expo-felina-padova-2022.jpg","articleSection":["Meteo, natura, ambiente, animali"],"inLanguage":"fr-FR"},{"@type":"WebPage","@id":"https:\/\/www.bellunopress.it\/2023\/12\/05\/torna-lesposizione-internazionale-anfi-il-9-e-10-dicembre-a-padova-sfilano-bellezza-e-solidarieta\/","url":"https:\/\/www.bellunopress.it\/2023\/12\/05\/torna-lesposizione-internazionale-anfi-il-9-e-10-dicembre-a-padova-sfilano-bellezza-e-solidarieta\/","name":"Torna l'Esposizione internazionale ANFI. Il 9 e 10 dicembre, a Padova, sfilano bellezza e solidariet\u00e0 - Bellunopress - Dolomiti","isPartOf":{"@id":"https:\/\/www.bellunopress.it\/#website"},"primaryImageOfPage":{"@id":"https:\/\/www.bellunopress.it\/2023\/12\/05\/torna-lesposizione-internazionale-anfi-il-9-e-10-dicembre-a-padova-sfilano-bellezza-e-solidarieta\/#primaryimage"},"image":{"@id":"https:\/\/www.bellunopress.it\/2023\/12\/05\/torna-lesposizione-internazionale-anfi-il-9-e-10-dicembre-a-padova-sfilano-bellezza-e-solidarieta\/#primaryimage"},"thumbnailUrl":"https:\/\/www.bellunopress.it\/wp-content\/uploads\/2023\/12\/gatto-Ottomezzi-expo-felina-padova-2022.jpg","datePublished":"2023-12-05T12:13:03+00:00","breadcrumb":{"@id":"https:\/\/www.bellunopress.it\/2023\/12\/05\/torna-lesposizione-internazionale-anfi-il-9-e-10-dicembre-a-padova-sfilano-bellezza-e-solidarieta\/#breadcrumb"},"inLanguage":"fr-FR","potentialAction":[{"@type":"ReadAction","target":["https:\/\/www.bellunopress.it\/2023\/12\/05\/torna-lesposizione-internazionale-anfi-il-9-e-10-dicembre-a-padova-sfilano-bellezza-e-solidarieta\/"]}]},{"@type":"ImageObject","inLanguage":"fr-FR","@id":"https:\/\/www.bellunopress.it\/2023\/12\/05\/torna-lesposizione-internazionale-anfi-il-9-e-10-dicembre-a-padova-sfilano-bellezza-e-solidarieta\/#primaryimage","url":"https:\/\/www.bellunopress.it\/wp-content\/uploads\/2023\/12\/gatto-Ottomezzi-expo-felina-padova-2022.jpg","contentUrl":"https:\/\/www.bellunopress.it\/wp-content\/uploads\/2023\/12\/gatto-Ottomezzi-expo-felina-padova-2022.jpg","width":577,"height":428},{"@type":"BreadcrumbList","@id":"https:\/\/www.bellunopress.it\/2023\/12\/05\/torna-lesposizione-internazionale-anfi-il-9-e-10-dicembre-a-padova-sfilano-bellezza-e-solidarieta\/#breadcrumb","itemListElement":[{"@type":"ListItem","position":1,"name":"Home","item":"https:\/\/www.bellunopress.it\/"},{"@type":"ListItem","position":2,"name":"Torna l&#8217;Esposizione internazionale ANFI. Il 9 e 10 dicembre, a Padova, sfilano bellezza e solidariet\u00e0"}]},{"@type":"WebSite","@id":"https:\/\/www.bellunopress.it\/#website","url":"https:\/\/www.bellunopress.it\/","name":"Bellunopress - Dolomiti","description":"e-mail: redazione@bellunopress.it","publisher":{"@id":"https:\/\/www.bellunopress.it\/#organization"},"potentialAction":[{"@type":"SearchAction","target":{"@type":"EntryPoint","urlTemplate":"https:\/\/www.bellunopress.it\/?s={search_term_string}"},"query-input":{"@type":"PropertyValueSpecification","valueRequired":true,"valueName":"search_term_string"}}],"inLanguage":"fr-FR"},{"@type":"Organization","@id":"https:\/\/www.bellunopress.it\/#organization","name":"Bellunopress","url":"https:\/\/www.bellunopress.it\/","logo":{"@type":"ImageObject","inLanguage":"fr-FR","@id":"https:\/\/www.bellunopress.it\/#\/schema\/logo\/image\/","url":"https:\/\/www.bellunopress.it\/wp-content\/uploads\/2011\/05\/cropped-logo-bellunopress-.jpg","contentUrl":"https:\/\/www.bellunopress.it\/wp-content\/uploads\/2011\/05\/cropped-logo-bellunopress-.jpg","width":512,"height":512,"caption":"Bellunopress"},"image":{"@id":"https:\/\/www.bellunopress.it\/#\/schema\/logo\/image\/"},"sameAs":["https:\/\/www.facebook.com\/profile.php?id=100008943462799","https:\/\/x.com\/bellunopress","https:\/\/www.linkedin.com\/hp\/?dnr=JBzUWaJfMUw8vbXJJ2tVW5-I3jZKvC4wsoxE&amp;amp;amp;amp;amp;amp;trk=nav_responsive_tab_home","https:\/\/www.youtube.com\/channel\/UCxL0wu1uN0_3_7hGG0306cw"]},{"@type":"Person","@id":"https:\/\/www.bellunopress.it\/#\/schema\/person\/79bb06722b37ece1c03d3e94beb30d73","name":"r\u00e9daction","image":{"@type":"ImageObject","inLanguage":"fr-FR","@id":"https:\/\/secure.gravatar.com\/avatar\/37d968a2e67a6fd04c169c4bdef102d0bc5d31b2546345219e348575eb80e9a0?s=96&d=mm&r=g","url":"https:\/\/secure.gravatar.com\/avatar\/37d968a2e67a6fd04c169c4bdef102d0bc5d31b2546345219e348575eb80e9a0?s=96&d=mm&r=g","contentUrl":"https:\/\/secure.gravatar.com\/avatar\/37d968a2e67a6fd04c169c4bdef102d0bc5d31b2546345219e348575eb80e9a0?s=96&d=mm&r=g","caption":"redazione"},"sameAs":["http:\/\/www.bellunopress.it","https:\/\/x.com\/bellunopress"],"url":"https:\/\/www.bellunopress.it\/fr\/author\/redazione\/"}]}},"_links":{"self":[{"href":"https:\/\/www.bellunopress.it\/fr\/wp-json\/wp\/v2\/posts\/146478","targetHints":{"allow":["GET"]}}],"collection":[{"href":"https:\/\/www.bellunopress.it\/fr\/wp-json\/wp\/v2\/posts"}],"about":[{"href":"https:\/\/www.bellunopress.it\/fr\/wp-json\/wp\/v2\/types\/post"}],"author":[{"embeddable":true,"href":"https:\/\/www.bellunopress.it\/fr\/wp-json\/wp\/v2\/users\/2"}],"replies":[{"embeddable":true,"href":"https:\/\/www.bellunopress.it\/fr\/wp-json\/wp\/v2\/comments?post=146478"}],"version-history":[{"count":1,"href":"https:\/\/www.bellunopress.it\/fr\/wp-json\/wp\/v2\/posts\/146478\/revisions"}],"predecessor-version":[{"id":146480,"href":"https:\/\/www.bellunopress.it\/fr\/wp-json\/wp\/v2\/posts\/146478\/revisions\/146480"}],"wp:featuredmedia":[{"embeddable":true,"href":"https:\/\/www.bellunopress.it\/fr\/wp-json\/wp\/v2\/media\/146479"}],"wp:attachment":[{"href":"https:\/\/www.bellunopress.it\/fr\/wp-json\/wp\/v2\/media?parent=146478"}],"wp:term":[{"taxonomy":"category","embeddable":true,"href":"https:\/\/www.bellunopress.it\/fr\/wp-json\/wp\/v2\/categories?post=146478"},{"taxonomy":"post_tag","embeddable":true,"href":"https:\/\/www.bellunopress.it\/fr\/wp-json\/wp\/v2\/tags?post=146478"}],"curies":[{"name":"wp","href":"https:\/\/api.w.org\/{rel}","templated":true}]}}