{"id":146476,"date":"2023-12-05T12:40:06","date_gmt":"2023-12-05T11:40:06","guid":{"rendered":"https:\/\/www.bellunopress.it\/?p=146476"},"modified":"2023-12-05T12:40:06","modified_gmt":"2023-12-05T11:40:06","slug":"pista-da-bob-lettera-aperta-al-sindaco-di-cortina-dampezzo-e-ai-consiglieri-comunali","status":"publish","type":"post","link":"https:\/\/www.bellunopress.it\/fr\/2023\/12\/05\/pista-da-bob-lettera-aperta-al-sindaco-di-cortina-dampezzo-e-ai-consiglieri-comunali\/","title":{"rendered":"Pista da bob. Lettera aperta al sindaco di Cortina d&#8217;Ampezzo e ai consiglieri comunali"},"content":{"rendered":"<p><img loading=\"lazy\" decoding=\"async\" class=\"alignleft size-full wp-image-128801\" src=\"https:\/\/www.bellunopress.it\/wp-content\/uploads\/2021\/10\/lettera_edited.jpg\" alt=\"\" width=\"477\" height=\"224\" \/>Egregio Sindaco,<br \/>\ncarissimo Gianluca,<\/p>\n<p>Gentili Consiglieri del Comune di Cortina,<br \/>\nGentili tutti,<\/p>\n<p>&nbsp;<\/p>\n<p>Scrivo questa lettera aperta a riguardo della pista di bob, anche alla luce delle comunicazioni della stampa degli ultimi giorni ed a seguito di quanto ho potuto analizzare compiutamente con pi\u00f9 tecnici del settore, in quanto come ben conosci rappresento in Consiglio Comunale una buona aliquota di sportivi e di imprenditori del settore turistico.<\/p>\n<p>Mercoled\u00ec ci sar\u00e0 la riunione del Consiglio di Amministrazione della Fondazione Milano Cortina 2026 e andando subito al dunque ti chiedo specificatamente, per il bene di Cortina, che qualora venga proposta la modifica con lo spostamento fuori Cortina delle discipline del bob, dello skeleton e dello slittino, di opporti a tale decisione come previsto dallo statuto vigente della Fondazione, in cui qualsiasi modifica alle sedi sportive olimpiche pu\u00f2 essere effettuata ma esclusivamente con il voto favorevole anche della componente territoriale del Consiglio di Amministrazione.<\/p>\n<p>Ti chiedo cortesemente che questa lettera aperta con la mia richiesta, supportata dalle precise motivazioni, sia inviata anche al Presidente della Regione, che \u00e8 stata la persona che pi\u00f9 di ogni altro ha supportato la nostra comunit\u00e0 nella volont\u00e0 di rifare questa struttura sportiva.<\/p>\n<p>Ti motivo e ti circostanzio brevemente la mia richiesta, comune e condivisa da pi\u00f9 persone.<br \/>\nPochi giorni fa \u00e8 stato presentato alla Simico un progetto per realizzare comunque la pista a Cortina, progetto ridotto in cui sono state rimosse tutte le sovrabbondanze estranee all&#8217;utilizzo sportivo, riconducendo il costo complessivo entro il budget gi\u00e0 approvato.<br \/>\nQuesto progetto con tempistica di realizzazione possibile proprio perch\u00e8 \u00e8 stato ridotto, deve essere preso in considerazione e deve essere valutato in modo appropriato, ancor prima di cercare altre soluzioni.<\/p>\n<p>Tale valutazione inoltre non pu\u00f2 essere effettuata esclusivamente dalla Simico, in quanto come tutti sappiamo e siamo anche venuti a conoscenza dai vari media, \u00e8 la stessa societ\u00e0 che ha gi\u00e0 fallito in breve tempo due gare di appalto per la pista di Cortina, dimostrando i propri limiti tecnici, ma deve essere supportata da tecnici del settore, in particolare con un confronto serrato con l&#8217;ambiente sportivo.<\/p>\n<p>Resto ovviamente a disposizione per supportare te e tutta la nostra Comunit\u00e0, sia in ambito tecnico che sportivo, in quanto \u00e8 inammissibile che gli sliding sports siano proposti al di fuori di Cortina.<\/p>\n<p>Ti ringrazio e ti saluto cordialmente<\/p>\n<p>Roberto Pompanin Bortel<\/p>","protected":false},"excerpt":{"rendered":"<p>Egregio Sindaco, carissimo Gianluca, Gentili Consiglieri del Comune di Cortina, Gentili tutti, &nbsp; Scrivo questa lettera aperta a riguardo della pista di bob, anche alla luce delle comunicazioni della stampa degli ultimi giorni ed a seguito di quanto ho potuto analizzare compiutamente con pi\u00f9 tecnici del settore, in quanto come ben conosci rappresento in Consiglio [&hellip;]<\/p>\n","protected":false},"author":2,"featured_media":128801,"comment_status":"closed","ping_status":"open","sticky":false,"template":"","format":"standard","meta":{"footnotes":""},"categories":[1],"tags":[],"class_list":["post-146476","post","type-post","status-publish","format-standard","has-post-thumbnail","category-leo"],"yoast_head":"<!-- This site is optimized with the Yoast SEO plugin v28.4 - https:\/\/yoast.com\/product\/yoast-seo-wordpress\/ -->\n<title>Pista da bob. Lettera aperta al sindaco di Cortina d&#039;Ampezzo e ai consiglieri comunali - Bellunopress - Dolomiti<\/title>\n<meta name=\"robots\" content=\"index, follow, max-snippet:-1, max-image-preview:large, max-video-preview:-1\" \/>\n<link rel=\"canonical\" href=\"https:\/\/www.bellunopress.it\/fr\/2023\/12\/05\/pista-da-bob-lettera-aperta-al-sindaco-di-cortina-dampezzo-e-ai-consiglieri-comunali\/\" \/>\n<meta property=\"og:locale\" content=\"fr_FR\" \/>\n<meta property=\"og:type\" content=\"article\" \/>\n<meta property=\"og:title\" content=\"Pista da bob. Lettera aperta al sindaco di Cortina d&#039;Ampezzo e ai consiglieri comunali - Bellunopress - Dolomiti\" \/>\n<meta property=\"og:description\" content=\"Egregio Sindaco, carissimo Gianluca, Gentili Consiglieri del Comune di Cortina, Gentili tutti, &nbsp; Scrivo questa lettera aperta a riguardo della pista di bob, anche alla luce delle comunicazioni della stampa degli ultimi giorni ed a seguito di quanto ho potuto analizzare compiutamente con pi\u00f9 tecnici del settore, in quanto come ben conosci rappresento in Consiglio [&hellip;]\" \/>\n<meta property=\"og:url\" content=\"https:\/\/www.bellunopress.it\/fr\/2023\/12\/05\/pista-da-bob-lettera-aperta-al-sindaco-di-cortina-dampezzo-e-ai-consiglieri-comunali\/\" \/>\n<meta property=\"og:site_name\" content=\"Bellunopress - Dolomiti\" \/>\n<meta property=\"article:publisher\" content=\"https:\/\/www.facebook.com\/profile.php?id=100008943462799\" \/>\n<meta property=\"article:published_time\" content=\"2023-12-05T11:40:06+00:00\" \/>\n<meta property=\"og:image\" content=\"https:\/\/www.bellunopress.it\/wp-content\/uploads\/2021\/10\/lettera_edited.jpg\" \/>\n\t<meta property=\"og:image:width\" content=\"477\" \/>\n\t<meta property=\"og:image:height\" content=\"224\" \/>\n\t<meta property=\"og:image:type\" content=\"image\/jpeg\" \/>\n<meta name=\"author\" content=\"redazione\" \/>\n<meta name=\"twitter:card\" content=\"summary_large_image\" \/>\n<meta name=\"twitter:creator\" content=\"@bellunopress\" \/>\n<meta name=\"twitter:site\" content=\"@bellunopress\" \/>\n<meta name=\"twitter:label1\" content=\"Written by\" \/>\n\t<meta name=\"twitter:data1\" content=\"redazione\" \/>\n\t<meta name=\"twitter:label2\" content=\"Est. reading time\" \/>\n\t<meta name=\"twitter:data2\" content=\"2 minutes\" \/>\n<script type=\"application\/ld+json\" class=\"yoast-schema-graph\">{\"@context\":\"https:\\\/\\\/schema.org\",\"@graph\":[{\"@type\":\"Article\",\"@id\":\"https:\\\/\\\/www.bellunopress.it\\\/2023\\\/12\\\/05\\\/pista-da-bob-lettera-aperta-al-sindaco-di-cortina-dampezzo-e-ai-consiglieri-comunali\\\/#article\",\"isPartOf\":{\"@id\":\"https:\\\/\\\/www.bellunopress.it\\\/2023\\\/12\\\/05\\\/pista-da-bob-lettera-aperta-al-sindaco-di-cortina-dampezzo-e-ai-consiglieri-comunali\\\/\"},\"author\":{\"name\":\"redazione\",\"@id\":\"https:\\\/\\\/www.bellunopress.it\\\/#\\\/schema\\\/person\\\/79bb06722b37ece1c03d3e94beb30d73\"},\"headline\":\"Pista da bob. Lettera aperta al sindaco di Cortina d&#8217;Ampezzo e ai consiglieri comunali\",\"datePublished\":\"2023-12-05T11:40:06+00:00\",\"mainEntityOfPage\":{\"@id\":\"https:\\\/\\\/www.bellunopress.it\\\/2023\\\/12\\\/05\\\/pista-da-bob-lettera-aperta-al-sindaco-di-cortina-dampezzo-e-ai-consiglieri-comunali\\\/\"},\"wordCount\":398,\"publisher\":{\"@id\":\"https:\\\/\\\/www.bellunopress.it\\\/#organization\"},\"image\":{\"@id\":\"https:\\\/\\\/www.bellunopress.it\\\/2023\\\/12\\\/05\\\/pista-da-bob-lettera-aperta-al-sindaco-di-cortina-dampezzo-e-ai-consiglieri-comunali\\\/#primaryimage\"},\"thumbnailUrl\":\"https:\\\/\\\/www.bellunopress.it\\\/wp-content\\\/uploads\\\/2021\\\/10\\\/lettera_edited.jpg\",\"articleSection\":[\"Lettere Opinioni\"],\"inLanguage\":\"fr-FR\"},{\"@type\":\"WebPage\",\"@id\":\"https:\\\/\\\/www.bellunopress.it\\\/2023\\\/12\\\/05\\\/pista-da-bob-lettera-aperta-al-sindaco-di-cortina-dampezzo-e-ai-consiglieri-comunali\\\/\",\"url\":\"https:\\\/\\\/www.bellunopress.it\\\/2023\\\/12\\\/05\\\/pista-da-bob-lettera-aperta-al-sindaco-di-cortina-dampezzo-e-ai-consiglieri-comunali\\\/\",\"name\":\"Pista da bob. Lettera aperta al sindaco di Cortina d'Ampezzo e ai consiglieri comunali - Bellunopress - Dolomiti\",\"isPartOf\":{\"@id\":\"https:\\\/\\\/www.bellunopress.it\\\/#website\"},\"primaryImageOfPage\":{\"@id\":\"https:\\\/\\\/www.bellunopress.it\\\/2023\\\/12\\\/05\\\/pista-da-bob-lettera-aperta-al-sindaco-di-cortina-dampezzo-e-ai-consiglieri-comunali\\\/#primaryimage\"},\"image\":{\"@id\":\"https:\\\/\\\/www.bellunopress.it\\\/2023\\\/12\\\/05\\\/pista-da-bob-lettera-aperta-al-sindaco-di-cortina-dampezzo-e-ai-consiglieri-comunali\\\/#primaryimage\"},\"thumbnailUrl\":\"https:\\\/\\\/www.bellunopress.it\\\/wp-content\\\/uploads\\\/2021\\\/10\\\/lettera_edited.jpg\",\"datePublished\":\"2023-12-05T11:40:06+00:00\",\"breadcrumb\":{\"@id\":\"https:\\\/\\\/www.bellunopress.it\\\/2023\\\/12\\\/05\\\/pista-da-bob-lettera-aperta-al-sindaco-di-cortina-dampezzo-e-ai-consiglieri-comunali\\\/#breadcrumb\"},\"inLanguage\":\"fr-FR\",\"potentialAction\":[{\"@type\":\"ReadAction\",\"target\":[\"https:\\\/\\\/www.bellunopress.it\\\/2023\\\/12\\\/05\\\/pista-da-bob-lettera-aperta-al-sindaco-di-cortina-dampezzo-e-ai-consiglieri-comunali\\\/\"]}]},{\"@type\":\"ImageObject\",\"inLanguage\":\"fr-FR\",\"@id\":\"https:\\\/\\\/www.bellunopress.it\\\/2023\\\/12\\\/05\\\/pista-da-bob-lettera-aperta-al-sindaco-di-cortina-dampezzo-e-ai-consiglieri-comunali\\\/#primaryimage\",\"url\":\"https:\\\/\\\/www.bellunopress.it\\\/wp-content\\\/uploads\\\/2021\\\/10\\\/lettera_edited.jpg\",\"contentUrl\":\"https:\\\/\\\/www.bellunopress.it\\\/wp-content\\\/uploads\\\/2021\\\/10\\\/lettera_edited.jpg\",\"width\":477,\"height\":224},{\"@type\":\"BreadcrumbList\",\"@id\":\"https:\\\/\\\/www.bellunopress.it\\\/2023\\\/12\\\/05\\\/pista-da-bob-lettera-aperta-al-sindaco-di-cortina-dampezzo-e-ai-consiglieri-comunali\\\/#breadcrumb\",\"itemListElement\":[{\"@type\":\"ListItem\",\"position\":1,\"name\":\"Home\",\"item\":\"https:\\\/\\\/www.bellunopress.it\\\/\"},{\"@type\":\"ListItem\",\"position\":2,\"name\":\"Pista da bob. Lettera aperta al sindaco di Cortina d&#8217;Ampezzo e ai consiglieri comunali\"}]},{\"@type\":\"WebSite\",\"@id\":\"https:\\\/\\\/www.bellunopress.it\\\/#website\",\"url\":\"https:\\\/\\\/www.bellunopress.it\\\/\",\"name\":\"Bellunopress - Dolomiti\",\"description\":\"e-mail: redazione@bellunopress.it\",\"publisher\":{\"@id\":\"https:\\\/\\\/www.bellunopress.it\\\/#organization\"},\"potentialAction\":[{\"@type\":\"SearchAction\",\"target\":{\"@type\":\"EntryPoint\",\"urlTemplate\":\"https:\\\/\\\/www.bellunopress.it\\\/?s={search_term_string}\"},\"query-input\":{\"@type\":\"PropertyValueSpecification\",\"valueRequired\":true,\"valueName\":\"search_term_string\"}}],\"inLanguage\":\"fr-FR\"},{\"@type\":\"Organization\",\"@id\":\"https:\\\/\\\/www.bellunopress.it\\\/#organization\",\"name\":\"Bellunopress\",\"url\":\"https:\\\/\\\/www.bellunopress.it\\\/\",\"logo\":{\"@type\":\"ImageObject\",\"inLanguage\":\"fr-FR\",\"@id\":\"https:\\\/\\\/www.bellunopress.it\\\/#\\\/schema\\\/logo\\\/image\\\/\",\"url\":\"https:\\\/\\\/www.bellunopress.it\\\/wp-content\\\/uploads\\\/2011\\\/05\\\/cropped-logo-bellunopress-.jpg\",\"contentUrl\":\"https:\\\/\\\/www.bellunopress.it\\\/wp-content\\\/uploads\\\/2011\\\/05\\\/cropped-logo-bellunopress-.jpg\",\"width\":512,\"height\":512,\"caption\":\"Bellunopress\"},\"image\":{\"@id\":\"https:\\\/\\\/www.bellunopress.it\\\/#\\\/schema\\\/logo\\\/image\\\/\"},\"sameAs\":[\"https:\\\/\\\/www.facebook.com\\\/profile.php?id=100008943462799\",\"https:\\\/\\\/x.com\\\/bellunopress\",\"https:\\\/\\\/www.linkedin.com\\\/hp\\\/?dnr=JBzUWaJfMUw8vbXJJ2tVW5-I3jZKvC4wsoxE&amp;amp;amp;amp;amp;amp;trk=nav_responsive_tab_home\",\"https:\\\/\\\/www.youtube.com\\\/channel\\\/UCxL0wu1uN0_3_7hGG0306cw\"]},{\"@type\":\"Person\",\"@id\":\"https:\\\/\\\/www.bellunopress.it\\\/#\\\/schema\\\/person\\\/79bb06722b37ece1c03d3e94beb30d73\",\"name\":\"redazione\",\"image\":{\"@type\":\"ImageObject\",\"inLanguage\":\"fr-FR\",\"@id\":\"https:\\\/\\\/secure.gravatar.com\\\/avatar\\\/37d968a2e67a6fd04c169c4bdef102d0bc5d31b2546345219e348575eb80e9a0?s=96&d=mm&r=g\",\"url\":\"https:\\\/\\\/secure.gravatar.com\\\/avatar\\\/37d968a2e67a6fd04c169c4bdef102d0bc5d31b2546345219e348575eb80e9a0?s=96&d=mm&r=g\",\"contentUrl\":\"https:\\\/\\\/secure.gravatar.com\\\/avatar\\\/37d968a2e67a6fd04c169c4bdef102d0bc5d31b2546345219e348575eb80e9a0?s=96&d=mm&r=g\",\"caption\":\"redazione\"},\"sameAs\":[\"http:\\\/\\\/www.bellunopress.it\",\"https:\\\/\\\/x.com\\\/bellunopress\"],\"url\":\"https:\\\/\\\/www.bellunopress.it\\\/fr\\\/author\\\/redazione\\\/\"}]}<\/script>\n<!-- \/ Yoast SEO plugin. -->","yoast_head_json":{"title":"Pista da bob. Lettera aperta al sindaco di Cortina d'Ampezzo e ai consiglieri comunali - Bellunopress - Dolomiti","robots":{"index":"index","follow":"follow","max-snippet":"max-snippet:-1","max-image-preview":"max-image-preview:large","max-video-preview":"max-video-preview:-1"},"canonical":"https:\/\/www.bellunopress.it\/fr\/2023\/12\/05\/pista-da-bob-lettera-aperta-al-sindaco-di-cortina-dampezzo-e-ai-consiglieri-comunali\/","og_locale":"fr_FR","og_type":"article","og_title":"Pista da bob. Lettera aperta al sindaco di Cortina d'Ampezzo e ai consiglieri comunali - Bellunopress - Dolomiti","og_description":"Egregio Sindaco, carissimo Gianluca, Gentili Consiglieri del Comune di Cortina, Gentili tutti, &nbsp; Scrivo questa lettera aperta a riguardo della pista di bob, anche alla luce delle comunicazioni della stampa degli ultimi giorni ed a seguito di quanto ho potuto analizzare compiutamente con pi\u00f9 tecnici del settore, in quanto come ben conosci rappresento in Consiglio [&hellip;]","og_url":"https:\/\/www.bellunopress.it\/fr\/2023\/12\/05\/pista-da-bob-lettera-aperta-al-sindaco-di-cortina-dampezzo-e-ai-consiglieri-comunali\/","og_site_name":"Bellunopress - Dolomiti","article_publisher":"https:\/\/www.facebook.com\/profile.php?id=100008943462799","article_published_time":"2023-12-05T11:40:06+00:00","og_image":[{"width":477,"height":224,"url":"https:\/\/www.bellunopress.it\/wp-content\/uploads\/2021\/10\/lettera_edited.jpg","type":"image\/jpeg"}],"author":"redazione","twitter_card":"summary_large_image","twitter_creator":"@bellunopress","twitter_site":"@bellunopress","twitter_misc":{"Written by":"redazione","Est. reading time":"2 minutes"},"schema":{"@context":"https:\/\/schema.org","@graph":[{"@type":"Article","@id":"https:\/\/www.bellunopress.it\/2023\/12\/05\/pista-da-bob-lettera-aperta-al-sindaco-di-cortina-dampezzo-e-ai-consiglieri-comunali\/#article","isPartOf":{"@id":"https:\/\/www.bellunopress.it\/2023\/12\/05\/pista-da-bob-lettera-aperta-al-sindaco-di-cortina-dampezzo-e-ai-consiglieri-comunali\/"},"author":{"name":"redazione","@id":"https:\/\/www.bellunopress.it\/#\/schema\/person\/79bb06722b37ece1c03d3e94beb30d73"},"headline":"Pista da bob. Lettera aperta al sindaco di Cortina d&#8217;Ampezzo e ai consiglieri comunali","datePublished":"2023-12-05T11:40:06+00:00","mainEntityOfPage":{"@id":"https:\/\/www.bellunopress.it\/2023\/12\/05\/pista-da-bob-lettera-aperta-al-sindaco-di-cortina-dampezzo-e-ai-consiglieri-comunali\/"},"wordCount":398,"publisher":{"@id":"https:\/\/www.bellunopress.it\/#organization"},"image":{"@id":"https:\/\/www.bellunopress.it\/2023\/12\/05\/pista-da-bob-lettera-aperta-al-sindaco-di-cortina-dampezzo-e-ai-consiglieri-comunali\/#primaryimage"},"thumbnailUrl":"https:\/\/www.bellunopress.it\/wp-content\/uploads\/2021\/10\/lettera_edited.jpg","articleSection":["Lettere Opinioni"],"inLanguage":"fr-FR"},{"@type":"WebPage","@id":"https:\/\/www.bellunopress.it\/2023\/12\/05\/pista-da-bob-lettera-aperta-al-sindaco-di-cortina-dampezzo-e-ai-consiglieri-comunali\/","url":"https:\/\/www.bellunopress.it\/2023\/12\/05\/pista-da-bob-lettera-aperta-al-sindaco-di-cortina-dampezzo-e-ai-consiglieri-comunali\/","name":"Pista da bob. Lettera aperta al sindaco di Cortina d'Ampezzo e ai consiglieri comunali - Bellunopress - Dolomiti","isPartOf":{"@id":"https:\/\/www.bellunopress.it\/#website"},"primaryImageOfPage":{"@id":"https:\/\/www.bellunopress.it\/2023\/12\/05\/pista-da-bob-lettera-aperta-al-sindaco-di-cortina-dampezzo-e-ai-consiglieri-comunali\/#primaryimage"},"image":{"@id":"https:\/\/www.bellunopress.it\/2023\/12\/05\/pista-da-bob-lettera-aperta-al-sindaco-di-cortina-dampezzo-e-ai-consiglieri-comunali\/#primaryimage"},"thumbnailUrl":"https:\/\/www.bellunopress.it\/wp-content\/uploads\/2021\/10\/lettera_edited.jpg","datePublished":"2023-12-05T11:40:06+00:00","breadcrumb":{"@id":"https:\/\/www.bellunopress.it\/2023\/12\/05\/pista-da-bob-lettera-aperta-al-sindaco-di-cortina-dampezzo-e-ai-consiglieri-comunali\/#breadcrumb"},"inLanguage":"fr-FR","potentialAction":[{"@type":"ReadAction","target":["https:\/\/www.bellunopress.it\/2023\/12\/05\/pista-da-bob-lettera-aperta-al-sindaco-di-cortina-dampezzo-e-ai-consiglieri-comunali\/"]}]},{"@type":"ImageObject","inLanguage":"fr-FR","@id":"https:\/\/www.bellunopress.it\/2023\/12\/05\/pista-da-bob-lettera-aperta-al-sindaco-di-cortina-dampezzo-e-ai-consiglieri-comunali\/#primaryimage","url":"https:\/\/www.bellunopress.it\/wp-content\/uploads\/2021\/10\/lettera_edited.jpg","contentUrl":"https:\/\/www.bellunopress.it\/wp-content\/uploads\/2021\/10\/lettera_edited.jpg","width":477,"height":224},{"@type":"BreadcrumbList","@id":"https:\/\/www.bellunopress.it\/2023\/12\/05\/pista-da-bob-lettera-aperta-al-sindaco-di-cortina-dampezzo-e-ai-consiglieri-comunali\/#breadcrumb","itemListElement":[{"@type":"ListItem","position":1,"name":"Home","item":"https:\/\/www.bellunopress.it\/"},{"@type":"ListItem","position":2,"name":"Pista da bob. Lettera aperta al sindaco di Cortina d&#8217;Ampezzo e ai consiglieri comunali"}]},{"@type":"WebSite","@id":"https:\/\/www.bellunopress.it\/#website","url":"https:\/\/www.bellunopress.it\/","name":"Bellunopress - Dolomiti","description":"e-mail: redazione@bellunopress.it","publisher":{"@id":"https:\/\/www.bellunopress.it\/#organization"},"potentialAction":[{"@type":"SearchAction","target":{"@type":"EntryPoint","urlTemplate":"https:\/\/www.bellunopress.it\/?s={search_term_string}"},"query-input":{"@type":"PropertyValueSpecification","valueRequired":true,"valueName":"search_term_string"}}],"inLanguage":"fr-FR"},{"@type":"Organization","@id":"https:\/\/www.bellunopress.it\/#organization","name":"Bellunopress","url":"https:\/\/www.bellunopress.it\/","logo":{"@type":"ImageObject","inLanguage":"fr-FR","@id":"https:\/\/www.bellunopress.it\/#\/schema\/logo\/image\/","url":"https:\/\/www.bellunopress.it\/wp-content\/uploads\/2011\/05\/cropped-logo-bellunopress-.jpg","contentUrl":"https:\/\/www.bellunopress.it\/wp-content\/uploads\/2011\/05\/cropped-logo-bellunopress-.jpg","width":512,"height":512,"caption":"Bellunopress"},"image":{"@id":"https:\/\/www.bellunopress.it\/#\/schema\/logo\/image\/"},"sameAs":["https:\/\/www.facebook.com\/profile.php?id=100008943462799","https:\/\/x.com\/bellunopress","https:\/\/www.linkedin.com\/hp\/?dnr=JBzUWaJfMUw8vbXJJ2tVW5-I3jZKvC4wsoxE&amp;amp;amp;amp;amp;amp;trk=nav_responsive_tab_home","https:\/\/www.youtube.com\/channel\/UCxL0wu1uN0_3_7hGG0306cw"]},{"@type":"Person","@id":"https:\/\/www.bellunopress.it\/#\/schema\/person\/79bb06722b37ece1c03d3e94beb30d73","name":"r\u00e9daction","image":{"@type":"ImageObject","inLanguage":"fr-FR","@id":"https:\/\/secure.gravatar.com\/avatar\/37d968a2e67a6fd04c169c4bdef102d0bc5d31b2546345219e348575eb80e9a0?s=96&d=mm&r=g","url":"https:\/\/secure.gravatar.com\/avatar\/37d968a2e67a6fd04c169c4bdef102d0bc5d31b2546345219e348575eb80e9a0?s=96&d=mm&r=g","contentUrl":"https:\/\/secure.gravatar.com\/avatar\/37d968a2e67a6fd04c169c4bdef102d0bc5d31b2546345219e348575eb80e9a0?s=96&d=mm&r=g","caption":"redazione"},"sameAs":["http:\/\/www.bellunopress.it","https:\/\/x.com\/bellunopress"],"url":"https:\/\/www.bellunopress.it\/fr\/author\/redazione\/"}]}},"_links":{"self":[{"href":"https:\/\/www.bellunopress.it\/fr\/wp-json\/wp\/v2\/posts\/146476","targetHints":{"allow":["GET"]}}],"collection":[{"href":"https:\/\/www.bellunopress.it\/fr\/wp-json\/wp\/v2\/posts"}],"about":[{"href":"https:\/\/www.bellunopress.it\/fr\/wp-json\/wp\/v2\/types\/post"}],"author":[{"embeddable":true,"href":"https:\/\/www.bellunopress.it\/fr\/wp-json\/wp\/v2\/users\/2"}],"replies":[{"embeddable":true,"href":"https:\/\/www.bellunopress.it\/fr\/wp-json\/wp\/v2\/comments?post=146476"}],"version-history":[{"count":1,"href":"https:\/\/www.bellunopress.it\/fr\/wp-json\/wp\/v2\/posts\/146476\/revisions"}],"predecessor-version":[{"id":146477,"href":"https:\/\/www.bellunopress.it\/fr\/wp-json\/wp\/v2\/posts\/146476\/revisions\/146477"}],"wp:featuredmedia":[{"embeddable":true,"href":"https:\/\/www.bellunopress.it\/fr\/wp-json\/wp\/v2\/media\/128801"}],"wp:attachment":[{"href":"https:\/\/www.bellunopress.it\/fr\/wp-json\/wp\/v2\/media?parent=146476"}],"wp:term":[{"taxonomy":"category","embeddable":true,"href":"https:\/\/www.bellunopress.it\/fr\/wp-json\/wp\/v2\/categories?post=146476"},{"taxonomy":"post_tag","embeddable":true,"href":"https:\/\/www.bellunopress.it\/fr\/wp-json\/wp\/v2\/tags?post=146476"}],"curies":[{"name":"wp","href":"https:\/\/api.w.org\/{rel}","templated":true}]}}