{"id":146474,"date":"2023-12-05T12:06:20","date_gmt":"2023-12-05T11:06:20","guid":{"rendered":"https:\/\/www.bellunopress.it\/?p=146474"},"modified":"2023-12-05T12:06:20","modified_gmt":"2023-12-05T11:06:20","slug":"limana-la-giunta-de-zanet-approva-tre-interventi-a-sostegno-dellistruzione","status":"publish","type":"post","link":"https:\/\/www.bellunopress.it\/fr\/2023\/12\/05\/limana-la-giunta-de-zanet-approva-tre-interventi-a-sostegno-dellistruzione\/","title":{"rendered":"Limana. La giunta De Zanet approva tre interventi a sostegno dell&#8217;istruzione"},"content":{"rendered":"<figure id=\"attachment_104940\" aria-describedby=\"caption-attachment-104940\" style=\"width: 243px\" class=\"wp-caption alignleft\"><img loading=\"lazy\" decoding=\"async\" class=\"size-full wp-image-104940\" src=\"https:\/\/www.bellunopress.it\/wp-content\/uploads\/2019\/05\/milena-de-zanet-sindaco-limana.jpg\" alt=\"\" width=\"243\" height=\"300\" \/><figcaption id=\"caption-attachment-104940\" class=\"wp-caption-text\">Milena De Zanet, sindaco di Limana<\/figcaption><\/figure>\n<p><em><strong>Un supporto le famiglie con figli frequentanti l&#8217;asilo nido, un doposcuola ed un sostegno ai costi di trasporto per gli studenti degli istituti superiori: tre importanti aiuti per oltre 37.000 \u20ac<\/strong><\/em><\/p>\n<p>Limana, 05 dicembre 2023\u00a0 &#8211;\u00a0\u00a0L&#8217;Amministrazione De Zanet mette in campo tre iniziative volte al sostegno di bambini e studenti e delle loro famiglie.<\/p>\n<p>&#8220;La prima &#8211; illustra l&#8217;assessore all&#8217;Istruzione Stefano Bozzolla &#8211; \u00e8 un bando per l&#8217;assegnazione di contributi economici a favore delle famiglie con figli in et\u00e0 prescolare che abbiano frequentato, nel corso del 2023, servizi per minori 0-3 anni (asili nido, nido in famiglia, centro infanzia, nido integrato, sezione primavera, ecc.) che dispone di un fondo statale pari a 23.000 \u20ac.&#8221;<\/p>\n<p>In base alle spese documentate ed alla fascia ISEE di riferimento, le famiglie potranno ottenere un contributo tra i 700 \u20ac ed i 1.300 \u20ac, salvo rimodulazioni in caso di domande in eccesso o in difetto rispetto alle risorse disponibili. Il contributo \u00e8 cumulabile con eventuali altri contributi od incentivi purch\u00e9 la somma dei contributi assegnati non superi il costo totale del servizio sostenuto dalla famiglia. Al sostegno hanno diritto i cittadini italiani o stranieri (in possesso di regolare titolo di soggiorno) residenti a Limana alla data di presentazione della domanda che deve essere presentata all&#8217;Ente entro le ore 12.00 di venerd\u00ec 15 dicembre 2023.<\/p>\n<p>&#8220;La seconda iniziativa &#8211; continua Bozzolla &#8211; consiste nel sostegno alle spese di trasporto per gli alunni frequentanti la scuola secondaria di secondo grado nell&#8217;anno scolastico 2023\/2024 residenti in zone geografiche lontane dal Capoluogo e non servite dal servizio di trasporto pubblico (zone Coi-Ceresera e Laste-Valmorel-Navenze-Cros)&#8221;. Il contributo, tenuto conto della distanza dal civico di residenza del richiedente alla fermata del trasporto pubblico locale pi\u00f9 prossima, varier\u00e0 dai 100 \u20ac ai 500 \u20ac per nucleo familiare. Al sostegno la giunta ha destinato una somma totale di 5.000 \u20ac. Tutti i dettagli di entrambi i bandi sono disponibili sul sito del Comune.<\/p>\n<p>&#8220;L&#8217;ultimo aiuto, del valore di 9.230 \u20ac &#8211;\u00a0 conclude l&#8217;assessore &#8211; \u00e8 volto ad istituire un&#8217;attivit\u00e0 di &#8216;Doposcuola&#8217;&#8221; per le scuole primaria e secondaria mirato sulla fragilit\u00e0 e sul potenziamento linguistico&#8221;. A ci\u00f2 si provveder\u00e0 mediante incarico ad un operatore economico qualificato a favore degli studenti residenti e\/o frequentanti la Scuola di Limana. L&#8217;iniziativa nasce in collaborazione con l&#8217;Istituto Comprensivo di Trichiana e Limana ed \u00e8 stata recentemente illustrata alle circa 30 famiglie i cui figli potranno beneficiare dell&#8217;intervento.<\/p>\n<p>&#8220;Abbiamo sempre sostenuto attivamente la scuola e l&#8217;istruzione dei ragazzi di Limana &#8211; commenta il sindaco Milena De Zanet &#8211; non solo in questi anni- Abbiamo investito oltre 1,2 milioni in edilizia scolastica, pi\u00f9 di 600.000 \u20ac nella nuova mensa che sta per vedere la luce ed 800.000 \u20ac per la nuova biblioteca che accoglie ogni mese tutte le sezioni delle elementari e delle medie ed anche i pi\u00f9 piccoli degli asili. Oltre a ci\u00f2 garantiamo da sempre un sostegno economico di circa 20.000 \u20ac l&#8217;anno all&#8217;Istituto comprensivo per potenziare l&#8217;offerta formativa e circa 45.000 \u20ac all&#8217;asilo paritario per l&#8217;importante opera educativa che svolge in assenza di sufficienti posti pubblici. Ma in questi tempi di difficolt\u00e0 per i cittadini, oltre che per gli enti locali, cerchiamo comunque di fare uno sforzo ulteriore con sostegni diretti alle famiglie conviti che gli investimenti su giovani e giovanissimi siano tra i pi\u00f9 proficui per la comunit\u00e0&#8221;.<\/p>","protected":false},"excerpt":{"rendered":"<p>Un supporto le famiglie con figli frequentanti l&#8217;asilo nido, un doposcuola ed un sostegno ai costi di trasporto per gli studenti degli istituti superiori: tre importanti aiuti per oltre 37.000 \u20ac Limana, 05 dicembre 2023\u00a0 &#8211;\u00a0\u00a0L&#8217;Amministrazione De Zanet mette in campo tre iniziative volte al sostegno di bambini e studenti e delle loro famiglie. &#8220;La [&hellip;]<\/p>\n","protected":false},"author":2,"featured_media":104940,"comment_status":"closed","ping_status":"open","sticky":false,"template":"","format":"standard","meta":{"footnotes":""},"categories":[5,26],"tags":[],"class_list":["post-146474","post","type-post","status-publish","format-standard","has-post-thumbnail","category-cronaca","category-prima-pagina"],"yoast_head":"<!-- This site is optimized with the Yoast SEO plugin v28.4 - https:\/\/yoast.com\/product\/yoast-seo-wordpress\/ -->\n<title>Limana. La giunta De Zanet approva tre interventi a sostegno dell&#039;istruzione - Bellunopress - Dolomiti<\/title>\n<meta name=\"robots\" content=\"index, follow, max-snippet:-1, max-image-preview:large, max-video-preview:-1\" \/>\n<link rel=\"canonical\" href=\"https:\/\/www.bellunopress.it\/fr\/2023\/12\/05\/limana-la-giunta-de-zanet-approva-tre-interventi-a-sostegno-dellistruzione\/\" \/>\n<meta property=\"og:locale\" content=\"fr_FR\" \/>\n<meta property=\"og:type\" content=\"article\" \/>\n<meta property=\"og:title\" content=\"Limana. La giunta De Zanet approva tre interventi a sostegno dell&#039;istruzione - Bellunopress - Dolomiti\" \/>\n<meta property=\"og:description\" content=\"Un supporto le famiglie con figli frequentanti l&#8217;asilo nido, un doposcuola ed un sostegno ai costi di trasporto per gli studenti degli istituti superiori: tre importanti aiuti per oltre 37.000 \u20ac Limana, 05 dicembre 2023\u00a0 &#8211;\u00a0\u00a0L&#8217;Amministrazione De Zanet mette in campo tre iniziative volte al sostegno di bambini e studenti e delle loro famiglie. &#8220;La [&hellip;]\" \/>\n<meta property=\"og:url\" content=\"https:\/\/www.bellunopress.it\/fr\/2023\/12\/05\/limana-la-giunta-de-zanet-approva-tre-interventi-a-sostegno-dellistruzione\/\" \/>\n<meta property=\"og:site_name\" content=\"Bellunopress - Dolomiti\" \/>\n<meta property=\"article:publisher\" content=\"https:\/\/www.facebook.com\/profile.php?id=100008943462799\" \/>\n<meta property=\"article:published_time\" content=\"2023-12-05T11:06:20+00:00\" \/>\n<meta property=\"og:image\" content=\"https:\/\/www.bellunopress.it\/wp-content\/uploads\/2019\/05\/milena-de-zanet-sindaco-limana.jpg\" \/>\n\t<meta property=\"og:image:width\" content=\"243\" \/>\n\t<meta property=\"og:image:height\" content=\"300\" \/>\n\t<meta property=\"og:image:type\" content=\"image\/jpeg\" \/>\n<meta name=\"author\" content=\"redazione\" \/>\n<meta name=\"twitter:card\" content=\"summary_large_image\" \/>\n<meta name=\"twitter:creator\" content=\"@bellunopress\" \/>\n<meta name=\"twitter:site\" content=\"@bellunopress\" \/>\n<meta name=\"twitter:label1\" content=\"Written by\" \/>\n\t<meta name=\"twitter:data1\" content=\"redazione\" \/>\n\t<meta name=\"twitter:label2\" content=\"Est. reading time\" \/>\n\t<meta name=\"twitter:data2\" content=\"3 minutes\" \/>\n<script type=\"application\/ld+json\" class=\"yoast-schema-graph\">{\"@context\":\"https:\\\/\\\/schema.org\",\"@graph\":[{\"@type\":\"Article\",\"@id\":\"https:\\\/\\\/www.bellunopress.it\\\/2023\\\/12\\\/05\\\/limana-la-giunta-de-zanet-approva-tre-interventi-a-sostegno-dellistruzione\\\/#article\",\"isPartOf\":{\"@id\":\"https:\\\/\\\/www.bellunopress.it\\\/2023\\\/12\\\/05\\\/limana-la-giunta-de-zanet-approva-tre-interventi-a-sostegno-dellistruzione\\\/\"},\"author\":{\"name\":\"redazione\",\"@id\":\"https:\\\/\\\/www.bellunopress.it\\\/#\\\/schema\\\/person\\\/79bb06722b37ece1c03d3e94beb30d73\"},\"headline\":\"Limana. La giunta De Zanet approva tre interventi a sostegno dell&#8217;istruzione\",\"datePublished\":\"2023-12-05T11:06:20+00:00\",\"mainEntityOfPage\":{\"@id\":\"https:\\\/\\\/www.bellunopress.it\\\/2023\\\/12\\\/05\\\/limana-la-giunta-de-zanet-approva-tre-interventi-a-sostegno-dellistruzione\\\/\"},\"wordCount\":561,\"publisher\":{\"@id\":\"https:\\\/\\\/www.bellunopress.it\\\/#organization\"},\"image\":{\"@id\":\"https:\\\/\\\/www.bellunopress.it\\\/2023\\\/12\\\/05\\\/limana-la-giunta-de-zanet-approva-tre-interventi-a-sostegno-dellistruzione\\\/#primaryimage\"},\"thumbnailUrl\":\"https:\\\/\\\/www.bellunopress.it\\\/wp-content\\\/uploads\\\/2019\\\/05\\\/milena-de-zanet-sindaco-limana.jpg\",\"articleSection\":[\"Cronaca\\\/Politica\",\"Prima Pagina\"],\"inLanguage\":\"fr-FR\"},{\"@type\":\"WebPage\",\"@id\":\"https:\\\/\\\/www.bellunopress.it\\\/2023\\\/12\\\/05\\\/limana-la-giunta-de-zanet-approva-tre-interventi-a-sostegno-dellistruzione\\\/\",\"url\":\"https:\\\/\\\/www.bellunopress.it\\\/2023\\\/12\\\/05\\\/limana-la-giunta-de-zanet-approva-tre-interventi-a-sostegno-dellistruzione\\\/\",\"name\":\"Limana. La giunta De Zanet approva tre interventi a sostegno dell'istruzione - Bellunopress - Dolomiti\",\"isPartOf\":{\"@id\":\"https:\\\/\\\/www.bellunopress.it\\\/#website\"},\"primaryImageOfPage\":{\"@id\":\"https:\\\/\\\/www.bellunopress.it\\\/2023\\\/12\\\/05\\\/limana-la-giunta-de-zanet-approva-tre-interventi-a-sostegno-dellistruzione\\\/#primaryimage\"},\"image\":{\"@id\":\"https:\\\/\\\/www.bellunopress.it\\\/2023\\\/12\\\/05\\\/limana-la-giunta-de-zanet-approva-tre-interventi-a-sostegno-dellistruzione\\\/#primaryimage\"},\"thumbnailUrl\":\"https:\\\/\\\/www.bellunopress.it\\\/wp-content\\\/uploads\\\/2019\\\/05\\\/milena-de-zanet-sindaco-limana.jpg\",\"datePublished\":\"2023-12-05T11:06:20+00:00\",\"breadcrumb\":{\"@id\":\"https:\\\/\\\/www.bellunopress.it\\\/2023\\\/12\\\/05\\\/limana-la-giunta-de-zanet-approva-tre-interventi-a-sostegno-dellistruzione\\\/#breadcrumb\"},\"inLanguage\":\"fr-FR\",\"potentialAction\":[{\"@type\":\"ReadAction\",\"target\":[\"https:\\\/\\\/www.bellunopress.it\\\/2023\\\/12\\\/05\\\/limana-la-giunta-de-zanet-approva-tre-interventi-a-sostegno-dellistruzione\\\/\"]}]},{\"@type\":\"ImageObject\",\"inLanguage\":\"fr-FR\",\"@id\":\"https:\\\/\\\/www.bellunopress.it\\\/2023\\\/12\\\/05\\\/limana-la-giunta-de-zanet-approva-tre-interventi-a-sostegno-dellistruzione\\\/#primaryimage\",\"url\":\"https:\\\/\\\/www.bellunopress.it\\\/wp-content\\\/uploads\\\/2019\\\/05\\\/milena-de-zanet-sindaco-limana.jpg\",\"contentUrl\":\"https:\\\/\\\/www.bellunopress.it\\\/wp-content\\\/uploads\\\/2019\\\/05\\\/milena-de-zanet-sindaco-limana.jpg\",\"width\":243,\"height\":300,\"caption\":\"Milena De Zanet, capogruppo Oltre Limana\"},{\"@type\":\"BreadcrumbList\",\"@id\":\"https:\\\/\\\/www.bellunopress.it\\\/2023\\\/12\\\/05\\\/limana-la-giunta-de-zanet-approva-tre-interventi-a-sostegno-dellistruzione\\\/#breadcrumb\",\"itemListElement\":[{\"@type\":\"ListItem\",\"position\":1,\"name\":\"Home\",\"item\":\"https:\\\/\\\/www.bellunopress.it\\\/\"},{\"@type\":\"ListItem\",\"position\":2,\"name\":\"Limana. La giunta De Zanet approva tre interventi a sostegno dell&#8217;istruzione\"}]},{\"@type\":\"WebSite\",\"@id\":\"https:\\\/\\\/www.bellunopress.it\\\/#website\",\"url\":\"https:\\\/\\\/www.bellunopress.it\\\/\",\"name\":\"Bellunopress - Dolomiti\",\"description\":\"e-mail: redazione@bellunopress.it\",\"publisher\":{\"@id\":\"https:\\\/\\\/www.bellunopress.it\\\/#organization\"},\"potentialAction\":[{\"@type\":\"SearchAction\",\"target\":{\"@type\":\"EntryPoint\",\"urlTemplate\":\"https:\\\/\\\/www.bellunopress.it\\\/?s={search_term_string}\"},\"query-input\":{\"@type\":\"PropertyValueSpecification\",\"valueRequired\":true,\"valueName\":\"search_term_string\"}}],\"inLanguage\":\"fr-FR\"},{\"@type\":\"Organization\",\"@id\":\"https:\\\/\\\/www.bellunopress.it\\\/#organization\",\"name\":\"Bellunopress\",\"url\":\"https:\\\/\\\/www.bellunopress.it\\\/\",\"logo\":{\"@type\":\"ImageObject\",\"inLanguage\":\"fr-FR\",\"@id\":\"https:\\\/\\\/www.bellunopress.it\\\/#\\\/schema\\\/logo\\\/image\\\/\",\"url\":\"https:\\\/\\\/www.bellunopress.it\\\/wp-content\\\/uploads\\\/2011\\\/05\\\/cropped-logo-bellunopress-.jpg\",\"contentUrl\":\"https:\\\/\\\/www.bellunopress.it\\\/wp-content\\\/uploads\\\/2011\\\/05\\\/cropped-logo-bellunopress-.jpg\",\"width\":512,\"height\":512,\"caption\":\"Bellunopress\"},\"image\":{\"@id\":\"https:\\\/\\\/www.bellunopress.it\\\/#\\\/schema\\\/logo\\\/image\\\/\"},\"sameAs\":[\"https:\\\/\\\/www.facebook.com\\\/profile.php?id=100008943462799\",\"https:\\\/\\\/x.com\\\/bellunopress\",\"https:\\\/\\\/www.linkedin.com\\\/hp\\\/?dnr=JBzUWaJfMUw8vbXJJ2tVW5-I3jZKvC4wsoxE&amp;amp;amp;amp;amp;amp;trk=nav_responsive_tab_home\",\"https:\\\/\\\/www.youtube.com\\\/channel\\\/UCxL0wu1uN0_3_7hGG0306cw\"]},{\"@type\":\"Person\",\"@id\":\"https:\\\/\\\/www.bellunopress.it\\\/#\\\/schema\\\/person\\\/79bb06722b37ece1c03d3e94beb30d73\",\"name\":\"redazione\",\"image\":{\"@type\":\"ImageObject\",\"inLanguage\":\"fr-FR\",\"@id\":\"https:\\\/\\\/secure.gravatar.com\\\/avatar\\\/37d968a2e67a6fd04c169c4bdef102d0bc5d31b2546345219e348575eb80e9a0?s=96&d=mm&r=g\",\"url\":\"https:\\\/\\\/secure.gravatar.com\\\/avatar\\\/37d968a2e67a6fd04c169c4bdef102d0bc5d31b2546345219e348575eb80e9a0?s=96&d=mm&r=g\",\"contentUrl\":\"https:\\\/\\\/secure.gravatar.com\\\/avatar\\\/37d968a2e67a6fd04c169c4bdef102d0bc5d31b2546345219e348575eb80e9a0?s=96&d=mm&r=g\",\"caption\":\"redazione\"},\"sameAs\":[\"http:\\\/\\\/www.bellunopress.it\",\"https:\\\/\\\/x.com\\\/bellunopress\"],\"url\":\"https:\\\/\\\/www.bellunopress.it\\\/fr\\\/author\\\/redazione\\\/\"}]}<\/script>\n<!-- \/ Yoast SEO plugin. -->","yoast_head_json":{"title":"Limana. La giunta De Zanet approva tre interventi a sostegno dell'istruzione - Bellunopress - Dolomiti","robots":{"index":"index","follow":"follow","max-snippet":"max-snippet:-1","max-image-preview":"max-image-preview:large","max-video-preview":"max-video-preview:-1"},"canonical":"https:\/\/www.bellunopress.it\/fr\/2023\/12\/05\/limana-la-giunta-de-zanet-approva-tre-interventi-a-sostegno-dellistruzione\/","og_locale":"fr_FR","og_type":"article","og_title":"Limana. La giunta De Zanet approva tre interventi a sostegno dell'istruzione - Bellunopress - Dolomiti","og_description":"Un supporto le famiglie con figli frequentanti l&#8217;asilo nido, un doposcuola ed un sostegno ai costi di trasporto per gli studenti degli istituti superiori: tre importanti aiuti per oltre 37.000 \u20ac Limana, 05 dicembre 2023\u00a0 &#8211;\u00a0\u00a0L&#8217;Amministrazione De Zanet mette in campo tre iniziative volte al sostegno di bambini e studenti e delle loro famiglie. &#8220;La [&hellip;]","og_url":"https:\/\/www.bellunopress.it\/fr\/2023\/12\/05\/limana-la-giunta-de-zanet-approva-tre-interventi-a-sostegno-dellistruzione\/","og_site_name":"Bellunopress - Dolomiti","article_publisher":"https:\/\/www.facebook.com\/profile.php?id=100008943462799","article_published_time":"2023-12-05T11:06:20+00:00","og_image":[{"width":243,"height":300,"url":"https:\/\/www.bellunopress.it\/wp-content\/uploads\/2019\/05\/milena-de-zanet-sindaco-limana.jpg","type":"image\/jpeg"}],"author":"redazione","twitter_card":"summary_large_image","twitter_creator":"@bellunopress","twitter_site":"@bellunopress","twitter_misc":{"Written by":"redazione","Est. reading time":"3 minutes"},"schema":{"@context":"https:\/\/schema.org","@graph":[{"@type":"Article","@id":"https:\/\/www.bellunopress.it\/2023\/12\/05\/limana-la-giunta-de-zanet-approva-tre-interventi-a-sostegno-dellistruzione\/#article","isPartOf":{"@id":"https:\/\/www.bellunopress.it\/2023\/12\/05\/limana-la-giunta-de-zanet-approva-tre-interventi-a-sostegno-dellistruzione\/"},"author":{"name":"redazione","@id":"https:\/\/www.bellunopress.it\/#\/schema\/person\/79bb06722b37ece1c03d3e94beb30d73"},"headline":"Limana. La giunta De Zanet approva tre interventi a sostegno dell&#8217;istruzione","datePublished":"2023-12-05T11:06:20+00:00","mainEntityOfPage":{"@id":"https:\/\/www.bellunopress.it\/2023\/12\/05\/limana-la-giunta-de-zanet-approva-tre-interventi-a-sostegno-dellistruzione\/"},"wordCount":561,"publisher":{"@id":"https:\/\/www.bellunopress.it\/#organization"},"image":{"@id":"https:\/\/www.bellunopress.it\/2023\/12\/05\/limana-la-giunta-de-zanet-approva-tre-interventi-a-sostegno-dellistruzione\/#primaryimage"},"thumbnailUrl":"https:\/\/www.bellunopress.it\/wp-content\/uploads\/2019\/05\/milena-de-zanet-sindaco-limana.jpg","articleSection":["Cronaca\/Politica","Prima Pagina"],"inLanguage":"fr-FR"},{"@type":"WebPage","@id":"https:\/\/www.bellunopress.it\/2023\/12\/05\/limana-la-giunta-de-zanet-approva-tre-interventi-a-sostegno-dellistruzione\/","url":"https:\/\/www.bellunopress.it\/2023\/12\/05\/limana-la-giunta-de-zanet-approva-tre-interventi-a-sostegno-dellistruzione\/","name":"Limana. La giunta De Zanet approva tre interventi a sostegno dell'istruzione - Bellunopress - Dolomiti","isPartOf":{"@id":"https:\/\/www.bellunopress.it\/#website"},"primaryImageOfPage":{"@id":"https:\/\/www.bellunopress.it\/2023\/12\/05\/limana-la-giunta-de-zanet-approva-tre-interventi-a-sostegno-dellistruzione\/#primaryimage"},"image":{"@id":"https:\/\/www.bellunopress.it\/2023\/12\/05\/limana-la-giunta-de-zanet-approva-tre-interventi-a-sostegno-dellistruzione\/#primaryimage"},"thumbnailUrl":"https:\/\/www.bellunopress.it\/wp-content\/uploads\/2019\/05\/milena-de-zanet-sindaco-limana.jpg","datePublished":"2023-12-05T11:06:20+00:00","breadcrumb":{"@id":"https:\/\/www.bellunopress.it\/2023\/12\/05\/limana-la-giunta-de-zanet-approva-tre-interventi-a-sostegno-dellistruzione\/#breadcrumb"},"inLanguage":"fr-FR","potentialAction":[{"@type":"ReadAction","target":["https:\/\/www.bellunopress.it\/2023\/12\/05\/limana-la-giunta-de-zanet-approva-tre-interventi-a-sostegno-dellistruzione\/"]}]},{"@type":"ImageObject","inLanguage":"fr-FR","@id":"https:\/\/www.bellunopress.it\/2023\/12\/05\/limana-la-giunta-de-zanet-approva-tre-interventi-a-sostegno-dellistruzione\/#primaryimage","url":"https:\/\/www.bellunopress.it\/wp-content\/uploads\/2019\/05\/milena-de-zanet-sindaco-limana.jpg","contentUrl":"https:\/\/www.bellunopress.it\/wp-content\/uploads\/2019\/05\/milena-de-zanet-sindaco-limana.jpg","width":243,"height":300,"caption":"Milena De Zanet, capogruppo Oltre Limana"},{"@type":"BreadcrumbList","@id":"https:\/\/www.bellunopress.it\/2023\/12\/05\/limana-la-giunta-de-zanet-approva-tre-interventi-a-sostegno-dellistruzione\/#breadcrumb","itemListElement":[{"@type":"ListItem","position":1,"name":"Home","item":"https:\/\/www.bellunopress.it\/"},{"@type":"ListItem","position":2,"name":"Limana. La giunta De Zanet approva tre interventi a sostegno dell&#8217;istruzione"}]},{"@type":"WebSite","@id":"https:\/\/www.bellunopress.it\/#website","url":"https:\/\/www.bellunopress.it\/","name":"Bellunopress - Dolomiti","description":"e-mail: redazione@bellunopress.it","publisher":{"@id":"https:\/\/www.bellunopress.it\/#organization"},"potentialAction":[{"@type":"SearchAction","target":{"@type":"EntryPoint","urlTemplate":"https:\/\/www.bellunopress.it\/?s={search_term_string}"},"query-input":{"@type":"PropertyValueSpecification","valueRequired":true,"valueName":"search_term_string"}}],"inLanguage":"fr-FR"},{"@type":"Organization","@id":"https:\/\/www.bellunopress.it\/#organization","name":"Bellunopress","url":"https:\/\/www.bellunopress.it\/","logo":{"@type":"ImageObject","inLanguage":"fr-FR","@id":"https:\/\/www.bellunopress.it\/#\/schema\/logo\/image\/","url":"https:\/\/www.bellunopress.it\/wp-content\/uploads\/2011\/05\/cropped-logo-bellunopress-.jpg","contentUrl":"https:\/\/www.bellunopress.it\/wp-content\/uploads\/2011\/05\/cropped-logo-bellunopress-.jpg","width":512,"height":512,"caption":"Bellunopress"},"image":{"@id":"https:\/\/www.bellunopress.it\/#\/schema\/logo\/image\/"},"sameAs":["https:\/\/www.facebook.com\/profile.php?id=100008943462799","https:\/\/x.com\/bellunopress","https:\/\/www.linkedin.com\/hp\/?dnr=JBzUWaJfMUw8vbXJJ2tVW5-I3jZKvC4wsoxE&amp;amp;amp;amp;amp;amp;trk=nav_responsive_tab_home","https:\/\/www.youtube.com\/channel\/UCxL0wu1uN0_3_7hGG0306cw"]},{"@type":"Person","@id":"https:\/\/www.bellunopress.it\/#\/schema\/person\/79bb06722b37ece1c03d3e94beb30d73","name":"r\u00e9daction","image":{"@type":"ImageObject","inLanguage":"fr-FR","@id":"https:\/\/secure.gravatar.com\/avatar\/37d968a2e67a6fd04c169c4bdef102d0bc5d31b2546345219e348575eb80e9a0?s=96&d=mm&r=g","url":"https:\/\/secure.gravatar.com\/avatar\/37d968a2e67a6fd04c169c4bdef102d0bc5d31b2546345219e348575eb80e9a0?s=96&d=mm&r=g","contentUrl":"https:\/\/secure.gravatar.com\/avatar\/37d968a2e67a6fd04c169c4bdef102d0bc5d31b2546345219e348575eb80e9a0?s=96&d=mm&r=g","caption":"redazione"},"sameAs":["http:\/\/www.bellunopress.it","https:\/\/x.com\/bellunopress"],"url":"https:\/\/www.bellunopress.it\/fr\/author\/redazione\/"}]}},"_links":{"self":[{"href":"https:\/\/www.bellunopress.it\/fr\/wp-json\/wp\/v2\/posts\/146474","targetHints":{"allow":["GET"]}}],"collection":[{"href":"https:\/\/www.bellunopress.it\/fr\/wp-json\/wp\/v2\/posts"}],"about":[{"href":"https:\/\/www.bellunopress.it\/fr\/wp-json\/wp\/v2\/types\/post"}],"author":[{"embeddable":true,"href":"https:\/\/www.bellunopress.it\/fr\/wp-json\/wp\/v2\/users\/2"}],"replies":[{"embeddable":true,"href":"https:\/\/www.bellunopress.it\/fr\/wp-json\/wp\/v2\/comments?post=146474"}],"version-history":[{"count":1,"href":"https:\/\/www.bellunopress.it\/fr\/wp-json\/wp\/v2\/posts\/146474\/revisions"}],"predecessor-version":[{"id":146475,"href":"https:\/\/www.bellunopress.it\/fr\/wp-json\/wp\/v2\/posts\/146474\/revisions\/146475"}],"wp:featuredmedia":[{"embeddable":true,"href":"https:\/\/www.bellunopress.it\/fr\/wp-json\/wp\/v2\/media\/104940"}],"wp:attachment":[{"href":"https:\/\/www.bellunopress.it\/fr\/wp-json\/wp\/v2\/media?parent=146474"}],"wp:term":[{"taxonomy":"category","embeddable":true,"href":"https:\/\/www.bellunopress.it\/fr\/wp-json\/wp\/v2\/categories?post=146474"},{"taxonomy":"post_tag","embeddable":true,"href":"https:\/\/www.bellunopress.it\/fr\/wp-json\/wp\/v2\/tags?post=146474"}],"curies":[{"name":"wp","href":"https:\/\/api.w.org\/{rel}","templated":true}]}}