{"id":146465,"date":"2023-12-04T19:50:49","date_gmt":"2023-12-04T18:50:49","guid":{"rendered":"https:\/\/www.bellunopress.it\/?p=146465"},"modified":"2023-12-04T19:50:49","modified_gmt":"2023-12-04T18:50:49","slug":"fiscalita-zone-montane-padrin-ha-ragione-il-presidente-mattarella-bisogna-affrontare-la-questione-per-dare-un-futuro-solido-alle-terre-alte","status":"publish","type":"post","link":"https:\/\/www.bellunopress.it\/fr\/2023\/12\/04\/fiscalita-zone-montane-padrin-ha-ragione-il-presidente-mattarella-bisogna-affrontare-la-questione-per-dare-un-futuro-solido-alle-terre-alte\/","title":{"rendered":"Fiscalit\u00e0 zone montane, Padrin: \u00abHa ragione il presidente Mattarella, bisogna affrontare la questione per dare un futuro solido alle terre alte\u00bb"},"content":{"rendered":"<p><img loading=\"lazy\" decoding=\"async\" class=\"alignleft size-full wp-image-144899\" src=\"https:\/\/www.bellunopress.it\/wp-content\/uploads\/2023\/10\/Roberto-Padrin-1.jpg\" alt=\"\" width=\"553\" height=\"466\" srcset=\"https:\/\/www.bellunopress.it\/wp-content\/uploads\/2023\/10\/Roberto-Padrin-1.jpg 553w, https:\/\/www.bellunopress.it\/wp-content\/uploads\/2023\/10\/Roberto-Padrin-1-500x421.jpg 500w\" sizes=\"auto, (max-width: 553px) 100vw, 553px\" \/>\u00abLa strategia per la montagna \u00e8 una priorit\u00e0, non solo per le terre alte, ma per l\u2019intero Paese dato che le aree montane sono un ecosistema ambientale e sociale funzionale anche alle aree di pianura e metropolitane. Ottimo quindi l\u2019intervento del presidente Mattarella\u00bb. \u00c8 quanto afferma il presidente della Provincia di Belluno Roberto Padrin, commentando le dichiarazioni del Capo dello Stato a margine dell\u2019incontro con Uncem al Quirinale.<\/p>\n<p>\u00abIl presidente Mattarella ha rilanciato la necessit\u00e0 di accelerare sulla \u201cStrategia per la montagna\u201d e di spingere per una fiscalit\u00e0 differenziata per le aree montane. Da tempo diciamo che la montagna, visti i costi superiori per mantenere i servizi, ha bisogno di un incentivo o di un differenziale. E le parole del Capo dello Stato vanno proprio in questa direzione\u00bb.<\/p>\n<p>\u00abAvverto con grande positivit\u00e0 che da un po\u2019 di tempo a questa parte la montagna \u00e8 di nuovo al centro dell\u2019agenda politica, con una rinnovata attenzione che non pu\u00f2 che far bene alle terre alte. Lo spopolamento che stiamo vivendo ormai da decenni pu\u00f2 essere contrastato con strumenti efficaci\u00bb conclude Padrin. \u00abL\u2019augurio \u00e8 che si possa passare dalle parole ai fatti in tempi brevi\u00bb.<\/p>","protected":false},"excerpt":{"rendered":"<p>\u00abLa strategia per la montagna \u00e8 una priorit\u00e0, non solo per le terre alte, ma per l\u2019intero Paese dato che le aree montane sono un ecosistema ambientale e sociale funzionale anche alle aree di pianura e metropolitane. Ottimo quindi l\u2019intervento del presidente Mattarella\u00bb. \u00c8 quanto afferma il presidente della Provincia di Belluno Roberto Padrin, commentando [&hellip;]<\/p>\n","protected":false},"author":2,"featured_media":144900,"comment_status":"closed","ping_status":"open","sticky":false,"template":"","format":"standard","meta":{"footnotes":""},"categories":[5,26,8],"tags":[],"class_list":["post-146465","post","type-post","status-publish","format-standard","has-post-thumbnail","category-cronaca","category-prima-pagina","category-societa-istituzioni"],"yoast_head":"<!-- This site is optimized with the Yoast SEO plugin v28.4 - https:\/\/yoast.com\/product\/yoast-seo-wordpress\/ -->\n<title>Fiscalit\u00e0 zone montane, Padrin: \u00abHa ragione il presidente Mattarella, bisogna affrontare la questione per dare un futuro solido alle terre alte\u00bb - Bellunopress - Dolomiti<\/title>\n<meta name=\"robots\" content=\"index, follow, max-snippet:-1, max-image-preview:large, max-video-preview:-1\" \/>\n<link rel=\"canonical\" href=\"https:\/\/www.bellunopress.it\/fr\/2023\/12\/04\/fiscalita-zone-montane-padrin-ha-ragione-il-presidente-mattarella-bisogna-affrontare-la-questione-per-dare-un-futuro-solido-alle-terre-alte\/\" \/>\n<meta property=\"og:locale\" content=\"fr_FR\" \/>\n<meta property=\"og:type\" content=\"article\" \/>\n<meta property=\"og:title\" content=\"Fiscalit\u00e0 zone montane, Padrin: \u00abHa ragione il presidente Mattarella, bisogna affrontare la questione per dare un futuro solido alle terre alte\u00bb - Bellunopress - Dolomiti\" \/>\n<meta property=\"og:description\" content=\"\u00abLa strategia per la montagna \u00e8 una priorit\u00e0, non solo per le terre alte, ma per l\u2019intero Paese dato che le aree montane sono un ecosistema ambientale e sociale funzionale anche alle aree di pianura e metropolitane. Ottimo quindi l\u2019intervento del presidente Mattarella\u00bb. \u00c8 quanto afferma il presidente della Provincia di Belluno Roberto Padrin, commentando [&hellip;]\" \/>\n<meta property=\"og:url\" content=\"https:\/\/www.bellunopress.it\/fr\/2023\/12\/04\/fiscalita-zone-montane-padrin-ha-ragione-il-presidente-mattarella-bisogna-affrontare-la-questione-per-dare-un-futuro-solido-alle-terre-alte\/\" \/>\n<meta property=\"og:site_name\" content=\"Bellunopress - Dolomiti\" \/>\n<meta property=\"article:publisher\" content=\"https:\/\/www.facebook.com\/profile.php?id=100008943462799\" \/>\n<meta property=\"article:published_time\" content=\"2023-12-04T18:50:49+00:00\" \/>\n<meta property=\"og:image\" content=\"https:\/\/www.bellunopress.it\/wp-content\/uploads\/2023\/10\/Roberto-Padrin.jpg\" \/>\n\t<meta property=\"og:image:width\" content=\"893\" \/>\n\t<meta property=\"og:image:height\" content=\"1000\" \/>\n\t<meta property=\"og:image:type\" content=\"image\/jpeg\" \/>\n<meta name=\"author\" content=\"redazione\" \/>\n<meta name=\"twitter:card\" content=\"summary_large_image\" \/>\n<meta name=\"twitter:creator\" content=\"@bellunopress\" \/>\n<meta name=\"twitter:site\" content=\"@bellunopress\" \/>\n<meta name=\"twitter:label1\" content=\"\u00c9crit par\" \/>\n\t<meta name=\"twitter:data1\" content=\"redazione\" \/>\n\t<meta name=\"twitter:label2\" content=\"Dur\u00e9e de lecture estim\u00e9e\" \/>\n\t<meta name=\"twitter:data2\" content=\"1 minute\" \/>\n<script type=\"application\/ld+json\" class=\"yoast-schema-graph\">{\"@context\":\"https:\\\/\\\/schema.org\",\"@graph\":[{\"@type\":\"Article\",\"@id\":\"https:\\\/\\\/www.bellunopress.it\\\/2023\\\/12\\\/04\\\/fiscalita-zone-montane-padrin-ha-ragione-il-presidente-mattarella-bisogna-affrontare-la-questione-per-dare-un-futuro-solido-alle-terre-alte\\\/#article\",\"isPartOf\":{\"@id\":\"https:\\\/\\\/www.bellunopress.it\\\/2023\\\/12\\\/04\\\/fiscalita-zone-montane-padrin-ha-ragione-il-presidente-mattarella-bisogna-affrontare-la-questione-per-dare-un-futuro-solido-alle-terre-alte\\\/\"},\"author\":{\"name\":\"redazione\",\"@id\":\"https:\\\/\\\/www.bellunopress.it\\\/#\\\/schema\\\/person\\\/79bb06722b37ece1c03d3e94beb30d73\"},\"headline\":\"Fiscalit\u00e0 zone montane, Padrin: \u00abHa ragione il presidente Mattarella, bisogna affrontare la questione per dare un futuro solido alle terre alte\u00bb\",\"datePublished\":\"2023-12-04T18:50:49+00:00\",\"mainEntityOfPage\":{\"@id\":\"https:\\\/\\\/www.bellunopress.it\\\/2023\\\/12\\\/04\\\/fiscalita-zone-montane-padrin-ha-ragione-il-presidente-mattarella-bisogna-affrontare-la-questione-per-dare-un-futuro-solido-alle-terre-alte\\\/\"},\"wordCount\":214,\"publisher\":{\"@id\":\"https:\\\/\\\/www.bellunopress.it\\\/#organization\"},\"image\":{\"@id\":\"https:\\\/\\\/www.bellunopress.it\\\/2023\\\/12\\\/04\\\/fiscalita-zone-montane-padrin-ha-ragione-il-presidente-mattarella-bisogna-affrontare-la-questione-per-dare-un-futuro-solido-alle-terre-alte\\\/#primaryimage\"},\"thumbnailUrl\":\"https:\\\/\\\/www.bellunopress.it\\\/wp-content\\\/uploads\\\/2023\\\/10\\\/Roberto-Padrin.jpg\",\"articleSection\":[\"Cronaca\\\/Politica\",\"Prima Pagina\",\"Societ\u00e0, Associazioni, Istituzioni\"],\"inLanguage\":\"fr-FR\"},{\"@type\":\"WebPage\",\"@id\":\"https:\\\/\\\/www.bellunopress.it\\\/2023\\\/12\\\/04\\\/fiscalita-zone-montane-padrin-ha-ragione-il-presidente-mattarella-bisogna-affrontare-la-questione-per-dare-un-futuro-solido-alle-terre-alte\\\/\",\"url\":\"https:\\\/\\\/www.bellunopress.it\\\/2023\\\/12\\\/04\\\/fiscalita-zone-montane-padrin-ha-ragione-il-presidente-mattarella-bisogna-affrontare-la-questione-per-dare-un-futuro-solido-alle-terre-alte\\\/\",\"name\":\"Fiscalit\u00e0 zone montane, Padrin: \u00abHa ragione il presidente Mattarella, bisogna affrontare la questione per dare un futuro solido alle terre alte\u00bb - Bellunopress - Dolomiti\",\"isPartOf\":{\"@id\":\"https:\\\/\\\/www.bellunopress.it\\\/#website\"},\"primaryImageOfPage\":{\"@id\":\"https:\\\/\\\/www.bellunopress.it\\\/2023\\\/12\\\/04\\\/fiscalita-zone-montane-padrin-ha-ragione-il-presidente-mattarella-bisogna-affrontare-la-questione-per-dare-un-futuro-solido-alle-terre-alte\\\/#primaryimage\"},\"image\":{\"@id\":\"https:\\\/\\\/www.bellunopress.it\\\/2023\\\/12\\\/04\\\/fiscalita-zone-montane-padrin-ha-ragione-il-presidente-mattarella-bisogna-affrontare-la-questione-per-dare-un-futuro-solido-alle-terre-alte\\\/#primaryimage\"},\"thumbnailUrl\":\"https:\\\/\\\/www.bellunopress.it\\\/wp-content\\\/uploads\\\/2023\\\/10\\\/Roberto-Padrin.jpg\",\"datePublished\":\"2023-12-04T18:50:49+00:00\",\"breadcrumb\":{\"@id\":\"https:\\\/\\\/www.bellunopress.it\\\/2023\\\/12\\\/04\\\/fiscalita-zone-montane-padrin-ha-ragione-il-presidente-mattarella-bisogna-affrontare-la-questione-per-dare-un-futuro-solido-alle-terre-alte\\\/#breadcrumb\"},\"inLanguage\":\"fr-FR\",\"potentialAction\":[{\"@type\":\"ReadAction\",\"target\":[\"https:\\\/\\\/www.bellunopress.it\\\/2023\\\/12\\\/04\\\/fiscalita-zone-montane-padrin-ha-ragione-il-presidente-mattarella-bisogna-affrontare-la-questione-per-dare-un-futuro-solido-alle-terre-alte\\\/\"]}]},{\"@type\":\"ImageObject\",\"inLanguage\":\"fr-FR\",\"@id\":\"https:\\\/\\\/www.bellunopress.it\\\/2023\\\/12\\\/04\\\/fiscalita-zone-montane-padrin-ha-ragione-il-presidente-mattarella-bisogna-affrontare-la-questione-per-dare-un-futuro-solido-alle-terre-alte\\\/#primaryimage\",\"url\":\"https:\\\/\\\/www.bellunopress.it\\\/wp-content\\\/uploads\\\/2023\\\/10\\\/Roberto-Padrin.jpg\",\"contentUrl\":\"https:\\\/\\\/www.bellunopress.it\\\/wp-content\\\/uploads\\\/2023\\\/10\\\/Roberto-Padrin.jpg\",\"width\":893,\"height\":1000},{\"@type\":\"BreadcrumbList\",\"@id\":\"https:\\\/\\\/www.bellunopress.it\\\/2023\\\/12\\\/04\\\/fiscalita-zone-montane-padrin-ha-ragione-il-presidente-mattarella-bisogna-affrontare-la-questione-per-dare-un-futuro-solido-alle-terre-alte\\\/#breadcrumb\",\"itemListElement\":[{\"@type\":\"ListItem\",\"position\":1,\"name\":\"Home\",\"item\":\"https:\\\/\\\/www.bellunopress.it\\\/\"},{\"@type\":\"ListItem\",\"position\":2,\"name\":\"Fiscalit\u00e0 zone montane, Padrin: \u00abHa ragione il presidente Mattarella, bisogna affrontare la questione per dare un futuro solido alle terre alte\u00bb\"}]},{\"@type\":\"WebSite\",\"@id\":\"https:\\\/\\\/www.bellunopress.it\\\/#website\",\"url\":\"https:\\\/\\\/www.bellunopress.it\\\/\",\"name\":\"Bellunopress - Dolomiti\",\"description\":\"e-mail: redazione@bellunopress.it\",\"publisher\":{\"@id\":\"https:\\\/\\\/www.bellunopress.it\\\/#organization\"},\"potentialAction\":[{\"@type\":\"SearchAction\",\"target\":{\"@type\":\"EntryPoint\",\"urlTemplate\":\"https:\\\/\\\/www.bellunopress.it\\\/?s={search_term_string}\"},\"query-input\":{\"@type\":\"PropertyValueSpecification\",\"valueRequired\":true,\"valueName\":\"search_term_string\"}}],\"inLanguage\":\"fr-FR\"},{\"@type\":\"Organization\",\"@id\":\"https:\\\/\\\/www.bellunopress.it\\\/#organization\",\"name\":\"Bellunopress\",\"url\":\"https:\\\/\\\/www.bellunopress.it\\\/\",\"logo\":{\"@type\":\"ImageObject\",\"inLanguage\":\"fr-FR\",\"@id\":\"https:\\\/\\\/www.bellunopress.it\\\/#\\\/schema\\\/logo\\\/image\\\/\",\"url\":\"https:\\\/\\\/www.bellunopress.it\\\/wp-content\\\/uploads\\\/2011\\\/05\\\/cropped-logo-bellunopress-.jpg\",\"contentUrl\":\"https:\\\/\\\/www.bellunopress.it\\\/wp-content\\\/uploads\\\/2011\\\/05\\\/cropped-logo-bellunopress-.jpg\",\"width\":512,\"height\":512,\"caption\":\"Bellunopress\"},\"image\":{\"@id\":\"https:\\\/\\\/www.bellunopress.it\\\/#\\\/schema\\\/logo\\\/image\\\/\"},\"sameAs\":[\"https:\\\/\\\/www.facebook.com\\\/profile.php?id=100008943462799\",\"https:\\\/\\\/x.com\\\/bellunopress\",\"https:\\\/\\\/www.linkedin.com\\\/hp\\\/?dnr=JBzUWaJfMUw8vbXJJ2tVW5-I3jZKvC4wsoxE&amp;amp;amp;amp;amp;amp;trk=nav_responsive_tab_home\",\"https:\\\/\\\/www.youtube.com\\\/channel\\\/UCxL0wu1uN0_3_7hGG0306cw\"]},{\"@type\":\"Person\",\"@id\":\"https:\\\/\\\/www.bellunopress.it\\\/#\\\/schema\\\/person\\\/79bb06722b37ece1c03d3e94beb30d73\",\"name\":\"redazione\",\"image\":{\"@type\":\"ImageObject\",\"inLanguage\":\"fr-FR\",\"@id\":\"https:\\\/\\\/secure.gravatar.com\\\/avatar\\\/37d968a2e67a6fd04c169c4bdef102d0bc5d31b2546345219e348575eb80e9a0?s=96&d=mm&r=g\",\"url\":\"https:\\\/\\\/secure.gravatar.com\\\/avatar\\\/37d968a2e67a6fd04c169c4bdef102d0bc5d31b2546345219e348575eb80e9a0?s=96&d=mm&r=g\",\"contentUrl\":\"https:\\\/\\\/secure.gravatar.com\\\/avatar\\\/37d968a2e67a6fd04c169c4bdef102d0bc5d31b2546345219e348575eb80e9a0?s=96&d=mm&r=g\",\"caption\":\"redazione\"},\"sameAs\":[\"http:\\\/\\\/www.bellunopress.it\",\"https:\\\/\\\/x.com\\\/bellunopress\"],\"url\":\"https:\\\/\\\/www.bellunopress.it\\\/fr\\\/author\\\/redazione\\\/\"}]}<\/script>\n<!-- \/ Yoast SEO plugin. -->","yoast_head_json":{"title":"Fiscalit\u00e0 zone montane, Padrin: \u00abHa ragione il presidente Mattarella, bisogna affrontare la questione per dare un futuro solido alle terre alte\u00bb - Bellunopress - Dolomiti","robots":{"index":"index","follow":"follow","max-snippet":"max-snippet:-1","max-image-preview":"max-image-preview:large","max-video-preview":"max-video-preview:-1"},"canonical":"https:\/\/www.bellunopress.it\/fr\/2023\/12\/04\/fiscalita-zone-montane-padrin-ha-ragione-il-presidente-mattarella-bisogna-affrontare-la-questione-per-dare-un-futuro-solido-alle-terre-alte\/","og_locale":"fr_FR","og_type":"article","og_title":"Fiscalit\u00e0 zone montane, Padrin: \u00abHa ragione il presidente Mattarella, bisogna affrontare la questione per dare un futuro solido alle terre alte\u00bb - Bellunopress - Dolomiti","og_description":"\u00abLa strategia per la montagna \u00e8 una priorit\u00e0, non solo per le terre alte, ma per l\u2019intero Paese dato che le aree montane sono un ecosistema ambientale e sociale funzionale anche alle aree di pianura e metropolitane. Ottimo quindi l\u2019intervento del presidente Mattarella\u00bb. \u00c8 quanto afferma il presidente della Provincia di Belluno Roberto Padrin, commentando [&hellip;]","og_url":"https:\/\/www.bellunopress.it\/fr\/2023\/12\/04\/fiscalita-zone-montane-padrin-ha-ragione-il-presidente-mattarella-bisogna-affrontare-la-questione-per-dare-un-futuro-solido-alle-terre-alte\/","og_site_name":"Bellunopress - Dolomiti","article_publisher":"https:\/\/www.facebook.com\/profile.php?id=100008943462799","article_published_time":"2023-12-04T18:50:49+00:00","og_image":[{"width":893,"height":1000,"url":"https:\/\/www.bellunopress.it\/wp-content\/uploads\/2023\/10\/Roberto-Padrin.jpg","type":"image\/jpeg"}],"author":"redazione","twitter_card":"summary_large_image","twitter_creator":"@bellunopress","twitter_site":"@bellunopress","twitter_misc":{"\u00c9crit par":"redazione","Dur\u00e9e de lecture estim\u00e9e":"1 minute"},"schema":{"@context":"https:\/\/schema.org","@graph":[{"@type":"Article","@id":"https:\/\/www.bellunopress.it\/2023\/12\/04\/fiscalita-zone-montane-padrin-ha-ragione-il-presidente-mattarella-bisogna-affrontare-la-questione-per-dare-un-futuro-solido-alle-terre-alte\/#article","isPartOf":{"@id":"https:\/\/www.bellunopress.it\/2023\/12\/04\/fiscalita-zone-montane-padrin-ha-ragione-il-presidente-mattarella-bisogna-affrontare-la-questione-per-dare-un-futuro-solido-alle-terre-alte\/"},"author":{"name":"redazione","@id":"https:\/\/www.bellunopress.it\/#\/schema\/person\/79bb06722b37ece1c03d3e94beb30d73"},"headline":"Fiscalit\u00e0 zone montane, Padrin: \u00abHa ragione il presidente Mattarella, bisogna affrontare la questione per dare un futuro solido alle terre alte\u00bb","datePublished":"2023-12-04T18:50:49+00:00","mainEntityOfPage":{"@id":"https:\/\/www.bellunopress.it\/2023\/12\/04\/fiscalita-zone-montane-padrin-ha-ragione-il-presidente-mattarella-bisogna-affrontare-la-questione-per-dare-un-futuro-solido-alle-terre-alte\/"},"wordCount":214,"publisher":{"@id":"https:\/\/www.bellunopress.it\/#organization"},"image":{"@id":"https:\/\/www.bellunopress.it\/2023\/12\/04\/fiscalita-zone-montane-padrin-ha-ragione-il-presidente-mattarella-bisogna-affrontare-la-questione-per-dare-un-futuro-solido-alle-terre-alte\/#primaryimage"},"thumbnailUrl":"https:\/\/www.bellunopress.it\/wp-content\/uploads\/2023\/10\/Roberto-Padrin.jpg","articleSection":["Cronaca\/Politica","Prima Pagina","Societ\u00e0, Associazioni, Istituzioni"],"inLanguage":"fr-FR"},{"@type":"WebPage","@id":"https:\/\/www.bellunopress.it\/2023\/12\/04\/fiscalita-zone-montane-padrin-ha-ragione-il-presidente-mattarella-bisogna-affrontare-la-questione-per-dare-un-futuro-solido-alle-terre-alte\/","url":"https:\/\/www.bellunopress.it\/2023\/12\/04\/fiscalita-zone-montane-padrin-ha-ragione-il-presidente-mattarella-bisogna-affrontare-la-questione-per-dare-un-futuro-solido-alle-terre-alte\/","name":"Fiscalit\u00e0 zone montane, Padrin: \u00abHa ragione il presidente Mattarella, bisogna affrontare la questione per dare un futuro solido alle terre alte\u00bb - Bellunopress - Dolomiti","isPartOf":{"@id":"https:\/\/www.bellunopress.it\/#website"},"primaryImageOfPage":{"@id":"https:\/\/www.bellunopress.it\/2023\/12\/04\/fiscalita-zone-montane-padrin-ha-ragione-il-presidente-mattarella-bisogna-affrontare-la-questione-per-dare-un-futuro-solido-alle-terre-alte\/#primaryimage"},"image":{"@id":"https:\/\/www.bellunopress.it\/2023\/12\/04\/fiscalita-zone-montane-padrin-ha-ragione-il-presidente-mattarella-bisogna-affrontare-la-questione-per-dare-un-futuro-solido-alle-terre-alte\/#primaryimage"},"thumbnailUrl":"https:\/\/www.bellunopress.it\/wp-content\/uploads\/2023\/10\/Roberto-Padrin.jpg","datePublished":"2023-12-04T18:50:49+00:00","breadcrumb":{"@id":"https:\/\/www.bellunopress.it\/2023\/12\/04\/fiscalita-zone-montane-padrin-ha-ragione-il-presidente-mattarella-bisogna-affrontare-la-questione-per-dare-un-futuro-solido-alle-terre-alte\/#breadcrumb"},"inLanguage":"fr-FR","potentialAction":[{"@type":"ReadAction","target":["https:\/\/www.bellunopress.it\/2023\/12\/04\/fiscalita-zone-montane-padrin-ha-ragione-il-presidente-mattarella-bisogna-affrontare-la-questione-per-dare-un-futuro-solido-alle-terre-alte\/"]}]},{"@type":"ImageObject","inLanguage":"fr-FR","@id":"https:\/\/www.bellunopress.it\/2023\/12\/04\/fiscalita-zone-montane-padrin-ha-ragione-il-presidente-mattarella-bisogna-affrontare-la-questione-per-dare-un-futuro-solido-alle-terre-alte\/#primaryimage","url":"https:\/\/www.bellunopress.it\/wp-content\/uploads\/2023\/10\/Roberto-Padrin.jpg","contentUrl":"https:\/\/www.bellunopress.it\/wp-content\/uploads\/2023\/10\/Roberto-Padrin.jpg","width":893,"height":1000},{"@type":"BreadcrumbList","@id":"https:\/\/www.bellunopress.it\/2023\/12\/04\/fiscalita-zone-montane-padrin-ha-ragione-il-presidente-mattarella-bisogna-affrontare-la-questione-per-dare-un-futuro-solido-alle-terre-alte\/#breadcrumb","itemListElement":[{"@type":"ListItem","position":1,"name":"Home","item":"https:\/\/www.bellunopress.it\/"},{"@type":"ListItem","position":2,"name":"Fiscalit\u00e0 zone montane, Padrin: \u00abHa ragione il presidente Mattarella, bisogna affrontare la questione per dare un futuro solido alle terre alte\u00bb"}]},{"@type":"WebSite","@id":"https:\/\/www.bellunopress.it\/#website","url":"https:\/\/www.bellunopress.it\/","name":"Bellunopress - Dolomiti","description":"e-mail: redazione@bellunopress.it","publisher":{"@id":"https:\/\/www.bellunopress.it\/#organization"},"potentialAction":[{"@type":"SearchAction","target":{"@type":"EntryPoint","urlTemplate":"https:\/\/www.bellunopress.it\/?s={search_term_string}"},"query-input":{"@type":"PropertyValueSpecification","valueRequired":true,"valueName":"search_term_string"}}],"inLanguage":"fr-FR"},{"@type":"Organization","@id":"https:\/\/www.bellunopress.it\/#organization","name":"Bellunopress","url":"https:\/\/www.bellunopress.it\/","logo":{"@type":"ImageObject","inLanguage":"fr-FR","@id":"https:\/\/www.bellunopress.it\/#\/schema\/logo\/image\/","url":"https:\/\/www.bellunopress.it\/wp-content\/uploads\/2011\/05\/cropped-logo-bellunopress-.jpg","contentUrl":"https:\/\/www.bellunopress.it\/wp-content\/uploads\/2011\/05\/cropped-logo-bellunopress-.jpg","width":512,"height":512,"caption":"Bellunopress"},"image":{"@id":"https:\/\/www.bellunopress.it\/#\/schema\/logo\/image\/"},"sameAs":["https:\/\/www.facebook.com\/profile.php?id=100008943462799","https:\/\/x.com\/bellunopress","https:\/\/www.linkedin.com\/hp\/?dnr=JBzUWaJfMUw8vbXJJ2tVW5-I3jZKvC4wsoxE&amp;amp;amp;amp;amp;amp;trk=nav_responsive_tab_home","https:\/\/www.youtube.com\/channel\/UCxL0wu1uN0_3_7hGG0306cw"]},{"@type":"Person","@id":"https:\/\/www.bellunopress.it\/#\/schema\/person\/79bb06722b37ece1c03d3e94beb30d73","name":"r\u00e9daction","image":{"@type":"ImageObject","inLanguage":"fr-FR","@id":"https:\/\/secure.gravatar.com\/avatar\/37d968a2e67a6fd04c169c4bdef102d0bc5d31b2546345219e348575eb80e9a0?s=96&d=mm&r=g","url":"https:\/\/secure.gravatar.com\/avatar\/37d968a2e67a6fd04c169c4bdef102d0bc5d31b2546345219e348575eb80e9a0?s=96&d=mm&r=g","contentUrl":"https:\/\/secure.gravatar.com\/avatar\/37d968a2e67a6fd04c169c4bdef102d0bc5d31b2546345219e348575eb80e9a0?s=96&d=mm&r=g","caption":"redazione"},"sameAs":["http:\/\/www.bellunopress.it","https:\/\/x.com\/bellunopress"],"url":"https:\/\/www.bellunopress.it\/fr\/author\/redazione\/"}]}},"_links":{"self":[{"href":"https:\/\/www.bellunopress.it\/fr\/wp-json\/wp\/v2\/posts\/146465","targetHints":{"allow":["GET"]}}],"collection":[{"href":"https:\/\/www.bellunopress.it\/fr\/wp-json\/wp\/v2\/posts"}],"about":[{"href":"https:\/\/www.bellunopress.it\/fr\/wp-json\/wp\/v2\/types\/post"}],"author":[{"embeddable":true,"href":"https:\/\/www.bellunopress.it\/fr\/wp-json\/wp\/v2\/users\/2"}],"replies":[{"embeddable":true,"href":"https:\/\/www.bellunopress.it\/fr\/wp-json\/wp\/v2\/comments?post=146465"}],"version-history":[{"count":1,"href":"https:\/\/www.bellunopress.it\/fr\/wp-json\/wp\/v2\/posts\/146465\/revisions"}],"predecessor-version":[{"id":146466,"href":"https:\/\/www.bellunopress.it\/fr\/wp-json\/wp\/v2\/posts\/146465\/revisions\/146466"}],"wp:featuredmedia":[{"embeddable":true,"href":"https:\/\/www.bellunopress.it\/fr\/wp-json\/wp\/v2\/media\/144900"}],"wp:attachment":[{"href":"https:\/\/www.bellunopress.it\/fr\/wp-json\/wp\/v2\/media?parent=146465"}],"wp:term":[{"taxonomy":"category","embeddable":true,"href":"https:\/\/www.bellunopress.it\/fr\/wp-json\/wp\/v2\/categories?post=146465"},{"taxonomy":"post_tag","embeddable":true,"href":"https:\/\/www.bellunopress.it\/fr\/wp-json\/wp\/v2\/tags?post=146465"}],"curies":[{"name":"wp","href":"https:\/\/api.w.org\/{rel}","templated":true}]}}